{"id":11128,"date":"2021-05-01T13:25:59","date_gmt":"2021-05-01T11:25:59","guid":{"rendered":"https:\/\/www.veritatemincaritate.com\/?p=11128"},"modified":"2026-07-02T17:40:31","modified_gmt":"2026-07-02T15:40:31","slug":"la-guardia-donore-al-sacro-cuore-di-gesu","status":"publish","type":"post","link":"https:\/\/www.veritatemincaritate.com\/wp\/2021\/05\/la-guardia-donore-al-sacro-cuore-di-gesu\/","title":{"rendered":"La Guardia d&#8217;Onore al Sacro Cuore di Ges\u00f9"},"content":{"rendered":"<div class=\"wpb-content-wrapper\" id=\"wpb-content-root\"><p>[vc_row][vc_column][vc_column_text css=&#8221;&#8221;]<\/p>\n<h2 style=\"text-align: center; color: #ff0000; margin-bottom: 20px;\">L&#8217;ASSOCIAZIONE DELLA GUARDIA D&#8217;ONORE AL SACRO CUORE<\/h2>\n<h5 style=\"color: #222; font-size: 1.2em; border-bottom: 1px solid #ccc; padding-bottom: 5px; margin-top: 20px;\">ORIGINE<\/h5>\n<p>Fu ispirata da Ges\u00f9 alla Serva di Dio Sr. Maria Bernaud del S. Cuore e cominci\u00f2 ad esser praticata nel Monastero della Visitazione in Bourg (Francia) il 13 marzo 1863, terzo venerd\u00ec di Quaresima.<\/p>\n<p>Leone Xlll la dichiar\u00f2 Arciconfraternita per la Francia e per il Belgio il 26 Novembre 1878.<\/p>\n<p>Nell\u2019anno 1871 il camilliano P. Giovanni Baccichetti la trapiant\u00f2 in Italia e pose la Sede nella Parrocchia dei SS. Vincenzo ed Anastasio a Fontana di Trevi, all\u2019epoca affidata ai Camilliani. Il 18 Luglio 1879 da Leone XIII venne elevata ad Arciconfraternita per l&#8217;Italia e le Nazioni prive di una propria Direzione generale.<\/p>\n<p>Nel maggio del 1910, creata per volere di Papa Pio X la nuova Parrocchia dedicata a S. Camillo agli Orti Sallustiani, i Camilliani si trasferirono qui stabilendo definitivamente in essa la Direzione Centrale.<\/p>\n<div style=\"background-color: #f7f7f7; border-left: 4px solid #777; padding: 15px; margin: 20px 0;\"><strong style=\"font-size: 1.1em; display: block; margin-bottom: 5px;\">FINE<\/strong><br \/>\nConsolare il S. Cuore di Ges\u00f9 trafitto un d\u00ec sulla Croce, oggi dalla dimenticanza e dall&#8217;ingratitudine degli uomini, rendendogli un culto di Gloria, di Amore e di Riparazione perpetuo di ora in ora dalle Guardie d&#8217;Onore di tutto il mondo.<\/div>\n<div style=\"background-color: #f7f7f7; border-left: 4px solid #777; padding: 15px; margin: 20px 0;\">\n<p><strong style=\"font-size: 1.1em; display: block; margin-bottom: 5px;\">RADICI<\/strong><strong>Xavier Leon-Dufour:<\/strong><br \/>\n\u201cDal Costato di Cristo, trafitto dalla lancia, Giovanni ha visto uscire l\u2019acqua e il sangue, duplice testimonianza dell\u2019Amore di Dio, che corrobora la testimonianza dello Spirito. Ora quest\u2019acqua e questo sangue continuano ad esercitare nella Chiesa il loro potere di vivificazione\u201d<\/p>\n<p><strong>S. Margherita M. Alacoque:<\/strong><br \/>\n\u201cIl Cuore di Ges\u00f9 in cui si scorgeva la piaga&#8230; era circondato da una corona di spine e sovrastava ad esso una croce, che vi pareva infissa. Mi spieg\u00f2 il Signore che quegli strumenti della sua Passione significavano che il suo amore infinito per gli uomini era stato sorgente di tutte le sue pene&#8230;\u201d<\/p>\n<\/div>\n<h5 style=\"color: #222; font-size: 1.2em; border-bottom: 1px solid #ccc; padding-bottom: 5px; margin-top: 30px;\">MEZZI<\/h5>\n<div style=\"background-color: #fff0f5; border: 1px solid #ffb6c1; padding: 20px; margin: 20px 0; border-radius: 4px;\">\n<h4 style=\"color: #d11242; margin-top: 0;\">I. ISCRIZIONE NEL REGISTRO DELL&#8217;ARCICONFRATERNITA<\/h4>\n<p>o di un altro Centro da essa dipendente.<\/p>\n<p style=\"margin-top: 15px;\"><a style=\"background-color: #d9534f; color: white; padding: 10px 15px; text-decoration: none; border-radius: 4px; display: inline-block; font-weight: bold;\" href=\"https:\/\/www.veritatemincaritate.com\/wp\/wp-content\/uploads\/2026\/06\/Modulo-iscrizione-Guardia-dOnore.pdf\" target=\"_blank\" rel=\"noopener\">Vai al modulo d&#8217;iscrizione<\/a><\/p>\n<\/div>\n<div style=\"background-color: #fff0f5; border: 1px solid #ffb6c1; padding: 20px; margin: 20px 0; border-radius: 4px;\">\n<h4 style=\"color: #d11242; margin-top: 0;\">II. ORA DI GUARDIA<\/h4>\n<p>Chi si iscrive alla Guardia d&#8217;Onore sceglie a piacere una volta per sempre un&#8217;ora della giornata da consacrare a Ges\u00f9, durante la quale, senza nulla togliere alle sue ordinarie occupazioni, con devote giaculatorie, offre le sue fatiche, le sue pene, il suo cuore a Ges\u00f9 tenendosi in ispirito stretto a Lui che geme nel S. Tabernacolo, riparandone l&#8217;amore oltraggiato e dimenticato dai peccatori che l&#8217;offendono in tutto il mondo. Nulla obbliga sotto pena di peccato, e chi dimenticasse di fare l&#8217;ora di guardia pu\u00f2 supplire in altra ora di sua scelta. Non occorre recitare in essa diverse preghiere, n\u00e9 portarsi in Chiesa, ma ciascuno si pu\u00f2 regolare secondo le occupazioni e il proprio fervore.<\/p>\n<p style=\"margin-top: 15px;\"><a style=\"background-color: #d9534f; color: white; padding: 10px 15px; text-decoration: none; border-radius: 4px; display: inline-block; font-weight: bold;\" href=\"https:\/\/www.veritatemincaritate.com\/2019\/06\/ora-di-guardia-al-sacro-cuore\/\" target=\"_blank\" rel=\"noopener\">Vai allo speciale<\/a><\/p>\n<\/div>\n<div style=\"background-color: #fff0f5; border: 1px solid #ffb6c1; padding: 20px; margin: 20px 0; border-radius: 4px;\">\n<h4 style=\"color: #d11242; margin-top: 0;\">III. LA PREZIOSISSIMA OFFERTA<\/h4>\n<p>Le Guardie d&#8217;onore hanno una missione di riparazione e di propiziazione; rendono perci\u00f2 un culto speciale al Divin Cuore di Ges\u00f9 trafitto dalla lancia e ad imitazione delle prime eroiche Guardie d&#8217;Onore ai piedi della Croce: Maria Santissima, S. Giovanni Evangelista, S. Maria Maddalena e le altre Pie Donne, ne consolano le pene, ed offrono all&#8217;Eterno Padre il preziosissimo Sangue e l\u2019Acqua che ne sgorgarono, per i bisogni della S. Chiesa e la salvezza dei peccatori. Tale offerta si pu\u00f2 fare nell&#8217;ora di guardia e durante la giornata con apposita formula indulgenziata.<\/p>\n<\/div>\n<p>La Guardia d&#8217;onore \u00e8 organizzata in tre grandi falangi, in cui gli omaggi degli iscritti, pur avendo un unico oggetto: il Cuore ferito di Ges\u00f9, differiscono per\u00f2 a seconda del grado di consacrazione dell&#8217;intensit\u00e0 della vita spirituale e delle personali aspirazioni.<\/p>\n<p>Le three falangi: <strong>Le Guardie Consolatrici<\/strong> &#8211; <strong>Le Guardie Riparatrici<\/strong> &#8211; <strong>Le Guardie Vittime<\/strong> &#8211; nella vita e nelle pratiche si ispirano a un Santo o Santa che esse assumono come modello e protettore. Cos\u00ec S. Maria Maddalena \u00e8 il modello delle Guardie Consolatrici, S. Giovanni Evangelista delle Guardie Riparatrici e Maria Santissima insieme a Ges\u00f9 sul Calvario, \u00e8 il modello delle Guardie Vittime.<\/p>\n<p>Cos\u00ec la Guardia d&#8217;Onore costituisce come una scala che, cominciando con la purificazione personale, conduce fino all&#8217;offerta completa per unirsi a Ges\u00f9 e consumarsi nel suo Cuore.<\/p>\n<p>\u00c8 dunque non solo un&#8217;Associazione, ma una via per la Santit\u00e0.<\/p>\n<h5 style=\"color: #222; font-size: 1.2em; border-bottom: 1px solid #ccc; padding-bottom: 5px; margin-top: 30px;\">PRATICHE della GUARDIA d&#8217;ONORE al Sacro Cuore<\/h5>\n<h6 style=\"font-style: italic; color: #555;\">Non sono obbligatorie, ma si possono fare secondo la propria devozione:<\/h6>\n<div style=\"background-color: #fff0f5; border-left: 4px solid #d11242; padding: 12px; margin: 10px 0;\"><strong>1. Il I\u00b0 VENERD\u00cc del MESE<\/strong><br \/>\n\u00c8 il giorno proprio delle Guardie d&#8217;Onore dedicato all&#8217;amore e alla riparazione. In esso si usa rinnovare l&#8217;atto emesso il giorno dell&#8217;iscrizione, si fa la Comunione e l&#8217;adorazione riparatrice.<\/div>\n<div style=\"background-color: #fff0f5; border-left: 4px solid #d11242; padding: 12px; margin: 10px 0;\">\n<p><strong>2. Il QUADRANTE della MISERICORDIA<\/strong><br \/>\nMezzo per ottenere la conversione dei peccatori anche pi\u00f9 ostinati. Consiste nel fare un&#8217;ora speciale di Guardia &#8211; ora della misericordia &#8211; per l&#8217;anima di cui si desidera il ravvedimento. La persona che si offre a fare tale ora, fa iscrivere sul Quadrante le iniziali del peccatore determinando l&#8217;ora speciale di guardia scelta per lui.<br \/>\nIl Quadrante della Misericordia per l&#8217;Italia \u00e8 eretto nella Parrocchia S. Camillo in Roma, sede della Direzione generale della Guardia d&#8217;Onore. A questa rivolgersi per le iscrizioni dei peccatori e per le relazioni di conversioni ottenute.<\/p>\n<p style=\"margin-top: 10px;\"><a style=\"background-color: #d9534f; color: white; padding: 6px 12px; text-decoration: none; border-radius: 4px; display: inline-block; font-size: 0.9em;\" href=\"https:\/\/www.veritatemincaritate.com\/2019\/06\/il-quadrante-della-misericordia\/\" target=\"_blank\" rel=\"noopener\">Vai allo speciale<\/a><\/p>\n<\/div>\n<div style=\"background-color: #fff0f5; border-left: 4px solid #d11242; padding: 12px; margin: 10px 0;\"><strong>3. LA SUPPLICAZIONE PERPETUA<\/strong><br \/>\nTutti gli iscritti di ogni parte del mondo, nell&#8217;ora di guardia pregano il S. Cuore di Ges\u00f9 per la S. Chiesa, la Societ\u00e0 ed i Confratelli v\u00edvi e defunti, alternandosi cos\u00ec con l&#8217;aiuto di preghiere scambievoli che li conforta in ogni ora del giorno in vita e dopo morte.<\/div>\n<div style=\"background-color: #fff0f5; border-left: 4px solid #d11242; padding: 12px; margin: 10px 0;\"><strong>4. L&#8217;ADORAZIONE EUCARISTICA<\/strong><br \/>\nSpecialmente nel primo Venerd\u00ec d&#8217;ogni mese, nelle Quarantore, nelle feste del SS.mo Sacramento e del S. Cuore.<\/div>\n<div style=\"background-color: #fff0f5; border-left: 4px solid #d11242; padding: 12px; margin: 10px 0;\">\n<p><strong>5. LA COMUNIONE RIPARATRICE<\/strong><br \/>\nComunione riparatrice propria per il primo Venerd\u00ec del mese domandata da Ges\u00f9 stesso a S. Margherita Alacoque.<\/p>\n<p style=\"margin-top: 10px;\"><a style=\"background-color: #d9534f; color: white; padding: 6px 12px; text-decoration: none; border-radius: 4px; display: inline-block; font-size: 0.9em;\" href=\"https:\/\/www.veritatemincaritate.com\/2015\/11\/i-primi-nove-venerdi-del-mese\/\" target=\"_blank\" rel=\"noopener\">Vai allo speciale<\/a><\/p>\n<\/div>\n<div style=\"background-color: #fff0f5; border-left: 4px solid #d11242; padding: 12px; margin: 10px 0;\">\n<p><strong>6. L&#8217;ORA SANTA<\/strong><br \/>\nConsiste nel passare un&#8217;ora in preghiera &#8211; in Chiesa o in casa &#8211; dalle 23 alle 24 dal Gioved\u00ec al Venerd\u00ec in memoria dell&#8217;ora d&#8217;agonia sofferta da Ges\u00f9 nell&#8217;orto. Si prega per la remissione delle colpe proprie, dei peccatori e per gli agonizzanti. Fu comandata da Ges\u00f9 a S. Margherita Alacoque.<\/p>\n<p style=\"margin-top: 10px;\"><a style=\"background-color: #d9534f; color: white; padding: 6px 12px; text-decoration: none; border-radius: 4px; display: inline-block; font-size: 0.9em;\" href=\"https:\/\/www.veritatemincaritate.com\/wp\/2021\/05\/lora-santa\/\" target=\"_blank\" rel=\"noopener\">Vai allo speciale<\/a><\/p>\n<\/div>\n<div style=\"background-color: #fff0f5; border-left: 4px solid #d11242; padding: 12px; margin: 10px 0;\"><strong>7. LE ANIME VITTIME DEL SACRO CUORE<\/strong><br \/>\nLo scopo di queste anime generose \u00e8 di offrire al Divin Cuore tutte se stesse, ed anche la vita accettando con rassegnazione qualsiasi croce per la gloria di Dio, il bene della S. Chiesa e la conversione dei peccatori. Per far parte di questa schiera occorre esserci veramente chiamati e l&#8217;approvazione del proprio confessore.<\/div>\n<div style=\"background-color: #e2f0d9; border: 1px solid #a9d18e; padding: 15px; margin: 25px 0; border-radius: 4px;\"><strong style=\"color: #385723; display: block; margin-bottom: 5px;\">XI.ma promessa di Ges\u00f9 a S. Margherita M. Alacoque<\/strong><br \/>\n<em>\u201cLe persone che zelano questa devozione avranno il loro nome scritto nel mio Cuore e non ne sar\u00e0 mai cancellato\u201d<\/em><\/div>\n<p>Hanno aderito alla Guardia d\u2019Onore al S. Cuore i Pontefici San Pio X e il Beato Pio IX.<\/p>\n<p>L\u2019Associazione \u00e8 oggi diffusa in Italia in molte Parrocchie ed Ospedali, e trova l\u2019adesione di tante anime generose che offrono le proprie sofferenze &#8211; del corpo e dell\u2019anima &#8211; per impetrare la Misericordia Divina sulla comunit\u00e0 degli uomini, ogni giorno sempre pi\u00f9 dimentichi di essere figli di un solo Padre e tutti fratelli in Cristo Ges\u00f9 il Redentore.<\/p>\n<div style=\"background-color: #e1f5fe; border: 1px solid #b3e5fc; padding: 20px; margin: 25px 0; text-align: center; border-radius: 4px;\">\n<h4 style=\"color: #0288d1; margin-top: 0; margin-bottom: 15px;\">STATUTI DELLA GUARDIA D\u2019ONORE AL CUORE DI GES\u00d9<\/h4>\n<p><a style=\"background-color: #d9534f; color: white; padding: 10px 20px; text-decoration: none; border-radius: 4px; display: inline-block; font-weight: bold;\" href=\"https:\/\/www.veritatemincaritate.com\/wp\/wp-content\/uploads\/2019\/06\/Statuti-Guardia-d-Onore-Sacro-Cuore.pdf\" target=\"_blank\" rel=\"noopener\">Leggi gli statuti della Guardia d&#8217;Onore al Cuore di Ges\u00f9<\/a><\/p>\n<\/div>\n<p>[\/vc_column_text][\/vc_column][\/vc_row]<\/p>\n<\/div>","protected":false},"excerpt":{"rendered":"<p>[vc_row][vc_column][vc_column_text css=&#8221;&#8221;] L&#8217;ASSOCIAZIONE DELLA GUARDIA D&#8217;ONORE AL SACRO CUORE ORIGINE Fu ispirata da Ges\u00f9 alla Serva di Dio Sr. Maria&#8230;<\/p>\n","protected":false},"author":4,"featured_media":11129,"comment_status":"closed","ping_status":"closed","sticky":false,"template":"","format":"standard","meta":{"footnotes":""},"categories":[21,3556],"tags":[7462,7456,7457,348],"class_list":{"0":"post-11128","1":"post","2":"type-post","3":"status-publish","4":"format-standard","5":"has-post-thumbnail","7":"category-devozione","8":"category-devozioni-in-primo-piano","9":"tag-guardia-donore","10":"tag-guardia-donore-al-sacro-cuore","11":"tag-ora-di-guardia-al-sacro-cuore-di-gesu","12":"tag-sacro-cuore-di-gesu"},"yoast_head":"<!-- This site is optimized with the Yoast SEO plugin v28.2 - https:\/\/yoast.com\/product\/yoast-seo-wordpress\/ -->\n<title>La Guardia d&#039;Onore al Sacro Cuore di Ges\u00f9 - Veritatemincaritate<\/title>\n<meta name=\"description\" content=\"La Guardia d\u2019Onore al Sacro Cuore di Ges\u00f9 ha come fine consolare il S. Cuore di Ges\u00f9 trafitto un d\u00ec sulla Croce e oggi dalla dimenticanza e dall\u2019ingratitudine degli uomini.\" \/>\n<meta name=\"robots\" content=\"index, follow, max-snippet:-1, max-image-preview:large, max-video-preview:-1\" \/>\n<link rel=\"canonical\" href=\"https:\/\/www.veritatemincaritate.com\/wp\/2021\/05\/la-guardia-donore-al-sacro-cuore-di-gesu\/\" \/>\n<meta property=\"og:locale\" content=\"it_IT\" \/>\n<meta property=\"og:type\" content=\"article\" \/>\n<meta property=\"og:title\" content=\"La Guardia d&#039;Onore al Sacro Cuore di Ges\u00f9\" \/>\n<meta property=\"og:description\" content=\"La Guardia d&#039;Onore al Sacro Cuore di Ges\u00f9\" \/>\n<meta property=\"og:url\" content=\"https:\/\/www.veritatemincaritate.com\/wp\/2021\/05\/la-guardia-donore-al-sacro-cuore-di-gesu\/\" \/>\n<meta property=\"og:site_name\" content=\"Veritatemincaritate\" \/>\n<meta property=\"article:publisher\" content=\"https:\/\/www.facebook.com\/pgiorgiomariafare\" \/>\n<meta property=\"article:published_time\" content=\"2021-05-01T11:25:59+00:00\" \/>\n<meta property=\"article:modified_time\" content=\"2026-07-02T15:40:31+00:00\" \/>\n<meta property=\"og:image\" content=\"https:\/\/www.veritatemincaritate.com\/wp\/wp-content\/uploads\/2019\/06\/GuardiadOnoreSacroCuore.jpg\" \/>\n\t<meta property=\"og:image:width\" content=\"600\" \/>\n\t<meta property=\"og:image:height\" content=\"400\" \/>\n\t<meta property=\"og:image:type\" content=\"image\/jpeg\" \/>\n<meta name=\"author\" content=\"Is551011\" \/>\n<meta name=\"twitter:card\" content=\"summary_large_image\" \/>\n<meta name=\"twitter:title\" content=\"La Guardia d&#039;Onore al Sacro Cuore di Ges\u00f9\" \/>\n<meta name=\"twitter:description\" content=\"La Guardia d&#039;Onore al Sacro Cuore di Ges\u00f9\" \/>\n<meta name=\"twitter:image\" content=\"https:\/\/www.veritatemincaritate.com\/wp\/wp-content\/uploads\/2019\/06\/GuardiadOnoreSacroCuore.jpg\" \/>\n<meta name=\"twitter:label1\" content=\"Scritto da\" \/>\n\t<meta name=\"twitter:data1\" content=\"Is551011\" \/>\n\t<meta name=\"twitter:label2\" content=\"Tempo di lettura stimato\" \/>\n\t<meta name=\"twitter:data2\" content=\"7 minuti\" \/>\n<script type=\"application\/ld+json\" class=\"yoast-schema-graph\">{\"@context\":\"https:\\\/\\\/schema.org\",\"@graph\":[{\"@type\":\"Article\",\"@id\":\"https:\\\/\\\/www.veritatemincaritate.com\\\/wp\\\/2021\\\/05\\\/la-guardia-donore-al-sacro-cuore-di-gesu\\\/#article\",\"isPartOf\":{\"@id\":\"https:\\\/\\\/www.veritatemincaritate.com\\\/wp\\\/2021\\\/05\\\/la-guardia-donore-al-sacro-cuore-di-gesu\\\/\"},\"author\":{\"name\":\"Is551011\",\"@id\":\"https:\\\/\\\/www.veritatemincaritate.com\\\/wp\\\/#\\\/schema\\\/person\\\/ae324896700d097ddc6db39f45894b80\"},\"headline\":\"La Guardia d&#8217;Onore al Sacro Cuore di Ges\u00f9\",\"datePublished\":\"2021-05-01T11:25:59+00:00\",\"dateModified\":\"2026-07-02T15:40:31+00:00\",\"mainEntityOfPage\":{\"@id\":\"https:\\\/\\\/www.veritatemincaritate.com\\\/wp\\\/2021\\\/05\\\/la-guardia-donore-al-sacro-cuore-di-gesu\\\/\"},\"wordCount\":1210,\"publisher\":{\"@id\":\"https:\\\/\\\/www.veritatemincaritate.com\\\/wp\\\/#organization\"},\"image\":{\"@id\":\"https:\\\/\\\/www.veritatemincaritate.com\\\/wp\\\/2021\\\/05\\\/la-guardia-donore-al-sacro-cuore-di-gesu\\\/#primaryimage\"},\"thumbnailUrl\":\"https:\\\/\\\/www.veritatemincaritate.com\\\/wp\\\/wp-content\\\/uploads\\\/2019\\\/06\\\/GuardiadOnoreSacroCuore.jpg\",\"keywords\":[\"Guardia d\u2019Onore\",\"Guardia d\u2019Onore al Sacro Cuore\",\"ora di Guardia al Sacro Cuore di Ges\u00f9\",\"Sacro Cuore di Ges\u00f9\"],\"articleSection\":[\"Devozione\",\"Devozioni in primo piano\"],\"inLanguage\":\"it-IT\"},{\"@type\":\"WebPage\",\"@id\":\"https:\\\/\\\/www.veritatemincaritate.com\\\/wp\\\/2021\\\/05\\\/la-guardia-donore-al-sacro-cuore-di-gesu\\\/\",\"url\":\"https:\\\/\\\/www.veritatemincaritate.com\\\/wp\\\/2021\\\/05\\\/la-guardia-donore-al-sacro-cuore-di-gesu\\\/\",\"name\":\"La Guardia d'Onore al Sacro Cuore di Ges\u00f9 - Veritatemincaritate\",\"isPartOf\":{\"@id\":\"https:\\\/\\\/www.veritatemincaritate.com\\\/wp\\\/#website\"},\"primaryImageOfPage\":{\"@id\":\"https:\\\/\\\/www.veritatemincaritate.com\\\/wp\\\/2021\\\/05\\\/la-guardia-donore-al-sacro-cuore-di-gesu\\\/#primaryimage\"},\"image\":{\"@id\":\"https:\\\/\\\/www.veritatemincaritate.com\\\/wp\\\/2021\\\/05\\\/la-guardia-donore-al-sacro-cuore-di-gesu\\\/#primaryimage\"},\"thumbnailUrl\":\"https:\\\/\\\/www.veritatemincaritate.com\\\/wp\\\/wp-content\\\/uploads\\\/2019\\\/06\\\/GuardiadOnoreSacroCuore.jpg\",\"datePublished\":\"2021-05-01T11:25:59+00:00\",\"dateModified\":\"2026-07-02T15:40:31+00:00\",\"description\":\"La Guardia d\u2019Onore al Sacro Cuore di Ges\u00f9 ha come fine consolare il S. Cuore di Ges\u00f9 trafitto un d\u00ec sulla Croce e oggi dalla dimenticanza e dall\u2019ingratitudine degli uomini.\",\"breadcrumb\":{\"@id\":\"https:\\\/\\\/www.veritatemincaritate.com\\\/wp\\\/2021\\\/05\\\/la-guardia-donore-al-sacro-cuore-di-gesu\\\/#breadcrumb\"},\"inLanguage\":\"it-IT\",\"potentialAction\":[{\"@type\":\"ReadAction\",\"target\":[\"https:\\\/\\\/www.veritatemincaritate.com\\\/wp\\\/2021\\\/05\\\/la-guardia-donore-al-sacro-cuore-di-gesu\\\/\"]}]},{\"@type\":\"ImageObject\",\"inLanguage\":\"it-IT\",\"@id\":\"https:\\\/\\\/www.veritatemincaritate.com\\\/wp\\\/2021\\\/05\\\/la-guardia-donore-al-sacro-cuore-di-gesu\\\/#primaryimage\",\"url\":\"https:\\\/\\\/www.veritatemincaritate.com\\\/wp\\\/wp-content\\\/uploads\\\/2019\\\/06\\\/GuardiadOnoreSacroCuore.jpg\",\"contentUrl\":\"https:\\\/\\\/www.veritatemincaritate.com\\\/wp\\\/wp-content\\\/uploads\\\/2019\\\/06\\\/GuardiadOnoreSacroCuore.jpg\",\"width\":600,\"height\":400,\"caption\":\"Guardia d'Onore al Sacro Cuore di Ges\u00f9\"},{\"@type\":\"BreadcrumbList\",\"@id\":\"https:\\\/\\\/www.veritatemincaritate.com\\\/wp\\\/2021\\\/05\\\/la-guardia-donore-al-sacro-cuore-di-gesu\\\/#breadcrumb\",\"itemListElement\":[{\"@type\":\"ListItem\",\"position\":1,\"name\":\"Home\",\"item\":\"https:\\\/\\\/www.veritatemincaritate.com\\\/wp\\\/\"},{\"@type\":\"ListItem\",\"position\":2,\"name\":\"La Guardia d&#8217;Onore al Sacro Cuore di Ges\u00f9\"}]},{\"@type\":\"WebSite\",\"@id\":\"https:\\\/\\\/www.veritatemincaritate.com\\\/wp\\\/#website\",\"url\":\"https:\\\/\\\/www.veritatemincaritate.com\\\/wp\\\/\",\"name\":\"Veritatemincaritate\",\"description\":\"Agendo secondo verit\u00e0 nella carit\u00e0, cerchiamo di crescere in ogni cosa tendendo a lui, che \u00e8 il capo, Cristo\",\"publisher\":{\"@id\":\"https:\\\/\\\/www.veritatemincaritate.com\\\/wp\\\/#organization\"},\"potentialAction\":[{\"@type\":\"SearchAction\",\"target\":{\"@type\":\"EntryPoint\",\"urlTemplate\":\"https:\\\/\\\/www.veritatemincaritate.com\\\/wp\\\/?s={search_term_string}\"},\"query-input\":{\"@type\":\"PropertyValueSpecification\",\"valueRequired\":true,\"valueName\":\"search_term_string\"}}],\"inLanguage\":\"it-IT\"},{\"@type\":\"Organization\",\"@id\":\"https:\\\/\\\/www.veritatemincaritate.com\\\/wp\\\/#organization\",\"name\":\"Veritatem facientes in Caritate\",\"url\":\"https:\\\/\\\/www.veritatemincaritate.com\\\/wp\\\/\",\"logo\":{\"@type\":\"ImageObject\",\"inLanguage\":\"it-IT\",\"@id\":\"https:\\\/\\\/www.veritatemincaritate.com\\\/wp\\\/#\\\/schema\\\/logo\\\/image\\\/\",\"url\":\"https:\\\/\\\/www.veritatemincaritate.com\\\/wp\\\/wp-content\\\/uploads\\\/2020\\\/07\\\/Logo-VIC-per-canale-Youtube.jpg\",\"contentUrl\":\"https:\\\/\\\/www.veritatemincaritate.com\\\/wp\\\/wp-content\\\/uploads\\\/2020\\\/07\\\/Logo-VIC-per-canale-Youtube.jpg\",\"width\":720,\"height\":720,\"caption\":\"Veritatem facientes in Caritate\"},\"image\":{\"@id\":\"https:\\\/\\\/www.veritatemincaritate.com\\\/wp\\\/#\\\/schema\\\/logo\\\/image\\\/\"},\"sameAs\":[\"https:\\\/\\\/www.facebook.com\\\/pgiorgiomariafare\",\"https:\\\/\\\/instagram.com\\\/padre_giorgio_maria_fare?igshid=1p8wsw6b3edkc\",\"https:\\\/\\\/www.youtube.com\\\/channel\\\/UCFqjpT1nX60rx3m_SELg3lA\"]},{\"@type\":\"Person\",\"@id\":\"https:\\\/\\\/www.veritatemincaritate.com\\\/wp\\\/#\\\/schema\\\/person\\\/ae324896700d097ddc6db39f45894b80\",\"name\":\"Is551011\",\"image\":{\"@type\":\"ImageObject\",\"inLanguage\":\"it-IT\",\"@id\":\"https:\\\/\\\/secure.gravatar.com\\\/avatar\\\/c031fff76d6f121d3530ae43ac8407bd6ac4d5c3c8a89c237d6990047f9a6307?s=96&d=mm&r=g\",\"url\":\"https:\\\/\\\/secure.gravatar.com\\\/avatar\\\/c031fff76d6f121d3530ae43ac8407bd6ac4d5c3c8a89c237d6990047f9a6307?s=96&d=mm&r=g\",\"contentUrl\":\"https:\\\/\\\/secure.gravatar.com\\\/avatar\\\/c031fff76d6f121d3530ae43ac8407bd6ac4d5c3c8a89c237d6990047f9a6307?s=96&d=mm&r=g\",\"caption\":\"Is551011\"}}]}<\/script>\n<!-- \/ Yoast SEO plugin. -->","yoast_head_json":{"title":"La Guardia d'Onore al Sacro Cuore di Ges\u00f9 - Veritatemincaritate","description":"La Guardia d\u2019Onore al Sacro Cuore di Ges\u00f9 ha come fine consolare il S. Cuore di Ges\u00f9 trafitto un d\u00ec sulla Croce e oggi dalla dimenticanza e dall\u2019ingratitudine degli uomini.","robots":{"index":"index","follow":"follow","max-snippet":"max-snippet:-1","max-image-preview":"max-image-preview:large","max-video-preview":"max-video-preview:-1"},"canonical":"https:\/\/www.veritatemincaritate.com\/wp\/2021\/05\/la-guardia-donore-al-sacro-cuore-di-gesu\/","og_locale":"it_IT","og_type":"article","og_title":"La Guardia d'Onore al Sacro Cuore di Ges\u00f9","og_description":"La Guardia d'Onore al Sacro Cuore di Ges\u00f9","og_url":"https:\/\/www.veritatemincaritate.com\/wp\/2021\/05\/la-guardia-donore-al-sacro-cuore-di-gesu\/","og_site_name":"Veritatemincaritate","article_publisher":"https:\/\/www.facebook.com\/pgiorgiomariafare","article_published_time":"2021-05-01T11:25:59+00:00","article_modified_time":"2026-07-02T15:40:31+00:00","og_image":[{"width":600,"height":400,"url":"https:\/\/www.veritatemincaritate.com\/wp\/wp-content\/uploads\/2019\/06\/GuardiadOnoreSacroCuore.jpg","type":"image\/jpeg"}],"author":"Is551011","twitter_card":"summary_large_image","twitter_title":"La Guardia d'Onore al Sacro Cuore di Ges\u00f9","twitter_description":"La Guardia d'Onore al Sacro Cuore di Ges\u00f9","twitter_image":"https:\/\/www.veritatemincaritate.com\/wp\/wp-content\/uploads\/2019\/06\/GuardiadOnoreSacroCuore.jpg","twitter_misc":{"Scritto da":"Is551011","Tempo di lettura stimato":"7 minuti"},"schema":{"@context":"https:\/\/schema.org","@graph":[{"@type":"Article","@id":"https:\/\/www.veritatemincaritate.com\/wp\/2021\/05\/la-guardia-donore-al-sacro-cuore-di-gesu\/#article","isPartOf":{"@id":"https:\/\/www.veritatemincaritate.com\/wp\/2021\/05\/la-guardia-donore-al-sacro-cuore-di-gesu\/"},"author":{"name":"Is551011","@id":"https:\/\/www.veritatemincaritate.com\/wp\/#\/schema\/person\/ae324896700d097ddc6db39f45894b80"},"headline":"La Guardia d&#8217;Onore al Sacro Cuore di Ges\u00f9","datePublished":"2021-05-01T11:25:59+00:00","dateModified":"2026-07-02T15:40:31+00:00","mainEntityOfPage":{"@id":"https:\/\/www.veritatemincaritate.com\/wp\/2021\/05\/la-guardia-donore-al-sacro-cuore-di-gesu\/"},"wordCount":1210,"publisher":{"@id":"https:\/\/www.veritatemincaritate.com\/wp\/#organization"},"image":{"@id":"https:\/\/www.veritatemincaritate.com\/wp\/2021\/05\/la-guardia-donore-al-sacro-cuore-di-gesu\/#primaryimage"},"thumbnailUrl":"https:\/\/www.veritatemincaritate.com\/wp\/wp-content\/uploads\/2019\/06\/GuardiadOnoreSacroCuore.jpg","keywords":["Guardia d\u2019Onore","Guardia d\u2019Onore al Sacro Cuore","ora di Guardia al Sacro Cuore di Ges\u00f9","Sacro Cuore di Ges\u00f9"],"articleSection":["Devozione","Devozioni in primo piano"],"inLanguage":"it-IT"},{"@type":"WebPage","@id":"https:\/\/www.veritatemincaritate.com\/wp\/2021\/05\/la-guardia-donore-al-sacro-cuore-di-gesu\/","url":"https:\/\/www.veritatemincaritate.com\/wp\/2021\/05\/la-guardia-donore-al-sacro-cuore-di-gesu\/","name":"La Guardia d'Onore al Sacro Cuore di Ges\u00f9 - Veritatemincaritate","isPartOf":{"@id":"https:\/\/www.veritatemincaritate.com\/wp\/#website"},"primaryImageOfPage":{"@id":"https:\/\/www.veritatemincaritate.com\/wp\/2021\/05\/la-guardia-donore-al-sacro-cuore-di-gesu\/#primaryimage"},"image":{"@id":"https:\/\/www.veritatemincaritate.com\/wp\/2021\/05\/la-guardia-donore-al-sacro-cuore-di-gesu\/#primaryimage"},"thumbnailUrl":"https:\/\/www.veritatemincaritate.com\/wp\/wp-content\/uploads\/2019\/06\/GuardiadOnoreSacroCuore.jpg","datePublished":"2021-05-01T11:25:59+00:00","dateModified":"2026-07-02T15:40:31+00:00","description":"La Guardia d\u2019Onore al Sacro Cuore di Ges\u00f9 ha come fine consolare il S. Cuore di Ges\u00f9 trafitto un d\u00ec sulla Croce e oggi dalla dimenticanza e dall\u2019ingratitudine degli uomini.","breadcrumb":{"@id":"https:\/\/www.veritatemincaritate.com\/wp\/2021\/05\/la-guardia-donore-al-sacro-cuore-di-gesu\/#breadcrumb"},"inLanguage":"it-IT","potentialAction":[{"@type":"ReadAction","target":["https:\/\/www.veritatemincaritate.com\/wp\/2021\/05\/la-guardia-donore-al-sacro-cuore-di-gesu\/"]}]},{"@type":"ImageObject","inLanguage":"it-IT","@id":"https:\/\/www.veritatemincaritate.com\/wp\/2021\/05\/la-guardia-donore-al-sacro-cuore-di-gesu\/#primaryimage","url":"https:\/\/www.veritatemincaritate.com\/wp\/wp-content\/uploads\/2019\/06\/GuardiadOnoreSacroCuore.jpg","contentUrl":"https:\/\/www.veritatemincaritate.com\/wp\/wp-content\/uploads\/2019\/06\/GuardiadOnoreSacroCuore.jpg","width":600,"height":400,"caption":"Guardia d'Onore al Sacro Cuore di Ges\u00f9"},{"@type":"BreadcrumbList","@id":"https:\/\/www.veritatemincaritate.com\/wp\/2021\/05\/la-guardia-donore-al-sacro-cuore-di-gesu\/#breadcrumb","itemListElement":[{"@type":"ListItem","position":1,"name":"Home","item":"https:\/\/www.veritatemincaritate.com\/wp\/"},{"@type":"ListItem","position":2,"name":"La Guardia d&#8217;Onore al Sacro Cuore di Ges\u00f9"}]},{"@type":"WebSite","@id":"https:\/\/www.veritatemincaritate.com\/wp\/#website","url":"https:\/\/www.veritatemincaritate.com\/wp\/","name":"Veritatemincaritate","description":"Agendo secondo verit\u00e0 nella carit\u00e0, cerchiamo di crescere in ogni cosa tendendo a lui, che \u00e8 il capo, Cristo","publisher":{"@id":"https:\/\/www.veritatemincaritate.com\/wp\/#organization"},"potentialAction":[{"@type":"SearchAction","target":{"@type":"EntryPoint","urlTemplate":"https:\/\/www.veritatemincaritate.com\/wp\/?s={search_term_string}"},"query-input":{"@type":"PropertyValueSpecification","valueRequired":true,"valueName":"search_term_string"}}],"inLanguage":"it-IT"},{"@type":"Organization","@id":"https:\/\/www.veritatemincaritate.com\/wp\/#organization","name":"Veritatem facientes in Caritate","url":"https:\/\/www.veritatemincaritate.com\/wp\/","logo":{"@type":"ImageObject","inLanguage":"it-IT","@id":"https:\/\/www.veritatemincaritate.com\/wp\/#\/schema\/logo\/image\/","url":"https:\/\/www.veritatemincaritate.com\/wp\/wp-content\/uploads\/2020\/07\/Logo-VIC-per-canale-Youtube.jpg","contentUrl":"https:\/\/www.veritatemincaritate.com\/wp\/wp-content\/uploads\/2020\/07\/Logo-VIC-per-canale-Youtube.jpg","width":720,"height":720,"caption":"Veritatem facientes in Caritate"},"image":{"@id":"https:\/\/www.veritatemincaritate.com\/wp\/#\/schema\/logo\/image\/"},"sameAs":["https:\/\/www.facebook.com\/pgiorgiomariafare","https:\/\/instagram.com\/padre_giorgio_maria_fare?igshid=1p8wsw6b3edkc","https:\/\/www.youtube.com\/channel\/UCFqjpT1nX60rx3m_SELg3lA"]},{"@type":"Person","@id":"https:\/\/www.veritatemincaritate.com\/wp\/#\/schema\/person\/ae324896700d097ddc6db39f45894b80","name":"Is551011","image":{"@type":"ImageObject","inLanguage":"it-IT","@id":"https:\/\/secure.gravatar.com\/avatar\/c031fff76d6f121d3530ae43ac8407bd6ac4d5c3c8a89c237d6990047f9a6307?s=96&d=mm&r=g","url":"https:\/\/secure.gravatar.com\/avatar\/c031fff76d6f121d3530ae43ac8407bd6ac4d5c3c8a89c237d6990047f9a6307?s=96&d=mm&r=g","contentUrl":"https:\/\/secure.gravatar.com\/avatar\/c031fff76d6f121d3530ae43ac8407bd6ac4d5c3c8a89c237d6990047f9a6307?s=96&d=mm&r=g","caption":"Is551011"}}]}},"menu_order":0,"_links":{"self":[{"href":"https:\/\/www.veritatemincaritate.com\/wp\/wp-json\/wp\/v2\/posts\/11128","targetHints":{"allow":["GET"]}}],"collection":[{"href":"https:\/\/www.veritatemincaritate.com\/wp\/wp-json\/wp\/v2\/posts"}],"about":[{"href":"https:\/\/www.veritatemincaritate.com\/wp\/wp-json\/wp\/v2\/types\/post"}],"author":[{"embeddable":true,"href":"https:\/\/www.veritatemincaritate.com\/wp\/wp-json\/wp\/v2\/users\/4"}],"replies":[{"embeddable":true,"href":"https:\/\/www.veritatemincaritate.com\/wp\/wp-json\/wp\/v2\/comments?post=11128"}],"version-history":[{"count":0,"href":"https:\/\/www.veritatemincaritate.com\/wp\/wp-json\/wp\/v2\/posts\/11128\/revisions"}],"wp:featuredmedia":[{"embeddable":true,"href":"https:\/\/www.veritatemincaritate.com\/wp\/wp-json\/wp\/v2\/media\/11129"}],"wp:attachment":[{"href":"https:\/\/www.veritatemincaritate.com\/wp\/wp-json\/wp\/v2\/media?parent=11128"}],"wp:term":[{"taxonomy":"category","embeddable":true,"href":"https:\/\/www.veritatemincaritate.com\/wp\/wp-json\/wp\/v2\/categories?post=11128"},{"taxonomy":"post_tag","embeddable":true,"href":"https:\/\/www.veritatemincaritate.com\/wp\/wp-json\/wp\/v2\/tags?post=11128"}],"curies":[{"name":"wp","href":"https:\/\/api.w.org\/{rel}","templated":true}]}}