{"id":13166,"date":"2019-12-13T08:25:53","date_gmt":"2019-12-13T07:25:53","guid":{"rendered":"https:\/\/www.veritatemincaritate.com\/?p=13166"},"modified":"2019-12-16T09:42:38","modified_gmt":"2019-12-16T08:42:38","slug":"santa-lucia-riacquistare-la-vista-per-fissare-gli-occhi-al-cielo","status":"publish","type":"post","link":"https:\/\/www.veritatemincaritate.com\/wp\/2019\/12\/santa-lucia-riacquistare-la-vista-per-fissare-gli-occhi-al-cielo\/","title":{"rendered":"Santa Lucia: riacquistare la vista per fissare gli occhi al Cielo"},"content":{"rendered":"<div class=\"wpb-content-wrapper\" id=\"wpb-content-root\"><p>[vc_row][vc_column][vc_column_text]<\/p>\n<h3>Omelia<\/h3>\n<div class=\"vc_row wpb_row vc_row-fluid\">\n<div class=\"wpb_column vc_column_container vc_col-sm-12\">\n<div class=\"vc_column-inner \">\n<div class=\"wpb_wrapper\">\n<div class=\"wpb_text_column wpb_content_element \">\n<div class=\"wpb_wrapper\">\n<p>Pubblichiamo l\u2019audio di un\u2019omelia di venerd\u00ec 13 dicembre 2019 &#8211; Memoria di S. Lucia<\/p>\n<p>Predicatore:\u00a0p. Giorgio Maria Far\u00e9, OCD<\/p>\n<\/div>\n<\/div>\n<\/div>\n<\/div>\n<\/div>\n<\/div>\n<p>[\/vc_column_text][vc_column_text]<\/p>\n<h4>Ascolta la registrazione:<\/h4>\n<p>Per motivi di intenso traffico non ci \u00e8 possibile rendere disponibile l&#8217;ascolto dei file audio direttamente dal nostro sito. Se hai dubbi su come fare, vai alle <a href=\"http:\/\/www.veritatemincaritate.com\/chi-siamo\/istruzioni-per-lascolto-delle-registrazioni\/\" target=\"_blank\" rel=\"noopener noreferrer\">istruzioni per l&#8217;ascolto delle registrazioni<\/a>.[\/vc_column_text][\/vc_column][\/vc_row][vc_row][vc_column][vc_row_inner][vc_column_inner width=&#8221;1\/2&#8243;][vc_column_text]<style type=\"text\/css\">.thegem-button-6a9d8d7ea0afa9090 .gem-button {font-size: 14px;}.thegem-button-6a9d8d7ea0afa9090 .gem-button-text {font-size: 14px;}.thegem-button-6a9d8d7ea0afa9090 .gem-button svg {fill: #FFFFFF;}<\/style><div class=\"gem-button-container gem-button-position-inline thegem-button-6a9d8d7ea0afa9090    \"  ><a class=\"gem-button gem-button-size-small gem-button-style-flat gem-button-text-weight-normal\" data-ll-effect=\"drop-right-without-wrap\" style=\"border-radius: 3px;background-color: #FF5C00;color: #FFFFFF;\" onmouseleave=\"this.style.backgroundColor='#FF5C00';this.style.color='#FFFFFF';\" onmouseenter=\"\" href=\"https:\/\/www.dropbox.com\/s\/92nvcexc4umc6y3\/191213-Omelia-S.Lucia.m4a?dl=1\" target=\"_self\">Scarica la meditazione<\/a><\/div> [\/vc_column_text][\/vc_column_inner][vc_column_inner width=&#8221;1\/2&#8243;][vc_column_text]<style type=\"text\/css\">.thegem-button-6a9d8d7ea0c865488 .gem-button {font-size: 14px;}.thegem-button-6a9d8d7ea0c865488 .gem-button-text {font-size: 14px;}.thegem-button-6a9d8d7ea0c865488 .gem-button svg {fill: #FFFFFF;}<\/style><div class=\"gem-button-container gem-button-position-inline thegem-button-6a9d8d7ea0c865488    \"  ><a class=\"gem-button gem-button-size-small gem-button-style-flat gem-button-text-weight-normal\" data-ll-effect=\"drop-right-without-wrap\" style=\"border-radius: 3px;background-color: #FF5C00;color: #FFFFFF;\" onmouseleave=\"this.style.backgroundColor='#FF5C00';this.style.color='#FFFFFF';\" onmouseenter=\"\" href=\"https:\/\/www.dropbox.com\/s\/92nvcexc4umc6y3\/191213-Omelia-S.Lucia.m4a?dl=0\" target=\"_self\">Ascolta la meditazione<\/a><\/div>\n<p>[\/vc_column_text][\/vc_column_inner][\/vc_row_inner][\/vc_column][\/vc_row][vc_row][vc_column][vc_empty_space][vc_separator color=&#8221;orange&#8221;][vc_row_inner][vc_column_inner][vc_cta h2=&#8221;Leggi il testo dell&#8217;omelia&#8221; color=&#8221;blue&#8221; add_button=&#8221;bottom&#8221; btn_title=&#8221;Scarica il pdf&#8221; btn_color=&#8221;orange&#8221; btn_link=&#8221;url:https%3A%2F%2Fwww.veritatemincaritate.com%2Fwp%2Fwp-content%2Fuploads%2F2019%2F12%2F191213-Riacquistare-la-vista-per-fissare-gli-occhi-al-Cielo.pdf||target:%20_blank|&#8221;][\/vc_cta][\/vc_column_inner][\/vc_row_inner][vc_separator color=&#8221;orange&#8221;][\/vc_column][\/vc_row][vc_row][vc_column][vc_cta h2=&#8221;Leggi la vita di Santa Lucia su Santi e beati.it&#8221; add_button=&#8221;bottom&#8221; btn_title=&#8221;Vai alla pagina&#8221; btn_color=&#8221;green&#8221; btn_link=&#8221;url:http%3A%2F%2Fwww.santiebeati.it%2Fdettaglio%2F25550||target:%20_blank|&#8221;]<a href=\"https:\/\/www.veritatemincaritate.com\/wp\/wp-content\/uploads\/2019\/12\/S.Lucia_-1.jpg\"><img class=\"size-medium wp-image-13484 alignleft\" src=\"https:\/\/www.veritatemincaritate.com\/wp\/wp-content\/uploads\/2019\/12\/S.Lucia_-1-184x300.jpg\" alt=\"\" width=\"184\" height=\"300\" srcset=\"https:\/\/www.veritatemincaritate.com\/wp\/wp-content\/uploads\/2019\/12\/S.Lucia_-1-184x300.jpg 184w, https:\/\/www.veritatemincaritate.com\/wp\/wp-content\/uploads\/2019\/12\/S.Lucia_-1.jpg 564w\" sizes=\"(max-width: 184px) 100vw, 184px\" \/><\/a><\/p>\n<p>&nbsp;<\/p>\n<p>&nbsp;<\/p>\n<p>&nbsp;<\/p>\n<p>La vergine e martire Lucia \u00e8 una delle figure pi\u00f9 care alla devozione cristiana.<\/p>\n<p>Come ricorda il Messale Romano \u00e8 una delle sette donne menzionate nel Canone Romano.[\/vc_cta][\/vc_column][\/vc_row][vc_row][vc_column][vc_empty_space][vc_separator color=&#8221;orange&#8221;][vc_column_text]<\/p>\n<h2>Letture del giorno<\/h2>\n<p>[\/vc_column_text][vc_column_text]<strong>Santa Lucia<\/strong><\/p>\n<p><strong>PRIMA LETTURA<\/strong><em> (Is 48,17-19)<\/em><br \/>\n<em>Se tu avessi prestato attenzione ai miei comandi!<\/em><\/p>\n<p>Dal libro del profeta Isaia<br \/>\nCos\u00ec dice il Signore tuo redentore, il Santo di Israele:<br \/>\n\u201cIo sono il Signore tuo Dio<br \/>\nche ti insegno per il tuo bene,<br \/>\nche ti guido per la strada su cui devi andare.<br \/>\nSe avessi prestato attenzione ai miei comandi,<br \/>\nil tuo benessere sarebbe come un fiume,<br \/>\nla tua giustizia come le onde del mare.<br \/>\nLa tua discendenza sarebbe come la sabbia<br \/>\ne i nati dalle tue viscere come i granelli d\u2019arena;<br \/>\nnon sarebbe mai radiato n\u00e9 cancellato<br \/>\nil suo nome davanti a me\u201d.<\/p>\n<p><strong>SALMO RESPONSORIALE <\/strong><em>(Sal 1)<\/em><br \/>\n<strong>Rit. Chi ti segue, Signore, avr\u00e0 la luce della vita.<\/strong><\/p>\n<p>Beato l\u2019uomo che non entra nel consiglio dei malvagi,<br \/>\nnon resta nella via dei peccatori<br \/>\ne non siede in compagnia degli arroganti,<br \/>\nma nella legge del Signore trova la sua gioia,<br \/>\nla sua legge medita giorno e notte.<\/p>\n<p>\u00c8 come albero piantato lungo corsi d\u2019acqua,<br \/>\nche d\u00e0 frutto a suo tempo:<br \/>\nle sue foglie non appassiscono<br \/>\ne tutto quello che fa, riesce bene.<\/p>\n<p>Non cos\u00ec, non cos\u00ec i malvagi,<br \/>\nma come pula che il vento disperde;<br \/>\npoich\u00e9 il Signore veglia sul cammino dei giusti,<br \/>\nmentre la via dei malvagi va in rovina.<\/p>\n<p><strong>Canto al Vangelo<\/strong><br \/>\nAlleluia, alleluia.<br \/>\nIl Signore viene, andiamogli incontro:<br \/>\negli \u00e8 il principe della pace.<br \/>\nAlleluia.<\/p>\n<p><strong>VANGELO<\/strong><em> (Mt 11,16-19)<\/em><br \/>\n<em>Non ascoltano n\u00e9 Giovanni n\u00e9 il Figlio dell\u2019uomo.<\/em><\/p>\n<p>In quel tempo, Ges\u00f9 disse alle folle:<br \/>\n\u00abA chi posso paragonare questa generazione? \u00c8 simile a bambini che stanno seduti in piazza e, rivolti ai compagni, gridano:<br \/>\n\u201cVi abbiamo suonato il flauto e non avete ballato,<br \/>\nabbiamo cantato un lamento e non vi siete battuti il petto!\u201d.<br \/>\n\u00c8 venuto Giovanni, che non mangia e non beve, e dicono: \u201c\u00c8 indemoniato\u201d. \u00c8 venuto il Figlio dell\u2019uomo, che mangia e beve, e dicono: \u201cEcco, \u00e8 un mangione e un beone, un amico di pubblicani e di peccatori\u201d.<br \/>\nMa la sapienza \u00e8 stata riconosciuta giusta per le opere che essa compie\u00bb.[\/vc_column_text][\/vc_column][\/vc_row]<\/p>\n<\/div>","protected":false},"excerpt":{"rendered":"<p>[vc_row][vc_column][vc_column_text] Omelia Pubblichiamo l\u2019audio di un\u2019omelia di venerd\u00ec 13 dicembre 2019 &#8211; Memoria di S. Lucia Predicatore:\u00a0p. Giorgio Maria Far\u00e9,&#8230;<\/p>\n","protected":false},"author":4,"featured_media":13481,"comment_status":"closed","ping_status":"closed","sticky":false,"template":"","format":"standard","meta":{"footnotes":""},"categories":[15],"tags":[123,103,16,17,8091,165],"class_list":{"0":"post-13166","1":"post","2":"type-post","3":"status-publish","4":"format-standard","5":"has-post-thumbnail","7":"category-omelie","8":"tag-carita","9":"tag-fede","10":"tag-omelie","11":"tag-p-giorgio-maria-fare","12":"tag-s-lucia","13":"tag-speranza"},"yoast_head":"<!-- This site is optimized with the Yoast SEO plugin v28.2 - https:\/\/yoast.com\/product\/yoast-seo-wordpress\/ -->\n<title>Santa Lucia: riacquistare la vista per fissare gli occhi al Cielo - Veritatemincaritate<\/title>\n<meta name=\"robots\" content=\"index, follow, max-snippet:-1, max-image-preview:large, max-video-preview:-1\" \/>\n<link rel=\"canonical\" href=\"https:\/\/www.veritatemincaritate.com\/wp\/2019\/12\/santa-lucia-riacquistare-la-vista-per-fissare-gli-occhi-al-cielo\/\" \/>\n<meta property=\"og:locale\" content=\"it_IT\" \/>\n<meta property=\"og:type\" content=\"article\" \/>\n<meta property=\"og:title\" content=\"Santa Lucia: riacquistare la vista per fissare gli occhi al Cielo - Veritatemincaritate\" \/>\n<meta property=\"og:description\" content=\"[vc_row][vc_column][vc_column_text] Omelia Pubblichiamo l\u2019audio di un\u2019omelia di venerd\u00ec 13 dicembre 2019 &#8211; Memoria di S. Lucia Predicatore:\u00a0p. Giorgio Maria Far\u00e9,...\" \/>\n<meta property=\"og:url\" content=\"https:\/\/www.veritatemincaritate.com\/wp\/2019\/12\/santa-lucia-riacquistare-la-vista-per-fissare-gli-occhi-al-cielo\/\" \/>\n<meta property=\"og:site_name\" content=\"Veritatemincaritate\" \/>\n<meta property=\"article:publisher\" content=\"https:\/\/www.facebook.com\/pgiorgiomariafare\" \/>\n<meta property=\"article:published_time\" content=\"2019-12-13T07:25:53+00:00\" \/>\n<meta property=\"article:modified_time\" content=\"2019-12-16T08:42:38+00:00\" \/>\n<meta property=\"og:image\" content=\"https:\/\/www.veritatemincaritate.com\/wp\/wp-content\/uploads\/2019\/12\/S.Lucia_.jpg\" \/>\n\t<meta property=\"og:image:width\" content=\"600\" \/>\n\t<meta property=\"og:image:height\" content=\"400\" \/>\n\t<meta property=\"og:image:type\" content=\"image\/jpeg\" \/>\n<meta name=\"author\" content=\"Is551011\" \/>\n<meta name=\"twitter:card\" content=\"summary_large_image\" \/>\n<meta name=\"twitter:label1\" content=\"Scritto da\" \/>\n\t<meta name=\"twitter:data1\" content=\"Is551011\" \/>\n\t<meta name=\"twitter:label2\" content=\"Tempo di lettura stimato\" \/>\n\t<meta name=\"twitter:data2\" content=\"4 minuti\" \/>\n<script type=\"application\/ld+json\" class=\"yoast-schema-graph\">{\"@context\":\"https:\\\/\\\/schema.org\",\"@graph\":[{\"@type\":\"Article\",\"@id\":\"https:\\\/\\\/www.veritatemincaritate.com\\\/wp\\\/2019\\\/12\\\/santa-lucia-riacquistare-la-vista-per-fissare-gli-occhi-al-cielo\\\/#article\",\"isPartOf\":{\"@id\":\"https:\\\/\\\/www.veritatemincaritate.com\\\/wp\\\/2019\\\/12\\\/santa-lucia-riacquistare-la-vista-per-fissare-gli-occhi-al-cielo\\\/\"},\"author\":{\"name\":\"Is551011\",\"@id\":\"https:\\\/\\\/www.veritatemincaritate.com\\\/wp\\\/#\\\/schema\\\/person\\\/ae324896700d097ddc6db39f45894b80\"},\"headline\":\"Santa Lucia: riacquistare la vista per fissare gli occhi al Cielo\",\"datePublished\":\"2019-12-13T07:25:53+00:00\",\"dateModified\":\"2019-12-16T08:42:38+00:00\",\"mainEntityOfPage\":{\"@id\":\"https:\\\/\\\/www.veritatemincaritate.com\\\/wp\\\/2019\\\/12\\\/santa-lucia-riacquistare-la-vista-per-fissare-gli-occhi-al-cielo\\\/\"},\"wordCount\":737,\"publisher\":{\"@id\":\"https:\\\/\\\/www.veritatemincaritate.com\\\/wp\\\/#organization\"},\"image\":{\"@id\":\"https:\\\/\\\/www.veritatemincaritate.com\\\/wp\\\/2019\\\/12\\\/santa-lucia-riacquistare-la-vista-per-fissare-gli-occhi-al-cielo\\\/#primaryimage\"},\"thumbnailUrl\":\"https:\\\/\\\/www.veritatemincaritate.com\\\/wp\\\/wp-content\\\/uploads\\\/2019\\\/12\\\/S.Lucia_.jpg\",\"keywords\":[\"carit\u00e0\",\"fede\",\"omelie\",\"p. Giorgio Maria Far\u00e9\",\"S. Lucia\",\"speranza\"],\"articleSection\":[\"Omelie\"],\"inLanguage\":\"it-IT\"},{\"@type\":\"WebPage\",\"@id\":\"https:\\\/\\\/www.veritatemincaritate.com\\\/wp\\\/2019\\\/12\\\/santa-lucia-riacquistare-la-vista-per-fissare-gli-occhi-al-cielo\\\/\",\"url\":\"https:\\\/\\\/www.veritatemincaritate.com\\\/wp\\\/2019\\\/12\\\/santa-lucia-riacquistare-la-vista-per-fissare-gli-occhi-al-cielo\\\/\",\"name\":\"Santa Lucia: riacquistare la vista per fissare gli occhi al Cielo - Veritatemincaritate\",\"isPartOf\":{\"@id\":\"https:\\\/\\\/www.veritatemincaritate.com\\\/wp\\\/#website\"},\"primaryImageOfPage\":{\"@id\":\"https:\\\/\\\/www.veritatemincaritate.com\\\/wp\\\/2019\\\/12\\\/santa-lucia-riacquistare-la-vista-per-fissare-gli-occhi-al-cielo\\\/#primaryimage\"},\"image\":{\"@id\":\"https:\\\/\\\/www.veritatemincaritate.com\\\/wp\\\/2019\\\/12\\\/santa-lucia-riacquistare-la-vista-per-fissare-gli-occhi-al-cielo\\\/#primaryimage\"},\"thumbnailUrl\":\"https:\\\/\\\/www.veritatemincaritate.com\\\/wp\\\/wp-content\\\/uploads\\\/2019\\\/12\\\/S.Lucia_.jpg\",\"datePublished\":\"2019-12-13T07:25:53+00:00\",\"dateModified\":\"2019-12-16T08:42:38+00:00\",\"breadcrumb\":{\"@id\":\"https:\\\/\\\/www.veritatemincaritate.com\\\/wp\\\/2019\\\/12\\\/santa-lucia-riacquistare-la-vista-per-fissare-gli-occhi-al-cielo\\\/#breadcrumb\"},\"inLanguage\":\"it-IT\",\"potentialAction\":[{\"@type\":\"ReadAction\",\"target\":[\"https:\\\/\\\/www.veritatemincaritate.com\\\/wp\\\/2019\\\/12\\\/santa-lucia-riacquistare-la-vista-per-fissare-gli-occhi-al-cielo\\\/\"]}]},{\"@type\":\"ImageObject\",\"inLanguage\":\"it-IT\",\"@id\":\"https:\\\/\\\/www.veritatemincaritate.com\\\/wp\\\/2019\\\/12\\\/santa-lucia-riacquistare-la-vista-per-fissare-gli-occhi-al-cielo\\\/#primaryimage\",\"url\":\"https:\\\/\\\/www.veritatemincaritate.com\\\/wp\\\/wp-content\\\/uploads\\\/2019\\\/12\\\/S.Lucia_.jpg\",\"contentUrl\":\"https:\\\/\\\/www.veritatemincaritate.com\\\/wp\\\/wp-content\\\/uploads\\\/2019\\\/12\\\/S.Lucia_.jpg\",\"width\":600,\"height\":400},{\"@type\":\"BreadcrumbList\",\"@id\":\"https:\\\/\\\/www.veritatemincaritate.com\\\/wp\\\/2019\\\/12\\\/santa-lucia-riacquistare-la-vista-per-fissare-gli-occhi-al-cielo\\\/#breadcrumb\",\"itemListElement\":[{\"@type\":\"ListItem\",\"position\":1,\"name\":\"Home\",\"item\":\"https:\\\/\\\/www.veritatemincaritate.com\\\/wp\\\/\"},{\"@type\":\"ListItem\",\"position\":2,\"name\":\"Santa Lucia: riacquistare la vista per fissare gli occhi al Cielo\"}]},{\"@type\":\"WebSite\",\"@id\":\"https:\\\/\\\/www.veritatemincaritate.com\\\/wp\\\/#website\",\"url\":\"https:\\\/\\\/www.veritatemincaritate.com\\\/wp\\\/\",\"name\":\"Veritatemincaritate\",\"description\":\"Agendo secondo verit\u00e0 nella carit\u00e0, cerchiamo di crescere in ogni cosa tendendo a lui, che \u00e8 il capo, Cristo\",\"publisher\":{\"@id\":\"https:\\\/\\\/www.veritatemincaritate.com\\\/wp\\\/#organization\"},\"potentialAction\":[{\"@type\":\"SearchAction\",\"target\":{\"@type\":\"EntryPoint\",\"urlTemplate\":\"https:\\\/\\\/www.veritatemincaritate.com\\\/wp\\\/?s={search_term_string}\"},\"query-input\":{\"@type\":\"PropertyValueSpecification\",\"valueRequired\":true,\"valueName\":\"search_term_string\"}}],\"inLanguage\":\"it-IT\"},{\"@type\":\"Organization\",\"@id\":\"https:\\\/\\\/www.veritatemincaritate.com\\\/wp\\\/#organization\",\"name\":\"Veritatem facientes in Caritate\",\"url\":\"https:\\\/\\\/www.veritatemincaritate.com\\\/wp\\\/\",\"logo\":{\"@type\":\"ImageObject\",\"inLanguage\":\"it-IT\",\"@id\":\"https:\\\/\\\/www.veritatemincaritate.com\\\/wp\\\/#\\\/schema\\\/logo\\\/image\\\/\",\"url\":\"https:\\\/\\\/www.veritatemincaritate.com\\\/wp\\\/wp-content\\\/uploads\\\/2020\\\/07\\\/Logo-VIC-per-canale-Youtube.jpg\",\"contentUrl\":\"https:\\\/\\\/www.veritatemincaritate.com\\\/wp\\\/wp-content\\\/uploads\\\/2020\\\/07\\\/Logo-VIC-per-canale-Youtube.jpg\",\"width\":720,\"height\":720,\"caption\":\"Veritatem facientes in Caritate\"},\"image\":{\"@id\":\"https:\\\/\\\/www.veritatemincaritate.com\\\/wp\\\/#\\\/schema\\\/logo\\\/image\\\/\"},\"sameAs\":[\"https:\\\/\\\/www.facebook.com\\\/pgiorgiomariafare\",\"https:\\\/\\\/instagram.com\\\/padre_giorgio_maria_fare?igshid=1p8wsw6b3edkc\",\"https:\\\/\\\/www.youtube.com\\\/channel\\\/UCFqjpT1nX60rx3m_SELg3lA\"]},{\"@type\":\"Person\",\"@id\":\"https:\\\/\\\/www.veritatemincaritate.com\\\/wp\\\/#\\\/schema\\\/person\\\/ae324896700d097ddc6db39f45894b80\",\"name\":\"Is551011\",\"image\":{\"@type\":\"ImageObject\",\"inLanguage\":\"it-IT\",\"@id\":\"https:\\\/\\\/secure.gravatar.com\\\/avatar\\\/c031fff76d6f121d3530ae43ac8407bd6ac4d5c3c8a89c237d6990047f9a6307?s=96&d=mm&r=g\",\"url\":\"https:\\\/\\\/secure.gravatar.com\\\/avatar\\\/c031fff76d6f121d3530ae43ac8407bd6ac4d5c3c8a89c237d6990047f9a6307?s=96&d=mm&r=g\",\"contentUrl\":\"https:\\\/\\\/secure.gravatar.com\\\/avatar\\\/c031fff76d6f121d3530ae43ac8407bd6ac4d5c3c8a89c237d6990047f9a6307?s=96&d=mm&r=g\",\"caption\":\"Is551011\"}}]}<\/script>\n<!-- \/ Yoast SEO plugin. -->","yoast_head_json":{"title":"Santa Lucia: riacquistare la vista per fissare gli occhi al Cielo - Veritatemincaritate","robots":{"index":"index","follow":"follow","max-snippet":"max-snippet:-1","max-image-preview":"max-image-preview:large","max-video-preview":"max-video-preview:-1"},"canonical":"https:\/\/www.veritatemincaritate.com\/wp\/2019\/12\/santa-lucia-riacquistare-la-vista-per-fissare-gli-occhi-al-cielo\/","og_locale":"it_IT","og_type":"article","og_title":"Santa Lucia: riacquistare la vista per fissare gli occhi al Cielo - Veritatemincaritate","og_description":"[vc_row][vc_column][vc_column_text] Omelia Pubblichiamo l\u2019audio di un\u2019omelia di venerd\u00ec 13 dicembre 2019 &#8211; Memoria di S. Lucia Predicatore:\u00a0p. Giorgio Maria Far\u00e9,...","og_url":"https:\/\/www.veritatemincaritate.com\/wp\/2019\/12\/santa-lucia-riacquistare-la-vista-per-fissare-gli-occhi-al-cielo\/","og_site_name":"Veritatemincaritate","article_publisher":"https:\/\/www.facebook.com\/pgiorgiomariafare","article_published_time":"2019-12-13T07:25:53+00:00","article_modified_time":"2019-12-16T08:42:38+00:00","og_image":[{"width":600,"height":400,"url":"https:\/\/www.veritatemincaritate.com\/wp\/wp-content\/uploads\/2019\/12\/S.Lucia_.jpg","type":"image\/jpeg"}],"author":"Is551011","twitter_card":"summary_large_image","twitter_misc":{"Scritto da":"Is551011","Tempo di lettura stimato":"4 minuti"},"schema":{"@context":"https:\/\/schema.org","@graph":[{"@type":"Article","@id":"https:\/\/www.veritatemincaritate.com\/wp\/2019\/12\/santa-lucia-riacquistare-la-vista-per-fissare-gli-occhi-al-cielo\/#article","isPartOf":{"@id":"https:\/\/www.veritatemincaritate.com\/wp\/2019\/12\/santa-lucia-riacquistare-la-vista-per-fissare-gli-occhi-al-cielo\/"},"author":{"name":"Is551011","@id":"https:\/\/www.veritatemincaritate.com\/wp\/#\/schema\/person\/ae324896700d097ddc6db39f45894b80"},"headline":"Santa Lucia: riacquistare la vista per fissare gli occhi al Cielo","datePublished":"2019-12-13T07:25:53+00:00","dateModified":"2019-12-16T08:42:38+00:00","mainEntityOfPage":{"@id":"https:\/\/www.veritatemincaritate.com\/wp\/2019\/12\/santa-lucia-riacquistare-la-vista-per-fissare-gli-occhi-al-cielo\/"},"wordCount":737,"publisher":{"@id":"https:\/\/www.veritatemincaritate.com\/wp\/#organization"},"image":{"@id":"https:\/\/www.veritatemincaritate.com\/wp\/2019\/12\/santa-lucia-riacquistare-la-vista-per-fissare-gli-occhi-al-cielo\/#primaryimage"},"thumbnailUrl":"https:\/\/www.veritatemincaritate.com\/wp\/wp-content\/uploads\/2019\/12\/S.Lucia_.jpg","keywords":["carit\u00e0","fede","omelie","p. Giorgio Maria Far\u00e9","S. Lucia","speranza"],"articleSection":["Omelie"],"inLanguage":"it-IT"},{"@type":"WebPage","@id":"https:\/\/www.veritatemincaritate.com\/wp\/2019\/12\/santa-lucia-riacquistare-la-vista-per-fissare-gli-occhi-al-cielo\/","url":"https:\/\/www.veritatemincaritate.com\/wp\/2019\/12\/santa-lucia-riacquistare-la-vista-per-fissare-gli-occhi-al-cielo\/","name":"Santa Lucia: riacquistare la vista per fissare gli occhi al Cielo - Veritatemincaritate","isPartOf":{"@id":"https:\/\/www.veritatemincaritate.com\/wp\/#website"},"primaryImageOfPage":{"@id":"https:\/\/www.veritatemincaritate.com\/wp\/2019\/12\/santa-lucia-riacquistare-la-vista-per-fissare-gli-occhi-al-cielo\/#primaryimage"},"image":{"@id":"https:\/\/www.veritatemincaritate.com\/wp\/2019\/12\/santa-lucia-riacquistare-la-vista-per-fissare-gli-occhi-al-cielo\/#primaryimage"},"thumbnailUrl":"https:\/\/www.veritatemincaritate.com\/wp\/wp-content\/uploads\/2019\/12\/S.Lucia_.jpg","datePublished":"2019-12-13T07:25:53+00:00","dateModified":"2019-12-16T08:42:38+00:00","breadcrumb":{"@id":"https:\/\/www.veritatemincaritate.com\/wp\/2019\/12\/santa-lucia-riacquistare-la-vista-per-fissare-gli-occhi-al-cielo\/#breadcrumb"},"inLanguage":"it-IT","potentialAction":[{"@type":"ReadAction","target":["https:\/\/www.veritatemincaritate.com\/wp\/2019\/12\/santa-lucia-riacquistare-la-vista-per-fissare-gli-occhi-al-cielo\/"]}]},{"@type":"ImageObject","inLanguage":"it-IT","@id":"https:\/\/www.veritatemincaritate.com\/wp\/2019\/12\/santa-lucia-riacquistare-la-vista-per-fissare-gli-occhi-al-cielo\/#primaryimage","url":"https:\/\/www.veritatemincaritate.com\/wp\/wp-content\/uploads\/2019\/12\/S.Lucia_.jpg","contentUrl":"https:\/\/www.veritatemincaritate.com\/wp\/wp-content\/uploads\/2019\/12\/S.Lucia_.jpg","width":600,"height":400},{"@type":"BreadcrumbList","@id":"https:\/\/www.veritatemincaritate.com\/wp\/2019\/12\/santa-lucia-riacquistare-la-vista-per-fissare-gli-occhi-al-cielo\/#breadcrumb","itemListElement":[{"@type":"ListItem","position":1,"name":"Home","item":"https:\/\/www.veritatemincaritate.com\/wp\/"},{"@type":"ListItem","position":2,"name":"Santa Lucia: riacquistare la vista per fissare gli occhi al Cielo"}]},{"@type":"WebSite","@id":"https:\/\/www.veritatemincaritate.com\/wp\/#website","url":"https:\/\/www.veritatemincaritate.com\/wp\/","name":"Veritatemincaritate","description":"Agendo secondo verit\u00e0 nella carit\u00e0, cerchiamo di crescere in ogni cosa tendendo a lui, che \u00e8 il capo, Cristo","publisher":{"@id":"https:\/\/www.veritatemincaritate.com\/wp\/#organization"},"potentialAction":[{"@type":"SearchAction","target":{"@type":"EntryPoint","urlTemplate":"https:\/\/www.veritatemincaritate.com\/wp\/?s={search_term_string}"},"query-input":{"@type":"PropertyValueSpecification","valueRequired":true,"valueName":"search_term_string"}}],"inLanguage":"it-IT"},{"@type":"Organization","@id":"https:\/\/www.veritatemincaritate.com\/wp\/#organization","name":"Veritatem facientes in Caritate","url":"https:\/\/www.veritatemincaritate.com\/wp\/","logo":{"@type":"ImageObject","inLanguage":"it-IT","@id":"https:\/\/www.veritatemincaritate.com\/wp\/#\/schema\/logo\/image\/","url":"https:\/\/www.veritatemincaritate.com\/wp\/wp-content\/uploads\/2020\/07\/Logo-VIC-per-canale-Youtube.jpg","contentUrl":"https:\/\/www.veritatemincaritate.com\/wp\/wp-content\/uploads\/2020\/07\/Logo-VIC-per-canale-Youtube.jpg","width":720,"height":720,"caption":"Veritatem facientes in Caritate"},"image":{"@id":"https:\/\/www.veritatemincaritate.com\/wp\/#\/schema\/logo\/image\/"},"sameAs":["https:\/\/www.facebook.com\/pgiorgiomariafare","https:\/\/instagram.com\/padre_giorgio_maria_fare?igshid=1p8wsw6b3edkc","https:\/\/www.youtube.com\/channel\/UCFqjpT1nX60rx3m_SELg3lA"]},{"@type":"Person","@id":"https:\/\/www.veritatemincaritate.com\/wp\/#\/schema\/person\/ae324896700d097ddc6db39f45894b80","name":"Is551011","image":{"@type":"ImageObject","inLanguage":"it-IT","@id":"https:\/\/secure.gravatar.com\/avatar\/c031fff76d6f121d3530ae43ac8407bd6ac4d5c3c8a89c237d6990047f9a6307?s=96&d=mm&r=g","url":"https:\/\/secure.gravatar.com\/avatar\/c031fff76d6f121d3530ae43ac8407bd6ac4d5c3c8a89c237d6990047f9a6307?s=96&d=mm&r=g","contentUrl":"https:\/\/secure.gravatar.com\/avatar\/c031fff76d6f121d3530ae43ac8407bd6ac4d5c3c8a89c237d6990047f9a6307?s=96&d=mm&r=g","caption":"Is551011"}}]}},"menu_order":0,"_links":{"self":[{"href":"https:\/\/www.veritatemincaritate.com\/wp\/wp-json\/wp\/v2\/posts\/13166","targetHints":{"allow":["GET"]}}],"collection":[{"href":"https:\/\/www.veritatemincaritate.com\/wp\/wp-json\/wp\/v2\/posts"}],"about":[{"href":"https:\/\/www.veritatemincaritate.com\/wp\/wp-json\/wp\/v2\/types\/post"}],"author":[{"embeddable":true,"href":"https:\/\/www.veritatemincaritate.com\/wp\/wp-json\/wp\/v2\/users\/4"}],"replies":[{"embeddable":true,"href":"https:\/\/www.veritatemincaritate.com\/wp\/wp-json\/wp\/v2\/comments?post=13166"}],"version-history":[{"count":0,"href":"https:\/\/www.veritatemincaritate.com\/wp\/wp-json\/wp\/v2\/posts\/13166\/revisions"}],"wp:featuredmedia":[{"embeddable":true,"href":"https:\/\/www.veritatemincaritate.com\/wp\/wp-json\/wp\/v2\/media\/13481"}],"wp:attachment":[{"href":"https:\/\/www.veritatemincaritate.com\/wp\/wp-json\/wp\/v2\/media?parent=13166"}],"wp:term":[{"taxonomy":"category","embeddable":true,"href":"https:\/\/www.veritatemincaritate.com\/wp\/wp-json\/wp\/v2\/categories?post=13166"},{"taxonomy":"post_tag","embeddable":true,"href":"https:\/\/www.veritatemincaritate.com\/wp\/wp-json\/wp\/v2\/tags?post=13166"}],"curies":[{"name":"wp","href":"https:\/\/api.w.org\/{rel}","templated":true}]}}