{"id":14659,"date":"2020-04-07T09:02:11","date_gmt":"2020-04-07T07:02:11","guid":{"rendered":"https:\/\/www.veritatemincaritate.com\/?p=14659"},"modified":"2020-04-09T11:35:36","modified_gmt":"2020-04-09T09:35:36","slug":"pietro-e-giovanni-lultima-cena","status":"publish","type":"post","link":"https:\/\/www.veritatemincaritate.com\/wp\/2020\/04\/pietro-e-giovanni-lultima-cena\/","title":{"rendered":"Pietro e Giovanni: l\u2019Ultima Cena"},"content":{"rendered":"<div class=\"wpb-content-wrapper\"><p>[vc_row][vc_column][vc_column_text]<\/p>\n<h3>Meditazione<\/h3>\n<div class=\"vc_row wpb_row vc_row-fluid\">\n<div class=\"wpb_column vc_column_container vc_col-sm-12\">\n<div class=\"vc_column-inner \">\n<div class=\"wpb_wrapper\">\n<div class=\"wpb_text_column wpb_content_element \">\n<div class=\"wpb_wrapper\">\n<p>Pubblichiamo l\u2019audio di una meditazione di marted\u00ec 7 aprile 2020<\/p>\n<p>Predicatore:\u00a0p. Giorgio Maria Far\u00e9, OCD<\/p>\n<\/div>\n<\/div>\n<\/div>\n<\/div>\n<\/div>\n<\/div>\n<p>[\/vc_column_text][vc_column_text]<\/p>\n<h4>Ascolta la registrazione:<\/h4>\n<p>Per motivi di intenso traffico non ci \u00e8 possibile rendere disponibile l&#8217;ascolto dei file audio direttamente dal nostro sito. Se hai dubbi su come fare, vai alle <a href=\"http:\/\/www.veritatemincaritate.com\/chi-siamo\/istruzioni-per-lascolto-delle-registrazioni\/\" target=\"_blank\" rel=\"noopener noreferrer\">istruzioni per l&#8217;ascolto delle registrazioni<\/a>.[\/vc_column_text][\/vc_column][\/vc_row][vc_row][vc_column][vc_row_inner][vc_column_inner width=&#8221;1\/2&#8243;][vc_column_text]<style type=\"text\/css\">.thegem-button-69f37448c31488860 .gem-button {font-size: 14px;}.thegem-button-69f37448c31488860 .gem-button-text {font-size: 14px;}.thegem-button-69f37448c31488860 .gem-button svg {fill: #FFFFFF;}<\/style><div class=\"gem-button-container gem-button-position-inline thegem-button-69f37448c31488860    \"  ><a class=\"gem-button gem-button-size-small gem-button-style-flat gem-button-text-weight-normal\" data-ll-effect=\"drop-right-without-wrap\" style=\"border-radius: 3px;background-color: #FF5C00;color: #FFFFFF;\" onmouseleave=\"this.style.backgroundColor='#FF5C00';this.style.color='#FFFFFF';\" onmouseenter=\"\" href=\"https:\/\/www.dropbox.com\/s\/ow50aptvuyqjf9w\/200407-Omelie-PteGv.m4a?dl=1\" target=\"_self\">Scarica la meditazione<\/a><\/div> [\/vc_column_text][\/vc_column_inner][vc_column_inner width=&#8221;1\/2&#8243;][vc_column_text]<style type=\"text\/css\">.thegem-button-69f37448c36dd5753 .gem-button {font-size: 14px;}.thegem-button-69f37448c36dd5753 .gem-button-text {font-size: 14px;}.thegem-button-69f37448c36dd5753 .gem-button svg {fill: #FFFFFF;}<\/style><div class=\"gem-button-container gem-button-position-inline thegem-button-69f37448c36dd5753    \"  ><a class=\"gem-button gem-button-size-small gem-button-style-flat gem-button-text-weight-normal\" data-ll-effect=\"drop-right-without-wrap\" style=\"border-radius: 3px;background-color: #FF5C00;color: #FFFFFF;\" onmouseleave=\"this.style.backgroundColor='#FF5C00';this.style.color='#FFFFFF';\" onmouseenter=\"\" href=\"https:\/\/www.dropbox.com\/s\/ow50aptvuyqjf9w\/200407-Omelie-PteGv.m4a?dl=0\" target=\"_self\">Ascolta la meditazione<\/a><\/div> [\/vc_column_text][\/vc_column_inner][\/vc_row_inner][vc_empty_space][\/vc_column][\/vc_row][vc_row][vc_column][vc_separator color=&#8221;orange&#8221;][vc_cta h2=&#8221;Leggi il testo della meditazione&#8221; color=&#8221;blue&#8221; add_button=&#8221;bottom&#8221; btn_title=&#8221;Scarica il pdf&#8221; btn_color=&#8221;orange&#8221; btn_link=&#8221;url:https%3A%2F%2Fwww.veritatemincaritate.com%2Fwp%2Fwp-content%2Fuploads%2F2020%2F04%2F200407-L%E2%80%99Utima-Cena.pdf||target:%20_blank|&#8221;][\/vc_cta][vc_separator color=&#8221;orange&#8221;][\/vc_column][\/vc_row][vc_row][vc_column][vc_column_text]<\/p>\n<div class=\"titolo\">\n<div class=\"bulltitledate titolo\">\n<h2><b>Letture<\/b><\/h2>\n<\/div>\n<\/div>\n<p>[\/vc_column_text][vc_column_text]<\/p>\n<div class=\"titolo\">\n<div class=\"bulltitledate titolo\">\n<p><strong>VANGELO<\/strong><em> (Gv 13,21-33.36-38)<\/em><br \/>\n<em>Uno di voi mi tradir\u00e0\u2026 Non canter\u00e0 il gallo, prima che tu non m\u2019abbia rinnegato tre volte.<\/em><\/p>\n<p>In quel tempo, [mentre era a mensa con i suoi discepoli,] Ges\u00f9 fu profondamente turbato e dichiar\u00f2: \u00abIn verit\u00e0, in verit\u00e0 io vi dico: uno di voi mi tradir\u00e0\u00bb.<br \/>\nI discepoli si guardavano l\u2019un l\u2019altro, non sapendo bene di chi parlasse. Ora uno dei discepoli, quello che Ges\u00f9 amava, si trovava a tavola al fianco di Ges\u00f9. Simon Pietro gli fece cenno di informarsi chi fosse quello di cui parlava. Ed egli, chinandosi sul petto di Ges\u00f9, gli disse: \u00abSignore, chi \u00e8?\u00bb. Rispose Ges\u00f9: \u00ab\u00c8 colui per il quale intinger\u00f2 il boccone e glielo dar\u00f2\u00bb. E, intinto il boccone, lo prese e lo diede a Giuda, figlio di Simone Iscari\u00f2ta. Allora, dopo il boccone, Satana entr\u00f2 in lui.<br \/>\nGli disse dunque Ges\u00f9: \u00abQuello che vuoi fare, fallo presto\u00bb. Nessuno dei commensali cap\u00ec perch\u00e9 gli avesse detto questo; alcuni infatti pensavano che, poich\u00e9 Giuda teneva la cassa, Ges\u00f9 gli avesse detto: \u00abCompra quello che ci occorre per la festa\u00bb, oppure che dovesse dare qualche cosa ai poveri. Egli, preso il boccone, subito usc\u00ec. Ed era notte.<br \/>\nQuando fu uscito, Ges\u00f9 disse: \u00abOra il Figlio dell\u2019uomo \u00e8 stato glorificato, e Dio \u00e8 stato glorificato in lui. Se Dio \u00e8 stato glorificato in lui, anche Dio lo glorificher\u00e0 da parte sua e lo glorificher\u00e0 subito. Figlioli, ancora per poco sono con voi; voi mi cercherete ma, come ho detto ai Giudei, ora lo dico anche a voi: dove vado io, voi non potete venire\u00bb.<br \/>\nSimon Pietro gli disse: \u00abSignore, dove vai?\u00bb. Gli rispose Ges\u00f9: \u00abDove io vado, tu per ora non puoi seguirmi; mi seguirai pi\u00f9 tardi\u00bb. Pietro disse: \u00abSignore, perch\u00e9 non posso seguirti ora? Dar\u00f2 la mia vita per te!\u00bb. Rispose Ges\u00f9: \u00abDarai la tua vita per me? In verit\u00e0, in verit\u00e0 io ti dico: non canter\u00e0 il gallo, prima che tu non m\u2019abbia rinnegato tre volte\u00bb.<\/p>\n<\/div>\n<\/div>\n<p>[\/vc_column_text][\/vc_column][\/vc_row]<\/p>\n<\/div>","protected":false},"excerpt":{"rendered":"<p>[vc_row][vc_column][vc_column_text] Meditazione Pubblichiamo l\u2019audio di una meditazione di marted\u00ec 7 aprile 2020 Predicatore:\u00a0p. Giorgio Maria Far\u00e9, OCD [\/vc_column_text][vc_column_text] Ascolta la&#8230;<\/p>\n","protected":false},"author":4,"featured_media":4751,"comment_status":"closed","ping_status":"closed","sticky":false,"template":"","format":"standard","meta":{"footnotes":""},"categories":[15],"tags":[8258,17,2247,3602],"class_list":{"0":"post-14659","1":"post","2":"type-post","3":"status-publish","4":"format-standard","5":"has-post-thumbnail","7":"category-omelie","8":"tag-meditazioni","9":"tag-p-giorgio-maria-fare","10":"tag-s-giovanni","11":"tag-s-pietro"},"yoast_head":"<!-- This site is optimized with the Yoast SEO plugin v27.5 - https:\/\/yoast.com\/product\/yoast-seo-wordpress\/ -->\n<title>Pietro e Giovanni: l\u2019Ultima Cena - Veritatemincaritate<\/title>\n<meta name=\"robots\" content=\"index, follow, max-snippet:-1, max-image-preview:large, max-video-preview:-1\" \/>\n<link rel=\"canonical\" href=\"https:\/\/www.veritatemincaritate.com\/wp\/2020\/04\/pietro-e-giovanni-lultima-cena\/\" \/>\n<meta property=\"og:locale\" content=\"it_IT\" \/>\n<meta property=\"og:type\" content=\"article\" \/>\n<meta property=\"og:title\" content=\"Pietro e Giovanni: l\u2019Ultima Cena - Veritatemincaritate\" \/>\n<meta property=\"og:description\" content=\"[vc_row][vc_column][vc_column_text] Meditazione Pubblichiamo l\u2019audio di una meditazione di marted\u00ec 7 aprile 2020 Predicatore:\u00a0p. Giorgio Maria Far\u00e9, OCD [\/vc_column_text][vc_column_text] Ascolta la...\" \/>\n<meta property=\"og:url\" content=\"https:\/\/www.veritatemincaritate.com\/wp\/2020\/04\/pietro-e-giovanni-lultima-cena\/\" \/>\n<meta property=\"og:site_name\" content=\"Veritatemincaritate\" \/>\n<meta property=\"article:publisher\" content=\"https:\/\/www.facebook.com\/pgiorgiomariafare\" \/>\n<meta property=\"article:published_time\" content=\"2020-04-07T07:02:11+00:00\" \/>\n<meta property=\"article:modified_time\" content=\"2020-04-09T09:35:36+00:00\" \/>\n<meta property=\"og:image\" content=\"https:\/\/www.veritatemincaritate.com\/wp\/wp-content\/uploads\/2017\/01\/Separazione_Chiesa-Tradimento-Giuda.jpg\" \/>\n\t<meta property=\"og:image:width\" content=\"600\" \/>\n\t<meta property=\"og:image:height\" content=\"400\" \/>\n\t<meta property=\"og:image:type\" content=\"image\/jpeg\" \/>\n<meta name=\"author\" content=\"Is551011\" \/>\n<meta name=\"twitter:card\" content=\"summary_large_image\" \/>\n<meta name=\"twitter:label1\" content=\"Scritto da\" \/>\n\t<meta name=\"twitter:data1\" content=\"Is551011\" \/>\n\t<meta name=\"twitter:label2\" content=\"Tempo di lettura stimato\" \/>\n\t<meta name=\"twitter:data2\" content=\"3 minuti\" \/>\n<script type=\"application\/ld+json\" class=\"yoast-schema-graph\">{\"@context\":\"https:\\\/\\\/schema.org\",\"@graph\":[{\"@type\":\"Article\",\"@id\":\"https:\\\/\\\/www.veritatemincaritate.com\\\/wp\\\/2020\\\/04\\\/pietro-e-giovanni-lultima-cena\\\/#article\",\"isPartOf\":{\"@id\":\"https:\\\/\\\/www.veritatemincaritate.com\\\/wp\\\/2020\\\/04\\\/pietro-e-giovanni-lultima-cena\\\/\"},\"author\":{\"name\":\"Is551011\",\"@id\":\"https:\\\/\\\/www.veritatemincaritate.com\\\/wp\\\/#\\\/schema\\\/person\\\/ae324896700d097ddc6db39f45894b80\"},\"headline\":\"Pietro e Giovanni: l\u2019Ultima Cena\",\"datePublished\":\"2020-04-07T07:02:11+00:00\",\"dateModified\":\"2020-04-09T09:35:36+00:00\",\"mainEntityOfPage\":{\"@id\":\"https:\\\/\\\/www.veritatemincaritate.com\\\/wp\\\/2020\\\/04\\\/pietro-e-giovanni-lultima-cena\\\/\"},\"wordCount\":625,\"publisher\":{\"@id\":\"https:\\\/\\\/www.veritatemincaritate.com\\\/wp\\\/#organization\"},\"image\":{\"@id\":\"https:\\\/\\\/www.veritatemincaritate.com\\\/wp\\\/2020\\\/04\\\/pietro-e-giovanni-lultima-cena\\\/#primaryimage\"},\"thumbnailUrl\":\"https:\\\/\\\/www.veritatemincaritate.com\\\/wp\\\/wp-content\\\/uploads\\\/2017\\\/01\\\/Separazione_Chiesa-Tradimento-Giuda.jpg\",\"keywords\":[\"meditazioni\",\"p. Giorgio Maria Far\u00e9\",\"S. Giovanni\",\"S. Pietro\"],\"articleSection\":[\"Omelie\"],\"inLanguage\":\"it-IT\"},{\"@type\":\"WebPage\",\"@id\":\"https:\\\/\\\/www.veritatemincaritate.com\\\/wp\\\/2020\\\/04\\\/pietro-e-giovanni-lultima-cena\\\/\",\"url\":\"https:\\\/\\\/www.veritatemincaritate.com\\\/wp\\\/2020\\\/04\\\/pietro-e-giovanni-lultima-cena\\\/\",\"name\":\"Pietro e Giovanni: l\u2019Ultima Cena - Veritatemincaritate\",\"isPartOf\":{\"@id\":\"https:\\\/\\\/www.veritatemincaritate.com\\\/wp\\\/#website\"},\"primaryImageOfPage\":{\"@id\":\"https:\\\/\\\/www.veritatemincaritate.com\\\/wp\\\/2020\\\/04\\\/pietro-e-giovanni-lultima-cena\\\/#primaryimage\"},\"image\":{\"@id\":\"https:\\\/\\\/www.veritatemincaritate.com\\\/wp\\\/2020\\\/04\\\/pietro-e-giovanni-lultima-cena\\\/#primaryimage\"},\"thumbnailUrl\":\"https:\\\/\\\/www.veritatemincaritate.com\\\/wp\\\/wp-content\\\/uploads\\\/2017\\\/01\\\/Separazione_Chiesa-Tradimento-Giuda.jpg\",\"datePublished\":\"2020-04-07T07:02:11+00:00\",\"dateModified\":\"2020-04-09T09:35:36+00:00\",\"breadcrumb\":{\"@id\":\"https:\\\/\\\/www.veritatemincaritate.com\\\/wp\\\/2020\\\/04\\\/pietro-e-giovanni-lultima-cena\\\/#breadcrumb\"},\"inLanguage\":\"it-IT\",\"potentialAction\":[{\"@type\":\"ReadAction\",\"target\":[\"https:\\\/\\\/www.veritatemincaritate.com\\\/wp\\\/2020\\\/04\\\/pietro-e-giovanni-lultima-cena\\\/\"]}]},{\"@type\":\"ImageObject\",\"inLanguage\":\"it-IT\",\"@id\":\"https:\\\/\\\/www.veritatemincaritate.com\\\/wp\\\/2020\\\/04\\\/pietro-e-giovanni-lultima-cena\\\/#primaryimage\",\"url\":\"https:\\\/\\\/www.veritatemincaritate.com\\\/wp\\\/wp-content\\\/uploads\\\/2017\\\/01\\\/Separazione_Chiesa-Tradimento-Giuda.jpg\",\"contentUrl\":\"https:\\\/\\\/www.veritatemincaritate.com\\\/wp\\\/wp-content\\\/uploads\\\/2017\\\/01\\\/Separazione_Chiesa-Tradimento-Giuda.jpg\",\"width\":600,\"height\":400},{\"@type\":\"BreadcrumbList\",\"@id\":\"https:\\\/\\\/www.veritatemincaritate.com\\\/wp\\\/2020\\\/04\\\/pietro-e-giovanni-lultima-cena\\\/#breadcrumb\",\"itemListElement\":[{\"@type\":\"ListItem\",\"position\":1,\"name\":\"Home\",\"item\":\"https:\\\/\\\/www.veritatemincaritate.com\\\/wp\\\/\"},{\"@type\":\"ListItem\",\"position\":2,\"name\":\"Pietro e Giovanni: l\u2019Ultima Cena\"}]},{\"@type\":\"WebSite\",\"@id\":\"https:\\\/\\\/www.veritatemincaritate.com\\\/wp\\\/#website\",\"url\":\"https:\\\/\\\/www.veritatemincaritate.com\\\/wp\\\/\",\"name\":\"Veritatemincaritate\",\"description\":\"Agendo secondo verit\u00e0 nella carit\u00e0, cerchiamo di crescere in ogni cosa tendendo a lui, che \u00e8 il capo, Cristo\",\"publisher\":{\"@id\":\"https:\\\/\\\/www.veritatemincaritate.com\\\/wp\\\/#organization\"},\"potentialAction\":[{\"@type\":\"SearchAction\",\"target\":{\"@type\":\"EntryPoint\",\"urlTemplate\":\"https:\\\/\\\/www.veritatemincaritate.com\\\/wp\\\/?s={search_term_string}\"},\"query-input\":{\"@type\":\"PropertyValueSpecification\",\"valueRequired\":true,\"valueName\":\"search_term_string\"}}],\"inLanguage\":\"it-IT\"},{\"@type\":\"Organization\",\"@id\":\"https:\\\/\\\/www.veritatemincaritate.com\\\/wp\\\/#organization\",\"name\":\"Veritatem facientes in Caritate\",\"url\":\"https:\\\/\\\/www.veritatemincaritate.com\\\/wp\\\/\",\"logo\":{\"@type\":\"ImageObject\",\"inLanguage\":\"it-IT\",\"@id\":\"https:\\\/\\\/www.veritatemincaritate.com\\\/wp\\\/#\\\/schema\\\/logo\\\/image\\\/\",\"url\":\"https:\\\/\\\/www.veritatemincaritate.com\\\/wp\\\/wp-content\\\/uploads\\\/2020\\\/07\\\/Logo-VIC-per-canale-Youtube.jpg\",\"contentUrl\":\"https:\\\/\\\/www.veritatemincaritate.com\\\/wp\\\/wp-content\\\/uploads\\\/2020\\\/07\\\/Logo-VIC-per-canale-Youtube.jpg\",\"width\":720,\"height\":720,\"caption\":\"Veritatem facientes in Caritate\"},\"image\":{\"@id\":\"https:\\\/\\\/www.veritatemincaritate.com\\\/wp\\\/#\\\/schema\\\/logo\\\/image\\\/\"},\"sameAs\":[\"https:\\\/\\\/www.facebook.com\\\/pgiorgiomariafare\",\"https:\\\/\\\/instagram.com\\\/padre_giorgio_maria_fare?igshid=1p8wsw6b3edkc\",\"https:\\\/\\\/www.youtube.com\\\/channel\\\/UCFqjpT1nX60rx3m_SELg3lA\"]},{\"@type\":\"Person\",\"@id\":\"https:\\\/\\\/www.veritatemincaritate.com\\\/wp\\\/#\\\/schema\\\/person\\\/ae324896700d097ddc6db39f45894b80\",\"name\":\"Is551011\",\"image\":{\"@type\":\"ImageObject\",\"inLanguage\":\"it-IT\",\"@id\":\"https:\\\/\\\/secure.gravatar.com\\\/avatar\\\/c031fff76d6f121d3530ae43ac8407bd6ac4d5c3c8a89c237d6990047f9a6307?s=96&d=mm&r=g\",\"url\":\"https:\\\/\\\/secure.gravatar.com\\\/avatar\\\/c031fff76d6f121d3530ae43ac8407bd6ac4d5c3c8a89c237d6990047f9a6307?s=96&d=mm&r=g\",\"contentUrl\":\"https:\\\/\\\/secure.gravatar.com\\\/avatar\\\/c031fff76d6f121d3530ae43ac8407bd6ac4d5c3c8a89c237d6990047f9a6307?s=96&d=mm&r=g\",\"caption\":\"Is551011\"}}]}<\/script>\n<!-- \/ Yoast SEO plugin. -->","yoast_head_json":{"title":"Pietro e Giovanni: l\u2019Ultima Cena - Veritatemincaritate","robots":{"index":"index","follow":"follow","max-snippet":"max-snippet:-1","max-image-preview":"max-image-preview:large","max-video-preview":"max-video-preview:-1"},"canonical":"https:\/\/www.veritatemincaritate.com\/wp\/2020\/04\/pietro-e-giovanni-lultima-cena\/","og_locale":"it_IT","og_type":"article","og_title":"Pietro e Giovanni: l\u2019Ultima Cena - Veritatemincaritate","og_description":"[vc_row][vc_column][vc_column_text] Meditazione Pubblichiamo l\u2019audio di una meditazione di marted\u00ec 7 aprile 2020 Predicatore:\u00a0p. Giorgio Maria Far\u00e9, OCD [\/vc_column_text][vc_column_text] Ascolta la...","og_url":"https:\/\/www.veritatemincaritate.com\/wp\/2020\/04\/pietro-e-giovanni-lultima-cena\/","og_site_name":"Veritatemincaritate","article_publisher":"https:\/\/www.facebook.com\/pgiorgiomariafare","article_published_time":"2020-04-07T07:02:11+00:00","article_modified_time":"2020-04-09T09:35:36+00:00","og_image":[{"width":600,"height":400,"url":"https:\/\/www.veritatemincaritate.com\/wp\/wp-content\/uploads\/2017\/01\/Separazione_Chiesa-Tradimento-Giuda.jpg","type":"image\/jpeg"}],"author":"Is551011","twitter_card":"summary_large_image","twitter_misc":{"Scritto da":"Is551011","Tempo di lettura stimato":"3 minuti"},"schema":{"@context":"https:\/\/schema.org","@graph":[{"@type":"Article","@id":"https:\/\/www.veritatemincaritate.com\/wp\/2020\/04\/pietro-e-giovanni-lultima-cena\/#article","isPartOf":{"@id":"https:\/\/www.veritatemincaritate.com\/wp\/2020\/04\/pietro-e-giovanni-lultima-cena\/"},"author":{"name":"Is551011","@id":"https:\/\/www.veritatemincaritate.com\/wp\/#\/schema\/person\/ae324896700d097ddc6db39f45894b80"},"headline":"Pietro e Giovanni: l\u2019Ultima Cena","datePublished":"2020-04-07T07:02:11+00:00","dateModified":"2020-04-09T09:35:36+00:00","mainEntityOfPage":{"@id":"https:\/\/www.veritatemincaritate.com\/wp\/2020\/04\/pietro-e-giovanni-lultima-cena\/"},"wordCount":625,"publisher":{"@id":"https:\/\/www.veritatemincaritate.com\/wp\/#organization"},"image":{"@id":"https:\/\/www.veritatemincaritate.com\/wp\/2020\/04\/pietro-e-giovanni-lultima-cena\/#primaryimage"},"thumbnailUrl":"https:\/\/www.veritatemincaritate.com\/wp\/wp-content\/uploads\/2017\/01\/Separazione_Chiesa-Tradimento-Giuda.jpg","keywords":["meditazioni","p. Giorgio Maria Far\u00e9","S. Giovanni","S. Pietro"],"articleSection":["Omelie"],"inLanguage":"it-IT"},{"@type":"WebPage","@id":"https:\/\/www.veritatemincaritate.com\/wp\/2020\/04\/pietro-e-giovanni-lultima-cena\/","url":"https:\/\/www.veritatemincaritate.com\/wp\/2020\/04\/pietro-e-giovanni-lultima-cena\/","name":"Pietro e Giovanni: l\u2019Ultima Cena - Veritatemincaritate","isPartOf":{"@id":"https:\/\/www.veritatemincaritate.com\/wp\/#website"},"primaryImageOfPage":{"@id":"https:\/\/www.veritatemincaritate.com\/wp\/2020\/04\/pietro-e-giovanni-lultima-cena\/#primaryimage"},"image":{"@id":"https:\/\/www.veritatemincaritate.com\/wp\/2020\/04\/pietro-e-giovanni-lultima-cena\/#primaryimage"},"thumbnailUrl":"https:\/\/www.veritatemincaritate.com\/wp\/wp-content\/uploads\/2017\/01\/Separazione_Chiesa-Tradimento-Giuda.jpg","datePublished":"2020-04-07T07:02:11+00:00","dateModified":"2020-04-09T09:35:36+00:00","breadcrumb":{"@id":"https:\/\/www.veritatemincaritate.com\/wp\/2020\/04\/pietro-e-giovanni-lultima-cena\/#breadcrumb"},"inLanguage":"it-IT","potentialAction":[{"@type":"ReadAction","target":["https:\/\/www.veritatemincaritate.com\/wp\/2020\/04\/pietro-e-giovanni-lultima-cena\/"]}]},{"@type":"ImageObject","inLanguage":"it-IT","@id":"https:\/\/www.veritatemincaritate.com\/wp\/2020\/04\/pietro-e-giovanni-lultima-cena\/#primaryimage","url":"https:\/\/www.veritatemincaritate.com\/wp\/wp-content\/uploads\/2017\/01\/Separazione_Chiesa-Tradimento-Giuda.jpg","contentUrl":"https:\/\/www.veritatemincaritate.com\/wp\/wp-content\/uploads\/2017\/01\/Separazione_Chiesa-Tradimento-Giuda.jpg","width":600,"height":400},{"@type":"BreadcrumbList","@id":"https:\/\/www.veritatemincaritate.com\/wp\/2020\/04\/pietro-e-giovanni-lultima-cena\/#breadcrumb","itemListElement":[{"@type":"ListItem","position":1,"name":"Home","item":"https:\/\/www.veritatemincaritate.com\/wp\/"},{"@type":"ListItem","position":2,"name":"Pietro e Giovanni: l\u2019Ultima Cena"}]},{"@type":"WebSite","@id":"https:\/\/www.veritatemincaritate.com\/wp\/#website","url":"https:\/\/www.veritatemincaritate.com\/wp\/","name":"Veritatemincaritate","description":"Agendo secondo verit\u00e0 nella carit\u00e0, cerchiamo di crescere in ogni cosa tendendo a lui, che \u00e8 il capo, Cristo","publisher":{"@id":"https:\/\/www.veritatemincaritate.com\/wp\/#organization"},"potentialAction":[{"@type":"SearchAction","target":{"@type":"EntryPoint","urlTemplate":"https:\/\/www.veritatemincaritate.com\/wp\/?s={search_term_string}"},"query-input":{"@type":"PropertyValueSpecification","valueRequired":true,"valueName":"search_term_string"}}],"inLanguage":"it-IT"},{"@type":"Organization","@id":"https:\/\/www.veritatemincaritate.com\/wp\/#organization","name":"Veritatem facientes in Caritate","url":"https:\/\/www.veritatemincaritate.com\/wp\/","logo":{"@type":"ImageObject","inLanguage":"it-IT","@id":"https:\/\/www.veritatemincaritate.com\/wp\/#\/schema\/logo\/image\/","url":"https:\/\/www.veritatemincaritate.com\/wp\/wp-content\/uploads\/2020\/07\/Logo-VIC-per-canale-Youtube.jpg","contentUrl":"https:\/\/www.veritatemincaritate.com\/wp\/wp-content\/uploads\/2020\/07\/Logo-VIC-per-canale-Youtube.jpg","width":720,"height":720,"caption":"Veritatem facientes in Caritate"},"image":{"@id":"https:\/\/www.veritatemincaritate.com\/wp\/#\/schema\/logo\/image\/"},"sameAs":["https:\/\/www.facebook.com\/pgiorgiomariafare","https:\/\/instagram.com\/padre_giorgio_maria_fare?igshid=1p8wsw6b3edkc","https:\/\/www.youtube.com\/channel\/UCFqjpT1nX60rx3m_SELg3lA"]},{"@type":"Person","@id":"https:\/\/www.veritatemincaritate.com\/wp\/#\/schema\/person\/ae324896700d097ddc6db39f45894b80","name":"Is551011","image":{"@type":"ImageObject","inLanguage":"it-IT","@id":"https:\/\/secure.gravatar.com\/avatar\/c031fff76d6f121d3530ae43ac8407bd6ac4d5c3c8a89c237d6990047f9a6307?s=96&d=mm&r=g","url":"https:\/\/secure.gravatar.com\/avatar\/c031fff76d6f121d3530ae43ac8407bd6ac4d5c3c8a89c237d6990047f9a6307?s=96&d=mm&r=g","contentUrl":"https:\/\/secure.gravatar.com\/avatar\/c031fff76d6f121d3530ae43ac8407bd6ac4d5c3c8a89c237d6990047f9a6307?s=96&d=mm&r=g","caption":"Is551011"}}]}},"menu_order":0,"_links":{"self":[{"href":"https:\/\/www.veritatemincaritate.com\/wp\/wp-json\/wp\/v2\/posts\/14659","targetHints":{"allow":["GET"]}}],"collection":[{"href":"https:\/\/www.veritatemincaritate.com\/wp\/wp-json\/wp\/v2\/posts"}],"about":[{"href":"https:\/\/www.veritatemincaritate.com\/wp\/wp-json\/wp\/v2\/types\/post"}],"author":[{"embeddable":true,"href":"https:\/\/www.veritatemincaritate.com\/wp\/wp-json\/wp\/v2\/users\/4"}],"replies":[{"embeddable":true,"href":"https:\/\/www.veritatemincaritate.com\/wp\/wp-json\/wp\/v2\/comments?post=14659"}],"version-history":[{"count":0,"href":"https:\/\/www.veritatemincaritate.com\/wp\/wp-json\/wp\/v2\/posts\/14659\/revisions"}],"wp:featuredmedia":[{"embeddable":true,"href":"https:\/\/www.veritatemincaritate.com\/wp\/wp-json\/wp\/v2\/media\/4751"}],"wp:attachment":[{"href":"https:\/\/www.veritatemincaritate.com\/wp\/wp-json\/wp\/v2\/media?parent=14659"}],"wp:term":[{"taxonomy":"category","embeddable":true,"href":"https:\/\/www.veritatemincaritate.com\/wp\/wp-json\/wp\/v2\/categories?post=14659"},{"taxonomy":"post_tag","embeddable":true,"href":"https:\/\/www.veritatemincaritate.com\/wp\/wp-json\/wp\/v2\/tags?post=14659"}],"curies":[{"name":"wp","href":"https:\/\/api.w.org\/{rel}","templated":true}]}}