{"id":16567,"date":"2020-10-23T05:00:49","date_gmt":"2020-10-23T03:00:49","guid":{"rendered":"https:\/\/www.veritatemincaritate.com\/?p=16567"},"modified":"2020-10-29T13:47:50","modified_gmt":"2020-10-29T12:47:50","slug":"chi-non-distingue-confonde-2","status":"publish","type":"post","link":"https:\/\/www.veritatemincaritate.com\/wp\/2020\/10\/chi-non-distingue-confonde-2\/","title":{"rendered":"Chi non distingue, confonde!"},"content":{"rendered":"<div class=\"wpb-content-wrapper\" id=\"wpb-content-root\"><p>[vc_row][vc_column][vc_column_text]<\/p>\n<h3>Meditazione<\/h3>\n<div class=\"vc_row wpb_row vc_row-fluid\">\n<div class=\"wpb_column vc_column_container vc_col-sm-12\">\n<div class=\"vc_column-inner \">\n<div class=\"wpb_wrapper\">\n<div class=\"wpb_text_column wpb_content_element \">\n<div class=\"wpb_wrapper\">\n<p>Pubblichiamo l\u2019audio di una meditazione di venerd\u00ec 23 ottobre 2020<\/p>\n<p>Predicatore: p. Giorgio Maria Far\u00e9, OCD<\/p>\n<\/div>\n<\/div>\n<\/div>\n<\/div>\n<\/div>\n<\/div>\n<p>[\/vc_column_text][vc_column_text]<\/p>\n<h4>Ascolta la registrazione:<\/h4>\n<p>Per motivi di intenso traffico non ci \u00e8 possibile rendere disponibile l&#8217;ascolto dei file audio direttamente dal nostro sito. Se hai dubbi su come fare, vai alle <a href=\"http:\/\/www.veritatemincaritate.com\/chi-siamo\/istruzioni-per-lascolto-delle-registrazioni\/\" target=\"_blank\" rel=\"noopener noreferrer\">istruzioni per l&#8217;ascolto delle registrazioni<\/a>.[\/vc_column_text][\/vc_column][\/vc_row][vc_row][vc_column][vc_row_inner][vc_column_inner width=&#8221;1\/2&#8243;][vc_column_text]<style type=\"text\/css\">.thegem-button-6a9c7cc8b458a2385 .gem-button {font-size: 14px;}.thegem-button-6a9c7cc8b458a2385 .gem-button-text {font-size: 14px;}.thegem-button-6a9c7cc8b458a2385 .gem-button svg {fill: #FFFFFF;}<\/style><div class=\"gem-button-container gem-button-position-inline thegem-button-6a9c7cc8b458a2385    \"  ><a class=\"gem-button gem-button-size-small gem-button-style-flat gem-button-text-weight-normal\" data-ll-effect=\"drop-right-without-wrap\" style=\"border-radius: 3px;background-color: #FF5C00;color: #FFFFFF;\" onmouseleave=\"this.style.backgroundColor='#FF5C00';this.style.color='#FFFFFF';\" onmouseenter=\"\" href=\"https:\/\/www.dropbox.com\/s\/otokeui7pdqb1ly\/201023-Omelia_Distingue.m4a?dl=1\" target=\"_self\">Scarica la meditazione<\/a><\/div> [\/vc_column_text][\/vc_column_inner][vc_column_inner width=&#8221;1\/2&#8243;][vc_column_text]<style type=\"text\/css\">.thegem-button-6a9c7cc8b472c818 .gem-button {font-size: 14px;}.thegem-button-6a9c7cc8b472c818 .gem-button-text {font-size: 14px;}.thegem-button-6a9c7cc8b472c818 .gem-button svg {fill: #FFFFFF;}<\/style><div class=\"gem-button-container gem-button-position-inline thegem-button-6a9c7cc8b472c818    \"  ><a class=\"gem-button gem-button-size-small gem-button-style-flat gem-button-text-weight-normal\" data-ll-effect=\"drop-right-without-wrap\" style=\"border-radius: 3px;background-color: #FF5C00;color: #FFFFFF;\" onmouseleave=\"this.style.backgroundColor='#FF5C00';this.style.color='#FFFFFF';\" onmouseenter=\"\" href=\"https:\/\/www.dropbox.com\/s\/otokeui7pdqb1ly\/201023-Omelia_Distingue.m4a?dl=0\" target=\"_self\">Ascolta la meditazione<\/a><\/div> [\/vc_column_text][\/vc_column_inner][\/vc_row_inner][vc_empty_space][vc_separator color=&#8221;orange&#8221;][\/vc_column][\/vc_row][vc_row][vc_column][vc_tta_accordion active_section=&#8221;&#8221; collapsible_all=&#8221;true&#8221;][vc_tta_section title=&#8221;Testo della meditazione&#8221; tab_id=&#8221;1600408219164-a09749dc-6222&#8243;][vc_column_text]<\/p>\n<h2 class=\"p1\"><span class=\"s1\"><b><a href=\"https:\/\/www.veritatemincaritate.com\/wp\/wp-content\/uploads\/2020\/10\/201023-Chi-non-distingue-confonde.pdf\" target=\"_blank\" rel=\"noopener noreferrer\">Scarica il testo della meditazione\u00a0<\/a><\/b><\/span><\/h2>\n<p><strong>CHI NON DISTINGUE, CONFONDE!\u00a0\u00a0\u00a0<\/strong><\/p>\n<p>Eccoci giunti a venerd\u00ec 23 ottobre 2020, abbiamo ascoltato il Vangelo della Santa Messa di oggi tratto dal cap.XII vv 54-59 di San Luca.<\/p>\n<ul>\n<li><strong>Cosa ci dice Ges\u00f9 in questo Vangelo?<\/strong><\/li>\n<\/ul>\n<p>Ges\u00f9 pone una domanda importante:<\/p>\n<p>\u201cSapete valutare l\u2019aspetto della terra e del cielo; come mai questo tempo non sapete valutarlo? E perch\u00e9 non giudicate voi stessi ci\u00f2 che \u00e8 giusto?\u201d<\/p>\n<ul>\n<li><strong>Per quale motivo non sappiamo esprimere un giudizio il pi\u00f9 possibile oggettivo e personale sulla situazione di questo mondo,su quello che stiamo vivendo oggi?<\/strong><\/li>\n<\/ul>\n<p>Si sente spesso dire:<\/p>\n<p><em>\u201cC\u2019\u00e8 tanta confusione!\u201d<\/em><\/p>\n<p>Oppure qualcuno che dice:<\/p>\n<p><em>\u201cNon so pi\u00f9 cosa pensare!\u201d<\/em><\/p>\n<p>Ma \u00e8 vero quello che dice Ges\u00f9, \u00e8 profondamente vero. Vi faccio un esempio:<\/p>\n<p><em>Questa mattina ho steso i panni fuori sulla terrazza che c\u2019\u00e8 davanti al nostro corridoio dove tutti stendiamo i panni, ho steso i panni dopo aver fatto la lavatrice perch\u00e9 ho detto:<\/em><\/p>\n<p><em>\u201cC\u2019\u00e8 un bel sole\u201d<\/em><\/p>\n<p><em>E c\u2019era un bellissimo sole, infatti questo sole mi ha asciugato due macchinate, era un sole caldissimo, molto forte e costante, la seconda macchinata erano cose pi\u00f9 pesanti. Ad un certo punto nel pomeriggio mentre studiavo, ho visto fuori dalla finestra delle nuvole, ho visto cominciare ad annuvolarsi, onde evitare di sprecare tutto il lavoro fatto, mi sono detto:<\/em><\/p>\n<p><em>\u201cGiorgio esci e ritira tutto quello che c&#8217;\u00e8 fuori\u201d<\/em><\/p>\n<p><em>Grazie al cielo era tutto asciutto e quindi ho potuto ritirare tutto e salvarmi da un\u2019eventuale pioggia che poi non c\u2019\u00e8 stata, per\u00f2 non \u00e8 che ho chiamato il servizio meteo nazionale, la Nasa, la Nato, il centro astronomico di Europa per sapere se pioveva o non pioveva. Non \u00e8 che ho detto:<\/em><\/p>\n<p><em>\u201cSono confuso\u201d<\/em><\/p>\n<p>E\u2019 vero quello che dice Ges\u00f9:<\/p>\n<p>\u201cSapete valutare l\u2019aspetto della terra e del cielo; come mai questo tempo non sapete valutarlo? E perch\u00e9 non giudicate voi stessi ci\u00f2 che \u00e8 giusto?\u201d<\/p>\n<p>Io vedo le nuvole, appena le vedo scappo fuori e ritiro i panni.<\/p>\n<p><em>Perch\u00e9 con le cose dello Spirito, con le cose dell\u2019umanit\u00e0 non facciamo lo stesso?<\/em><\/p>\n<p>Non paragono i contenuti, paragono il metodo, paragono il soggetto che deve operare questa cosa, il soggetto \u00e8 sempre lo stesso, \u00e8 la stessa persona che stende i panni, \u00e8 quella che deve valutare e pensare a quello che sta succedendo nel mondo e in tutto ci\u00f2 che abbiamo attorno. Non deve valutare i panni e le nuvole, ma deve pur sempre valutare. Come \u00e8 capace da un p\u00f2 di nuvole a dire:<\/p>\n<p><em>\u201cTemo la pioggia\u201d<\/em><\/p>\n<p>Senza andare in confusione, in depressione e senza entrare in spavento. E come stamattina mi sono detto:<\/p>\n<p><em>\u201cGiorgio falla subito la macchinata, organizzati subito, in modo tale che prendi il sole del mezzogiorno, che \u00e8 pi\u00f9 caldo, quello da mezzogiorno alle tre\u201d<\/em><\/p>\n<p>E cos\u00ec ho fatto.<\/p>\n<ul>\n<li><strong>Come faccio questi ragionamenti per i panni, non li posso fare anche per la vita di fede?<\/strong><\/li>\n<\/ul>\n<p>Gli strumenti li abbiamo, non ci mancano gli strumenti, abbiamo l\u2019intelligenza, abbiamo la grazia di Dio, abbiamo la preghiera, abbiamo il Tabernacolo, abbiamo i Santi, abbiamo il Vangelo.<\/p>\n<ul>\n<li><strong>Cos\u2019\u00e8 che ci manca?<\/strong><\/li>\n<\/ul>\n<p>Ges\u00f9 lo dice:<\/p>\n<p>\u201cPerch\u00e9 non giudicate voi stessi ci\u00f2 che \u00e8 giusto?\u201d<\/p>\n<p>Impariamo ad esprimere giudizi che siano sintesi, giudizi equilibrati, oggettivi, precisi, dobbiamo imparare, esattamente come quando al mattino usciamo di casa e diciamo:<\/p>\n<p><em>\u201cForse \u00e8 meglio che prendo l\u2019ombrello, forse \u00e8 meglio che metto il cappello, forse \u00e8 meglio che mi metto l\u2019acqua nella borsa\u201d<\/em><\/p>\n<p>Questi ragionamenti noi li facciamo. Se lo facciamo per la borraccia, forse \u00e8 il caso che lo facciamo anche per Dio. A me sembra veramente importante che maturiamo un giudizio critico sulla realt\u00e0.<\/p>\n<p>Mi capita non di rado di ricevere mail, telefonate, messaggi dove si chiede:<\/p>\n<p><em>\u201cPadre cosa ne pensa di questo? Cosa ne pensa di quest\u2019altro? Padre un suo giudizio, una sua valutazione su questo fatto?\u201d<\/em><\/p>\n<p>Io qualche volta, guardo il Signore, un po\u2019 sorrido e dico:<\/p>\n<p><em>\u201cE adesso io a chi \u00e8 che scrivo: Padre cose ne pensa di questo e quest\u2019altro?\u201d<\/em><\/p>\n<p>Deve arrivare un momento nel quale impariamo a formulare delle valutazioni, sbaglieremo, la volta dopo magari non sbagliamo pi\u00f9, per\u00f2 dobbiamo pur arrivare ad una certezza di coscienza, dobbiamo pur uscire da questa ipocrisia. Ges\u00f9 lo dice:<\/p>\n<p>\u201cIpocriti! Sapete valutare l\u2019aspetto della terra e del cielo; come mai questo tempo non sapete valutarlo?\u201d<\/p>\n<p><em>Sapete valutare panni e nuvole e non sapete valutare questo tempo? E non sapete farvi un giudizio su quello che accade?<\/em><\/p>\n<p>Informatevi bene, leggete le notizie, cercate le fonti, ve l\u2019ho sempre detto, valutate le fonti, stimate bene le cose e poi arrivate a un dunque, non c\u2019\u00e8 bisogno di essere confusi.<\/p>\n<p>Quando qualcuno mi chiede:<\/p>\n<p><em>\u201cPadre ma lei non \u00e8 confuso?\u201d<\/em><\/p>\n<p><em>\u201cNo. Non sono assolutamente confuso, sono serenissimo e tranquillissimo, riposo su una Roccia comodissima che si chiama Ges\u00f9. \u201d<\/em><\/p>\n<p><em>Ci sono i Santi, ci sono le Scritture, c\u2019\u00e8 il pensiero bimillenario della Chiesa, ci sono i Padri, c\u2019\u00e8 Ges\u00f9, c\u2019\u00e8 la grazia. Cosa ci manca? Perch\u00e9 dobbiamo essere confusi?<\/em><\/p>\n<p>Il fatto che nel mondo avvengono cose brutte e sbagliate, questo non deve portare me o altri a entrare in confusione. La persona confusa \u00e8 la persona che ha idee distorte, non chiare, incerte, \u00e8 la persona pusillanime, insicura, magari scrupolosa, immatura. Da queste cose qui dobbiamo uscire! Dobbiamo liberarci da queste cose, poi certo c\u2019\u00e8 sempre lo spazio per chiedere una conferma ma \u00e8 diverso. Ma noi abbiamo sempre costantemente paura di sbagliare, \u00e8 come se ci fosse qualcosa che dentro ci prende e ci fa come temere che se faccio in un determinato modo posso sbagliare. Dobbiamo imparare a formulare un giudizio nostro, altrimenti la volta che troviamo il consigliere sbagliato \u00e8 finita. Guardate che capita nella vita. Cos\u00ec come quelli che cercano dappertutto, come le api che vanno su tanti fiori, il consiglio di qui, di l\u00e0, su e gi\u00f9, e alla fine sono ancora pi\u00f9 confusi di prima.<\/p>\n<p>La confusione non si vince assolutamente chiedendo mille consigli, la confusione si vince stando davanti al Signore studiando, informandosi, leggendo, meditando, avendo una vita di grazia, supplicando lo Spirito Santo, cos\u00ec si esce dal dubbio, poi una conferma si pu\u00f2 sempre chiedere, ma intanto ho fatto il mio percorso.<\/p>\n<p><strong><em>Qualunque male dovesse accadere a questo mondo, niente confusione, non siate mai confusi, aggrappatevi a ci\u00f2 che di pi\u00f9 vero c\u2019\u00e8, a ci\u00f2 che di pi\u00f9 vero esiste, che \u00e8 Dio.<\/em><\/strong><\/p>\n<p>Sentite le campane che suonano: \u201c<em>E\u2019 l\u2019ora che pia\u201d<\/em><\/p>\n<p>Vi lascio con queste campane che hanno suonato in mezzo a questo bellissimo parco e vi auguro veramente di cuore di trovare questa pace interiore, questa serenit\u00e0 interiore che viene dalla Roccia, la nostra Roccia \u00e8 Ges\u00f9, e quando c\u2019\u00e8 Lui di che cosa dobbiamo avere paura? Che cosa potremo mai temere avendo Ges\u00f9 come Roccia? Niente.<\/p>\n<p><strong>Qualunque cosa succeda nella nostra vita, ovunque, qualunque cosa accada anche la pi\u00f9 tremenda, ricordatevi, mai essere confusi, mai rimanere disorientati; amareggiati e sofferenti s\u00ec, ma sempre con le idee ben chiare, perch\u00e9 chi non distingue, confonde.<\/strong><\/p>\n<p>E la benedizione di Dio Onnipotente, Padre e Figlio e Spirito Santo, discenda su di voi e con voi rimanga sempre. Amen.<\/p>\n<p>Sia lodato Ges\u00f9 Cristo.[\/vc_column_text][\/vc_tta_section][vc_tta_section title=&#8221;Letture del giorno&#8221; tab_id=&#8221;1603975101280-ffaa11f8-1d2c&#8221;][vc_column_text]<strong>Venerd\u00ec della XXIX settimana del Tempo Ordinario (Anno pari)<\/strong><\/p>\n<p><strong>VANGELO<\/strong> <em>(Lc 12,54-59)<\/em><br \/>\n<em>Sapete valutare l\u2019aspetto della terra e del cielo; come mai questo tempo non sapete valutarlo?<\/em><\/p>\n<p>In quel tempo, Ges\u00f9 diceva alle folle:<br \/>\n\u00abQuando vedete una nuvola salire da ponente, subito dite: \u201cArriva la pioggia\u201d, e cos\u00ec accade. E quando soffia lo scirocco, dite: \u201cFar\u00e0 caldo\u201d, e cos\u00ec accade. Ipocriti! Sapete valutare l\u2019aspetto della terra e del cielo; come mai questo tempo non sapete valutarlo? E perch\u00e9 non giudicate voi stessi ci\u00f2 che \u00e8 giusto?<br \/>\nQuando vai con il tuo avversario davanti al magistrato, lungo la strada cerca di trovare un accordo con lui, per evitare che ti trascini davanti al giudice e il giudice ti consegni all\u2019esattore dei debiti e costui ti getti in prigione. Io ti dico: non uscirai di l\u00e0 finch\u00e9 non avrai pagato fino all\u2019ultimo spicciolo\u00bb.[\/vc_column_text][\/vc_tta_section][\/vc_tta_accordion][\/vc_column][\/vc_row]<\/p>\n<\/div>","protected":false},"excerpt":{"rendered":"<p>[vc_row][vc_column][vc_column_text] Meditazione Pubblichiamo l\u2019audio di una meditazione di venerd\u00ec 23 ottobre 2020 Predicatore: p. Giorgio Maria Far\u00e9, OCD [\/vc_column_text][vc_column_text] Ascolta&#8230;<\/p>\n","protected":false},"author":4,"featured_media":16570,"comment_status":"closed","ping_status":"closed","sticky":false,"template":"","format":"standard","meta":{"footnotes":""},"categories":[15],"tags":[8258,17],"class_list":{"0":"post-16567","1":"post","2":"type-post","3":"status-publish","4":"format-standard","5":"has-post-thumbnail","7":"category-omelie","8":"tag-meditazioni","9":"tag-p-giorgio-maria-fare"},"yoast_head":"<!-- This site is optimized with the Yoast SEO plugin v28.2 - https:\/\/yoast.com\/product\/yoast-seo-wordpress\/ -->\n<title>Chi non distingue, confonde! - Veritatemincaritate<\/title>\n<meta name=\"robots\" content=\"index, follow, max-snippet:-1, max-image-preview:large, max-video-preview:-1\" \/>\n<link rel=\"canonical\" href=\"https:\/\/www.veritatemincaritate.com\/wp\/2020\/10\/chi-non-distingue-confonde-2\/\" \/>\n<meta property=\"og:locale\" content=\"it_IT\" \/>\n<meta property=\"og:type\" content=\"article\" \/>\n<meta property=\"og:title\" content=\"Chi non distingue, confonde! - Veritatemincaritate\" \/>\n<meta property=\"og:description\" content=\"[vc_row][vc_column][vc_column_text] Meditazione Pubblichiamo l\u2019audio di una meditazione di venerd\u00ec 23 ottobre 2020 Predicatore: p. Giorgio Maria Far\u00e9, OCD [\/vc_column_text][vc_column_text] Ascolta...\" \/>\n<meta property=\"og:url\" content=\"https:\/\/www.veritatemincaritate.com\/wp\/2020\/10\/chi-non-distingue-confonde-2\/\" \/>\n<meta property=\"og:site_name\" content=\"Veritatemincaritate\" \/>\n<meta property=\"article:publisher\" content=\"https:\/\/www.facebook.com\/pgiorgiomariafare\" \/>\n<meta property=\"article:published_time\" content=\"2020-10-23T03:00:49+00:00\" \/>\n<meta property=\"article:modified_time\" content=\"2020-10-29T12:47:50+00:00\" \/>\n<meta property=\"og:image\" content=\"https:\/\/www.veritatemincaritate.com\/wp\/wp-content\/uploads\/2020\/10\/Cielo2.jpg\" \/>\n\t<meta property=\"og:image:width\" content=\"600\" \/>\n\t<meta property=\"og:image:height\" content=\"400\" \/>\n\t<meta property=\"og:image:type\" content=\"image\/jpeg\" \/>\n<meta name=\"author\" content=\"Is551011\" \/>\n<meta name=\"twitter:card\" content=\"summary_large_image\" \/>\n<meta name=\"twitter:label1\" content=\"Scritto da\" \/>\n\t<meta name=\"twitter:data1\" content=\"Is551011\" \/>\n\t<meta name=\"twitter:label2\" content=\"Tempo di lettura stimato\" \/>\n\t<meta name=\"twitter:data2\" content=\"8 minuti\" \/>\n<script type=\"application\/ld+json\" class=\"yoast-schema-graph\">{\"@context\":\"https:\\\/\\\/schema.org\",\"@graph\":[{\"@type\":\"Article\",\"@id\":\"https:\\\/\\\/www.veritatemincaritate.com\\\/wp\\\/2020\\\/10\\\/chi-non-distingue-confonde-2\\\/#article\",\"isPartOf\":{\"@id\":\"https:\\\/\\\/www.veritatemincaritate.com\\\/wp\\\/2020\\\/10\\\/chi-non-distingue-confonde-2\\\/\"},\"author\":{\"name\":\"Is551011\",\"@id\":\"https:\\\/\\\/www.veritatemincaritate.com\\\/wp\\\/#\\\/schema\\\/person\\\/ae324896700d097ddc6db39f45894b80\"},\"headline\":\"Chi non distingue, confonde!\",\"datePublished\":\"2020-10-23T03:00:49+00:00\",\"dateModified\":\"2020-10-29T12:47:50+00:00\",\"mainEntityOfPage\":{\"@id\":\"https:\\\/\\\/www.veritatemincaritate.com\\\/wp\\\/2020\\\/10\\\/chi-non-distingue-confonde-2\\\/\"},\"wordCount\":1602,\"publisher\":{\"@id\":\"https:\\\/\\\/www.veritatemincaritate.com\\\/wp\\\/#organization\"},\"image\":{\"@id\":\"https:\\\/\\\/www.veritatemincaritate.com\\\/wp\\\/2020\\\/10\\\/chi-non-distingue-confonde-2\\\/#primaryimage\"},\"thumbnailUrl\":\"https:\\\/\\\/www.veritatemincaritate.com\\\/wp\\\/wp-content\\\/uploads\\\/2020\\\/10\\\/Cielo2.jpg\",\"keywords\":[\"meditazioni\",\"p. Giorgio Maria Far\u00e9\"],\"articleSection\":[\"Omelie\"],\"inLanguage\":\"it-IT\"},{\"@type\":\"WebPage\",\"@id\":\"https:\\\/\\\/www.veritatemincaritate.com\\\/wp\\\/2020\\\/10\\\/chi-non-distingue-confonde-2\\\/\",\"url\":\"https:\\\/\\\/www.veritatemincaritate.com\\\/wp\\\/2020\\\/10\\\/chi-non-distingue-confonde-2\\\/\",\"name\":\"Chi non distingue, confonde! - Veritatemincaritate\",\"isPartOf\":{\"@id\":\"https:\\\/\\\/www.veritatemincaritate.com\\\/wp\\\/#website\"},\"primaryImageOfPage\":{\"@id\":\"https:\\\/\\\/www.veritatemincaritate.com\\\/wp\\\/2020\\\/10\\\/chi-non-distingue-confonde-2\\\/#primaryimage\"},\"image\":{\"@id\":\"https:\\\/\\\/www.veritatemincaritate.com\\\/wp\\\/2020\\\/10\\\/chi-non-distingue-confonde-2\\\/#primaryimage\"},\"thumbnailUrl\":\"https:\\\/\\\/www.veritatemincaritate.com\\\/wp\\\/wp-content\\\/uploads\\\/2020\\\/10\\\/Cielo2.jpg\",\"datePublished\":\"2020-10-23T03:00:49+00:00\",\"dateModified\":\"2020-10-29T12:47:50+00:00\",\"breadcrumb\":{\"@id\":\"https:\\\/\\\/www.veritatemincaritate.com\\\/wp\\\/2020\\\/10\\\/chi-non-distingue-confonde-2\\\/#breadcrumb\"},\"inLanguage\":\"it-IT\",\"potentialAction\":[{\"@type\":\"ReadAction\",\"target\":[\"https:\\\/\\\/www.veritatemincaritate.com\\\/wp\\\/2020\\\/10\\\/chi-non-distingue-confonde-2\\\/\"]}]},{\"@type\":\"ImageObject\",\"inLanguage\":\"it-IT\",\"@id\":\"https:\\\/\\\/www.veritatemincaritate.com\\\/wp\\\/2020\\\/10\\\/chi-non-distingue-confonde-2\\\/#primaryimage\",\"url\":\"https:\\\/\\\/www.veritatemincaritate.com\\\/wp\\\/wp-content\\\/uploads\\\/2020\\\/10\\\/Cielo2.jpg\",\"contentUrl\":\"https:\\\/\\\/www.veritatemincaritate.com\\\/wp\\\/wp-content\\\/uploads\\\/2020\\\/10\\\/Cielo2.jpg\",\"width\":600,\"height\":400},{\"@type\":\"BreadcrumbList\",\"@id\":\"https:\\\/\\\/www.veritatemincaritate.com\\\/wp\\\/2020\\\/10\\\/chi-non-distingue-confonde-2\\\/#breadcrumb\",\"itemListElement\":[{\"@type\":\"ListItem\",\"position\":1,\"name\":\"Home\",\"item\":\"https:\\\/\\\/www.veritatemincaritate.com\\\/wp\\\/\"},{\"@type\":\"ListItem\",\"position\":2,\"name\":\"Chi non distingue, confonde!\"}]},{\"@type\":\"WebSite\",\"@id\":\"https:\\\/\\\/www.veritatemincaritate.com\\\/wp\\\/#website\",\"url\":\"https:\\\/\\\/www.veritatemincaritate.com\\\/wp\\\/\",\"name\":\"Veritatemincaritate\",\"description\":\"Agendo secondo verit\u00e0 nella carit\u00e0, cerchiamo di crescere in ogni cosa tendendo a lui, che \u00e8 il capo, Cristo\",\"publisher\":{\"@id\":\"https:\\\/\\\/www.veritatemincaritate.com\\\/wp\\\/#organization\"},\"potentialAction\":[{\"@type\":\"SearchAction\",\"target\":{\"@type\":\"EntryPoint\",\"urlTemplate\":\"https:\\\/\\\/www.veritatemincaritate.com\\\/wp\\\/?s={search_term_string}\"},\"query-input\":{\"@type\":\"PropertyValueSpecification\",\"valueRequired\":true,\"valueName\":\"search_term_string\"}}],\"inLanguage\":\"it-IT\"},{\"@type\":\"Organization\",\"@id\":\"https:\\\/\\\/www.veritatemincaritate.com\\\/wp\\\/#organization\",\"name\":\"Veritatem facientes in Caritate\",\"url\":\"https:\\\/\\\/www.veritatemincaritate.com\\\/wp\\\/\",\"logo\":{\"@type\":\"ImageObject\",\"inLanguage\":\"it-IT\",\"@id\":\"https:\\\/\\\/www.veritatemincaritate.com\\\/wp\\\/#\\\/schema\\\/logo\\\/image\\\/\",\"url\":\"https:\\\/\\\/www.veritatemincaritate.com\\\/wp\\\/wp-content\\\/uploads\\\/2020\\\/07\\\/Logo-VIC-per-canale-Youtube.jpg\",\"contentUrl\":\"https:\\\/\\\/www.veritatemincaritate.com\\\/wp\\\/wp-content\\\/uploads\\\/2020\\\/07\\\/Logo-VIC-per-canale-Youtube.jpg\",\"width\":720,\"height\":720,\"caption\":\"Veritatem facientes in Caritate\"},\"image\":{\"@id\":\"https:\\\/\\\/www.veritatemincaritate.com\\\/wp\\\/#\\\/schema\\\/logo\\\/image\\\/\"},\"sameAs\":[\"https:\\\/\\\/www.facebook.com\\\/pgiorgiomariafare\",\"https:\\\/\\\/instagram.com\\\/padre_giorgio_maria_fare?igshid=1p8wsw6b3edkc\",\"https:\\\/\\\/www.youtube.com\\\/channel\\\/UCFqjpT1nX60rx3m_SELg3lA\"]},{\"@type\":\"Person\",\"@id\":\"https:\\\/\\\/www.veritatemincaritate.com\\\/wp\\\/#\\\/schema\\\/person\\\/ae324896700d097ddc6db39f45894b80\",\"name\":\"Is551011\",\"image\":{\"@type\":\"ImageObject\",\"inLanguage\":\"it-IT\",\"@id\":\"https:\\\/\\\/secure.gravatar.com\\\/avatar\\\/c031fff76d6f121d3530ae43ac8407bd6ac4d5c3c8a89c237d6990047f9a6307?s=96&d=mm&r=g\",\"url\":\"https:\\\/\\\/secure.gravatar.com\\\/avatar\\\/c031fff76d6f121d3530ae43ac8407bd6ac4d5c3c8a89c237d6990047f9a6307?s=96&d=mm&r=g\",\"contentUrl\":\"https:\\\/\\\/secure.gravatar.com\\\/avatar\\\/c031fff76d6f121d3530ae43ac8407bd6ac4d5c3c8a89c237d6990047f9a6307?s=96&d=mm&r=g\",\"caption\":\"Is551011\"}}]}<\/script>\n<!-- \/ Yoast SEO plugin. -->","yoast_head_json":{"title":"Chi non distingue, confonde! - Veritatemincaritate","robots":{"index":"index","follow":"follow","max-snippet":"max-snippet:-1","max-image-preview":"max-image-preview:large","max-video-preview":"max-video-preview:-1"},"canonical":"https:\/\/www.veritatemincaritate.com\/wp\/2020\/10\/chi-non-distingue-confonde-2\/","og_locale":"it_IT","og_type":"article","og_title":"Chi non distingue, confonde! - Veritatemincaritate","og_description":"[vc_row][vc_column][vc_column_text] Meditazione Pubblichiamo l\u2019audio di una meditazione di venerd\u00ec 23 ottobre 2020 Predicatore: p. Giorgio Maria Far\u00e9, OCD [\/vc_column_text][vc_column_text] Ascolta...","og_url":"https:\/\/www.veritatemincaritate.com\/wp\/2020\/10\/chi-non-distingue-confonde-2\/","og_site_name":"Veritatemincaritate","article_publisher":"https:\/\/www.facebook.com\/pgiorgiomariafare","article_published_time":"2020-10-23T03:00:49+00:00","article_modified_time":"2020-10-29T12:47:50+00:00","og_image":[{"width":600,"height":400,"url":"https:\/\/www.veritatemincaritate.com\/wp\/wp-content\/uploads\/2020\/10\/Cielo2.jpg","type":"image\/jpeg"}],"author":"Is551011","twitter_card":"summary_large_image","twitter_misc":{"Scritto da":"Is551011","Tempo di lettura stimato":"8 minuti"},"schema":{"@context":"https:\/\/schema.org","@graph":[{"@type":"Article","@id":"https:\/\/www.veritatemincaritate.com\/wp\/2020\/10\/chi-non-distingue-confonde-2\/#article","isPartOf":{"@id":"https:\/\/www.veritatemincaritate.com\/wp\/2020\/10\/chi-non-distingue-confonde-2\/"},"author":{"name":"Is551011","@id":"https:\/\/www.veritatemincaritate.com\/wp\/#\/schema\/person\/ae324896700d097ddc6db39f45894b80"},"headline":"Chi non distingue, confonde!","datePublished":"2020-10-23T03:00:49+00:00","dateModified":"2020-10-29T12:47:50+00:00","mainEntityOfPage":{"@id":"https:\/\/www.veritatemincaritate.com\/wp\/2020\/10\/chi-non-distingue-confonde-2\/"},"wordCount":1602,"publisher":{"@id":"https:\/\/www.veritatemincaritate.com\/wp\/#organization"},"image":{"@id":"https:\/\/www.veritatemincaritate.com\/wp\/2020\/10\/chi-non-distingue-confonde-2\/#primaryimage"},"thumbnailUrl":"https:\/\/www.veritatemincaritate.com\/wp\/wp-content\/uploads\/2020\/10\/Cielo2.jpg","keywords":["meditazioni","p. Giorgio Maria Far\u00e9"],"articleSection":["Omelie"],"inLanguage":"it-IT"},{"@type":"WebPage","@id":"https:\/\/www.veritatemincaritate.com\/wp\/2020\/10\/chi-non-distingue-confonde-2\/","url":"https:\/\/www.veritatemincaritate.com\/wp\/2020\/10\/chi-non-distingue-confonde-2\/","name":"Chi non distingue, confonde! - Veritatemincaritate","isPartOf":{"@id":"https:\/\/www.veritatemincaritate.com\/wp\/#website"},"primaryImageOfPage":{"@id":"https:\/\/www.veritatemincaritate.com\/wp\/2020\/10\/chi-non-distingue-confonde-2\/#primaryimage"},"image":{"@id":"https:\/\/www.veritatemincaritate.com\/wp\/2020\/10\/chi-non-distingue-confonde-2\/#primaryimage"},"thumbnailUrl":"https:\/\/www.veritatemincaritate.com\/wp\/wp-content\/uploads\/2020\/10\/Cielo2.jpg","datePublished":"2020-10-23T03:00:49+00:00","dateModified":"2020-10-29T12:47:50+00:00","breadcrumb":{"@id":"https:\/\/www.veritatemincaritate.com\/wp\/2020\/10\/chi-non-distingue-confonde-2\/#breadcrumb"},"inLanguage":"it-IT","potentialAction":[{"@type":"ReadAction","target":["https:\/\/www.veritatemincaritate.com\/wp\/2020\/10\/chi-non-distingue-confonde-2\/"]}]},{"@type":"ImageObject","inLanguage":"it-IT","@id":"https:\/\/www.veritatemincaritate.com\/wp\/2020\/10\/chi-non-distingue-confonde-2\/#primaryimage","url":"https:\/\/www.veritatemincaritate.com\/wp\/wp-content\/uploads\/2020\/10\/Cielo2.jpg","contentUrl":"https:\/\/www.veritatemincaritate.com\/wp\/wp-content\/uploads\/2020\/10\/Cielo2.jpg","width":600,"height":400},{"@type":"BreadcrumbList","@id":"https:\/\/www.veritatemincaritate.com\/wp\/2020\/10\/chi-non-distingue-confonde-2\/#breadcrumb","itemListElement":[{"@type":"ListItem","position":1,"name":"Home","item":"https:\/\/www.veritatemincaritate.com\/wp\/"},{"@type":"ListItem","position":2,"name":"Chi non distingue, confonde!"}]},{"@type":"WebSite","@id":"https:\/\/www.veritatemincaritate.com\/wp\/#website","url":"https:\/\/www.veritatemincaritate.com\/wp\/","name":"Veritatemincaritate","description":"Agendo secondo verit\u00e0 nella carit\u00e0, cerchiamo di crescere in ogni cosa tendendo a lui, che \u00e8 il capo, Cristo","publisher":{"@id":"https:\/\/www.veritatemincaritate.com\/wp\/#organization"},"potentialAction":[{"@type":"SearchAction","target":{"@type":"EntryPoint","urlTemplate":"https:\/\/www.veritatemincaritate.com\/wp\/?s={search_term_string}"},"query-input":{"@type":"PropertyValueSpecification","valueRequired":true,"valueName":"search_term_string"}}],"inLanguage":"it-IT"},{"@type":"Organization","@id":"https:\/\/www.veritatemincaritate.com\/wp\/#organization","name":"Veritatem facientes in Caritate","url":"https:\/\/www.veritatemincaritate.com\/wp\/","logo":{"@type":"ImageObject","inLanguage":"it-IT","@id":"https:\/\/www.veritatemincaritate.com\/wp\/#\/schema\/logo\/image\/","url":"https:\/\/www.veritatemincaritate.com\/wp\/wp-content\/uploads\/2020\/07\/Logo-VIC-per-canale-Youtube.jpg","contentUrl":"https:\/\/www.veritatemincaritate.com\/wp\/wp-content\/uploads\/2020\/07\/Logo-VIC-per-canale-Youtube.jpg","width":720,"height":720,"caption":"Veritatem facientes in Caritate"},"image":{"@id":"https:\/\/www.veritatemincaritate.com\/wp\/#\/schema\/logo\/image\/"},"sameAs":["https:\/\/www.facebook.com\/pgiorgiomariafare","https:\/\/instagram.com\/padre_giorgio_maria_fare?igshid=1p8wsw6b3edkc","https:\/\/www.youtube.com\/channel\/UCFqjpT1nX60rx3m_SELg3lA"]},{"@type":"Person","@id":"https:\/\/www.veritatemincaritate.com\/wp\/#\/schema\/person\/ae324896700d097ddc6db39f45894b80","name":"Is551011","image":{"@type":"ImageObject","inLanguage":"it-IT","@id":"https:\/\/secure.gravatar.com\/avatar\/c031fff76d6f121d3530ae43ac8407bd6ac4d5c3c8a89c237d6990047f9a6307?s=96&d=mm&r=g","url":"https:\/\/secure.gravatar.com\/avatar\/c031fff76d6f121d3530ae43ac8407bd6ac4d5c3c8a89c237d6990047f9a6307?s=96&d=mm&r=g","contentUrl":"https:\/\/secure.gravatar.com\/avatar\/c031fff76d6f121d3530ae43ac8407bd6ac4d5c3c8a89c237d6990047f9a6307?s=96&d=mm&r=g","caption":"Is551011"}}]}},"menu_order":0,"_links":{"self":[{"href":"https:\/\/www.veritatemincaritate.com\/wp\/wp-json\/wp\/v2\/posts\/16567","targetHints":{"allow":["GET"]}}],"collection":[{"href":"https:\/\/www.veritatemincaritate.com\/wp\/wp-json\/wp\/v2\/posts"}],"about":[{"href":"https:\/\/www.veritatemincaritate.com\/wp\/wp-json\/wp\/v2\/types\/post"}],"author":[{"embeddable":true,"href":"https:\/\/www.veritatemincaritate.com\/wp\/wp-json\/wp\/v2\/users\/4"}],"replies":[{"embeddable":true,"href":"https:\/\/www.veritatemincaritate.com\/wp\/wp-json\/wp\/v2\/comments?post=16567"}],"version-history":[{"count":0,"href":"https:\/\/www.veritatemincaritate.com\/wp\/wp-json\/wp\/v2\/posts\/16567\/revisions"}],"wp:featuredmedia":[{"embeddable":true,"href":"https:\/\/www.veritatemincaritate.com\/wp\/wp-json\/wp\/v2\/media\/16570"}],"wp:attachment":[{"href":"https:\/\/www.veritatemincaritate.com\/wp\/wp-json\/wp\/v2\/media?parent=16567"}],"wp:term":[{"taxonomy":"category","embeddable":true,"href":"https:\/\/www.veritatemincaritate.com\/wp\/wp-json\/wp\/v2\/categories?post=16567"},{"taxonomy":"post_tag","embeddable":true,"href":"https:\/\/www.veritatemincaritate.com\/wp\/wp-json\/wp\/v2\/tags?post=16567"}],"curies":[{"name":"wp","href":"https:\/\/api.w.org\/{rel}","templated":true}]}}