{"id":16986,"date":"2020-12-05T05:00:34","date_gmt":"2020-12-05T04:00:34","guid":{"rendered":"https:\/\/www.veritatemincaritate.com\/?p=16986"},"modified":"2021-04-28T14:46:06","modified_gmt":"2021-04-28T12:46:06","slug":"pregate","status":"publish","type":"post","link":"https:\/\/www.veritatemincaritate.com\/wp\/2020\/12\/pregate\/","title":{"rendered":"Pregate!"},"content":{"rendered":"<div class=\"wpb-content-wrapper\" id=\"wpb-content-root\"><p>[vc_row][vc_column][vc_column_text]<\/p>\n<h3>Meditazione<\/h3>\n<div class=\"vc_row wpb_row vc_row-fluid\">\n<div class=\"wpb_column vc_column_container vc_col-sm-12\">\n<div class=\"vc_column-inner \">\n<div class=\"wpb_wrapper\">\n<div class=\"wpb_text_column wpb_content_element \">\n<div class=\"wpb_wrapper\">\n<p>Pubblichiamo l\u2019audio di una meditazione di sabato 5 dicembre 2020<\/p>\n<p>Predicatore: p. Giorgio Maria Far\u00e9, OCD<\/p>\n<\/div>\n<\/div>\n<\/div>\n<\/div>\n<\/div>\n<\/div>\n<p>[\/vc_column_text][vc_column_text]<\/p>\n<h4>Ascolta la registrazione:<\/h4>\n<p>Per motivi di intenso traffico non ci \u00e8 possibile rendere disponibile l&#8217;ascolto dei file audio direttamente dal nostro sito. Se hai dubbi su come fare, vai alle <a href=\"http:\/\/www.veritatemincaritate.com\/chi-siamo\/istruzioni-per-lascolto-delle-registrazioni\/\" target=\"_blank\" rel=\"noopener noreferrer\">istruzioni per l&#8217;ascolto delle registrazioni<\/a>.[\/vc_column_text][\/vc_column][\/vc_row][vc_row][vc_column][vc_row_inner][vc_column_inner width=&#8221;1\/2&#8243;][vc_column_text]<style type=\"text\/css\">.thegem-button-6a9d7a369f9b89309 .gem-button {font-size: 14px;}.thegem-button-6a9d7a369f9b89309 .gem-button-text {font-size: 14px;}.thegem-button-6a9d7a369f9b89309 .gem-button svg {fill: #FFFFFF;}<\/style><div class=\"gem-button-container gem-button-position-inline thegem-button-6a9d7a369f9b89309    \"  ><a class=\"gem-button gem-button-size-small gem-button-style-flat gem-button-text-weight-normal\" data-ll-effect=\"drop-right-without-wrap\" style=\"border-radius: 3px;background-color: #FF5C00;color: #FFFFFF;\" onmouseleave=\"this.style.backgroundColor='#FF5C00';this.style.color='#FFFFFF';\" onmouseenter=\"\" href=\"https:\/\/www.dropbox.com\/s\/elvawbzq67emf8h\/201205-Omelie-Pregate.m4a?dl=1\" target=\"_self\">Scarica la meditazione<\/a><\/div> [\/vc_column_text][\/vc_column_inner][vc_column_inner width=&#8221;1\/2&#8243;][vc_column_text]<style type=\"text\/css\">.thegem-button-6a9d7a369fba7936 .gem-button {font-size: 14px;}.thegem-button-6a9d7a369fba7936 .gem-button-text {font-size: 14px;}.thegem-button-6a9d7a369fba7936 .gem-button svg {fill: #FFFFFF;}<\/style><div class=\"gem-button-container gem-button-position-inline thegem-button-6a9d7a369fba7936    \"  ><a class=\"gem-button gem-button-size-small gem-button-style-flat gem-button-text-weight-normal\" data-ll-effect=\"drop-right-without-wrap\" style=\"border-radius: 3px;background-color: #FF5C00;color: #FFFFFF;\" onmouseleave=\"this.style.backgroundColor='#FF5C00';this.style.color='#FFFFFF';\" onmouseenter=\"\" href=\"https:\/\/www.dropbox.com\/s\/elvawbzq67emf8h\/201205-Omelie-Pregate.m4a?dl=0\" target=\"_self\">Ascolta la meditazione<\/a><\/div> [\/vc_column_text][\/vc_column_inner][\/vc_row_inner][vc_empty_space][vc_separator color=&#8221;orange&#8221;][\/vc_column][\/vc_row][vc_row][vc_column][vc_tta_accordion active_section=&#8221;&#8221; collapsible_all=&#8221;true&#8221;][vc_tta_section title=&#8221;Testo della meditazione&#8221; tab_id=&#8221;1606404790097-f3057b84-7d7f&#8221;][vc_column_text]<\/p>\n<h2 class=\"p1\"><span class=\"s1\"><b><a href=\"https:\/\/www.veritatemincaritate.com\/wp\/wp-content\/uploads\/2021\/04\/201205-Meditazione-del-5-dicembre-2020.pdf\" target=\"_blank\" rel=\"noopener noreferrer\">Scarica il testo della meditazione\u00a0<\/a><\/b><\/span><\/h2>\n<h1>PREGATE!<\/h1>\n<p>Sia lodato Ges\u00f9 Cristo! Sempre sia lodato!<\/p>\n<p>Eccoci giunti al primo sabato di dicembre, il 5; abbiamo quasi concluso questa prima settimana di Avvento e oggi, insieme al primo sabato, \u00e8 anche il ricordo, la memoria, del Cuore Immacolato di Maria, quindi della richiesta della Vergine Maria, a Fatima, di onorarLo in modo speciale nei primi sabati del mese, poi con le promesse dei primi cinque sabati del mese, il Santo Rosario, i quindici minuti da tenere in compagnia della \u00a0Madonna meditando sui Misteri del Rosario, la Comunione riparatrice, la Confessione con l&#8217;intenzione di riparare i peccati contro il Cuore Immacolato di Maria, insomma, tante indicazioni, tante richieste bellissime del cielo, per vivere santamente questo sabato, \u00a0tutto mariano, \u00a0l&#8217;ultimo di questo anno.<\/p>\n<p>Il Vangelo di oggi, tratto dal capitolo IX di San Matteo, ci dice alcune cose, per esempio: <em>\u201cPregate il Signore della messe, perch\u00e9 mandi operai nella sua messe!\u201d<\/em><\/p>\n<p>Ges\u00f9 ci chiede di pregare, pregare Dio, che mandi operai nella Sua messe e per noi \u00e8 fondamentale la preghiera, lo sappiamo, l\u2019abbiamo detto tante volte.<\/p>\n<p>Nell\u2019Epistolario, volume VI, \u201cLettere scelte ai sacerdoti\u201d, di Don Dolindo Ruotolo, prendiamo un testo, che si intitola, Numero XVII, \u201cPregare e non venire meno\u201d, Napoli 26 novembre 1961:<\/p>\n<p><em>Ges\u00f9 all&#8217;anima: <\/em>\u00ab<em>Pregare, pregare e non venire mai meno, \u00e8 la parola con la quale io comandai la preghiera. Alla presente generazione la preghiera appare quasi oziosa, inutile e perci\u00f2 si \u00e8 andata sempre pi\u00f9 restringendo, accorciando, mutilando, fino a far perdere l\u2019idea e il gusto della preghiera, fino a renderla un peso, fino a crederla, non solo inutile, ma anche controproducente<\/em>\u00bb.<\/p>\n<p>Sono parole forti, queste di Ges\u00f9 a Don Dolindo\u2026<\/p>\n<p><em>\u201cPregare, pregare non venire mai meno\u201d.<\/em><\/p>\n<p>\u00c8 vero che oggi la preghiera, oggi forse pi\u00f9 del 1961, appare quasi oziosa, inutile, come se fosse riservata ad uno spazio di nicchia, per coloro che non hanno niente da fare, come se la preghiera fosse una perdita di tempo, e quindi il tempo, il luogo della preghiera, si \u00e8 sempre pi\u00f9 ristretto, accorciato, mutilato, e si \u00e8 fatta perdere l&#8217;idea, il gusto della preghiera.<\/p>\n<p>Vedete, nel momento in cui io faccio perdere l&#8217;idea della preghiera, il valore della preghiera, la bellezza della preghiera, subito si perde anche il gusto.<\/p>\n<p>Pensate a una famiglia dove non si prega mai, dove non si prega mai insieme, dove non si sta mai insieme davanti al Crocifisso, davanti a una statua di Ges\u00f9, davanti a una immagine del Signore\u2026<\/p>\n<p>Si sta insieme davanti alla televisione, si sta insieme, magari, a mangiare, ma non si sta insieme a pregare e sono forse un po&#8217; troppo pochi quelli che insegnano la bellezza, il gusto della preghiera, il gusto dello stare davanti al Signore.<\/p>\n<p>A chi? A chi lo insegnano? Ai giovani, ai ragazzi e ai bambini. Non si ha tempo di stare l\u00ec con i propri figli a pregare e cosa si fa? I migliori, quando mettono i bambini a letto: \u00abBambini, diciamo una preghiera!\u00bb. Mentre hanno il pigiama, hanno un occhio aperto e un occhio chiuso, quando stanno entrando nel letto: \u00abDiciamo una preghiera!\u00bb\u2026un\u2019Ave Maria, un segno della croce, poi sotto le coperte e buonanotte, ma questa non \u00e8 preghiera, questa \u00e8 pigrizia!<\/p>\n<p>Cosa insegno in questo modo al mio bambino?<\/p>\n<p>Che la preghiera \u00e8 la coda della giornata, proprio l&#8217;ultima cosa; \u00e8 pi\u00f9 importante lavarmi i denti che fare una preghiera.<\/p>\n<p>In questo modo la preghiera non \u00e8 il momento di sintesi della giornata, non \u00e8 il momento di verifica della giornata, non la metto come cosa pi\u00f9 importante della giornata, ma semplicemente la elimino, o la riduco, che \u00e8 la stessa cosa, talmente tanto, che non ha pi\u00f9 valore e quindi questi ragazzi crescono pensando che la preghiera non serve pi\u00f9 a niente.<\/p>\n<p>Guardate, se noi non preghiamo, non abbiamo la possibilit\u00e0 di crescere nella fede e nell\u2019umanit\u00e0, non abbiamo la possibilit\u00e0 di crescere nell&#8217;amicizia col Signore.<\/p>\n<p>Certo, deve essere una preghiera vera, per\u00f2 bisogna pregare!<\/p>\n<p>La preghiera vera \u00e8 la preghiera che ci cambia testa e cuore, stili di vita, stili di pensiero, stili di azione: questa \u00e8 la preghiera!<\/p>\n<p>Prosegue Ges\u00f9:<\/p>\n<p>\u00ab\u00c8 una delle piaghe pi\u00f9 brutte dell&#8217;umanit\u00e0, \u00e8 un vuoto che produce miserie spirituali e corporali, come il vuoto d\u2019aria produce cicloni irrompenti e abissi per un aeroplano che vola\u00bb.<\/p>\n<p>Sentite che belle queste parole di Ges\u00f9, belle perch\u00e9 sono di una verit\u00e0 sconcertante:<\/p>\n<p>\u00abLe lunghe veglie notturne dei primi Cristiani si accorciarono, a poco poco i Cristiani furono presi dalla pigrizia e le lunghe file di fedeli che andavano alle catacombe o alle basiliche si assottigliarono, finch\u00e9 cessarono.<\/p>\n<p>Si volle supplire a questa mancanza e la preghiera sembr\u00f2 ufficio di solitari, che non avevano occupazioni terrene e dei religiosi e delle religiose, ma la preghiera notturna si credette gravosa per l&#8217;umana debolezza e divenne diurna, rimanendo notturna per pochi frati.<\/p>\n<p>Il demonio, da maligno stratega, faceva cadere ad uno ad uno gli ostacoli alla sua avanzata e al suo regno\u00bb.<\/p>\n<p>Ges\u00f9, come sempre hai ragione: \u00e8 un vuoto! Quando noi non preghiamo, andiamo sottovuoto! Le lunghe veglie di preghiera notturna accorciate, tolte, perch\u00e9? Per pigrizia! \u00c8 un peccato che confessiamo mai, ma \u00e8 un peccato oltremodo frequente, la pigrizia. Noi perch\u00e9 non preghiamo? Per una ragione sola: perch\u00e9 non abbiamo voglia, perch\u00e9 siamo pigri. Non perch\u00e9 abbiamo tante cose da fare, non \u00e8 vero, non \u00e8 assolutamente vero! Quando io voglio fare qualcosa, il tempo per farlo lo trovo, sempre. Se io non prego, \u00e8 perch\u00e9 non ho voglia di pregare! Rimanda, rimanda, rimanda, rimanda, rimanda, rimanda\u2026poi arriva la sera e sono stravolto, distrutto, non ce la faccio pi\u00f9.<\/p>\n<p>Certo, le lunghe file si assottigliano, le basiliche si svuotano, si demanda la preghiera ai monaci e la preghiera notturna, per la nostra debolezza, per l&#8217;umana debolezza, la si crede gravosa. Non \u00e8 gravoso stare su la notte, non \u00e8 gravoso stare in piedi fino a mezzanotte per vedere un film, no, questo va bene! Siamo l\u00ec che ci addormentiamo\u2026, ma la televisione ha un potere ipnotico, potentissimo, avete mai notato? Quando siete davanti alla televisione, non vi viene mai in mente niente di altro che non sia il film che vedete, ma appena voi spegnete la televisione, soprattutto se \u00e8 sera, la prima cosa che fate \u00e8 uno sbadiglio; il corpo \u00e8 come se si svegliasse e dicesse: \u00abHo sonno! Sono stanco! Finalmente adesso c&#8217;\u00e8 spazio per ascoltarmi!\u00bb. Appena spegnete la televisione, la prima cosa che succede \u00e8 questa: vi vengono in mente le mille cose che dovevate fare e che dovete fare; con la televisione accesa, tutto narcotizzato.<\/p>\n<p>L\u2019umana debolezza non viene presa in considerazione quando devo stare a ballare fino alle quattro o alle cinque del mattino, no. Non viene presa in considerazione l\u2019umana prudenza: sapete i rischi di incidenti mortali gravissimi del sabato sera\u2026 eppure\u2026 Ma quando uno fa una cosa per Dio, ci sono sempre mille cautele a cui pensare, su cui riflettere, da discutere, sempre. Quando c&#8217;\u00e8 di mezzo Dio, iniziano le polemiche infinite, mille problemi, sempre cos\u00ec! Quando c\u2019\u00e8 di mezzo il mondo e quando ci sono di mezzo io, tutto liscio, va tutto bene! Se fai un digiuno, oooh\u2026 Se mangi fino a morire, va bene.<\/p>\n<p>Vedete, \u00e8 tutto tipicamente mondano, anti evangelico; il demonio, da maligno stratega, come dice Ges\u00f9, \u00a0fa cadere ad uno ad uno gli ostacoli alla sua avanzata e al suo regno.<\/p>\n<p>Prosegue Ges\u00f9:<\/p>\n<p>\u00abSi vide la necessit\u00e0 della preghiera per i regni, per le citt\u00e0, per il popolo, si vide da pochi generosi e si formarono i cori delle cattedrali.<\/p>\n<p>Cori di preghiera per l&#8217;onore di Dio e per il bene del popolo, ma l&#8217;ultima miseria per tenerli in vita ricorse all&#8217;allettamento del denaro e a quello della vanit\u00e0 ed ecco le laute prebende e le cappe di onore, gli anelli preziosi, i titoli di grandezza.<\/p>\n<p>Satana veniva ad introdursi tra le trincee del combattimento, contro di lui si mimetizzava e disseccava il campo di Dio col fuoco del guadagno e dell\u2019onore.<\/p>\n<p>Questi cori cattedrali furono devastati da rivoluzioni, sopravvissero in pochi, furono decimati nelle prebende e per molti divennero i rifugi della vanit\u00e0.<\/p>\n<p>La preghiera si attenu\u00f2 nei cuori come lampada a cui viene meno l&#8217;olio e che con l&#8217;acqua ancora solleva l&#8217;esile strato galleggiante, per dare ancora un povero splendore al lucignolo disseccato\u00bb.<\/p>\n<p>Capite? Quello che non ha fatto la pigrizia, l\u2019ha fatto la vanit\u00e0 e il guadagno.<\/p>\n<p>\u00abPrima il popolo si univa alla preghiera dei cori, poi si affollava per vedere la parata delle cappe e per udire la melodia dei canti, ma la parata delle cappe non fece pi\u00f9 colpo, i canti languirono in un deperimento artistico che li rendeva senza alcuna attrattiva, le voci erano pi\u00f9 o meno stonate\u00bb.<\/p>\n<p>Quando c\u2019era il Cardinal Schuster, al pomeriggio, quando c\u2019erano i Vespri in Duomo a Milano, il Duomo di Milano era straripante, tutti andavano a recitare i Vespri in Duomo per vedere il Cardinale, perch\u00e9 vedere il Cardinale pregare era uno spettacolo, era bellissimo vedere il Cardinal Schuster pregare.<\/p>\n<p>\u00abLe voci erano pi\u00f9 o meno stonate con i cuori e gli organi erano toccati da mani inesperte e satana ghignava e rideva, satana, che aveva conosciuto le melodie mirabili dei cori angelici dai quali si era staccato\u00bb.<\/p>\n<p>Capito? Satana ride delle nostre voci stonate, dei nostri coretti di poveretti, lui che conosce benissimo le mirabili melodie dei cori angelici. Lui ride perch\u00e9, non perch\u00e9 siamo stonati, ma perch\u00e9 non c&#8217;\u00e8 il cuore per farlo, si canta male, si suona male, mani inesperte\u2026<\/p>\n<p>\u00abCos\u00ec cominci\u00f2 a cessare la preghiera pubblica e oggi i cori delle cattedrali si riducono sempre pi\u00f9 a pochi e a poche ore, mentre i ricordi religiosi si vanno spegnendo\u00bb.<\/p>\n<p>Capite? Quando ero piccolo io e andavamo all&#8217;oratorio, alle tre c&#8217;era il momento della preghiera e cosa si faceva? Bellissimo, si faceva l&#8217;esposizione eucaristica, il canto dei vespri, i secondi vespri della domenica, la benedizione eucaristica e poi si tornava a giocare. Alle tre era sempre cos\u00ec, preghiera del vespro delle tre, tutti in cappella, sospensione dei giochi, tutti in cappella a pregare e poi si tornava a giocare.<\/p>\n<p>Chiss\u00e0 se ancora oggi si fanno i vespri cantati con tutti i ragazzi dell&#8217;oratorio, esposizione eucaristica, incenso, benedizione eucaristica, e poi si ritorna a giocare. Chiss\u00e0, non lo so, \u00e8 da tanto tempo che non frequento pi\u00f9 l&#8217;oratorio, spero proprio che si sia conservata questa bella abitudine.<\/p>\n<p>Abbiamo ascoltato quello che Ges\u00f9 ci dice, dice a Don Dolindo, sull&#8217;importanza della preghiera, meditiamolo in questo giorno di sabato e stiamo vicini alla Vergine Maria. Cerchiamo in queste due settimane di confessarci per il Natale, visto che poi non sar\u00e0 pi\u00f9 possibile muoversi, e chiediamo alla Madonna la grazia di essere sempre pi\u00f9 secondo il gusto del Suo Figlio Ges\u00f9.<\/p>\n<p>La benedizione di Dio Onnipotente, Padre, Figlio e Spirito Santo discenda su di voi e con voi rimanga sempre! Amen.<\/p>\n<p>Sia lodato Ges\u00f9 Cristo! Sempre sia lodato![\/vc_column_text][\/vc_tta_section][vc_tta_section title=&#8221;Letture del giorno&#8221; tab_id=&#8221;1619613906311-5d36cc31-def0&#8243;][vc_column_text]<strong>Sabato della I settimana di Avvento<\/strong><\/p>\n<p><strong>VANGELO<\/strong> <em>(Mt 9,35-10,1.6-8)<\/em><br \/>\n<em>Vedendo le folle, ne sent\u00ec compassione.<\/em><\/p>\n<p>In quel tempo, Ges\u00f9 percorreva tutte le citt\u00e0 e i villaggi, insegnando nelle loro sinagoghe, annunciando il vangelo del Regno e guarendo ogni malattia e ogni infermit\u00e0.<br \/>\nVedendo le folle, ne sent\u00ec compassione, perch\u00e9 erano stanche e sfinite come pecore che non hanno pastore. Allora disse ai suoi discepoli: \u00abLa messe \u00e8 abbondante, ma sono pochi gli operai! Pregate dunque il signore della messe, perch\u00e9 mandi operai nella sua messe!\u00bb.<br \/>\nChiamati a s\u00e9 i suoi dodici discepoli, diede loro potere sugli spiriti impuri per scacciarli e guarire ogni malattia e ogni infermit\u00e0.<br \/>\nE li invi\u00f2 ordinando loro: \u00abRivolgetevi alle pecore perdute della casa d\u2019Israele. Strada facendo, predicate, dicendo che il regno dei cieli \u00e8 vicino. Guarite gli infermi, risuscitate i morti, purificate i lebbrosi, scacciate i dem\u00f2ni. Gratuitamente avete ricevuto, gratuitamente date\u00bb.[\/vc_column_text][\/vc_tta_section][\/vc_tta_accordion][\/vc_column][\/vc_row]<\/p>\n<\/div>","protected":false},"excerpt":{"rendered":"<p>[vc_row][vc_column][vc_column_text] Meditazione Pubblichiamo l\u2019audio di una meditazione di sabato 5 dicembre 2020 Predicatore: p. Giorgio Maria Far\u00e9, OCD [\/vc_column_text][vc_column_text] Ascolta&#8230;<\/p>\n","protected":false},"author":4,"featured_media":16988,"comment_status":"closed","ping_status":"closed","sticky":false,"template":"","format":"standard","meta":{"footnotes":""},"categories":[15],"tags":[8258,17,79],"class_list":{"0":"post-16986","1":"post","2":"type-post","3":"status-publish","4":"format-standard","5":"has-post-thumbnail","7":"category-omelie","8":"tag-meditazioni","9":"tag-p-giorgio-maria-fare","10":"tag-preghiera"},"yoast_head":"<!-- This site is optimized with the Yoast SEO plugin v28.2 - https:\/\/yoast.com\/product\/yoast-seo-wordpress\/ -->\n<title>Pregate! - Veritatemincaritate<\/title>\n<meta name=\"robots\" content=\"index, follow, max-snippet:-1, max-image-preview:large, max-video-preview:-1\" \/>\n<link rel=\"canonical\" href=\"https:\/\/www.veritatemincaritate.com\/wp\/2020\/12\/pregate\/\" \/>\n<meta property=\"og:locale\" content=\"it_IT\" \/>\n<meta property=\"og:type\" content=\"article\" \/>\n<meta property=\"og:title\" content=\"Pregate! - Veritatemincaritate\" \/>\n<meta property=\"og:description\" content=\"[vc_row][vc_column][vc_column_text] Meditazione Pubblichiamo l\u2019audio di una meditazione di sabato 5 dicembre 2020 Predicatore: p. Giorgio Maria Far\u00e9, OCD [\/vc_column_text][vc_column_text] Ascolta...\" \/>\n<meta property=\"og:url\" content=\"https:\/\/www.veritatemincaritate.com\/wp\/2020\/12\/pregate\/\" \/>\n<meta property=\"og:site_name\" content=\"Veritatemincaritate\" \/>\n<meta property=\"article:publisher\" content=\"https:\/\/www.facebook.com\/pgiorgiomariafare\" \/>\n<meta property=\"article:published_time\" content=\"2020-12-05T04:00:34+00:00\" \/>\n<meta property=\"article:modified_time\" content=\"2021-04-28T12:46:06+00:00\" \/>\n<meta property=\"og:image\" content=\"https:\/\/www.veritatemincaritate.com\/wp\/wp-content\/uploads\/2020\/12\/Mani-incrociate.jpg\" \/>\n\t<meta property=\"og:image:width\" content=\"600\" \/>\n\t<meta property=\"og:image:height\" content=\"400\" \/>\n\t<meta property=\"og:image:type\" content=\"image\/jpeg\" \/>\n<meta name=\"author\" content=\"Is551011\" \/>\n<meta name=\"twitter:card\" content=\"summary_large_image\" \/>\n<meta name=\"twitter:label1\" content=\"Scritto da\" \/>\n\t<meta name=\"twitter:data1\" content=\"Is551011\" \/>\n\t<meta name=\"twitter:label2\" content=\"Tempo di lettura stimato\" \/>\n\t<meta name=\"twitter:data2\" content=\"2 minuti\" \/>\n<script type=\"application\/ld+json\" class=\"yoast-schema-graph\">{\"@context\":\"https:\\\/\\\/schema.org\",\"@graph\":[{\"@type\":\"Article\",\"@id\":\"https:\\\/\\\/www.veritatemincaritate.com\\\/wp\\\/2020\\\/12\\\/pregate\\\/#article\",\"isPartOf\":{\"@id\":\"https:\\\/\\\/www.veritatemincaritate.com\\\/wp\\\/2020\\\/12\\\/pregate\\\/\"},\"author\":{\"name\":\"Is551011\",\"@id\":\"https:\\\/\\\/www.veritatemincaritate.com\\\/wp\\\/#\\\/schema\\\/person\\\/ae324896700d097ddc6db39f45894b80\"},\"headline\":\"Pregate!\",\"datePublished\":\"2020-12-05T04:00:34+00:00\",\"dateModified\":\"2021-04-28T12:46:06+00:00\",\"mainEntityOfPage\":{\"@id\":\"https:\\\/\\\/www.veritatemincaritate.com\\\/wp\\\/2020\\\/12\\\/pregate\\\/\"},\"wordCount\":2249,\"publisher\":{\"@id\":\"https:\\\/\\\/www.veritatemincaritate.com\\\/wp\\\/#organization\"},\"image\":{\"@id\":\"https:\\\/\\\/www.veritatemincaritate.com\\\/wp\\\/2020\\\/12\\\/pregate\\\/#primaryimage\"},\"thumbnailUrl\":\"https:\\\/\\\/www.veritatemincaritate.com\\\/wp\\\/wp-content\\\/uploads\\\/2020\\\/12\\\/Mani-incrociate.jpg\",\"keywords\":[\"meditazioni\",\"p. Giorgio Maria Far\u00e9\",\"preghiera\"],\"articleSection\":[\"Omelie\"],\"inLanguage\":\"it-IT\"},{\"@type\":\"WebPage\",\"@id\":\"https:\\\/\\\/www.veritatemincaritate.com\\\/wp\\\/2020\\\/12\\\/pregate\\\/\",\"url\":\"https:\\\/\\\/www.veritatemincaritate.com\\\/wp\\\/2020\\\/12\\\/pregate\\\/\",\"name\":\"Pregate! - Veritatemincaritate\",\"isPartOf\":{\"@id\":\"https:\\\/\\\/www.veritatemincaritate.com\\\/wp\\\/#website\"},\"primaryImageOfPage\":{\"@id\":\"https:\\\/\\\/www.veritatemincaritate.com\\\/wp\\\/2020\\\/12\\\/pregate\\\/#primaryimage\"},\"image\":{\"@id\":\"https:\\\/\\\/www.veritatemincaritate.com\\\/wp\\\/2020\\\/12\\\/pregate\\\/#primaryimage\"},\"thumbnailUrl\":\"https:\\\/\\\/www.veritatemincaritate.com\\\/wp\\\/wp-content\\\/uploads\\\/2020\\\/12\\\/Mani-incrociate.jpg\",\"datePublished\":\"2020-12-05T04:00:34+00:00\",\"dateModified\":\"2021-04-28T12:46:06+00:00\",\"breadcrumb\":{\"@id\":\"https:\\\/\\\/www.veritatemincaritate.com\\\/wp\\\/2020\\\/12\\\/pregate\\\/#breadcrumb\"},\"inLanguage\":\"it-IT\",\"potentialAction\":[{\"@type\":\"ReadAction\",\"target\":[\"https:\\\/\\\/www.veritatemincaritate.com\\\/wp\\\/2020\\\/12\\\/pregate\\\/\"]}]},{\"@type\":\"ImageObject\",\"inLanguage\":\"it-IT\",\"@id\":\"https:\\\/\\\/www.veritatemincaritate.com\\\/wp\\\/2020\\\/12\\\/pregate\\\/#primaryimage\",\"url\":\"https:\\\/\\\/www.veritatemincaritate.com\\\/wp\\\/wp-content\\\/uploads\\\/2020\\\/12\\\/Mani-incrociate.jpg\",\"contentUrl\":\"https:\\\/\\\/www.veritatemincaritate.com\\\/wp\\\/wp-content\\\/uploads\\\/2020\\\/12\\\/Mani-incrociate.jpg\",\"width\":600,\"height\":400},{\"@type\":\"BreadcrumbList\",\"@id\":\"https:\\\/\\\/www.veritatemincaritate.com\\\/wp\\\/2020\\\/12\\\/pregate\\\/#breadcrumb\",\"itemListElement\":[{\"@type\":\"ListItem\",\"position\":1,\"name\":\"Home\",\"item\":\"https:\\\/\\\/www.veritatemincaritate.com\\\/wp\\\/\"},{\"@type\":\"ListItem\",\"position\":2,\"name\":\"Pregate!\"}]},{\"@type\":\"WebSite\",\"@id\":\"https:\\\/\\\/www.veritatemincaritate.com\\\/wp\\\/#website\",\"url\":\"https:\\\/\\\/www.veritatemincaritate.com\\\/wp\\\/\",\"name\":\"Veritatemincaritate\",\"description\":\"Agendo secondo verit\u00e0 nella carit\u00e0, cerchiamo di crescere in ogni cosa tendendo a lui, che \u00e8 il capo, Cristo\",\"publisher\":{\"@id\":\"https:\\\/\\\/www.veritatemincaritate.com\\\/wp\\\/#organization\"},\"potentialAction\":[{\"@type\":\"SearchAction\",\"target\":{\"@type\":\"EntryPoint\",\"urlTemplate\":\"https:\\\/\\\/www.veritatemincaritate.com\\\/wp\\\/?s={search_term_string}\"},\"query-input\":{\"@type\":\"PropertyValueSpecification\",\"valueRequired\":true,\"valueName\":\"search_term_string\"}}],\"inLanguage\":\"it-IT\"},{\"@type\":\"Organization\",\"@id\":\"https:\\\/\\\/www.veritatemincaritate.com\\\/wp\\\/#organization\",\"name\":\"Veritatem facientes in Caritate\",\"url\":\"https:\\\/\\\/www.veritatemincaritate.com\\\/wp\\\/\",\"logo\":{\"@type\":\"ImageObject\",\"inLanguage\":\"it-IT\",\"@id\":\"https:\\\/\\\/www.veritatemincaritate.com\\\/wp\\\/#\\\/schema\\\/logo\\\/image\\\/\",\"url\":\"https:\\\/\\\/www.veritatemincaritate.com\\\/wp\\\/wp-content\\\/uploads\\\/2020\\\/07\\\/Logo-VIC-per-canale-Youtube.jpg\",\"contentUrl\":\"https:\\\/\\\/www.veritatemincaritate.com\\\/wp\\\/wp-content\\\/uploads\\\/2020\\\/07\\\/Logo-VIC-per-canale-Youtube.jpg\",\"width\":720,\"height\":720,\"caption\":\"Veritatem facientes in Caritate\"},\"image\":{\"@id\":\"https:\\\/\\\/www.veritatemincaritate.com\\\/wp\\\/#\\\/schema\\\/logo\\\/image\\\/\"},\"sameAs\":[\"https:\\\/\\\/www.facebook.com\\\/pgiorgiomariafare\",\"https:\\\/\\\/instagram.com\\\/padre_giorgio_maria_fare?igshid=1p8wsw6b3edkc\",\"https:\\\/\\\/www.youtube.com\\\/channel\\\/UCFqjpT1nX60rx3m_SELg3lA\"]},{\"@type\":\"Person\",\"@id\":\"https:\\\/\\\/www.veritatemincaritate.com\\\/wp\\\/#\\\/schema\\\/person\\\/ae324896700d097ddc6db39f45894b80\",\"name\":\"Is551011\",\"image\":{\"@type\":\"ImageObject\",\"inLanguage\":\"it-IT\",\"@id\":\"https:\\\/\\\/secure.gravatar.com\\\/avatar\\\/c031fff76d6f121d3530ae43ac8407bd6ac4d5c3c8a89c237d6990047f9a6307?s=96&d=mm&r=g\",\"url\":\"https:\\\/\\\/secure.gravatar.com\\\/avatar\\\/c031fff76d6f121d3530ae43ac8407bd6ac4d5c3c8a89c237d6990047f9a6307?s=96&d=mm&r=g\",\"contentUrl\":\"https:\\\/\\\/secure.gravatar.com\\\/avatar\\\/c031fff76d6f121d3530ae43ac8407bd6ac4d5c3c8a89c237d6990047f9a6307?s=96&d=mm&r=g\",\"caption\":\"Is551011\"}}]}<\/script>\n<!-- \/ Yoast SEO plugin. -->","yoast_head_json":{"title":"Pregate! - Veritatemincaritate","robots":{"index":"index","follow":"follow","max-snippet":"max-snippet:-1","max-image-preview":"max-image-preview:large","max-video-preview":"max-video-preview:-1"},"canonical":"https:\/\/www.veritatemincaritate.com\/wp\/2020\/12\/pregate\/","og_locale":"it_IT","og_type":"article","og_title":"Pregate! - Veritatemincaritate","og_description":"[vc_row][vc_column][vc_column_text] Meditazione Pubblichiamo l\u2019audio di una meditazione di sabato 5 dicembre 2020 Predicatore: p. Giorgio Maria Far\u00e9, OCD [\/vc_column_text][vc_column_text] Ascolta...","og_url":"https:\/\/www.veritatemincaritate.com\/wp\/2020\/12\/pregate\/","og_site_name":"Veritatemincaritate","article_publisher":"https:\/\/www.facebook.com\/pgiorgiomariafare","article_published_time":"2020-12-05T04:00:34+00:00","article_modified_time":"2021-04-28T12:46:06+00:00","og_image":[{"width":600,"height":400,"url":"https:\/\/www.veritatemincaritate.com\/wp\/wp-content\/uploads\/2020\/12\/Mani-incrociate.jpg","type":"image\/jpeg"}],"author":"Is551011","twitter_card":"summary_large_image","twitter_misc":{"Scritto da":"Is551011","Tempo di lettura stimato":"2 minuti"},"schema":{"@context":"https:\/\/schema.org","@graph":[{"@type":"Article","@id":"https:\/\/www.veritatemincaritate.com\/wp\/2020\/12\/pregate\/#article","isPartOf":{"@id":"https:\/\/www.veritatemincaritate.com\/wp\/2020\/12\/pregate\/"},"author":{"name":"Is551011","@id":"https:\/\/www.veritatemincaritate.com\/wp\/#\/schema\/person\/ae324896700d097ddc6db39f45894b80"},"headline":"Pregate!","datePublished":"2020-12-05T04:00:34+00:00","dateModified":"2021-04-28T12:46:06+00:00","mainEntityOfPage":{"@id":"https:\/\/www.veritatemincaritate.com\/wp\/2020\/12\/pregate\/"},"wordCount":2249,"publisher":{"@id":"https:\/\/www.veritatemincaritate.com\/wp\/#organization"},"image":{"@id":"https:\/\/www.veritatemincaritate.com\/wp\/2020\/12\/pregate\/#primaryimage"},"thumbnailUrl":"https:\/\/www.veritatemincaritate.com\/wp\/wp-content\/uploads\/2020\/12\/Mani-incrociate.jpg","keywords":["meditazioni","p. Giorgio Maria Far\u00e9","preghiera"],"articleSection":["Omelie"],"inLanguage":"it-IT"},{"@type":"WebPage","@id":"https:\/\/www.veritatemincaritate.com\/wp\/2020\/12\/pregate\/","url":"https:\/\/www.veritatemincaritate.com\/wp\/2020\/12\/pregate\/","name":"Pregate! - Veritatemincaritate","isPartOf":{"@id":"https:\/\/www.veritatemincaritate.com\/wp\/#website"},"primaryImageOfPage":{"@id":"https:\/\/www.veritatemincaritate.com\/wp\/2020\/12\/pregate\/#primaryimage"},"image":{"@id":"https:\/\/www.veritatemincaritate.com\/wp\/2020\/12\/pregate\/#primaryimage"},"thumbnailUrl":"https:\/\/www.veritatemincaritate.com\/wp\/wp-content\/uploads\/2020\/12\/Mani-incrociate.jpg","datePublished":"2020-12-05T04:00:34+00:00","dateModified":"2021-04-28T12:46:06+00:00","breadcrumb":{"@id":"https:\/\/www.veritatemincaritate.com\/wp\/2020\/12\/pregate\/#breadcrumb"},"inLanguage":"it-IT","potentialAction":[{"@type":"ReadAction","target":["https:\/\/www.veritatemincaritate.com\/wp\/2020\/12\/pregate\/"]}]},{"@type":"ImageObject","inLanguage":"it-IT","@id":"https:\/\/www.veritatemincaritate.com\/wp\/2020\/12\/pregate\/#primaryimage","url":"https:\/\/www.veritatemincaritate.com\/wp\/wp-content\/uploads\/2020\/12\/Mani-incrociate.jpg","contentUrl":"https:\/\/www.veritatemincaritate.com\/wp\/wp-content\/uploads\/2020\/12\/Mani-incrociate.jpg","width":600,"height":400},{"@type":"BreadcrumbList","@id":"https:\/\/www.veritatemincaritate.com\/wp\/2020\/12\/pregate\/#breadcrumb","itemListElement":[{"@type":"ListItem","position":1,"name":"Home","item":"https:\/\/www.veritatemincaritate.com\/wp\/"},{"@type":"ListItem","position":2,"name":"Pregate!"}]},{"@type":"WebSite","@id":"https:\/\/www.veritatemincaritate.com\/wp\/#website","url":"https:\/\/www.veritatemincaritate.com\/wp\/","name":"Veritatemincaritate","description":"Agendo secondo verit\u00e0 nella carit\u00e0, cerchiamo di crescere in ogni cosa tendendo a lui, che \u00e8 il capo, Cristo","publisher":{"@id":"https:\/\/www.veritatemincaritate.com\/wp\/#organization"},"potentialAction":[{"@type":"SearchAction","target":{"@type":"EntryPoint","urlTemplate":"https:\/\/www.veritatemincaritate.com\/wp\/?s={search_term_string}"},"query-input":{"@type":"PropertyValueSpecification","valueRequired":true,"valueName":"search_term_string"}}],"inLanguage":"it-IT"},{"@type":"Organization","@id":"https:\/\/www.veritatemincaritate.com\/wp\/#organization","name":"Veritatem facientes in Caritate","url":"https:\/\/www.veritatemincaritate.com\/wp\/","logo":{"@type":"ImageObject","inLanguage":"it-IT","@id":"https:\/\/www.veritatemincaritate.com\/wp\/#\/schema\/logo\/image\/","url":"https:\/\/www.veritatemincaritate.com\/wp\/wp-content\/uploads\/2020\/07\/Logo-VIC-per-canale-Youtube.jpg","contentUrl":"https:\/\/www.veritatemincaritate.com\/wp\/wp-content\/uploads\/2020\/07\/Logo-VIC-per-canale-Youtube.jpg","width":720,"height":720,"caption":"Veritatem facientes in Caritate"},"image":{"@id":"https:\/\/www.veritatemincaritate.com\/wp\/#\/schema\/logo\/image\/"},"sameAs":["https:\/\/www.facebook.com\/pgiorgiomariafare","https:\/\/instagram.com\/padre_giorgio_maria_fare?igshid=1p8wsw6b3edkc","https:\/\/www.youtube.com\/channel\/UCFqjpT1nX60rx3m_SELg3lA"]},{"@type":"Person","@id":"https:\/\/www.veritatemincaritate.com\/wp\/#\/schema\/person\/ae324896700d097ddc6db39f45894b80","name":"Is551011","image":{"@type":"ImageObject","inLanguage":"it-IT","@id":"https:\/\/secure.gravatar.com\/avatar\/c031fff76d6f121d3530ae43ac8407bd6ac4d5c3c8a89c237d6990047f9a6307?s=96&d=mm&r=g","url":"https:\/\/secure.gravatar.com\/avatar\/c031fff76d6f121d3530ae43ac8407bd6ac4d5c3c8a89c237d6990047f9a6307?s=96&d=mm&r=g","contentUrl":"https:\/\/secure.gravatar.com\/avatar\/c031fff76d6f121d3530ae43ac8407bd6ac4d5c3c8a89c237d6990047f9a6307?s=96&d=mm&r=g","caption":"Is551011"}}]}},"menu_order":0,"_links":{"self":[{"href":"https:\/\/www.veritatemincaritate.com\/wp\/wp-json\/wp\/v2\/posts\/16986","targetHints":{"allow":["GET"]}}],"collection":[{"href":"https:\/\/www.veritatemincaritate.com\/wp\/wp-json\/wp\/v2\/posts"}],"about":[{"href":"https:\/\/www.veritatemincaritate.com\/wp\/wp-json\/wp\/v2\/types\/post"}],"author":[{"embeddable":true,"href":"https:\/\/www.veritatemincaritate.com\/wp\/wp-json\/wp\/v2\/users\/4"}],"replies":[{"embeddable":true,"href":"https:\/\/www.veritatemincaritate.com\/wp\/wp-json\/wp\/v2\/comments?post=16986"}],"version-history":[{"count":0,"href":"https:\/\/www.veritatemincaritate.com\/wp\/wp-json\/wp\/v2\/posts\/16986\/revisions"}],"wp:featuredmedia":[{"embeddable":true,"href":"https:\/\/www.veritatemincaritate.com\/wp\/wp-json\/wp\/v2\/media\/16988"}],"wp:attachment":[{"href":"https:\/\/www.veritatemincaritate.com\/wp\/wp-json\/wp\/v2\/media?parent=16986"}],"wp:term":[{"taxonomy":"category","embeddable":true,"href":"https:\/\/www.veritatemincaritate.com\/wp\/wp-json\/wp\/v2\/categories?post=16986"},{"taxonomy":"post_tag","embeddable":true,"href":"https:\/\/www.veritatemincaritate.com\/wp\/wp-json\/wp\/v2\/tags?post=16986"}],"curies":[{"name":"wp","href":"https:\/\/api.w.org\/{rel}","templated":true}]}}