{"id":17651,"date":"2021-02-25T03:30:41","date_gmt":"2021-02-25T02:30:41","guid":{"rendered":"https:\/\/www.veritatemincaritate.com\/?p=17651"},"modified":"2021-03-03T14:58:18","modified_gmt":"2021-03-03T13:58:18","slug":"le-radici-spirituali-delle-malattie-psichiche-nona-parte","status":"publish","type":"post","link":"https:\/\/www.veritatemincaritate.com\/wp\/2021\/02\/le-radici-spirituali-delle-malattie-psichiche-nona-parte\/","title":{"rendered":"Le radici spirituali delle malattie psichiche: nona parte"},"content":{"rendered":"<div class=\"wpb-content-wrapper\"><p>[vc_row][vc_column][vc_column_text]<\/p>\n<h3>Meditazione<\/h3>\n<div class=\"vc_row wpb_row vc_row-fluid\">\n<div class=\"wpb_column vc_column_container vc_col-sm-12\">\n<div class=\"vc_column-inner \">\n<div class=\"wpb_wrapper\">\n<div class=\"wpb_text_column wpb_content_element \">\n<div class=\"wpb_wrapper\">\n<p>Pubblichiamo l\u2019audio di una meditazione di gioved\u00ec 25 febbraio 2021<\/p>\n<p>Predicatore: p. Giorgio Maria Far\u00e9, OCD<\/p>\n<\/div>\n<\/div>\n<\/div>\n<\/div>\n<\/div>\n<\/div>\n<p>[\/vc_column_text][vc_column_text]<\/p>\n<h4>Ascolta la registrazione:<\/h4>\n<p>Per motivi di intenso traffico non ci \u00e8 possibile rendere disponibile l&#8217;ascolto dei file audio direttamente dal nostro sito. Se hai dubbi su come fare, vai alle <a href=\"http:\/\/www.veritatemincaritate.com\/chi-siamo\/istruzioni-per-lascolto-delle-registrazioni\/\" target=\"_blank\" rel=\"noopener noreferrer\">istruzioni per l&#8217;ascolto delle registrazioni<\/a>.[\/vc_column_text][\/vc_column][\/vc_row][vc_row][vc_column][vc_row_inner][vc_column_inner width=&#8221;1\/2&#8243;][vc_column_text]<style type=\"text\/css\">.thegem-button-69f43fe2a1b7e8220 .gem-button {font-size: 14px;}.thegem-button-69f43fe2a1b7e8220 .gem-button-text {font-size: 14px;}.thegem-button-69f43fe2a1b7e8220 .gem-button svg {fill: #FFFFFF;}<\/style><div class=\"gem-button-container gem-button-position-inline thegem-button-69f43fe2a1b7e8220    \"  ><a class=\"gem-button gem-button-size-small gem-button-style-flat gem-button-text-weight-normal\" data-ll-effect=\"drop-right-without-wrap\" style=\"border-radius: 3px;background-color: #FF5C00;color: #FFFFFF;\" onmouseleave=\"this.style.backgroundColor='#FF5C00';this.style.color='#FFFFFF';\" onmouseenter=\"\" href=\"https:\/\/www.dropbox.com\/s\/1kc4j0z2uqykbmw\/210225-Omelie-Malattie9.m4a?dl=1\" target=\"_self\">Scarica la meditazione<\/a><\/div> [\/vc_column_text][\/vc_column_inner][vc_column_inner width=&#8221;1\/2&#8243;][vc_column_text]<style type=\"text\/css\">.thegem-button-69f43fe2a1d013854 .gem-button {font-size: 14px;}.thegem-button-69f43fe2a1d013854 .gem-button-text {font-size: 14px;}.thegem-button-69f43fe2a1d013854 .gem-button svg {fill: #FFFFFF;}<\/style><div class=\"gem-button-container gem-button-position-inline thegem-button-69f43fe2a1d013854    \"  ><a class=\"gem-button gem-button-size-small gem-button-style-flat gem-button-text-weight-normal\" data-ll-effect=\"drop-right-without-wrap\" style=\"border-radius: 3px;background-color: #FF5C00;color: #FFFFFF;\" onmouseleave=\"this.style.backgroundColor='#FF5C00';this.style.color='#FFFFFF';\" onmouseenter=\"\" href=\"https:\/\/www.dropbox.com\/s\/1kc4j0z2uqykbmw\/210225-Omelie-Malattie9.m4a?dl=0\" target=\"_self\">Ascolta la meditazione<\/a><\/div> [\/vc_column_text][\/vc_column_inner][\/vc_row_inner][vc_empty_space][vc_separator color=&#8221;orange&#8221;][\/vc_column][\/vc_row][vc_row][vc_column][vc_tta_accordion active_section=&#8221;&#8221; collapsible_all=&#8221;true&#8221;][vc_tta_section title=&#8221;Testo della meditazione&#8221; tab_id=&#8221;1611470152754-0e026df5-76a7&#8243;][vc_column_text]<\/p>\n<h2 class=\"p1\"><span class=\"s1\"><b><a href=\"https:\/\/www.veritatemincaritate.com\/wp\/wp-content\/uploads\/2021\/03\/210225-Le-radici-spirituali-delle-malattie-psichiche-9p.pdf\" target=\"_blank\" rel=\"noopener noreferrer\">Scarica il testo della meditazione\u00a0<\/a><\/b><\/span><\/h2>\n<h1>LE RADICI SPIRITUALI DELLE MALATTIE PSICHICHE &#8211; Nona Parte<\/h1>\n<p>Sia lodato Ges\u00f9 Cristo, sempre sia lodato.<\/p>\n<p>Eccoci giunti a gioved\u00ec 25 febbraio 2021, abbiamo ascoltato il Vangelo della Santa Messa di oggi tratto dal <strong>cap. VII, vv 7-12 di San Matteo.<\/strong><\/p>\n<p>\u201cChiedete e vi sar\u00e0 dato\u201d<\/p>\n<p>Noi chiediamo a Dio Padre la grazia di darci totalmente a Lui?<\/p>\n<p>Per fare questo abbiamo bisogno dello Spirito Santo. Questo \u00e8 il mese dedicato allo Spirito Santo e quindi chiediamo a Dio Padre una rinnovata effusione dello Spirito Santo su di noi, sulla Chiesa, sulle persone a noi care.<\/p>\n<p>Continuiamo la nostra lettura e meditazione del testo: \u201c<em>L\u2019inconscio Spirituale\u201d<\/em>, Malattie psichiche e malattie spirituali del prof. Larchet. Siamo arrivati al paragrafo che tratta i perversi orientamenti del desiderio, proseguiamo:<\/p>\n<p>\u201cNelle sue relazioni con le creature, l&#8217;uomo non ha pi\u00f9 Dio in vista, ma il suo proprio piacere, e per norma non ha pi\u00f9 che i propri desideri sensibili.\u201d<\/p>\n<p>Nel momento in cui l\u2019uomo perde il vero senso di Dio e assolutizza i suoi desideri e piaceri sensibili e li mette al posto di Dio, abbiamo la perversione dei desideri, l\u2019idolificazione.<\/p>\n<p>\u201cNon vede e non tratta pi\u00f9 gli esseri in linea con le loro \u201cragioni spirituali\u201d, ma secondo l&#8217;intensit\u00e0 con cui li desidera; ed \u00e8 dall&#8217;intensit\u00e0 del piacere che pu\u00f2 ricavarne che egli ne stabilisce l&#8217;importanza e ne misura il valore.\u201d<\/p>\n<p>Quando accade questo, il primo effetto che abbiamo \u00e8 sull\u2019uomo, il secondo effetto \u00e8 sulle relazioni con gli altri: il piacere diventa la norma, il fine, quindi la persona si muove solo in relazione al piacere e solo in relazione ai desideri sensibili. Una persona cos\u00ec ti dice \u201cti amo\u201d, ma non \u00e8 vero perch\u00e8 non \u00e8 capace di amare. Lui ti \u201cama\u201d (ma non \u00e8 amore) in funzione del suo piacere e dei suoi desideri sensibili, una persona cos\u00ec ama tanto quanto corrispondi ai suoi piaceri e ai suoi desideri. Questo non solamente in riferimento ad un discorso sessuale, ma anche e soprattutto in riferimento ad un discorso spirituale.<\/p>\n<p>\u201cSe tu non sei come piace a me, spiritualmente, intellettualmente, secondo quello che io voglio che tu sia, secondo i miei schemi, basta.\u201d<\/p>\n<p>Non c\u2019\u00e8 un motivo spirituale che muove l\u2019atteggiamento di questo soggetto, ma \u00e8 mosso dall&#8217;intensit\u00e0 con cui desidera. Perci\u00f2 oggi ti desidera tantissimo e quindi \u201camore\u201d, domani non ti desidera pi\u00f9 e quindi pattumiera. Ecco la ragione di tante famiglie distrutte: \u00e8 perch\u00e8 erano fondate su questo, ma questo non regge la sfida di una famiglia.<\/p>\n<p>Perci\u00f2 il valore delle persone con le quali entra in relazione \u00e8 determinato da quanto piacere gli trasmettono, tanto quanto lo soddisfano, saziano, riempiono, corrispondono e compensano. Finch\u00e8 \u00e8 cos\u00ec \u00e8 disposto a fare follie per te e dirti parole meravigliose, ma non perch\u00e8 ti ama.<\/p>\n<p>\u201cE cos\u00ec il mondo diventa per l&#8217;uomo una proiezione fantasmatica dei suoi desideri e le creature dei mezzi per soddisfare le sue passioni, degli strumenti per il suo godimento sensibile. Le relazioni dell&#8217;uomo con tutti gli esseri della creazione e anche con i suoi simili si ritrovano in tal modo completamente pervertite, dato che, perdendo ai suoi occhi il loro valore spirituale, si ritrovano tutti quanti ridotti a oggetti di godimento dati in pastura alle sue molteplici passioni.\u201d<\/p>\n<p>Quello che lui vede all\u2019esterno \u00e8 un fantasma, non \u00e8 la realt\u00e0. Una persona cos\u00ec non incontra mai la realt\u00e0 perch\u00e9 incontra solamente se stesso negli altri, non incontra l\u2019altro in quanto altro, ma incontra l\u2019altro in quanto \u201cs\u00e8\u201d. Se io sono fatto in questo modo ti incontro tanto quanto tu sei me, tanto quanto mi corrispondi. Se non mi corrispondi non ti incontro pi\u00f9. In tutti i sensi. Per me tu non sei altro che un mezzo per soddisfare le mie passioni, uno strumento per il mio godimento sensibile. E non pensate solo in senso sessuale, anzi, pensate soprattutto alla sfera interiore, che non ha nulla a che vedere con la spiritualit\u00e0. Si tratta di quel mondo di affetti, pensieri che uno si porta dentro. Non so fare altro che usarti e ti uso tanto quanto mi soddisfi.<\/p>\n<p>Quindi le relazioni con la creazione e con gli altri sono pervertite perch\u00e9 tu per me non vali tanto quanto sei spiritualmente connotato, ma sei semplicemente un oggetto di piacere che viene buttato in pastura (la pastura \u00e8 quella che si d\u00e0 ai pesci) alle mie passioni. Tu sei cibo per le mie passioni, devi soddisfare le mie passioni tanto quanto voglio e tanto quanto io mi aspetto. E\u2019 terribile questa cosa! Ed \u00e8 diffusissima! Le nostre relazioni sono spesse volte impastate, se non addirittura imperniate su queste questioni, su questi desideri perversi. Poi noi le ammantiamo di tanti discorsi spiritualoidi, con discorsi sacrali ma in realt\u00e0 sono passioni pure, dominio dell\u2019altro ma chi lo fa non se ne accorge o non vuole accorgersene.<\/p>\n<p>\u201cIn tal modo, anche i rapporti fra gli uomini diventano sostanzialmente rapporti fra oggetti in bal\u00eca dei capricci dei desideri e dei piaceri sensibili.\u201d<\/p>\n<p>E\u2019 tutto un capriccio: \u201cio voglio, io voglio\u201d. Una persona cos\u00ec non incontra mai nessuno.<\/p>\n<p>\u201cE mosso dal suo desiderio pervertito, l&#8217;uomo continua sempre a sbagliarsi nell&#8217;individuare e cercare il suo bene, e anche il bene in generale.\u201d<\/p>\n<p>Fondato su questi desideri perversi l\u2019uomo non trova il suo bene, in senso generale ma anche in senso particolare. Una persona cos\u00ec, ad esempio, non trover\u00e0 mai la persona giusta, perch\u00e8 la cerca in base al proprio egoismo.<\/p>\n<p>\u201cNello stato decaduto, \u00e8 il piacere a diventare il criterio del bene.\u201d<\/p>\n<p>E\u2019 bene ci\u00f2 che mi piace, ci\u00f2 che mi soddisfa, ci\u00f2 che mi completa, ci\u00f2 che mi compensa. Terribile&#8230;<\/p>\n<p>\u201cCos\u00ec che l&#8217;uomo pu\u00f2 stabilire che per lui \u00e8 bene e quindi darsi a cercare ci\u00f2 che a lui piace, per la sola ragione che gli piace, anche quando gli fosse oggettivamente nocivo; mentre invece rifugge come un male ci\u00f2 che per lui \u00e8 oggettivamente il bene, per la sola ragione che sul piano della sua sensibilit\u00e0 gli causa del fastidio.\u201d<\/p>\n<p>Non va a cercare ci\u00f2 che gli fa bene veramente, ma ci\u00f2 che gli piace e non cerca ci\u00f2 che gli fa bene veramente perch\u00e8 gli d\u00e0 fastidio.<\/p>\n<p>Vi ricordate cosa diceva don Abbondio del Cardinal Federigo? \u201cChe tormento!\u201d. Quando il Card. Federigo, dopo l\u2019incontro con l\u2019Innominato, chiama Don Abbondio e gli dice di andare con lui fa una dura reprimenda, una correzione potentissima a Don Abbondio. Una reprimenda della quale Don Abbondio non capisce niente, non coglie nulla della ricchezza di quel discorso perch\u00e9 \u00e8 proprio l\u2019emblema dell\u2019uomo schiavo dei suoi piaceri, delle sue passioni e desideri pervertiti. Ma ripeto, non dovete pensare che \u201cpervertiti\u201d significhi qualcosa di sessualmente connotato. Quello \u00e8 l\u2019ultimo stadio. \u201cPervertito\u201d vuol dire che ha cambiato oggetto. Che anzich\u00e9 essere rivolto a quello a cui dovrebbe essere rivolto si \u00e8 rivolto ad altro.<\/p>\n<p>Quindi dicevamo, il Cardinale Federigo gli fa tutto un discorso bellissimo, un profondo esame di coscienza, e don Abbondio ragionando tra s\u00e9 dice: \u201cQuest\u2019uomo che tormento! E\u2019 un tormento! Tormenta gli altri e siccome non \u00e8 sazio tormenta anche se stesso!\u201d<\/p>\n<p>Ma questi sono gli uomini giusti: perch\u00e8 vanno a cercare il bene e, se cercano il bene, non cercano il piacere. Il vero bene d\u00e0 fastidio perch\u00e9 fa crescere, ci va a tirare fuori dai buchi dalle nostre tane umide dove ci rintaniamo, ci prende per la coda e ci tira fuori. Questo \u00e8 il vero bene. E\u2019 il grillo parlante di Pinocchio.<\/p>\n<p>\u201cInsomma, bene e male vengono ormai stabiliti in maniera soggettiva, sulla base del desiderio sensibile e in funzione del piacere che si cerca, e l&#8217;uomo continua a far confusione fra ci\u00f2 che gli appare un bene dal punto di vista del suo desiderio decaduto e il bene reale e vero.\u201d<\/p>\n<p>Entri nella schizofrenia, non sei pi\u00f9 capace di vedere il vero bene ma vedi il bene dalla prospettiva del desiderio perverso. O cambi il desiderio e lo rimetti al vero posto, altrimenti non ci sar\u00e0 mai una conversione.<\/p>\n<p>Per intercessione di Maria Santissima, vi benedica Dio Onnipotente, Padre, Figlio e Spirito Santo. Amen.<\/p>\n<p>Sia lodato Ges\u00f9 Cristo. Sempre sia lodato.[\/vc_column_text][\/vc_tta_section][vc_tta_section title=&#8221;Letture del giorno&#8221; tab_id=&#8221;1614779663193-8c9489ea-a5e5&#8243;][vc_column_text]<strong>Gioved\u00ec della I settimana di Quaresima<\/strong><\/p>\n<p><strong>VANGELO <\/strong><em>(Mt 7,7-12)<\/em><br \/>\n<em>Chiunque chiede, riceve.<\/em><\/p>\n<p>In quel tempo, Ges\u00f9 disse ai suoi discepoli:<br \/>\n\u00abChiedete e vi sar\u00e0 dato; cercate e troverete, bussate e vi sar\u00e0 aperto. Perch\u00e9 chiunque chiede riceve, e chi cerca trova, e a chi bussa sar\u00e0 aperto.<br \/>\nChi di voi, al figlio che gli chiede un pane, dar\u00e0 una pietra? E se gli chiede un pesce, gli dar\u00e0 una serpe? Se voi, dunque, che siete cattivi, sapete dare cose buone ai vostri figli, quanto pi\u00f9 il Padre vostro che \u00e8 nei cieli dar\u00e0 cose buone a quelli che gliele chiedono!<br \/>\nTutto quanto volete che gli uomini facciano a voi, anche voi fatelo a loro: questa infatti \u00e8 la Legge e i Profeti\u00bb.[\/vc_column_text][\/vc_tta_section][\/vc_tta_accordion][\/vc_column][\/vc_row]<\/p>\n<\/div>","protected":false},"excerpt":{"rendered":"<p>[vc_row][vc_column][vc_column_text] Meditazione Pubblichiamo l\u2019audio di una meditazione di gioved\u00ec 25 febbraio 2021 Predicatore: p. Giorgio Maria Far\u00e9, OCD [\/vc_column_text][vc_column_text] Ascolta&#8230;<\/p>\n","protected":false},"author":4,"featured_media":17880,"comment_status":"closed","ping_status":"closed","sticky":false,"template":"","format":"standard","meta":{"footnotes":""},"categories":[15],"tags":[8379,8390,8258,17],"class_list":{"0":"post-17651","1":"post","2":"type-post","3":"status-publish","4":"format-standard","5":"has-post-thumbnail","7":"category-omelie","8":"tag-jean-claude-larchet","9":"tag-malattie-psichiche","10":"tag-meditazioni","11":"tag-p-giorgio-maria-fare"},"yoast_head":"<!-- This site is optimized with the Yoast SEO plugin v27.5 - https:\/\/yoast.com\/product\/yoast-seo-wordpress\/ -->\n<title>Le radici spirituali delle malattie psichiche: nona parte - Veritatemincaritate<\/title>\n<meta name=\"robots\" content=\"index, follow, max-snippet:-1, max-image-preview:large, max-video-preview:-1\" \/>\n<link rel=\"canonical\" href=\"https:\/\/www.veritatemincaritate.com\/wp\/2021\/02\/le-radici-spirituali-delle-malattie-psichiche-nona-parte\/\" \/>\n<meta property=\"og:locale\" content=\"it_IT\" \/>\n<meta property=\"og:type\" content=\"article\" \/>\n<meta property=\"og:title\" content=\"Le radici spirituali delle malattie psichiche: nona parte - Veritatemincaritate\" \/>\n<meta property=\"og:description\" content=\"[vc_row][vc_column][vc_column_text] Meditazione Pubblichiamo l\u2019audio di una meditazione di gioved\u00ec 25 febbraio 2021 Predicatore: p. Giorgio Maria Far\u00e9, OCD [\/vc_column_text][vc_column_text] Ascolta...\" \/>\n<meta property=\"og:url\" content=\"https:\/\/www.veritatemincaritate.com\/wp\/2021\/02\/le-radici-spirituali-delle-malattie-psichiche-nona-parte\/\" \/>\n<meta property=\"og:site_name\" content=\"Veritatemincaritate\" \/>\n<meta property=\"article:publisher\" content=\"https:\/\/www.facebook.com\/pgiorgiomariafare\" \/>\n<meta property=\"article:published_time\" content=\"2021-02-25T02:30:41+00:00\" \/>\n<meta property=\"article:modified_time\" content=\"2021-03-03T13:58:18+00:00\" \/>\n<meta property=\"og:image\" content=\"https:\/\/www.veritatemincaritate.com\/wp\/wp-content\/uploads\/2021\/02\/Cuore-radici9.jpg\" \/>\n\t<meta property=\"og:image:width\" content=\"600\" \/>\n\t<meta property=\"og:image:height\" content=\"400\" \/>\n\t<meta property=\"og:image:type\" content=\"image\/jpeg\" \/>\n<meta name=\"author\" content=\"Is551011\" \/>\n<meta name=\"twitter:card\" content=\"summary_large_image\" \/>\n<meta name=\"twitter:label1\" content=\"Scritto da\" \/>\n\t<meta name=\"twitter:data1\" content=\"Is551011\" \/>\n\t<meta name=\"twitter:label2\" content=\"Tempo di lettura stimato\" \/>\n\t<meta name=\"twitter:data2\" content=\"7 minuti\" \/>\n<script type=\"application\/ld+json\" class=\"yoast-schema-graph\">{\"@context\":\"https:\\\/\\\/schema.org\",\"@graph\":[{\"@type\":\"Article\",\"@id\":\"https:\\\/\\\/www.veritatemincaritate.com\\\/wp\\\/2021\\\/02\\\/le-radici-spirituali-delle-malattie-psichiche-nona-parte\\\/#article\",\"isPartOf\":{\"@id\":\"https:\\\/\\\/www.veritatemincaritate.com\\\/wp\\\/2021\\\/02\\\/le-radici-spirituali-delle-malattie-psichiche-nona-parte\\\/\"},\"author\":{\"name\":\"Is551011\",\"@id\":\"https:\\\/\\\/www.veritatemincaritate.com\\\/wp\\\/#\\\/schema\\\/person\\\/ae324896700d097ddc6db39f45894b80\"},\"headline\":\"Le radici spirituali delle malattie psichiche: nona parte\",\"datePublished\":\"2021-02-25T02:30:41+00:00\",\"dateModified\":\"2021-03-03T13:58:18+00:00\",\"mainEntityOfPage\":{\"@id\":\"https:\\\/\\\/www.veritatemincaritate.com\\\/wp\\\/2021\\\/02\\\/le-radici-spirituali-delle-malattie-psichiche-nona-parte\\\/\"},\"wordCount\":1763,\"publisher\":{\"@id\":\"https:\\\/\\\/www.veritatemincaritate.com\\\/wp\\\/#organization\"},\"image\":{\"@id\":\"https:\\\/\\\/www.veritatemincaritate.com\\\/wp\\\/2021\\\/02\\\/le-radici-spirituali-delle-malattie-psichiche-nona-parte\\\/#primaryimage\"},\"thumbnailUrl\":\"https:\\\/\\\/www.veritatemincaritate.com\\\/wp\\\/wp-content\\\/uploads\\\/2021\\\/02\\\/Cuore-radici9.jpg\",\"keywords\":[\"Jean Claude Larchet\",\"malattie psichiche\",\"meditazioni\",\"p. Giorgio Maria Far\u00e9\"],\"articleSection\":[\"Omelie\"],\"inLanguage\":\"it-IT\"},{\"@type\":\"WebPage\",\"@id\":\"https:\\\/\\\/www.veritatemincaritate.com\\\/wp\\\/2021\\\/02\\\/le-radici-spirituali-delle-malattie-psichiche-nona-parte\\\/\",\"url\":\"https:\\\/\\\/www.veritatemincaritate.com\\\/wp\\\/2021\\\/02\\\/le-radici-spirituali-delle-malattie-psichiche-nona-parte\\\/\",\"name\":\"Le radici spirituali delle malattie psichiche: nona parte - Veritatemincaritate\",\"isPartOf\":{\"@id\":\"https:\\\/\\\/www.veritatemincaritate.com\\\/wp\\\/#website\"},\"primaryImageOfPage\":{\"@id\":\"https:\\\/\\\/www.veritatemincaritate.com\\\/wp\\\/2021\\\/02\\\/le-radici-spirituali-delle-malattie-psichiche-nona-parte\\\/#primaryimage\"},\"image\":{\"@id\":\"https:\\\/\\\/www.veritatemincaritate.com\\\/wp\\\/2021\\\/02\\\/le-radici-spirituali-delle-malattie-psichiche-nona-parte\\\/#primaryimage\"},\"thumbnailUrl\":\"https:\\\/\\\/www.veritatemincaritate.com\\\/wp\\\/wp-content\\\/uploads\\\/2021\\\/02\\\/Cuore-radici9.jpg\",\"datePublished\":\"2021-02-25T02:30:41+00:00\",\"dateModified\":\"2021-03-03T13:58:18+00:00\",\"breadcrumb\":{\"@id\":\"https:\\\/\\\/www.veritatemincaritate.com\\\/wp\\\/2021\\\/02\\\/le-radici-spirituali-delle-malattie-psichiche-nona-parte\\\/#breadcrumb\"},\"inLanguage\":\"it-IT\",\"potentialAction\":[{\"@type\":\"ReadAction\",\"target\":[\"https:\\\/\\\/www.veritatemincaritate.com\\\/wp\\\/2021\\\/02\\\/le-radici-spirituali-delle-malattie-psichiche-nona-parte\\\/\"]}]},{\"@type\":\"ImageObject\",\"inLanguage\":\"it-IT\",\"@id\":\"https:\\\/\\\/www.veritatemincaritate.com\\\/wp\\\/2021\\\/02\\\/le-radici-spirituali-delle-malattie-psichiche-nona-parte\\\/#primaryimage\",\"url\":\"https:\\\/\\\/www.veritatemincaritate.com\\\/wp\\\/wp-content\\\/uploads\\\/2021\\\/02\\\/Cuore-radici9.jpg\",\"contentUrl\":\"https:\\\/\\\/www.veritatemincaritate.com\\\/wp\\\/wp-content\\\/uploads\\\/2021\\\/02\\\/Cuore-radici9.jpg\",\"width\":600,\"height\":400},{\"@type\":\"BreadcrumbList\",\"@id\":\"https:\\\/\\\/www.veritatemincaritate.com\\\/wp\\\/2021\\\/02\\\/le-radici-spirituali-delle-malattie-psichiche-nona-parte\\\/#breadcrumb\",\"itemListElement\":[{\"@type\":\"ListItem\",\"position\":1,\"name\":\"Home\",\"item\":\"https:\\\/\\\/www.veritatemincaritate.com\\\/wp\\\/\"},{\"@type\":\"ListItem\",\"position\":2,\"name\":\"Le radici spirituali delle malattie psichiche: nona parte\"}]},{\"@type\":\"WebSite\",\"@id\":\"https:\\\/\\\/www.veritatemincaritate.com\\\/wp\\\/#website\",\"url\":\"https:\\\/\\\/www.veritatemincaritate.com\\\/wp\\\/\",\"name\":\"Veritatemincaritate\",\"description\":\"Agendo secondo verit\u00e0 nella carit\u00e0, cerchiamo di crescere in ogni cosa tendendo a lui, che \u00e8 il capo, Cristo\",\"publisher\":{\"@id\":\"https:\\\/\\\/www.veritatemincaritate.com\\\/wp\\\/#organization\"},\"potentialAction\":[{\"@type\":\"SearchAction\",\"target\":{\"@type\":\"EntryPoint\",\"urlTemplate\":\"https:\\\/\\\/www.veritatemincaritate.com\\\/wp\\\/?s={search_term_string}\"},\"query-input\":{\"@type\":\"PropertyValueSpecification\",\"valueRequired\":true,\"valueName\":\"search_term_string\"}}],\"inLanguage\":\"it-IT\"},{\"@type\":\"Organization\",\"@id\":\"https:\\\/\\\/www.veritatemincaritate.com\\\/wp\\\/#organization\",\"name\":\"Veritatem facientes in Caritate\",\"url\":\"https:\\\/\\\/www.veritatemincaritate.com\\\/wp\\\/\",\"logo\":{\"@type\":\"ImageObject\",\"inLanguage\":\"it-IT\",\"@id\":\"https:\\\/\\\/www.veritatemincaritate.com\\\/wp\\\/#\\\/schema\\\/logo\\\/image\\\/\",\"url\":\"https:\\\/\\\/www.veritatemincaritate.com\\\/wp\\\/wp-content\\\/uploads\\\/2020\\\/07\\\/Logo-VIC-per-canale-Youtube.jpg\",\"contentUrl\":\"https:\\\/\\\/www.veritatemincaritate.com\\\/wp\\\/wp-content\\\/uploads\\\/2020\\\/07\\\/Logo-VIC-per-canale-Youtube.jpg\",\"width\":720,\"height\":720,\"caption\":\"Veritatem facientes in Caritate\"},\"image\":{\"@id\":\"https:\\\/\\\/www.veritatemincaritate.com\\\/wp\\\/#\\\/schema\\\/logo\\\/image\\\/\"},\"sameAs\":[\"https:\\\/\\\/www.facebook.com\\\/pgiorgiomariafare\",\"https:\\\/\\\/instagram.com\\\/padre_giorgio_maria_fare?igshid=1p8wsw6b3edkc\",\"https:\\\/\\\/www.youtube.com\\\/channel\\\/UCFqjpT1nX60rx3m_SELg3lA\"]},{\"@type\":\"Person\",\"@id\":\"https:\\\/\\\/www.veritatemincaritate.com\\\/wp\\\/#\\\/schema\\\/person\\\/ae324896700d097ddc6db39f45894b80\",\"name\":\"Is551011\",\"image\":{\"@type\":\"ImageObject\",\"inLanguage\":\"it-IT\",\"@id\":\"https:\\\/\\\/secure.gravatar.com\\\/avatar\\\/c031fff76d6f121d3530ae43ac8407bd6ac4d5c3c8a89c237d6990047f9a6307?s=96&d=mm&r=g\",\"url\":\"https:\\\/\\\/secure.gravatar.com\\\/avatar\\\/c031fff76d6f121d3530ae43ac8407bd6ac4d5c3c8a89c237d6990047f9a6307?s=96&d=mm&r=g\",\"contentUrl\":\"https:\\\/\\\/secure.gravatar.com\\\/avatar\\\/c031fff76d6f121d3530ae43ac8407bd6ac4d5c3c8a89c237d6990047f9a6307?s=96&d=mm&r=g\",\"caption\":\"Is551011\"}}]}<\/script>\n<!-- \/ Yoast SEO plugin. -->","yoast_head_json":{"title":"Le radici spirituali delle malattie psichiche: nona parte - Veritatemincaritate","robots":{"index":"index","follow":"follow","max-snippet":"max-snippet:-1","max-image-preview":"max-image-preview:large","max-video-preview":"max-video-preview:-1"},"canonical":"https:\/\/www.veritatemincaritate.com\/wp\/2021\/02\/le-radici-spirituali-delle-malattie-psichiche-nona-parte\/","og_locale":"it_IT","og_type":"article","og_title":"Le radici spirituali delle malattie psichiche: nona parte - Veritatemincaritate","og_description":"[vc_row][vc_column][vc_column_text] Meditazione Pubblichiamo l\u2019audio di una meditazione di gioved\u00ec 25 febbraio 2021 Predicatore: p. Giorgio Maria Far\u00e9, OCD [\/vc_column_text][vc_column_text] Ascolta...","og_url":"https:\/\/www.veritatemincaritate.com\/wp\/2021\/02\/le-radici-spirituali-delle-malattie-psichiche-nona-parte\/","og_site_name":"Veritatemincaritate","article_publisher":"https:\/\/www.facebook.com\/pgiorgiomariafare","article_published_time":"2021-02-25T02:30:41+00:00","article_modified_time":"2021-03-03T13:58:18+00:00","og_image":[{"width":600,"height":400,"url":"https:\/\/www.veritatemincaritate.com\/wp\/wp-content\/uploads\/2021\/02\/Cuore-radici9.jpg","type":"image\/jpeg"}],"author":"Is551011","twitter_card":"summary_large_image","twitter_misc":{"Scritto da":"Is551011","Tempo di lettura stimato":"7 minuti"},"schema":{"@context":"https:\/\/schema.org","@graph":[{"@type":"Article","@id":"https:\/\/www.veritatemincaritate.com\/wp\/2021\/02\/le-radici-spirituali-delle-malattie-psichiche-nona-parte\/#article","isPartOf":{"@id":"https:\/\/www.veritatemincaritate.com\/wp\/2021\/02\/le-radici-spirituali-delle-malattie-psichiche-nona-parte\/"},"author":{"name":"Is551011","@id":"https:\/\/www.veritatemincaritate.com\/wp\/#\/schema\/person\/ae324896700d097ddc6db39f45894b80"},"headline":"Le radici spirituali delle malattie psichiche: nona parte","datePublished":"2021-02-25T02:30:41+00:00","dateModified":"2021-03-03T13:58:18+00:00","mainEntityOfPage":{"@id":"https:\/\/www.veritatemincaritate.com\/wp\/2021\/02\/le-radici-spirituali-delle-malattie-psichiche-nona-parte\/"},"wordCount":1763,"publisher":{"@id":"https:\/\/www.veritatemincaritate.com\/wp\/#organization"},"image":{"@id":"https:\/\/www.veritatemincaritate.com\/wp\/2021\/02\/le-radici-spirituali-delle-malattie-psichiche-nona-parte\/#primaryimage"},"thumbnailUrl":"https:\/\/www.veritatemincaritate.com\/wp\/wp-content\/uploads\/2021\/02\/Cuore-radici9.jpg","keywords":["Jean Claude Larchet","malattie psichiche","meditazioni","p. Giorgio Maria Far\u00e9"],"articleSection":["Omelie"],"inLanguage":"it-IT"},{"@type":"WebPage","@id":"https:\/\/www.veritatemincaritate.com\/wp\/2021\/02\/le-radici-spirituali-delle-malattie-psichiche-nona-parte\/","url":"https:\/\/www.veritatemincaritate.com\/wp\/2021\/02\/le-radici-spirituali-delle-malattie-psichiche-nona-parte\/","name":"Le radici spirituali delle malattie psichiche: nona parte - Veritatemincaritate","isPartOf":{"@id":"https:\/\/www.veritatemincaritate.com\/wp\/#website"},"primaryImageOfPage":{"@id":"https:\/\/www.veritatemincaritate.com\/wp\/2021\/02\/le-radici-spirituali-delle-malattie-psichiche-nona-parte\/#primaryimage"},"image":{"@id":"https:\/\/www.veritatemincaritate.com\/wp\/2021\/02\/le-radici-spirituali-delle-malattie-psichiche-nona-parte\/#primaryimage"},"thumbnailUrl":"https:\/\/www.veritatemincaritate.com\/wp\/wp-content\/uploads\/2021\/02\/Cuore-radici9.jpg","datePublished":"2021-02-25T02:30:41+00:00","dateModified":"2021-03-03T13:58:18+00:00","breadcrumb":{"@id":"https:\/\/www.veritatemincaritate.com\/wp\/2021\/02\/le-radici-spirituali-delle-malattie-psichiche-nona-parte\/#breadcrumb"},"inLanguage":"it-IT","potentialAction":[{"@type":"ReadAction","target":["https:\/\/www.veritatemincaritate.com\/wp\/2021\/02\/le-radici-spirituali-delle-malattie-psichiche-nona-parte\/"]}]},{"@type":"ImageObject","inLanguage":"it-IT","@id":"https:\/\/www.veritatemincaritate.com\/wp\/2021\/02\/le-radici-spirituali-delle-malattie-psichiche-nona-parte\/#primaryimage","url":"https:\/\/www.veritatemincaritate.com\/wp\/wp-content\/uploads\/2021\/02\/Cuore-radici9.jpg","contentUrl":"https:\/\/www.veritatemincaritate.com\/wp\/wp-content\/uploads\/2021\/02\/Cuore-radici9.jpg","width":600,"height":400},{"@type":"BreadcrumbList","@id":"https:\/\/www.veritatemincaritate.com\/wp\/2021\/02\/le-radici-spirituali-delle-malattie-psichiche-nona-parte\/#breadcrumb","itemListElement":[{"@type":"ListItem","position":1,"name":"Home","item":"https:\/\/www.veritatemincaritate.com\/wp\/"},{"@type":"ListItem","position":2,"name":"Le radici spirituali delle malattie psichiche: nona parte"}]},{"@type":"WebSite","@id":"https:\/\/www.veritatemincaritate.com\/wp\/#website","url":"https:\/\/www.veritatemincaritate.com\/wp\/","name":"Veritatemincaritate","description":"Agendo secondo verit\u00e0 nella carit\u00e0, cerchiamo di crescere in ogni cosa tendendo a lui, che \u00e8 il capo, Cristo","publisher":{"@id":"https:\/\/www.veritatemincaritate.com\/wp\/#organization"},"potentialAction":[{"@type":"SearchAction","target":{"@type":"EntryPoint","urlTemplate":"https:\/\/www.veritatemincaritate.com\/wp\/?s={search_term_string}"},"query-input":{"@type":"PropertyValueSpecification","valueRequired":true,"valueName":"search_term_string"}}],"inLanguage":"it-IT"},{"@type":"Organization","@id":"https:\/\/www.veritatemincaritate.com\/wp\/#organization","name":"Veritatem facientes in Caritate","url":"https:\/\/www.veritatemincaritate.com\/wp\/","logo":{"@type":"ImageObject","inLanguage":"it-IT","@id":"https:\/\/www.veritatemincaritate.com\/wp\/#\/schema\/logo\/image\/","url":"https:\/\/www.veritatemincaritate.com\/wp\/wp-content\/uploads\/2020\/07\/Logo-VIC-per-canale-Youtube.jpg","contentUrl":"https:\/\/www.veritatemincaritate.com\/wp\/wp-content\/uploads\/2020\/07\/Logo-VIC-per-canale-Youtube.jpg","width":720,"height":720,"caption":"Veritatem facientes in Caritate"},"image":{"@id":"https:\/\/www.veritatemincaritate.com\/wp\/#\/schema\/logo\/image\/"},"sameAs":["https:\/\/www.facebook.com\/pgiorgiomariafare","https:\/\/instagram.com\/padre_giorgio_maria_fare?igshid=1p8wsw6b3edkc","https:\/\/www.youtube.com\/channel\/UCFqjpT1nX60rx3m_SELg3lA"]},{"@type":"Person","@id":"https:\/\/www.veritatemincaritate.com\/wp\/#\/schema\/person\/ae324896700d097ddc6db39f45894b80","name":"Is551011","image":{"@type":"ImageObject","inLanguage":"it-IT","@id":"https:\/\/secure.gravatar.com\/avatar\/c031fff76d6f121d3530ae43ac8407bd6ac4d5c3c8a89c237d6990047f9a6307?s=96&d=mm&r=g","url":"https:\/\/secure.gravatar.com\/avatar\/c031fff76d6f121d3530ae43ac8407bd6ac4d5c3c8a89c237d6990047f9a6307?s=96&d=mm&r=g","contentUrl":"https:\/\/secure.gravatar.com\/avatar\/c031fff76d6f121d3530ae43ac8407bd6ac4d5c3c8a89c237d6990047f9a6307?s=96&d=mm&r=g","caption":"Is551011"}}]}},"menu_order":0,"_links":{"self":[{"href":"https:\/\/www.veritatemincaritate.com\/wp\/wp-json\/wp\/v2\/posts\/17651","targetHints":{"allow":["GET"]}}],"collection":[{"href":"https:\/\/www.veritatemincaritate.com\/wp\/wp-json\/wp\/v2\/posts"}],"about":[{"href":"https:\/\/www.veritatemincaritate.com\/wp\/wp-json\/wp\/v2\/types\/post"}],"author":[{"embeddable":true,"href":"https:\/\/www.veritatemincaritate.com\/wp\/wp-json\/wp\/v2\/users\/4"}],"replies":[{"embeddable":true,"href":"https:\/\/www.veritatemincaritate.com\/wp\/wp-json\/wp\/v2\/comments?post=17651"}],"version-history":[{"count":0,"href":"https:\/\/www.veritatemincaritate.com\/wp\/wp-json\/wp\/v2\/posts\/17651\/revisions"}],"wp:featuredmedia":[{"embeddable":true,"href":"https:\/\/www.veritatemincaritate.com\/wp\/wp-json\/wp\/v2\/media\/17880"}],"wp:attachment":[{"href":"https:\/\/www.veritatemincaritate.com\/wp\/wp-json\/wp\/v2\/media?parent=17651"}],"wp:term":[{"taxonomy":"category","embeddable":true,"href":"https:\/\/www.veritatemincaritate.com\/wp\/wp-json\/wp\/v2\/categories?post=17651"},{"taxonomy":"post_tag","embeddable":true,"href":"https:\/\/www.veritatemincaritate.com\/wp\/wp-json\/wp\/v2\/tags?post=17651"}],"curies":[{"name":"wp","href":"https:\/\/api.w.org\/{rel}","templated":true}]}}