{"id":17801,"date":"2021-03-19T03:45:56","date_gmt":"2021-03-19T02:45:56","guid":{"rendered":"https:\/\/www.veritatemincaritate.com\/?p=17801"},"modified":"2021-03-26T09:41:06","modified_gmt":"2021-03-26T08:41:06","slug":"san-giuseppe","status":"publish","type":"post","link":"https:\/\/www.veritatemincaritate.com\/wp\/2021\/03\/san-giuseppe\/","title":{"rendered":"San Giuseppe"},"content":{"rendered":"<div class=\"wpb-content-wrapper\"><p>[vc_row][vc_column][vc_column_text]<\/p>\n<h3>Meditazione<\/h3>\n<div class=\"vc_row wpb_row vc_row-fluid\">\n<div class=\"wpb_column vc_column_container vc_col-sm-12\">\n<div class=\"vc_column-inner \">\n<div class=\"wpb_wrapper\">\n<div class=\"wpb_text_column wpb_content_element \">\n<div class=\"wpb_wrapper\">\n<p>Pubblichiamo l\u2019audio di una meditazione di venerd\u00ec 19 marzo 2021 &#8211; Solennit\u00e0 di San Giuseppe<\/p>\n<p>Predicatore: p. Giorgio Maria Far\u00e9, OCD<\/p>\n<\/div>\n<\/div>\n<\/div>\n<\/div>\n<\/div>\n<\/div>\n<p>[\/vc_column_text][vc_column_text]<\/p>\n<h4>Ascolta la registrazione:<\/h4>\n<p>Per motivi di intenso traffico non ci \u00e8 possibile rendere disponibile l&#8217;ascolto dei file audio direttamente dal nostro sito. Se hai dubbi su come fare, vai alle <a href=\"http:\/\/www.veritatemincaritate.com\/chi-siamo\/istruzioni-per-lascolto-delle-registrazioni\/\" target=\"_blank\" rel=\"noopener noreferrer\">istruzioni per l&#8217;ascolto delle registrazioni<\/a>.[\/vc_column_text][\/vc_column][\/vc_row][vc_row][vc_column][vc_row_inner][vc_column_inner width=&#8221;1\/2&#8243;][vc_column_text]<style type=\"text\/css\">.thegem-button-69f462a62f4b79277 .gem-button {font-size: 14px;}.thegem-button-69f462a62f4b79277 .gem-button-text {font-size: 14px;}.thegem-button-69f462a62f4b79277 .gem-button svg {fill: #FFFFFF;}<\/style><div class=\"gem-button-container gem-button-position-inline thegem-button-69f462a62f4b79277    \"  ><a class=\"gem-button gem-button-size-small gem-button-style-flat gem-button-text-weight-normal\" data-ll-effect=\"drop-right-without-wrap\" style=\"border-radius: 3px;background-color: #FF5C00;color: #FFFFFF;\" onmouseleave=\"this.style.backgroundColor='#FF5C00';this.style.color='#FFFFFF';\" onmouseenter=\"\" href=\"https:\/\/www.dropbox.com\/s\/yxr0thmch01pw4m\/210319-Omelie-SGiuseppe.m4a?dl=1\" target=\"_self\">Scarica la meditazione<\/a><\/div> [\/vc_column_text][\/vc_column_inner][vc_column_inner width=&#8221;1\/2&#8243;][vc_column_text]<style type=\"text\/css\">.thegem-button-69f462a62f645840 .gem-button {font-size: 14px;}.thegem-button-69f462a62f645840 .gem-button-text {font-size: 14px;}.thegem-button-69f462a62f645840 .gem-button svg {fill: #FFFFFF;}<\/style><div class=\"gem-button-container gem-button-position-inline thegem-button-69f462a62f645840    \"  ><a class=\"gem-button gem-button-size-small gem-button-style-flat gem-button-text-weight-normal\" data-ll-effect=\"drop-right-without-wrap\" style=\"border-radius: 3px;background-color: #FF5C00;color: #FFFFFF;\" onmouseleave=\"this.style.backgroundColor='#FF5C00';this.style.color='#FFFFFF';\" onmouseenter=\"\" href=\"https:\/\/www.dropbox.com\/s\/yxr0thmch01pw4m\/210319-Omelie-SGiuseppe.m4a?dl=0\" target=\"_self\">Ascolta la meditazione<\/a><\/div> [\/vc_column_text][\/vc_column_inner][\/vc_row_inner][vc_empty_space][vc_separator color=&#8221;orange&#8221;][\/vc_column][\/vc_row][vc_row][vc_column][vc_tta_accordion active_section=&#8221;&#8221; collapsible_all=&#8221;true&#8221;][vc_tta_section title=&#8221;Approfondimento&#8221; tab_id=&#8221;1608015622880-2e3b59e5-2749&#8243;][vc_cta h2=&#8221;La devozione a San Giuseppe&#8221; add_button=&#8221;bottom&#8221; btn_title=&#8221;Vai allo speciale&#8221; btn_color=&#8221;danger&#8221; btn_link=&#8221;url:https%3A%2F%2Fwww.veritatemincaritate.com%2F2019%2F02%2Fmarzo-mese-dedicato-a-san-giuseppe%2F|title:Marzo%20%E2%80%93%20Mese%20dedicato%20a%20San%20Giuseppe|target:_blank&#8221;][\/vc_cta][\/vc_tta_section][vc_tta_section title=&#8221;Testo della meditazione&#8221; tab_id=&#8221;1612621033975-a69fe060-ead3&#8243;][vc_column_text]<\/p>\n<h2 class=\"p1\"><span class=\"s1\"><b><a href=\"https:\/\/www.veritatemincaritate.com\/wp\/wp-content\/uploads\/2021\/03\/210319-San-Giuseppe..pdf\" target=\"_blank\" rel=\"noopener noreferrer\">Scarica il testo della meditazione\u00a0<\/a><\/b><\/span><\/h2>\n<h1>SAN GIUSEPPE<\/h1>\n<p>Sia lodato Ges\u00f9 Cristo, sempre sia lodato.<\/p>\n<p>Eccoci giunti a venerd\u00ec 19 marzo, <strong>solennit\u00e0 di San Giuseppe<\/strong>, sposo della Vergine Maria, mi auguro che in questo mese stiate facendo la bellissima pratica del Sacro Manto di San Giuseppe, \u00e8 una devozione molto bella, io la consiglio sempre. Santa Teresa D\u2019Avila dice che \u00e8 un Santo potentissimo, il pi\u00f9 potente, lei dice che ha sempre ottenuto tutto quello che ha chiesto attraverso la devozione di San Giuseppe, lei era devotissima di San Giuseppe e dice che \u00e8 proprio da sperimentare, dice: \u201cNon mi \u00e8 mai successo di aver chiesto qualcosa a San Giuseppe e non averlo ottenuto\u201d. Impariamo a domandare a San Giuseppe. Che cosa?<\/p>\n<p>La Santit\u00e0. Diventare veramente amici di Ges\u00f9, ricevere un\u2019effusione costante di Spirito Santo su di noi, su questo mondo, sulla Chiesa. E oggi non possiamo dimenticarci i pap\u00e0, oggi dobbiamo fare non solo gli auguri, ma una preghiera solenne per i nostri pap\u00e0, e non solamente per i nostri pap\u00e0 vivi ma anche per coloro che il pap\u00e0 vivo non ce l\u2019hanno pi\u00f9, pregare per l\u2019anima del nostro pap\u00e0, di colui che insieme alla nostra mamma ci ha messo al mondo. Cerchiamo di fare quest\u2019oggi un gesto di gratitudine, di riconoscimento, e andiamo oltre alle tante sciocchezze, fatiche, ingiustizie che possiamo aver ricevuto come figli dei nostri pap\u00e0, puntiamo alto.<\/p>\n<p>Il Vangelo che abbiamo ascoltato quest\u2019oggi, tratto dal <strong>cap. II di San Luca, vv 41-51<\/strong>, \u00e8 un altro Vangelo bellissimo. \u00c8 vero mi ritrovo a dire sempre la stessa frase, ma ogni volta che ci troviamo di fronte ad una pagina del Vangelo \u00e8 sempre bellissima perch\u00e9 risplende ogni volta di una luce diversa. Su questa pagina potremmo dire tantissime cose, \u00e8 una pagina che \u00e8 un insegnamento per tutti coloro che hanno un ruolo educativo, per i pap\u00e0, per le mamme, per i Sacerdoti. Oggi \u00e8 anche il giorno dei Sacerdoti, se avete un Padre Spirituale, ricordatevi di fare gli auguri anche a lui, di ricordargli la sua paternit\u00e0 e a voi la vostra figliolanza. C\u2019\u00e8 il padre che ci genera nella carne e il Padre che ci genera nello spirito. Sarebbe necessario e importante fargli gli auguri, fargli un pensiero, far dire una Santa Messa, ricordarlo in un Rosario, tutte quelle realt\u00e0 che sappiamo essergli utili, per l\u2019anima e per il corpo. In questa pagina del Vangelo si vede come la figura di San Giuseppe sia un po\u2019 all\u2019orizzonte della Sacra Famiglia, questa figura cos\u00ec discreta, cos\u00ec silenziosa, cos\u00ec riservata, delicata e attenta.<\/p>\n<p>\u201cCredendo che egli fosse nella comitiva, fecero una giornata di viaggio, e poi si misero a cercarlo tra i parenti e i conoscenti; non avendolo trovato, tornarono in cerca di lui a Gerusalemme. Dopo tre giorni&#8230;\u201d<\/p>\n<p>Fanno una giornata di viaggio, convinti che fosse in mezzo ai loro parenti e conoscenti e poi non lo trovano, quindi tornano indietro a Gerusalemme. Devono averlo cercato per almeno quattro giorni. Perch\u00e9 se loro hanno fatto una giornata di viaggio, devono impiegarne un\u2019altra per tornare indietro, pi\u00f9 i tre giorni, in totale sono passati almeno cinque giorni senza Ges\u00f9. Immaginatevi voi di perdere vostro figlio per cinque giorni!<\/p>\n<p>Cinque giorni senza sapere cosa sia successo a Ges\u00f9 e poi\u2026 un comportamento assolutamente anomalo! Avranno pensato che fosse successo qualcosa di grave, perch\u00e9 altrimenti li avrebbe avvisati. Immaginatevi come arrivano a Gerusalemme, a cercare questo Bambino. Perdere un figlio credo che sia la cosa pi\u00f9 tremenda che possa capitare a un genitore: disperderlo, \u00e8 una cosa che ti strazia l\u2019anima. \u00c8 peggio che se fosse morto perch\u00e9 almeno se \u00e8 morto sai dove \u00e8. Non sapere dov\u2019\u00e8 tuo figlio, avere la percezione di averlo perso\u2026 Pensate anche al senso di colpa che pu\u00f2 venire\u2026<\/p>\n<p>Eppure Maria e Giuseppe in tutto questo rimangono sempre Maria e Giuseppe, questa Sacra Famiglia risplende anche nei momenti pi\u00f9 drammatici come qualcosa di veramente meraviglioso.<\/p>\n<p>\u201cDopo tre giorni, lo trovarono nel tempio\u201d<\/p>\n<p>Dove sar\u00e0 stato Ges\u00f9 in quei tre giorni? Come avr\u00e0 fatto a mangiare? Dove si sar\u00e0 recato a dormire? \u00c8 un mistero.<\/p>\n<p>\u201cDopo tre giorni, lo trovarono nel tempio, seduto in mezzo ai maestri, mentre li ascoltava e li interrogava.\u201d<\/p>\n<p>\u201cAl vederlo restarono stupiti&#8230;\u201d<\/p>\n<p>Stupiti? Da infarto! La prima cosa che ti viene in mente da dire \u00e8: \u201cMa cosa fai qui! Ma cosa ti \u00e8 saltato in mente!\u201d. E domanda pi\u00f9 che lecita: \u201cPerch\u00e9 non ci hai avvisati? Bastava dirlo. Perch\u00e9 non dire niente?\u201d.<\/p>\n<p>Io ve lo confesso, a parte che sarei morto di infarto, ma mi sarei arrabbiato tantissimo di fronte ad una scena del genere, perch\u00e9 avrei detto: \u201cAlmeno avvisa!\u201d<\/p>\n<p>La Madonna, invece, incontra Ges\u00f9 con una domanda. Ha una lucidit\u00e0 interiore incredibile, una padronanza di s\u00e9 che fa venire i brividi. La Madonna avvicina Ges\u00f9 come un colibr\u00ec si avvicina ad un fiore, con delicatezza e una domanda. Io l\u2019avrei fatto con un fiume di parole, di domande e rimproveri.<\/p>\n<p>\u00abFiglio, perch\u00e9 ci hai fatto questo? Ecco, tuo padre e io, angosciati, ti cercavamo\u00bb<\/p>\n<p>Sembra che non sia successo niente, sentite questa sorta di imperturbabilit\u00e0, come nella stessa frase echeggia questo senso di pace, di serenit\u00e0, di affidamento in Dio. Questo vuol dire cercare prima di tutto il Regno di Dio e la sua Giustizia, vuol dire che qualunque cosa mi succeda nella vita, anche la pi\u00f9 tremenda, anche perdere un figlio, Dio mi sta dicendo qualcosa. In questa frase noi vediamo come la Vergine Maria distrugge alla radice ogni nostra ansiet\u00e0 e come San Giuseppe \u00e8 capace di essere questo Padre cos\u00ec temperato, cos\u00ec mortificato, cos\u00ec dominato e dominatore di s\u00e9 stesso. Chi cerca la Volont\u00e0 del Padre, chi vuole fare la Volont\u00e0 di Dio, sa che tutto quello che accade nella sua vita, \u00e8 tutto dentro ad un disegno divino e attraverso i segni di quello che ci accade, Dio vuole dirci qualcosa, Dio ci parla in continuazione.<\/p>\n<p>\u201cFiglio, perch\u00e9 ci hai fatto questo?\u201d<\/p>\n<p>Arriva la risposta disarmante di Ges\u00f9.<\/p>\n<p>\u00abPerch\u00e9 mi cercavate? Non sapevate che io devo occuparmi delle cose del Padre mio?\u00bb<\/p>\n<p>L\u2019Evangelista scrive:<\/p>\n<p>\u201cMa essi non compresero ci\u00f2 che aveva detto loro.\u201d<\/p>\n<p>Non lo capiscono. Sono Maria e Giuseppe ma fin qui non riescono ad arrivare, questo \u00e8 troppo anche per loro, perch\u00e9 \u00e8 un tale rimando al trascendente, a Dio, al Padre Suo che \u00e8 nei Cieli, che \u00e8 talmente potente da risultare incomprensibile. Il legame che c\u2019\u00e8 tra Ges\u00f9 e il Suo Padre Celeste \u00e8 un legame che noi non possiamo neanche immaginare, neanche intuitivamente ci possiamo avvicinare a questo rapporto, non abbiamo proprio idea.<\/p>\n<p>Avete mai riflettuto a questo fatto: nella Scrittura si dice tantissime volte che Ges\u00f9 usc\u00ec di notte, va di notte a pregare, oppure si sveglia prestissimo nella notte e va a pregare, ma come pregava Ges\u00f9? Ve lo siete mai chiesto?<\/p>\n<p>Abbiamo nel Vangelo di Giovanni, la famosa preghiera Sacerdotale, ma non sappiamo cosa faceva Ges\u00f9 nella notte quando pregava, non faceva come facciamo noi, non leggeva i libri di meditazione, non c\u2019erano, non si poteva mettere a leggere perch\u00e9 era buio, non recitava il Rosario. Lui andava a pregare nel buio totale, nel buio assoluto, da solo.<\/p>\n<p>\u201cEntra nella tua camera, chiudi la porta e il Padre che vede nel segreto ti ricompenser\u00e0\u201d<\/p>\n<p>Per pregare ci vuole la solitudine, questo essere da soli col Padre.<\/p>\n<p>E cosa faceva Ges\u00f9? Io penso che la preghiera di Ges\u00f9 fosse un attingere, nel silenzio della notte, tutto dal Padre, un inserirsi, uno sprofondarsi in questo legame profondo con il Padre Celeste, ed \u00e8 questo legame profondo che poi gli dava tutto quello che gli serviva durante il giorno per affrontare le folle oceaniche, la durezza degli scribi e farisei, la durezza di cuore dei discepoli, l\u00ec, andava a prendere la forza. Quanto \u00e8 diversa la preghiera di Ges\u00f9 dalla nostra preghiera, perch\u00e9 noi di notte dormiamo. Per questo vi ho tante volte richiamato l\u2019importanza della preghiera notturna, anche breve, ma \u00e8 importantissima. Oppure la preghiera dell\u2019alba, del precedere il sorgere del sole, questa preghiera che respira ancora della notte, del silenzio della notte. \u201cMentre voi dormite tra gli ovili, splendono d&#8217;argento le ali della colomba, le sue piume di riflessi d&#8217;oro\u201d dice il Salmo.<\/p>\n<p>Ges\u00f9 viveva questa preghiera di silenzio, questa preghiera purissima, un distillato di intimit\u00e0, di inabissamento, di unione Trinitaria profonda con Dio. Noi che invece non siamo capaci di fare un\u2019ora di Adorazione davanti al Santissimo senza dover fare, brigare e dire qualcosa. \u00c8 terribile! Non si riesce a pregare! \u2026 canti, balli, meditazioni\u2026. Ma un po\u2019 di silenzio! Possibile che non sappiamo stare zitti davanti a Dio? Ma sapete perch\u00e9? Perch\u00e9 se noi non \u201cfacciamo\u201d, siamo morti. Noi abbiamo il terrore del silenzio. Il silenzio apre dentro di noi un vuoto, mentre in Ges\u00f9 apriva una pienezza. In noi apre un vuoto profondissimo e questo ci fa una paura terribile, quindi dobbiamo riempirlo con ogni cosa. Essere l\u00ec, con Ges\u00f9 o senza Ges\u00f9 \u00e8 la stessa cosa, perch\u00e9 noi facciamo quello che vogliamo secondo i nostri schemi.<\/p>\n<p>Si preparano libretti per l\u2019Adorazione Eucaristica composti da cinquanta pagine. Ma sono libri di teologia? Ti dicono che \u201cservono per animare l\u2019Adorazione Eucaristica\u201d. Ma l\u2019Adorazione Eucaristica \u00e8 gi\u00e0 animata! Pi\u00f9 animata di cos\u00ec\u2026 C\u2019\u00e8 dentro Ges\u00f9 vero Dio e vero Uomo, Corpo, Anima, Sangue e Divinit\u00e0, cos\u2019\u00e8 che deve esserci di pi\u00f9 animato?<\/p>\n<p>Animare? Ma c\u2019\u00e8 la Santissima Trinit\u00e0, non \u00e8 abbastanza animata? Devo animarla con pifferi e nacchere? Per questo i giovani scappano. Dobbiamo dare a Dio lo spazio di Dio, lasciamo a Dio di essere Dio. Proviamoci almeno. Facciamo un\u2019ora di Adorazione Eucaristica in silenzio totale, senza canti e meditazioni scritti. Io quando facevo le Adorazioni Eucaristiche notturne o di giorno, non ho mai voluto che ci fosse una sola lettura, il canto solo all\u2019inizio e alla fine, durante mai, mai nulla, solo silenzio.<\/p>\n<p>Mi dicevano che non sarebbe venuto nessuno, che la gente si sarebbe stancata ed invece non era vero, perch\u00e9 la gente non \u00e8 stupida, il popolo di Dio \u00e8 pi\u00f9 sapiente di noi sacerdoti, probabilmente. \u00a0Se noi lasciamo una notte in silenzio assoluto davanti all\u2019Eucarestia la gente impara che la prima cosa da fare con Dio \u00e8 offrirgli il tempo, non fare niente se non <strong>Stare<\/strong>: \u201cGes\u00f9 io sono qui per Te con Te, non mi serve altro\u201d. Mi permetto di dire che non serve neanche il Rosario, niente, semplicemente bisogna STARE davanti a Ges\u00f9 e perdere il tempo con Lui.<\/p>\n<p>E allora vedete miracoli, perch\u00e9 Dio parla tantissimo, noi dobbiamo imparare a sentirla quella Voce, che \u00e8 un\u2019altra dimensione rispetto a quella mondana.<\/p>\n<p>La gente cos\u00ec impara a fare un grande silenzio davanti a Dio e immergersi dentro a questo profondo silenzio di contemplazione e a godere di questo scambio profondissimo di grazia.<\/p>\n<p>\u201cNon sapevate che io devo occuparmi delle cose del Padre mio?\u201d<\/p>\n<p>Noi quand&#8217;\u00e8 che ci occupiamo delle cose del Padre nostro? Quando mai abbiamo risposto cos\u00ec ad una persona?<\/p>\n<p>Pensando, uno potrebbe dire: ma non potevi avvisarci che rimanevi qua? No, perch\u00e9 era ovvio, e loro avrebbero dovuto saperlo che lui doveva occuparsi delle cose del Padre Suo. Perch\u00e9 non se lo sono ricordati?<\/p>\n<p>Non c\u2019\u00e8 niente di pi\u00f9 importante di questo: Giuseppe e Maria stanno fermi, non comprendono, ma stanno zitti. Noi vogliamo capire tutto subito. Maria e Giuseppe non comprendono niente, ma stanno zitti. Noi invece tartassiamo con domande perch\u00e9 dobbiamo sapere e capire. Ma Ges\u00f9, Maria e Giuseppe non hanno fatto cos\u00ec, questo non \u00e8 il messaggio della Scrittura. Non compresero e basta.<\/p>\n<p>\u201cScese dunque con loro e venne a N\u00e0zaret e stava loro sottomesso.\u201d<\/p>\n<p>Questa priorit\u00e0 del Padre Celeste, che rapporto meraviglioso. Da l\u00ec capite lo Spirito Santo questo Amore potentissimo che passa, attraversa, unisce, che fonde, questa bellissima realt\u00e0 della Santissima Trinit\u00e0. Quest\u2019oggi chiediamo al Signore la grazia di imparare da San Giuseppe ad essere cos\u00ec capaci, cos\u00ec delicati, di saper stare fermi quando non capiamo, di saper vivere il silenzio di Dio, di saper stare alla Presenza di Dio, di saper ascoltare quando Dio parla, di saper non capire, di saper attendere, e di affrontare tutte le questioni della nostra vita con una domanda, come fa la Vergine Maria:<\/p>\n<p>\u201cPerch\u00e9 ci hai fatto questo?\u201d<\/p>\n<p>Accostiamo le persone, il mondo, la realt\u00e0, Dio stesso con questa domanda: \u201cPerch\u00e9? Aiutami a capire\u201d<\/p>\n<p>Di cuore ancora a tutti voi ogni bene in questa bellissima giornata e chiamate il vostro pap\u00e0, non mandate messaggini per fare gli auguri, sono una cosa orrenda, prendete il telefono e chiamatelo. Se potete andare, andate a trovarlo, portategli un bel gelatone, una bella torta, una cosa che sapete che lo fa felice. Fate un po\u2019 di festa insieme, anche se \u00e8 un venerd\u00ec di Quaresima, oggi \u00e8 solennit\u00e0. Fategli sentire che comunque al di l\u00e0 di tutto, grazie a lui noi oggi siamo a questo mondo, qualsiasi cosa sia successa, se non potete andare a visitarlo chiamatelo. E cos\u00ec fategli passare tutta la bellezza che portate nel cuore, del vostro essere figli.<\/p>\n<p>E la Benedizione di Dio Onnipotente, Padre, Figlio e Spirito Santo discenda su di voi e con voi rimanga sempre. Amen.<\/p>\n<p>Sia lodato Ges\u00f9 Cristo. Sempre sia lodato.[\/vc_column_text][\/vc_tta_section][vc_tta_section title=&#8221;Letture del giorno&#8221; tab_id=&#8221;1616747915075-20ac328c-ca7a&#8221;][vc_column_text]<strong>SAN GIUSEPPE<\/strong><\/p>\n<p><strong>VANGELO <\/strong><em>(Lc 2,41-51)<\/em><br \/>\n<em>Ecco, tuo padre e io, angosciati, ti cercavamo.<\/em><\/p>\n<p>I genitori di Ges\u00f9 si recavano ogni anno a Gerusalemme per la festa di Pasqua. Quando egli ebbe dodici anni, vi salirono secondo la consuetudine della festa. Ma, trascorsi i giorni, mentre riprendevano la via del ritorno, il fanciullo Ges\u00f9 rimase a Gerusalemme, senza che i genitori se ne accorgessero. Credendo che egli fosse nella comitiva, fecero una giornata di viaggio, e poi si misero a cercarlo tra i parenti e i conoscenti; non avendolo trovato, tornarono in cerca di lui a Gerusalemme.<br \/>\nDopo tre giorni lo trovarono nel tempio, seduto in mezzo ai maestri, mentre li ascoltava e li interrogava. E tutti quelli che l\u2019udivano erano pieni di stupore per la sua intelligenza e le sue risposte.<br \/>\nAl vederlo restarono stupiti, e sua madre gli disse: \u00abFiglio, perch\u00e9 ci hai fatto questo? Ecco, tuo padre e io, angosciati, ti cercavamo\u00bb. Ed egli rispose loro: \u00abPerch\u00e9 mi cercavate? Non sapevate che io devo occuparmi delle cose del Padre mio?\u00bb. Ma essi non compresero ci\u00f2 che aveva detto loro.<br \/>\nScese dunque con loro e venne a N\u00e0zaret e stava loro sottomesso.[\/vc_column_text][\/vc_tta_section][\/vc_tta_accordion][\/vc_column][\/vc_row]<\/p>\n<\/div>","protected":false},"excerpt":{"rendered":"<p>[vc_row][vc_column][vc_column_text] Meditazione Pubblichiamo l\u2019audio di una meditazione di venerd\u00ec 19 marzo 2021 &#8211; Solennit\u00e0 di San Giuseppe Predicatore: p. Giorgio&#8230;<\/p>\n","protected":false},"author":4,"featured_media":17803,"comment_status":"closed","ping_status":"closed","sticky":false,"template":"","format":"standard","meta":{"footnotes":""},"categories":[15],"tags":[8258,17,3060,587],"class_list":{"0":"post-17801","1":"post","2":"type-post","3":"status-publish","4":"format-standard","5":"has-post-thumbnail","7":"category-omelie","8":"tag-meditazioni","9":"tag-p-giorgio-maria-fare","10":"tag-s-giuseppe","11":"tag-sacro-manto-a-san-giuseppe"},"yoast_head":"<!-- This site is optimized with the Yoast SEO plugin v27.5 - https:\/\/yoast.com\/product\/yoast-seo-wordpress\/ -->\n<title>San Giuseppe - Veritatemincaritate<\/title>\n<meta name=\"robots\" content=\"index, follow, max-snippet:-1, max-image-preview:large, max-video-preview:-1\" \/>\n<link rel=\"canonical\" href=\"https:\/\/www.veritatemincaritate.com\/wp\/2021\/03\/san-giuseppe\/\" \/>\n<meta property=\"og:locale\" content=\"it_IT\" \/>\n<meta property=\"og:type\" content=\"article\" \/>\n<meta property=\"og:title\" content=\"San Giuseppe - Veritatemincaritate\" \/>\n<meta property=\"og:description\" content=\"[vc_row][vc_column][vc_column_text] Meditazione Pubblichiamo l\u2019audio di una meditazione di venerd\u00ec 19 marzo 2021 &#8211; Solennit\u00e0 di San Giuseppe Predicatore: p. Giorgio...\" \/>\n<meta property=\"og:url\" content=\"https:\/\/www.veritatemincaritate.com\/wp\/2021\/03\/san-giuseppe\/\" \/>\n<meta property=\"og:site_name\" content=\"Veritatemincaritate\" \/>\n<meta property=\"article:publisher\" content=\"https:\/\/www.facebook.com\/pgiorgiomariafare\" \/>\n<meta property=\"article:published_time\" content=\"2021-03-19T02:45:56+00:00\" \/>\n<meta property=\"article:modified_time\" content=\"2021-03-26T08:41:06+00:00\" \/>\n<meta property=\"og:image\" content=\"https:\/\/www.veritatemincaritate.com\/wp\/wp-content\/uploads\/2021\/03\/S.Giuseppe4.jpg\" \/>\n\t<meta property=\"og:image:width\" content=\"600\" \/>\n\t<meta property=\"og:image:height\" content=\"400\" \/>\n\t<meta property=\"og:image:type\" content=\"image\/jpeg\" \/>\n<meta name=\"author\" content=\"Is551011\" \/>\n<meta name=\"twitter:card\" content=\"summary_large_image\" \/>\n<meta name=\"twitter:label1\" content=\"Scritto da\" \/>\n\t<meta name=\"twitter:data1\" content=\"Is551011\" \/>\n\t<meta name=\"twitter:label2\" content=\"Tempo di lettura stimato\" \/>\n\t<meta name=\"twitter:data2\" content=\"12 minuti\" \/>\n<script type=\"application\/ld+json\" class=\"yoast-schema-graph\">{\"@context\":\"https:\\\/\\\/schema.org\",\"@graph\":[{\"@type\":\"Article\",\"@id\":\"https:\\\/\\\/www.veritatemincaritate.com\\\/wp\\\/2021\\\/03\\\/san-giuseppe\\\/#article\",\"isPartOf\":{\"@id\":\"https:\\\/\\\/www.veritatemincaritate.com\\\/wp\\\/2021\\\/03\\\/san-giuseppe\\\/\"},\"author\":{\"name\":\"Is551011\",\"@id\":\"https:\\\/\\\/www.veritatemincaritate.com\\\/wp\\\/#\\\/schema\\\/person\\\/ae324896700d097ddc6db39f45894b80\"},\"headline\":\"San Giuseppe\",\"datePublished\":\"2021-03-19T02:45:56+00:00\",\"dateModified\":\"2021-03-26T08:41:06+00:00\",\"mainEntityOfPage\":{\"@id\":\"https:\\\/\\\/www.veritatemincaritate.com\\\/wp\\\/2021\\\/03\\\/san-giuseppe\\\/\"},\"wordCount\":2719,\"publisher\":{\"@id\":\"https:\\\/\\\/www.veritatemincaritate.com\\\/wp\\\/#organization\"},\"image\":{\"@id\":\"https:\\\/\\\/www.veritatemincaritate.com\\\/wp\\\/2021\\\/03\\\/san-giuseppe\\\/#primaryimage\"},\"thumbnailUrl\":\"https:\\\/\\\/www.veritatemincaritate.com\\\/wp\\\/wp-content\\\/uploads\\\/2021\\\/03\\\/S.Giuseppe4.jpg\",\"keywords\":[\"meditazioni\",\"p. Giorgio Maria Far\u00e9\",\"S. Giuseppe\",\"Sacro Manto a San Giuseppe\"],\"articleSection\":[\"Omelie\"],\"inLanguage\":\"it-IT\"},{\"@type\":\"WebPage\",\"@id\":\"https:\\\/\\\/www.veritatemincaritate.com\\\/wp\\\/2021\\\/03\\\/san-giuseppe\\\/\",\"url\":\"https:\\\/\\\/www.veritatemincaritate.com\\\/wp\\\/2021\\\/03\\\/san-giuseppe\\\/\",\"name\":\"San Giuseppe - Veritatemincaritate\",\"isPartOf\":{\"@id\":\"https:\\\/\\\/www.veritatemincaritate.com\\\/wp\\\/#website\"},\"primaryImageOfPage\":{\"@id\":\"https:\\\/\\\/www.veritatemincaritate.com\\\/wp\\\/2021\\\/03\\\/san-giuseppe\\\/#primaryimage\"},\"image\":{\"@id\":\"https:\\\/\\\/www.veritatemincaritate.com\\\/wp\\\/2021\\\/03\\\/san-giuseppe\\\/#primaryimage\"},\"thumbnailUrl\":\"https:\\\/\\\/www.veritatemincaritate.com\\\/wp\\\/wp-content\\\/uploads\\\/2021\\\/03\\\/S.Giuseppe4.jpg\",\"datePublished\":\"2021-03-19T02:45:56+00:00\",\"dateModified\":\"2021-03-26T08:41:06+00:00\",\"breadcrumb\":{\"@id\":\"https:\\\/\\\/www.veritatemincaritate.com\\\/wp\\\/2021\\\/03\\\/san-giuseppe\\\/#breadcrumb\"},\"inLanguage\":\"it-IT\",\"potentialAction\":[{\"@type\":\"ReadAction\",\"target\":[\"https:\\\/\\\/www.veritatemincaritate.com\\\/wp\\\/2021\\\/03\\\/san-giuseppe\\\/\"]}]},{\"@type\":\"ImageObject\",\"inLanguage\":\"it-IT\",\"@id\":\"https:\\\/\\\/www.veritatemincaritate.com\\\/wp\\\/2021\\\/03\\\/san-giuseppe\\\/#primaryimage\",\"url\":\"https:\\\/\\\/www.veritatemincaritate.com\\\/wp\\\/wp-content\\\/uploads\\\/2021\\\/03\\\/S.Giuseppe4.jpg\",\"contentUrl\":\"https:\\\/\\\/www.veritatemincaritate.com\\\/wp\\\/wp-content\\\/uploads\\\/2021\\\/03\\\/S.Giuseppe4.jpg\",\"width\":600,\"height\":400},{\"@type\":\"BreadcrumbList\",\"@id\":\"https:\\\/\\\/www.veritatemincaritate.com\\\/wp\\\/2021\\\/03\\\/san-giuseppe\\\/#breadcrumb\",\"itemListElement\":[{\"@type\":\"ListItem\",\"position\":1,\"name\":\"Home\",\"item\":\"https:\\\/\\\/www.veritatemincaritate.com\\\/wp\\\/\"},{\"@type\":\"ListItem\",\"position\":2,\"name\":\"San Giuseppe\"}]},{\"@type\":\"WebSite\",\"@id\":\"https:\\\/\\\/www.veritatemincaritate.com\\\/wp\\\/#website\",\"url\":\"https:\\\/\\\/www.veritatemincaritate.com\\\/wp\\\/\",\"name\":\"Veritatemincaritate\",\"description\":\"Agendo secondo verit\u00e0 nella carit\u00e0, cerchiamo di crescere in ogni cosa tendendo a lui, che \u00e8 il capo, Cristo\",\"publisher\":{\"@id\":\"https:\\\/\\\/www.veritatemincaritate.com\\\/wp\\\/#organization\"},\"potentialAction\":[{\"@type\":\"SearchAction\",\"target\":{\"@type\":\"EntryPoint\",\"urlTemplate\":\"https:\\\/\\\/www.veritatemincaritate.com\\\/wp\\\/?s={search_term_string}\"},\"query-input\":{\"@type\":\"PropertyValueSpecification\",\"valueRequired\":true,\"valueName\":\"search_term_string\"}}],\"inLanguage\":\"it-IT\"},{\"@type\":\"Organization\",\"@id\":\"https:\\\/\\\/www.veritatemincaritate.com\\\/wp\\\/#organization\",\"name\":\"Veritatem facientes in Caritate\",\"url\":\"https:\\\/\\\/www.veritatemincaritate.com\\\/wp\\\/\",\"logo\":{\"@type\":\"ImageObject\",\"inLanguage\":\"it-IT\",\"@id\":\"https:\\\/\\\/www.veritatemincaritate.com\\\/wp\\\/#\\\/schema\\\/logo\\\/image\\\/\",\"url\":\"https:\\\/\\\/www.veritatemincaritate.com\\\/wp\\\/wp-content\\\/uploads\\\/2020\\\/07\\\/Logo-VIC-per-canale-Youtube.jpg\",\"contentUrl\":\"https:\\\/\\\/www.veritatemincaritate.com\\\/wp\\\/wp-content\\\/uploads\\\/2020\\\/07\\\/Logo-VIC-per-canale-Youtube.jpg\",\"width\":720,\"height\":720,\"caption\":\"Veritatem facientes in Caritate\"},\"image\":{\"@id\":\"https:\\\/\\\/www.veritatemincaritate.com\\\/wp\\\/#\\\/schema\\\/logo\\\/image\\\/\"},\"sameAs\":[\"https:\\\/\\\/www.facebook.com\\\/pgiorgiomariafare\",\"https:\\\/\\\/instagram.com\\\/padre_giorgio_maria_fare?igshid=1p8wsw6b3edkc\",\"https:\\\/\\\/www.youtube.com\\\/channel\\\/UCFqjpT1nX60rx3m_SELg3lA\"]},{\"@type\":\"Person\",\"@id\":\"https:\\\/\\\/www.veritatemincaritate.com\\\/wp\\\/#\\\/schema\\\/person\\\/ae324896700d097ddc6db39f45894b80\",\"name\":\"Is551011\",\"image\":{\"@type\":\"ImageObject\",\"inLanguage\":\"it-IT\",\"@id\":\"https:\\\/\\\/secure.gravatar.com\\\/avatar\\\/c031fff76d6f121d3530ae43ac8407bd6ac4d5c3c8a89c237d6990047f9a6307?s=96&d=mm&r=g\",\"url\":\"https:\\\/\\\/secure.gravatar.com\\\/avatar\\\/c031fff76d6f121d3530ae43ac8407bd6ac4d5c3c8a89c237d6990047f9a6307?s=96&d=mm&r=g\",\"contentUrl\":\"https:\\\/\\\/secure.gravatar.com\\\/avatar\\\/c031fff76d6f121d3530ae43ac8407bd6ac4d5c3c8a89c237d6990047f9a6307?s=96&d=mm&r=g\",\"caption\":\"Is551011\"}}]}<\/script>\n<!-- \/ Yoast SEO plugin. -->","yoast_head_json":{"title":"San Giuseppe - Veritatemincaritate","robots":{"index":"index","follow":"follow","max-snippet":"max-snippet:-1","max-image-preview":"max-image-preview:large","max-video-preview":"max-video-preview:-1"},"canonical":"https:\/\/www.veritatemincaritate.com\/wp\/2021\/03\/san-giuseppe\/","og_locale":"it_IT","og_type":"article","og_title":"San Giuseppe - Veritatemincaritate","og_description":"[vc_row][vc_column][vc_column_text] Meditazione Pubblichiamo l\u2019audio di una meditazione di venerd\u00ec 19 marzo 2021 &#8211; Solennit\u00e0 di San Giuseppe Predicatore: p. Giorgio...","og_url":"https:\/\/www.veritatemincaritate.com\/wp\/2021\/03\/san-giuseppe\/","og_site_name":"Veritatemincaritate","article_publisher":"https:\/\/www.facebook.com\/pgiorgiomariafare","article_published_time":"2021-03-19T02:45:56+00:00","article_modified_time":"2021-03-26T08:41:06+00:00","og_image":[{"width":600,"height":400,"url":"https:\/\/www.veritatemincaritate.com\/wp\/wp-content\/uploads\/2021\/03\/S.Giuseppe4.jpg","type":"image\/jpeg"}],"author":"Is551011","twitter_card":"summary_large_image","twitter_misc":{"Scritto da":"Is551011","Tempo di lettura stimato":"12 minuti"},"schema":{"@context":"https:\/\/schema.org","@graph":[{"@type":"Article","@id":"https:\/\/www.veritatemincaritate.com\/wp\/2021\/03\/san-giuseppe\/#article","isPartOf":{"@id":"https:\/\/www.veritatemincaritate.com\/wp\/2021\/03\/san-giuseppe\/"},"author":{"name":"Is551011","@id":"https:\/\/www.veritatemincaritate.com\/wp\/#\/schema\/person\/ae324896700d097ddc6db39f45894b80"},"headline":"San Giuseppe","datePublished":"2021-03-19T02:45:56+00:00","dateModified":"2021-03-26T08:41:06+00:00","mainEntityOfPage":{"@id":"https:\/\/www.veritatemincaritate.com\/wp\/2021\/03\/san-giuseppe\/"},"wordCount":2719,"publisher":{"@id":"https:\/\/www.veritatemincaritate.com\/wp\/#organization"},"image":{"@id":"https:\/\/www.veritatemincaritate.com\/wp\/2021\/03\/san-giuseppe\/#primaryimage"},"thumbnailUrl":"https:\/\/www.veritatemincaritate.com\/wp\/wp-content\/uploads\/2021\/03\/S.Giuseppe4.jpg","keywords":["meditazioni","p. Giorgio Maria Far\u00e9","S. Giuseppe","Sacro Manto a San Giuseppe"],"articleSection":["Omelie"],"inLanguage":"it-IT"},{"@type":"WebPage","@id":"https:\/\/www.veritatemincaritate.com\/wp\/2021\/03\/san-giuseppe\/","url":"https:\/\/www.veritatemincaritate.com\/wp\/2021\/03\/san-giuseppe\/","name":"San Giuseppe - Veritatemincaritate","isPartOf":{"@id":"https:\/\/www.veritatemincaritate.com\/wp\/#website"},"primaryImageOfPage":{"@id":"https:\/\/www.veritatemincaritate.com\/wp\/2021\/03\/san-giuseppe\/#primaryimage"},"image":{"@id":"https:\/\/www.veritatemincaritate.com\/wp\/2021\/03\/san-giuseppe\/#primaryimage"},"thumbnailUrl":"https:\/\/www.veritatemincaritate.com\/wp\/wp-content\/uploads\/2021\/03\/S.Giuseppe4.jpg","datePublished":"2021-03-19T02:45:56+00:00","dateModified":"2021-03-26T08:41:06+00:00","breadcrumb":{"@id":"https:\/\/www.veritatemincaritate.com\/wp\/2021\/03\/san-giuseppe\/#breadcrumb"},"inLanguage":"it-IT","potentialAction":[{"@type":"ReadAction","target":["https:\/\/www.veritatemincaritate.com\/wp\/2021\/03\/san-giuseppe\/"]}]},{"@type":"ImageObject","inLanguage":"it-IT","@id":"https:\/\/www.veritatemincaritate.com\/wp\/2021\/03\/san-giuseppe\/#primaryimage","url":"https:\/\/www.veritatemincaritate.com\/wp\/wp-content\/uploads\/2021\/03\/S.Giuseppe4.jpg","contentUrl":"https:\/\/www.veritatemincaritate.com\/wp\/wp-content\/uploads\/2021\/03\/S.Giuseppe4.jpg","width":600,"height":400},{"@type":"BreadcrumbList","@id":"https:\/\/www.veritatemincaritate.com\/wp\/2021\/03\/san-giuseppe\/#breadcrumb","itemListElement":[{"@type":"ListItem","position":1,"name":"Home","item":"https:\/\/www.veritatemincaritate.com\/wp\/"},{"@type":"ListItem","position":2,"name":"San Giuseppe"}]},{"@type":"WebSite","@id":"https:\/\/www.veritatemincaritate.com\/wp\/#website","url":"https:\/\/www.veritatemincaritate.com\/wp\/","name":"Veritatemincaritate","description":"Agendo secondo verit\u00e0 nella carit\u00e0, cerchiamo di crescere in ogni cosa tendendo a lui, che \u00e8 il capo, Cristo","publisher":{"@id":"https:\/\/www.veritatemincaritate.com\/wp\/#organization"},"potentialAction":[{"@type":"SearchAction","target":{"@type":"EntryPoint","urlTemplate":"https:\/\/www.veritatemincaritate.com\/wp\/?s={search_term_string}"},"query-input":{"@type":"PropertyValueSpecification","valueRequired":true,"valueName":"search_term_string"}}],"inLanguage":"it-IT"},{"@type":"Organization","@id":"https:\/\/www.veritatemincaritate.com\/wp\/#organization","name":"Veritatem facientes in Caritate","url":"https:\/\/www.veritatemincaritate.com\/wp\/","logo":{"@type":"ImageObject","inLanguage":"it-IT","@id":"https:\/\/www.veritatemincaritate.com\/wp\/#\/schema\/logo\/image\/","url":"https:\/\/www.veritatemincaritate.com\/wp\/wp-content\/uploads\/2020\/07\/Logo-VIC-per-canale-Youtube.jpg","contentUrl":"https:\/\/www.veritatemincaritate.com\/wp\/wp-content\/uploads\/2020\/07\/Logo-VIC-per-canale-Youtube.jpg","width":720,"height":720,"caption":"Veritatem facientes in Caritate"},"image":{"@id":"https:\/\/www.veritatemincaritate.com\/wp\/#\/schema\/logo\/image\/"},"sameAs":["https:\/\/www.facebook.com\/pgiorgiomariafare","https:\/\/instagram.com\/padre_giorgio_maria_fare?igshid=1p8wsw6b3edkc","https:\/\/www.youtube.com\/channel\/UCFqjpT1nX60rx3m_SELg3lA"]},{"@type":"Person","@id":"https:\/\/www.veritatemincaritate.com\/wp\/#\/schema\/person\/ae324896700d097ddc6db39f45894b80","name":"Is551011","image":{"@type":"ImageObject","inLanguage":"it-IT","@id":"https:\/\/secure.gravatar.com\/avatar\/c031fff76d6f121d3530ae43ac8407bd6ac4d5c3c8a89c237d6990047f9a6307?s=96&d=mm&r=g","url":"https:\/\/secure.gravatar.com\/avatar\/c031fff76d6f121d3530ae43ac8407bd6ac4d5c3c8a89c237d6990047f9a6307?s=96&d=mm&r=g","contentUrl":"https:\/\/secure.gravatar.com\/avatar\/c031fff76d6f121d3530ae43ac8407bd6ac4d5c3c8a89c237d6990047f9a6307?s=96&d=mm&r=g","caption":"Is551011"}}]}},"menu_order":0,"_links":{"self":[{"href":"https:\/\/www.veritatemincaritate.com\/wp\/wp-json\/wp\/v2\/posts\/17801","targetHints":{"allow":["GET"]}}],"collection":[{"href":"https:\/\/www.veritatemincaritate.com\/wp\/wp-json\/wp\/v2\/posts"}],"about":[{"href":"https:\/\/www.veritatemincaritate.com\/wp\/wp-json\/wp\/v2\/types\/post"}],"author":[{"embeddable":true,"href":"https:\/\/www.veritatemincaritate.com\/wp\/wp-json\/wp\/v2\/users\/4"}],"replies":[{"embeddable":true,"href":"https:\/\/www.veritatemincaritate.com\/wp\/wp-json\/wp\/v2\/comments?post=17801"}],"version-history":[{"count":0,"href":"https:\/\/www.veritatemincaritate.com\/wp\/wp-json\/wp\/v2\/posts\/17801\/revisions"}],"wp:featuredmedia":[{"embeddable":true,"href":"https:\/\/www.veritatemincaritate.com\/wp\/wp-json\/wp\/v2\/media\/17803"}],"wp:attachment":[{"href":"https:\/\/www.veritatemincaritate.com\/wp\/wp-json\/wp\/v2\/media?parent=17801"}],"wp:term":[{"taxonomy":"category","embeddable":true,"href":"https:\/\/www.veritatemincaritate.com\/wp\/wp-json\/wp\/v2\/categories?post=17801"},{"taxonomy":"post_tag","embeddable":true,"href":"https:\/\/www.veritatemincaritate.com\/wp\/wp-json\/wp\/v2\/tags?post=17801"}],"curies":[{"name":"wp","href":"https:\/\/api.w.org\/{rel}","templated":true}]}}