{"id":18154,"date":"2021-04-05T03:30:44","date_gmt":"2021-04-05T01:30:44","guid":{"rendered":"https:\/\/www.veritatemincaritate.com\/?p=18154"},"modified":"2021-04-22T17:08:55","modified_gmt":"2021-04-22T15:08:55","slug":"lunedi-dellangelo-lo-adorarono","status":"publish","type":"post","link":"https:\/\/www.veritatemincaritate.com\/wp\/2021\/04\/lunedi-dellangelo-lo-adorarono\/","title":{"rendered":"Luned\u00ec dell\u2019Angelo: Lo adorarono"},"content":{"rendered":"<div class=\"wpb-content-wrapper\" id=\"wpb-content-root\"><p>[vc_row][vc_column][vc_column_text]<\/p>\n<h3>Meditazione<\/h3>\n<div class=\"vc_row wpb_row vc_row-fluid\">\n<div class=\"wpb_column vc_column_container vc_col-sm-12\">\n<div class=\"vc_column-inner \">\n<div class=\"wpb_wrapper\">\n<div class=\"wpb_text_column wpb_content_element \">\n<div class=\"wpb_wrapper\">\n<p>Pubblichiamo l\u2019audio di una meditazione di luned\u00ec 5 aprile 2021 &#8211; Luned\u00ec fra l&#8217;ottava di Pasqua<\/p>\n<p>Predicatore: p. Giorgio Maria Far\u00e9, OCD<\/p>\n<\/div>\n<\/div>\n<\/div>\n<\/div>\n<\/div>\n<\/div>\n<p>[\/vc_column_text][vc_column_text]<\/p>\n<h4>Ascolta la registrazione:<\/h4>\n<p>Per motivi di intenso traffico non ci \u00e8 possibile rendere disponibile l&#8217;ascolto dei file audio direttamente dal nostro sito. Se hai dubbi su come fare, vai alle <a href=\"http:\/\/www.veritatemincaritate.com\/chi-siamo\/istruzioni-per-lascolto-delle-registrazioni\/\" target=\"_blank\" rel=\"noopener noreferrer\">istruzioni per l&#8217;ascolto delle registrazioni<\/a>.[\/vc_column_text][\/vc_column][\/vc_row][vc_row][vc_column][vc_row_inner][vc_column_inner width=&#8221;1\/2&#8243;][vc_column_text]<style type=\"text\/css\">.thegem-button-6a9de5b12b2127022 .gem-button {font-size: 14px;}.thegem-button-6a9de5b12b2127022 .gem-button-text {font-size: 14px;}.thegem-button-6a9de5b12b2127022 .gem-button svg {fill: #FFFFFF;}<\/style><div class=\"gem-button-container gem-button-position-inline thegem-button-6a9de5b12b2127022    \"  ><a class=\"gem-button gem-button-size-small gem-button-style-flat gem-button-text-weight-normal\" data-ll-effect=\"drop-right-without-wrap\" style=\"border-radius: 3px;background-color: #FF5C00;color: #FFFFFF;\" onmouseleave=\"this.style.backgroundColor='#FF5C00';this.style.color='#FFFFFF';\" onmouseenter=\"\" href=\"https:\/\/www.dropbox.com\/s\/stmfpjbf5ojsvgr\/210405-Omelie-LunediAngelo.m4a?dl=1\" target=\"_self\">Scarica la meditazione<\/a><\/div> [\/vc_column_text][\/vc_column_inner][vc_column_inner width=&#8221;1\/2&#8243;][vc_column_text]<style type=\"text\/css\">.thegem-button-6a9de5b12b3944414 .gem-button {font-size: 14px;}.thegem-button-6a9de5b12b3944414 .gem-button-text {font-size: 14px;}.thegem-button-6a9de5b12b3944414 .gem-button svg {fill: #FFFFFF;}<\/style><div class=\"gem-button-container gem-button-position-inline thegem-button-6a9de5b12b3944414    \"  ><a class=\"gem-button gem-button-size-small gem-button-style-flat gem-button-text-weight-normal\" data-ll-effect=\"drop-right-without-wrap\" style=\"border-radius: 3px;background-color: #FF5C00;color: #FFFFFF;\" onmouseleave=\"this.style.backgroundColor='#FF5C00';this.style.color='#FFFFFF';\" onmouseenter=\"\" href=\"https:\/\/www.dropbox.com\/s\/stmfpjbf5ojsvgr\/210405-Omelie-LunediAngelo.m4a?dl=0\" target=\"_self\">Ascolta la meditazione<\/a><\/div> [\/vc_column_text][\/vc_column_inner][\/vc_row_inner][vc_empty_space][vc_separator color=&#8221;orange&#8221;][\/vc_column][\/vc_row][vc_row][vc_column][vc_tta_accordion active_section=&#8221;&#8221; collapsible_all=&#8221;true&#8221;][vc_tta_section title=&#8221;Testo della meditazione&#8221; tab_id=&#8221;1612621033975-a69fe060-ead3&#8243;][vc_column_text]<\/p>\n<h2 class=\"p1\"><span class=\"s1\"><b><a href=\"https:\/\/www.veritatemincaritate.com\/wp\/wp-content\/uploads\/2021\/04\/210405-Lo-Adorarono.pdf\" target=\"_blank\" rel=\"noopener noreferrer\">Scarica il testo della meditazione\u00a0<\/a><\/b><\/span><\/h2>\n<h1>LUNED\u00cc DELL\u2019ANGELO: LO ADORARONO<\/h1>\n<p>Sia lodato Ges\u00f9 Cristo, sempre sia lodato.<\/p>\n<p>Eccoci giunti a luned\u00ec 05 aprile 2021, luned\u00ec fra l\u2019Ottava di Pasqua, chiamato anche Luned\u00ec dell\u2019Angelo. Questo bellissimo Vangelo, tratto dal <strong>cap. XXVIII, vv 8-15 di San Matteo<\/strong>, ci parla di un atteggiamento sul quale io ritorno sempre perch\u00e9 questa cosa \u00e8 troppo importante:<\/p>\n<p>\u201cGes\u00f9 venne loro incontro e disse: \u00abSalute a voi!\u00bb. Ed esse si avvicinarono, gli abbracciarono i piedi e lo adorarono.\u201d<\/p>\n<p>Questo \u00e8 il Ges\u00f9 Risorto. Come mai di fronte a Ges\u00f9 risorto le donne gli abbracciano i piedi e lo adorano? Per abbracciare i piedi mi devo prostrare. Immaginate la scena, una scena che ci dice amore, gioia profonda, amicizia, unione. Questo abbracciare i piedi ci dice che c\u2019\u00e8 ancora un fondamento per me, ecco perch\u00e9 loro vanno via dal sepolcro con timore e gioia grande, per annunciare che Ges\u00f9 non c\u2019\u00e8, per annunciare che l\u2019impossibile \u00e8 diventato possibile, che la morte \u00e8 stata sconfitta. Gli abbracciano i piedi quasi a volerlo trattenere, a volerlo tenere l\u00ec con loro per non farlo pi\u00f9 muovere da l\u00ec.<\/p>\n<p>\u201cE lo adorarono.\u201d<\/p>\n<p>Ges\u00f9 non \u00e8 il compagno di merende al quale dai una pacca sulla spalla e poi lo abbracci. Noi abbiamo perso il senso della riverenza. La riverenza dice tante cose.<\/p>\n<p>Mi ricordo ancora quando sono entrato per la prima volta in carcere come volontario. Mentre ero l\u00ec insieme agli altri seminaristi in cappellina nel carcere ad attendere la nostra destinazione, perch\u00e9 a ciascuno di noi veniva data una destinazione all\u2019interno del carcere, dissi ai seminaristi: \u201cA me va bene tutto, ma io chiedo al Signore di non mandarmi assolutamente al centro clinico, dagli ammalati, dai malati psichiatrici l\u00ec presenti, perch\u00e9 non \u00e8 proprio la mia vocazione, non sono portato per stare l\u00ec con gli ammalati\u201d. Ho sempre fatto molta fatica a dover incontrare il mondo della sofferenza fisica connotata come ospedale e malattia dentro al carcere. Entra il cappellano per comunicare le destinazioni per la durata di un anno: eravamo 4 in totale, mi lascia per ultimo, poi arrivato il mio turno, mi guarda e dice: \u201cTu fra Giorgio, vai al centro clinico e dai malati psichiatrici\u201d. \u201cNon \u00e8 possibile!\u201d E in pi\u00f9 da solo, a differenza degli altri che erano insieme.<\/p>\n<p>La prima cosa che ho incontrato accompagnato l\u00ec nel centro clinico \u00e8 stato un secchio rosso pieno di vomito che mi scendeva in faccia dalle scale. Immaginate io con che spirito sono arrivato fino al piano; c\u2019era un odore in quel posto che era veramente straziante. Dovevo stare l\u00ec un anno, due volte la settimana, dalle 13 fino alle 19 di sera, 14 ore la settimana. In realt\u00e0 io non sapevo che tutto questo sarebbe durato 6 anni, perch\u00e9 io l\u00ec sono rimasto 6 anni. Tutto il tempo del carcere l\u2019ho passato tutto l\u00ec.<\/p>\n<p>Salgo con questo cappellano, mi presenta la struttura, la realt\u00e0, le suore, i detenuti, e poi mi trovo di fronte ad una cella. Io avevo 23 anni, avevo appena finito il noviziato, ero studente di teologia al primo anno, mi trovo davanti un omone gigante che mi viene incontro con il catetere in mano, avr\u00e0 avuto 60 anni, un uomo distrutto dal dolore. Appena ci vede fa un sorriso che io nella mia vita poche volte ho visto, e inizia a piangere. Tutte le parole che ci ha detto, le ha dette con una mano tenendo il catetere e con l\u2019altra tenendo il fazzoletto, piangendo con i singulti. Mi guarda, allunga la mano dalla cella, prende lo scapolare, lo bacia e mi dice:<\/p>\n<p>\u201cNon le baster\u00e0 una vita per capire la grazia che lei ha ricevuto vestendo quest\u2019abito\u201d.<\/p>\n<p>Che differenza da chi, oggi, mi incontra con: \u201cCiao Giorgio, come stai? Ci diamo del tu? Andiamo a mangiare una pizza e una birra insieme?\u201d Io non ero prete quel giorno, ma sono tornato a casa e mi sono detto: \u201cOggi ho capito che qualcosa di speciale \u00e8 avvenuto nella mia vita, l\u2019ho capito oggi, con questo incontro. Quest\u2019uomo mi ha fatto rendere conto che ho una responsabilit\u00e0 enorme da custodire, che ho un dono enorme da proteggere e coltivare.\u201d<\/p>\n<p>Questo suo atteggiamento cos\u00ec riverente, cos\u00ec delicato, cos\u00ec umile. Mai mi ha messo una mano addosso, mai una pacca sulle spalle, mai un gesto di confidenza fuori luogo, mai che mi avesse detto di darci del tu. Mai. Eppure, in quei 6 anni si \u00e8 creata una confidenza incredibile. Lui ha pregato, mi ha sostenuto per ogni esame che ho dato; 52 volte quell\u2019uomo ha pregato Padre Pio per me, era devotissimo di Padre Pio. Sembrava che gli esami li dovesse fare lui, non io, tanto mi sosteneva, mi incoraggiava, mi faceva sentire tutta la sua vicinanza, il conforto. 52 miracoli. Anche quando ho dato 3 esami in un giorno. Quel giorno, mentre ero in un\u2019aula per fare l\u2019esame, l\u2019altro professore mi aspettava nell\u2019altra aula. Finisco l\u2019esame, mi chiamano dall\u2019altra parte della facolt\u00e0; per correre di l\u00e0 ho messo il libretto dei voti in bocca, ho preso con le mani la giacca, la sciarpa, la borsa, poi ad un certo punto sono inciampato, mi si \u00e8 aperta la borsa in corridoio, ho perso i libri, mi \u00e8 caduta la giacca. Ho abbandonato tutto in corridoio, per non perdere il mio posto, sono entrato dal professore con il libretto in bocca, e col fiatone. Quel sabato sono arrivato con 3 miracoli da raccontare, grazie al sostegno di quest\u2019uomo. Questo porta consapevolezza ad un uomo, non la pizza e la birra, non la festa della salamella. Il ricondurre quest&#8217;uomo alla sua verit\u00e0. Tu non sei Giorgio, tu sei fra Giorgio (a quel tempo) tu sei Padre Giorgio (a questo tempo), e questo concretamente vuol dire tante cose, e te le faccio riconoscere non con le parole ma con i gesti.<\/p>\n<p>La stessa cosa accade con Ges\u00f9: gli abbracciarono i piedi e lo adorarono. Non c\u2019\u00e8 altro da fare col Signore. \u00c8 Dio. Questo non possiamo dimenticarlo. E questo \u00e8 l\u2019atteggiamento che il Ges\u00f9 Risorto incontra nelle sue primissime manifestazioni, un\u2019Adorazione. E noi davanti al Tabernacolo passiamo senza fare neanche una genuflessione \u2014 anzi la \u201cGes\u00f9-flessione\u201d come diceva una brava suora \u2014 raramente ci mettiamo in ginocchio dopo la Comunione. Vedere un cristiano che prega davanti al Tabernacolo \u00e8 un evento assai raro. Uno che entra da cosa potrebbe capire che l\u00ec c\u2019\u00e8 il Tabernacolo, e non una statua qualunque? Dovrebbe capirlo guardando il nostro comportamento. Quando noi moriremo renderemo conto a Dio della nostra anima, non di quello che dicono gli altri. Gli altri possono dire quello che vogliono, noi stiamo al Vangelo.<\/p>\n<p>In un altro passo del Vangelo c\u2019\u00e8 proprio il termine \u201cprostrarsi a terra\u201d, sempre parlando delle donne. Dire queste cose \u00e8 difficile perch\u00e9 si viene giudicati male, si viene fraintesi, perseguitati, maltrattati. Ma quanti anni abbiamo ancora da vivere? Quindi viviamo bene queste ultime manciate di anni che abbiamo, viviamole intensamente, dando tutto al Signore. Spero davvero di cuore che voi ieri abbiate fatto una giornata bella come vi avevo detto, intensa, una bella Pasqua di Resurrezione. Qui a Roma ho notato che in Villa Pamphili ci sono i pappagalli, pappagalli verdi che volano e cantano, un canto loro tutto particolare. Uno potrebbe stare qui anche solo a gustare questa bellezza, questa musica, questo silenzio, quest\u2019aria cos\u00ec pulita, cos\u00ec bella, e godere di questi doni che Dio ci fa. Oggi \u00e8 Luned\u00ec dell\u2019Angelo, quindi anche oggi molti sono a casa dal lavoro. Cerchiamo di viverlo dandoci al Signore, cerchiamo di avvicinarci a Lui, di abbracciargli i piedi, di adorarlo, di amarlo. Diamoci veramente al Signore.<\/p>\n<p>\u00abNon temete; andate ad annunciare ai miei fratelli che vadano in Galilea: l\u00e0 mi vedranno\u00bb.<\/p>\n<p>Annunciamolo anche noi agli altri, non con le parole ma con la vita: Ges\u00f9 \u00e8 Risorto, ha vinto la morte.<\/p>\n<p>Il sabato Santo, quando guardo il Tabernacolo vuoto spalancato, la Chiesa cos\u00ec spoglia, cos\u00ec vuota, cos\u00ec buia, &#8230; \u00e8 una cosa terribile! Che brutto! Spero sempre che passi presto. Poi alla sera della veglia, \u00e8 bellissimo questo mare di colori, di fiori, di luci che si accendono, i Lumen Christi che entrano, questo buio che si dirada, il suono dell\u2019organo che ci dice che \u00e8 finito questo senso di morte, e il Gloria in Excelsis Deo. Una delle pi\u00f9 belle Messe che ho vissuto \u00e8 stata una Messa orchestrata il giorno di Pasqua. C\u2019era l\u2019orchestra che suonava nascosta nel coro della chiesa, una Messa bellissima: sembrava di essere tra i cori Angelici! Tutta questa priorit\u00e0 e assolutezza riferita all\u2019Eucarestia, e l\u00ec ci si sente veramente Chiesa, questo scoprirsi tutti insieme uniti attorno a Ges\u00f9 Eucarestia ad adorarlo e amarlo. Vi auguro di cuore un bellissimo Luned\u00ec dell\u2019Angelo.<\/p>\n<p>E la Benedizione di Dio Onnipotente, Padre, Figlio e Spirito Santo discenda su di voi e con voi rimanga sempre. Amen.<\/p>\n<p>Sia lodato Ges\u00f9 Cristo. Sempre sia lodato.[\/vc_column_text][\/vc_tta_section][vc_tta_section title=&#8221;Letture del giorno&#8221; tab_id=&#8221;1619104066449-b63f05a9-6ef9&#8243;][vc_column_text]<strong>Luned\u00ec fra l&#8217;ottava di Pasqua<\/strong><\/p>\n<p><strong>VANGELO <\/strong><em>(Mt 28,8-15)<\/em><br \/>\n<em>Andate ad annunciare ai miei fratelli che vadano in Galilea: l\u00e0 mi vedranno.<\/em><\/p>\n<p>In quel tempo, abbandonato in fretta il sepolcro con timore e gioia grande, le donne corsero a dare l&#8217;annuncio ai suoi discepoli. Ed ecco, Ges\u00f9 venne loro incontro e disse: \u00abSalute a voi!\u00bb. Ed esse si avvicinarono, gli abbracciarono i piedi e lo adorarono. Allora Ges\u00f9 disse loro: \u00abNon temete; andate ad annunciare ai miei fratelli che vadano in Galilea: l\u00e0 mi vedranno\u00bb.<br \/>\nMentre esse erano in cammino, ecco, alcune guardie giunsero in citt\u00e0 e annunciarono ai capi dei sacerdoti tutto quanto era accaduto. Questi allora si riunirono con gli anziani e, dopo essersi consultati, diedero una buona somma di denaro ai soldati, dicendo: \u00abDite cos\u00ec: &#8220;I suoi discepoli sono venuti di notte e l&#8217;hanno rubato, mentre noi dormivamo&#8221;. E se mai la cosa venisse all&#8217;orecchio del governatore, noi lo persuaderemo e vi libereremo da ogni preoccupazione\u00bb. Quelli presero il denaro e fecero secondo le istruzioni ricevute. Cos\u00ec questo racconto si \u00e8 divulgato fra i Giudei fino a oggi.[\/vc_column_text][\/vc_tta_section][\/vc_tta_accordion][\/vc_column][\/vc_row]<\/p>\n<\/div>","protected":false},"excerpt":{"rendered":"<p>[vc_row][vc_column][vc_column_text] Meditazione Pubblichiamo l\u2019audio di una meditazione di luned\u00ec 5 aprile 2021 &#8211; Luned\u00ec fra l&#8217;ottava di Pasqua Predicatore: p&#8230;.<\/p>\n","protected":false},"author":4,"featured_media":18161,"comment_status":"closed","ping_status":"closed","sticky":false,"template":"","format":"standard","meta":{"footnotes":""},"categories":[15],"tags":[8403,80,17],"class_list":{"0":"post-18154","1":"post","2":"type-post","3":"status-publish","4":"format-standard","5":"has-post-thumbnail","7":"category-omelie","8":"tag-lunedi-dellangelo","9":"tag-meditazione","10":"tag-p-giorgio-maria-fare"},"yoast_head":"<!-- This site is optimized with the Yoast SEO plugin v28.2 - https:\/\/yoast.com\/product\/yoast-seo-wordpress\/ -->\n<title>Luned\u00ec dell\u2019Angelo: Lo adorarono - Veritatemincaritate<\/title>\n<meta name=\"robots\" content=\"index, follow, max-snippet:-1, max-image-preview:large, max-video-preview:-1\" \/>\n<link rel=\"canonical\" href=\"https:\/\/www.veritatemincaritate.com\/wp\/2021\/04\/lunedi-dellangelo-lo-adorarono\/\" \/>\n<meta property=\"og:locale\" content=\"it_IT\" \/>\n<meta property=\"og:type\" content=\"article\" \/>\n<meta property=\"og:title\" content=\"Luned\u00ec dell\u2019Angelo: Lo adorarono - Veritatemincaritate\" \/>\n<meta property=\"og:description\" content=\"[vc_row][vc_column][vc_column_text] Meditazione Pubblichiamo l\u2019audio di una meditazione di luned\u00ec 5 aprile 2021 &#8211; Luned\u00ec fra l&#8217;ottava di Pasqua Predicatore: p....\" \/>\n<meta property=\"og:url\" content=\"https:\/\/www.veritatemincaritate.com\/wp\/2021\/04\/lunedi-dellangelo-lo-adorarono\/\" \/>\n<meta property=\"og:site_name\" content=\"Veritatemincaritate\" \/>\n<meta property=\"article:publisher\" content=\"https:\/\/www.facebook.com\/pgiorgiomariafare\" \/>\n<meta property=\"article:published_time\" content=\"2021-04-05T01:30:44+00:00\" \/>\n<meta property=\"article:modified_time\" content=\"2021-04-22T15:08:55+00:00\" \/>\n<meta property=\"og:image\" content=\"https:\/\/www.veritatemincaritate.com\/wp\/wp-content\/uploads\/2021\/04\/Donne-al-Sepolcro2.jpg\" \/>\n\t<meta property=\"og:image:width\" content=\"600\" \/>\n\t<meta property=\"og:image:height\" content=\"400\" \/>\n\t<meta property=\"og:image:type\" content=\"image\/jpeg\" \/>\n<meta name=\"author\" content=\"Is551011\" \/>\n<meta name=\"twitter:card\" content=\"summary_large_image\" \/>\n<meta name=\"twitter:label1\" content=\"Scritto da\" \/>\n\t<meta name=\"twitter:data1\" content=\"Is551011\" \/>\n\t<meta name=\"twitter:label2\" content=\"Tempo di lettura stimato\" \/>\n\t<meta name=\"twitter:data2\" content=\"8 minuti\" \/>\n<script type=\"application\/ld+json\" class=\"yoast-schema-graph\">{\"@context\":\"https:\\\/\\\/schema.org\",\"@graph\":[{\"@type\":\"Article\",\"@id\":\"https:\\\/\\\/www.veritatemincaritate.com\\\/wp\\\/2021\\\/04\\\/lunedi-dellangelo-lo-adorarono\\\/#article\",\"isPartOf\":{\"@id\":\"https:\\\/\\\/www.veritatemincaritate.com\\\/wp\\\/2021\\\/04\\\/lunedi-dellangelo-lo-adorarono\\\/\"},\"author\":{\"name\":\"Is551011\",\"@id\":\"https:\\\/\\\/www.veritatemincaritate.com\\\/wp\\\/#\\\/schema\\\/person\\\/ae324896700d097ddc6db39f45894b80\"},\"headline\":\"Luned\u00ec dell\u2019Angelo: Lo adorarono\",\"datePublished\":\"2021-04-05T01:30:44+00:00\",\"dateModified\":\"2021-04-22T15:08:55+00:00\",\"mainEntityOfPage\":{\"@id\":\"https:\\\/\\\/www.veritatemincaritate.com\\\/wp\\\/2021\\\/04\\\/lunedi-dellangelo-lo-adorarono\\\/\"},\"wordCount\":1940,\"publisher\":{\"@id\":\"https:\\\/\\\/www.veritatemincaritate.com\\\/wp\\\/#organization\"},\"image\":{\"@id\":\"https:\\\/\\\/www.veritatemincaritate.com\\\/wp\\\/2021\\\/04\\\/lunedi-dellangelo-lo-adorarono\\\/#primaryimage\"},\"thumbnailUrl\":\"https:\\\/\\\/www.veritatemincaritate.com\\\/wp\\\/wp-content\\\/uploads\\\/2021\\\/04\\\/Donne-al-Sepolcro2.jpg\",\"keywords\":[\"Luned\u00ec dell'Angelo\",\"meditazione\",\"p. Giorgio Maria Far\u00e9\"],\"articleSection\":[\"Omelie\"],\"inLanguage\":\"it-IT\"},{\"@type\":\"WebPage\",\"@id\":\"https:\\\/\\\/www.veritatemincaritate.com\\\/wp\\\/2021\\\/04\\\/lunedi-dellangelo-lo-adorarono\\\/\",\"url\":\"https:\\\/\\\/www.veritatemincaritate.com\\\/wp\\\/2021\\\/04\\\/lunedi-dellangelo-lo-adorarono\\\/\",\"name\":\"Luned\u00ec dell\u2019Angelo: Lo adorarono - Veritatemincaritate\",\"isPartOf\":{\"@id\":\"https:\\\/\\\/www.veritatemincaritate.com\\\/wp\\\/#website\"},\"primaryImageOfPage\":{\"@id\":\"https:\\\/\\\/www.veritatemincaritate.com\\\/wp\\\/2021\\\/04\\\/lunedi-dellangelo-lo-adorarono\\\/#primaryimage\"},\"image\":{\"@id\":\"https:\\\/\\\/www.veritatemincaritate.com\\\/wp\\\/2021\\\/04\\\/lunedi-dellangelo-lo-adorarono\\\/#primaryimage\"},\"thumbnailUrl\":\"https:\\\/\\\/www.veritatemincaritate.com\\\/wp\\\/wp-content\\\/uploads\\\/2021\\\/04\\\/Donne-al-Sepolcro2.jpg\",\"datePublished\":\"2021-04-05T01:30:44+00:00\",\"dateModified\":\"2021-04-22T15:08:55+00:00\",\"breadcrumb\":{\"@id\":\"https:\\\/\\\/www.veritatemincaritate.com\\\/wp\\\/2021\\\/04\\\/lunedi-dellangelo-lo-adorarono\\\/#breadcrumb\"},\"inLanguage\":\"it-IT\",\"potentialAction\":[{\"@type\":\"ReadAction\",\"target\":[\"https:\\\/\\\/www.veritatemincaritate.com\\\/wp\\\/2021\\\/04\\\/lunedi-dellangelo-lo-adorarono\\\/\"]}]},{\"@type\":\"ImageObject\",\"inLanguage\":\"it-IT\",\"@id\":\"https:\\\/\\\/www.veritatemincaritate.com\\\/wp\\\/2021\\\/04\\\/lunedi-dellangelo-lo-adorarono\\\/#primaryimage\",\"url\":\"https:\\\/\\\/www.veritatemincaritate.com\\\/wp\\\/wp-content\\\/uploads\\\/2021\\\/04\\\/Donne-al-Sepolcro2.jpg\",\"contentUrl\":\"https:\\\/\\\/www.veritatemincaritate.com\\\/wp\\\/wp-content\\\/uploads\\\/2021\\\/04\\\/Donne-al-Sepolcro2.jpg\",\"width\":600,\"height\":400},{\"@type\":\"BreadcrumbList\",\"@id\":\"https:\\\/\\\/www.veritatemincaritate.com\\\/wp\\\/2021\\\/04\\\/lunedi-dellangelo-lo-adorarono\\\/#breadcrumb\",\"itemListElement\":[{\"@type\":\"ListItem\",\"position\":1,\"name\":\"Home\",\"item\":\"https:\\\/\\\/www.veritatemincaritate.com\\\/wp\\\/\"},{\"@type\":\"ListItem\",\"position\":2,\"name\":\"Luned\u00ec dell\u2019Angelo: Lo adorarono\"}]},{\"@type\":\"WebSite\",\"@id\":\"https:\\\/\\\/www.veritatemincaritate.com\\\/wp\\\/#website\",\"url\":\"https:\\\/\\\/www.veritatemincaritate.com\\\/wp\\\/\",\"name\":\"Veritatemincaritate\",\"description\":\"Agendo secondo verit\u00e0 nella carit\u00e0, cerchiamo di crescere in ogni cosa tendendo a lui, che \u00e8 il capo, Cristo\",\"publisher\":{\"@id\":\"https:\\\/\\\/www.veritatemincaritate.com\\\/wp\\\/#organization\"},\"potentialAction\":[{\"@type\":\"SearchAction\",\"target\":{\"@type\":\"EntryPoint\",\"urlTemplate\":\"https:\\\/\\\/www.veritatemincaritate.com\\\/wp\\\/?s={search_term_string}\"},\"query-input\":{\"@type\":\"PropertyValueSpecification\",\"valueRequired\":true,\"valueName\":\"search_term_string\"}}],\"inLanguage\":\"it-IT\"},{\"@type\":\"Organization\",\"@id\":\"https:\\\/\\\/www.veritatemincaritate.com\\\/wp\\\/#organization\",\"name\":\"Veritatem facientes in Caritate\",\"url\":\"https:\\\/\\\/www.veritatemincaritate.com\\\/wp\\\/\",\"logo\":{\"@type\":\"ImageObject\",\"inLanguage\":\"it-IT\",\"@id\":\"https:\\\/\\\/www.veritatemincaritate.com\\\/wp\\\/#\\\/schema\\\/logo\\\/image\\\/\",\"url\":\"https:\\\/\\\/www.veritatemincaritate.com\\\/wp\\\/wp-content\\\/uploads\\\/2020\\\/07\\\/Logo-VIC-per-canale-Youtube.jpg\",\"contentUrl\":\"https:\\\/\\\/www.veritatemincaritate.com\\\/wp\\\/wp-content\\\/uploads\\\/2020\\\/07\\\/Logo-VIC-per-canale-Youtube.jpg\",\"width\":720,\"height\":720,\"caption\":\"Veritatem facientes in Caritate\"},\"image\":{\"@id\":\"https:\\\/\\\/www.veritatemincaritate.com\\\/wp\\\/#\\\/schema\\\/logo\\\/image\\\/\"},\"sameAs\":[\"https:\\\/\\\/www.facebook.com\\\/pgiorgiomariafare\",\"https:\\\/\\\/instagram.com\\\/padre_giorgio_maria_fare?igshid=1p8wsw6b3edkc\",\"https:\\\/\\\/www.youtube.com\\\/channel\\\/UCFqjpT1nX60rx3m_SELg3lA\"]},{\"@type\":\"Person\",\"@id\":\"https:\\\/\\\/www.veritatemincaritate.com\\\/wp\\\/#\\\/schema\\\/person\\\/ae324896700d097ddc6db39f45894b80\",\"name\":\"Is551011\",\"image\":{\"@type\":\"ImageObject\",\"inLanguage\":\"it-IT\",\"@id\":\"https:\\\/\\\/secure.gravatar.com\\\/avatar\\\/c031fff76d6f121d3530ae43ac8407bd6ac4d5c3c8a89c237d6990047f9a6307?s=96&d=mm&r=g\",\"url\":\"https:\\\/\\\/secure.gravatar.com\\\/avatar\\\/c031fff76d6f121d3530ae43ac8407bd6ac4d5c3c8a89c237d6990047f9a6307?s=96&d=mm&r=g\",\"contentUrl\":\"https:\\\/\\\/secure.gravatar.com\\\/avatar\\\/c031fff76d6f121d3530ae43ac8407bd6ac4d5c3c8a89c237d6990047f9a6307?s=96&d=mm&r=g\",\"caption\":\"Is551011\"}}]}<\/script>\n<!-- \/ Yoast SEO plugin. -->","yoast_head_json":{"title":"Luned\u00ec dell\u2019Angelo: Lo adorarono - Veritatemincaritate","robots":{"index":"index","follow":"follow","max-snippet":"max-snippet:-1","max-image-preview":"max-image-preview:large","max-video-preview":"max-video-preview:-1"},"canonical":"https:\/\/www.veritatemincaritate.com\/wp\/2021\/04\/lunedi-dellangelo-lo-adorarono\/","og_locale":"it_IT","og_type":"article","og_title":"Luned\u00ec dell\u2019Angelo: Lo adorarono - Veritatemincaritate","og_description":"[vc_row][vc_column][vc_column_text] Meditazione Pubblichiamo l\u2019audio di una meditazione di luned\u00ec 5 aprile 2021 &#8211; Luned\u00ec fra l&#8217;ottava di Pasqua Predicatore: p....","og_url":"https:\/\/www.veritatemincaritate.com\/wp\/2021\/04\/lunedi-dellangelo-lo-adorarono\/","og_site_name":"Veritatemincaritate","article_publisher":"https:\/\/www.facebook.com\/pgiorgiomariafare","article_published_time":"2021-04-05T01:30:44+00:00","article_modified_time":"2021-04-22T15:08:55+00:00","og_image":[{"width":600,"height":400,"url":"https:\/\/www.veritatemincaritate.com\/wp\/wp-content\/uploads\/2021\/04\/Donne-al-Sepolcro2.jpg","type":"image\/jpeg"}],"author":"Is551011","twitter_card":"summary_large_image","twitter_misc":{"Scritto da":"Is551011","Tempo di lettura stimato":"8 minuti"},"schema":{"@context":"https:\/\/schema.org","@graph":[{"@type":"Article","@id":"https:\/\/www.veritatemincaritate.com\/wp\/2021\/04\/lunedi-dellangelo-lo-adorarono\/#article","isPartOf":{"@id":"https:\/\/www.veritatemincaritate.com\/wp\/2021\/04\/lunedi-dellangelo-lo-adorarono\/"},"author":{"name":"Is551011","@id":"https:\/\/www.veritatemincaritate.com\/wp\/#\/schema\/person\/ae324896700d097ddc6db39f45894b80"},"headline":"Luned\u00ec dell\u2019Angelo: Lo adorarono","datePublished":"2021-04-05T01:30:44+00:00","dateModified":"2021-04-22T15:08:55+00:00","mainEntityOfPage":{"@id":"https:\/\/www.veritatemincaritate.com\/wp\/2021\/04\/lunedi-dellangelo-lo-adorarono\/"},"wordCount":1940,"publisher":{"@id":"https:\/\/www.veritatemincaritate.com\/wp\/#organization"},"image":{"@id":"https:\/\/www.veritatemincaritate.com\/wp\/2021\/04\/lunedi-dellangelo-lo-adorarono\/#primaryimage"},"thumbnailUrl":"https:\/\/www.veritatemincaritate.com\/wp\/wp-content\/uploads\/2021\/04\/Donne-al-Sepolcro2.jpg","keywords":["Luned\u00ec dell'Angelo","meditazione","p. Giorgio Maria Far\u00e9"],"articleSection":["Omelie"],"inLanguage":"it-IT"},{"@type":"WebPage","@id":"https:\/\/www.veritatemincaritate.com\/wp\/2021\/04\/lunedi-dellangelo-lo-adorarono\/","url":"https:\/\/www.veritatemincaritate.com\/wp\/2021\/04\/lunedi-dellangelo-lo-adorarono\/","name":"Luned\u00ec dell\u2019Angelo: Lo adorarono - Veritatemincaritate","isPartOf":{"@id":"https:\/\/www.veritatemincaritate.com\/wp\/#website"},"primaryImageOfPage":{"@id":"https:\/\/www.veritatemincaritate.com\/wp\/2021\/04\/lunedi-dellangelo-lo-adorarono\/#primaryimage"},"image":{"@id":"https:\/\/www.veritatemincaritate.com\/wp\/2021\/04\/lunedi-dellangelo-lo-adorarono\/#primaryimage"},"thumbnailUrl":"https:\/\/www.veritatemincaritate.com\/wp\/wp-content\/uploads\/2021\/04\/Donne-al-Sepolcro2.jpg","datePublished":"2021-04-05T01:30:44+00:00","dateModified":"2021-04-22T15:08:55+00:00","breadcrumb":{"@id":"https:\/\/www.veritatemincaritate.com\/wp\/2021\/04\/lunedi-dellangelo-lo-adorarono\/#breadcrumb"},"inLanguage":"it-IT","potentialAction":[{"@type":"ReadAction","target":["https:\/\/www.veritatemincaritate.com\/wp\/2021\/04\/lunedi-dellangelo-lo-adorarono\/"]}]},{"@type":"ImageObject","inLanguage":"it-IT","@id":"https:\/\/www.veritatemincaritate.com\/wp\/2021\/04\/lunedi-dellangelo-lo-adorarono\/#primaryimage","url":"https:\/\/www.veritatemincaritate.com\/wp\/wp-content\/uploads\/2021\/04\/Donne-al-Sepolcro2.jpg","contentUrl":"https:\/\/www.veritatemincaritate.com\/wp\/wp-content\/uploads\/2021\/04\/Donne-al-Sepolcro2.jpg","width":600,"height":400},{"@type":"BreadcrumbList","@id":"https:\/\/www.veritatemincaritate.com\/wp\/2021\/04\/lunedi-dellangelo-lo-adorarono\/#breadcrumb","itemListElement":[{"@type":"ListItem","position":1,"name":"Home","item":"https:\/\/www.veritatemincaritate.com\/wp\/"},{"@type":"ListItem","position":2,"name":"Luned\u00ec dell\u2019Angelo: Lo adorarono"}]},{"@type":"WebSite","@id":"https:\/\/www.veritatemincaritate.com\/wp\/#website","url":"https:\/\/www.veritatemincaritate.com\/wp\/","name":"Veritatemincaritate","description":"Agendo secondo verit\u00e0 nella carit\u00e0, cerchiamo di crescere in ogni cosa tendendo a lui, che \u00e8 il capo, Cristo","publisher":{"@id":"https:\/\/www.veritatemincaritate.com\/wp\/#organization"},"potentialAction":[{"@type":"SearchAction","target":{"@type":"EntryPoint","urlTemplate":"https:\/\/www.veritatemincaritate.com\/wp\/?s={search_term_string}"},"query-input":{"@type":"PropertyValueSpecification","valueRequired":true,"valueName":"search_term_string"}}],"inLanguage":"it-IT"},{"@type":"Organization","@id":"https:\/\/www.veritatemincaritate.com\/wp\/#organization","name":"Veritatem facientes in Caritate","url":"https:\/\/www.veritatemincaritate.com\/wp\/","logo":{"@type":"ImageObject","inLanguage":"it-IT","@id":"https:\/\/www.veritatemincaritate.com\/wp\/#\/schema\/logo\/image\/","url":"https:\/\/www.veritatemincaritate.com\/wp\/wp-content\/uploads\/2020\/07\/Logo-VIC-per-canale-Youtube.jpg","contentUrl":"https:\/\/www.veritatemincaritate.com\/wp\/wp-content\/uploads\/2020\/07\/Logo-VIC-per-canale-Youtube.jpg","width":720,"height":720,"caption":"Veritatem facientes in Caritate"},"image":{"@id":"https:\/\/www.veritatemincaritate.com\/wp\/#\/schema\/logo\/image\/"},"sameAs":["https:\/\/www.facebook.com\/pgiorgiomariafare","https:\/\/instagram.com\/padre_giorgio_maria_fare?igshid=1p8wsw6b3edkc","https:\/\/www.youtube.com\/channel\/UCFqjpT1nX60rx3m_SELg3lA"]},{"@type":"Person","@id":"https:\/\/www.veritatemincaritate.com\/wp\/#\/schema\/person\/ae324896700d097ddc6db39f45894b80","name":"Is551011","image":{"@type":"ImageObject","inLanguage":"it-IT","@id":"https:\/\/secure.gravatar.com\/avatar\/c031fff76d6f121d3530ae43ac8407bd6ac4d5c3c8a89c237d6990047f9a6307?s=96&d=mm&r=g","url":"https:\/\/secure.gravatar.com\/avatar\/c031fff76d6f121d3530ae43ac8407bd6ac4d5c3c8a89c237d6990047f9a6307?s=96&d=mm&r=g","contentUrl":"https:\/\/secure.gravatar.com\/avatar\/c031fff76d6f121d3530ae43ac8407bd6ac4d5c3c8a89c237d6990047f9a6307?s=96&d=mm&r=g","caption":"Is551011"}}]}},"menu_order":0,"_links":{"self":[{"href":"https:\/\/www.veritatemincaritate.com\/wp\/wp-json\/wp\/v2\/posts\/18154","targetHints":{"allow":["GET"]}}],"collection":[{"href":"https:\/\/www.veritatemincaritate.com\/wp\/wp-json\/wp\/v2\/posts"}],"about":[{"href":"https:\/\/www.veritatemincaritate.com\/wp\/wp-json\/wp\/v2\/types\/post"}],"author":[{"embeddable":true,"href":"https:\/\/www.veritatemincaritate.com\/wp\/wp-json\/wp\/v2\/users\/4"}],"replies":[{"embeddable":true,"href":"https:\/\/www.veritatemincaritate.com\/wp\/wp-json\/wp\/v2\/comments?post=18154"}],"version-history":[{"count":0,"href":"https:\/\/www.veritatemincaritate.com\/wp\/wp-json\/wp\/v2\/posts\/18154\/revisions"}],"wp:featuredmedia":[{"embeddable":true,"href":"https:\/\/www.veritatemincaritate.com\/wp\/wp-json\/wp\/v2\/media\/18161"}],"wp:attachment":[{"href":"https:\/\/www.veritatemincaritate.com\/wp\/wp-json\/wp\/v2\/media?parent=18154"}],"wp:term":[{"taxonomy":"category","embeddable":true,"href":"https:\/\/www.veritatemincaritate.com\/wp\/wp-json\/wp\/v2\/categories?post=18154"},{"taxonomy":"post_tag","embeddable":true,"href":"https:\/\/www.veritatemincaritate.com\/wp\/wp-json\/wp\/v2\/tags?post=18154"}],"curies":[{"name":"wp","href":"https:\/\/api.w.org\/{rel}","templated":true}]}}