{"id":20603,"date":"2019-08-17T09:21:36","date_gmt":"2019-08-17T07:21:36","guid":{"rendered":"https:\/\/www.veritatemincaritate.com\/?p=20603"},"modified":"2024-07-22T10:11:25","modified_gmt":"2024-07-22T08:11:25","slug":"novena-a-santa-maria-di-gesu-crocifisso-mariam-baouardy-piccola-araba","status":"publish","type":"post","link":"https:\/\/www.veritatemincaritate.com\/wp\/2019\/08\/novena-a-santa-maria-di-gesu-crocifisso-mariam-baouardy-piccola-araba\/","title":{"rendered":"Novena a Santa Maria di Ges\u00f9 Crocifisso &#8211; Mariam Baouardy (Piccola Araba)"},"content":{"rendered":"<div class=\"wpb-content-wrapper\"><p>[vc_row][vc_column][vc_empty_space][vc_column_text]<\/p>\n<p style=\"font-weight: 400;\"><em>Da recitare nei nove giorni che precedono la memoria liturgica (26 agosto).<\/em><\/p>\n<p>[\/vc_column_text][\/vc_column][\/vc_row][vc_row][vc_column][vc_separator color=&#8221;orange&#8221;][vc_column_text]<\/p>\n<p style=\"font-weight: 400;\">O Piccola e dolce Mariam, dal cuore tenero e compassionevole, a te, cos\u00ec vicina a Nostro Signore e alla Vergine Immacolata, chiedo forza e protezione per ogni giorno della mia vita, per superare insieme tutte le inevitabili prove e amarezze, e meritare cos\u00ec, dopo una santa vita, di godere accanto a te, le gioie e le dolcezze del Santo Paradiso.<\/p>\n<p style=\"font-weight: 400;\">A te chiedo coraggio per &#8220;combattere la buona battaglia della fede&#8221; e di chinarti con me e con tutti coloro che ti amano e ameranno, su tutti gli infelici e i crocifissi del nostro tempo, con uno sguardo particolare a tutti i cuori smarriti dall&#8217;odio e dalla violenza.<\/p>\n<p style=\"font-weight: 400;\">Riporta, o dolce Mariam la pace ad ogni cuore, perch\u00e9 solo cos\u00ec si potr\u00e0 irradiare alle anime e al mondo intero. Scalda i nostri cuori, talvolta afflitti ed angosciati per la paura del futuro.<\/p>\n<p style=\"font-weight: 400;\">Insegnaci la tua piccolezza, la tua dolcezza, la tua bont\u00e0 e la tua umilt\u00e0 infinita, perch\u00e9 ogni giorno, attirati da te verso l&#8217;amore a Dio e ai fratelli, possiamo compiere in ogni cosa la Sua Volont\u00e0 di bene e di pace. Con te, il nostro cuore si volga verso tutti i sofferenti ed emarginati della terra, non dimenticando mai la Terra Santa, per la quale chiedo una speciale benedizione. Possa il Signore illuminare e convertire tutti i cuori e far proclamare cos\u00ec la sospirata pace.<\/p>\n<p style=\"font-weight: 400;\">O piccola e dolce Mariam ti chiedo pure&#8230;\u00a0<em>(chiedere la grazia&#8230;)<\/em><\/p>\n<p>[\/vc_column_text][\/vc_column][\/vc_row]<\/p>\n<\/div>","protected":false},"excerpt":{"rendered":"<p>[vc_row][vc_column][vc_empty_space][vc_column_text] Da recitare nei nove giorni che precedono la memoria liturgica (26 agosto). [\/vc_column_text][\/vc_column][\/vc_row][vc_row][vc_column][vc_separator color=&#8221;orange&#8221;][vc_column_text] O Piccola e dolce Mariam,&#8230;<\/p>\n","protected":false},"author":4,"featured_media":20605,"comment_status":"closed","ping_status":"closed","sticky":false,"template":"","format":"standard","meta":{"footnotes":""},"categories":[21],"tags":[743,8499,8688,1013,8498],"class_list":{"0":"post-20603","1":"post","2":"type-post","3":"status-publish","4":"format-standard","5":"has-post-thumbnail","7":"category-devozione","8":"tag-devozioni","9":"tag-mariam-baouardy","10":"tag-novene","11":"tag-piccola-araba","12":"tag-santa-maria-di-gesu-crocifisso"},"yoast_head":"<!-- This site is optimized with the Yoast SEO plugin v27.5 - https:\/\/yoast.com\/product\/yoast-seo-wordpress\/ -->\n<title>Novena a Santa Maria di Ges\u00f9 Crocifisso - Mariam Baouardy (Piccola Araba) - Veritatemincaritate<\/title>\n<meta name=\"description\" content=\"Novena a Santa Maria di Ges\u00f9 Crocifisso (Mariam Baouardy) la Piccola Araba da recitare dal 17 al 25 agosto.\" \/>\n<meta name=\"robots\" content=\"index, follow, max-snippet:-1, max-image-preview:large, max-video-preview:-1\" \/>\n<link rel=\"canonical\" href=\"https:\/\/www.veritatemincaritate.com\/wp\/2019\/08\/novena-a-santa-maria-di-gesu-crocifisso-mariam-baouardy-piccola-araba\/\" \/>\n<meta property=\"og:locale\" content=\"it_IT\" \/>\n<meta property=\"og:type\" content=\"article\" \/>\n<meta property=\"og:title\" content=\"Novena a Santa Maria di Ges\u00f9 Crocifisso - Mariam Baouardy (Piccola Araba)\" \/>\n<meta property=\"og:description\" content=\"Novena a Santa Maria di Ges\u00f9 Crocifisso - Mariam Baouardy (Piccola Araba)\" \/>\n<meta property=\"og:url\" content=\"https:\/\/www.veritatemincaritate.com\/wp\/2019\/08\/novena-a-santa-maria-di-gesu-crocifisso-mariam-baouardy-piccola-araba\/\" \/>\n<meta property=\"og:site_name\" content=\"Veritatemincaritate\" \/>\n<meta property=\"article:publisher\" content=\"https:\/\/www.facebook.com\/pgiorgiomariafare\" \/>\n<meta property=\"article:published_time\" content=\"2019-08-17T07:21:36+00:00\" \/>\n<meta property=\"article:modified_time\" content=\"2024-07-22T08:11:25+00:00\" \/>\n<meta property=\"og:image\" content=\"https:\/\/www.veritatemincaritate.com\/wp\/wp-content\/uploads\/2021\/08\/Piccola-Araba.jpg\" \/>\n\t<meta property=\"og:image:width\" content=\"600\" \/>\n\t<meta property=\"og:image:height\" content=\"400\" \/>\n\t<meta property=\"og:image:type\" content=\"image\/jpeg\" \/>\n<meta name=\"author\" content=\"Is551011\" \/>\n<meta name=\"twitter:card\" content=\"summary_large_image\" \/>\n<meta name=\"twitter:title\" content=\"Novena a Santa Maria di Ges\u00f9 Crocifisso - Mariam Baouardy (Piccola Araba)\" \/>\n<meta name=\"twitter:description\" content=\"Novena a Santa Maria di Ges\u00f9 Crocifisso - Mariam Baouardy (Piccola Araba)\" \/>\n<meta name=\"twitter:image\" content=\"https:\/\/www.veritatemincaritate.com\/wp\/wp-content\/uploads\/2021\/08\/Piccola-Araba.jpg\" \/>\n<meta name=\"twitter:label1\" content=\"Scritto da\" \/>\n\t<meta name=\"twitter:data1\" content=\"Is551011\" \/>\n\t<meta name=\"twitter:label2\" content=\"Tempo di lettura stimato\" \/>\n\t<meta name=\"twitter:data2\" content=\"2 minuti\" \/>\n<script type=\"application\/ld+json\" class=\"yoast-schema-graph\">{\"@context\":\"https:\\\/\\\/schema.org\",\"@graph\":[{\"@type\":\"Article\",\"@id\":\"https:\\\/\\\/www.veritatemincaritate.com\\\/wp\\\/2019\\\/08\\\/novena-a-santa-maria-di-gesu-crocifisso-mariam-baouardy-piccola-araba\\\/#article\",\"isPartOf\":{\"@id\":\"https:\\\/\\\/www.veritatemincaritate.com\\\/wp\\\/2019\\\/08\\\/novena-a-santa-maria-di-gesu-crocifisso-mariam-baouardy-piccola-araba\\\/\"},\"author\":{\"name\":\"Is551011\",\"@id\":\"https:\\\/\\\/www.veritatemincaritate.com\\\/wp\\\/#\\\/schema\\\/person\\\/ae324896700d097ddc6db39f45894b80\"},\"headline\":\"Novena a Santa Maria di Ges\u00f9 Crocifisso &#8211; Mariam Baouardy (Piccola Araba)\",\"datePublished\":\"2019-08-17T07:21:36+00:00\",\"dateModified\":\"2024-07-22T08:11:25+00:00\",\"mainEntityOfPage\":{\"@id\":\"https:\\\/\\\/www.veritatemincaritate.com\\\/wp\\\/2019\\\/08\\\/novena-a-santa-maria-di-gesu-crocifisso-mariam-baouardy-piccola-araba\\\/\"},\"wordCount\":298,\"publisher\":{\"@id\":\"https:\\\/\\\/www.veritatemincaritate.com\\\/wp\\\/#organization\"},\"image\":{\"@id\":\"https:\\\/\\\/www.veritatemincaritate.com\\\/wp\\\/2019\\\/08\\\/novena-a-santa-maria-di-gesu-crocifisso-mariam-baouardy-piccola-araba\\\/#primaryimage\"},\"thumbnailUrl\":\"https:\\\/\\\/www.veritatemincaritate.com\\\/wp\\\/wp-content\\\/uploads\\\/2021\\\/08\\\/Piccola-Araba.jpg\",\"keywords\":[\"devozioni\",\"Mariam Baouardy\",\"Novene\",\"piccola araba\",\"Santa Maria di Ges\u00f9 Crocifisso\"],\"articleSection\":[\"Devozione\"],\"inLanguage\":\"it-IT\"},{\"@type\":\"WebPage\",\"@id\":\"https:\\\/\\\/www.veritatemincaritate.com\\\/wp\\\/2019\\\/08\\\/novena-a-santa-maria-di-gesu-crocifisso-mariam-baouardy-piccola-araba\\\/\",\"url\":\"https:\\\/\\\/www.veritatemincaritate.com\\\/wp\\\/2019\\\/08\\\/novena-a-santa-maria-di-gesu-crocifisso-mariam-baouardy-piccola-araba\\\/\",\"name\":\"Novena a Santa Maria di Ges\u00f9 Crocifisso - Mariam Baouardy (Piccola Araba) - Veritatemincaritate\",\"isPartOf\":{\"@id\":\"https:\\\/\\\/www.veritatemincaritate.com\\\/wp\\\/#website\"},\"primaryImageOfPage\":{\"@id\":\"https:\\\/\\\/www.veritatemincaritate.com\\\/wp\\\/2019\\\/08\\\/novena-a-santa-maria-di-gesu-crocifisso-mariam-baouardy-piccola-araba\\\/#primaryimage\"},\"image\":{\"@id\":\"https:\\\/\\\/www.veritatemincaritate.com\\\/wp\\\/2019\\\/08\\\/novena-a-santa-maria-di-gesu-crocifisso-mariam-baouardy-piccola-araba\\\/#primaryimage\"},\"thumbnailUrl\":\"https:\\\/\\\/www.veritatemincaritate.com\\\/wp\\\/wp-content\\\/uploads\\\/2021\\\/08\\\/Piccola-Araba.jpg\",\"datePublished\":\"2019-08-17T07:21:36+00:00\",\"dateModified\":\"2024-07-22T08:11:25+00:00\",\"description\":\"Novena a Santa Maria di Ges\u00f9 Crocifisso (Mariam Baouardy) la Piccola Araba da recitare dal 17 al 25 agosto.\",\"breadcrumb\":{\"@id\":\"https:\\\/\\\/www.veritatemincaritate.com\\\/wp\\\/2019\\\/08\\\/novena-a-santa-maria-di-gesu-crocifisso-mariam-baouardy-piccola-araba\\\/#breadcrumb\"},\"inLanguage\":\"it-IT\",\"potentialAction\":[{\"@type\":\"ReadAction\",\"target\":[\"https:\\\/\\\/www.veritatemincaritate.com\\\/wp\\\/2019\\\/08\\\/novena-a-santa-maria-di-gesu-crocifisso-mariam-baouardy-piccola-araba\\\/\"]}]},{\"@type\":\"ImageObject\",\"inLanguage\":\"it-IT\",\"@id\":\"https:\\\/\\\/www.veritatemincaritate.com\\\/wp\\\/2019\\\/08\\\/novena-a-santa-maria-di-gesu-crocifisso-mariam-baouardy-piccola-araba\\\/#primaryimage\",\"url\":\"https:\\\/\\\/www.veritatemincaritate.com\\\/wp\\\/wp-content\\\/uploads\\\/2021\\\/08\\\/Piccola-Araba.jpg\",\"contentUrl\":\"https:\\\/\\\/www.veritatemincaritate.com\\\/wp\\\/wp-content\\\/uploads\\\/2021\\\/08\\\/Piccola-Araba.jpg\",\"width\":600,\"height\":400,\"caption\":\"Piccola Araba\"},{\"@type\":\"BreadcrumbList\",\"@id\":\"https:\\\/\\\/www.veritatemincaritate.com\\\/wp\\\/2019\\\/08\\\/novena-a-santa-maria-di-gesu-crocifisso-mariam-baouardy-piccola-araba\\\/#breadcrumb\",\"itemListElement\":[{\"@type\":\"ListItem\",\"position\":1,\"name\":\"Home\",\"item\":\"https:\\\/\\\/www.veritatemincaritate.com\\\/wp\\\/\"},{\"@type\":\"ListItem\",\"position\":2,\"name\":\"Novena a Santa Maria di Ges\u00f9 Crocifisso &#8211; Mariam Baouardy (Piccola Araba)\"}]},{\"@type\":\"WebSite\",\"@id\":\"https:\\\/\\\/www.veritatemincaritate.com\\\/wp\\\/#website\",\"url\":\"https:\\\/\\\/www.veritatemincaritate.com\\\/wp\\\/\",\"name\":\"Veritatemincaritate\",\"description\":\"Agendo secondo verit\u00e0 nella carit\u00e0, cerchiamo di crescere in ogni cosa tendendo a lui, che \u00e8 il capo, Cristo\",\"publisher\":{\"@id\":\"https:\\\/\\\/www.veritatemincaritate.com\\\/wp\\\/#organization\"},\"potentialAction\":[{\"@type\":\"SearchAction\",\"target\":{\"@type\":\"EntryPoint\",\"urlTemplate\":\"https:\\\/\\\/www.veritatemincaritate.com\\\/wp\\\/?s={search_term_string}\"},\"query-input\":{\"@type\":\"PropertyValueSpecification\",\"valueRequired\":true,\"valueName\":\"search_term_string\"}}],\"inLanguage\":\"it-IT\"},{\"@type\":\"Organization\",\"@id\":\"https:\\\/\\\/www.veritatemincaritate.com\\\/wp\\\/#organization\",\"name\":\"Veritatem facientes in Caritate\",\"url\":\"https:\\\/\\\/www.veritatemincaritate.com\\\/wp\\\/\",\"logo\":{\"@type\":\"ImageObject\",\"inLanguage\":\"it-IT\",\"@id\":\"https:\\\/\\\/www.veritatemincaritate.com\\\/wp\\\/#\\\/schema\\\/logo\\\/image\\\/\",\"url\":\"https:\\\/\\\/www.veritatemincaritate.com\\\/wp\\\/wp-content\\\/uploads\\\/2020\\\/07\\\/Logo-VIC-per-canale-Youtube.jpg\",\"contentUrl\":\"https:\\\/\\\/www.veritatemincaritate.com\\\/wp\\\/wp-content\\\/uploads\\\/2020\\\/07\\\/Logo-VIC-per-canale-Youtube.jpg\",\"width\":720,\"height\":720,\"caption\":\"Veritatem facientes in Caritate\"},\"image\":{\"@id\":\"https:\\\/\\\/www.veritatemincaritate.com\\\/wp\\\/#\\\/schema\\\/logo\\\/image\\\/\"},\"sameAs\":[\"https:\\\/\\\/www.facebook.com\\\/pgiorgiomariafare\",\"https:\\\/\\\/instagram.com\\\/padre_giorgio_maria_fare?igshid=1p8wsw6b3edkc\",\"https:\\\/\\\/www.youtube.com\\\/channel\\\/UCFqjpT1nX60rx3m_SELg3lA\"]},{\"@type\":\"Person\",\"@id\":\"https:\\\/\\\/www.veritatemincaritate.com\\\/wp\\\/#\\\/schema\\\/person\\\/ae324896700d097ddc6db39f45894b80\",\"name\":\"Is551011\",\"image\":{\"@type\":\"ImageObject\",\"inLanguage\":\"it-IT\",\"@id\":\"https:\\\/\\\/secure.gravatar.com\\\/avatar\\\/c031fff76d6f121d3530ae43ac8407bd6ac4d5c3c8a89c237d6990047f9a6307?s=96&d=mm&r=g\",\"url\":\"https:\\\/\\\/secure.gravatar.com\\\/avatar\\\/c031fff76d6f121d3530ae43ac8407bd6ac4d5c3c8a89c237d6990047f9a6307?s=96&d=mm&r=g\",\"contentUrl\":\"https:\\\/\\\/secure.gravatar.com\\\/avatar\\\/c031fff76d6f121d3530ae43ac8407bd6ac4d5c3c8a89c237d6990047f9a6307?s=96&d=mm&r=g\",\"caption\":\"Is551011\"}}]}<\/script>\n<!-- \/ Yoast SEO plugin. -->","yoast_head_json":{"title":"Novena a Santa Maria di Ges\u00f9 Crocifisso - Mariam Baouardy (Piccola Araba) - Veritatemincaritate","description":"Novena a Santa Maria di Ges\u00f9 Crocifisso (Mariam Baouardy) la Piccola Araba da recitare dal 17 al 25 agosto.","robots":{"index":"index","follow":"follow","max-snippet":"max-snippet:-1","max-image-preview":"max-image-preview:large","max-video-preview":"max-video-preview:-1"},"canonical":"https:\/\/www.veritatemincaritate.com\/wp\/2019\/08\/novena-a-santa-maria-di-gesu-crocifisso-mariam-baouardy-piccola-araba\/","og_locale":"it_IT","og_type":"article","og_title":"Novena a Santa Maria di Ges\u00f9 Crocifisso - Mariam Baouardy (Piccola Araba)","og_description":"Novena a Santa Maria di Ges\u00f9 Crocifisso - Mariam Baouardy (Piccola Araba)","og_url":"https:\/\/www.veritatemincaritate.com\/wp\/2019\/08\/novena-a-santa-maria-di-gesu-crocifisso-mariam-baouardy-piccola-araba\/","og_site_name":"Veritatemincaritate","article_publisher":"https:\/\/www.facebook.com\/pgiorgiomariafare","article_published_time":"2019-08-17T07:21:36+00:00","article_modified_time":"2024-07-22T08:11:25+00:00","og_image":[{"width":600,"height":400,"url":"https:\/\/www.veritatemincaritate.com\/wp\/wp-content\/uploads\/2021\/08\/Piccola-Araba.jpg","type":"image\/jpeg"}],"author":"Is551011","twitter_card":"summary_large_image","twitter_title":"Novena a Santa Maria di Ges\u00f9 Crocifisso - Mariam Baouardy (Piccola Araba)","twitter_description":"Novena a Santa Maria di Ges\u00f9 Crocifisso - Mariam Baouardy (Piccola Araba)","twitter_image":"https:\/\/www.veritatemincaritate.com\/wp\/wp-content\/uploads\/2021\/08\/Piccola-Araba.jpg","twitter_misc":{"Scritto da":"Is551011","Tempo di lettura stimato":"2 minuti"},"schema":{"@context":"https:\/\/schema.org","@graph":[{"@type":"Article","@id":"https:\/\/www.veritatemincaritate.com\/wp\/2019\/08\/novena-a-santa-maria-di-gesu-crocifisso-mariam-baouardy-piccola-araba\/#article","isPartOf":{"@id":"https:\/\/www.veritatemincaritate.com\/wp\/2019\/08\/novena-a-santa-maria-di-gesu-crocifisso-mariam-baouardy-piccola-araba\/"},"author":{"name":"Is551011","@id":"https:\/\/www.veritatemincaritate.com\/wp\/#\/schema\/person\/ae324896700d097ddc6db39f45894b80"},"headline":"Novena a Santa Maria di Ges\u00f9 Crocifisso &#8211; Mariam Baouardy (Piccola Araba)","datePublished":"2019-08-17T07:21:36+00:00","dateModified":"2024-07-22T08:11:25+00:00","mainEntityOfPage":{"@id":"https:\/\/www.veritatemincaritate.com\/wp\/2019\/08\/novena-a-santa-maria-di-gesu-crocifisso-mariam-baouardy-piccola-araba\/"},"wordCount":298,"publisher":{"@id":"https:\/\/www.veritatemincaritate.com\/wp\/#organization"},"image":{"@id":"https:\/\/www.veritatemincaritate.com\/wp\/2019\/08\/novena-a-santa-maria-di-gesu-crocifisso-mariam-baouardy-piccola-araba\/#primaryimage"},"thumbnailUrl":"https:\/\/www.veritatemincaritate.com\/wp\/wp-content\/uploads\/2021\/08\/Piccola-Araba.jpg","keywords":["devozioni","Mariam Baouardy","Novene","piccola araba","Santa Maria di Ges\u00f9 Crocifisso"],"articleSection":["Devozione"],"inLanguage":"it-IT"},{"@type":"WebPage","@id":"https:\/\/www.veritatemincaritate.com\/wp\/2019\/08\/novena-a-santa-maria-di-gesu-crocifisso-mariam-baouardy-piccola-araba\/","url":"https:\/\/www.veritatemincaritate.com\/wp\/2019\/08\/novena-a-santa-maria-di-gesu-crocifisso-mariam-baouardy-piccola-araba\/","name":"Novena a Santa Maria di Ges\u00f9 Crocifisso - Mariam Baouardy (Piccola Araba) - Veritatemincaritate","isPartOf":{"@id":"https:\/\/www.veritatemincaritate.com\/wp\/#website"},"primaryImageOfPage":{"@id":"https:\/\/www.veritatemincaritate.com\/wp\/2019\/08\/novena-a-santa-maria-di-gesu-crocifisso-mariam-baouardy-piccola-araba\/#primaryimage"},"image":{"@id":"https:\/\/www.veritatemincaritate.com\/wp\/2019\/08\/novena-a-santa-maria-di-gesu-crocifisso-mariam-baouardy-piccola-araba\/#primaryimage"},"thumbnailUrl":"https:\/\/www.veritatemincaritate.com\/wp\/wp-content\/uploads\/2021\/08\/Piccola-Araba.jpg","datePublished":"2019-08-17T07:21:36+00:00","dateModified":"2024-07-22T08:11:25+00:00","description":"Novena a Santa Maria di Ges\u00f9 Crocifisso (Mariam Baouardy) la Piccola Araba da recitare dal 17 al 25 agosto.","breadcrumb":{"@id":"https:\/\/www.veritatemincaritate.com\/wp\/2019\/08\/novena-a-santa-maria-di-gesu-crocifisso-mariam-baouardy-piccola-araba\/#breadcrumb"},"inLanguage":"it-IT","potentialAction":[{"@type":"ReadAction","target":["https:\/\/www.veritatemincaritate.com\/wp\/2019\/08\/novena-a-santa-maria-di-gesu-crocifisso-mariam-baouardy-piccola-araba\/"]}]},{"@type":"ImageObject","inLanguage":"it-IT","@id":"https:\/\/www.veritatemincaritate.com\/wp\/2019\/08\/novena-a-santa-maria-di-gesu-crocifisso-mariam-baouardy-piccola-araba\/#primaryimage","url":"https:\/\/www.veritatemincaritate.com\/wp\/wp-content\/uploads\/2021\/08\/Piccola-Araba.jpg","contentUrl":"https:\/\/www.veritatemincaritate.com\/wp\/wp-content\/uploads\/2021\/08\/Piccola-Araba.jpg","width":600,"height":400,"caption":"Piccola Araba"},{"@type":"BreadcrumbList","@id":"https:\/\/www.veritatemincaritate.com\/wp\/2019\/08\/novena-a-santa-maria-di-gesu-crocifisso-mariam-baouardy-piccola-araba\/#breadcrumb","itemListElement":[{"@type":"ListItem","position":1,"name":"Home","item":"https:\/\/www.veritatemincaritate.com\/wp\/"},{"@type":"ListItem","position":2,"name":"Novena a Santa Maria di Ges\u00f9 Crocifisso &#8211; Mariam Baouardy (Piccola Araba)"}]},{"@type":"WebSite","@id":"https:\/\/www.veritatemincaritate.com\/wp\/#website","url":"https:\/\/www.veritatemincaritate.com\/wp\/","name":"Veritatemincaritate","description":"Agendo secondo verit\u00e0 nella carit\u00e0, cerchiamo di crescere in ogni cosa tendendo a lui, che \u00e8 il capo, Cristo","publisher":{"@id":"https:\/\/www.veritatemincaritate.com\/wp\/#organization"},"potentialAction":[{"@type":"SearchAction","target":{"@type":"EntryPoint","urlTemplate":"https:\/\/www.veritatemincaritate.com\/wp\/?s={search_term_string}"},"query-input":{"@type":"PropertyValueSpecification","valueRequired":true,"valueName":"search_term_string"}}],"inLanguage":"it-IT"},{"@type":"Organization","@id":"https:\/\/www.veritatemincaritate.com\/wp\/#organization","name":"Veritatem facientes in Caritate","url":"https:\/\/www.veritatemincaritate.com\/wp\/","logo":{"@type":"ImageObject","inLanguage":"it-IT","@id":"https:\/\/www.veritatemincaritate.com\/wp\/#\/schema\/logo\/image\/","url":"https:\/\/www.veritatemincaritate.com\/wp\/wp-content\/uploads\/2020\/07\/Logo-VIC-per-canale-Youtube.jpg","contentUrl":"https:\/\/www.veritatemincaritate.com\/wp\/wp-content\/uploads\/2020\/07\/Logo-VIC-per-canale-Youtube.jpg","width":720,"height":720,"caption":"Veritatem facientes in Caritate"},"image":{"@id":"https:\/\/www.veritatemincaritate.com\/wp\/#\/schema\/logo\/image\/"},"sameAs":["https:\/\/www.facebook.com\/pgiorgiomariafare","https:\/\/instagram.com\/padre_giorgio_maria_fare?igshid=1p8wsw6b3edkc","https:\/\/www.youtube.com\/channel\/UCFqjpT1nX60rx3m_SELg3lA"]},{"@type":"Person","@id":"https:\/\/www.veritatemincaritate.com\/wp\/#\/schema\/person\/ae324896700d097ddc6db39f45894b80","name":"Is551011","image":{"@type":"ImageObject","inLanguage":"it-IT","@id":"https:\/\/secure.gravatar.com\/avatar\/c031fff76d6f121d3530ae43ac8407bd6ac4d5c3c8a89c237d6990047f9a6307?s=96&d=mm&r=g","url":"https:\/\/secure.gravatar.com\/avatar\/c031fff76d6f121d3530ae43ac8407bd6ac4d5c3c8a89c237d6990047f9a6307?s=96&d=mm&r=g","contentUrl":"https:\/\/secure.gravatar.com\/avatar\/c031fff76d6f121d3530ae43ac8407bd6ac4d5c3c8a89c237d6990047f9a6307?s=96&d=mm&r=g","caption":"Is551011"}}]}},"menu_order":0,"_links":{"self":[{"href":"https:\/\/www.veritatemincaritate.com\/wp\/wp-json\/wp\/v2\/posts\/20603","targetHints":{"allow":["GET"]}}],"collection":[{"href":"https:\/\/www.veritatemincaritate.com\/wp\/wp-json\/wp\/v2\/posts"}],"about":[{"href":"https:\/\/www.veritatemincaritate.com\/wp\/wp-json\/wp\/v2\/types\/post"}],"author":[{"embeddable":true,"href":"https:\/\/www.veritatemincaritate.com\/wp\/wp-json\/wp\/v2\/users\/4"}],"replies":[{"embeddable":true,"href":"https:\/\/www.veritatemincaritate.com\/wp\/wp-json\/wp\/v2\/comments?post=20603"}],"version-history":[{"count":0,"href":"https:\/\/www.veritatemincaritate.com\/wp\/wp-json\/wp\/v2\/posts\/20603\/revisions"}],"wp:featuredmedia":[{"embeddable":true,"href":"https:\/\/www.veritatemincaritate.com\/wp\/wp-json\/wp\/v2\/media\/20605"}],"wp:attachment":[{"href":"https:\/\/www.veritatemincaritate.com\/wp\/wp-json\/wp\/v2\/media?parent=20603"}],"wp:term":[{"taxonomy":"category","embeddable":true,"href":"https:\/\/www.veritatemincaritate.com\/wp\/wp-json\/wp\/v2\/categories?post=20603"},{"taxonomy":"post_tag","embeddable":true,"href":"https:\/\/www.veritatemincaritate.com\/wp\/wp-json\/wp\/v2\/tags?post=20603"}],"curies":[{"name":"wp","href":"https:\/\/api.w.org\/{rel}","templated":true}]}}