{"id":20683,"date":"2021-09-03T03:15:26","date_gmt":"2021-09-03T01:15:26","guid":{"rendered":"https:\/\/www.veritatemincaritate.com\/?p=20683"},"modified":"2021-10-06T09:30:07","modified_gmt":"2021-10-06T07:30:07","slug":"la-piccola-araba-s-maria-di-gesu-crocefisso-parte-vi","status":"publish","type":"post","link":"https:\/\/www.veritatemincaritate.com\/wp\/2021\/09\/la-piccola-araba-s-maria-di-gesu-crocefisso-parte-vi\/","title":{"rendered":"La piccola araba, S. Maria di Ges\u00f9 Crocefisso: parte VI"},"content":{"rendered":"<div class=\"wpb-content-wrapper\" id=\"wpb-content-root\"><p>[vc_row][vc_column][vc_column_text]<\/p>\n<h3>Meditazione<\/h3>\n<div class=\"vc_row wpb_row vc_row-fluid\">\n<div class=\"wpb_column vc_column_container vc_col-sm-12\">\n<div class=\"vc_column-inner \">\n<div class=\"wpb_wrapper\">\n<div class=\"wpb_text_column wpb_content_element \">\n<div class=\"wpb_wrapper\">\n<p>Pubblichiamo l\u2019audio di una meditazione di venerd\u00ec 3 settembre 2021<\/p>\n<p>Predicatore: p. Giorgio Maria Far\u00e9, OCD<\/p>\n<\/div>\n<\/div>\n<\/div>\n<\/div>\n<\/div>\n<\/div>\n<p>[\/vc_column_text][vc_column_text]<\/p>\n<h4>Ascolta la registrazione:<\/h4>\n<p>Per motivi di intenso traffico non ci \u00e8 possibile rendere disponibile l&#8217;ascolto dei file audio direttamente dal nostro sito. Se hai dubbi su come fare, vai alle <a href=\"http:\/\/www.veritatemincaritate.com\/chi-siamo\/istruzioni-per-lascolto-delle-registrazioni\/\" target=\"_blank\" rel=\"noopener noreferrer\">istruzioni per l&#8217;ascolto delle registrazioni<\/a>.[\/vc_column_text][\/vc_column][\/vc_row][vc_row][vc_column][vc_row_inner][vc_column_inner width=&#8221;1\/2&#8243;][vc_column_text]<style type=\"text\/css\">.thegem-button-6a9d7a2e6ebf72650 .gem-button {font-size: 14px;}.thegem-button-6a9d7a2e6ebf72650 .gem-button-text {font-size: 14px;}.thegem-button-6a9d7a2e6ebf72650 .gem-button svg {fill: #FFFFFF;}<\/style><div class=\"gem-button-container gem-button-position-inline thegem-button-6a9d7a2e6ebf72650    \"  ><a class=\"gem-button gem-button-size-small gem-button-style-flat gem-button-text-weight-normal\" data-ll-effect=\"drop-right-without-wrap\" style=\"border-radius: 3px;background-color: #FF5C00;color: #FFFFFF;\" onmouseleave=\"this.style.backgroundColor='#FF5C00';this.style.color='#FFFFFF';\" onmouseenter=\"\" href=\"https:\/\/www.dropbox.com\/s\/d8w57c1xe0h6v09\/210903-Omelie-PiccolaAraba-6.m4a?dl=1\" target=\"_self\">Scarica la meditazione<\/a><\/div> [\/vc_column_text][\/vc_column_inner][vc_column_inner width=&#8221;1\/2&#8243;][vc_column_text]<style type=\"text\/css\">.thegem-button-6a9d7a2e6edab2131 .gem-button {font-size: 14px;}.thegem-button-6a9d7a2e6edab2131 .gem-button-text {font-size: 14px;}.thegem-button-6a9d7a2e6edab2131 .gem-button svg {fill: #FFFFFF;}<\/style><div class=\"gem-button-container gem-button-position-inline thegem-button-6a9d7a2e6edab2131    \"  ><a class=\"gem-button gem-button-size-small gem-button-style-flat gem-button-text-weight-normal\" data-ll-effect=\"drop-right-without-wrap\" style=\"border-radius: 3px;background-color: #FF5C00;color: #FFFFFF;\" onmouseleave=\"this.style.backgroundColor='#FF5C00';this.style.color='#FFFFFF';\" onmouseenter=\"\" href=\"https:\/\/www.dropbox.com\/s\/d8w57c1xe0h6v09\/210903-Omelie-PiccolaAraba-6.m4a?dl=0\" target=\"_self\">Ascolta la meditazione<\/a><\/div> [\/vc_column_text][\/vc_column_inner][\/vc_row_inner][vc_empty_space][vc_separator color=&#8221;orange&#8221;][\/vc_column][\/vc_row][vc_row][vc_column][vc_tta_accordion active_section=&#8221;&#8221; collapsible_all=&#8221;true&#8221;][vc_tta_section title=&#8221;Testo della meditazione&#8221; tab_id=&#8221;1621408508850-81a5e877-09ff&#8221;][vc_column_text]<\/p>\n<h2><a href=\"https:\/\/www.veritatemincaritate.com\/wp\/wp-content\/uploads\/2021\/10\/210903-La-piccola-Araba-parte-VI.pdf\" target=\"_blank\" rel=\"noopener\">Scarica il testo della meditazione<\/a><\/h2>\n<h1>La piccola araba, S. Maria di Ges\u00f9 Crocefisso: parte VI<\/h1>\n<p>Eccoci giunti a venerd\u00ec 3 settembre 2021. Oggi festeggiamo San Gregorio Magno, Papa e Dottore della Chiesa. Se non avete mai letto nulla di San Gregorio Magno, vi consiglio caldamente di leggerlo, perch\u00e9 \u00e8 stato un grandissimo Papa, un grandissimo Santo e ha scritto testi stupendi.<\/p>\n<p>Oggi \u00e8 il primo venerd\u00ec del mese, quindi ricordiamoci di offrire la Santa Messa, la Comunione spirituale o sacramentale o entrambe, tutte le azioni che faremo oggi, lo studio, il lavoro, tutto, per riparare le offese contro il Sacro Cuore di Ges\u00f9.<\/p>\n<p>\u00c8 da un po\u2019 che non ne parlo ma lo faccio oggi, mi auguro che un po\u2019 tutti abbiamo ormai confermato nella nostra vita una abitudine Santa, dopo avervela spiegata qualche mese fa, che \u00e8 quella dell\u2019appuntamento con Ges\u00f9 al gioved\u00ec sera, soprattutto il primo gioved\u00ec del mese, ma ogni gioved\u00ec sera alle ore 20.00.<\/p>\n<p>Era Don Tomaselli che ci ricordava questa richiesta di Ges\u00f9, l\u2019appuntamento col tuo Ges\u00f9, \u00e8 Ges\u00f9 che lo chiede. Stare col tuo Ges\u00f9 al gioved\u00ec sera alle ore 20.00, non alle 20.10, non alle 19.50, non alle 20.30 o 21.00, \u201cperch\u00e9 ho tante cose da fare\u201d, no, \u00e8 alle 20.00. Quando l\u2019aereo parte alle 20.00, alle 20.00 parte, punto; se tu arrivi alle 20.30 resti a casa. Lo stesso vale per il treno, uguale. Lo stesso vale per la metropolitana, lo stesso per un autobus. Alle 20.00.<\/p>\n<p>\u201cE ma io\u2026\u201d Mangia prima, mangia dopo\u2026 Oppure, come qualche volta rispondono gli stizzosi, secondo la logica di Genesi III, del serpente: \u201cE io cosa faccio, non mangio?\u201d Eh\u2026 non \u00e8 un peccato mortale. Forse i tuoi esami del sangue ti ringrazierebbero anche, e magari anche il giro vita dei tuoi pantaloni, magari anche la tua bilancia, pu\u00f2 darsi, e se non altro, come vedremo tra poco, certamente la tua anima, certamente la tua anima&#8230;<\/p>\n<p>Alle 20.00, Ges\u00f9 ci chiede questa bella pratica dello stare in Sua compagnia, per ringraziarlo del dono dell\u2019Eucarestia (che dire che \u00e8 un dono preziosissimo \u00e8 dire niente) e per riparare tutto il male che viene commesso contro l\u2019Eucarestia. Cos\u00ec, se ieri non lo abbiamo fatto, mettiamolo come proposito da adesso in poi.<\/p>\n<p>In questo primo venerd\u00ec del mese, promettiamo a Ges\u00f9 che, da adesso, ogni gioved\u00ec, alle ore 20.00, ci ritroveremo tutti spiritualmente uniti davanti a Ges\u00f9, perch\u00e9 non si pu\u00f2 mettere vino nuovo in otri vecchi e, fino a quando uno continua a bere vino vecchio, non desidera il nuovo. Fino a quando uno continua a bere la mentalit\u00e0 vecchia, lo stile vecchio, il gusto vecchio, non desiderer\u00e0 mai il nuovo, anzi, gli sar\u00e0 di tedio, di disgusto, di fastidio.<\/p>\n<p>Questo \u00e8 il Vangelo che abbiamo letto oggi, tratto dal capitolo V di San Luca, versetti 33-39.<span class=\"Apple-converted-space\">\u00a0<\/span><\/p>\n<p>Continuiamo a lasciarci condurre da questo bellissimo libro scritto da Brunot, <i>La Piccola Araba<\/i>, su Santa Maria d\u00ec Ges\u00f9 Crocifisso.<\/p>\n<p>Oggi volevo leggervi questo. Siamo a pagina 34:<\/p>\n<p><b>\u201cMariam riveler\u00e0 poi che durante questa profonda estasi, come gi\u00e0 nella tragica notte di Alessandria, si sente trasportata in Paradiso, nel Purgatorio e nell\u2019Inferno\u201d.<\/b><\/p>\n<p>Con buona pace di coloro che dicono che non esistono; sul Paradiso oramai non si fanno tante questioni, perch\u00e9 tanto non crea problemi a nessuno, sul Purgatorio dicono che sono storielle per poverini e l\u2019Inferno assolutamente non esiste e, se esiste, non c\u2019\u00e8 dentro nessuno, probabilmente neanche il diavolo, non c\u2019\u00e8 dentro neanche lui.<\/p>\n<p>Invece, lei \u00e8 stata trasportata, come tantissime altre Sante, Santa Teresa d\u2019Avila, Santa Faustina Kowalska\u2026, in Paradiso, in Purgatorio e nell\u2019Inferno.<\/p>\n<p>Riceve anche l\u2019ordine di digiunare per un anno a pane e acqua per un anno, in espiazione dei peccati di gola. Questo digiuno, tra l\u2019altro, le coster\u00e0 abbastanza caro, nel senso che i digiuni che fa la Piccola Araba sono veramente pesanti. Non so se voi avete l\u2019idea, se abbiamo l\u2019idea di cosa possa vagamente voler dire digiunare per un anno a pane e acqua.<\/p>\n<p>Noi stiamo male e ci arrampichiamo sui muri se facciamo il digiuno di un giorno e il giorno dopo che abbiamo digiunato, per esempio il sabato, ci mettiamo un chilo di biscotti <i>Pan di stelle<\/i> in tre litri di caffellatte.<\/p>\n<p>Voi direte: \u201cPadre Giorgio, che esagerato!\u201d. No, no, non \u00e8 iperbolica, ve lo assicuro, succedono queste cose, succedono\u2026per\u00f2 ieri ho digiunato\u2026 Ieri ho digiunato e il giorno dopo mi butto dentro anche io nel caffellatte, che vuol dire non aver capito niente del digiuno, ovviamente. Non \u00e8 questo il digiuno, non \u00e8 questo.<\/p>\n<p>Un anno a pane e acqua\u2026 Vuol dire che i peccati di gola sono una cosa seria, perch\u00e9 non \u00e8 che le fa fare questa cosa per i peccati contro la purezza, per i peccati contro la carit\u00e0, no, no, ma per i peccati di gola, che noi di norma non confessiamo mai e che, se andiamo a leggere Don Bosco, sono uno dei peccati che conducono maggiormente le anime all\u2019inferno, insieme a quelli dell\u2019impurit\u00e0.<span class=\"Apple-converted-space\">\u00a0<\/span><\/p>\n<p>Andate a leggere i sogni di Don Bosco!<\/p>\n<p>Siccome la nostra vita, di norma, gira attorno al cibo \u2014 cosa mangiamo, cosa beviamo e tutti i riti pseudo religiosi che facciamo attorno al nostro cibo, ci manca l\u2019incenso e poi abbiamo fatto tutto \u2014 forse sarebbe il caso che incominciassimo ad analizzarci un po\u2019 su questo vizio capitale della gola, che, se \u00e8 un vizio capitale, vuol dire che \u00e8 una cosa importante, che non \u00e8 cos\u00ec infrequente, come noi crediamo.<\/p>\n<p>E non pensiamo di dire: \u201cAh no, siccome io sono in dieta perenne, non faccio peccati di gola\u201d. No, no, no, perch\u00e9 la gola, cos\u00ec come il digiuno, non hanno niente a che vedere con la dieta, gi\u00e0 ve l\u2019ho detto. Dipende dal modo, dall\u2019intenzione, dal traporto, dal desiderio, dal gusto, dalla voglia con cui io mangio quella lattuga l\u00ec, dipende da questo, attenzione.<\/p>\n<p>\u201cNo, siccome io sono dimagrito trenta chili, allora con la gola sono a posto\u201d. No, no, no, non funziona cos\u00ec.<\/p>\n<p>La gola non \u00e8 la bilancia spirituale, la gola proprio rappresenta il modo con il quale io, non solo mi approccio al bere e al mangiare, ma gi\u00e0 il modo con il quale io penso al bere e al mangiare.<\/p>\n<p>Come faccio i peccati di impurit\u00e0, o conto la carit\u00e0, con il pensiero, cos\u00ec si fanno anche i peccati di gola col pensiero.<\/p>\n<p>Quando noi cominciamo a desiderare ardentemente di\u2026<\/p>\n<p>Quindi, un anno a pane ed acqua.<span class=\"Apple-converted-space\">\u00a0<\/span><\/p>\n<p>Adesso qui non l\u2019ho sotto gli occhi, ma mi ricordo bene che lei arriv\u00f2 quasi a morire, per quanto fu scarnificata da questo digiuno.<\/p>\n<p>Subito arrivano i razionalisti a dire: \u201cEcco, allora, perch\u00e9 Dio ha chiesto questo se poi non l\u2019ha sostenuta?\u201d<\/p>\n<p>\u00c8 per insegnare a te, \u00e8 per insegnare a me, che, il fatto che Dio chiede una cosa, non vuol dire che tu fisicamente non porti delle conseguenze, attenzione\u2026 Certo, ci sono anche delle conseguenze da portare, non \u00e8 che divento un super eroe, nel momento in cui faccio una cosa che mi chiede Dio; no, no, la faccio, e porto le conseguenze, esattamente come i martiri che lo fanno e muoiono. Quindi, anche su questo\u2026<\/p>\n<p>\u201cE poi di vestire il pi\u00f9 poveramente possibile, in espiazione dei peccati di immodestia e di vanit\u00e0\u201d. E qui, apriti cielo!<\/p>\n<p>Innanzitutto, vestire pi\u00f9 poveramente possibile non vuol dire andare in giro come gli sciattoni, come gli scappati di casa, non \u00e8 questo. La povert\u00e0 non \u00e8 mai la sciatteria, la povert\u00e0 \u00e8 il decoro.<\/p>\n<p>Che differenza c\u2019\u00e8 tra il vestire il pi\u00f9 poveramente possibile e i peccati di immodestia e di vanit\u00e0?<\/p>\n<p>Vabb\u00e8, di immodestia, \u00e8 il gioco del \u201cmostro e non mostro\u201d, del \u201cti faccio incuriosire di me\u201d, del \u201cmi rendo un po\u2019 accattivante\u201d, cos\u00ec tu mi guardi e voglio che mi guardi.<\/p>\n<p>La vanit\u00e0\u2026 Padre Pio scrive delle pagine bellissime sul peccato della vanit\u00e0 e dice che \u00e8 il peccato pi\u00f9 difficile in assoluto da estirpare, magari un giorno vi legger\u00f2 quelle pagine.<\/p>\n<p>La vanit\u00e0\u2026 Ci sono persone che, quando ad esempio si vestono bene, o comprano un paio di scarpe nuove, una camicia nuova, una cravatta nuova, una gonna nuova, un pantalone nuovo, un orologio nuovo\u2026, quando indossano queste cose, cambiamo addirittura il modo di camminare, cambiamo addirittura il modo di porsi.<span class=\"Apple-converted-space\">\u00a0<\/span><\/p>\n<p>Il termine migliore, che si pu\u00f2 usare in questo caso, \u00e8 \u201cposare\u201d, cio\u00e8 posano, non camminano\u2026 posano, non parlano\u2026 posano, non si avvicinano a te\u2026 posano, \u00e8 tutto un posare in funzione di quella cosa che stanno portando, cio\u00e8 camminano, si atteggiano, si dispongono verso gli altri in modo tale che gli altri debbano vedere, non lui o lei, ma quella cosa l\u00ec che portano addosso, \u00e8 terribile! Bruttissimo!<span class=\"Apple-converted-space\">\u00a0<\/span><\/p>\n<p>Da vedere \u00e8 bruttissimo, perch\u00e9 non \u00e8 che hai davanti una persona, hai davanti un pagliaccio di se stesso, hai davanti una maschera.<\/p>\n<p>Quella persona l\u00ec \u00e8 la stessa di quando poi, alla sera, va a letto mettendo su il suo pigiama con i Mini Pony e gli Unicorni. \u00c8 la stessa, eh\u2026<\/p>\n<p>Quella l\u00ec, che \u00e8 stata per un\u2019ora davanti allo specchio per agghindarsi, o quell\u2019altro che \u00e8 stato l\u00ec con il suo ciuffo a tirarselo non so quanto, o quell\u2019altro\u2026 \u2014 ognuno ha i suoi\u2014 \u00e8 la stessa persona che poi, dopo, al mattino, si sveglia e non sa neanche dove \u00e8, cio\u00e8 sono le stesse persone, che poi quando le vedi in casa loro, si salvi chi pu\u00f2.<span class=\"Apple-converted-space\">\u00a0<\/span><\/p>\n<p>Stiamo lontani dalla vanit\u00e0, da tutto ci\u00f2 che \u00e8 vanit\u00e0, da tutto ci\u00f2 che ci chiama a distinguerci dagli altri.<\/p>\n<p>Non nel senso che dobbiamo essere tutti uguali, ma nel senso proprio di far vedere che io ho questa cosa, sono questa cosa, porto addosso questa cosa, mi atteggio per questa cosa\u2026 ma \u00e8 triste, ovviamente.<\/p>\n<p>L\u2019importante \u00e8 essere puliti, essere in ordine, con vesti dignitose e decorose, poi il resto non conta granch\u00e9.<\/p>\n<p><b>\u201cIl vestire pi\u00f9 poveramente possibile in espiazione dei peccati di immodestia e di vanit\u00e0\u2026\u201d<\/b><\/p>\n<p>Quindi anche il coprirsi, che non vuol dire andare in giro con un telo sulla testa, questo \u00e8 evidente, ma anche l\u00ec vuol dire essere decorosi, vuol dire avere rispetto del proprio corpo e allo stesso tempo non voler essere di inciampo, che vuol dire di scandalo per nessuno, per nessuno\u2026<\/p>\n<p>Ecco, allora, chiediamo oggi alla Piccola Araba questa grazia.<\/p>\n<p>Perdonatemi, vi rubo ancora qualche minuto, perch\u00e9 c\u2019\u00e8 una cosa che volevo dirvi anche.<\/p>\n<p>Uno si dice: \u201cMa perch\u00e9 la Piccola Araba, perch\u00e9 i Santi che abbiamo letto fino ad adesso o che leggeremo, perch\u00e9 tutto questo parlare di santi?\u201d Perch\u00e9 noi vogliamo essere, come Santa Teresa d\u2019Avila, \u201ccorsari dell\u2019invisibile e avventurieri dell\u2019estasi\u201d. <span class=\"Apple-converted-space\">\u00a0<\/span><\/p>\n<p>Questa \u00e8 una bellissima espressione che cita questo autore, Brunot, in questo libro, a pagina 45: \u201cla corsara dell\u2019invisibile e l\u2019avventuriera dell\u2019estasi\u201d.<\/p>\n<p>Gi\u00e0 ve lo dissi, penso, a me piace molto questa espressione, anche noi vogliamo essere cos\u00ec\u2026 Riflettete bene su cos\u2019\u00e8 un corsaro e cos\u2019\u00e8 un avventuriero dell\u2019invisibile e dell\u2019estasi\u2026 \u201cSono coloro che assaporano\u201d, scrive lui, \u201cl\u2019ebrezza spirituale e trasmettono agli altri il gusto di questa ebrezza\u201d.<\/p>\n<p>Io spero che queste omelie, queste meditazioni, chiamatele come volete, vi possano almeno un pochino fare assaporare l\u2019ebrezza dello spirito, la bellezza della spiritualit\u00e0 e vi facciano sentire il gusto, chiss\u00e0\u2026 mi auguro di riuscire a trasmettervi il gusto bellissimo di Ges\u00f9, dello stare con Ges\u00f9, del lasciarsi condurre da Maria Vergine, del lasciarsi portare, proteggere, istruire, correggere, liberare, da Maria Vergine.<\/p>\n<p>Il Cardinale Sevin, Arcivescovo di Lione, riferendosi a Suor Maria di Ges\u00f9 Crocifisso, scrisse cos\u00ec, il 6 dicembre 1915: \u201cPerch\u00e9 Dio ha suscitato fra noi questa grande anima?\u201d<span class=\"Apple-converted-space\">\u00a0<\/span><\/p>\n<p>E perch\u00e9 noi ne parliamo? \u2014 aggiungo io \u2014 Perch\u00e9 io ve ne sto parlando?<\/p>\n<p>Perch\u00e9 sono carmelitano? No, vi prego, no, non chiudetemi in questa banalit\u00e0, perch\u00e9 come sapete io vi ho parlato dei Santi carmelitani ma anche di tantissimi altri Santi, quindi non \u00e8 che io devo portare avanti la politica dell\u2019azienda, assolutamente, noi dobbiamo lavorare ad ampio spettro.<\/p>\n<p>Quindi: \u201cPerch\u00e9 Dio a suscitato fra noi questa grande anima?\u201d<\/p>\n<p>Sentite la risposta dell\u2019Arcivescovo di Lione: \u201cAnzitutto per opporre alle nostre vite laicizzate una vita (siamo nel 1915) veramente soprannaturale e tale che neppure il deserto ne ha conosciute di altrettanto sorprendenti (i Padri del deserto). Essa \u00e8 e rimarr\u00e0 unica negli annali della santit\u00e0 cristiana\u201d.<\/p>\n<p><b>\u201cPer opporre alle nostre vite laicizzate una vita veramente soprannaturale\u2026\u201d<\/b><\/p>\n<p>Noi abbiamo bisogno di vite veramente soprannaturali, non di vite che corrono dietro alle stupidaggini, ma che ci insegnino veramente che cos\u2019\u00e8 il mondo soprannaturale, che cos\u2019\u00e8 la vita soprannaturale, che cosa vuole dire essere corsari dell\u2019invisibile, che cosa vuol dire essere avventurieri dell\u2019estasi.<\/p>\n<p>Una vita cos\u00ec veramente soprannaturale che neanche i Padri del deserto l\u2019hanno conosciuta, e che, voglio dire, non \u00e8 poca cosa.<\/p>\n<p>Per questo noi leggiamo questa Santa, ma in generale tutti i Santi, tutti i Padri, perch\u00e9 le nostre vite laicizzate, che vuol dire mondane, carnali, superficiali, banali, grette, chiuse, e chi pi\u00f9 ne ha pi\u00f9 ne metta, si oppongano ad una vita altra, quella che abbiamo chiamato tempo fa dei \u201cmistici della luna\u201d, di coloro che contemplano il lato oscuro della luna, quello che non vede nessuno, quello che sporge sull\u2019Eterno.<\/p>\n<p><i>Benedicat vos omnipotens Deus, Pater, et Filius, et Spiritus Sanctus. Amen.<span class=\"Apple-converted-space\">\u00a0<\/span><\/i><\/p>\n<p><i>Dio ci benedica e la Vergine ci protegga.<span class=\"Apple-converted-space\">\u00a0<\/span><\/i><\/p>\n<p><i>Sia lodato Ges\u00f9 Cristo, sempre sia lodato.<\/i><\/p>\n<p>&nbsp;<\/p>\n<p>[\/vc_column_text][\/vc_tta_section][vc_tta_section title=&#8221;Letture del giorno&#8221; tab_id=&#8221;1633505133445-690389ee-bdae&#8221;][vc_column_text]<strong>VANGELO<\/strong> <em>(Lc 5, 33-39)<\/em><\/p>\n<p>In quel tempo, i farisei e i loro scribi dissero a Ges\u00f9: \u00abI discepoli di Giovanni digiunano spesso e fanno preghiere, cos\u00ec pure i discepoli dei farisei; i tuoi invece mangiano e bevono!\u00bb.<br \/>\nGes\u00f9 rispose loro: \u00abPotete forse far digiunare gli invitati a nozze quando lo sposo \u00e8 con loro? Ma verranno giorni quando lo sposo sar\u00e0 loro tolto: allora in quei giorni digiuneranno\u00bb.<br \/>\nDiceva loro anche una parabola: \u00abNessuno strappa un pezzo da un vestito nuovo per metterlo su un vestito vecchio; altrimenti il nuovo lo strappa e al vecchio non si adatta il pezzo preso dal nuovo. E nessuno versa vino nuovo in otri vecchi; altrimenti il vino nuovo spaccher\u00e0 gli otri, si spander\u00e0 e gli otri andranno perduti. Il vino nuovo bisogna versarlo in otri nuovi. Nessuno poi che beve il vino vecchio desidera il nuovo, perch\u00e9 dice: &#8220;Il vecchio \u00e8 gradevole!&#8221;\u00bb.[\/vc_column_text][\/vc_tta_section][\/vc_tta_accordion][\/vc_column][\/vc_row]<\/p>\n<\/div>","protected":false},"excerpt":{"rendered":"<p>[vc_row][vc_column][vc_column_text] Meditazione Pubblichiamo l\u2019audio di una meditazione di venerd\u00ec 3 settembre 2021 Predicatore: p. Giorgio Maria Far\u00e9, OCD [\/vc_column_text][vc_column_text] Ascolta&#8230;<\/p>\n","protected":false},"author":4,"featured_media":20660,"comment_status":"closed","ping_status":"closed","sticky":false,"template":"","format":"standard","meta":{"footnotes":""},"categories":[15],"tags":[8258,17,1013,8500],"class_list":{"0":"post-20683","1":"post","2":"type-post","3":"status-publish","4":"format-standard","5":"has-post-thumbnail","7":"category-omelie","8":"tag-meditazioni","9":"tag-p-giorgio-maria-fare","10":"tag-piccola-araba","11":"tag-s-maria-di-gesu-crocefisso"},"yoast_head":"<!-- This site is optimized with the Yoast SEO plugin v28.2 - https:\/\/yoast.com\/product\/yoast-seo-wordpress\/ -->\n<title>La piccola araba, S. Maria di Ges\u00f9 Crocefisso: parte VI - Veritatemincaritate<\/title>\n<meta name=\"robots\" content=\"index, follow, max-snippet:-1, max-image-preview:large, max-video-preview:-1\" \/>\n<link rel=\"canonical\" href=\"https:\/\/www.veritatemincaritate.com\/wp\/2021\/09\/la-piccola-araba-s-maria-di-gesu-crocefisso-parte-vi\/\" \/>\n<meta property=\"og:locale\" content=\"it_IT\" \/>\n<meta property=\"og:type\" content=\"article\" \/>\n<meta property=\"og:title\" content=\"La piccola araba, S. Maria di Ges\u00f9 Crocefisso: parte VI - Veritatemincaritate\" \/>\n<meta property=\"og:description\" content=\"[vc_row][vc_column][vc_column_text] Meditazione Pubblichiamo l\u2019audio di una meditazione di venerd\u00ec 3 settembre 2021 Predicatore: p. Giorgio Maria Far\u00e9, OCD [\/vc_column_text][vc_column_text] Ascolta...\" \/>\n<meta property=\"og:url\" content=\"https:\/\/www.veritatemincaritate.com\/wp\/2021\/09\/la-piccola-araba-s-maria-di-gesu-crocefisso-parte-vi\/\" \/>\n<meta property=\"og:site_name\" content=\"Veritatemincaritate\" \/>\n<meta property=\"article:publisher\" content=\"https:\/\/www.facebook.com\/pgiorgiomariafare\" \/>\n<meta property=\"article:published_time\" content=\"2021-09-03T01:15:26+00:00\" \/>\n<meta property=\"article:modified_time\" content=\"2021-10-06T07:30:07+00:00\" \/>\n<meta property=\"og:image\" content=\"https:\/\/www.veritatemincaritate.com\/wp\/wp-content\/uploads\/2021\/08\/Piccola-Araba_6.jpg\" \/>\n\t<meta property=\"og:image:width\" content=\"600\" \/>\n\t<meta property=\"og:image:height\" content=\"400\" \/>\n\t<meta property=\"og:image:type\" content=\"image\/jpeg\" \/>\n<meta name=\"author\" content=\"Is551011\" \/>\n<meta name=\"twitter:card\" content=\"summary_large_image\" \/>\n<meta name=\"twitter:label1\" content=\"Scritto da\" \/>\n\t<meta name=\"twitter:data1\" content=\"Is551011\" \/>\n\t<meta name=\"twitter:label2\" content=\"Tempo di lettura stimato\" \/>\n\t<meta name=\"twitter:data2\" content=\"11 minuti\" \/>\n<script type=\"application\/ld+json\" class=\"yoast-schema-graph\">{\"@context\":\"https:\\\/\\\/schema.org\",\"@graph\":[{\"@type\":\"Article\",\"@id\":\"https:\\\/\\\/www.veritatemincaritate.com\\\/wp\\\/2021\\\/09\\\/la-piccola-araba-s-maria-di-gesu-crocefisso-parte-vi\\\/#article\",\"isPartOf\":{\"@id\":\"https:\\\/\\\/www.veritatemincaritate.com\\\/wp\\\/2021\\\/09\\\/la-piccola-araba-s-maria-di-gesu-crocefisso-parte-vi\\\/\"},\"author\":{\"name\":\"Is551011\",\"@id\":\"https:\\\/\\\/www.veritatemincaritate.com\\\/wp\\\/#\\\/schema\\\/person\\\/ae324896700d097ddc6db39f45894b80\"},\"headline\":\"La piccola araba, S. Maria di Ges\u00f9 Crocefisso: parte VI\",\"datePublished\":\"2021-09-03T01:15:26+00:00\",\"dateModified\":\"2021-10-06T07:30:07+00:00\",\"mainEntityOfPage\":{\"@id\":\"https:\\\/\\\/www.veritatemincaritate.com\\\/wp\\\/2021\\\/09\\\/la-piccola-araba-s-maria-di-gesu-crocefisso-parte-vi\\\/\"},\"wordCount\":2623,\"publisher\":{\"@id\":\"https:\\\/\\\/www.veritatemincaritate.com\\\/wp\\\/#organization\"},\"image\":{\"@id\":\"https:\\\/\\\/www.veritatemincaritate.com\\\/wp\\\/2021\\\/09\\\/la-piccola-araba-s-maria-di-gesu-crocefisso-parte-vi\\\/#primaryimage\"},\"thumbnailUrl\":\"https:\\\/\\\/www.veritatemincaritate.com\\\/wp\\\/wp-content\\\/uploads\\\/2021\\\/08\\\/Piccola-Araba_6.jpg\",\"keywords\":[\"meditazioni\",\"p. Giorgio Maria Far\u00e9\",\"piccola araba\",\"S. Maria di Ges\u00f9 Crocefisso\"],\"articleSection\":[\"Omelie\"],\"inLanguage\":\"it-IT\"},{\"@type\":\"WebPage\",\"@id\":\"https:\\\/\\\/www.veritatemincaritate.com\\\/wp\\\/2021\\\/09\\\/la-piccola-araba-s-maria-di-gesu-crocefisso-parte-vi\\\/\",\"url\":\"https:\\\/\\\/www.veritatemincaritate.com\\\/wp\\\/2021\\\/09\\\/la-piccola-araba-s-maria-di-gesu-crocefisso-parte-vi\\\/\",\"name\":\"La piccola araba, S. Maria di Ges\u00f9 Crocefisso: parte VI - Veritatemincaritate\",\"isPartOf\":{\"@id\":\"https:\\\/\\\/www.veritatemincaritate.com\\\/wp\\\/#website\"},\"primaryImageOfPage\":{\"@id\":\"https:\\\/\\\/www.veritatemincaritate.com\\\/wp\\\/2021\\\/09\\\/la-piccola-araba-s-maria-di-gesu-crocefisso-parte-vi\\\/#primaryimage\"},\"image\":{\"@id\":\"https:\\\/\\\/www.veritatemincaritate.com\\\/wp\\\/2021\\\/09\\\/la-piccola-araba-s-maria-di-gesu-crocefisso-parte-vi\\\/#primaryimage\"},\"thumbnailUrl\":\"https:\\\/\\\/www.veritatemincaritate.com\\\/wp\\\/wp-content\\\/uploads\\\/2021\\\/08\\\/Piccola-Araba_6.jpg\",\"datePublished\":\"2021-09-03T01:15:26+00:00\",\"dateModified\":\"2021-10-06T07:30:07+00:00\",\"breadcrumb\":{\"@id\":\"https:\\\/\\\/www.veritatemincaritate.com\\\/wp\\\/2021\\\/09\\\/la-piccola-araba-s-maria-di-gesu-crocefisso-parte-vi\\\/#breadcrumb\"},\"inLanguage\":\"it-IT\",\"potentialAction\":[{\"@type\":\"ReadAction\",\"target\":[\"https:\\\/\\\/www.veritatemincaritate.com\\\/wp\\\/2021\\\/09\\\/la-piccola-araba-s-maria-di-gesu-crocefisso-parte-vi\\\/\"]}]},{\"@type\":\"ImageObject\",\"inLanguage\":\"it-IT\",\"@id\":\"https:\\\/\\\/www.veritatemincaritate.com\\\/wp\\\/2021\\\/09\\\/la-piccola-araba-s-maria-di-gesu-crocefisso-parte-vi\\\/#primaryimage\",\"url\":\"https:\\\/\\\/www.veritatemincaritate.com\\\/wp\\\/wp-content\\\/uploads\\\/2021\\\/08\\\/Piccola-Araba_6.jpg\",\"contentUrl\":\"https:\\\/\\\/www.veritatemincaritate.com\\\/wp\\\/wp-content\\\/uploads\\\/2021\\\/08\\\/Piccola-Araba_6.jpg\",\"width\":600,\"height\":400},{\"@type\":\"BreadcrumbList\",\"@id\":\"https:\\\/\\\/www.veritatemincaritate.com\\\/wp\\\/2021\\\/09\\\/la-piccola-araba-s-maria-di-gesu-crocefisso-parte-vi\\\/#breadcrumb\",\"itemListElement\":[{\"@type\":\"ListItem\",\"position\":1,\"name\":\"Home\",\"item\":\"https:\\\/\\\/www.veritatemincaritate.com\\\/wp\\\/\"},{\"@type\":\"ListItem\",\"position\":2,\"name\":\"La piccola araba, S. Maria di Ges\u00f9 Crocefisso: parte VI\"}]},{\"@type\":\"WebSite\",\"@id\":\"https:\\\/\\\/www.veritatemincaritate.com\\\/wp\\\/#website\",\"url\":\"https:\\\/\\\/www.veritatemincaritate.com\\\/wp\\\/\",\"name\":\"Veritatemincaritate\",\"description\":\"Agendo secondo verit\u00e0 nella carit\u00e0, cerchiamo di crescere in ogni cosa tendendo a lui, che \u00e8 il capo, Cristo\",\"publisher\":{\"@id\":\"https:\\\/\\\/www.veritatemincaritate.com\\\/wp\\\/#organization\"},\"potentialAction\":[{\"@type\":\"SearchAction\",\"target\":{\"@type\":\"EntryPoint\",\"urlTemplate\":\"https:\\\/\\\/www.veritatemincaritate.com\\\/wp\\\/?s={search_term_string}\"},\"query-input\":{\"@type\":\"PropertyValueSpecification\",\"valueRequired\":true,\"valueName\":\"search_term_string\"}}],\"inLanguage\":\"it-IT\"},{\"@type\":\"Organization\",\"@id\":\"https:\\\/\\\/www.veritatemincaritate.com\\\/wp\\\/#organization\",\"name\":\"Veritatem facientes in Caritate\",\"url\":\"https:\\\/\\\/www.veritatemincaritate.com\\\/wp\\\/\",\"logo\":{\"@type\":\"ImageObject\",\"inLanguage\":\"it-IT\",\"@id\":\"https:\\\/\\\/www.veritatemincaritate.com\\\/wp\\\/#\\\/schema\\\/logo\\\/image\\\/\",\"url\":\"https:\\\/\\\/www.veritatemincaritate.com\\\/wp\\\/wp-content\\\/uploads\\\/2020\\\/07\\\/Logo-VIC-per-canale-Youtube.jpg\",\"contentUrl\":\"https:\\\/\\\/www.veritatemincaritate.com\\\/wp\\\/wp-content\\\/uploads\\\/2020\\\/07\\\/Logo-VIC-per-canale-Youtube.jpg\",\"width\":720,\"height\":720,\"caption\":\"Veritatem facientes in Caritate\"},\"image\":{\"@id\":\"https:\\\/\\\/www.veritatemincaritate.com\\\/wp\\\/#\\\/schema\\\/logo\\\/image\\\/\"},\"sameAs\":[\"https:\\\/\\\/www.facebook.com\\\/pgiorgiomariafare\",\"https:\\\/\\\/instagram.com\\\/padre_giorgio_maria_fare?igshid=1p8wsw6b3edkc\",\"https:\\\/\\\/www.youtube.com\\\/channel\\\/UCFqjpT1nX60rx3m_SELg3lA\"]},{\"@type\":\"Person\",\"@id\":\"https:\\\/\\\/www.veritatemincaritate.com\\\/wp\\\/#\\\/schema\\\/person\\\/ae324896700d097ddc6db39f45894b80\",\"name\":\"Is551011\",\"image\":{\"@type\":\"ImageObject\",\"inLanguage\":\"it-IT\",\"@id\":\"https:\\\/\\\/secure.gravatar.com\\\/avatar\\\/c031fff76d6f121d3530ae43ac8407bd6ac4d5c3c8a89c237d6990047f9a6307?s=96&d=mm&r=g\",\"url\":\"https:\\\/\\\/secure.gravatar.com\\\/avatar\\\/c031fff76d6f121d3530ae43ac8407bd6ac4d5c3c8a89c237d6990047f9a6307?s=96&d=mm&r=g\",\"contentUrl\":\"https:\\\/\\\/secure.gravatar.com\\\/avatar\\\/c031fff76d6f121d3530ae43ac8407bd6ac4d5c3c8a89c237d6990047f9a6307?s=96&d=mm&r=g\",\"caption\":\"Is551011\"}}]}<\/script>\n<!-- \/ Yoast SEO plugin. -->","yoast_head_json":{"title":"La piccola araba, S. Maria di Ges\u00f9 Crocefisso: parte VI - Veritatemincaritate","robots":{"index":"index","follow":"follow","max-snippet":"max-snippet:-1","max-image-preview":"max-image-preview:large","max-video-preview":"max-video-preview:-1"},"canonical":"https:\/\/www.veritatemincaritate.com\/wp\/2021\/09\/la-piccola-araba-s-maria-di-gesu-crocefisso-parte-vi\/","og_locale":"it_IT","og_type":"article","og_title":"La piccola araba, S. Maria di Ges\u00f9 Crocefisso: parte VI - Veritatemincaritate","og_description":"[vc_row][vc_column][vc_column_text] Meditazione Pubblichiamo l\u2019audio di una meditazione di venerd\u00ec 3 settembre 2021 Predicatore: p. Giorgio Maria Far\u00e9, OCD [\/vc_column_text][vc_column_text] Ascolta...","og_url":"https:\/\/www.veritatemincaritate.com\/wp\/2021\/09\/la-piccola-araba-s-maria-di-gesu-crocefisso-parte-vi\/","og_site_name":"Veritatemincaritate","article_publisher":"https:\/\/www.facebook.com\/pgiorgiomariafare","article_published_time":"2021-09-03T01:15:26+00:00","article_modified_time":"2021-10-06T07:30:07+00:00","og_image":[{"width":600,"height":400,"url":"https:\/\/www.veritatemincaritate.com\/wp\/wp-content\/uploads\/2021\/08\/Piccola-Araba_6.jpg","type":"image\/jpeg"}],"author":"Is551011","twitter_card":"summary_large_image","twitter_misc":{"Scritto da":"Is551011","Tempo di lettura stimato":"11 minuti"},"schema":{"@context":"https:\/\/schema.org","@graph":[{"@type":"Article","@id":"https:\/\/www.veritatemincaritate.com\/wp\/2021\/09\/la-piccola-araba-s-maria-di-gesu-crocefisso-parte-vi\/#article","isPartOf":{"@id":"https:\/\/www.veritatemincaritate.com\/wp\/2021\/09\/la-piccola-araba-s-maria-di-gesu-crocefisso-parte-vi\/"},"author":{"name":"Is551011","@id":"https:\/\/www.veritatemincaritate.com\/wp\/#\/schema\/person\/ae324896700d097ddc6db39f45894b80"},"headline":"La piccola araba, S. Maria di Ges\u00f9 Crocefisso: parte VI","datePublished":"2021-09-03T01:15:26+00:00","dateModified":"2021-10-06T07:30:07+00:00","mainEntityOfPage":{"@id":"https:\/\/www.veritatemincaritate.com\/wp\/2021\/09\/la-piccola-araba-s-maria-di-gesu-crocefisso-parte-vi\/"},"wordCount":2623,"publisher":{"@id":"https:\/\/www.veritatemincaritate.com\/wp\/#organization"},"image":{"@id":"https:\/\/www.veritatemincaritate.com\/wp\/2021\/09\/la-piccola-araba-s-maria-di-gesu-crocefisso-parte-vi\/#primaryimage"},"thumbnailUrl":"https:\/\/www.veritatemincaritate.com\/wp\/wp-content\/uploads\/2021\/08\/Piccola-Araba_6.jpg","keywords":["meditazioni","p. Giorgio Maria Far\u00e9","piccola araba","S. Maria di Ges\u00f9 Crocefisso"],"articleSection":["Omelie"],"inLanguage":"it-IT"},{"@type":"WebPage","@id":"https:\/\/www.veritatemincaritate.com\/wp\/2021\/09\/la-piccola-araba-s-maria-di-gesu-crocefisso-parte-vi\/","url":"https:\/\/www.veritatemincaritate.com\/wp\/2021\/09\/la-piccola-araba-s-maria-di-gesu-crocefisso-parte-vi\/","name":"La piccola araba, S. Maria di Ges\u00f9 Crocefisso: parte VI - Veritatemincaritate","isPartOf":{"@id":"https:\/\/www.veritatemincaritate.com\/wp\/#website"},"primaryImageOfPage":{"@id":"https:\/\/www.veritatemincaritate.com\/wp\/2021\/09\/la-piccola-araba-s-maria-di-gesu-crocefisso-parte-vi\/#primaryimage"},"image":{"@id":"https:\/\/www.veritatemincaritate.com\/wp\/2021\/09\/la-piccola-araba-s-maria-di-gesu-crocefisso-parte-vi\/#primaryimage"},"thumbnailUrl":"https:\/\/www.veritatemincaritate.com\/wp\/wp-content\/uploads\/2021\/08\/Piccola-Araba_6.jpg","datePublished":"2021-09-03T01:15:26+00:00","dateModified":"2021-10-06T07:30:07+00:00","breadcrumb":{"@id":"https:\/\/www.veritatemincaritate.com\/wp\/2021\/09\/la-piccola-araba-s-maria-di-gesu-crocefisso-parte-vi\/#breadcrumb"},"inLanguage":"it-IT","potentialAction":[{"@type":"ReadAction","target":["https:\/\/www.veritatemincaritate.com\/wp\/2021\/09\/la-piccola-araba-s-maria-di-gesu-crocefisso-parte-vi\/"]}]},{"@type":"ImageObject","inLanguage":"it-IT","@id":"https:\/\/www.veritatemincaritate.com\/wp\/2021\/09\/la-piccola-araba-s-maria-di-gesu-crocefisso-parte-vi\/#primaryimage","url":"https:\/\/www.veritatemincaritate.com\/wp\/wp-content\/uploads\/2021\/08\/Piccola-Araba_6.jpg","contentUrl":"https:\/\/www.veritatemincaritate.com\/wp\/wp-content\/uploads\/2021\/08\/Piccola-Araba_6.jpg","width":600,"height":400},{"@type":"BreadcrumbList","@id":"https:\/\/www.veritatemincaritate.com\/wp\/2021\/09\/la-piccola-araba-s-maria-di-gesu-crocefisso-parte-vi\/#breadcrumb","itemListElement":[{"@type":"ListItem","position":1,"name":"Home","item":"https:\/\/www.veritatemincaritate.com\/wp\/"},{"@type":"ListItem","position":2,"name":"La piccola araba, S. Maria di Ges\u00f9 Crocefisso: parte VI"}]},{"@type":"WebSite","@id":"https:\/\/www.veritatemincaritate.com\/wp\/#website","url":"https:\/\/www.veritatemincaritate.com\/wp\/","name":"Veritatemincaritate","description":"Agendo secondo verit\u00e0 nella carit\u00e0, cerchiamo di crescere in ogni cosa tendendo a lui, che \u00e8 il capo, Cristo","publisher":{"@id":"https:\/\/www.veritatemincaritate.com\/wp\/#organization"},"potentialAction":[{"@type":"SearchAction","target":{"@type":"EntryPoint","urlTemplate":"https:\/\/www.veritatemincaritate.com\/wp\/?s={search_term_string}"},"query-input":{"@type":"PropertyValueSpecification","valueRequired":true,"valueName":"search_term_string"}}],"inLanguage":"it-IT"},{"@type":"Organization","@id":"https:\/\/www.veritatemincaritate.com\/wp\/#organization","name":"Veritatem facientes in Caritate","url":"https:\/\/www.veritatemincaritate.com\/wp\/","logo":{"@type":"ImageObject","inLanguage":"it-IT","@id":"https:\/\/www.veritatemincaritate.com\/wp\/#\/schema\/logo\/image\/","url":"https:\/\/www.veritatemincaritate.com\/wp\/wp-content\/uploads\/2020\/07\/Logo-VIC-per-canale-Youtube.jpg","contentUrl":"https:\/\/www.veritatemincaritate.com\/wp\/wp-content\/uploads\/2020\/07\/Logo-VIC-per-canale-Youtube.jpg","width":720,"height":720,"caption":"Veritatem facientes in Caritate"},"image":{"@id":"https:\/\/www.veritatemincaritate.com\/wp\/#\/schema\/logo\/image\/"},"sameAs":["https:\/\/www.facebook.com\/pgiorgiomariafare","https:\/\/instagram.com\/padre_giorgio_maria_fare?igshid=1p8wsw6b3edkc","https:\/\/www.youtube.com\/channel\/UCFqjpT1nX60rx3m_SELg3lA"]},{"@type":"Person","@id":"https:\/\/www.veritatemincaritate.com\/wp\/#\/schema\/person\/ae324896700d097ddc6db39f45894b80","name":"Is551011","image":{"@type":"ImageObject","inLanguage":"it-IT","@id":"https:\/\/secure.gravatar.com\/avatar\/c031fff76d6f121d3530ae43ac8407bd6ac4d5c3c8a89c237d6990047f9a6307?s=96&d=mm&r=g","url":"https:\/\/secure.gravatar.com\/avatar\/c031fff76d6f121d3530ae43ac8407bd6ac4d5c3c8a89c237d6990047f9a6307?s=96&d=mm&r=g","contentUrl":"https:\/\/secure.gravatar.com\/avatar\/c031fff76d6f121d3530ae43ac8407bd6ac4d5c3c8a89c237d6990047f9a6307?s=96&d=mm&r=g","caption":"Is551011"}}]}},"menu_order":0,"_links":{"self":[{"href":"https:\/\/www.veritatemincaritate.com\/wp\/wp-json\/wp\/v2\/posts\/20683","targetHints":{"allow":["GET"]}}],"collection":[{"href":"https:\/\/www.veritatemincaritate.com\/wp\/wp-json\/wp\/v2\/posts"}],"about":[{"href":"https:\/\/www.veritatemincaritate.com\/wp\/wp-json\/wp\/v2\/types\/post"}],"author":[{"embeddable":true,"href":"https:\/\/www.veritatemincaritate.com\/wp\/wp-json\/wp\/v2\/users\/4"}],"replies":[{"embeddable":true,"href":"https:\/\/www.veritatemincaritate.com\/wp\/wp-json\/wp\/v2\/comments?post=20683"}],"version-history":[{"count":0,"href":"https:\/\/www.veritatemincaritate.com\/wp\/wp-json\/wp\/v2\/posts\/20683\/revisions"}],"wp:featuredmedia":[{"embeddable":true,"href":"https:\/\/www.veritatemincaritate.com\/wp\/wp-json\/wp\/v2\/media\/20660"}],"wp:attachment":[{"href":"https:\/\/www.veritatemincaritate.com\/wp\/wp-json\/wp\/v2\/media?parent=20683"}],"wp:term":[{"taxonomy":"category","embeddable":true,"href":"https:\/\/www.veritatemincaritate.com\/wp\/wp-json\/wp\/v2\/categories?post=20683"},{"taxonomy":"post_tag","embeddable":true,"href":"https:\/\/www.veritatemincaritate.com\/wp\/wp-json\/wp\/v2\/tags?post=20683"}],"curies":[{"name":"wp","href":"https:\/\/api.w.org\/{rel}","templated":true}]}}