{"id":20820,"date":"2016-09-02T05:53:24","date_gmt":"2016-09-02T03:53:24","guid":{"rendered":"https:\/\/www.veritatemincaritate.com\/?p=20820"},"modified":"2023-08-31T09:53:49","modified_gmt":"2023-08-31T07:53:49","slug":"orazione-a-gesu-bambino-di-praga","status":"publish","type":"post","link":"https:\/\/www.veritatemincaritate.com\/wp\/2016\/09\/orazione-a-gesu-bambino-di-praga\/","title":{"rendered":"Orazione a Ges\u00f9 Bambino di Praga"},"content":{"rendered":"<div class=\"wpb-content-wrapper\"><p>[vc_row][vc_column][vc_empty_space][vc_column_text]<em>Orazione rivelata da Maria Santissima al V.P. Cirillo della Madre di Dio Carmelitano Scalzo e primo apostolo della devozione al Santo Bambino di Praga.<\/em>[\/vc_column_text][vc_separator color=&#8221;juicy_pink&#8221;][\/vc_column][\/vc_row][vc_row][vc_column][vc_column_text]O Bambino Ges\u00f9, io ricorro a Voi e Vi prego che per l&#8217;intercessione della vostra Santa Madre, vogliate assistermi in questa mia necessit\u00e0 (si pu\u00f2 esporla), perch\u00e9 credo fermamente che la vostra Divinit\u00e0 mi pu\u00f2 soccorrere. Spero con tanta fiducia di ottenere la vostra santa grazia. Vi amo con tutto il mio cuore e con tutte le forze dell&#8217;anima mia; mi pento sinceramente dei miei peccati e Vi supplico, o buon Ges\u00f9, a darmi la forza di trionfarne. Propongo di non pi\u00f9 offendervi e a Voi mi offro disposto a tutto soffrire, anzich\u00e9 darvi il minimo disgusto. D&#8217;ora innanzi voglio servirvi con ogni fedelt\u00e0 e, per amor vostro, o Divin Bambino, io amer\u00f2 il mio prossimo come me stesso. Pargoletto onnipotente, Signore Ges\u00f9, io di nuovo Ve ne scongiuro, assistetemi in questa circostanza&#8230; Fatemi la grazia di possedervi eternamente con Maria e Giuseppe e di adorarvi con gli Angeli santi nella Corte del Cielo. Cos\u00ec sia.[\/vc_column_text][\/vc_column][\/vc_row]<\/p>\n<\/div>","protected":false},"excerpt":{"rendered":"<p>[vc_row][vc_column][vc_empty_space][vc_column_text]Orazione rivelata da Maria Santissima al V.P. Cirillo della Madre di Dio Carmelitano Scalzo e primo apostolo della devozione al&#8230;<\/p>\n","protected":false},"author":4,"featured_media":20821,"comment_status":"closed","ping_status":"closed","sticky":false,"template":"","format":"standard","meta":{"footnotes":""},"categories":[21],"tags":[743,8505,9165,9166],"class_list":{"0":"post-20820","1":"post","2":"type-post","3":"status-publish","4":"format-standard","5":"has-post-thumbnail","7":"category-devozione","8":"tag-devozioni","9":"tag-gesu-bambino-di-praga","10":"tag-orazione-a-gesu-bambino-di-praga","11":"tag-preghiera-a-gesu-bambino-di-praga"},"yoast_head":"<!-- This site is optimized with the Yoast SEO plugin v27.5 - https:\/\/yoast.com\/product\/yoast-seo-wordpress\/ -->\n<title>Orazione a Ges\u00f9 Bambino di Praga - Veritatemincaritate<\/title>\n<meta name=\"description\" content=\"Orazione a Ges\u00f9 Bambino di Praga rivelata da Maria Santissima al V.P. Cirillo della Madre di Dio Carmelitano Scalzo.\" \/>\n<meta name=\"robots\" content=\"index, follow, max-snippet:-1, max-image-preview:large, max-video-preview:-1\" \/>\n<link rel=\"canonical\" href=\"https:\/\/www.veritatemincaritate.com\/wp\/2016\/09\/orazione-a-gesu-bambino-di-praga\/\" \/>\n<meta property=\"og:locale\" content=\"it_IT\" \/>\n<meta property=\"og:type\" content=\"article\" \/>\n<meta property=\"og:title\" content=\"Orazione a Ges\u00f9 Bambino di Praga\" \/>\n<meta property=\"og:description\" content=\"Orazione a Ges\u00f9 Bambino di Praga\" \/>\n<meta property=\"og:url\" content=\"https:\/\/www.veritatemincaritate.com\/wp\/2016\/09\/orazione-a-gesu-bambino-di-praga\/\" \/>\n<meta property=\"og:site_name\" content=\"Veritatemincaritate\" \/>\n<meta property=\"article:publisher\" content=\"https:\/\/www.facebook.com\/pgiorgiomariafare\" \/>\n<meta property=\"article:published_time\" content=\"2016-09-02T03:53:24+00:00\" \/>\n<meta property=\"article:modified_time\" content=\"2023-08-31T07:53:49+00:00\" \/>\n<meta property=\"og:image\" content=\"https:\/\/www.veritatemincaritate.com\/wp\/wp-content\/uploads\/2021\/09\/Gesu-Bambino-di-Praga-2.jpg\" \/>\n\t<meta property=\"og:image:width\" content=\"600\" \/>\n\t<meta property=\"og:image:height\" content=\"400\" \/>\n\t<meta property=\"og:image:type\" content=\"image\/jpeg\" \/>\n<meta name=\"author\" content=\"Is551011\" \/>\n<meta name=\"twitter:card\" content=\"summary_large_image\" \/>\n<meta name=\"twitter:title\" content=\"Orazione a Ges\u00f9 Bambino di Praga\" \/>\n<meta name=\"twitter:description\" content=\"Orazione a Ges\u00f9 Bambino di Praga\" \/>\n<meta name=\"twitter:image\" content=\"https:\/\/www.veritatemincaritate.com\/wp\/wp-content\/uploads\/2021\/09\/Gesu-Bambino-di-Praga-2.jpg\" \/>\n<meta name=\"twitter:label1\" content=\"Scritto da\" \/>\n\t<meta name=\"twitter:data1\" content=\"Is551011\" \/>\n\t<meta name=\"twitter:label2\" content=\"Tempo di lettura stimato\" \/>\n\t<meta name=\"twitter:data2\" content=\"1 minuto\" \/>\n<script type=\"application\/ld+json\" class=\"yoast-schema-graph\">{\"@context\":\"https:\\\/\\\/schema.org\",\"@graph\":[{\"@type\":\"Article\",\"@id\":\"https:\\\/\\\/www.veritatemincaritate.com\\\/wp\\\/2016\\\/09\\\/orazione-a-gesu-bambino-di-praga\\\/#article\",\"isPartOf\":{\"@id\":\"https:\\\/\\\/www.veritatemincaritate.com\\\/wp\\\/2016\\\/09\\\/orazione-a-gesu-bambino-di-praga\\\/\"},\"author\":{\"name\":\"Is551011\",\"@id\":\"https:\\\/\\\/www.veritatemincaritate.com\\\/wp\\\/#\\\/schema\\\/person\\\/ae324896700d097ddc6db39f45894b80\"},\"headline\":\"Orazione a Ges\u00f9 Bambino di Praga\",\"datePublished\":\"2016-09-02T03:53:24+00:00\",\"dateModified\":\"2023-08-31T07:53:49+00:00\",\"mainEntityOfPage\":{\"@id\":\"https:\\\/\\\/www.veritatemincaritate.com\\\/wp\\\/2016\\\/09\\\/orazione-a-gesu-bambino-di-praga\\\/\"},\"wordCount\":226,\"publisher\":{\"@id\":\"https:\\\/\\\/www.veritatemincaritate.com\\\/wp\\\/#organization\"},\"image\":{\"@id\":\"https:\\\/\\\/www.veritatemincaritate.com\\\/wp\\\/2016\\\/09\\\/orazione-a-gesu-bambino-di-praga\\\/#primaryimage\"},\"thumbnailUrl\":\"https:\\\/\\\/www.veritatemincaritate.com\\\/wp\\\/wp-content\\\/uploads\\\/2021\\\/09\\\/Gesu-Bambino-di-Praga-2.jpg\",\"keywords\":[\"devozioni\",\"Ges\u00f9 Bambino di Praga\",\"Orazione a Ges\u00f9 Bambino di Praga\",\"preghiera a Ges\u00f9 Bambino di Praga\"],\"articleSection\":[\"Devozione\"],\"inLanguage\":\"it-IT\"},{\"@type\":\"WebPage\",\"@id\":\"https:\\\/\\\/www.veritatemincaritate.com\\\/wp\\\/2016\\\/09\\\/orazione-a-gesu-bambino-di-praga\\\/\",\"url\":\"https:\\\/\\\/www.veritatemincaritate.com\\\/wp\\\/2016\\\/09\\\/orazione-a-gesu-bambino-di-praga\\\/\",\"name\":\"Orazione a Ges\u00f9 Bambino di Praga - Veritatemincaritate\",\"isPartOf\":{\"@id\":\"https:\\\/\\\/www.veritatemincaritate.com\\\/wp\\\/#website\"},\"primaryImageOfPage\":{\"@id\":\"https:\\\/\\\/www.veritatemincaritate.com\\\/wp\\\/2016\\\/09\\\/orazione-a-gesu-bambino-di-praga\\\/#primaryimage\"},\"image\":{\"@id\":\"https:\\\/\\\/www.veritatemincaritate.com\\\/wp\\\/2016\\\/09\\\/orazione-a-gesu-bambino-di-praga\\\/#primaryimage\"},\"thumbnailUrl\":\"https:\\\/\\\/www.veritatemincaritate.com\\\/wp\\\/wp-content\\\/uploads\\\/2021\\\/09\\\/Gesu-Bambino-di-Praga-2.jpg\",\"datePublished\":\"2016-09-02T03:53:24+00:00\",\"dateModified\":\"2023-08-31T07:53:49+00:00\",\"description\":\"Orazione a Ges\u00f9 Bambino di Praga rivelata da Maria Santissima al V.P. Cirillo della Madre di Dio Carmelitano Scalzo.\",\"breadcrumb\":{\"@id\":\"https:\\\/\\\/www.veritatemincaritate.com\\\/wp\\\/2016\\\/09\\\/orazione-a-gesu-bambino-di-praga\\\/#breadcrumb\"},\"inLanguage\":\"it-IT\",\"potentialAction\":[{\"@type\":\"ReadAction\",\"target\":[\"https:\\\/\\\/www.veritatemincaritate.com\\\/wp\\\/2016\\\/09\\\/orazione-a-gesu-bambino-di-praga\\\/\"]}]},{\"@type\":\"ImageObject\",\"inLanguage\":\"it-IT\",\"@id\":\"https:\\\/\\\/www.veritatemincaritate.com\\\/wp\\\/2016\\\/09\\\/orazione-a-gesu-bambino-di-praga\\\/#primaryimage\",\"url\":\"https:\\\/\\\/www.veritatemincaritate.com\\\/wp\\\/wp-content\\\/uploads\\\/2021\\\/09\\\/Gesu-Bambino-di-Praga-2.jpg\",\"contentUrl\":\"https:\\\/\\\/www.veritatemincaritate.com\\\/wp\\\/wp-content\\\/uploads\\\/2021\\\/09\\\/Gesu-Bambino-di-Praga-2.jpg\",\"width\":600,\"height\":400,\"caption\":\"Ges\u00f9 Bambino di Praga\"},{\"@type\":\"BreadcrumbList\",\"@id\":\"https:\\\/\\\/www.veritatemincaritate.com\\\/wp\\\/2016\\\/09\\\/orazione-a-gesu-bambino-di-praga\\\/#breadcrumb\",\"itemListElement\":[{\"@type\":\"ListItem\",\"position\":1,\"name\":\"Home\",\"item\":\"https:\\\/\\\/www.veritatemincaritate.com\\\/wp\\\/\"},{\"@type\":\"ListItem\",\"position\":2,\"name\":\"Orazione a Ges\u00f9 Bambino di Praga\"}]},{\"@type\":\"WebSite\",\"@id\":\"https:\\\/\\\/www.veritatemincaritate.com\\\/wp\\\/#website\",\"url\":\"https:\\\/\\\/www.veritatemincaritate.com\\\/wp\\\/\",\"name\":\"Veritatemincaritate\",\"description\":\"Agendo secondo verit\u00e0 nella carit\u00e0, cerchiamo di crescere in ogni cosa tendendo a lui, che \u00e8 il capo, Cristo\",\"publisher\":{\"@id\":\"https:\\\/\\\/www.veritatemincaritate.com\\\/wp\\\/#organization\"},\"potentialAction\":[{\"@type\":\"SearchAction\",\"target\":{\"@type\":\"EntryPoint\",\"urlTemplate\":\"https:\\\/\\\/www.veritatemincaritate.com\\\/wp\\\/?s={search_term_string}\"},\"query-input\":{\"@type\":\"PropertyValueSpecification\",\"valueRequired\":true,\"valueName\":\"search_term_string\"}}],\"inLanguage\":\"it-IT\"},{\"@type\":\"Organization\",\"@id\":\"https:\\\/\\\/www.veritatemincaritate.com\\\/wp\\\/#organization\",\"name\":\"Veritatem facientes in Caritate\",\"url\":\"https:\\\/\\\/www.veritatemincaritate.com\\\/wp\\\/\",\"logo\":{\"@type\":\"ImageObject\",\"inLanguage\":\"it-IT\",\"@id\":\"https:\\\/\\\/www.veritatemincaritate.com\\\/wp\\\/#\\\/schema\\\/logo\\\/image\\\/\",\"url\":\"https:\\\/\\\/www.veritatemincaritate.com\\\/wp\\\/wp-content\\\/uploads\\\/2020\\\/07\\\/Logo-VIC-per-canale-Youtube.jpg\",\"contentUrl\":\"https:\\\/\\\/www.veritatemincaritate.com\\\/wp\\\/wp-content\\\/uploads\\\/2020\\\/07\\\/Logo-VIC-per-canale-Youtube.jpg\",\"width\":720,\"height\":720,\"caption\":\"Veritatem facientes in Caritate\"},\"image\":{\"@id\":\"https:\\\/\\\/www.veritatemincaritate.com\\\/wp\\\/#\\\/schema\\\/logo\\\/image\\\/\"},\"sameAs\":[\"https:\\\/\\\/www.facebook.com\\\/pgiorgiomariafare\",\"https:\\\/\\\/instagram.com\\\/padre_giorgio_maria_fare?igshid=1p8wsw6b3edkc\",\"https:\\\/\\\/www.youtube.com\\\/channel\\\/UCFqjpT1nX60rx3m_SELg3lA\"]},{\"@type\":\"Person\",\"@id\":\"https:\\\/\\\/www.veritatemincaritate.com\\\/wp\\\/#\\\/schema\\\/person\\\/ae324896700d097ddc6db39f45894b80\",\"name\":\"Is551011\",\"image\":{\"@type\":\"ImageObject\",\"inLanguage\":\"it-IT\",\"@id\":\"https:\\\/\\\/secure.gravatar.com\\\/avatar\\\/c031fff76d6f121d3530ae43ac8407bd6ac4d5c3c8a89c237d6990047f9a6307?s=96&d=mm&r=g\",\"url\":\"https:\\\/\\\/secure.gravatar.com\\\/avatar\\\/c031fff76d6f121d3530ae43ac8407bd6ac4d5c3c8a89c237d6990047f9a6307?s=96&d=mm&r=g\",\"contentUrl\":\"https:\\\/\\\/secure.gravatar.com\\\/avatar\\\/c031fff76d6f121d3530ae43ac8407bd6ac4d5c3c8a89c237d6990047f9a6307?s=96&d=mm&r=g\",\"caption\":\"Is551011\"}}]}<\/script>\n<!-- \/ Yoast SEO plugin. -->","yoast_head_json":{"title":"Orazione a Ges\u00f9 Bambino di Praga - Veritatemincaritate","description":"Orazione a Ges\u00f9 Bambino di Praga rivelata da Maria Santissima al V.P. Cirillo della Madre di Dio Carmelitano Scalzo.","robots":{"index":"index","follow":"follow","max-snippet":"max-snippet:-1","max-image-preview":"max-image-preview:large","max-video-preview":"max-video-preview:-1"},"canonical":"https:\/\/www.veritatemincaritate.com\/wp\/2016\/09\/orazione-a-gesu-bambino-di-praga\/","og_locale":"it_IT","og_type":"article","og_title":"Orazione a Ges\u00f9 Bambino di Praga","og_description":"Orazione a Ges\u00f9 Bambino di Praga","og_url":"https:\/\/www.veritatemincaritate.com\/wp\/2016\/09\/orazione-a-gesu-bambino-di-praga\/","og_site_name":"Veritatemincaritate","article_publisher":"https:\/\/www.facebook.com\/pgiorgiomariafare","article_published_time":"2016-09-02T03:53:24+00:00","article_modified_time":"2023-08-31T07:53:49+00:00","og_image":[{"width":600,"height":400,"url":"https:\/\/www.veritatemincaritate.com\/wp\/wp-content\/uploads\/2021\/09\/Gesu-Bambino-di-Praga-2.jpg","type":"image\/jpeg"}],"author":"Is551011","twitter_card":"summary_large_image","twitter_title":"Orazione a Ges\u00f9 Bambino di Praga","twitter_description":"Orazione a Ges\u00f9 Bambino di Praga","twitter_image":"https:\/\/www.veritatemincaritate.com\/wp\/wp-content\/uploads\/2021\/09\/Gesu-Bambino-di-Praga-2.jpg","twitter_misc":{"Scritto da":"Is551011","Tempo di lettura stimato":"1 minuto"},"schema":{"@context":"https:\/\/schema.org","@graph":[{"@type":"Article","@id":"https:\/\/www.veritatemincaritate.com\/wp\/2016\/09\/orazione-a-gesu-bambino-di-praga\/#article","isPartOf":{"@id":"https:\/\/www.veritatemincaritate.com\/wp\/2016\/09\/orazione-a-gesu-bambino-di-praga\/"},"author":{"name":"Is551011","@id":"https:\/\/www.veritatemincaritate.com\/wp\/#\/schema\/person\/ae324896700d097ddc6db39f45894b80"},"headline":"Orazione a Ges\u00f9 Bambino di Praga","datePublished":"2016-09-02T03:53:24+00:00","dateModified":"2023-08-31T07:53:49+00:00","mainEntityOfPage":{"@id":"https:\/\/www.veritatemincaritate.com\/wp\/2016\/09\/orazione-a-gesu-bambino-di-praga\/"},"wordCount":226,"publisher":{"@id":"https:\/\/www.veritatemincaritate.com\/wp\/#organization"},"image":{"@id":"https:\/\/www.veritatemincaritate.com\/wp\/2016\/09\/orazione-a-gesu-bambino-di-praga\/#primaryimage"},"thumbnailUrl":"https:\/\/www.veritatemincaritate.com\/wp\/wp-content\/uploads\/2021\/09\/Gesu-Bambino-di-Praga-2.jpg","keywords":["devozioni","Ges\u00f9 Bambino di Praga","Orazione a Ges\u00f9 Bambino di Praga","preghiera a Ges\u00f9 Bambino di Praga"],"articleSection":["Devozione"],"inLanguage":"it-IT"},{"@type":"WebPage","@id":"https:\/\/www.veritatemincaritate.com\/wp\/2016\/09\/orazione-a-gesu-bambino-di-praga\/","url":"https:\/\/www.veritatemincaritate.com\/wp\/2016\/09\/orazione-a-gesu-bambino-di-praga\/","name":"Orazione a Ges\u00f9 Bambino di Praga - Veritatemincaritate","isPartOf":{"@id":"https:\/\/www.veritatemincaritate.com\/wp\/#website"},"primaryImageOfPage":{"@id":"https:\/\/www.veritatemincaritate.com\/wp\/2016\/09\/orazione-a-gesu-bambino-di-praga\/#primaryimage"},"image":{"@id":"https:\/\/www.veritatemincaritate.com\/wp\/2016\/09\/orazione-a-gesu-bambino-di-praga\/#primaryimage"},"thumbnailUrl":"https:\/\/www.veritatemincaritate.com\/wp\/wp-content\/uploads\/2021\/09\/Gesu-Bambino-di-Praga-2.jpg","datePublished":"2016-09-02T03:53:24+00:00","dateModified":"2023-08-31T07:53:49+00:00","description":"Orazione a Ges\u00f9 Bambino di Praga rivelata da Maria Santissima al V.P. Cirillo della Madre di Dio Carmelitano Scalzo.","breadcrumb":{"@id":"https:\/\/www.veritatemincaritate.com\/wp\/2016\/09\/orazione-a-gesu-bambino-di-praga\/#breadcrumb"},"inLanguage":"it-IT","potentialAction":[{"@type":"ReadAction","target":["https:\/\/www.veritatemincaritate.com\/wp\/2016\/09\/orazione-a-gesu-bambino-di-praga\/"]}]},{"@type":"ImageObject","inLanguage":"it-IT","@id":"https:\/\/www.veritatemincaritate.com\/wp\/2016\/09\/orazione-a-gesu-bambino-di-praga\/#primaryimage","url":"https:\/\/www.veritatemincaritate.com\/wp\/wp-content\/uploads\/2021\/09\/Gesu-Bambino-di-Praga-2.jpg","contentUrl":"https:\/\/www.veritatemincaritate.com\/wp\/wp-content\/uploads\/2021\/09\/Gesu-Bambino-di-Praga-2.jpg","width":600,"height":400,"caption":"Ges\u00f9 Bambino di Praga"},{"@type":"BreadcrumbList","@id":"https:\/\/www.veritatemincaritate.com\/wp\/2016\/09\/orazione-a-gesu-bambino-di-praga\/#breadcrumb","itemListElement":[{"@type":"ListItem","position":1,"name":"Home","item":"https:\/\/www.veritatemincaritate.com\/wp\/"},{"@type":"ListItem","position":2,"name":"Orazione a Ges\u00f9 Bambino di Praga"}]},{"@type":"WebSite","@id":"https:\/\/www.veritatemincaritate.com\/wp\/#website","url":"https:\/\/www.veritatemincaritate.com\/wp\/","name":"Veritatemincaritate","description":"Agendo secondo verit\u00e0 nella carit\u00e0, cerchiamo di crescere in ogni cosa tendendo a lui, che \u00e8 il capo, Cristo","publisher":{"@id":"https:\/\/www.veritatemincaritate.com\/wp\/#organization"},"potentialAction":[{"@type":"SearchAction","target":{"@type":"EntryPoint","urlTemplate":"https:\/\/www.veritatemincaritate.com\/wp\/?s={search_term_string}"},"query-input":{"@type":"PropertyValueSpecification","valueRequired":true,"valueName":"search_term_string"}}],"inLanguage":"it-IT"},{"@type":"Organization","@id":"https:\/\/www.veritatemincaritate.com\/wp\/#organization","name":"Veritatem facientes in Caritate","url":"https:\/\/www.veritatemincaritate.com\/wp\/","logo":{"@type":"ImageObject","inLanguage":"it-IT","@id":"https:\/\/www.veritatemincaritate.com\/wp\/#\/schema\/logo\/image\/","url":"https:\/\/www.veritatemincaritate.com\/wp\/wp-content\/uploads\/2020\/07\/Logo-VIC-per-canale-Youtube.jpg","contentUrl":"https:\/\/www.veritatemincaritate.com\/wp\/wp-content\/uploads\/2020\/07\/Logo-VIC-per-canale-Youtube.jpg","width":720,"height":720,"caption":"Veritatem facientes in Caritate"},"image":{"@id":"https:\/\/www.veritatemincaritate.com\/wp\/#\/schema\/logo\/image\/"},"sameAs":["https:\/\/www.facebook.com\/pgiorgiomariafare","https:\/\/instagram.com\/padre_giorgio_maria_fare?igshid=1p8wsw6b3edkc","https:\/\/www.youtube.com\/channel\/UCFqjpT1nX60rx3m_SELg3lA"]},{"@type":"Person","@id":"https:\/\/www.veritatemincaritate.com\/wp\/#\/schema\/person\/ae324896700d097ddc6db39f45894b80","name":"Is551011","image":{"@type":"ImageObject","inLanguage":"it-IT","@id":"https:\/\/secure.gravatar.com\/avatar\/c031fff76d6f121d3530ae43ac8407bd6ac4d5c3c8a89c237d6990047f9a6307?s=96&d=mm&r=g","url":"https:\/\/secure.gravatar.com\/avatar\/c031fff76d6f121d3530ae43ac8407bd6ac4d5c3c8a89c237d6990047f9a6307?s=96&d=mm&r=g","contentUrl":"https:\/\/secure.gravatar.com\/avatar\/c031fff76d6f121d3530ae43ac8407bd6ac4d5c3c8a89c237d6990047f9a6307?s=96&d=mm&r=g","caption":"Is551011"}}]}},"menu_order":0,"_links":{"self":[{"href":"https:\/\/www.veritatemincaritate.com\/wp\/wp-json\/wp\/v2\/posts\/20820","targetHints":{"allow":["GET"]}}],"collection":[{"href":"https:\/\/www.veritatemincaritate.com\/wp\/wp-json\/wp\/v2\/posts"}],"about":[{"href":"https:\/\/www.veritatemincaritate.com\/wp\/wp-json\/wp\/v2\/types\/post"}],"author":[{"embeddable":true,"href":"https:\/\/www.veritatemincaritate.com\/wp\/wp-json\/wp\/v2\/users\/4"}],"replies":[{"embeddable":true,"href":"https:\/\/www.veritatemincaritate.com\/wp\/wp-json\/wp\/v2\/comments?post=20820"}],"version-history":[{"count":0,"href":"https:\/\/www.veritatemincaritate.com\/wp\/wp-json\/wp\/v2\/posts\/20820\/revisions"}],"wp:featuredmedia":[{"embeddable":true,"href":"https:\/\/www.veritatemincaritate.com\/wp\/wp-json\/wp\/v2\/media\/20821"}],"wp:attachment":[{"href":"https:\/\/www.veritatemincaritate.com\/wp\/wp-json\/wp\/v2\/media?parent=20820"}],"wp:term":[{"taxonomy":"category","embeddable":true,"href":"https:\/\/www.veritatemincaritate.com\/wp\/wp-json\/wp\/v2\/categories?post=20820"},{"taxonomy":"post_tag","embeddable":true,"href":"https:\/\/www.veritatemincaritate.com\/wp\/wp-json\/wp\/v2\/tags?post=20820"}],"curies":[{"name":"wp","href":"https:\/\/api.w.org\/{rel}","templated":true}]}}