{"id":2159,"date":"2016-02-21T22:03:39","date_gmt":"2016-02-21T21:03:39","guid":{"rendered":"http:\/\/www.veritatemincaritate.com\/?p=2159"},"modified":"2021-12-20T10:54:33","modified_gmt":"2021-12-20T09:54:33","slug":"cambiare-il-cuore-nellincontro-con-cristo","status":"publish","type":"post","link":"https:\/\/www.veritatemincaritate.com\/wp\/2016\/02\/cambiare-il-cuore-nellincontro-con-cristo\/","title":{"rendered":"Cambiare il cuore nell&#8217;incontro con Cristo"},"content":{"rendered":"<div class=\"wpb-content-wrapper\" id=\"wpb-content-root\"><p>[vc_row][vc_column][vc_column_text]<\/p>\n<h3>Omelia<\/h3>\n<p>Pubblichiamo l\u2019audio di\u00a0un\u2019omelia sulle letture di domenica 21\u00a0febbraio 2016 (S. Messa del giorno).<\/p>\n<p>Predicatore:\u00a0p. Giorgio Maria Far\u00e9, OCD[\/vc_column_text][\/vc_column][\/vc_row][vc_row][vc_column][vc_column_text]<\/p>\n<h4>Ascolta la registrazione:<\/h4>\n<p>Per motivi di intenso traffico non ci \u00e8 possibile rendere disponibile l&#8217;ascolto dei file audio direttamente dal nostro sito. Se hai dubbi su come fare, vai alle <a href=\"http:\/\/www.veritatemincaritate.com\/chi-siamo\/istruzioni-per-lascolto-delle-registrazioni\/\" target=\"_blank\" rel=\"noopener noreferrer\">istruzioni per l&#8217;ascolto delle registrazioni<\/a>.[\/vc_column_text][vc_row_inner][vc_column_inner width=&#8221;1\/2&#8243;][vc_column_text]<style type=\"text\/css\">.thegem-button-6a9c70d8ef36e6518 .gem-button {font-size: 14px;}.thegem-button-6a9c70d8ef36e6518 .gem-button-text {font-size: 14px;}.thegem-button-6a9c70d8ef36e6518 .gem-button svg {fill: #FFFFFF;}<\/style><div class=\"gem-button-container gem-button-position-inline thegem-button-6a9c70d8ef36e6518    \"  ><a class=\"gem-button gem-button-size-small gem-button-style-flat gem-button-text-weight-normal\" data-ll-effect=\"drop-right-without-wrap\" style=\"border-radius: 3px;background-color: #FF5C00;color: #FFFFFF;\" onmouseleave=\"this.style.backgroundColor='#FF5C00';this.style.color='#FFFFFF';\" onmouseenter=\"\" href=\"https:\/\/www.dropbox.com\/s\/unmsgyfl0d9sirr\/160221-Omelia-ConversioneCuore.m4a?dl=1\" target=\"_self\">Scarica la registrazione<\/a><\/div> [\/vc_column_text][\/vc_column_inner][vc_column_inner width=&#8221;1\/2&#8243;][vc_column_text]<style type=\"text\/css\">.thegem-button-6a9c70d8ef5349700 .gem-button {font-size: 14px;}.thegem-button-6a9c70d8ef5349700 .gem-button-text {font-size: 14px;}.thegem-button-6a9c70d8ef5349700 .gem-button svg {fill: #FFFFFF;}<\/style><div class=\"gem-button-container gem-button-position-inline thegem-button-6a9c70d8ef5349700    \"  ><a class=\"gem-button gem-button-size-small gem-button-style-flat gem-button-text-weight-normal\" data-ll-effect=\"drop-right-without-wrap\" style=\"border-radius: 3px;background-color: #FF5C00;color: #FFFFFF;\" onmouseleave=\"this.style.backgroundColor='#FF5C00';this.style.color='#FFFFFF';\" onmouseenter=\"\" href=\"https:\/\/www.dropbox.com\/s\/unmsgyfl0d9sirr\/160221-Omelia-ConversioneCuore.m4a?dl=0\" target=\"_self\">Ascolta la registrazione<\/a><\/div> [\/vc_column_text][\/vc_column_inner][\/vc_row_inner][\/vc_column][\/vc_row][vc_row][vc_column][vc_separator color=&#8221;juicy_pink&#8221;][vc_column_text]<\/p>\n<h2>Testo della meditazione<\/h2>\n<p>[\/vc_column_text][vc_column_text]<\/p>\n<h2><a href=\"https:\/\/www.veritatemincaritate.com\/wp\/wp-content\/uploads\/2021\/12\/160221-Omelia-del-21-febbraio-2016.pdf\" target=\"_blank\" rel=\"noopener\">Scarica il testo della meditazione<\/a><\/h2>\n<h1>Cambiare il cuore nell&#8217;incontro con Cristo<\/h1>\n<p>Sia lodato Ges\u00f9 Cristo!<\/p>\n<p>Sempre sia lodato!<\/p>\n<p>In questo bellissimo testo, tratto dal capitolo 9 del Vangelo di San Luca, di questa seconda domenica di Quaresima, che tratta la questione grande, bellissima, della Trasfigurazione di Ges\u00f9 sul Monte Tabor, abbiamo innanzitutto davanti a noi questo monte (il monte \u00e8 il luogo dove Dio si manifesta, come nell\u2019Antico Testamento) e questo Monte Tabor lo possiamo definire il Monte Sinai del Nuovo Testamento, della Nuova Alleanza. Il Tabor \u00e8 il Sinai della Nuova Alleanza, dove Dio rivela il Suo Volto in Ges\u00f9 e mostra in Lui la Sua compiacenza.<\/p>\n<p>Ges\u00f9 prende con s\u00e9 tre discepoli, Pietro, Giacomo e Giovanni, le colonne e i fondamenti della Chiesa. Ne prende tre, perch\u00e9 nella Scrittura si dice che sar\u00e0 sulla testimonianza di due o tre persone, che verr\u00e0 riconosciuta la verit\u00e0.<\/p>\n<p>In questa manifestazione Ges\u00f9 non ha bisogno di eccessi, non ha bisogno di chiss\u00e0 quali cose, ha bisogno di tre persone, tre persone che siano testimoni oculari di questo evento.<\/p>\n<p>Perch\u00e9 si compie questa Trasfigurazione?<\/p>\n<p>Perch\u00e9 quello era un tempo brutto: gli scribi e i farisei stavano facendo delle lotte feroci contro Ges\u00f9, Lo stavano screditando molto, stavano mettendo molto in dubbio la Sua autorit\u00e0, la Sua verit\u00e0, e anche i discepoli erano un po\u2019 traballanti. Sapete, a furia di parlar male e di parlar male, qualcosa rimane, diceva Fra Galdino.<\/p>\n<p>Allora Ges\u00f9 compie questa Trasfigurazione per confermarli, per fare in modo che loro abbiamo una memoria, da l\u00ec in avanti, per rivelare a loro il Suo Volto e dire: \u00abSono io! Quello che avete nel cuore, quello che sentite, \u00e8 vero, non credete a questa gente che dice la falsit\u00e0!\u00bb<\/p>\n<p>Ges\u00f9 ci fa vedere come Lui pregava e, mentre pregava, (perch\u00e9 Ges\u00f9 pregava\u2026gli altri dormono, Lui prega) il Suo Volto cambi\u00f2 di aspetto (come Mos\u00e8, quando viene gi\u00f9 dal Monte Sinai con il Volto raggiante di luce), la Sua veste divenne candida e sfolgorante e due uomini conversavano con Lui.<\/p>\n<p>Quando Ges\u00f9 prega, Ges\u00f9 si immerge in una contemplazione amorosa del Padre, cos\u00ec profonda, cos\u00ec accesa, cos\u00ec innamorata, cos\u00ec forte, che addirittura il Suo Corpo e la Sua veste cambiano di aspetto, si riempiono di luce.<\/p>\n<p>Quanto \u00e8 diversa la preghiera di Ges\u00f9 dalla nostra preghiera, malfatta, distratta, fredda, frettolosa, superficiale, abitudinaria, ripetitiva, piena di parole.<\/p>\n<p>La preghiera di Ges\u00f9 \u00e8 un incontro, \u00e8 un incontro vero, intimo, profondo, solitario, con il Padre, e quando si incontra Dio si cambia, cambia, cambia tutto, cambi tutto, tutto diventa luce, il tuo volto diventa luce, i vestiti che porti addosso diventano luminosi, emani luce ovunque.<\/p>\n<p>Quando noi usciamo dalla nostra preghiera, qualcosa di noi emana luce, qualcosa dice di questa luce, di questo cambiamento, di questa conversazione.<\/p>\n<p>Parlavano con Lui Mos\u00e8 ed Elia\u2026Ges\u00f9 entra in rapporto anche con le anime sante, che sono ormai nella Gloria del Padre.<\/p>\n<p>Questa \u00e8 una cosa bellissima, che \u00e8 riservata a ciascuno di noi; ciascuno di noi pu\u00f2 avere il suo Tabor (che \u00e8 l\u2019Altare della Santa Messa, questo \u00e8 il nostro Tabor), dove si rivela il Volto del Padre in Ges\u00f9 Eucarestia.<\/p>\n<p>Ciascuno di noi pu\u00f2 cambiare di aspetto, perch\u00e9 gli pu\u00f2 cambiare il cuore!<\/p>\n<p>Quante Messe abbiamo vissuto nella nostra vita, quanti Preti abbiamo sentito predicare, quante esperienze fatte di preghiera\u2026a cosa sono servite, se di fatto non hanno scatenato dentro questa contemplazione, che non \u00e8 una somma di parole ma un incontro con il Dio vivente, con Ges\u00f9, che cambia la vita dell\u2019uomo?<\/p>\n<p>Se io nella mia vita non cambio, se continuo a rimanere l\u2019impuro, l\u2019iroso, il superbo, l\u2019accidioso, il vizioso di sempre, io non ho incontrato Dio e la mia fede \u00e8 una fede falsa! Io non ho fatto una vera esperienza del Dio vivente, perch\u00e9 non si emana luce da nessuna parte della mia persona, non esce luce, il mio volto non cambia di aspetto, non sono un uomo nuovo, non sono una persona nuova!<\/p>\n<p>Quanti di noi sono qui presenti in Chiesa questa mattina, ma non tutti siamo qui con lo stesso cuore, sapete, questo \u00e8 ovvio! Non \u00e8 che siamo tutti qui con il cuore ardente di fuoco d\u2019amore per il Signore; non \u00e8 che siamo tutti qui sentendo dentro Dio, avvertendo la presenza di Dio, la potenza di Dio che ci chiama, che ci attrae a s\u00e9 con il legame d\u2019amore, come dice la Scrittura.<\/p>\n<p>Non \u00e8 per tutti \u00e8 cos\u00ec!<\/p>\n<p>Noi possiamo essere in Chiesa freddi come un pezzo di ghiaccio, possiamo essere in Chiesa col fastidio, col nervoso, con la delusione, con l\u2019amarezza, con la rabbia, con sensi di rancore verso qualcuno, con senso di disprezzo verso qualcun altro, possiamo essere in Chiesa avendo consumato magari cinque minuti prima una lite, uno screzio con qualcuno, dopo avere trattato male qualcuno, avere insultato qualcuno, aver fatto star male qualcuno, aver fatto piangere qualcuno\u2026il nostro volto non cambia d\u2019aspetto cos\u00ec, perch\u00e9 il nostro cuore \u00e8 un cuore terribilmente carnale, dice San Paolo.<\/p>\n<p>Ci comportiamo da nemici della croce di Cristo, e questo non va bene!<\/p>\n<p>Noi siamo chiamati ad un altro comportamento!<\/p>\n<p>\u201c<em>Molti \u2013 ve l\u2019ho gi\u00e0 detto pi\u00f9 volte e ora, con le lacrime agli occhi, ve lo ripeto \u2013 si comportano da nemici della croce di Cristo<\/em>\u201d.<\/p>\n<p>Certo, certo, mica la vogliamo noi la croce di Ges\u00f9, che vuol dire rinnegamento.<\/p>\n<p>Adesso lo vediamo\u2026<\/p>\n<p>Questi si addormentano\u2026certo, siamo noi, no?<\/p>\n<p>Non abbiamo tempo di pregare, siamo stanchi, abbiamo tante cose da fare, la preghiera ci annoia, \u00abMa poi cosa vado a fare? Io non sento niente\u2026\u00bb<\/p>\n<p>Quante volte sento questa cosa!<\/p>\n<p>\u00abMa io non sento niente. Sono l\u00ec cos\u00ec ma non sento niente, non provo niente, il Signore non mi dice niente\u00bb.<\/p>\n<p>Ma guardate che andare in chiesa a pregare non \u00e8 come andare all\u2019Iper!<\/p>\n<p>Dio non \u00e8 un banco vendita frigor, da cui tiro fuori le cose che mi servono!<\/p>\n<p>Perch\u00e9, se noi abbiamo questa idea in testa con Dio, guardate che l\u2019abbiamo anche con le persone!<\/p>\n<p>Anche le persone, noi le avviciniamo pretendendo di prendere qualcosa per noi\u2026una vita rapace, dove si prende da tutte le parti!<\/p>\n<p>Si svegliano, vedono la Sua Gloria\u2026la vedono: vedono lo splendore del Volto di Ges\u00f9 trasfigurato, la luce, tutto Ges\u00f9 assunto, l\u00ec con gli altri due che parlano, bellissimo, vedono la Sua Gloria e i due uomini che stanno con Lui, vedono Mos\u00e8 ed Elia, vedono tutto!<\/p>\n<p>Come mai vedono questo e, tra pochi capitoli, lo hanno gi\u00e0 completamente dimenticato?<\/p>\n<p>Come mai Pietro vede questo e, tra pochi capitoli, davanti ad una serva, a una portinaia, lui rinnegher\u00e0 la Gloria di Ges\u00f9, lui rinnegher\u00e0 il Tabor, davanti ad una serva, nel crocicchio di un fuoco fatuo, Pietro rinnegher\u00e0 il Fuoco, che \u00e8 Cristo?<\/p>\n<p>Come mai?<\/p>\n<p>Perch\u00e9, vedete, noi possiamo fare tante belle esperienze, tante belle esperienze divine, tante belle \u201cpregate\u201d, tanti bei pellegrinaggi, tante belle riunioni, tante belle cose, dove sentiamo Dio, dove vediamo Dio, dove noi e Dio\u2026, ma quando poi arriva il momento della prova, quando dal Tabor si comincia a vedere nella lontananza il Calvario, ti saluto, il Tabor non \u00e8 neanche pi\u00f9 un ricordo, non c\u2019\u00e8 pi\u00f9!<\/p>\n<p>Tutte le esperienze di Dio vengono vanificate, tradite, misconosciute, pur di non dire: \u00abS\u00ec, quell\u2019uomo lo conosco!\u00bb<\/p>\n<p>Ma sei stato sul Tabor con Lui\u2026<\/p>\n<p>Vabb\u00e8, ti dimentichi la moltiplicazione dei pani, lo capisco, vabb\u00e8, mica troppo, per\u00f2\u2026<\/p>\n<p>Ti sei dimenticato i cinquemila?<\/p>\n<p>Vabb\u00e8\u2026<\/p>\n<p>Hai dimenticato la risurrezione dei morti?<\/p>\n<p>Vabb\u00e8\u2026<\/p>\n<p>Hai dimenticato i lebbrosi guariti?<\/p>\n<p>Vabb\u00e8\u2026<\/p>\n<p>Hai dimenticato tua suocera?<\/p>\n<p>Tua suocera \u00e8 stata guarita da Ges\u00f9!<\/p>\n<p>Hai dimenticato anche lei, vabb\u00e8\u2026<\/p>\n<p>Hai dimenticato la mano inaridita, gli indemoniati sanati, hai dimenticato tutto?<\/p>\n<p>Va bene\u2026ma come fai a dimenticare il Tabor?<\/p>\n<p>Non ti capiter\u00e0 mica tutti i giorni di vedere un uomo che trasluce di bellezza, di fulgore, che ti cambia il volto, che parla con persone morte?<\/p>\n<p>Ma non ti sar\u00e0 mica capitato tutti i giorni nella tua vita di pescatore, che stavi l\u00ec a tirare su i pesci, che puzzavi dalla mattina alla sera, che stavi l\u00ec a rammendare le reti?<\/p>\n<p>Ma che vita avevi prima? Che tristezza di vita avevi?<\/p>\n<p>Ti sei passato dai pesci e dai vermi, dai vermi per andare a prendere i pesci, tu sei passato dalla sabbia alla Gloria del Tabor\u2026e te la sei dimenticata?<\/p>\n<p>\u00abS\u00ec\u00bb.<\/p>\n<p>Tu hai rinnegato il Tabor, per non vivere il tuo Calvario?<\/p>\n<p>\u00abS\u00ec, esattamente\u00bb.<\/p>\n<p>Quindi stiamo attenti a pensare che, siccome noi facciamo delle esperienze di Dio, noi faremo memoria di Dio; noi faremo memoria di Dio se Ges\u00f9 sar\u00e0 veramente nostro amico, se Ges\u00f9 (andiamo oltre) sar\u00e0 veramente il nostro amante.<\/p>\n<p>Solo se Ges\u00f9 \u00e8 il nostro amante, come dice il <em>Cantico dei cantici<\/em>, allora noi faremo memoria dell\u2019Amante, quando verr\u00e0 messa alla prova la nostra fede, altrimenti no.<\/p>\n<p>Altrimenti, come Pietro, noi diremo: \u00abGes\u00f9?! Io non Lo conosco!\u00bb<\/p>\n<p>Pazzesco\u2026 \u00abNon Lo conosco\u00bb.<\/p>\n<p>Almeno avesse detto: \u00abNon Lo voglio. S\u00ec, L\u2019ho conosciuto, ma Lo rinnego, non mi interessa\u00bb, invece: \u00abIo non Lo conosco questo qui. Di chi stai parlando? Mai visto in vita mia! Non Lo conosco\u00bb.<\/p>\n<p>Incredibile\u2026<\/p>\n<p>\u00abNon Lo conosco. Non L\u2019ho mai sentito, io non sono dei suoi\u00bb.<\/p>\n<p>Ha mangiato l\u2019Eucarestia poco prima, eh?<\/p>\n<p>\u00abNon Lo conosco, non so chi sia\u00bb.<\/p>\n<p>Perch\u00e9, vedete, Pietro, cosa cercava da Ges\u00f9?<\/p>\n<p>Pietro cercava da Ges\u00f9 la pancia piena e il cuore pieno.<\/p>\n<p>\u00abMaestro, \u00e8 bello per noi essere qui\u2026ah che bello! Facciamo tre tende: una per Te, una per Mos\u00e8 e una per Elia, cos\u00ec, questo bel sentimento, che io mi sento dentro, me lo vengo a prendere tutte le volte che voglio, perch\u00e9 Ti inscatolo nella Tua tendina, Ti metto l\u00ec, e quando mi interessa, quando ho voglia io, quando piace a me, vengo qui e apro la porticina e sto qui un po\u2019 a scaldarmi il cuore e a dire: \u201cChe bello per me essere qua\u201d. Poi, quando sono bello pieno, chiudo e me ne vado\u00bb.<\/p>\n<p>Se notate, Ges\u00f9, a questa frase, non risponde neanche una parola.<\/p>\n<p>Queste preghiere volgari e carnali, non arrivano neanche in Cielo!<\/p>\n<p>Ma che preghiera \u00e8, questa qui?<\/p>\n<p>Ma cosa stai dicendo?<\/p>\n<p>Infatti, fortunatamente, San Luca conclude dicendo: \u201c<em>Egli non sapeva quello che diceva\u201d.<\/em><\/p>\n<p>Tante volte Pietro non sa quello che dice.<\/p>\n<p>Ma come, che preghiera \u00e8? Cosa vuol dire?<\/p>\n<p>Cosa vuol dire \u201cStiamo qui\u201d?<\/p>\n<p>In che senso? Qual \u00e8 il centro che ti muove?<\/p>\n<p>\u00c8 il tuo cuore pieno?<\/p>\n<p>Ma allora da Dio andiamo a cercare i piaceri spirituali?<\/p>\n<p>Andiamo a cercare i rosoli?<\/p>\n<p>Ma Dio non \u00e8 una farmacia che vende rosoli!<\/p>\n<p>Dio non vende caramelle!<\/p>\n<p>Dio d\u00e0 s\u00e9 stesso.<\/p>\n<p>Non si cerca Dio per i doni di Dio, per avere qualcosa in cambio da Dio, per sentire Dio, per provare emozioni!<\/p>\n<p>Si cerca Dio per Dio, dice <em>L\u2019imitazione di Cristo<\/em>.<\/p>\n<p>Si cerca il Padre perch\u00e9 \u00e8 il Padre, non perch\u00e9 ti d\u00e0 qualcosa!<\/p>\n<p>Che brutte cose quando noi facciamo quella roba, quando diciamo: \u00abSe mi dai un bacino, ti do mille lire (ai miei tempi)\u00bb.<\/p>\n<p>Ma perch\u00e9? Un bacio ha un prezzo?<\/p>\n<p>L\u2019amore ha un prezzo?<\/p>\n<p>Quindi nella vita si compra tutto\u2026<\/p>\n<p>Che messaggi assurdi che mandiamo alle persone!<\/p>\n<p>E cos\u00ec la storia si conclude che arriva la nube, sentono la voce del Padre, e quindi li prende un gran terrore.<\/p>\n<p>Basta, tutto finisce, perch\u00e9 tutto adesso \u00e8 affidato alla memoria, adesso tocca a loro.<\/p>\n<p>Guardate che neanche Giovanni, neanche l\u2019unico che ascolt\u00f2 il battito del Cuore del Maestro, fa quel passo, neanche Giovanni, nessuno, nessuno!<\/p>\n<p>Quando arriva la Passione tutti indietro e tutti lontani.<\/p>\n<p>Anche Giovanni va a vedere, ma da lontano.<\/p>\n<p>Anche Giovanni va dentro nel pretorio, ma da lontano, Lo guardano, ma da lontano.<\/p>\n<p>Nessuno che oltrepassi la folla e si metta tra Ges\u00f9 e il mondo\u2026certo, perch\u00e9 questo vuol dire morire.<\/p>\n<p>Quindi, a noi sta la scelta.<\/p>\n<p>Ciascuno di noi ha avuto nella sua vita la sua trasfigurazione almeno una volta, ha visto Ges\u00f9 veramente, almeno una volta, comunicarsi a lui, in questo modo cos\u00ec bello, cos\u00ec immediato, cos\u00ec potente, cos\u00ec trasparente cos\u00ec riempitivo, che ti fa proprio dire: \u00abS\u00ec, il Signore veramente esiste, io L\u2019ho veramente visto! Magari non con gli occhi del corpo, ma con gli occhi dell\u2019anima io L\u2019ho visto, so che c\u2019\u00e8 nella mia vita\u00bb.<\/p>\n<p>Mi viene in mente quella frase dei primi capitoli dell\u2019Apocalisse, dove, a uno degli Angeli di una Chiesa che non mi ricordo pi\u00f9, lo Spirito dice: \u00abTorna all\u2019amore di un tempo! Tu sei caduto dall\u2019alto, hai rinnegato il tuo amore, hai abbandonato il tuo Dio, ritorna l\u00e0, dove tu hai lasciato il Signore!\u00bb<\/p>\n<p>Che le nostre Sante Messe, questi incontri con Ges\u00f9 Eucarestia, siano incontri veri, che cambiano la vita, che fanno sfolgorare il nostro volto!<\/p>\n<p>Non siano incontri abitudinari, sciatti, buttati l\u00ec, e che veramente il Signore ci conceda la grazia di non cercarLo per altro che per il Suo sorriso, quella \u00e8 la nostra gioia, sapere Ges\u00f9 contento!<\/p>\n<p>Ma non di noi, anche, ma in generale\u2026regalare un sorriso sul Volto di Cristo, vedere Ges\u00f9 sereno, perch\u00e9 \u00e8 tanto male che Dio vede, e fa soffrire ancora oggi.<\/p>\n<p>A Padre Pio Ges\u00f9 disse: \u00abLa Mia Passione non \u00e8 ancora finita\u00bb.<\/p>\n<p>Sia lodato Ges\u00f9 Cristo!<\/p>\n<p>Sempre sia Lodato!<\/p>\n<p>&nbsp;<\/p>\n<p>&nbsp;<\/p>\n<p>[\/vc_column_text][vc_column_text]<\/p>\n<h2>Letture del giorno<\/h2>\n<p>[\/vc_column_text][vc_column_text]<\/p>\n<h3>II DOMENICA DI QUARESIMA (ANNO C)<br \/>\nPrima lettura<\/h3>\n<p><em>Gen 15,5-12.17-18<\/em><br \/>\n<em>Dio stipula l\u2019alleanza con Abram fedele<\/em>.<\/p>\n<p>In quei giorni, Dio condusse fuori Abram e gli disse: \u00abGuarda in cielo e conta le stelle, se riesci a contarle\u00bb e soggiunse: \u00abTale sar\u00e0 la tua discendenza\u00bb. Egli credette al Signore, che glielo accredit\u00f2 come giustizia.<br \/>\nE gli disse: \u00abIo sono il Signore, che ti ho fatto uscire da Ur dei Caldei per darti in possesso questa terra\u00bb. Rispose: \u00abSignore Dio, come potr\u00f2 sapere che ne avr\u00f2 il possesso?\u00bb. Gli disse: \u00abPrendimi una giovenca di tre anni, una capra di tre anni, un ariete di tre anni, una tortora e un colombo\u00bb.<br \/>\nAnd\u00f2 a prendere tutti questi animali, li divise in due e colloc\u00f2 ogni met\u00e0 di fronte all\u2019altra; non divise per\u00f2 gli uccelli. Gli uccelli rapaci calarono su quei cadaveri, ma Abram li scacci\u00f2.<br \/>\nMentre il sole stava per tramontare, un torpore cadde su Abram, ed ecco terrore e grande oscurit\u00e0 lo assalirono.<br \/>\nQuando, tramontato il sole, si era fatto buio fitto, ecco un braciere fumante e una fiaccola ardente passare in mezzo agli animali divisi. In quel giorno il Signore concluse quest\u2019alleanza con Abram:<br \/>\n\u00abAlla tua discendenza<br \/>\nio do questa terra,<br \/>\ndal fiume d\u2019Egitto<br \/>\nal grande fiume, il fiume Eufrate\u00bb.<\/p>\n<h3>Salmo responsoriale<\/h3>\n<p><em>Sal 26<\/em><\/p>\n<p><strong>Il Signore \u00e8 mia luce e mia salvezza.<\/strong><\/p>\n<p>Il Signore \u00e8 mia luce e mia salvezza:<br \/>\ndi chi avr\u00f2 timore?<br \/>\nIl Signore \u00e8 difesa della mia vita:<br \/>\ndi chi avr\u00f2 paura?<\/p>\n<p>Ascolta, Signore, la mia voce.<br \/>\nIo grido: abbi piet\u00e0 di me, rispondimi!<br \/>\nIl mio cuore ripete il tuo invito:<br \/>\n\u00abCercate il mio volto!\u00bb.<br \/>\nIl tuo volto, Signore, io cerco.<\/p>\n<p>Non nascondermi il tuo volto,<br \/>\nnon respingere con ira il tuo servo.<br \/>\nSei tu il mio aiuto, non lasciarmi,<br \/>\nnon abbandonarmi, Dio della mia salvezza.<\/p>\n<p>Sono certo di contemplare la bont\u00e0 del Signore<br \/>\nnella terra dei viventi.<br \/>\nSpera nel Signore, sii forte,<br \/>\nsi rinsaldi il tuo cuore e spera nel Signore.<\/p>\n<h3>Seconda lettura<\/h3>\n<p><em>Fil 3,17- 4,1<\/em><br \/>\n<em>Cristo ci trasfigurer\u00e0 nel suo corpo glorioso<\/em>.<\/p>\n<p>Fratelli, fatevi insieme miei imitatori e guardate quelli che si comportano secondo l\u2019esempio che avete in noi. Perch\u00e9 molti \u2013 ve l\u2019ho gi\u00e0 detto pi\u00f9 volte e ora, con le lacrime agli occhi, ve lo ripeto \u2013 si comportano da nemici della croce di Cristo. La loro sorte finale sar\u00e0 la perdizione, il ventre \u00e8 il loro dio. Si vantano di ci\u00f2 di cui dovrebbero vergognarsi e non pensano che alle cose della terra.<br \/>\nLa nostra cittadinanza infatti \u00e8 nei cieli e di l\u00e0 aspettiamo come salvatore il Signore Ges\u00f9 Cristo, il quale trasfigurer\u00e0 il nostro misero corpo per conformarlo al suo corpo glorioso, in virt\u00f9 del potere che egli ha di sottomettere a s\u00e9 tutte le cose.<br \/>\nPerci\u00f2, fratelli miei carissimi e tanto desiderati, mia gioia e mia corona, rimanete in questo modo saldi nel Signore, carissimi!<\/p>\n<h3>Canto al Vangelo (Mc 9,7)<\/h3>\n<p>Lode e onore a te, Signore Ges\u00f9!<br \/>\nDalla nube luminosa, si ud\u00ec la voce del Padre:<br \/>\n\u00abQuesti \u00e8 il mio Figlio, l\u2019amato: ascoltatelo!\u00bb.<br \/>\nLode e onore a te, Signore Ges\u00f9!<\/p>\n<h3>Vangelo<\/h3>\n<p><em>Lc 9,28-36<\/em><br \/>\n<em>Mentre Ges\u00f9 pregava, il suo volto cambi\u00f2 d\u2019aspetto<\/em>.<\/p>\n<p>In quel tempo, Ges\u00f9 prese con s\u00e9 Pietro, Giovanni e Giacomo e sal\u00ec sul monte a pregare. Mentre pregava, il suo volto cambi\u00f2 d\u2019aspetto e la sua veste divenne candida e sfolgorante. Ed ecco, due uomini conversavano con lui: erano Mos\u00e8 ed El\u00eca, apparsi nella gloria, e parlavano del suo esodo, che stava per compiersi a Gerusalemme.<br \/>\nPietro e i suoi compagni erano oppressi dal sonno; ma, quando si svegliarono, videro la sua gloria e i due uomini che stavano con lui.<br \/>\nMentre questi si separavano da lui, Pietro disse a Ges\u00f9: \u00abMaestro, \u00e8 bello per noi essere qui. Facciamo tre capanne, una per te, una per Mos\u00e8 e una per El\u00eca\u00bb. Egli non sapeva quello che diceva.<br \/>\nMentre parlava cos\u00ec, venne una nube e li copr\u00ec con la sua ombra. All\u2019entrare nella nube, ebbero paura. E dalla nube usc\u00ec una voce, che diceva: \u00abQuesti \u00e8 il Figlio mio, l\u2019eletto; ascoltatelo!\u00bb.<br \/>\nAppena la voce cess\u00f2, rest\u00f2 Ges\u00f9 solo. Essi tacquero e in quei giorni non riferirono a nessuno ci\u00f2 che avevano visto.[\/vc_column_text][\/vc_column][\/vc_row][vc_row][vc_column][vc_column_text][\/vc_column_text][\/vc_column][\/vc_row]<\/p>\n<\/div>","protected":false},"excerpt":{"rendered":"<p>[vc_row][vc_column][vc_column_text] Omelia Pubblichiamo l\u2019audio di\u00a0un\u2019omelia sulle letture di domenica 21\u00a0febbraio 2016 (S. Messa del giorno). Predicatore:\u00a0p. Giorgio Maria Far\u00e9, OCD[\/vc_column_text][\/vc_column][\/vc_row][vc_row][vc_column][vc_column_text]&#8230;<\/p>\n","protected":false},"author":3,"featured_media":2161,"comment_status":"closed","ping_status":"closed","sticky":false,"template":"","format":"standard","meta":{"footnotes":""},"categories":[15],"tags":[387,551,482,67,553,16,17,79,550,552],"class_list":{"0":"post-2159","1":"post","2":"type-post","3":"status-publish","4":"format-standard","5":"has-post-thumbnail","7":"category-omelie","8":"tag-amicizia-con-gesu","9":"tag-calvario","10":"tag-contemplazione","11":"tag-conversione","12":"tag-memoria","13":"tag-omelie","14":"tag-p-giorgio-maria-fare","15":"tag-preghiera","16":"tag-tabor","17":"tag-trasfigurazione"},"yoast_head":"<!-- This site is optimized with the Yoast SEO plugin v28.2 - https:\/\/yoast.com\/product\/yoast-seo-wordpress\/ -->\n<title>Cambiare il cuore nell&#039;incontro con Cristo - Veritatemincaritate<\/title>\n<meta name=\"robots\" content=\"index, follow, max-snippet:-1, max-image-preview:large, max-video-preview:-1\" \/>\n<link rel=\"canonical\" href=\"https:\/\/www.veritatemincaritate.com\/wp\/2016\/02\/cambiare-il-cuore-nellincontro-con-cristo\/\" \/>\n<meta property=\"og:locale\" content=\"it_IT\" \/>\n<meta property=\"og:type\" content=\"article\" \/>\n<meta property=\"og:title\" content=\"Cambiare il cuore nell&#039;incontro con Cristo - Veritatemincaritate\" \/>\n<meta property=\"og:description\" content=\"[vc_row][vc_column][vc_column_text] Omelia Pubblichiamo l\u2019audio di\u00a0un\u2019omelia sulle letture di domenica 21\u00a0febbraio 2016 (S. Messa del giorno). Predicatore:\u00a0p. Giorgio Maria Far\u00e9, OCD[\/vc_column_text][\/vc_column][\/vc_row][vc_row][vc_column][vc_column_text]...\" \/>\n<meta property=\"og:url\" content=\"https:\/\/www.veritatemincaritate.com\/wp\/2016\/02\/cambiare-il-cuore-nellincontro-con-cristo\/\" \/>\n<meta property=\"og:site_name\" content=\"Veritatemincaritate\" \/>\n<meta property=\"article:publisher\" content=\"https:\/\/www.facebook.com\/pgiorgiomariafare\" \/>\n<meta property=\"article:published_time\" content=\"2016-02-21T21:03:39+00:00\" \/>\n<meta property=\"article:modified_time\" content=\"2021-12-20T09:54:33+00:00\" \/>\n<meta property=\"og:image\" content=\"https:\/\/www.veritatemincaritate.com\/wp\/wp-content\/uploads\/2016\/02\/Trasfigurazione-Raffaello.jpg\" \/>\n\t<meta property=\"og:image:width\" content=\"600\" \/>\n\t<meta property=\"og:image:height\" content=\"400\" \/>\n\t<meta property=\"og:image:type\" content=\"image\/jpeg\" \/>\n<meta name=\"author\" content=\"Gv1114\" \/>\n<meta name=\"twitter:card\" content=\"summary_large_image\" \/>\n<meta name=\"twitter:label1\" content=\"Scritto da\" \/>\n\t<meta name=\"twitter:data1\" content=\"Gv1114\" \/>\n\t<meta name=\"twitter:label2\" content=\"Tempo di lettura stimato\" \/>\n\t<meta name=\"twitter:data2\" content=\"16 minuti\" \/>\n<script type=\"application\/ld+json\" class=\"yoast-schema-graph\">{\"@context\":\"https:\\\/\\\/schema.org\",\"@graph\":[{\"@type\":\"Article\",\"@id\":\"https:\\\/\\\/www.veritatemincaritate.com\\\/wp\\\/2016\\\/02\\\/cambiare-il-cuore-nellincontro-con-cristo\\\/#article\",\"isPartOf\":{\"@id\":\"https:\\\/\\\/www.veritatemincaritate.com\\\/wp\\\/2016\\\/02\\\/cambiare-il-cuore-nellincontro-con-cristo\\\/\"},\"author\":{\"name\":\"Gv1114\",\"@id\":\"https:\\\/\\\/www.veritatemincaritate.com\\\/wp\\\/#\\\/schema\\\/person\\\/17ae821a27aada104588a1d94f526471\"},\"headline\":\"Cambiare il cuore nell&#8217;incontro con Cristo\",\"datePublished\":\"2016-02-21T21:03:39+00:00\",\"dateModified\":\"2021-12-20T09:54:33+00:00\",\"mainEntityOfPage\":{\"@id\":\"https:\\\/\\\/www.veritatemincaritate.com\\\/wp\\\/2016\\\/02\\\/cambiare-il-cuore-nellincontro-con-cristo\\\/\"},\"wordCount\":3169,\"publisher\":{\"@id\":\"https:\\\/\\\/www.veritatemincaritate.com\\\/wp\\\/#organization\"},\"image\":{\"@id\":\"https:\\\/\\\/www.veritatemincaritate.com\\\/wp\\\/2016\\\/02\\\/cambiare-il-cuore-nellincontro-con-cristo\\\/#primaryimage\"},\"thumbnailUrl\":\"https:\\\/\\\/www.veritatemincaritate.com\\\/wp\\\/wp-content\\\/uploads\\\/2016\\\/02\\\/Trasfigurazione-Raffaello.jpg\",\"keywords\":[\"Amicizia con Ges\u00f9\",\"Calvario\",\"contemplazione\",\"conversione\",\"memoria\",\"omelie\",\"p. Giorgio Maria Far\u00e9\",\"preghiera\",\"Tabor\",\"trasfigurazione\"],\"articleSection\":[\"Omelie\"],\"inLanguage\":\"it-IT\"},{\"@type\":\"WebPage\",\"@id\":\"https:\\\/\\\/www.veritatemincaritate.com\\\/wp\\\/2016\\\/02\\\/cambiare-il-cuore-nellincontro-con-cristo\\\/\",\"url\":\"https:\\\/\\\/www.veritatemincaritate.com\\\/wp\\\/2016\\\/02\\\/cambiare-il-cuore-nellincontro-con-cristo\\\/\",\"name\":\"Cambiare il cuore nell'incontro con Cristo - Veritatemincaritate\",\"isPartOf\":{\"@id\":\"https:\\\/\\\/www.veritatemincaritate.com\\\/wp\\\/#website\"},\"primaryImageOfPage\":{\"@id\":\"https:\\\/\\\/www.veritatemincaritate.com\\\/wp\\\/2016\\\/02\\\/cambiare-il-cuore-nellincontro-con-cristo\\\/#primaryimage\"},\"image\":{\"@id\":\"https:\\\/\\\/www.veritatemincaritate.com\\\/wp\\\/2016\\\/02\\\/cambiare-il-cuore-nellincontro-con-cristo\\\/#primaryimage\"},\"thumbnailUrl\":\"https:\\\/\\\/www.veritatemincaritate.com\\\/wp\\\/wp-content\\\/uploads\\\/2016\\\/02\\\/Trasfigurazione-Raffaello.jpg\",\"datePublished\":\"2016-02-21T21:03:39+00:00\",\"dateModified\":\"2021-12-20T09:54:33+00:00\",\"breadcrumb\":{\"@id\":\"https:\\\/\\\/www.veritatemincaritate.com\\\/wp\\\/2016\\\/02\\\/cambiare-il-cuore-nellincontro-con-cristo\\\/#breadcrumb\"},\"inLanguage\":\"it-IT\",\"potentialAction\":[{\"@type\":\"ReadAction\",\"target\":[\"https:\\\/\\\/www.veritatemincaritate.com\\\/wp\\\/2016\\\/02\\\/cambiare-il-cuore-nellincontro-con-cristo\\\/\"]}]},{\"@type\":\"ImageObject\",\"inLanguage\":\"it-IT\",\"@id\":\"https:\\\/\\\/www.veritatemincaritate.com\\\/wp\\\/2016\\\/02\\\/cambiare-il-cuore-nellincontro-con-cristo\\\/#primaryimage\",\"url\":\"https:\\\/\\\/www.veritatemincaritate.com\\\/wp\\\/wp-content\\\/uploads\\\/2016\\\/02\\\/Trasfigurazione-Raffaello.jpg\",\"contentUrl\":\"https:\\\/\\\/www.veritatemincaritate.com\\\/wp\\\/wp-content\\\/uploads\\\/2016\\\/02\\\/Trasfigurazione-Raffaello.jpg\",\"width\":600,\"height\":400},{\"@type\":\"BreadcrumbList\",\"@id\":\"https:\\\/\\\/www.veritatemincaritate.com\\\/wp\\\/2016\\\/02\\\/cambiare-il-cuore-nellincontro-con-cristo\\\/#breadcrumb\",\"itemListElement\":[{\"@type\":\"ListItem\",\"position\":1,\"name\":\"Home\",\"item\":\"https:\\\/\\\/www.veritatemincaritate.com\\\/wp\\\/\"},{\"@type\":\"ListItem\",\"position\":2,\"name\":\"Cambiare il cuore nell&#8217;incontro con Cristo\"}]},{\"@type\":\"WebSite\",\"@id\":\"https:\\\/\\\/www.veritatemincaritate.com\\\/wp\\\/#website\",\"url\":\"https:\\\/\\\/www.veritatemincaritate.com\\\/wp\\\/\",\"name\":\"Veritatemincaritate\",\"description\":\"Agendo secondo verit\u00e0 nella carit\u00e0, cerchiamo di crescere in ogni cosa tendendo a lui, che \u00e8 il capo, Cristo\",\"publisher\":{\"@id\":\"https:\\\/\\\/www.veritatemincaritate.com\\\/wp\\\/#organization\"},\"potentialAction\":[{\"@type\":\"SearchAction\",\"target\":{\"@type\":\"EntryPoint\",\"urlTemplate\":\"https:\\\/\\\/www.veritatemincaritate.com\\\/wp\\\/?s={search_term_string}\"},\"query-input\":{\"@type\":\"PropertyValueSpecification\",\"valueRequired\":true,\"valueName\":\"search_term_string\"}}],\"inLanguage\":\"it-IT\"},{\"@type\":\"Organization\",\"@id\":\"https:\\\/\\\/www.veritatemincaritate.com\\\/wp\\\/#organization\",\"name\":\"Veritatem facientes in Caritate\",\"url\":\"https:\\\/\\\/www.veritatemincaritate.com\\\/wp\\\/\",\"logo\":{\"@type\":\"ImageObject\",\"inLanguage\":\"it-IT\",\"@id\":\"https:\\\/\\\/www.veritatemincaritate.com\\\/wp\\\/#\\\/schema\\\/logo\\\/image\\\/\",\"url\":\"https:\\\/\\\/www.veritatemincaritate.com\\\/wp\\\/wp-content\\\/uploads\\\/2020\\\/07\\\/Logo-VIC-per-canale-Youtube.jpg\",\"contentUrl\":\"https:\\\/\\\/www.veritatemincaritate.com\\\/wp\\\/wp-content\\\/uploads\\\/2020\\\/07\\\/Logo-VIC-per-canale-Youtube.jpg\",\"width\":720,\"height\":720,\"caption\":\"Veritatem facientes in Caritate\"},\"image\":{\"@id\":\"https:\\\/\\\/www.veritatemincaritate.com\\\/wp\\\/#\\\/schema\\\/logo\\\/image\\\/\"},\"sameAs\":[\"https:\\\/\\\/www.facebook.com\\\/pgiorgiomariafare\",\"https:\\\/\\\/instagram.com\\\/padre_giorgio_maria_fare?igshid=1p8wsw6b3edkc\",\"https:\\\/\\\/www.youtube.com\\\/channel\\\/UCFqjpT1nX60rx3m_SELg3lA\"]},{\"@type\":\"Person\",\"@id\":\"https:\\\/\\\/www.veritatemincaritate.com\\\/wp\\\/#\\\/schema\\\/person\\\/17ae821a27aada104588a1d94f526471\",\"name\":\"Gv1114\",\"image\":{\"@type\":\"ImageObject\",\"inLanguage\":\"it-IT\",\"@id\":\"https:\\\/\\\/secure.gravatar.com\\\/avatar\\\/5d29baa7fbb92e99034e1d9f7a4f83926de7a8a8f450bf35d58714f1ec0a3c39?s=96&d=mm&r=g\",\"url\":\"https:\\\/\\\/secure.gravatar.com\\\/avatar\\\/5d29baa7fbb92e99034e1d9f7a4f83926de7a8a8f450bf35d58714f1ec0a3c39?s=96&d=mm&r=g\",\"contentUrl\":\"https:\\\/\\\/secure.gravatar.com\\\/avatar\\\/5d29baa7fbb92e99034e1d9f7a4f83926de7a8a8f450bf35d58714f1ec0a3c39?s=96&d=mm&r=g\",\"caption\":\"Gv1114\"}}]}<\/script>\n<!-- \/ Yoast SEO plugin. -->","yoast_head_json":{"title":"Cambiare il cuore nell'incontro con Cristo - Veritatemincaritate","robots":{"index":"index","follow":"follow","max-snippet":"max-snippet:-1","max-image-preview":"max-image-preview:large","max-video-preview":"max-video-preview:-1"},"canonical":"https:\/\/www.veritatemincaritate.com\/wp\/2016\/02\/cambiare-il-cuore-nellincontro-con-cristo\/","og_locale":"it_IT","og_type":"article","og_title":"Cambiare il cuore nell'incontro con Cristo - Veritatemincaritate","og_description":"[vc_row][vc_column][vc_column_text] Omelia Pubblichiamo l\u2019audio di\u00a0un\u2019omelia sulle letture di domenica 21\u00a0febbraio 2016 (S. Messa del giorno). Predicatore:\u00a0p. Giorgio Maria Far\u00e9, OCD[\/vc_column_text][\/vc_column][\/vc_row][vc_row][vc_column][vc_column_text]...","og_url":"https:\/\/www.veritatemincaritate.com\/wp\/2016\/02\/cambiare-il-cuore-nellincontro-con-cristo\/","og_site_name":"Veritatemincaritate","article_publisher":"https:\/\/www.facebook.com\/pgiorgiomariafare","article_published_time":"2016-02-21T21:03:39+00:00","article_modified_time":"2021-12-20T09:54:33+00:00","og_image":[{"width":600,"height":400,"url":"https:\/\/www.veritatemincaritate.com\/wp\/wp-content\/uploads\/2016\/02\/Trasfigurazione-Raffaello.jpg","type":"image\/jpeg"}],"author":"Gv1114","twitter_card":"summary_large_image","twitter_misc":{"Scritto da":"Gv1114","Tempo di lettura stimato":"16 minuti"},"schema":{"@context":"https:\/\/schema.org","@graph":[{"@type":"Article","@id":"https:\/\/www.veritatemincaritate.com\/wp\/2016\/02\/cambiare-il-cuore-nellincontro-con-cristo\/#article","isPartOf":{"@id":"https:\/\/www.veritatemincaritate.com\/wp\/2016\/02\/cambiare-il-cuore-nellincontro-con-cristo\/"},"author":{"name":"Gv1114","@id":"https:\/\/www.veritatemincaritate.com\/wp\/#\/schema\/person\/17ae821a27aada104588a1d94f526471"},"headline":"Cambiare il cuore nell&#8217;incontro con Cristo","datePublished":"2016-02-21T21:03:39+00:00","dateModified":"2021-12-20T09:54:33+00:00","mainEntityOfPage":{"@id":"https:\/\/www.veritatemincaritate.com\/wp\/2016\/02\/cambiare-il-cuore-nellincontro-con-cristo\/"},"wordCount":3169,"publisher":{"@id":"https:\/\/www.veritatemincaritate.com\/wp\/#organization"},"image":{"@id":"https:\/\/www.veritatemincaritate.com\/wp\/2016\/02\/cambiare-il-cuore-nellincontro-con-cristo\/#primaryimage"},"thumbnailUrl":"https:\/\/www.veritatemincaritate.com\/wp\/wp-content\/uploads\/2016\/02\/Trasfigurazione-Raffaello.jpg","keywords":["Amicizia con Ges\u00f9","Calvario","contemplazione","conversione","memoria","omelie","p. Giorgio Maria Far\u00e9","preghiera","Tabor","trasfigurazione"],"articleSection":["Omelie"],"inLanguage":"it-IT"},{"@type":"WebPage","@id":"https:\/\/www.veritatemincaritate.com\/wp\/2016\/02\/cambiare-il-cuore-nellincontro-con-cristo\/","url":"https:\/\/www.veritatemincaritate.com\/wp\/2016\/02\/cambiare-il-cuore-nellincontro-con-cristo\/","name":"Cambiare il cuore nell'incontro con Cristo - Veritatemincaritate","isPartOf":{"@id":"https:\/\/www.veritatemincaritate.com\/wp\/#website"},"primaryImageOfPage":{"@id":"https:\/\/www.veritatemincaritate.com\/wp\/2016\/02\/cambiare-il-cuore-nellincontro-con-cristo\/#primaryimage"},"image":{"@id":"https:\/\/www.veritatemincaritate.com\/wp\/2016\/02\/cambiare-il-cuore-nellincontro-con-cristo\/#primaryimage"},"thumbnailUrl":"https:\/\/www.veritatemincaritate.com\/wp\/wp-content\/uploads\/2016\/02\/Trasfigurazione-Raffaello.jpg","datePublished":"2016-02-21T21:03:39+00:00","dateModified":"2021-12-20T09:54:33+00:00","breadcrumb":{"@id":"https:\/\/www.veritatemincaritate.com\/wp\/2016\/02\/cambiare-il-cuore-nellincontro-con-cristo\/#breadcrumb"},"inLanguage":"it-IT","potentialAction":[{"@type":"ReadAction","target":["https:\/\/www.veritatemincaritate.com\/wp\/2016\/02\/cambiare-il-cuore-nellincontro-con-cristo\/"]}]},{"@type":"ImageObject","inLanguage":"it-IT","@id":"https:\/\/www.veritatemincaritate.com\/wp\/2016\/02\/cambiare-il-cuore-nellincontro-con-cristo\/#primaryimage","url":"https:\/\/www.veritatemincaritate.com\/wp\/wp-content\/uploads\/2016\/02\/Trasfigurazione-Raffaello.jpg","contentUrl":"https:\/\/www.veritatemincaritate.com\/wp\/wp-content\/uploads\/2016\/02\/Trasfigurazione-Raffaello.jpg","width":600,"height":400},{"@type":"BreadcrumbList","@id":"https:\/\/www.veritatemincaritate.com\/wp\/2016\/02\/cambiare-il-cuore-nellincontro-con-cristo\/#breadcrumb","itemListElement":[{"@type":"ListItem","position":1,"name":"Home","item":"https:\/\/www.veritatemincaritate.com\/wp\/"},{"@type":"ListItem","position":2,"name":"Cambiare il cuore nell&#8217;incontro con Cristo"}]},{"@type":"WebSite","@id":"https:\/\/www.veritatemincaritate.com\/wp\/#website","url":"https:\/\/www.veritatemincaritate.com\/wp\/","name":"Veritatemincaritate","description":"Agendo secondo verit\u00e0 nella carit\u00e0, cerchiamo di crescere in ogni cosa tendendo a lui, che \u00e8 il capo, Cristo","publisher":{"@id":"https:\/\/www.veritatemincaritate.com\/wp\/#organization"},"potentialAction":[{"@type":"SearchAction","target":{"@type":"EntryPoint","urlTemplate":"https:\/\/www.veritatemincaritate.com\/wp\/?s={search_term_string}"},"query-input":{"@type":"PropertyValueSpecification","valueRequired":true,"valueName":"search_term_string"}}],"inLanguage":"it-IT"},{"@type":"Organization","@id":"https:\/\/www.veritatemincaritate.com\/wp\/#organization","name":"Veritatem facientes in Caritate","url":"https:\/\/www.veritatemincaritate.com\/wp\/","logo":{"@type":"ImageObject","inLanguage":"it-IT","@id":"https:\/\/www.veritatemincaritate.com\/wp\/#\/schema\/logo\/image\/","url":"https:\/\/www.veritatemincaritate.com\/wp\/wp-content\/uploads\/2020\/07\/Logo-VIC-per-canale-Youtube.jpg","contentUrl":"https:\/\/www.veritatemincaritate.com\/wp\/wp-content\/uploads\/2020\/07\/Logo-VIC-per-canale-Youtube.jpg","width":720,"height":720,"caption":"Veritatem facientes in Caritate"},"image":{"@id":"https:\/\/www.veritatemincaritate.com\/wp\/#\/schema\/logo\/image\/"},"sameAs":["https:\/\/www.facebook.com\/pgiorgiomariafare","https:\/\/instagram.com\/padre_giorgio_maria_fare?igshid=1p8wsw6b3edkc","https:\/\/www.youtube.com\/channel\/UCFqjpT1nX60rx3m_SELg3lA"]},{"@type":"Person","@id":"https:\/\/www.veritatemincaritate.com\/wp\/#\/schema\/person\/17ae821a27aada104588a1d94f526471","name":"Gv1114","image":{"@type":"ImageObject","inLanguage":"it-IT","@id":"https:\/\/secure.gravatar.com\/avatar\/5d29baa7fbb92e99034e1d9f7a4f83926de7a8a8f450bf35d58714f1ec0a3c39?s=96&d=mm&r=g","url":"https:\/\/secure.gravatar.com\/avatar\/5d29baa7fbb92e99034e1d9f7a4f83926de7a8a8f450bf35d58714f1ec0a3c39?s=96&d=mm&r=g","contentUrl":"https:\/\/secure.gravatar.com\/avatar\/5d29baa7fbb92e99034e1d9f7a4f83926de7a8a8f450bf35d58714f1ec0a3c39?s=96&d=mm&r=g","caption":"Gv1114"}}]}},"menu_order":0,"_links":{"self":[{"href":"https:\/\/www.veritatemincaritate.com\/wp\/wp-json\/wp\/v2\/posts\/2159","targetHints":{"allow":["GET"]}}],"collection":[{"href":"https:\/\/www.veritatemincaritate.com\/wp\/wp-json\/wp\/v2\/posts"}],"about":[{"href":"https:\/\/www.veritatemincaritate.com\/wp\/wp-json\/wp\/v2\/types\/post"}],"author":[{"embeddable":true,"href":"https:\/\/www.veritatemincaritate.com\/wp\/wp-json\/wp\/v2\/users\/3"}],"replies":[{"embeddable":true,"href":"https:\/\/www.veritatemincaritate.com\/wp\/wp-json\/wp\/v2\/comments?post=2159"}],"version-history":[{"count":0,"href":"https:\/\/www.veritatemincaritate.com\/wp\/wp-json\/wp\/v2\/posts\/2159\/revisions"}],"wp:featuredmedia":[{"embeddable":true,"href":"https:\/\/www.veritatemincaritate.com\/wp\/wp-json\/wp\/v2\/media\/2161"}],"wp:attachment":[{"href":"https:\/\/www.veritatemincaritate.com\/wp\/wp-json\/wp\/v2\/media?parent=2159"}],"wp:term":[{"taxonomy":"category","embeddable":true,"href":"https:\/\/www.veritatemincaritate.com\/wp\/wp-json\/wp\/v2\/categories?post=2159"},{"taxonomy":"post_tag","embeddable":true,"href":"https:\/\/www.veritatemincaritate.com\/wp\/wp-json\/wp\/v2\/tags?post=2159"}],"curies":[{"name":"wp","href":"https:\/\/api.w.org\/{rel}","templated":true}]}}