{"id":21716,"date":"2020-10-23T13:42:45","date_gmt":"2020-10-23T11:42:45","guid":{"rendered":"https:\/\/www.veritatemincaritate.com\/?p=21716"},"modified":"2023-10-18T10:44:02","modified_gmt":"2023-10-18T08:44:02","slug":"novena-a-tutti-i-santi","status":"publish","type":"post","link":"https:\/\/www.veritatemincaritate.com\/wp\/2020\/10\/novena-a-tutti-i-santi\/","title":{"rendered":"Novena a tutti i Santi"},"content":{"rendered":"<div class=\"wpb-content-wrapper\"><p>[vc_row][vc_column][vc_empty_space][vc_column_text]Recitare queste preghiere ogni giorno dal 23 al 31 ottobre.[\/vc_column_text][\/vc_column][\/vc_row][vc_row][vc_column][vc_column_text]<em>Nel nome del Padre e del Figlio e dello Spirito Santo. Amen<\/em><\/p>\n<p><em>O Dio, vieni a salvarmi.<\/em><br \/>\n<em>Signore vieni presto in mio aiuto.<\/em><\/p>\n<p><em>Gloria al Padre al Figlio e allo Spirito Santo. Come era nel principio ora e sempre nei secoli dei secoli. Amen.<\/em><\/p>\n<p><strong>Oh Regina di tutti i Santi, la pi\u00f9 potente Mediatrice fra Dio e gli uomini, e arbitra Sovrana di tutte le grazie, volgete sopra di noi gli sguardi della Vostra misericordia, e fate che, camminando dietro le orme da Voi segnate nella strada della virt\u00f9, meritiamo il favore del Vostro potentissimo patrocinio, e ci assicuriamo la partecipazione alla Vostra Gloria nel Paradiso.<\/strong><\/p>\n<p><em>3 Ave Maria<\/em><\/p>\n<p><strong>Spiriti Celesti, che fin dal principio del mondo assistete al trono dell\u2019Altissimo, Voi la cui continua occupazione \u00e8 cantare le Sue Lodi, eseguire i Suoi ordini, e zelare la Sua gloria, ottenete a noi tutti la grazia di fare nostra delizia l\u2019osservanza dei divini comandamenti e la pratica fedele di tutto quello che Voi per celeste commissione suggerite al cuor nostro, onde meritiamo un qualche giorno di occupare qualcuna delle tante sedi rimaste vuote per la ribellione dei Vostri compagni.<\/strong><\/p>\n<p><em>3 Angele Dei<\/em><\/p>\n<p><strong>Fedelissimi Patriarchi, Santissimi Profeti, zelantissimi Apostoli, invitti Martiri, integerrimi Confessori, Vergini e Santi. Voi tutti che regnate con Cristo nel Paradiso, dai seggi luminosi della Vostra beatitudine volgete uno sguardo di piet\u00e0 sopra di noi.<\/strong><\/p>\n<p><strong>Voi godete ora l\u2019ampia messe di gaudio che meritata vi siete seminando nelle lacrime in questa terra di esilio. Niente meno che Dio \u00e8 adesso il premio delle vostre fatiche, il principio, l\u2019oggetto e il fine dei Vostri godimenti.<\/strong><\/p>\n<p><strong>Oh Anime beate, intercedete per noi! Otteneteci di camminare fedeli dietro le Vostre orme, di seguire animosi i Vostri esempi, di ricopiare in noi stessi le virt\u00f9 Vostre, affinch\u00e9 da imitatori che siamo attualmente delle grandi virt\u00f9, diventiamo un giorno partecipi della Vostra Gloria immortale.<\/strong><\/p>\n<p><em>3 Gloria Patri<\/em><\/p>\n<p><em>Nel nome del Padre del Figlio e dello Spirito Santo. Amen<\/em>[\/vc_column_text][\/vc_column][\/vc_row]<\/p>\n<\/div>","protected":false},"excerpt":{"rendered":"<p>[vc_row][vc_column][vc_empty_space][vc_column_text]Recitare queste preghiere ogni giorno dal 23 al 31 ottobre.[\/vc_column_text][\/vc_column][\/vc_row][vc_row][vc_column][vc_column_text]Nel nome del Padre e del Figlio e dello Spirito Santo&#8230;.<\/p>\n","protected":false},"author":4,"featured_media":31695,"comment_status":"closed","ping_status":"closed","sticky":false,"template":"","format":"standard","meta":{"footnotes":""},"categories":[21],"tags":[743,8533,8688,8532],"class_list":{"0":"post-21716","1":"post","2":"type-post","3":"status-publish","4":"format-standard","5":"has-post-thumbnail","7":"category-devozione","8":"tag-devozioni","9":"tag-novena-di-ognisanti","10":"tag-novene","11":"tag-ognisanti"},"yoast_head":"<!-- This site is optimized with the Yoast SEO plugin v27.5 - https:\/\/yoast.com\/product\/yoast-seo-wordpress\/ -->\n<title>Novena a tutti i Santi - Veritatemincaritate<\/title>\n<meta name=\"description\" content=\"Novena a tutti i Santi da recitare dal 23 al 31 ottobre in preparazione al giorno della Solennit\u00e0 di Ognisanti.\" \/>\n<meta name=\"robots\" content=\"index, follow, max-snippet:-1, max-image-preview:large, max-video-preview:-1\" \/>\n<link rel=\"canonical\" href=\"https:\/\/www.veritatemincaritate.com\/wp\/2020\/10\/novena-a-tutti-i-santi\/\" \/>\n<meta property=\"og:locale\" content=\"it_IT\" \/>\n<meta property=\"og:type\" content=\"article\" \/>\n<meta property=\"og:title\" content=\"Novena a tutti i Santi\" \/>\n<meta property=\"og:description\" content=\"Novena a tutti i Santi\" \/>\n<meta property=\"og:url\" content=\"https:\/\/www.veritatemincaritate.com\/wp\/2020\/10\/novena-a-tutti-i-santi\/\" \/>\n<meta property=\"og:site_name\" content=\"Veritatemincaritate\" \/>\n<meta property=\"article:publisher\" content=\"https:\/\/www.facebook.com\/pgiorgiomariafare\" \/>\n<meta property=\"article:published_time\" content=\"2020-10-23T11:42:45+00:00\" \/>\n<meta property=\"article:modified_time\" content=\"2023-10-18T08:44:02+00:00\" \/>\n<meta property=\"og:image\" content=\"https:\/\/www.veritatemincaritate.com\/wp\/wp-content\/uploads\/2020\/11\/Devozioni-Tutti-i-Santi-4.jpg\" \/>\n\t<meta property=\"og:image:width\" content=\"600\" \/>\n\t<meta property=\"og:image:height\" content=\"400\" \/>\n\t<meta property=\"og:image:type\" content=\"image\/jpeg\" \/>\n<meta name=\"author\" content=\"Is551011\" \/>\n<meta name=\"twitter:card\" content=\"summary_large_image\" \/>\n<meta name=\"twitter:title\" content=\"Novena a tutti i Santi\" \/>\n<meta name=\"twitter:description\" content=\"Novena a tutti i Santi\" \/>\n<meta name=\"twitter:image\" content=\"https:\/\/www.veritatemincaritate.com\/wp\/wp-content\/uploads\/2020\/11\/Devozioni-Tutti-i-Santi-4.jpg\" \/>\n<meta name=\"twitter:label1\" content=\"Scritto da\" \/>\n\t<meta name=\"twitter:data1\" content=\"Is551011\" \/>\n\t<meta name=\"twitter:label2\" content=\"Tempo di lettura stimato\" \/>\n\t<meta name=\"twitter:data2\" content=\"2 minuti\" \/>\n<script type=\"application\/ld+json\" class=\"yoast-schema-graph\">{\"@context\":\"https:\\\/\\\/schema.org\",\"@graph\":[{\"@type\":\"Article\",\"@id\":\"https:\\\/\\\/www.veritatemincaritate.com\\\/wp\\\/2020\\\/10\\\/novena-a-tutti-i-santi\\\/#article\",\"isPartOf\":{\"@id\":\"https:\\\/\\\/www.veritatemincaritate.com\\\/wp\\\/2020\\\/10\\\/novena-a-tutti-i-santi\\\/\"},\"author\":{\"name\":\"Is551011\",\"@id\":\"https:\\\/\\\/www.veritatemincaritate.com\\\/wp\\\/#\\\/schema\\\/person\\\/ae324896700d097ddc6db39f45894b80\"},\"headline\":\"Novena a tutti i Santi\",\"datePublished\":\"2020-10-23T11:42:45+00:00\",\"dateModified\":\"2023-10-18T08:44:02+00:00\",\"mainEntityOfPage\":{\"@id\":\"https:\\\/\\\/www.veritatemincaritate.com\\\/wp\\\/2020\\\/10\\\/novena-a-tutti-i-santi\\\/\"},\"wordCount\":368,\"publisher\":{\"@id\":\"https:\\\/\\\/www.veritatemincaritate.com\\\/wp\\\/#organization\"},\"image\":{\"@id\":\"https:\\\/\\\/www.veritatemincaritate.com\\\/wp\\\/2020\\\/10\\\/novena-a-tutti-i-santi\\\/#primaryimage\"},\"thumbnailUrl\":\"https:\\\/\\\/www.veritatemincaritate.com\\\/wp\\\/wp-content\\\/uploads\\\/2020\\\/11\\\/Devozioni-Tutti-i-Santi-4.jpg\",\"keywords\":[\"devozioni\",\"Novena di Ognisanti\",\"Novene\",\"Ognisanti\"],\"articleSection\":[\"Devozione\"],\"inLanguage\":\"it-IT\"},{\"@type\":\"WebPage\",\"@id\":\"https:\\\/\\\/www.veritatemincaritate.com\\\/wp\\\/2020\\\/10\\\/novena-a-tutti-i-santi\\\/\",\"url\":\"https:\\\/\\\/www.veritatemincaritate.com\\\/wp\\\/2020\\\/10\\\/novena-a-tutti-i-santi\\\/\",\"name\":\"Novena a tutti i Santi - Veritatemincaritate\",\"isPartOf\":{\"@id\":\"https:\\\/\\\/www.veritatemincaritate.com\\\/wp\\\/#website\"},\"primaryImageOfPage\":{\"@id\":\"https:\\\/\\\/www.veritatemincaritate.com\\\/wp\\\/2020\\\/10\\\/novena-a-tutti-i-santi\\\/#primaryimage\"},\"image\":{\"@id\":\"https:\\\/\\\/www.veritatemincaritate.com\\\/wp\\\/2020\\\/10\\\/novena-a-tutti-i-santi\\\/#primaryimage\"},\"thumbnailUrl\":\"https:\\\/\\\/www.veritatemincaritate.com\\\/wp\\\/wp-content\\\/uploads\\\/2020\\\/11\\\/Devozioni-Tutti-i-Santi-4.jpg\",\"datePublished\":\"2020-10-23T11:42:45+00:00\",\"dateModified\":\"2023-10-18T08:44:02+00:00\",\"description\":\"Novena a tutti i Santi da recitare dal 23 al 31 ottobre in preparazione al giorno della Solennit\u00e0 di Ognisanti.\",\"breadcrumb\":{\"@id\":\"https:\\\/\\\/www.veritatemincaritate.com\\\/wp\\\/2020\\\/10\\\/novena-a-tutti-i-santi\\\/#breadcrumb\"},\"inLanguage\":\"it-IT\",\"potentialAction\":[{\"@type\":\"ReadAction\",\"target\":[\"https:\\\/\\\/www.veritatemincaritate.com\\\/wp\\\/2020\\\/10\\\/novena-a-tutti-i-santi\\\/\"]}]},{\"@type\":\"ImageObject\",\"inLanguage\":\"it-IT\",\"@id\":\"https:\\\/\\\/www.veritatemincaritate.com\\\/wp\\\/2020\\\/10\\\/novena-a-tutti-i-santi\\\/#primaryimage\",\"url\":\"https:\\\/\\\/www.veritatemincaritate.com\\\/wp\\\/wp-content\\\/uploads\\\/2020\\\/11\\\/Devozioni-Tutti-i-Santi-4.jpg\",\"contentUrl\":\"https:\\\/\\\/www.veritatemincaritate.com\\\/wp\\\/wp-content\\\/uploads\\\/2020\\\/11\\\/Devozioni-Tutti-i-Santi-4.jpg\",\"width\":600,\"height\":400,\"caption\":\"Tutti i Santi\"},{\"@type\":\"BreadcrumbList\",\"@id\":\"https:\\\/\\\/www.veritatemincaritate.com\\\/wp\\\/2020\\\/10\\\/novena-a-tutti-i-santi\\\/#breadcrumb\",\"itemListElement\":[{\"@type\":\"ListItem\",\"position\":1,\"name\":\"Home\",\"item\":\"https:\\\/\\\/www.veritatemincaritate.com\\\/wp\\\/\"},{\"@type\":\"ListItem\",\"position\":2,\"name\":\"Novena a tutti i Santi\"}]},{\"@type\":\"WebSite\",\"@id\":\"https:\\\/\\\/www.veritatemincaritate.com\\\/wp\\\/#website\",\"url\":\"https:\\\/\\\/www.veritatemincaritate.com\\\/wp\\\/\",\"name\":\"Veritatemincaritate\",\"description\":\"Agendo secondo verit\u00e0 nella carit\u00e0, cerchiamo di crescere in ogni cosa tendendo a lui, che \u00e8 il capo, Cristo\",\"publisher\":{\"@id\":\"https:\\\/\\\/www.veritatemincaritate.com\\\/wp\\\/#organization\"},\"potentialAction\":[{\"@type\":\"SearchAction\",\"target\":{\"@type\":\"EntryPoint\",\"urlTemplate\":\"https:\\\/\\\/www.veritatemincaritate.com\\\/wp\\\/?s={search_term_string}\"},\"query-input\":{\"@type\":\"PropertyValueSpecification\",\"valueRequired\":true,\"valueName\":\"search_term_string\"}}],\"inLanguage\":\"it-IT\"},{\"@type\":\"Organization\",\"@id\":\"https:\\\/\\\/www.veritatemincaritate.com\\\/wp\\\/#organization\",\"name\":\"Veritatem facientes in Caritate\",\"url\":\"https:\\\/\\\/www.veritatemincaritate.com\\\/wp\\\/\",\"logo\":{\"@type\":\"ImageObject\",\"inLanguage\":\"it-IT\",\"@id\":\"https:\\\/\\\/www.veritatemincaritate.com\\\/wp\\\/#\\\/schema\\\/logo\\\/image\\\/\",\"url\":\"https:\\\/\\\/www.veritatemincaritate.com\\\/wp\\\/wp-content\\\/uploads\\\/2020\\\/07\\\/Logo-VIC-per-canale-Youtube.jpg\",\"contentUrl\":\"https:\\\/\\\/www.veritatemincaritate.com\\\/wp\\\/wp-content\\\/uploads\\\/2020\\\/07\\\/Logo-VIC-per-canale-Youtube.jpg\",\"width\":720,\"height\":720,\"caption\":\"Veritatem facientes in Caritate\"},\"image\":{\"@id\":\"https:\\\/\\\/www.veritatemincaritate.com\\\/wp\\\/#\\\/schema\\\/logo\\\/image\\\/\"},\"sameAs\":[\"https:\\\/\\\/www.facebook.com\\\/pgiorgiomariafare\",\"https:\\\/\\\/instagram.com\\\/padre_giorgio_maria_fare?igshid=1p8wsw6b3edkc\",\"https:\\\/\\\/www.youtube.com\\\/channel\\\/UCFqjpT1nX60rx3m_SELg3lA\"]},{\"@type\":\"Person\",\"@id\":\"https:\\\/\\\/www.veritatemincaritate.com\\\/wp\\\/#\\\/schema\\\/person\\\/ae324896700d097ddc6db39f45894b80\",\"name\":\"Is551011\",\"image\":{\"@type\":\"ImageObject\",\"inLanguage\":\"it-IT\",\"@id\":\"https:\\\/\\\/secure.gravatar.com\\\/avatar\\\/c031fff76d6f121d3530ae43ac8407bd6ac4d5c3c8a89c237d6990047f9a6307?s=96&d=mm&r=g\",\"url\":\"https:\\\/\\\/secure.gravatar.com\\\/avatar\\\/c031fff76d6f121d3530ae43ac8407bd6ac4d5c3c8a89c237d6990047f9a6307?s=96&d=mm&r=g\",\"contentUrl\":\"https:\\\/\\\/secure.gravatar.com\\\/avatar\\\/c031fff76d6f121d3530ae43ac8407bd6ac4d5c3c8a89c237d6990047f9a6307?s=96&d=mm&r=g\",\"caption\":\"Is551011\"}}]}<\/script>\n<!-- \/ Yoast SEO plugin. -->","yoast_head_json":{"title":"Novena a tutti i Santi - Veritatemincaritate","description":"Novena a tutti i Santi da recitare dal 23 al 31 ottobre in preparazione al giorno della Solennit\u00e0 di Ognisanti.","robots":{"index":"index","follow":"follow","max-snippet":"max-snippet:-1","max-image-preview":"max-image-preview:large","max-video-preview":"max-video-preview:-1"},"canonical":"https:\/\/www.veritatemincaritate.com\/wp\/2020\/10\/novena-a-tutti-i-santi\/","og_locale":"it_IT","og_type":"article","og_title":"Novena a tutti i Santi","og_description":"Novena a tutti i Santi","og_url":"https:\/\/www.veritatemincaritate.com\/wp\/2020\/10\/novena-a-tutti-i-santi\/","og_site_name":"Veritatemincaritate","article_publisher":"https:\/\/www.facebook.com\/pgiorgiomariafare","article_published_time":"2020-10-23T11:42:45+00:00","article_modified_time":"2023-10-18T08:44:02+00:00","og_image":[{"width":600,"height":400,"url":"https:\/\/www.veritatemincaritate.com\/wp\/wp-content\/uploads\/2020\/11\/Devozioni-Tutti-i-Santi-4.jpg","type":"image\/jpeg"}],"author":"Is551011","twitter_card":"summary_large_image","twitter_title":"Novena a tutti i Santi","twitter_description":"Novena a tutti i Santi","twitter_image":"https:\/\/www.veritatemincaritate.com\/wp\/wp-content\/uploads\/2020\/11\/Devozioni-Tutti-i-Santi-4.jpg","twitter_misc":{"Scritto da":"Is551011","Tempo di lettura stimato":"2 minuti"},"schema":{"@context":"https:\/\/schema.org","@graph":[{"@type":"Article","@id":"https:\/\/www.veritatemincaritate.com\/wp\/2020\/10\/novena-a-tutti-i-santi\/#article","isPartOf":{"@id":"https:\/\/www.veritatemincaritate.com\/wp\/2020\/10\/novena-a-tutti-i-santi\/"},"author":{"name":"Is551011","@id":"https:\/\/www.veritatemincaritate.com\/wp\/#\/schema\/person\/ae324896700d097ddc6db39f45894b80"},"headline":"Novena a tutti i Santi","datePublished":"2020-10-23T11:42:45+00:00","dateModified":"2023-10-18T08:44:02+00:00","mainEntityOfPage":{"@id":"https:\/\/www.veritatemincaritate.com\/wp\/2020\/10\/novena-a-tutti-i-santi\/"},"wordCount":368,"publisher":{"@id":"https:\/\/www.veritatemincaritate.com\/wp\/#organization"},"image":{"@id":"https:\/\/www.veritatemincaritate.com\/wp\/2020\/10\/novena-a-tutti-i-santi\/#primaryimage"},"thumbnailUrl":"https:\/\/www.veritatemincaritate.com\/wp\/wp-content\/uploads\/2020\/11\/Devozioni-Tutti-i-Santi-4.jpg","keywords":["devozioni","Novena di Ognisanti","Novene","Ognisanti"],"articleSection":["Devozione"],"inLanguage":"it-IT"},{"@type":"WebPage","@id":"https:\/\/www.veritatemincaritate.com\/wp\/2020\/10\/novena-a-tutti-i-santi\/","url":"https:\/\/www.veritatemincaritate.com\/wp\/2020\/10\/novena-a-tutti-i-santi\/","name":"Novena a tutti i Santi - Veritatemincaritate","isPartOf":{"@id":"https:\/\/www.veritatemincaritate.com\/wp\/#website"},"primaryImageOfPage":{"@id":"https:\/\/www.veritatemincaritate.com\/wp\/2020\/10\/novena-a-tutti-i-santi\/#primaryimage"},"image":{"@id":"https:\/\/www.veritatemincaritate.com\/wp\/2020\/10\/novena-a-tutti-i-santi\/#primaryimage"},"thumbnailUrl":"https:\/\/www.veritatemincaritate.com\/wp\/wp-content\/uploads\/2020\/11\/Devozioni-Tutti-i-Santi-4.jpg","datePublished":"2020-10-23T11:42:45+00:00","dateModified":"2023-10-18T08:44:02+00:00","description":"Novena a tutti i Santi da recitare dal 23 al 31 ottobre in preparazione al giorno della Solennit\u00e0 di Ognisanti.","breadcrumb":{"@id":"https:\/\/www.veritatemincaritate.com\/wp\/2020\/10\/novena-a-tutti-i-santi\/#breadcrumb"},"inLanguage":"it-IT","potentialAction":[{"@type":"ReadAction","target":["https:\/\/www.veritatemincaritate.com\/wp\/2020\/10\/novena-a-tutti-i-santi\/"]}]},{"@type":"ImageObject","inLanguage":"it-IT","@id":"https:\/\/www.veritatemincaritate.com\/wp\/2020\/10\/novena-a-tutti-i-santi\/#primaryimage","url":"https:\/\/www.veritatemincaritate.com\/wp\/wp-content\/uploads\/2020\/11\/Devozioni-Tutti-i-Santi-4.jpg","contentUrl":"https:\/\/www.veritatemincaritate.com\/wp\/wp-content\/uploads\/2020\/11\/Devozioni-Tutti-i-Santi-4.jpg","width":600,"height":400,"caption":"Tutti i Santi"},{"@type":"BreadcrumbList","@id":"https:\/\/www.veritatemincaritate.com\/wp\/2020\/10\/novena-a-tutti-i-santi\/#breadcrumb","itemListElement":[{"@type":"ListItem","position":1,"name":"Home","item":"https:\/\/www.veritatemincaritate.com\/wp\/"},{"@type":"ListItem","position":2,"name":"Novena a tutti i Santi"}]},{"@type":"WebSite","@id":"https:\/\/www.veritatemincaritate.com\/wp\/#website","url":"https:\/\/www.veritatemincaritate.com\/wp\/","name":"Veritatemincaritate","description":"Agendo secondo verit\u00e0 nella carit\u00e0, cerchiamo di crescere in ogni cosa tendendo a lui, che \u00e8 il capo, Cristo","publisher":{"@id":"https:\/\/www.veritatemincaritate.com\/wp\/#organization"},"potentialAction":[{"@type":"SearchAction","target":{"@type":"EntryPoint","urlTemplate":"https:\/\/www.veritatemincaritate.com\/wp\/?s={search_term_string}"},"query-input":{"@type":"PropertyValueSpecification","valueRequired":true,"valueName":"search_term_string"}}],"inLanguage":"it-IT"},{"@type":"Organization","@id":"https:\/\/www.veritatemincaritate.com\/wp\/#organization","name":"Veritatem facientes in Caritate","url":"https:\/\/www.veritatemincaritate.com\/wp\/","logo":{"@type":"ImageObject","inLanguage":"it-IT","@id":"https:\/\/www.veritatemincaritate.com\/wp\/#\/schema\/logo\/image\/","url":"https:\/\/www.veritatemincaritate.com\/wp\/wp-content\/uploads\/2020\/07\/Logo-VIC-per-canale-Youtube.jpg","contentUrl":"https:\/\/www.veritatemincaritate.com\/wp\/wp-content\/uploads\/2020\/07\/Logo-VIC-per-canale-Youtube.jpg","width":720,"height":720,"caption":"Veritatem facientes in Caritate"},"image":{"@id":"https:\/\/www.veritatemincaritate.com\/wp\/#\/schema\/logo\/image\/"},"sameAs":["https:\/\/www.facebook.com\/pgiorgiomariafare","https:\/\/instagram.com\/padre_giorgio_maria_fare?igshid=1p8wsw6b3edkc","https:\/\/www.youtube.com\/channel\/UCFqjpT1nX60rx3m_SELg3lA"]},{"@type":"Person","@id":"https:\/\/www.veritatemincaritate.com\/wp\/#\/schema\/person\/ae324896700d097ddc6db39f45894b80","name":"Is551011","image":{"@type":"ImageObject","inLanguage":"it-IT","@id":"https:\/\/secure.gravatar.com\/avatar\/c031fff76d6f121d3530ae43ac8407bd6ac4d5c3c8a89c237d6990047f9a6307?s=96&d=mm&r=g","url":"https:\/\/secure.gravatar.com\/avatar\/c031fff76d6f121d3530ae43ac8407bd6ac4d5c3c8a89c237d6990047f9a6307?s=96&d=mm&r=g","contentUrl":"https:\/\/secure.gravatar.com\/avatar\/c031fff76d6f121d3530ae43ac8407bd6ac4d5c3c8a89c237d6990047f9a6307?s=96&d=mm&r=g","caption":"Is551011"}}]}},"menu_order":0,"_links":{"self":[{"href":"https:\/\/www.veritatemincaritate.com\/wp\/wp-json\/wp\/v2\/posts\/21716","targetHints":{"allow":["GET"]}}],"collection":[{"href":"https:\/\/www.veritatemincaritate.com\/wp\/wp-json\/wp\/v2\/posts"}],"about":[{"href":"https:\/\/www.veritatemincaritate.com\/wp\/wp-json\/wp\/v2\/types\/post"}],"author":[{"embeddable":true,"href":"https:\/\/www.veritatemincaritate.com\/wp\/wp-json\/wp\/v2\/users\/4"}],"replies":[{"embeddable":true,"href":"https:\/\/www.veritatemincaritate.com\/wp\/wp-json\/wp\/v2\/comments?post=21716"}],"version-history":[{"count":0,"href":"https:\/\/www.veritatemincaritate.com\/wp\/wp-json\/wp\/v2\/posts\/21716\/revisions"}],"wp:featuredmedia":[{"embeddable":true,"href":"https:\/\/www.veritatemincaritate.com\/wp\/wp-json\/wp\/v2\/media\/31695"}],"wp:attachment":[{"href":"https:\/\/www.veritatemincaritate.com\/wp\/wp-json\/wp\/v2\/media?parent=21716"}],"wp:term":[{"taxonomy":"category","embeddable":true,"href":"https:\/\/www.veritatemincaritate.com\/wp\/wp-json\/wp\/v2\/categories?post=21716"},{"taxonomy":"post_tag","embeddable":true,"href":"https:\/\/www.veritatemincaritate.com\/wp\/wp-json\/wp\/v2\/tags?post=21716"}],"curies":[{"name":"wp","href":"https:\/\/api.w.org\/{rel}","templated":true}]}}