{"id":22489,"date":"2021-12-31T03:15:36","date_gmt":"2021-12-31T02:15:36","guid":{"rendered":"https:\/\/www.veritatemincaritate.com\/?p=22489"},"modified":"2021-12-28T12:04:25","modified_gmt":"2021-12-28T11:04:25","slug":"in-principio-era-il-verbo","status":"publish","type":"post","link":"https:\/\/www.veritatemincaritate.com\/wp\/2021\/12\/in-principio-era-il-verbo\/","title":{"rendered":"In principio era il Verbo\u2026"},"content":{"rendered":"<div class=\"wpb-content-wrapper\" id=\"wpb-content-root\"><p>[vc_row][vc_column][vc_column_text]<\/p>\n<h3>Meditazione<\/h3>\n<div class=\"vc_row wpb_row vc_row-fluid\">\n<div class=\"wpb_column vc_column_container vc_col-sm-12\">\n<div class=\"vc_column-inner \">\n<div class=\"wpb_wrapper\">\n<div class=\"wpb_text_column wpb_content_element \">\n<div class=\"wpb_wrapper\">\n<p>Pubblichiamo l\u2019audio di una meditazione di venerd\u00ec 31 dicembre 2021<\/p>\n<p>Predicatore: p. Giorgio Maria Far\u00e9, OCD<\/p>\n<\/div>\n<\/div>\n<\/div>\n<\/div>\n<\/div>\n<\/div>\n<p>[\/vc_column_text][vc_column_text]<\/p>\n<h4>Ascolta la registrazione:<\/h4>\n<p>Per motivi di intenso traffico non ci \u00e8 possibile rendere disponibile l&#8217;ascolto dei file audio direttamente dal nostro sito. Se hai dubbi su come fare, vai alle <a href=\"http:\/\/www.veritatemincaritate.com\/chi-siamo\/istruzioni-per-lascolto-delle-registrazioni\/\" target=\"_blank\" rel=\"noopener noreferrer\">istruzioni per l&#8217;ascolto delle registrazioni<\/a>.[\/vc_column_text][\/vc_column][\/vc_row][vc_row][vc_column][vc_row_inner][vc_column_inner width=&#8221;1\/2&#8243;][vc_column_text]<style type=\"text\/css\">.thegem-button-6a9d7df216d338580 .gem-button {font-size: 14px;}.thegem-button-6a9d7df216d338580 .gem-button-text {font-size: 14px;}.thegem-button-6a9d7df216d338580 .gem-button svg {fill: #FFFFFF;}<\/style><div class=\"gem-button-container gem-button-position-inline thegem-button-6a9d7df216d338580    \"  ><a class=\"gem-button gem-button-size-small gem-button-style-flat gem-button-text-weight-normal\" data-ll-effect=\"drop-right-without-wrap\" style=\"border-radius: 3px;background-color: #FF5C00;color: #FFFFFF;\" onmouseleave=\"this.style.backgroundColor='#FF5C00';this.style.color='#FFFFFF';\" onmouseenter=\"\" href=\"https:\/\/www.dropbox.com\/s\/rzlr6oqit7ztj1h\/211231-Omelie-Verbo.m4a?dl=1\" target=\"_self\">Scarica la meditazione<\/a><\/div> [\/vc_column_text][\/vc_column_inner][vc_column_inner width=&#8221;1\/2&#8243;][vc_column_text]<style type=\"text\/css\">.thegem-button-6a9d7df216ef87631 .gem-button {font-size: 14px;}.thegem-button-6a9d7df216ef87631 .gem-button-text {font-size: 14px;}.thegem-button-6a9d7df216ef87631 .gem-button svg {fill: #FFFFFF;}<\/style><div class=\"gem-button-container gem-button-position-inline thegem-button-6a9d7df216ef87631    \"  ><a class=\"gem-button gem-button-size-small gem-button-style-flat gem-button-text-weight-normal\" data-ll-effect=\"drop-right-without-wrap\" style=\"border-radius: 3px;background-color: #FF5C00;color: #FFFFFF;\" onmouseleave=\"this.style.backgroundColor='#FF5C00';this.style.color='#FFFFFF';\" onmouseenter=\"\" href=\"https:\/\/www.dropbox.com\/s\/rzlr6oqit7ztj1h\/211231-Omelie-Verbo.m4a?dl=0\" target=\"_self\">Ascolta la meditazione<\/a><\/div> [\/vc_column_text][\/vc_column_inner][\/vc_row_inner][vc_empty_space][vc_separator color=&#8221;orange&#8221;][\/vc_column][\/vc_row][vc_row][vc_column][vc_tta_accordion active_section=&#8221;&#8221; collapsible_all=&#8221;true&#8221;][vc_tta_section title=&#8221;Testo della meditazione&#8221; tab_id=&#8221;1635321191395-a2d6059a-7a23&#8243;][vc_column_text]<\/p>\n<h2><a href=\"https:\/\/www.veritatemincaritate.com\/wp\/wp-content\/uploads\/2021\/12\/211231-In-principio-era-il-Verbo.pdf\" target=\"_blank\" rel=\"noopener\">Scarica il testo della meditazione<\/a><\/h2>\n<h1>In principio era il Verbo\u2026<\/h1>\n<p>Eccoci giunti a venerd\u00ec 31 dicembre 2021. Oggi ricordiamo <b>San Silvestro I, Papa<\/b>. Siccome oggi in tanti lo nomineranno spieghiamo chi \u00e8 San Silvestro. San Silvestro visse nel periodo tra la fine delle ultime persecuzioni e l\u2019inizio della pace di Costantino, venne ordinato Vescovo di Roma nell\u2019anno 314 e resse la Chiesa sotto l\u2019imperatore Costantino per vent\u2019anni. Sotto il suo pontificato si celebr\u00f2 il grande, famosissimo Concilio Ecumenico di Nicea del 325. Organizz\u00f2 la vita ecclesiastica romana e promosse la costruzione delle prime Basiliche.<\/p>\n<p>\u00c8 sicuramente una figura molto importante e molto significativa, quindi San Silvestro non \u00e8 \u201cil Capodanno\u201d, ma fu un Papa di grandissimo spessore.<\/p>\n<p>Il Vangelo della Santa Messa dell\u2019ultima Santa Messa dell\u2019anno, \u00e8 tratto dal <b>Vangelo di San Giovanni<\/b> <b>capitolo I, versetti 1-18<\/b>, si tratta del famosissimo \u201cPrologo giovanneo\u201d. Per chi conosce il latino \u00e8 bellissimo leggerlo in latino, perch\u00e9 \u00e8 una poesia. Se lo leggete a voce alta sembra da una parte una poesia e dall\u2019altra uno scioglilingua. Per chi \u00e8 studente va molto bene perch\u00e9 la lettura del Prologo o la sai o non la sai, o lo sai leggere o lo sai leggere, altrimenti ti impappini. Se lo leggete un po\u2019 di volte, lo imparate a memoria e poi viene da solo.<\/p>\n<p>\u00c8 talmente bello che ci dovremmo soffermare su ogni singola espressione:<\/p>\n<p><b>\u201cIn principio era il Verbo, e il Verbo era presso Dio e il Verbo era Dio\u201d<\/b><\/p>\n<p>Uno lo legge, si ferma e va in estasi. Volevo leggervelo in latino, ho avuto una fortissima tentazione, ma gi\u00e0 sentivo, immaginavo qualche brontolio: \u201cEcco, lo legge in latino, perch\u00e9 lo legge in latino? Noi non capiamo il latino, perch\u00e9 deve leggerlo in latino e non lo legge in italiano?\u201d.<span class=\"Apple-converted-space\">\u00a0<\/span><\/p>\n<p>L\u2019ultimo giorno dell\u2019anno, evitiamo queste cose, quindi non l\u2019ho letto in latino per questa ragione, per\u00f2 \u00e8 veramente molto bello, gi\u00e0 dalla prima frase voi lo vedete:<\/p>\n<p><b>\u201cEgli era, in principio, presso Dio: tutto \u00e8 stato fatto per mezzo di lui e senza di lui nulla \u00e8 stato fatto di ci\u00f2 che esiste.<br \/>\nIn lui era la vita e la vita era la luce degli uomini; la luce splende nelle tenebre e le tenebre non l\u2019hanno vinta.\u201d<\/b><\/p>\n<p>Bellissimo, tanto bello che gli uomini hanno detto: \u201cno\u201d. Ma noi siamo fatti cos\u00ec, noi diciamo \u201cs\u00ec\u201d all\u2019orrido e \u201cno\u201d a Dio.<span class=\"Apple-converted-space\">\u00a0<\/span><\/p>\n<p>Ho letto ultimamente una statistica secondo la quale in Italia i cristiani cattolici che vanno a Messa la domenica, prima del Coronavirus erano circa il 15% della popolazione, dopo il Coronavirus, cio\u00e8 adesso, si aggirano intorno al 10%. Non mi sembra una grande accoglienza della bellezza, della luce, dell\u2019importanza del Verbo. Non si vede questa accoglienza verso Dio.<span class=\"Apple-converted-space\">\u00a0<\/span><\/p>\n<p><b>\u201cDa Dio sono stati generati\u2026 abbiamo contemplato la Sua gloria\u2026 e venne ad abitare\u2026\u201d<\/b><\/p>\n<p>In realt\u00e0 se consideriamo l\u2019originale greco di questo testo dovremmo dire: \u201cvenne ad attendarsi\u201d, a fare la tenda fra noi, cio\u00e8 \u201cmise le tende tra di noi\u201d, mise la sua tenda tra di noi.<\/p>\n<p>Vi consiglio, questa sera, quando magari starete un po\u2019 davanti a Ges\u00f9, di rileggere questo testo, di guardare il Signore, di dargli un po\u2019 di amore, perch\u00e9 mi sembra veramente che l\u2019unico bistrattato sia lui. Adesso ho sentito che non bisogna neanche dire \u201cBuon Natale\u201d e qualcuno dice che bisogna evitare di usare nomi troppo cristiani, soprattutto il nome di Maria, quando si fanno gli esempi. Beh, io non lo tolgo perch\u00e9 mi chiamo cos\u00ec, io ho due nomi cristianissimi: San Giorgio e la Vergine Maria, pi\u00f9 cristiani di cos\u00ec! San Giorgio il guerriero e la Vergine Maria. Non ci penso neanche a togliermi il nome di Maria. E sono ben fiero e ben contento quando mi chiamano con il mio nome per esteso.<\/p>\n<p>Una si chiama Margherita, nome bellissimo con dei riferimenti incredibili e la chiamano Marghe. Ma perch\u00e9 Marghe? Si chiama Margherita, chiamala Margherita.<\/p>\n<p>\u201cS\u00ec ma siamo in casa, dobbiamo risparmiare tempo, fatica..\u201d<\/p>\n<p>Volete mettere Margherita con Marghe? Noi che misuriamo le parole, che non ne diciamo mai una in pi\u00f9, noi che siamo molto attenti al calcolo delle parole e a non dire parole inutili [ironico], quattro lettere in pi\u00f9, vuoi mettere quanto tempo e quanta fatica mi costano?<span class=\"Apple-converted-space\">\u00a0<\/span><\/p>\n<p>Grazie al cielo il Signore mi ha risparmiato dall\u2019essere chiamato Gio\u2019, mi sembra un nome di un cagnolino. Io mi chiamo Giorgio e ci tengo ad essere chiamato Giorgio e poi mi chiamo Maria e ci tengo ad essere chiamato Giorgio Maria perch\u00e9 \u00e8 il mio nome.<\/p>\n<p>Oggi \u00e8 l\u2019<b>ultimo venerd\u00ec dei quindici.<\/b> Oggi alle 18 reciteremo il <i>Te Deum<\/i> per chi vuole, insieme, ed oggi \u00e8 l\u2019ultimo venerd\u00ec del secondo ciclo dei quindici, quelli che Ges\u00f9 ha chiesto a don Tomaselli. Voi sapete che la pratica dei quindici venerd\u00ec viene direttamente da Ges\u00f9 che lo chiede a don Tomaselli.<span class=\"Apple-converted-space\">\u00a0 \u00a0 \u00a0<\/span><\/p>\n<p>Lui gli chiede:<\/p>\n<p><b>\u201cVuoi che scriva il libretto dei quindici venerd\u00ec, oppure vuoi che ne scriva uno dal titolo \u201cI dodici venerd\u00ec\u201d in onore delle dodici promesse fatte dal Sacro Cuore?\u201d<\/b><\/p>\n<p>E Ges\u00f9 dice:<\/p>\n<p><b>\u201cIl libro dei Quindici Venerd\u00ec, lo imposterai cos\u00ec: si facciano due turni solenni all\u2019anno, il primo turno si chiuda l\u2019ultimo venerd\u00ec di giugno\u2026\u201d<\/b><\/p>\n<p>Poi vi dir\u00f2 quando comincia esattamente il prossimo nuovo ciclo che si concluder\u00e0 l\u2019ultimo venerd\u00ec di giugno. Vi avviser\u00f2 quando inizier\u00e0 il primo ciclo e lo concluderemo l\u2019ultimo venerd\u00ec giugno, poi vi avviser\u00f2 quando inizier\u00e0 il secondo ciclo che si concluder\u00e0\u2026<\/p>\n<p><b><span class=\"Apple-converted-space\">\u00a0<\/span>\u201cIl secondo turno l\u2019ultimo venerd\u00ec di dicembre\u201d<\/b><\/p>\n<p>Che la Provvidenza vuole che quest\u2019anno cada esattamente l\u2019ultimo giorno dell\u2019anno, bellissimo, una chiusura fantastica.<\/p>\n<p>Poi dice:<\/p>\n<p><b>\u201cPrivatamente il turno pu\u00f2 farsi in qualunque periodo dell\u2019anno\u201d<\/b><\/p>\n<p>Se uno decide di farlo adesso, lo pu\u00f2 fare. Don Tomaselli chiede:<\/p>\n<p><b>\u201cIn caso di bisogno potrebbero farsi le Comunioni in quindici giorni di seguito?\u201d<\/b><\/p>\n<p>Cio\u00e8 fare i quindici venerd\u00ec invece che un venerd\u00ec alla settimana, fare la pratica un giorno dopo l\u2019altro.<\/p>\n<p>Ges\u00f9 risponde:<span class=\"Apple-converted-space\">\u00a0<\/span><\/p>\n<p><b>\u201cQuesto solo in casi urgentissimi\u201d<\/b><\/p>\n<p>Per esempio, se uno \u00e8 in procinto di morire.<\/p>\n<p><b>\u201cE quando la Comunione coincide con quella dei nove venerd\u00ec?\u201d<\/b><\/p>\n<p>Perch\u00e9 dentro i quindici venerd\u00ec ci sono anche i nove. Se da una parte voglio rispondere alla richiesta di Ges\u00f9 di fare i primi nove venerd\u00ec del mese ma voglio fare anche i quindici, inevitabilmente, qualche venerd\u00ec dei nove coincider\u00e0 con quelli dei quindici.<\/p>\n<p>Ges\u00f9 risponde:<\/p>\n<p><b>\u201cQuella Comunione soddisfa tutte e due le pratiche\u201d<\/b><\/p>\n<p>L\u2019Arcivescovo quando d\u00e0 l\u2019imprimatur dice di chiedere a Ges\u00f9:<\/p>\n<p><b>\u201cMa non bastano i primi nove venerd\u00ec?\u201d<\/b><\/p>\n<p>Quindi, l\u2019Arcivescovo d\u00e0 l\u2019imprimatur per la pratica dei quindici venerd\u00ec ma dice di chiedere a Ges\u00f9, alla prima occasione perch\u00e9 i quindici, se non bastano i nove, perch\u00e9 mettere anche questa pratica? E Ges\u00f9 risponde all\u2019Arcivescovo attraverso don Tomaselli e dice:<\/p>\n<p><b>\u201cI quindici venerd\u00ec sono pi\u00f9 fruttuosi dei nove..\u201d<\/b><\/p>\n<p>Ecco perch\u00e9 io tanto insisto, perch\u00e9 li faccio sempre, perch\u00e9 ve li proporr\u00f2 sempre e perch\u00e9 faccio l\u2019omelia su queste cose. Ges\u00f9 \u00e8 sempre assolutamente logico.<\/p>\n<p><b>\u201c\u2026 ed assicuro a chi li fa la grande promessa che ho assicurato per i nove venerd\u00ec. Con questa pratica sono disposto ad operare anche miracoli, e se c\u2019\u00e8 uno che la compie le mie celeste benedizioni vanno sopra di lui e a tutti i membri della sua famiglia.\u201d<\/b><\/p>\n<p>Vale proprio la pena.<\/p>\n<p><b>\u201cEd invero questa pratica \u00e8 pi\u00f9 utile alle anime: altro \u00e8 confessarsi e comunicarsi una volta al mese <\/b>\u2014 con la pratica dei primi nove venerd\u00ec \u2014<b> e altro \u00e8 ogni settimana\u201d<\/b><\/p>\n<p>Perch\u00e9 per fare la pratica dei quindici venerd\u00ec tu devi fare, per quindici venerd\u00ec consecutivi, ci\u00f2 che \u00e8 richiesto per i primi nove venerd\u00ec del mese: l\u2019offerta della Santa Comunione per riparare le offese al Sacro Cuore di Ges\u00f9 e la Confessione sacramentale entro gli otto giorni. \u00c8 chiaro che se tu devi fare la pratica dei quindici, lo devi fare tutte le settimane. E allora Ges\u00f9 dice che un conto \u00e8 se tu lo fai una volta al mese, che era la pratica dei nove, ma se tu accetti da farlo per i quindici, tu lo dovrai farlo per tutte le settimane, per quindici settimane consecutive e se fai i due turni sono trenta settimane. Le domeniche dell\u2019anno sono 52, non \u00e8 che ne rimangano fuori molte, nel frattempo, se tu ci metti anche dentro la pratica dei nove venerd\u00ec, siamo dentro perfettamente.<\/p>\n<p><b>\u201cAltro \u00e8 comunicarsi con l\u2019intenzione di riparare i peccati in genere\u2026\u201d<\/b><\/p>\n<p>Questa \u00e8 un\u2019altra cosa in pi\u00f9, interessante, perch\u00e9 quando noi facciamo la pratica dei nove, ci comunichiamo con l\u2019intenzione di riparare i peccati contro il Sacro Cuore di Ges\u00f9 in generale.<\/p>\n<p><b><span class=\"Apple-converted-space\">\u00a0<\/span>\u201c\u2026 altro \u00e8 comunicarsi con l\u2019intenzione di riparare ogni venerd\u00ec un peccato particolare.\u201d<\/b><\/p>\n<p>La stessa cosa vi consiglio di farla quando fate i primi cinque sabati del mese (e sapete che poi Ges\u00f9 a suor Maria Magdolna chiese i nove sabati). Perch\u00e9 i sabati sono proprio cinque? Ges\u00f9 disse a Suor Lucia che era per riparare i cinque peccati contro il Cuore Immacolato di Maria. Allora, secondo me, \u00e8 bello che quando voi fate i primi cinque sabati non mettiate ogni volta l\u2019intenzione di riparare i peccati in generale contro il Cuore Immacolato di Maria, ma che ogni sabato di quei cinque ne ripariate uno in particolare, cos\u00ec alla fine dei cinque voi li avrete riparati tutti singolarmente, che \u00e8 quello che dice Ges\u00f9 adesso.<\/p>\n<p>Nel libretto di Don Tomaselli c\u2019\u00e8 un\u2019istruzione per i vari peccati, come bisogna correggerli e poi come riparare.<\/p>\n<p>Don Tomaselli dice:<\/p>\n<p><b>\u201cUna dozzina di pagine del libretto riporta preghiere dettate da Ges\u00f9, parola per parola.\u201d<\/b><\/p>\n<p>Almeno tutti sapete le cose come stanno.<\/p>\n<p>Oggi andiamo a vedere l\u2019ultimo venerd\u00ec, oggi preghiamo per i moribondi. Ultimo giorno dell\u2019anno, ultimo venerd\u00ec dei quindici.<\/p>\n<p><b>Quindicesimo Venerd\u00ec: Pregare per i moribondi<\/b><\/p>\n<p><b>\u201cIl tempo \u00e8 uno dei pi\u00f9 grandi doni che Iddio possa farci. Utilizzando il tempo, possiamo arricchirci di meriti per tutta l&#8217;eternit\u00e0. L\u2019unico affare interessante della vita \u00e8 la salvezza dell\u2019anima. Ma tutti pensano che ci attende un\u2019altra vita? Tutti hanno cura dell&#8217;anima? Purtroppo si vive come se si dovesse restare sempre su questa terra. Eppure si deve morire. Nessuno pu\u00f2 sfuggire a questa legge universale. Nessuna cosa \u00e8 certa come la morte ed incerta come l\u2019ora della morte. State preparati, dice Ges\u00f9, perch\u00e9 nell&#8217;ora che non vi attendete, verr\u00e0 il Figliuolo dell&#8217;uomo. Verr\u00e0 come un ladro di notte tempo. Vigilate! Non tutti sono pronti a presentarsi a Dio serenamente, perch\u00e9 tanti vivono in peccato. Ma guai a trovarsi in disgrazia di Dio nell\u2019ora della morte!\u201d<\/b><\/p>\n<p>Lo sto leggendo perch\u00e9 \u00e8 talmente semplice, talmente chiaro che spiegarlo mi sembra un po\u2019 inutile.<\/p>\n<p><b>\u201cOgni giorno muoiono centinaia di migliaia di persone. \u00c8 dovere di carit\u00e0 assistere costoro con la preghiera e con altre opere buone. Il Sacro Cuore di Ges\u00f9, che \u00e8 morto in Croce per tutti, desidera che tutti muoiano nella sua grazia. Siccome tra i moribondi ci sono anche dei peccatori ostinati, conviene muovere la divina misericordia a farli convertire, almeno nell\u2019ultima ora. Ges\u00f9 non nega a nessuno la sua grazia, come non la neg\u00f2 al ladrone pentito, prima di emettere l\u2019ultimo respiro. Questo ultimo venerd\u00ec serve a consolare il Sacro Cuore, con la conversione dei peccatori moribondi.\u201d<\/b><\/p>\n<p>Dobbiamo tanto pregare per questo.<\/p>\n<p><b>\u201cPregare per gli agonizzanti dovrebbe essere la premura di ogni anima pia, per tutti giorni, poich\u00e9 ogni giorno le anime partono per l&#8217;eternit\u00e0. Santa Teresa del Bambino Ges\u00f9 era gravemente ammalata; chiam\u00f2 una consorella e cos\u00ec le parl\u00f2: \u201cSe voi, cara consorella, foste sul letto di morte, oh, quanto pregherei per voi; sono moribonda io! Pregate per me! Ho tanto bisogno dell\u2019assistenza divina!\u201d Se una Santa pu\u00f2 avere bisogno di preghiere in punto di morte, che cosa dire dei peccatori? Preghiamo dunque a tale scopo. Quando siamo a conoscenza di qualche moribondo, interessiamoci di fargli ricevere i santi Sacramenti.\u201d<\/b><\/p>\n<p>Questo lo abbiamo gi\u00e0 detto parlando della morte con i Novissimi di don Alberione, il nostro compito \u00e8 chiamare un Sacerdote, fare in modo che si confessi il prima possibile, fargli avere l\u2019Eucarestia. Ma non quando ormai \u00e8 pi\u00f9 di l\u00e0 che di qua, non quando sta spirando!<\/p>\n<p>\u201cMa se gli chiamo un Sacerdote pensa che sta morendo\u201d<\/p>\n<p>Ma guardate che nessuno \u00e8 stupido, lo capiamo benissimo quando stiamo morendo, anche se tutti ci dicono che non \u00e8 vero. Ci si rende conto da soli, guardandosi il corpo\u2026 si capisce che c\u2019\u00e8 qualcosa che non va. \u00c8 giusto che ci sia accanto a noi qualcuno che ci dica la verit\u00e0, con i dovuti modi, con calma, preparandoci, ma \u00e8 fondamentale perch\u00e9 cos\u00ec ci accompagna, ci chiama il Sacerdote, possiamo ricevere l\u2019unzione degli infermi in tutta calma, serenit\u00e0 e in piena coscienza.<span class=\"Apple-converted-space\">\u00a0<\/span><\/p>\n<p>Quando siamo accanto ad un moribondo dobbiamo lasciare la possibilit\u00e0 all\u2019altro di decidere, non dobbiamo imporre nulla, per\u00f2 dobbiamo dirlo: \u201cVuoi un Sacerdote che cos\u00ec ricevi il Sacramento dell\u2019unzione degli infermi? Vuoi confessarti? Vuoi fare la Comunione?\u201d Dobbiamo dirlo e se \u00e8 in pericolo di vita dirgli: \u201cGuarda che non manca molto, quindi \u00e8 meglio se\u2026\u201d. Certo, non a tutti si pu\u00f2 dire, se conosciamo la persona e sappiamo che assolutamente non ne vuole sapere di Dio e rifiuta l\u2019idea della morte, va bene, per\u00f2 almeno possiamo dire: \u201cSei sicuro che non vuoi un Sacerdote?\u201d Su queste cose \u00e8 meglio non avere rimorsi.<span class=\"Apple-converted-space\">\u00a0<\/span><\/p>\n<p>A me \u00e8 successo di un mio coetaneo. Siamo cresciuti insieme all\u2019oratorio, lui si \u00e8 ammalato di cancro ai linfonodi, si era venuto a confessare quando era ancora cosciente e poteva ancora camminare, ma ormai non c\u2019era pi\u00f9 niente da fare, e quindi gli dissi: \u201cMi raccomando, chiamami, non chiamarmi all\u2019ultimo \u2014 con lui potevo permettermi, ci conoscevamo da quando eravamo bambini \u2014 non chiamarmi all\u2019ultimo, non fare queste stupidaggini, quando capisci che ormai ci siamo e vuoi gli ultimi Sacramenti, chiamami che io vengo subito\u201d.<\/p>\n<p>Lui lo disse alla famiglia, ma la famiglia non mi chiam\u00f2 subito. Lui era convinto che l\u2019avessero fatto ma loro non lo fecero. Quando hanno deciso di chiamarmi, esattamente quel giorno, io mi trovavo in centro a Milano. Mi suona il telefono, rispondo, e mi dicono: \u201cGuardi che sta morendo\u201d.<\/p>\n<p>Mi \u00e8 caduto il mondo addosso: \u201cMa scusate avevo detto di non chiamarmi all\u2019ultimo\u201d.<\/p>\n<p>\u201cLo so, ma se corre arriva\u201d.<\/p>\n<p>\u201cIo sono in centro a Milano, devo prendere la metr\u00f2, devo prendere la macchina, correre l\u00ec, si rende conto quanto tempo mi ci vuole adesso?\u201d<\/p>\n<p>Ho mollato l\u00ec tutto, ho preso la metr\u00f2, ho preso la macchina, tipo Speedy Gonzales, il Signore mi ha miracolato se non ho avuto incidenti! Arrivo, suono il campanello, lui era appena spirato.<\/p>\n<p>Noi facciamo queste cose, certo con tutte le pi\u00f9 buone intenzioni, ma il desiderio della persona che sta morendo va rispettato. Se ti dice: \u201cChiamatelo\u201d, tu non devi avere paura della morte, tu devi chiamare. Bisogna chiamare il Sacerdote il prima possibile, questa \u00e8 una cosa importantissima. Non dobbiamo avere paura della morte, dobbiamo parlarne in casa e dirlo ai familiari: \u201cGuardate che se io sto morendo io voglio che chiamate un Sacerdote\u201d. Se poi avete un Sacerdote di fiducia dovete dirlo: \u201cIo voglio che chiamiate questo Sacerdote\u201d. Cominciate a dirlo, uno comincia a farlo presente. Se non c\u2019\u00e8 il Sacerdote di fiducia, chiamatene uno, ma assicuratevi che venga assolutamente. \u201cIo ci tengo, \u00e8 un mio desiderio\u201d. Potete anche lasciarlo scritto, potete dare questo scritto ad un amico, ad una persona cara che sapete che poi lo rispetter\u00e0. \u00c8 la vita eterna, ne va della nostra anima.<\/p>\n<p><b><span class=\"Apple-converted-space\">\u00a0<\/span>\u201cChi trascura questo grave dovere, si rende responsabile davanti a Dio.\u201d<\/b><\/p>\n<p>Sapete che questi quindici venerd\u00ec don Tomaselli li ha scritti un po\u2019 sotto dettatura di Ges\u00f9 o comunque Ges\u00f9 lo ha molto guidato, perch\u00e9 sapete che don Tomaselli non faceva nulla che non fosse guidato da Ges\u00f9, quindi non prediamoci queste responsabilit\u00e0 davanti a Dio.<\/p>\n<p><b>\u201cSe veniamo a sapere che qualche moribondo rifiuta i conforti religiosi, offriamo a Dio con fede le preghiere e sacrifici. Se possiamo, facciamo celebrare qualche santa Messa per la sua buona morte.\u201d<\/b><\/p>\n<p>Anche questa \u00e8 un\u2019altra pratica molto bella, far celebrare delle Messe per la sua buona morte.<span class=\"Apple-converted-space\">\u00a0<\/span><\/p>\n<p><b>\u201cDomandiamo a Dio qualche sofferenza o croce particolare a bene del moribondo irreligioso. Avverr\u00e0 allora un aumento straordinario di grazia, per cui l\u2019infermo riconoscer\u00e0 il suo triste stato e facilmente potr\u00e0 ritornare a Dio. Quello che si fa per i peccatori moribondi \u00e8 grandemente accetto al Sacro Cuore di Ges\u00f9.\u201d<\/b><\/p>\n<p>Uno pu\u00f2 far dire anche delle Messe: \u201cL\u2019intenzione della Messa \u00e8 per i peccatori moribondi\u201d. \u00c8 un atto di carit\u00e0 grandissimo.<\/p>\n<p><b>\u201cQuante anime si possono salvare ogni giorno, facendo l\u2019apostolato a vantaggio degli agonizzanti! La carit\u00e0 che usiamo agli altri, Iddio far\u00e0 s\u00ec che venga un giorno usata a noi. Quando saremo sul letto di morte, il Sacro Cuore susciter\u00e0 altre anime che preghino per noi.\u201d<\/b><\/p>\n<p>E io spero di cuore che il Sacro Cuore di Ges\u00f9 faccia intervenire un\u2019anima almeno che mi assicuri che un Sacerdote venga a darmi l\u2019estrema unzione. A me piace anche chiamarla \u201cestrema unzione\u201d, perch\u00e9 dobbiamo cambiare tutti i nomi? \u00c8 bellissima, \u00e8 l\u2019unzione estrema, ultima, finale, alla fine. C\u2019\u00e8 anche l\u2019indulgenza plenaria annessa e tutta una quantit\u00e0 di grazie incredibili, cos\u00ec possiamo morire anche stringendo il nostro Crocifisso. Magari ci facciamo mettere un bel quadro del Volto di Ges\u00f9, davanti a noi, cos\u00ec le ultime ore le passiamo guardando Ges\u00f9. Spero, se il Signore mi chiamer\u00e0 a morire in un letto, spero che qualcuno sia cos\u00ec bravo da far volare fuori dalla finestra la televisione, dovesse mai esserci questa disgrazia. Questo almeno lo sapete tutti, sapete la mia volont\u00e0, non voglio avere la televisione nella camera dove star\u00f2 per dare la mia anima a Dio, visto che l\u2019ho combattuta tutta una vita, mi sembrerebbe veramente un oltraggio averla l\u00ec presente, mentre sto spirando. Anche spenta non la voglio, desidero solamente avere il mio Volto di Ges\u00f9, la mia Croce, la mia immagine della Madonnina, insomma morire da cristiano.<\/p>\n<p><b>\u201cFioretto: Ogni sera, prima di prendere riposo, rivolgerci questa domanda: se questa notte venisse la morte, come si troverebbe l\u2019anima mia? Se qualche grave peccato rimorde la mia coscienza, facciamo un atto di dolore perfetto, promettendo di confessarci al pi\u00f9 presto.\u201d<\/b><\/p>\n<p>Oggi \u00e8 l\u2019ultimo giorno dell\u2019anno, voglio sperare che siamo tutti in grazia di Dio, che ci siamo tutti andati a confessare e che iniziamo l\u2019anno nuovo\u2026 mi raccomando domani alla Santa Messa consacrate con le vostre preghiere personali il nuovo anno interamente ai nostri amatissimi Sacri Cuori di Ges\u00f9 e di Maria. Se qualcuno non ha mai fatto i primi nove venerd\u00ec li cominci con il primo dell\u2019anno, con domani 1\u00b0 gennaio sar\u00e0 il primo sabato del mese e poi la settimana dopo ci sar\u00e0 il primo gioved\u00ec e venerd\u00ec. Cominciate i primi cinque sabati, i primi sei gioved\u00ec, i primi nove venerd\u00ec e poi cominceremo i primi quindici venerd\u00ec. Mi sembra proprio di riempire un anno cos\u00ec.<span class=\"Apple-converted-space\">\u00a0<\/span><\/p>\n<p>Io arrivo alla fine di questo 2021 e devo dire a Ges\u00f9 un grazie grande come l\u2019universo, per tutto quello che ha fatto nella mia vita, nella vita delle persone che conosco, delle persone che amo, che mi amano, per tutte le persone che ho conosciuto, per tutte le situazioni bellissime, per le croci che ho avuto. Vedete un anno com\u2019\u00e8 denso, com\u2019\u00e8 pieno. Ci pensavo proprio in queste ore: si conclude questo anno e ho avuto la grazia di poter fare 365 meditazioni, una al giorno, in questo anno. Per bont\u00e0 di Dio sono riuscito a non far mai mancare una meditazione. Per me \u00e8 importante, \u00e8 sicuramente una grazia del Signore poter lasciare ogni giorno un pensiero a chi lo desidera. Vuol dire che ogni giorno ho parlato a voi di Ges\u00f9, di Maria Santissima, dei Santi e ho predicato innanzitutto per me, perch\u00e9 le meditazioni che faccio a voi sono innanzitutto per me. Se leggo e medito le cose per voi ad alta voce, vuol dire che il primo che le ascolta sono io, anche perch\u00e9 qui con me, oltre a Ges\u00f9 Crocifisso, non c\u2019\u00e8 nessun altro e quindi io parlo e mi ascolto da solo. Non \u00e8 da matti, perch\u00e9 c\u2019\u00e8 qui il Crocifisso, quindi io le omelie le faccio a Ges\u00f9 e cos\u00ec vedo se \u201cci stanno\u201d oppure no.<\/p>\n<p><b>\u201cPreghiera: recitare ogni giorno della settimana cinque Pater, Ave, Gloria in onore delle cinque piaghe, per i moribondi della giornata.\u201d<\/b><\/p>\n<p>Sapete che don Tomaselli, dietro indicazione di Ges\u00f9, ha parlato tanto di questi cinque <i>Pater, Ave, Gloria<\/i> in onore delle Sante Piaghe ogni giorno alle 15:00. Quando li recitiamo possiamo dare loro un\u2019intenzione, questa volta le recitiamo per i moribondi.<\/p>\n<p>Adesso c\u2019\u00e8 questa bellissima preghiera di cui Don Tomaselli raccomanda la recita, \u00e8 molto probabile che questa preghiera l\u2019abbia dettata Ges\u00f9:<\/p>\n<p><b>ATTO DI RIPARAZIONE<span class=\"Apple-converted-space\">\u00a0<\/span><\/b><\/p>\n<p><b>(se ne raccomanda vivamente la recita)<span class=\"Apple-converted-space\">\u00a0<\/span><\/b><\/p>\n<p><b>\u201c<\/b><b>Mio Dio, vorrei potervi amare ed onorare quanto Voi lo meritate; vorrei potervi rendere quel culto che \u00e8 dovuto alla vostra sovrana grandezza e riparare gli oltraggi che furono fatti alla vostra suprema Maest\u00e0. Ma siccome ho nulla da offrirvi, che sia degno di Voi, e tutto quello che posso per espiare i miei peccati non ha proporzione con il loro numero e gravit\u00e0, per supplire al mancamento dei miei omaggi ed alla insufficienza delle mie penitenze, io vi offro il vostro diletto Figlio Ges\u00f9 Cristo; vi offro tutta la gloria che vi procur\u00f2 dal primo momento di sua concezione sino alla sua ascensione; vi offro tutte le azioni di sua vita, la sua Passione, la sua morte; io vi offro tutte le Messe che si sono celebrate sulla terra e che si celebreranno sino alla fine dei mondo.<span class=\"Apple-converted-space\">\u00a0<\/span><\/b><\/p>\n<p><b>Vi offro la santit\u00e0, la purit\u00e0 della Vergine Maria; vi offro tutte le lodi ed adorazioni degli Angeli, tutto l\u2019amore dei Cherubini e dei Serafini. Vi offro tutto lo zelo e le fatiche degli Apostoli, tutte le pene dei Martiri, la piet\u00e0 dei Confessori, la castit\u00e0 delle Vergini, le preghiere, i digiuni, le mortificazioni ed i buoni sentimenti di tutti i Santi.<span class=\"Apple-converted-space\">\u00a0<\/span><\/b><\/p>\n<p><b>Vi offro tutte le buone opere che si fecero dal principio del mondo con quelle che si faranno sino alla fine dei secoli. Io vi prego di mettermene a parte.<br \/>\nIo detesto ed aborrisco tutti i delitti che si commisero e che si commetteranno in tutto il mondo. Unisco la mia intenzione a quella di Ges\u00f9 Cristo e dei Santi. Voglio lodarvi, amarvi, glorificarvi, servirvi come vi hanno essi lodato, amato, servito e glorificato. Amen!\u201d<\/b><\/p>\n<p>Vi aspetto questa sera alle 18.00 per le Lodi in diretta. Trascorrete un Santo ultimo venerd\u00ec dell\u2019anno, ultimo venerd\u00ec del ciclo dei quindici. State un po\u2019 con Ges\u00f9 oggi e ditegli il vostro grazie e il vostro amore.<\/p>\n<p><i>Benedicat vos omnipotens Deus, Pater, et Filius, et Spiritus Sanctus. Amen.<span class=\"Apple-converted-space\">\u00a0<\/span><\/i><\/p>\n<p><i>Dio ci benedica e la Vergine ci protegga.<span class=\"Apple-converted-space\">\u00a0<\/span><\/i><\/p>\n<p><i>Sia lodato Ges\u00f9 Cristo, sempre sia lodato.<\/i><\/p>\n<p>&nbsp;<\/p>\n<p>[\/vc_column_text][\/vc_tta_section][vc_tta_section title=&#8221;Lettura del giorno&#8221; tab_id=&#8221;1640688919817-7bd8b42e-c24c&#8221;][vc_column_text]<strong>VANGELO<\/strong><em> (Gv 1, 1-18)<\/em><\/p>\n<p>In principio era il Verbo, e il Verbo era presso Dio e il Verbo era Dio. Egli era, in principio, presso Dio: tutto \u00e8 stato fatto per mezzo di lui e senza di lui nulla \u00e8 stato fatto di ci\u00f2 che esiste. In lui era la vita e la vita era la luce degli uomini; la luce splende nelle tenebre e le tenebre non l&#8217;hanno vinta.<br \/>\nVenne un uomo mandato da Dio: il suo nome era Giovanni. Egli venne come testimone per dare testimonianza alla luce, perch\u00e9 tutti credessero per mezzo di lui. Non era lui la luce, ma doveva dare testimonianza alla luce.<br \/>\nVeniva nel mondo la luce vera, quella che illumina ogni uomo. Era nel mondo e il mondo \u00e8 stato fatto per mezzo di lui; eppure il mondo non lo ha riconosciuto. Venne fra i suoi, e i suoi non lo hanno accolto. A quanti per\u00f2 lo hanno accolto ha dato potere di diventare figli di Dio: a quelli che credono nel suo nome, i quali, non da sangue n\u00e9 da volere di carne n\u00e9 da volere di uomo, ma da Dio sono stati generati.<br \/>\nE il Verbo si fece carne e venne ad abitare in mezzo a noi; e noi abbiamo contemplato la sua gloria, gloria come del Figlio unigenito che viene dal Padre, pieno di grazia e di verit\u00e0. Giovanni gli d\u00e0 testimonianza e proclama: \u00abEra di lui che io dissi: Colui che viene dopo di me \u00e8 avanti a me, perch\u00e9 era prima di me\u00bb. Dalla sua pienezza noi tutti abbiamo ricevuto: grazia su grazia. Perch\u00e9 la Legge fu data per mezzo di Mos\u00e8, la grazia e la verit\u00e0 vennero per mezzo di Ges\u00f9 Cristo.<br \/>\nDio, nessuno lo ha mai visto: il Figlio unigenito, che \u00e8 Dio ed \u00e8 nel seno del Padre, \u00e8 lui che lo ha rivelato.[\/vc_column_text][\/vc_tta_section][\/vc_tta_accordion][\/vc_column][\/vc_row]<\/p>\n<\/div>","protected":false},"excerpt":{"rendered":"<p>[vc_row][vc_column][vc_column_text] Meditazione Pubblichiamo l\u2019audio di una meditazione di venerd\u00ec 31 dicembre 2021 Predicatore: p. Giorgio Maria Far\u00e9, OCD [\/vc_column_text][vc_column_text] Ascolta&#8230;<\/p>\n","protected":false},"author":4,"featured_media":22490,"comment_status":"closed","ping_status":"closed","sticky":false,"template":"","format":"standard","meta":{"footnotes":""},"categories":[15],"tags":[8258,17],"class_list":{"0":"post-22489","1":"post","2":"type-post","3":"status-publish","4":"format-standard","5":"has-post-thumbnail","7":"category-omelie","8":"tag-meditazioni","9":"tag-p-giorgio-maria-fare"},"yoast_head":"<!-- This site is optimized with the Yoast SEO plugin v28.2 - https:\/\/yoast.com\/product\/yoast-seo-wordpress\/ -->\n<title>In principio era il Verbo\u2026 - Veritatemincaritate<\/title>\n<meta name=\"robots\" content=\"index, follow, max-snippet:-1, max-image-preview:large, max-video-preview:-1\" \/>\n<link rel=\"canonical\" href=\"https:\/\/www.veritatemincaritate.com\/wp\/2021\/12\/in-principio-era-il-verbo\/\" \/>\n<meta property=\"og:locale\" content=\"it_IT\" \/>\n<meta property=\"og:type\" content=\"article\" \/>\n<meta property=\"og:title\" content=\"In principio era il Verbo\u2026 - Veritatemincaritate\" \/>\n<meta property=\"og:description\" content=\"[vc_row][vc_column][vc_column_text] Meditazione Pubblichiamo l\u2019audio di una meditazione di venerd\u00ec 31 dicembre 2021 Predicatore: p. Giorgio Maria Far\u00e9, OCD [\/vc_column_text][vc_column_text] Ascolta...\" \/>\n<meta property=\"og:url\" content=\"https:\/\/www.veritatemincaritate.com\/wp\/2021\/12\/in-principio-era-il-verbo\/\" \/>\n<meta property=\"og:site_name\" content=\"Veritatemincaritate\" \/>\n<meta property=\"article:publisher\" content=\"https:\/\/www.facebook.com\/pgiorgiomariafare\" \/>\n<meta property=\"article:published_time\" content=\"2021-12-31T02:15:36+00:00\" \/>\n<meta property=\"og:image\" content=\"https:\/\/www.veritatemincaritate.com\/wp\/wp-content\/uploads\/2021\/12\/In-principio-era-il-Verbo.jpg\" \/>\n\t<meta property=\"og:image:width\" content=\"600\" \/>\n\t<meta property=\"og:image:height\" content=\"400\" \/>\n\t<meta property=\"og:image:type\" content=\"image\/jpeg\" \/>\n<meta name=\"author\" content=\"Is551011\" \/>\n<meta name=\"twitter:card\" content=\"summary_large_image\" \/>\n<meta name=\"twitter:label1\" content=\"Scritto da\" \/>\n\t<meta name=\"twitter:data1\" content=\"Is551011\" \/>\n\t<meta name=\"twitter:label2\" content=\"Tempo di lettura stimato\" \/>\n\t<meta name=\"twitter:data2\" content=\"23 minuti\" \/>\n<script type=\"application\/ld+json\" class=\"yoast-schema-graph\">{\"@context\":\"https:\\\/\\\/schema.org\",\"@graph\":[{\"@type\":\"Article\",\"@id\":\"https:\\\/\\\/www.veritatemincaritate.com\\\/wp\\\/2021\\\/12\\\/in-principio-era-il-verbo\\\/#article\",\"isPartOf\":{\"@id\":\"https:\\\/\\\/www.veritatemincaritate.com\\\/wp\\\/2021\\\/12\\\/in-principio-era-il-verbo\\\/\"},\"author\":{\"name\":\"Is551011\",\"@id\":\"https:\\\/\\\/www.veritatemincaritate.com\\\/wp\\\/#\\\/schema\\\/person\\\/ae324896700d097ddc6db39f45894b80\"},\"headline\":\"In principio era il Verbo\u2026\",\"datePublished\":\"2021-12-31T02:15:36+00:00\",\"mainEntityOfPage\":{\"@id\":\"https:\\\/\\\/www.veritatemincaritate.com\\\/wp\\\/2021\\\/12\\\/in-principio-era-il-verbo\\\/\"},\"wordCount\":4375,\"publisher\":{\"@id\":\"https:\\\/\\\/www.veritatemincaritate.com\\\/wp\\\/#organization\"},\"image\":{\"@id\":\"https:\\\/\\\/www.veritatemincaritate.com\\\/wp\\\/2021\\\/12\\\/in-principio-era-il-verbo\\\/#primaryimage\"},\"thumbnailUrl\":\"https:\\\/\\\/www.veritatemincaritate.com\\\/wp\\\/wp-content\\\/uploads\\\/2021\\\/12\\\/In-principio-era-il-Verbo.jpg\",\"keywords\":[\"meditazioni\",\"p. Giorgio Maria Far\u00e9\"],\"articleSection\":[\"Omelie\"],\"inLanguage\":\"it-IT\"},{\"@type\":\"WebPage\",\"@id\":\"https:\\\/\\\/www.veritatemincaritate.com\\\/wp\\\/2021\\\/12\\\/in-principio-era-il-verbo\\\/\",\"url\":\"https:\\\/\\\/www.veritatemincaritate.com\\\/wp\\\/2021\\\/12\\\/in-principio-era-il-verbo\\\/\",\"name\":\"In principio era il Verbo\u2026 - Veritatemincaritate\",\"isPartOf\":{\"@id\":\"https:\\\/\\\/www.veritatemincaritate.com\\\/wp\\\/#website\"},\"primaryImageOfPage\":{\"@id\":\"https:\\\/\\\/www.veritatemincaritate.com\\\/wp\\\/2021\\\/12\\\/in-principio-era-il-verbo\\\/#primaryimage\"},\"image\":{\"@id\":\"https:\\\/\\\/www.veritatemincaritate.com\\\/wp\\\/2021\\\/12\\\/in-principio-era-il-verbo\\\/#primaryimage\"},\"thumbnailUrl\":\"https:\\\/\\\/www.veritatemincaritate.com\\\/wp\\\/wp-content\\\/uploads\\\/2021\\\/12\\\/In-principio-era-il-Verbo.jpg\",\"datePublished\":\"2021-12-31T02:15:36+00:00\",\"breadcrumb\":{\"@id\":\"https:\\\/\\\/www.veritatemincaritate.com\\\/wp\\\/2021\\\/12\\\/in-principio-era-il-verbo\\\/#breadcrumb\"},\"inLanguage\":\"it-IT\",\"potentialAction\":[{\"@type\":\"ReadAction\",\"target\":[\"https:\\\/\\\/www.veritatemincaritate.com\\\/wp\\\/2021\\\/12\\\/in-principio-era-il-verbo\\\/\"]}]},{\"@type\":\"ImageObject\",\"inLanguage\":\"it-IT\",\"@id\":\"https:\\\/\\\/www.veritatemincaritate.com\\\/wp\\\/2021\\\/12\\\/in-principio-era-il-verbo\\\/#primaryimage\",\"url\":\"https:\\\/\\\/www.veritatemincaritate.com\\\/wp\\\/wp-content\\\/uploads\\\/2021\\\/12\\\/In-principio-era-il-Verbo.jpg\",\"contentUrl\":\"https:\\\/\\\/www.veritatemincaritate.com\\\/wp\\\/wp-content\\\/uploads\\\/2021\\\/12\\\/In-principio-era-il-Verbo.jpg\",\"width\":600,\"height\":400},{\"@type\":\"BreadcrumbList\",\"@id\":\"https:\\\/\\\/www.veritatemincaritate.com\\\/wp\\\/2021\\\/12\\\/in-principio-era-il-verbo\\\/#breadcrumb\",\"itemListElement\":[{\"@type\":\"ListItem\",\"position\":1,\"name\":\"Home\",\"item\":\"https:\\\/\\\/www.veritatemincaritate.com\\\/wp\\\/\"},{\"@type\":\"ListItem\",\"position\":2,\"name\":\"In principio era il Verbo\u2026\"}]},{\"@type\":\"WebSite\",\"@id\":\"https:\\\/\\\/www.veritatemincaritate.com\\\/wp\\\/#website\",\"url\":\"https:\\\/\\\/www.veritatemincaritate.com\\\/wp\\\/\",\"name\":\"Veritatemincaritate\",\"description\":\"Agendo secondo verit\u00e0 nella carit\u00e0, cerchiamo di crescere in ogni cosa tendendo a lui, che \u00e8 il capo, Cristo\",\"publisher\":{\"@id\":\"https:\\\/\\\/www.veritatemincaritate.com\\\/wp\\\/#organization\"},\"potentialAction\":[{\"@type\":\"SearchAction\",\"target\":{\"@type\":\"EntryPoint\",\"urlTemplate\":\"https:\\\/\\\/www.veritatemincaritate.com\\\/wp\\\/?s={search_term_string}\"},\"query-input\":{\"@type\":\"PropertyValueSpecification\",\"valueRequired\":true,\"valueName\":\"search_term_string\"}}],\"inLanguage\":\"it-IT\"},{\"@type\":\"Organization\",\"@id\":\"https:\\\/\\\/www.veritatemincaritate.com\\\/wp\\\/#organization\",\"name\":\"Veritatem facientes in Caritate\",\"url\":\"https:\\\/\\\/www.veritatemincaritate.com\\\/wp\\\/\",\"logo\":{\"@type\":\"ImageObject\",\"inLanguage\":\"it-IT\",\"@id\":\"https:\\\/\\\/www.veritatemincaritate.com\\\/wp\\\/#\\\/schema\\\/logo\\\/image\\\/\",\"url\":\"https:\\\/\\\/www.veritatemincaritate.com\\\/wp\\\/wp-content\\\/uploads\\\/2020\\\/07\\\/Logo-VIC-per-canale-Youtube.jpg\",\"contentUrl\":\"https:\\\/\\\/www.veritatemincaritate.com\\\/wp\\\/wp-content\\\/uploads\\\/2020\\\/07\\\/Logo-VIC-per-canale-Youtube.jpg\",\"width\":720,\"height\":720,\"caption\":\"Veritatem facientes in Caritate\"},\"image\":{\"@id\":\"https:\\\/\\\/www.veritatemincaritate.com\\\/wp\\\/#\\\/schema\\\/logo\\\/image\\\/\"},\"sameAs\":[\"https:\\\/\\\/www.facebook.com\\\/pgiorgiomariafare\",\"https:\\\/\\\/instagram.com\\\/padre_giorgio_maria_fare?igshid=1p8wsw6b3edkc\",\"https:\\\/\\\/www.youtube.com\\\/channel\\\/UCFqjpT1nX60rx3m_SELg3lA\"]},{\"@type\":\"Person\",\"@id\":\"https:\\\/\\\/www.veritatemincaritate.com\\\/wp\\\/#\\\/schema\\\/person\\\/ae324896700d097ddc6db39f45894b80\",\"name\":\"Is551011\",\"image\":{\"@type\":\"ImageObject\",\"inLanguage\":\"it-IT\",\"@id\":\"https:\\\/\\\/secure.gravatar.com\\\/avatar\\\/c031fff76d6f121d3530ae43ac8407bd6ac4d5c3c8a89c237d6990047f9a6307?s=96&d=mm&r=g\",\"url\":\"https:\\\/\\\/secure.gravatar.com\\\/avatar\\\/c031fff76d6f121d3530ae43ac8407bd6ac4d5c3c8a89c237d6990047f9a6307?s=96&d=mm&r=g\",\"contentUrl\":\"https:\\\/\\\/secure.gravatar.com\\\/avatar\\\/c031fff76d6f121d3530ae43ac8407bd6ac4d5c3c8a89c237d6990047f9a6307?s=96&d=mm&r=g\",\"caption\":\"Is551011\"}}]}<\/script>\n<!-- \/ Yoast SEO plugin. -->","yoast_head_json":{"title":"In principio era il Verbo\u2026 - Veritatemincaritate","robots":{"index":"index","follow":"follow","max-snippet":"max-snippet:-1","max-image-preview":"max-image-preview:large","max-video-preview":"max-video-preview:-1"},"canonical":"https:\/\/www.veritatemincaritate.com\/wp\/2021\/12\/in-principio-era-il-verbo\/","og_locale":"it_IT","og_type":"article","og_title":"In principio era il Verbo\u2026 - Veritatemincaritate","og_description":"[vc_row][vc_column][vc_column_text] Meditazione Pubblichiamo l\u2019audio di una meditazione di venerd\u00ec 31 dicembre 2021 Predicatore: p. Giorgio Maria Far\u00e9, OCD [\/vc_column_text][vc_column_text] Ascolta...","og_url":"https:\/\/www.veritatemincaritate.com\/wp\/2021\/12\/in-principio-era-il-verbo\/","og_site_name":"Veritatemincaritate","article_publisher":"https:\/\/www.facebook.com\/pgiorgiomariafare","article_published_time":"2021-12-31T02:15:36+00:00","og_image":[{"width":600,"height":400,"url":"https:\/\/www.veritatemincaritate.com\/wp\/wp-content\/uploads\/2021\/12\/In-principio-era-il-Verbo.jpg","type":"image\/jpeg"}],"author":"Is551011","twitter_card":"summary_large_image","twitter_misc":{"Scritto da":"Is551011","Tempo di lettura stimato":"23 minuti"},"schema":{"@context":"https:\/\/schema.org","@graph":[{"@type":"Article","@id":"https:\/\/www.veritatemincaritate.com\/wp\/2021\/12\/in-principio-era-il-verbo\/#article","isPartOf":{"@id":"https:\/\/www.veritatemincaritate.com\/wp\/2021\/12\/in-principio-era-il-verbo\/"},"author":{"name":"Is551011","@id":"https:\/\/www.veritatemincaritate.com\/wp\/#\/schema\/person\/ae324896700d097ddc6db39f45894b80"},"headline":"In principio era il Verbo\u2026","datePublished":"2021-12-31T02:15:36+00:00","mainEntityOfPage":{"@id":"https:\/\/www.veritatemincaritate.com\/wp\/2021\/12\/in-principio-era-il-verbo\/"},"wordCount":4375,"publisher":{"@id":"https:\/\/www.veritatemincaritate.com\/wp\/#organization"},"image":{"@id":"https:\/\/www.veritatemincaritate.com\/wp\/2021\/12\/in-principio-era-il-verbo\/#primaryimage"},"thumbnailUrl":"https:\/\/www.veritatemincaritate.com\/wp\/wp-content\/uploads\/2021\/12\/In-principio-era-il-Verbo.jpg","keywords":["meditazioni","p. Giorgio Maria Far\u00e9"],"articleSection":["Omelie"],"inLanguage":"it-IT"},{"@type":"WebPage","@id":"https:\/\/www.veritatemincaritate.com\/wp\/2021\/12\/in-principio-era-il-verbo\/","url":"https:\/\/www.veritatemincaritate.com\/wp\/2021\/12\/in-principio-era-il-verbo\/","name":"In principio era il Verbo\u2026 - Veritatemincaritate","isPartOf":{"@id":"https:\/\/www.veritatemincaritate.com\/wp\/#website"},"primaryImageOfPage":{"@id":"https:\/\/www.veritatemincaritate.com\/wp\/2021\/12\/in-principio-era-il-verbo\/#primaryimage"},"image":{"@id":"https:\/\/www.veritatemincaritate.com\/wp\/2021\/12\/in-principio-era-il-verbo\/#primaryimage"},"thumbnailUrl":"https:\/\/www.veritatemincaritate.com\/wp\/wp-content\/uploads\/2021\/12\/In-principio-era-il-Verbo.jpg","datePublished":"2021-12-31T02:15:36+00:00","breadcrumb":{"@id":"https:\/\/www.veritatemincaritate.com\/wp\/2021\/12\/in-principio-era-il-verbo\/#breadcrumb"},"inLanguage":"it-IT","potentialAction":[{"@type":"ReadAction","target":["https:\/\/www.veritatemincaritate.com\/wp\/2021\/12\/in-principio-era-il-verbo\/"]}]},{"@type":"ImageObject","inLanguage":"it-IT","@id":"https:\/\/www.veritatemincaritate.com\/wp\/2021\/12\/in-principio-era-il-verbo\/#primaryimage","url":"https:\/\/www.veritatemincaritate.com\/wp\/wp-content\/uploads\/2021\/12\/In-principio-era-il-Verbo.jpg","contentUrl":"https:\/\/www.veritatemincaritate.com\/wp\/wp-content\/uploads\/2021\/12\/In-principio-era-il-Verbo.jpg","width":600,"height":400},{"@type":"BreadcrumbList","@id":"https:\/\/www.veritatemincaritate.com\/wp\/2021\/12\/in-principio-era-il-verbo\/#breadcrumb","itemListElement":[{"@type":"ListItem","position":1,"name":"Home","item":"https:\/\/www.veritatemincaritate.com\/wp\/"},{"@type":"ListItem","position":2,"name":"In principio era il Verbo\u2026"}]},{"@type":"WebSite","@id":"https:\/\/www.veritatemincaritate.com\/wp\/#website","url":"https:\/\/www.veritatemincaritate.com\/wp\/","name":"Veritatemincaritate","description":"Agendo secondo verit\u00e0 nella carit\u00e0, cerchiamo di crescere in ogni cosa tendendo a lui, che \u00e8 il capo, Cristo","publisher":{"@id":"https:\/\/www.veritatemincaritate.com\/wp\/#organization"},"potentialAction":[{"@type":"SearchAction","target":{"@type":"EntryPoint","urlTemplate":"https:\/\/www.veritatemincaritate.com\/wp\/?s={search_term_string}"},"query-input":{"@type":"PropertyValueSpecification","valueRequired":true,"valueName":"search_term_string"}}],"inLanguage":"it-IT"},{"@type":"Organization","@id":"https:\/\/www.veritatemincaritate.com\/wp\/#organization","name":"Veritatem facientes in Caritate","url":"https:\/\/www.veritatemincaritate.com\/wp\/","logo":{"@type":"ImageObject","inLanguage":"it-IT","@id":"https:\/\/www.veritatemincaritate.com\/wp\/#\/schema\/logo\/image\/","url":"https:\/\/www.veritatemincaritate.com\/wp\/wp-content\/uploads\/2020\/07\/Logo-VIC-per-canale-Youtube.jpg","contentUrl":"https:\/\/www.veritatemincaritate.com\/wp\/wp-content\/uploads\/2020\/07\/Logo-VIC-per-canale-Youtube.jpg","width":720,"height":720,"caption":"Veritatem facientes in Caritate"},"image":{"@id":"https:\/\/www.veritatemincaritate.com\/wp\/#\/schema\/logo\/image\/"},"sameAs":["https:\/\/www.facebook.com\/pgiorgiomariafare","https:\/\/instagram.com\/padre_giorgio_maria_fare?igshid=1p8wsw6b3edkc","https:\/\/www.youtube.com\/channel\/UCFqjpT1nX60rx3m_SELg3lA"]},{"@type":"Person","@id":"https:\/\/www.veritatemincaritate.com\/wp\/#\/schema\/person\/ae324896700d097ddc6db39f45894b80","name":"Is551011","image":{"@type":"ImageObject","inLanguage":"it-IT","@id":"https:\/\/secure.gravatar.com\/avatar\/c031fff76d6f121d3530ae43ac8407bd6ac4d5c3c8a89c237d6990047f9a6307?s=96&d=mm&r=g","url":"https:\/\/secure.gravatar.com\/avatar\/c031fff76d6f121d3530ae43ac8407bd6ac4d5c3c8a89c237d6990047f9a6307?s=96&d=mm&r=g","contentUrl":"https:\/\/secure.gravatar.com\/avatar\/c031fff76d6f121d3530ae43ac8407bd6ac4d5c3c8a89c237d6990047f9a6307?s=96&d=mm&r=g","caption":"Is551011"}}]}},"menu_order":0,"_links":{"self":[{"href":"https:\/\/www.veritatemincaritate.com\/wp\/wp-json\/wp\/v2\/posts\/22489","targetHints":{"allow":["GET"]}}],"collection":[{"href":"https:\/\/www.veritatemincaritate.com\/wp\/wp-json\/wp\/v2\/posts"}],"about":[{"href":"https:\/\/www.veritatemincaritate.com\/wp\/wp-json\/wp\/v2\/types\/post"}],"author":[{"embeddable":true,"href":"https:\/\/www.veritatemincaritate.com\/wp\/wp-json\/wp\/v2\/users\/4"}],"replies":[{"embeddable":true,"href":"https:\/\/www.veritatemincaritate.com\/wp\/wp-json\/wp\/v2\/comments?post=22489"}],"version-history":[{"count":0,"href":"https:\/\/www.veritatemincaritate.com\/wp\/wp-json\/wp\/v2\/posts\/22489\/revisions"}],"wp:featuredmedia":[{"embeddable":true,"href":"https:\/\/www.veritatemincaritate.com\/wp\/wp-json\/wp\/v2\/media\/22490"}],"wp:attachment":[{"href":"https:\/\/www.veritatemincaritate.com\/wp\/wp-json\/wp\/v2\/media?parent=22489"}],"wp:term":[{"taxonomy":"category","embeddable":true,"href":"https:\/\/www.veritatemincaritate.com\/wp\/wp-json\/wp\/v2\/categories?post=22489"},{"taxonomy":"post_tag","embeddable":true,"href":"https:\/\/www.veritatemincaritate.com\/wp\/wp-json\/wp\/v2\/tags?post=22489"}],"curies":[{"name":"wp","href":"https:\/\/api.w.org\/{rel}","templated":true}]}}