{"id":24439,"date":"2020-04-07T05:58:18","date_gmt":"2020-04-07T03:58:18","guid":{"rendered":"https:\/\/www.veritatemincaritate.com\/?p=24439"},"modified":"2024-03-28T11:02:09","modified_gmt":"2024-03-28T10:02:09","slug":"novena-a-santa-bernadette","status":"publish","type":"post","link":"https:\/\/www.veritatemincaritate.com\/wp\/2020\/04\/novena-a-santa-bernadette\/","title":{"rendered":"Novena a Santa Bernadette"},"content":{"rendered":"<div class=\"wpb-content-wrapper\" id=\"wpb-content-root\"><p>[vc_row][vc_column][vc_empty_space][vc_column_text]Da recitare<\/p>\n<p class=\"p1\"><i>dal 7 al 15 aprile<\/i><\/p>\n<p>[\/vc_column_text][vc_separator color=&#8221;juicy_pink&#8221;][\/vc_column][\/vc_row][vc_row][vc_column][vc_tta_accordion active_section=&#8221;&#8221; collapsible_all=&#8221;true&#8221;][vc_tta_section title=&#8221;PRIMO GIORNO &#8211; 7 aprile&#8221; tab_id=&#8221;1646212090076-31b8b182-7abb&#8221;][vc_column_text]<strong>FIDUCIA<\/strong><br \/>\nLa vita di S. Bernadette ci dimostra che cosa sa fare la Madonna delle nostre vite quando ci affidiamo a Lei. La nostra esistenza, nelle mani di Maria, diviene una benedizione per il mondo intero.<\/p>\n<p>Preghiera<\/p>\n<p>Santa Bernadette, aumenta la nostra fiducia nella Santa Vergine, che tu hai avuto l&#8217;onore di vedere qui sulla terra.<br \/>\nCome te, anche noi ci mettiamo sotto la Sua protezione, in modo da poter tenere sempre viva la purezza del nostro cuore.<\/p>\n<p><em>Padre nostro, Ave Maria, Gloria<\/em>[\/vc_column_text][\/vc_tta_section][vc_tta_section title=&#8221;SECONDO GIORNO &#8211; 8 aprile&#8221; tab_id=&#8221;1649217800873-e4cd34ec-cf96&#8243;][vc_column_text]<strong>AMORE DI DIO<\/strong><\/p>\n<p>La prima preghiera che la Madonna insegna a Lourdes \u00e8 il segno di Croce: Bernadette rimase impressionata dal modo calmo, ampio e solenne con cui Maria SS. si era segnata.<br \/>\nIl segno di Croce deve essere fatto col cuore, deve essere un atto esternamente bello, solenne ma deve soprattutto essere internamente partecipato con una decisa professione di fede.<br \/>\nBernadette visse intimamente unita a Ges\u00f9 che ha amato fino a donare la Sua propria vita e cerc\u00f2 sempre di tradurre in ogni suo gesto e in ogni sua parola il desiderio del suo cuore di amare Dio sopra ogni cosa.<\/p>\n<p>Preghiera<\/p>\n<p>Ottienici, Santa Bernadette, di amare profondamente e sempre fedelmente il Signore al quale dobbiamo tutto.<br \/>\nIntercedi per noi affinch\u00e8 ogni atto della nostra vita sia ispirato da questo amore.<\/p>\n<p><em>Padre nostro, Ave Maria, Gloria<\/em>[\/vc_column_text][\/vc_tta_section][vc_tta_section title=&#8221;TERZO GIORNO &#8211; 9 aprile&#8221; tab_id=&#8221;1649217903823-8b258c66-9c83&#8243;][vc_column_text]<strong>UMILT\u00c0<\/strong><br \/>\nBernadette \u00e8 semplice e umile. Posta al centro dell\u2019attenzione ecclesiale, \u00e8 rimasta con gli occhi fissi sulla sua pochezza, senza mai perderla di vista. Neppure per un istante ha pensato si essere pi\u00f9 di quello che era. S\u00ec \u00e8 considerata una scopa, che si pone dietro la porta dopo averla usata. Ha emesso l\u2019ultimo respiro chiedendo alla Madre di Dio di pregare per lei, povera peccatrice. Non ha mai accettato di essere un personaggio. Non ha mai recitato la parte della veggente. Ha sempre voluto essere come tutte le altre.<\/p>\n<p>Preghiera<br \/>\nOh! Santa Bernadette, che siete stata scelta dalla Madre di Dio per la semplicit\u00e0 del vostro cuore che le era particolarmente caro, aiutaci a praticare sempre l&#8217;umilt\u00e0 cristiana e l&#8217;amore.<\/p>\n<p><em>Padre nostro, Ave Maria, Gloria<\/em>[\/vc_column_text][\/vc_tta_section][vc_tta_section title=&#8221;QUARTO GIORNO &#8211; 10 aprile&#8221; tab_id=&#8221;1649218084760-e88d632f-d277&#8243;][vc_column_text]<strong>SOFFERENZA<\/strong><\/p>\n<p><em>Pensiero spirituale: &#8220;La croce pu\u00f2 sostituire tutto, ma nulla pu\u00f2 sostituire la Croce&#8221;. (St. Bernadette)<\/em><\/p>\n<p>La salute di Bernadette fu sempre precaria: l\u2019asma, di cui soffriva sin da bambina, non le dava tregua; soffriva di reumatismi articolari molto dolorosi e terribili sbocchi di sangue in pi\u00f9 occasioni fecero temere per la sua vita. A queste sofferenze fisiche si aggiunse il dolore per la morte precoce di entrambi i genitori. I quindici anni di vita conventuale furono un vero Calvario di sofferenza. Le stesse superiori la trattavano con freddezza, per un disegno provvidenziale che preclude alle anime elette la comprensione e spesso anche la benevolenza delle anime mediocri. Come la Madonna le aveva preannunciato, non era prevista per lei felicit\u00e0 in questo mondo.<\/p>\n<p>Preghiera<br \/>\nSanta Bernadette, che con tanta pazienza e con tanta fiducia in Dio, sopportasti le sofferenze della contraddizione morale quando conversavi con la Vergine del Cielo e sopportasti i dolori fisici della malattia, ottienici questa tua stessa sottomissione alla sofferenza anche nella nostra vita.<\/p>\n<p><em>Padre nostro, Ave Maria, Gloria<\/em>[\/vc_column_text][\/vc_tta_section][vc_tta_section title=&#8221;QUINTO GIORNO &#8211; 11 aprile&#8221; tab_id=&#8221;1649218561981-2da25bdb-e1dd&#8221;][vc_column_text]<strong>PREGHIERA<\/strong><\/p>\n<p>Diceva Santa Bernadette, nella sua semplicit\u00e0: \u201cla Madonna ama farsi pregare\u201d. Perch\u00e9 la Madonna ama farsi pregare? La ragione \u00e8 profonda: penso che sia perch\u00e9 pregare, aprendo il cuore a Lei, serve a noi, perch\u00e9 cos\u00ec pu\u00f2 cambiarci e stringerci a s\u00e9, ottenerci grandi grazie e soprattutto convertirci. Perch\u00e9 infine impariamo ad affidarci totalmente a Lei, con fiducia totale, senza riserve, sospetti o timori. Perch\u00e9 ci accorgiamo di avere una Madre, immensamente buona. Che al Figlio pu\u00f2 chiedere tutto, quindi che pu\u00f2 tutto e che \u00e8 la mediatrice di tutte le grazie.<\/p>\n<p>Preghiera<br \/>\nDonaci, o Santa Bernadette, la tua stessa fiducia nel pregare Dio, con l&#8217;intercessione della Vergine Maria, per tutte le necessit\u00e0 in cui ci possiamo trovare, proprio come la Madre Divina ti ha insegnato a Massabielle.<\/p>\n<p><em>Padre nostro, Ave Maria, Gloria<\/em>[\/vc_column_text][\/vc_tta_section][vc_tta_section title=&#8221;SESTO GIORNO &#8211; 12 aprile&#8221; tab_id=&#8221;1649218692095-30c3ba9f-43f7&#8243;][vc_column_text]<strong>ABBANDONO ALLA VOLONT\u00c0 DI DIO<\/strong><\/p>\n<p>Bernadette \u00e8 forte e coraggiosa. Nell\u2019adempiere i compiti che la Madonna le affida \u00e8 precisa, scrupolosa, determinata. Li compie alla perfezione, fino in fondo, senza badare a se stessa e alle possibili incresciose conseguenze. Vuole fare contenta la Madonna e adempiere cos\u00ec pienamente alla Volont\u00e0 di Dio. Nella sua fragilit\u00e0 non ha alcun timore delle autorit\u00e0 civili e religiose, ma le affronta con calma, garbo e autorevolezza. Alla fine sar\u00e0 lei a imporsi con la forza della verit\u00e0.<\/p>\n<p>Preghiera<br \/>\nO Santa Bernadette, che fosti strumento docile alla Volont\u00e0 di Dio, espressa per mezzo di Maria, insegnaci ad obbedire fedelmente a Dio e a sottometterci generosamente a tutto ci\u00f2 che chiede.<\/p>\n<p><em>Padre nostro, Ave Maria, Gloria<\/em>[\/vc_column_text][\/vc_tta_section][vc_tta_section title=&#8221;SETTIMO GIORNO &#8211; 13 aprile&#8221; tab_id=&#8221;1649218921057-027d4d66-71d3&#8243;][vc_column_text]<strong>CARIT\u00c0 E POVERT\u00c0<\/strong><\/p>\n<p>Bernadette sin da bambina aiutava nella cure da prestare ai malati, nei servizi della cucina, nello stare attenta ai bambini. Visse in una famiglia profondamente povera e provata. Il suo amore per la povert\u00e0 sconcerta: la povert\u00e0 era per lei la pi\u00f9 grande ricchezza di cui disponeva. In lei non si trover\u00e0 nessun fanatismo esasperato ma una ferma decisione nell\u2019impedire che la grazia di aver visto la Madonna potesse significare un vantaggio materiale per lei e per la sua famiglia.<\/p>\n<p>Preghiera<br \/>\nVogliamo conformare noi stessi a te, o Santa Bernadette, nel tuo amore per la povert\u00e0 e per l&#8217;uomo e per diventare docili strumenti della Provvidenza per il bene del prossimo.<\/p>\n<p><em>Padre nostro, Ave Maria, Gloria<\/em>[\/vc_column_text][\/vc_tta_section][vc_tta_section title=&#8221;OTTAVO GIORNO &#8211; 14 aprile&#8221; tab_id=&#8221;1649219046660-b7b16770-a001&#8243;][vc_column_text]<strong>PENITENZA<\/strong><\/p>\n<p>&#8220;Penitenza, penitenza, penitenza.&#8221;<br \/>\nSono le parole della Madonna a Santa Bernadette.<br \/>\nLa richiesta della Vergine la porter\u00e0 ad accettare la sua Croce. Finite le apparizioni Bernadette si ritirer\u00e0 a Nevers nel convento di Saint-Gildard. Qui nel silenzio e nel nascondimento, nella preghiera e nelle terribili sofferenze del corpo e dello spirito, nella cura appassionata dei malati, concluder\u00e0 la sua breve vita terrena. Nel suo letto di dolore esclamer\u00e0: &#8220;Sono macinata come un chicco di grano. Non avrei mai immaginato di dover soffrire cos\u00ec tanto per Amore di Ges\u00f9 e di Maria.&#8221;<\/p>\n<p>Preghiamo<br \/>\nFacci comprendere, Santa Bernadette, la necessit\u00e0 della mortificazione per la nostra personale salvezza e per intercedere per il perdono dei peccati dei nostri fratelli, come ci hai tramandato a noi attraverso la parola della Regina del Cielo.<\/p>\n<p><em>Padre nostro, Ave Maria, Gloria<\/em>[\/vc_column_text][\/vc_tta_section][vc_tta_section title=&#8221;NONO GIORNO &#8211; 15 aprile&#8221; tab_id=&#8221;1649219137059-fe3160b0-82e8&#8243;][vc_column_text]<strong>VITA INTERIORE E VITA ETERNA<\/strong><\/p>\n<p>Il 16 aprile \u00e8 il giorno in cui nel lontano 1879 Santa Bernadette \u00e8 nata al Cielo, dopo la sua lunga sofferenza. \u00c8 spirata alla tre del pomeriggio, il mercoled\u00ec della settimana dopo Pasqua. Le sue ultime parole sono state: \u00abSanta Maria, Madre di Dio, pregate per me, povera peccatrice\u00bb. Poi disse: \u00abHo sete\u00bb. Entrando nella gioia del Paradiso ha placato la sua sete di Dio.<\/p>\n<p>Preghiera<br \/>\nVogliamo come te, o Santa Bernadette, vivere sempre sotto lo sguardo di Dio e della Vergine Maria.<br \/>\nOttieni per noi la grazia di assomigliarti soprattutto in questo.<\/p>\n<p><em>Padre nostro, Ave Maria, Gloria<\/em>[\/vc_column_text][\/vc_tta_section][\/vc_tta_accordion][\/vc_column][\/vc_row][vc_row][vc_column][vc_empty_space][vc_separator color=&#8221;juicy_pink&#8221;][\/vc_column][\/vc_row][vc_row][vc_column][vc_cta h2=&#8221;&#8221; color=&#8221;juicy-pink&#8221;]<\/p>\n<h5>Testamento spirituale<br \/>\ndi Santa Bernadette<\/h5>\n<p>Per l\u2019indigenza di mamma e pap\u00e0<br \/>\nper la rovina del mulino, per il vino della stanchezza,<br \/>\nper le pecore rognose: grazie, mio Dio!<\/p>\n<p>Bocca di troppo da sfamare che ero;<br \/>\nper i bambini accuditi, per le pecore custodite, grazie!<\/p>\n<p>Grazie o mio Dio, per il Procuratore,<br \/>\nper il Commissario, per i Gendarmi,<br \/>\nper le dure parole di Peyremale.<\/p>\n<p>Per i giorni in cui siete venuta, Vergine Maria,<br \/>\nper quelli in cui non siete venuta,<br \/>\nnon vi sapr\u00f2 rendere grazie altro che in Paradiso.<\/p>\n<p>Ma per lo schiaffo ricevuto, per le beffe, per gli oltraggi,<br \/>\nper coloro che mi hanno presa per pazza,<br \/>\nper coloro che mi hanno presa per bugiarda,<br \/>\nper coloro che mi hanno presa per interessata.<br \/>\nGRAZIE, MADONNA!<\/p>\n<p>Per l\u2019ortografia che non ho mai saputa,<br \/>\nper la memoria che non ho mai avuta,<br \/>\nper la mia ignoranza e per la mia stupidit\u00e0, grazie!<\/p>\n<p>Grazie, grazie, perch\u00e9 se ci fosse stata sulla terra<br \/>\nuna bambina pi\u00f9 stupida di me, avreste scelto quella!<\/p>\n<p>Per la mia madre morta lontano,<br \/>\nper la pena che ebbi quando mio padre,<br \/>\ninvece di tendere le braccia alla sua piccola Bernadette,<br \/>\nmi chiam\u00f2 Suor Maria Bernarde: grazie, Ges\u00f9!<\/p>\n<p>Grazie per aver abbeverato di amarezza<br \/>\nQuesto cuore troppo tenero che mi avete dato.<\/p>\n<p>Per Madre Giuseppina che mi ha proclamata:<br \/>\n\u201cBuona a nulla\u201d.<br \/>\nGRAZIE!<\/p>\n<p>Per i sarcasmi della madre Maestra, la sua voce dura,<br \/>\nle sue ingiustizie, le sue ironie,<br \/>\ne per il pane della umiliazione, grazie!<\/p>\n<p>Grazie per essere stata quella cui la Madre Teresa<br \/>\npoteva dire: &#8220;Non me ne combinate mai abbastanza\u201d.<\/p>\n<p>Grazie per essere stata quella privilegiata<br \/>\ndai rimproveri, di cui le mie sorelle dicevano:<br \/>\n\u201cChe fortuna non essere come Bernadette\u201d.<\/p>\n<p>Grazie di essere stata Bernadette,<br \/>\nminacciata di prigione perch\u00e9 vi avevo vista,<br \/>\nVergine Santa!<br \/>\nGuardata dalla gente come bestia rara;<br \/>\nquella Bernadette cos\u00ec meschina che a vederla si diceva:<br \/>\n\u201cNon \u00e8 che questa?!\u201d.<\/p>\n<p>Per questo corpo miserando che mi avete dato,<br \/>\nper questa malattia di fuoco e di fumo,<br \/>\nper le mie carni in putrefazione,<br \/>\nper le mie ossa cariate, per i miei sudori,<br \/>\nper la mia febbre, per i miei dolori sordi e acuti,<br \/>\nGRAZIE MIO DIO!<\/p>\n<p>Per quest\u2019anima che mi avete data, per il deserto della aridit\u00e0 interiore,<br \/>\nper la vostra notte e per i vostri baleni,<br \/>\nper i vostri silenzi e i vostri fulmini;<br \/>\nper tutto,<br \/>\nper Voi assente e presente, grazie! Grazie o Ges\u00f9![\/vc_cta][\/vc_column][\/vc_row]<\/p>\n<\/div>","protected":false},"excerpt":{"rendered":"<p>[vc_row][vc_column][vc_empty_space][vc_column_text]Da recitare dal 7 al 15 aprile [\/vc_column_text][vc_separator color=&#8221;juicy_pink&#8221;][\/vc_column][\/vc_row][vc_row][vc_column][vc_tta_accordion active_section=&#8221;&#8221; collapsible_all=&#8221;true&#8221;][vc_tta_section title=&#8221;PRIMO GIORNO &#8211; 7 aprile&#8221; tab_id=&#8221;1646212090076-31b8b182-7abb&#8221;][vc_column_text]FIDUCIA La vita di&#8230;<\/p>\n","protected":false},"author":4,"featured_media":28485,"comment_status":"closed","ping_status":"closed","sticky":false,"template":"","format":"standard","meta":{"footnotes":""},"categories":[21],"tags":[743,8688,3079,9653],"class_list":{"0":"post-24439","1":"post","2":"type-post","3":"status-publish","4":"format-standard","5":"has-post-thumbnail","7":"category-devozione","8":"tag-devozioni","9":"tag-novene","10":"tag-s-bernadette","11":"tag-s-bernadette-soubirous"},"yoast_head":"<!-- This site is optimized with the Yoast SEO plugin v28.2 - https:\/\/yoast.com\/product\/yoast-seo-wordpress\/ -->\n<title>Novena a Santa Bernadette - Veritatemincaritate<\/title>\n<meta name=\"description\" content=\"Novena a Santa Bernadette Soubirous da recitare dal 7 al 15 aprile in preparazione al giorno della festa (16 aprile).\" \/>\n<meta name=\"robots\" content=\"index, follow, max-snippet:-1, max-image-preview:large, max-video-preview:-1\" \/>\n<link rel=\"canonical\" href=\"https:\/\/www.veritatemincaritate.com\/wp\/2020\/04\/novena-a-santa-bernadette\/\" \/>\n<meta property=\"og:locale\" content=\"it_IT\" \/>\n<meta property=\"og:type\" content=\"article\" \/>\n<meta property=\"og:title\" content=\"Novena a Santa Bernadette\" \/>\n<meta property=\"og:description\" content=\"Novena a Santa Bernadette\" \/>\n<meta property=\"og:url\" content=\"https:\/\/www.veritatemincaritate.com\/wp\/2020\/04\/novena-a-santa-bernadette\/\" \/>\n<meta property=\"og:site_name\" content=\"Veritatemincaritate\" \/>\n<meta property=\"article:publisher\" content=\"https:\/\/www.facebook.com\/pgiorgiomariafare\" \/>\n<meta property=\"article:published_time\" content=\"2020-04-07T03:58:18+00:00\" \/>\n<meta property=\"article:modified_time\" content=\"2024-03-28T10:02:09+00:00\" \/>\n<meta property=\"og:image\" content=\"https:\/\/www.veritatemincaritate.com\/wp\/wp-content\/uploads\/2020\/04\/Devozioni-S.Bernadette.jpg\" \/>\n\t<meta property=\"og:image:width\" content=\"600\" \/>\n\t<meta property=\"og:image:height\" content=\"400\" \/>\n\t<meta property=\"og:image:type\" content=\"image\/jpeg\" \/>\n<meta name=\"author\" content=\"Is551011\" \/>\n<meta name=\"twitter:card\" content=\"summary_large_image\" \/>\n<meta name=\"twitter:title\" content=\"Novena a Santa Bernadette\" \/>\n<meta name=\"twitter:description\" content=\"Novena a Santa Bernadette\" \/>\n<meta name=\"twitter:image\" content=\"https:\/\/www.veritatemincaritate.com\/wp\/wp-content\/uploads\/2020\/04\/Devozioni-S.Bernadette.jpg\" \/>\n<meta name=\"twitter:label1\" content=\"Scritto da\" \/>\n\t<meta name=\"twitter:data1\" content=\"Is551011\" \/>\n\t<meta name=\"twitter:label2\" content=\"Tempo di lettura stimato\" \/>\n\t<meta name=\"twitter:data2\" content=\"9 minuti\" \/>\n<script type=\"application\/ld+json\" class=\"yoast-schema-graph\">{\"@context\":\"https:\\\/\\\/schema.org\",\"@graph\":[{\"@type\":\"Article\",\"@id\":\"https:\\\/\\\/www.veritatemincaritate.com\\\/wp\\\/2020\\\/04\\\/novena-a-santa-bernadette\\\/#article\",\"isPartOf\":{\"@id\":\"https:\\\/\\\/www.veritatemincaritate.com\\\/wp\\\/2020\\\/04\\\/novena-a-santa-bernadette\\\/\"},\"author\":{\"name\":\"Is551011\",\"@id\":\"https:\\\/\\\/www.veritatemincaritate.com\\\/wp\\\/#\\\/schema\\\/person\\\/ae324896700d097ddc6db39f45894b80\"},\"headline\":\"Novena a Santa Bernadette\",\"datePublished\":\"2020-04-07T03:58:18+00:00\",\"dateModified\":\"2024-03-28T10:02:09+00:00\",\"mainEntityOfPage\":{\"@id\":\"https:\\\/\\\/www.veritatemincaritate.com\\\/wp\\\/2020\\\/04\\\/novena-a-santa-bernadette\\\/\"},\"wordCount\":1820,\"publisher\":{\"@id\":\"https:\\\/\\\/www.veritatemincaritate.com\\\/wp\\\/#organization\"},\"image\":{\"@id\":\"https:\\\/\\\/www.veritatemincaritate.com\\\/wp\\\/2020\\\/04\\\/novena-a-santa-bernadette\\\/#primaryimage\"},\"thumbnailUrl\":\"https:\\\/\\\/www.veritatemincaritate.com\\\/wp\\\/wp-content\\\/uploads\\\/2020\\\/04\\\/Devozioni-S.Bernadette.jpg\",\"keywords\":[\"devozioni\",\"Novene\",\"S. Bernadette\",\"S. Bernadette Soubirous\"],\"articleSection\":[\"Devozione\"],\"inLanguage\":\"it-IT\"},{\"@type\":\"WebPage\",\"@id\":\"https:\\\/\\\/www.veritatemincaritate.com\\\/wp\\\/2020\\\/04\\\/novena-a-santa-bernadette\\\/\",\"url\":\"https:\\\/\\\/www.veritatemincaritate.com\\\/wp\\\/2020\\\/04\\\/novena-a-santa-bernadette\\\/\",\"name\":\"Novena a Santa Bernadette - Veritatemincaritate\",\"isPartOf\":{\"@id\":\"https:\\\/\\\/www.veritatemincaritate.com\\\/wp\\\/#website\"},\"primaryImageOfPage\":{\"@id\":\"https:\\\/\\\/www.veritatemincaritate.com\\\/wp\\\/2020\\\/04\\\/novena-a-santa-bernadette\\\/#primaryimage\"},\"image\":{\"@id\":\"https:\\\/\\\/www.veritatemincaritate.com\\\/wp\\\/2020\\\/04\\\/novena-a-santa-bernadette\\\/#primaryimage\"},\"thumbnailUrl\":\"https:\\\/\\\/www.veritatemincaritate.com\\\/wp\\\/wp-content\\\/uploads\\\/2020\\\/04\\\/Devozioni-S.Bernadette.jpg\",\"datePublished\":\"2020-04-07T03:58:18+00:00\",\"dateModified\":\"2024-03-28T10:02:09+00:00\",\"description\":\"Novena a Santa Bernadette Soubirous da recitare dal 7 al 15 aprile in preparazione al giorno della festa (16 aprile).\",\"breadcrumb\":{\"@id\":\"https:\\\/\\\/www.veritatemincaritate.com\\\/wp\\\/2020\\\/04\\\/novena-a-santa-bernadette\\\/#breadcrumb\"},\"inLanguage\":\"it-IT\",\"potentialAction\":[{\"@type\":\"ReadAction\",\"target\":[\"https:\\\/\\\/www.veritatemincaritate.com\\\/wp\\\/2020\\\/04\\\/novena-a-santa-bernadette\\\/\"]}]},{\"@type\":\"ImageObject\",\"inLanguage\":\"it-IT\",\"@id\":\"https:\\\/\\\/www.veritatemincaritate.com\\\/wp\\\/2020\\\/04\\\/novena-a-santa-bernadette\\\/#primaryimage\",\"url\":\"https:\\\/\\\/www.veritatemincaritate.com\\\/wp\\\/wp-content\\\/uploads\\\/2020\\\/04\\\/Devozioni-S.Bernadette.jpg\",\"contentUrl\":\"https:\\\/\\\/www.veritatemincaritate.com\\\/wp\\\/wp-content\\\/uploads\\\/2020\\\/04\\\/Devozioni-S.Bernadette.jpg\",\"width\":600,\"height\":400,\"caption\":\"S.Bernadette\"},{\"@type\":\"BreadcrumbList\",\"@id\":\"https:\\\/\\\/www.veritatemincaritate.com\\\/wp\\\/2020\\\/04\\\/novena-a-santa-bernadette\\\/#breadcrumb\",\"itemListElement\":[{\"@type\":\"ListItem\",\"position\":1,\"name\":\"Home\",\"item\":\"https:\\\/\\\/www.veritatemincaritate.com\\\/wp\\\/\"},{\"@type\":\"ListItem\",\"position\":2,\"name\":\"Novena a Santa Bernadette\"}]},{\"@type\":\"WebSite\",\"@id\":\"https:\\\/\\\/www.veritatemincaritate.com\\\/wp\\\/#website\",\"url\":\"https:\\\/\\\/www.veritatemincaritate.com\\\/wp\\\/\",\"name\":\"Veritatemincaritate\",\"description\":\"Agendo secondo verit\u00e0 nella carit\u00e0, cerchiamo di crescere in ogni cosa tendendo a lui, che \u00e8 il capo, Cristo\",\"publisher\":{\"@id\":\"https:\\\/\\\/www.veritatemincaritate.com\\\/wp\\\/#organization\"},\"potentialAction\":[{\"@type\":\"SearchAction\",\"target\":{\"@type\":\"EntryPoint\",\"urlTemplate\":\"https:\\\/\\\/www.veritatemincaritate.com\\\/wp\\\/?s={search_term_string}\"},\"query-input\":{\"@type\":\"PropertyValueSpecification\",\"valueRequired\":true,\"valueName\":\"search_term_string\"}}],\"inLanguage\":\"it-IT\"},{\"@type\":\"Organization\",\"@id\":\"https:\\\/\\\/www.veritatemincaritate.com\\\/wp\\\/#organization\",\"name\":\"Veritatem facientes in Caritate\",\"url\":\"https:\\\/\\\/www.veritatemincaritate.com\\\/wp\\\/\",\"logo\":{\"@type\":\"ImageObject\",\"inLanguage\":\"it-IT\",\"@id\":\"https:\\\/\\\/www.veritatemincaritate.com\\\/wp\\\/#\\\/schema\\\/logo\\\/image\\\/\",\"url\":\"https:\\\/\\\/www.veritatemincaritate.com\\\/wp\\\/wp-content\\\/uploads\\\/2020\\\/07\\\/Logo-VIC-per-canale-Youtube.jpg\",\"contentUrl\":\"https:\\\/\\\/www.veritatemincaritate.com\\\/wp\\\/wp-content\\\/uploads\\\/2020\\\/07\\\/Logo-VIC-per-canale-Youtube.jpg\",\"width\":720,\"height\":720,\"caption\":\"Veritatem facientes in Caritate\"},\"image\":{\"@id\":\"https:\\\/\\\/www.veritatemincaritate.com\\\/wp\\\/#\\\/schema\\\/logo\\\/image\\\/\"},\"sameAs\":[\"https:\\\/\\\/www.facebook.com\\\/pgiorgiomariafare\",\"https:\\\/\\\/instagram.com\\\/padre_giorgio_maria_fare?igshid=1p8wsw6b3edkc\",\"https:\\\/\\\/www.youtube.com\\\/channel\\\/UCFqjpT1nX60rx3m_SELg3lA\"]},{\"@type\":\"Person\",\"@id\":\"https:\\\/\\\/www.veritatemincaritate.com\\\/wp\\\/#\\\/schema\\\/person\\\/ae324896700d097ddc6db39f45894b80\",\"name\":\"Is551011\",\"image\":{\"@type\":\"ImageObject\",\"inLanguage\":\"it-IT\",\"@id\":\"https:\\\/\\\/secure.gravatar.com\\\/avatar\\\/c031fff76d6f121d3530ae43ac8407bd6ac4d5c3c8a89c237d6990047f9a6307?s=96&d=mm&r=g\",\"url\":\"https:\\\/\\\/secure.gravatar.com\\\/avatar\\\/c031fff76d6f121d3530ae43ac8407bd6ac4d5c3c8a89c237d6990047f9a6307?s=96&d=mm&r=g\",\"contentUrl\":\"https:\\\/\\\/secure.gravatar.com\\\/avatar\\\/c031fff76d6f121d3530ae43ac8407bd6ac4d5c3c8a89c237d6990047f9a6307?s=96&d=mm&r=g\",\"caption\":\"Is551011\"}}]}<\/script>\n<!-- \/ Yoast SEO plugin. -->","yoast_head_json":{"title":"Novena a Santa Bernadette - Veritatemincaritate","description":"Novena a Santa Bernadette Soubirous da recitare dal 7 al 15 aprile in preparazione al giorno della festa (16 aprile).","robots":{"index":"index","follow":"follow","max-snippet":"max-snippet:-1","max-image-preview":"max-image-preview:large","max-video-preview":"max-video-preview:-1"},"canonical":"https:\/\/www.veritatemincaritate.com\/wp\/2020\/04\/novena-a-santa-bernadette\/","og_locale":"it_IT","og_type":"article","og_title":"Novena a Santa Bernadette","og_description":"Novena a Santa Bernadette","og_url":"https:\/\/www.veritatemincaritate.com\/wp\/2020\/04\/novena-a-santa-bernadette\/","og_site_name":"Veritatemincaritate","article_publisher":"https:\/\/www.facebook.com\/pgiorgiomariafare","article_published_time":"2020-04-07T03:58:18+00:00","article_modified_time":"2024-03-28T10:02:09+00:00","og_image":[{"width":600,"height":400,"url":"https:\/\/www.veritatemincaritate.com\/wp\/wp-content\/uploads\/2020\/04\/Devozioni-S.Bernadette.jpg","type":"image\/jpeg"}],"author":"Is551011","twitter_card":"summary_large_image","twitter_title":"Novena a Santa Bernadette","twitter_description":"Novena a Santa Bernadette","twitter_image":"https:\/\/www.veritatemincaritate.com\/wp\/wp-content\/uploads\/2020\/04\/Devozioni-S.Bernadette.jpg","twitter_misc":{"Scritto da":"Is551011","Tempo di lettura stimato":"9 minuti"},"schema":{"@context":"https:\/\/schema.org","@graph":[{"@type":"Article","@id":"https:\/\/www.veritatemincaritate.com\/wp\/2020\/04\/novena-a-santa-bernadette\/#article","isPartOf":{"@id":"https:\/\/www.veritatemincaritate.com\/wp\/2020\/04\/novena-a-santa-bernadette\/"},"author":{"name":"Is551011","@id":"https:\/\/www.veritatemincaritate.com\/wp\/#\/schema\/person\/ae324896700d097ddc6db39f45894b80"},"headline":"Novena a Santa Bernadette","datePublished":"2020-04-07T03:58:18+00:00","dateModified":"2024-03-28T10:02:09+00:00","mainEntityOfPage":{"@id":"https:\/\/www.veritatemincaritate.com\/wp\/2020\/04\/novena-a-santa-bernadette\/"},"wordCount":1820,"publisher":{"@id":"https:\/\/www.veritatemincaritate.com\/wp\/#organization"},"image":{"@id":"https:\/\/www.veritatemincaritate.com\/wp\/2020\/04\/novena-a-santa-bernadette\/#primaryimage"},"thumbnailUrl":"https:\/\/www.veritatemincaritate.com\/wp\/wp-content\/uploads\/2020\/04\/Devozioni-S.Bernadette.jpg","keywords":["devozioni","Novene","S. Bernadette","S. Bernadette Soubirous"],"articleSection":["Devozione"],"inLanguage":"it-IT"},{"@type":"WebPage","@id":"https:\/\/www.veritatemincaritate.com\/wp\/2020\/04\/novena-a-santa-bernadette\/","url":"https:\/\/www.veritatemincaritate.com\/wp\/2020\/04\/novena-a-santa-bernadette\/","name":"Novena a Santa Bernadette - Veritatemincaritate","isPartOf":{"@id":"https:\/\/www.veritatemincaritate.com\/wp\/#website"},"primaryImageOfPage":{"@id":"https:\/\/www.veritatemincaritate.com\/wp\/2020\/04\/novena-a-santa-bernadette\/#primaryimage"},"image":{"@id":"https:\/\/www.veritatemincaritate.com\/wp\/2020\/04\/novena-a-santa-bernadette\/#primaryimage"},"thumbnailUrl":"https:\/\/www.veritatemincaritate.com\/wp\/wp-content\/uploads\/2020\/04\/Devozioni-S.Bernadette.jpg","datePublished":"2020-04-07T03:58:18+00:00","dateModified":"2024-03-28T10:02:09+00:00","description":"Novena a Santa Bernadette Soubirous da recitare dal 7 al 15 aprile in preparazione al giorno della festa (16 aprile).","breadcrumb":{"@id":"https:\/\/www.veritatemincaritate.com\/wp\/2020\/04\/novena-a-santa-bernadette\/#breadcrumb"},"inLanguage":"it-IT","potentialAction":[{"@type":"ReadAction","target":["https:\/\/www.veritatemincaritate.com\/wp\/2020\/04\/novena-a-santa-bernadette\/"]}]},{"@type":"ImageObject","inLanguage":"it-IT","@id":"https:\/\/www.veritatemincaritate.com\/wp\/2020\/04\/novena-a-santa-bernadette\/#primaryimage","url":"https:\/\/www.veritatemincaritate.com\/wp\/wp-content\/uploads\/2020\/04\/Devozioni-S.Bernadette.jpg","contentUrl":"https:\/\/www.veritatemincaritate.com\/wp\/wp-content\/uploads\/2020\/04\/Devozioni-S.Bernadette.jpg","width":600,"height":400,"caption":"S.Bernadette"},{"@type":"BreadcrumbList","@id":"https:\/\/www.veritatemincaritate.com\/wp\/2020\/04\/novena-a-santa-bernadette\/#breadcrumb","itemListElement":[{"@type":"ListItem","position":1,"name":"Home","item":"https:\/\/www.veritatemincaritate.com\/wp\/"},{"@type":"ListItem","position":2,"name":"Novena a Santa Bernadette"}]},{"@type":"WebSite","@id":"https:\/\/www.veritatemincaritate.com\/wp\/#website","url":"https:\/\/www.veritatemincaritate.com\/wp\/","name":"Veritatemincaritate","description":"Agendo secondo verit\u00e0 nella carit\u00e0, cerchiamo di crescere in ogni cosa tendendo a lui, che \u00e8 il capo, Cristo","publisher":{"@id":"https:\/\/www.veritatemincaritate.com\/wp\/#organization"},"potentialAction":[{"@type":"SearchAction","target":{"@type":"EntryPoint","urlTemplate":"https:\/\/www.veritatemincaritate.com\/wp\/?s={search_term_string}"},"query-input":{"@type":"PropertyValueSpecification","valueRequired":true,"valueName":"search_term_string"}}],"inLanguage":"it-IT"},{"@type":"Organization","@id":"https:\/\/www.veritatemincaritate.com\/wp\/#organization","name":"Veritatem facientes in Caritate","url":"https:\/\/www.veritatemincaritate.com\/wp\/","logo":{"@type":"ImageObject","inLanguage":"it-IT","@id":"https:\/\/www.veritatemincaritate.com\/wp\/#\/schema\/logo\/image\/","url":"https:\/\/www.veritatemincaritate.com\/wp\/wp-content\/uploads\/2020\/07\/Logo-VIC-per-canale-Youtube.jpg","contentUrl":"https:\/\/www.veritatemincaritate.com\/wp\/wp-content\/uploads\/2020\/07\/Logo-VIC-per-canale-Youtube.jpg","width":720,"height":720,"caption":"Veritatem facientes in Caritate"},"image":{"@id":"https:\/\/www.veritatemincaritate.com\/wp\/#\/schema\/logo\/image\/"},"sameAs":["https:\/\/www.facebook.com\/pgiorgiomariafare","https:\/\/instagram.com\/padre_giorgio_maria_fare?igshid=1p8wsw6b3edkc","https:\/\/www.youtube.com\/channel\/UCFqjpT1nX60rx3m_SELg3lA"]},{"@type":"Person","@id":"https:\/\/www.veritatemincaritate.com\/wp\/#\/schema\/person\/ae324896700d097ddc6db39f45894b80","name":"Is551011","image":{"@type":"ImageObject","inLanguage":"it-IT","@id":"https:\/\/secure.gravatar.com\/avatar\/c031fff76d6f121d3530ae43ac8407bd6ac4d5c3c8a89c237d6990047f9a6307?s=96&d=mm&r=g","url":"https:\/\/secure.gravatar.com\/avatar\/c031fff76d6f121d3530ae43ac8407bd6ac4d5c3c8a89c237d6990047f9a6307?s=96&d=mm&r=g","contentUrl":"https:\/\/secure.gravatar.com\/avatar\/c031fff76d6f121d3530ae43ac8407bd6ac4d5c3c8a89c237d6990047f9a6307?s=96&d=mm&r=g","caption":"Is551011"}}]}},"menu_order":0,"_links":{"self":[{"href":"https:\/\/www.veritatemincaritate.com\/wp\/wp-json\/wp\/v2\/posts\/24439","targetHints":{"allow":["GET"]}}],"collection":[{"href":"https:\/\/www.veritatemincaritate.com\/wp\/wp-json\/wp\/v2\/posts"}],"about":[{"href":"https:\/\/www.veritatemincaritate.com\/wp\/wp-json\/wp\/v2\/types\/post"}],"author":[{"embeddable":true,"href":"https:\/\/www.veritatemincaritate.com\/wp\/wp-json\/wp\/v2\/users\/4"}],"replies":[{"embeddable":true,"href":"https:\/\/www.veritatemincaritate.com\/wp\/wp-json\/wp\/v2\/comments?post=24439"}],"version-history":[{"count":0,"href":"https:\/\/www.veritatemincaritate.com\/wp\/wp-json\/wp\/v2\/posts\/24439\/revisions"}],"wp:featuredmedia":[{"embeddable":true,"href":"https:\/\/www.veritatemincaritate.com\/wp\/wp-json\/wp\/v2\/media\/28485"}],"wp:attachment":[{"href":"https:\/\/www.veritatemincaritate.com\/wp\/wp-json\/wp\/v2\/media?parent=24439"}],"wp:term":[{"taxonomy":"category","embeddable":true,"href":"https:\/\/www.veritatemincaritate.com\/wp\/wp-json\/wp\/v2\/categories?post=24439"},{"taxonomy":"post_tag","embeddable":true,"href":"https:\/\/www.veritatemincaritate.com\/wp\/wp-json\/wp\/v2\/tags?post=24439"}],"curies":[{"name":"wp","href":"https:\/\/api.w.org\/{rel}","templated":true}]}}