{"id":27623,"date":"2023-01-09T03:15:30","date_gmt":"2023-01-09T02:15:30","guid":{"rendered":"https:\/\/www.veritatemincaritate.com\/wp\/?p=27623"},"modified":"2023-01-09T11:49:00","modified_gmt":"2023-01-09T10:49:00","slug":"il-manoscritto-del-purgatorio-parte-42","status":"publish","type":"post","link":"https:\/\/www.veritatemincaritate.com\/wp\/2023\/01\/il-manoscritto-del-purgatorio-parte-42\/","title":{"rendered":"Il manoscritto del Purgatorio, parte 42"},"content":{"rendered":"<div class=\"wpb-content-wrapper\"><p>[vc_row][vc_column][vc_column_text]<\/p>\n<h3>Meditazione<\/h3>\n<div class=\"vc_row wpb_row vc_row-fluid\">\n<div class=\"wpb_column vc_column_container vc_col-sm-12\">\n<div class=\"vc_column-inner \">\n<div class=\"wpb_wrapper\">\n<div class=\"wpb_text_column wpb_content_element \">\n<div class=\"wpb_wrapper\">\n<p>Pubblichiamo l\u2019audio della meditazione: &#8220;Il manoscritto del Purgatorio&#8221; di luned\u00ec 9 gennaio 2023<\/p>\n<p>Predicatore: p. Giorgio Maria Far\u00e9, OCD<\/p>\n<\/div>\n<\/div>\n<\/div>\n<\/div>\n<\/div>\n<\/div>\n<p>[\/vc_column_text][vc_column_text]<\/p>\n<h4>Ascolta la registrazione:<\/h4>\n<p>Per motivi di intenso traffico non ci \u00e8 possibile rendere disponibile l&#8217;ascolto dei file audio direttamente dal nostro sito. Se hai dubbi su come fare, vai alle <a href=\"http:\/\/www.veritatemincaritate.com\/chi-siamo\/istruzioni-per-lascolto-delle-registrazioni\/\" target=\"_blank\" rel=\"noopener noreferrer\">istruzioni per l&#8217;ascolto delle registrazioni<\/a>.[\/vc_column_text][\/vc_column][\/vc_row][vc_row][vc_column][vc_row_inner][vc_column_inner width=&#8221;1\/2&#8243;][vc_btn title=&#8221;Scarica la meditazione&#8221; color=&#8221;orange&#8221; link=&#8221;url:https%3A%2F%2Fwww.dropbox.com%2Fs%2F6u9e5moqsgg5hal%2F230109-Omelie-Man.Purgatorio-42_01.m4a%3Fdl%3D1|target:_blank&#8221;][\/vc_column_inner][vc_column_inner width=&#8221;1\/2&#8243;][vc_btn title=&#8221;Ascolta la meditazione&#8221; color=&#8221;orange&#8221; align=&#8221;right&#8221; link=&#8221;url:https%3A%2F%2Fwww.dropbox.com%2Fs%2F6u9e5moqsgg5hal%2F230109-Omelie-Man.Purgatorio-42_01.m4a%3Fdl%3D0|target:_blank&#8221;][\/vc_column_inner][\/vc_row_inner][vc_empty_space][vc_separator color=&#8221;orange&#8221;][\/vc_column][\/vc_row][vc_row][vc_column][vc_column_text]<strong>VANGELO<\/strong><em> (Mc 1, 14-20)<\/em><\/p>\n<p>Dopo che Giovanni fu arrestato, Ges\u00f9 and\u00f2 nella Galilea, proclamando il vangelo di Dio, e diceva: &#8220;Il tempo \u00e8 compiuto e il regno di Dio \u00e8 vicino; convertitevi e credete nel Vangelo&#8221;.<br \/>\nPassando lungo il mare di Galilea, vide Simone e Andrea, fratello di Simone, mentre gettavano le reti in mare; erano infatti pescatori. Ges\u00f9 disse loro: &#8220;Venite dietro a me, vi far\u00f2 diventare pescatori di uomini&#8221;. E subito lasciarono le reti e lo seguirono.<br \/>\nAndando un poco oltre, vide Giacomo, figlio di Zebedeo, e Giovanni suo fratello, mentre anch&#8217;essi nella barca riparavano le reti. Subito li chiam\u00f2. Ed essi lasciarono il loro padre Zebedeo nella barca con i garzoni e andarono dietro a lui.[\/vc_column_text][\/vc_column][\/vc_row][vc_row][vc_column][vc_column_text]<\/p>\n<h4>Testo della meditazione<\/h4>\n<p><a href=\"https:\/\/www.veritatemincaritate.com\/wp\/wp-content\/uploads\/2023\/01\/230109-Il-manoscritto-del-Purgatorio-42..pdf\" target=\"_blank\" rel=\"noopener\">Scarica il testo della meditazione in formato PDF<\/a><\/p>\n<p><i>Sia lodato Ges\u00f9 Cristo! Sempre sia lodato!<\/i><\/p>\n<p>Eccoci giunti a luned\u00ec 9 gennaio 2023.<\/p>\n<p>Da oggi ricomincia il Tempo Ordinario: oggi siamo alla prima settimana del Tempo Ordinario, anno primo. Tutte le feste natalizie si sono concluse e adesso inizia il Tempo Ordinario che per noi dovrebbe essere comunque un tempo straordinario, un tempo di un amore straordinario verso Ges\u00f9.<\/p>\n<p>Abbiamo ascoltato il Vangelo della Santa Messa di oggi, tratto dal primo capitolo del Vangelo di San Marco, versetti 14-20.<\/p>\n<p>Continuiamo la nostra lettura e meditazione sul <i>Manoscritto del Purgatorio. <\/i>Leggiamo.<\/p>\n<p><b>La sofferenza precede sempre l&#8217;amore&#8230; Vi \u00e8 un grado d&#8217;amore che solo coloro che hanno molto sofferto e ben sofferto raggiungono. Intendo alludere soprattutto alle sofferenze morali.<\/b><\/p>\n<p>Pensiamo a tutti coloro che, per amore di Ges\u00f9, per amore della verit\u00e0, hanno dovuto soffrire o stanno soffrendo molto nella loro vita; per amore di Ges\u00f9 hanno perso qualcosa della loro vita: potrebbe essere il successo, la fama, la stima, tante cose\u2026 Diciamo che, pi\u00f9 si \u00e8 sofferto moralmente per Ges\u00f9 e pi\u00f9 si pu\u00f2 essere arrivati a un alto grado nell&#8217;amore.<\/p>\n<p><b>La pi\u00f9 grande sofferenza che possa provare un&#8217;anima che ami veramente Ges\u00f9 \u00e8 di non amarLo quanto ella desidera.<span class=\"Apple-converted-space\">\u00a0<\/span><\/b><\/p>\n<p>Abbiamo gi\u00e0 visto che questo \u00e8 il Purgatorio sulla terra: non riuscire ad amare Ges\u00f9 quanto si vorrebbe amare Ges\u00f9!<\/p>\n<p><b>Oh! quanto vi ama Ges\u00f9, nonostante le vostre miserie e freddezze! Considerate come, mediante le sue grazie, vi attiri con bont\u00e0; mediante le sofferenze, le prove, vi distacchi (da tutto) e, mediante l&#8217;amore, desideri unirvi a Lui s\u00ec intimamente che siate, a cos\u00ec dire, un altro Ges\u00f9.<\/b><\/p>\n<p>Ges\u00f9 ci ama sempre, follemente, nonostante tutto quello che dentro di noi dice &#8220;No&#8221; a Ges\u00f9. Abbiamo gi\u00e0 visto che la sofferenza, le prove, le incomprensioni\u2026 tutto serve a distaccarci da tutto e da tutti per unirci sempre pi\u00f9 intimamente a Ges\u00f9: questo \u00e8 lo scopo!<\/p>\n<p><b>Madre X Y si trova nelle profondit\u00e0 del Purgatorio. Le anime religiose, i sacerdoti e le persone che sono state colmate di grazie hanno da scontare un Purgatorio terribile, avendo abusato dei mezzi, dal buon Dio messi a loro disposizione.<span class=\"Apple-converted-space\">\u00a0<\/span><\/b><\/p>\n<p>Quindi per chi \u00e8 sacerdote o religioso\u2026 ricordiamoci di usare al meglio i mezzi che Dio ci ha messo a disposizione.<\/p>\n<p><b>Siate piena di fiducia nel vostro Ges\u00f9. Non diffidate della sua bont\u00e0. Pi\u00f9 sarete buona, pi\u00f9 cercherete di esserGli accetta in tutto, pi\u00f9 parimenti Egli sar\u00e0 generoso con voi.<\/b><\/p>\n<p>Quanto \u00e8 importante l&#8217;essere abbandonati in Dio!<\/p>\n<p><b>Ges\u00f9 attende molto da voi in questo Ritiro: Egli vi ha concesso una nuova grazia ben preziosa&#8230; Cosa vi occorre di pi\u00f9? In contraccambio donatevi interamente a Lui: sia Egli il Padrone della vostra anima. Vigilate con gran diligenza sul vostro interiore.<span class=\"Apple-converted-space\">\u00a0<\/span><\/b><\/p>\n<p>Quanto \u00e8 importante essere vigilanti sulla nostra vita interiore!<\/p>\n<p><b>Trattenetevi sempre cuore a cuore con Ges\u00f9.<span class=\"Apple-converted-space\">\u00a0<\/span><\/b><\/p>\n<p>Impariamo a trattenerci cuore a cuore con Ges\u00f9: diciamo che qui sta la bellezza della preghiera notturna e della preghiera dell\u2019aurora: \u00e8 proprio questa la bellezza, proprio questa, perch\u00e9 nella notte, vuoi per il silenzio, vuoi per il fatto che tutti dormono, nella notte, all&#8217;aurora ecco che abbiamo la possibilit\u00e0 di avvertire, di vivere maggiormente la mistica della luna (io l&#8217;ho chiamata cos\u00ec: la mistica della luna), quel rapporto cos\u00ec interiore, cos\u00ec profondo, cos\u00ec cuore a cuore con Ges\u00f9 che accade dentro, sotto il momento della luna che caratterizza la notte. Il sole sparisce e abbiamo la luna e voi sapete che Ges\u00f9 \u00e8 il Sole e la Vergine Maria \u00e8 rappresentata come la Luna che vive della luce riflessa del Sole. La mistica della luna (poi magari un giorno vi spiegher\u00f2 meglio il perch\u00e9 della mistica della luna) \u00e8 proprio il momento in cui, innanzitutto, svegliandoci prima, offriamo un sacrificio a Ges\u00f9 (e sapete che il sacrificio del sonno \u00e8 una delle tre penitenze che il demonio odia come dice san Giovanni Maria Vianney); secondariamente, offriamo una primizia a Ges\u00f9; e poi \u00e8 anche il momento in cui possiamo stare con il Signore in pace, senza essere disturbati, senza avere mille cose da fare: \u00e8 proprio il nostro tempo con Ges\u00f9. Ed \u00e8 importantissimo salvaguardare il tempo della mistica della Luna!<\/p>\n<p><b>Non una parola, non un pensiero, non un desiderio esca da voi che non sia conforme alla sua volont\u00e0 adorabile.<span class=\"Apple-converted-space\">\u00a0<\/span><\/b><\/p>\n<p>Quindi prima di parlare, prima di pensare, prima di desiderare dovremmo chiederci: \u201cTutto questo \u00e8 conforme alla volont\u00e0 di Ges\u00f9? Tutto questo lo vuole Ges\u00f9?\u201d<\/p>\n<p><b>Se sapeste che unione Ges\u00f9 vuol contrarre con la vostra anima, come non ostacolereste i suoi disegni, come non opporreste resistenza come fate s\u00ec spesso!<span class=\"Apple-converted-space\">\u00a0<\/span><\/b><\/p>\n<p>Noi ci opponiamo, opponiamo resistenza a Ges\u00f9, perch\u00e9 l&#8217;unione che Lui vuole, non sempre noi la vogliamo.<\/p>\n<p><b>Lo comprenderete una buona volta? Questa grande perfezione vi fa paura; voi temete l&#8217;illusione. Ma, con Ges\u00f9, cosa avete da temere? Egli \u00e8 vostro Padre, vostro Amico, vostro Sposo, vostro Tutto&#8230; Non ha Egli forse il diritto di esigere da un&#8217;anima quel che vuole senza dirle il perch\u00e9?<span class=\"Apple-converted-space\">\u00a0<\/span><\/b><\/p>\n<p>Certo che ne ha il diritto! E non deve dirci il perch\u00e9!<\/p>\n<p><b>Egli \u00e8 il gran Padrone, il Signore di tutti; perch\u00e9 voler con le vostre vedute ristrette indagare il suo operato?<span class=\"Apple-converted-space\">\u00a0<\/span><\/b><\/p>\n<p>Noi abbiamo il bruttissimo vizio di voler andare a indagare i motivi per cui Dio fa in un modo o in un altro: \u00e8 terribile questa cosa e non va bene! Noi abbiamo una testolina, un cervellino, il paraocchi, sappiamo vedere quattro cose in croce e non \u00e8 che capiamo bene neanche quelle e vogliamo andare a scrutare le ragioni di Dio\u2026 un&#8217;assurdit\u00e0!<\/p>\n<p><b><span class=\"Apple-converted-space\">\u00a0<\/span>Adorate i suoi disegni e obbedite ciecamente.<span class=\"Apple-converted-space\">\u00a0<\/span><\/b><\/p>\n<p>Certamente: ecco quello che dobbiamo fare!<\/p>\n<p><b>Ecco quel ch&#8217;Egli richiede da voi; mettetevi, dunque, di tutto cuore a lavorare seriamente alla vostra santificazione. Crescete in amore, in tenerezza per Ges\u00f9. ConsolateLo, risarciteLo di tutte le ingiurie che riceve dal mondo.<span class=\"Apple-converted-space\">\u00a0<\/span><\/b><\/p>\n<p>Devo dirvi che questo tempo di Natale appena passato \u00e8 stato per me di grandissimo insegnamento. Tra le altre cose, sapete perch\u00e9? Soprattutto nei giorni precedenti il Natale\u2026 non mi \u00e8 mai capitato di sentire cos\u00ec tante bestemmie, cos\u00ec tante offese rivolte alla Vergine Maria e a Ges\u00f9 come nel tempo del Natale appena passato. E non \u00e8 che io viva in un bar dove, magari\u2026 Mi \u00e8 capitato di sentire tutto questo nei momenti pi\u00f9 impensabili. Una volta stavo scendendo dall&#8217;auto\u2026 incredibile! Avevo appena parcheggiato, avevo abbassato il finestrino, mi stavo preparando per scendere, avevo appena spento il motore ed ero ancora con la cintura di sicurezza: sono passati due ragazzi e hanno detto una bestemmia terribile. Sono rimasto l\u00ec gelato, neanche quasi il tempo di vederli! Questo perch\u00e9 nei momenti delle Solennit\u00e0 di Ges\u00f9 e di Maria Santissima il demonio maggiormente attacca! Ecco perch\u00e9 dobbiamo consolarlo e risarcirlo! Come? Impariamo a pregare costantemente il Salterio di Ges\u00f9 e di Maria: questo \u00e8 il modo migliore!<\/p>\n<p><b>Amate per coloro che non amano, riparate per coloro che Lo oltraggiano; chiedete perdono per coloro che non ci pensano. Questo attende Ges\u00f9 da voi&#8230; Glielo negherete?<\/b><\/p>\n<p>S\u00ec: metterci noi a fare quello che non fanno gli altri.<\/p>\n<p><b>Ges\u00f9 dimostra che vi ama; parimenti, in contraccambio Egli vuole delle prove del vostro amore. Vi \u00e8 ben noto tutto quel che da voi richiede da s\u00ec lungo tempo; non bisogna pi\u00f9 esitare. Donatevi totalmente. Perdetevi in Lui; non riprendete mai il dono fattoGli di voi stessa.<\/b><\/p>\n<p>&#8220;<i>Amor con amor si paga<\/i>&#8220;: impariamo a corrispondere a questo amore, a ricambiare Ges\u00f9 concretamente, non a parole.<\/p>\n<p><b>Sulla terra ognuno fa a modo suo, ma nell&#8217;altro mondo il buon Dio disporr\u00e0 di noi come a Lui piacer\u00e0!<\/b><\/p>\n<p>S\u00ec, noi diciamo che vogliamo amare il Signore, ma poi\u2026<\/p>\n<p>Ecco, oggi mi fermo qui perch\u00e9 quello che ci aspetter\u00e0 domani \u00e8 una riflessione molto importante, \u00e8 sapete su che cosa sar\u00e0? Sull\u2019amicizia! Parole bellissime che domani vi legger\u00f2; parole bellissime e verissime sul valore dell&#8217;amicizia.<span class=\"Apple-converted-space\">\u00a0<\/span><\/p>\n<p><i>Benedicat vos omnipotens Deus, Pater, et Filius, et Spiritus Sanctus.<br \/>\nAmen<br \/>\nDio ci benedica e la Vergine ci protegga.<\/i><\/p>\n<p><i>Sia lodato Ges\u00f9 Cristo sempre sia lodato.<\/i><\/p>\n<p>&nbsp;<\/p>\n<p>[\/vc_column_text][\/vc_column][\/vc_row]<\/p>\n<\/div>","protected":false},"excerpt":{"rendered":"<p>[vc_row][vc_column][vc_column_text] Meditazione Pubblichiamo l\u2019audio della meditazione: &#8220;Il manoscritto del Purgatorio&#8221; di luned\u00ec 9 gennaio 2023 Predicatore: p. Giorgio Maria Far\u00e9,&#8230;<\/p>\n","protected":false},"author":4,"featured_media":27624,"comment_status":"closed","ping_status":"closed","sticky":false,"template":"","format":"standard","meta":{"footnotes":""},"categories":[15],"tags":[8718,8258,17,181,8717],"class_list":{"0":"post-27623","1":"post","2":"type-post","3":"status-publish","4":"format-standard","5":"has-post-thumbnail","7":"category-omelie","8":"tag-manoscritto-del-purgatorio","9":"tag-meditazioni","10":"tag-p-giorgio-maria-fare","11":"tag-purgatorio","12":"tag-suor-maria-della-croce"},"yoast_head":"<!-- This site is optimized with the Yoast SEO plugin v27.5 - https:\/\/yoast.com\/product\/yoast-seo-wordpress\/ -->\n<title>Il manoscritto del Purgatorio, parte 42 - Veritatemincaritate<\/title>\n<meta name=\"description\" content=\"La pi\u00f9 grande sofferenza che possa provare un\u2019anima che ami veramente Ges\u00f9 \u00e8 di non amarLo quanto ella desidera.\" \/>\n<meta name=\"robots\" content=\"index, follow, max-snippet:-1, max-image-preview:large, max-video-preview:-1\" \/>\n<link rel=\"canonical\" href=\"https:\/\/www.veritatemincaritate.com\/wp\/2023\/01\/il-manoscritto-del-purgatorio-parte-42\/\" \/>\n<meta property=\"og:locale\" content=\"it_IT\" \/>\n<meta property=\"og:type\" content=\"article\" \/>\n<meta property=\"og:title\" content=\"Il manoscritto del Purgatorio, parte 42 - Veritatemincaritate\" \/>\n<meta property=\"og:description\" content=\"La pi\u00f9 grande sofferenza che possa provare un\u2019anima che ami veramente Ges\u00f9 \u00e8 di non amarLo quanto ella desidera.\" \/>\n<meta property=\"og:url\" content=\"https:\/\/www.veritatemincaritate.com\/wp\/2023\/01\/il-manoscritto-del-purgatorio-parte-42\/\" \/>\n<meta property=\"og:site_name\" content=\"Veritatemincaritate\" \/>\n<meta property=\"article:publisher\" content=\"https:\/\/www.facebook.com\/pgiorgiomariafare\" \/>\n<meta property=\"article:published_time\" content=\"2023-01-09T02:15:30+00:00\" \/>\n<meta property=\"article:modified_time\" content=\"2023-01-09T10:49:00+00:00\" \/>\n<meta property=\"og:image\" content=\"https:\/\/www.veritatemincaritate.com\/wp\/wp-content\/uploads\/2022\/12\/230109-Manoscritto-Purgatorio-42.jpg\" \/>\n\t<meta property=\"og:image:width\" content=\"600\" \/>\n\t<meta property=\"og:image:height\" content=\"400\" \/>\n\t<meta property=\"og:image:type\" content=\"image\/jpeg\" \/>\n<meta name=\"author\" content=\"Is551011\" \/>\n<meta name=\"twitter:card\" content=\"summary_large_image\" \/>\n<meta name=\"twitter:label1\" content=\"Scritto da\" \/>\n\t<meta name=\"twitter:data1\" content=\"Is551011\" \/>\n\t<meta name=\"twitter:label2\" content=\"Tempo di lettura stimato\" \/>\n\t<meta name=\"twitter:data2\" content=\"9 minuti\" \/>\n<script type=\"application\/ld+json\" class=\"yoast-schema-graph\">{\"@context\":\"https:\\\/\\\/schema.org\",\"@graph\":[{\"@type\":\"Article\",\"@id\":\"https:\\\/\\\/www.veritatemincaritate.com\\\/wp\\\/2023\\\/01\\\/il-manoscritto-del-purgatorio-parte-42\\\/#article\",\"isPartOf\":{\"@id\":\"https:\\\/\\\/www.veritatemincaritate.com\\\/wp\\\/2023\\\/01\\\/il-manoscritto-del-purgatorio-parte-42\\\/\"},\"author\":{\"name\":\"Is551011\",\"@id\":\"https:\\\/\\\/www.veritatemincaritate.com\\\/wp\\\/#\\\/schema\\\/person\\\/ae324896700d097ddc6db39f45894b80\"},\"headline\":\"Il manoscritto del Purgatorio, parte 42\",\"datePublished\":\"2023-01-09T02:15:30+00:00\",\"dateModified\":\"2023-01-09T10:49:00+00:00\",\"mainEntityOfPage\":{\"@id\":\"https:\\\/\\\/www.veritatemincaritate.com\\\/wp\\\/2023\\\/01\\\/il-manoscritto-del-purgatorio-parte-42\\\/\"},\"wordCount\":1652,\"publisher\":{\"@id\":\"https:\\\/\\\/www.veritatemincaritate.com\\\/wp\\\/#organization\"},\"image\":{\"@id\":\"https:\\\/\\\/www.veritatemincaritate.com\\\/wp\\\/2023\\\/01\\\/il-manoscritto-del-purgatorio-parte-42\\\/#primaryimage\"},\"thumbnailUrl\":\"https:\\\/\\\/www.veritatemincaritate.com\\\/wp\\\/wp-content\\\/uploads\\\/2022\\\/12\\\/230109-Manoscritto-Purgatorio-42.jpg\",\"keywords\":[\"manoscritto del Purgatorio\",\"meditazioni\",\"p. Giorgio Maria Far\u00e9\",\"Purgatorio\",\"Suor Maria della Croce\"],\"articleSection\":[\"Omelie\"],\"inLanguage\":\"it-IT\"},{\"@type\":\"WebPage\",\"@id\":\"https:\\\/\\\/www.veritatemincaritate.com\\\/wp\\\/2023\\\/01\\\/il-manoscritto-del-purgatorio-parte-42\\\/\",\"url\":\"https:\\\/\\\/www.veritatemincaritate.com\\\/wp\\\/2023\\\/01\\\/il-manoscritto-del-purgatorio-parte-42\\\/\",\"name\":\"Il manoscritto del Purgatorio, parte 42 - Veritatemincaritate\",\"isPartOf\":{\"@id\":\"https:\\\/\\\/www.veritatemincaritate.com\\\/wp\\\/#website\"},\"primaryImageOfPage\":{\"@id\":\"https:\\\/\\\/www.veritatemincaritate.com\\\/wp\\\/2023\\\/01\\\/il-manoscritto-del-purgatorio-parte-42\\\/#primaryimage\"},\"image\":{\"@id\":\"https:\\\/\\\/www.veritatemincaritate.com\\\/wp\\\/2023\\\/01\\\/il-manoscritto-del-purgatorio-parte-42\\\/#primaryimage\"},\"thumbnailUrl\":\"https:\\\/\\\/www.veritatemincaritate.com\\\/wp\\\/wp-content\\\/uploads\\\/2022\\\/12\\\/230109-Manoscritto-Purgatorio-42.jpg\",\"datePublished\":\"2023-01-09T02:15:30+00:00\",\"dateModified\":\"2023-01-09T10:49:00+00:00\",\"description\":\"La pi\u00f9 grande sofferenza che possa provare un\u2019anima che ami veramente Ges\u00f9 \u00e8 di non amarLo quanto ella desidera.\",\"breadcrumb\":{\"@id\":\"https:\\\/\\\/www.veritatemincaritate.com\\\/wp\\\/2023\\\/01\\\/il-manoscritto-del-purgatorio-parte-42\\\/#breadcrumb\"},\"inLanguage\":\"it-IT\",\"potentialAction\":[{\"@type\":\"ReadAction\",\"target\":[\"https:\\\/\\\/www.veritatemincaritate.com\\\/wp\\\/2023\\\/01\\\/il-manoscritto-del-purgatorio-parte-42\\\/\"]}]},{\"@type\":\"ImageObject\",\"inLanguage\":\"it-IT\",\"@id\":\"https:\\\/\\\/www.veritatemincaritate.com\\\/wp\\\/2023\\\/01\\\/il-manoscritto-del-purgatorio-parte-42\\\/#primaryimage\",\"url\":\"https:\\\/\\\/www.veritatemincaritate.com\\\/wp\\\/wp-content\\\/uploads\\\/2022\\\/12\\\/230109-Manoscritto-Purgatorio-42.jpg\",\"contentUrl\":\"https:\\\/\\\/www.veritatemincaritate.com\\\/wp\\\/wp-content\\\/uploads\\\/2022\\\/12\\\/230109-Manoscritto-Purgatorio-42.jpg\",\"width\":600,\"height\":400,\"caption\":\"Il manoscritto del Purgatorio\"},{\"@type\":\"BreadcrumbList\",\"@id\":\"https:\\\/\\\/www.veritatemincaritate.com\\\/wp\\\/2023\\\/01\\\/il-manoscritto-del-purgatorio-parte-42\\\/#breadcrumb\",\"itemListElement\":[{\"@type\":\"ListItem\",\"position\":1,\"name\":\"Home\",\"item\":\"https:\\\/\\\/www.veritatemincaritate.com\\\/wp\\\/\"},{\"@type\":\"ListItem\",\"position\":2,\"name\":\"Il manoscritto del Purgatorio, parte 42\"}]},{\"@type\":\"WebSite\",\"@id\":\"https:\\\/\\\/www.veritatemincaritate.com\\\/wp\\\/#website\",\"url\":\"https:\\\/\\\/www.veritatemincaritate.com\\\/wp\\\/\",\"name\":\"Veritatemincaritate\",\"description\":\"Agendo secondo verit\u00e0 nella carit\u00e0, cerchiamo di crescere in ogni cosa tendendo a lui, che \u00e8 il capo, Cristo\",\"publisher\":{\"@id\":\"https:\\\/\\\/www.veritatemincaritate.com\\\/wp\\\/#organization\"},\"potentialAction\":[{\"@type\":\"SearchAction\",\"target\":{\"@type\":\"EntryPoint\",\"urlTemplate\":\"https:\\\/\\\/www.veritatemincaritate.com\\\/wp\\\/?s={search_term_string}\"},\"query-input\":{\"@type\":\"PropertyValueSpecification\",\"valueRequired\":true,\"valueName\":\"search_term_string\"}}],\"inLanguage\":\"it-IT\"},{\"@type\":\"Organization\",\"@id\":\"https:\\\/\\\/www.veritatemincaritate.com\\\/wp\\\/#organization\",\"name\":\"Veritatem facientes in Caritate\",\"url\":\"https:\\\/\\\/www.veritatemincaritate.com\\\/wp\\\/\",\"logo\":{\"@type\":\"ImageObject\",\"inLanguage\":\"it-IT\",\"@id\":\"https:\\\/\\\/www.veritatemincaritate.com\\\/wp\\\/#\\\/schema\\\/logo\\\/image\\\/\",\"url\":\"https:\\\/\\\/www.veritatemincaritate.com\\\/wp\\\/wp-content\\\/uploads\\\/2020\\\/07\\\/Logo-VIC-per-canale-Youtube.jpg\",\"contentUrl\":\"https:\\\/\\\/www.veritatemincaritate.com\\\/wp\\\/wp-content\\\/uploads\\\/2020\\\/07\\\/Logo-VIC-per-canale-Youtube.jpg\",\"width\":720,\"height\":720,\"caption\":\"Veritatem facientes in Caritate\"},\"image\":{\"@id\":\"https:\\\/\\\/www.veritatemincaritate.com\\\/wp\\\/#\\\/schema\\\/logo\\\/image\\\/\"},\"sameAs\":[\"https:\\\/\\\/www.facebook.com\\\/pgiorgiomariafare\",\"https:\\\/\\\/instagram.com\\\/padre_giorgio_maria_fare?igshid=1p8wsw6b3edkc\",\"https:\\\/\\\/www.youtube.com\\\/channel\\\/UCFqjpT1nX60rx3m_SELg3lA\"]},{\"@type\":\"Person\",\"@id\":\"https:\\\/\\\/www.veritatemincaritate.com\\\/wp\\\/#\\\/schema\\\/person\\\/ae324896700d097ddc6db39f45894b80\",\"name\":\"Is551011\",\"image\":{\"@type\":\"ImageObject\",\"inLanguage\":\"it-IT\",\"@id\":\"https:\\\/\\\/secure.gravatar.com\\\/avatar\\\/c031fff76d6f121d3530ae43ac8407bd6ac4d5c3c8a89c237d6990047f9a6307?s=96&d=mm&r=g\",\"url\":\"https:\\\/\\\/secure.gravatar.com\\\/avatar\\\/c031fff76d6f121d3530ae43ac8407bd6ac4d5c3c8a89c237d6990047f9a6307?s=96&d=mm&r=g\",\"contentUrl\":\"https:\\\/\\\/secure.gravatar.com\\\/avatar\\\/c031fff76d6f121d3530ae43ac8407bd6ac4d5c3c8a89c237d6990047f9a6307?s=96&d=mm&r=g\",\"caption\":\"Is551011\"}}]}<\/script>\n<!-- \/ Yoast SEO plugin. -->","yoast_head_json":{"title":"Il manoscritto del Purgatorio, parte 42 - Veritatemincaritate","description":"La pi\u00f9 grande sofferenza che possa provare un\u2019anima che ami veramente Ges\u00f9 \u00e8 di non amarLo quanto ella desidera.","robots":{"index":"index","follow":"follow","max-snippet":"max-snippet:-1","max-image-preview":"max-image-preview:large","max-video-preview":"max-video-preview:-1"},"canonical":"https:\/\/www.veritatemincaritate.com\/wp\/2023\/01\/il-manoscritto-del-purgatorio-parte-42\/","og_locale":"it_IT","og_type":"article","og_title":"Il manoscritto del Purgatorio, parte 42 - Veritatemincaritate","og_description":"La pi\u00f9 grande sofferenza che possa provare un\u2019anima che ami veramente Ges\u00f9 \u00e8 di non amarLo quanto ella desidera.","og_url":"https:\/\/www.veritatemincaritate.com\/wp\/2023\/01\/il-manoscritto-del-purgatorio-parte-42\/","og_site_name":"Veritatemincaritate","article_publisher":"https:\/\/www.facebook.com\/pgiorgiomariafare","article_published_time":"2023-01-09T02:15:30+00:00","article_modified_time":"2023-01-09T10:49:00+00:00","og_image":[{"width":600,"height":400,"url":"https:\/\/www.veritatemincaritate.com\/wp\/wp-content\/uploads\/2022\/12\/230109-Manoscritto-Purgatorio-42.jpg","type":"image\/jpeg"}],"author":"Is551011","twitter_card":"summary_large_image","twitter_misc":{"Scritto da":"Is551011","Tempo di lettura stimato":"9 minuti"},"schema":{"@context":"https:\/\/schema.org","@graph":[{"@type":"Article","@id":"https:\/\/www.veritatemincaritate.com\/wp\/2023\/01\/il-manoscritto-del-purgatorio-parte-42\/#article","isPartOf":{"@id":"https:\/\/www.veritatemincaritate.com\/wp\/2023\/01\/il-manoscritto-del-purgatorio-parte-42\/"},"author":{"name":"Is551011","@id":"https:\/\/www.veritatemincaritate.com\/wp\/#\/schema\/person\/ae324896700d097ddc6db39f45894b80"},"headline":"Il manoscritto del Purgatorio, parte 42","datePublished":"2023-01-09T02:15:30+00:00","dateModified":"2023-01-09T10:49:00+00:00","mainEntityOfPage":{"@id":"https:\/\/www.veritatemincaritate.com\/wp\/2023\/01\/il-manoscritto-del-purgatorio-parte-42\/"},"wordCount":1652,"publisher":{"@id":"https:\/\/www.veritatemincaritate.com\/wp\/#organization"},"image":{"@id":"https:\/\/www.veritatemincaritate.com\/wp\/2023\/01\/il-manoscritto-del-purgatorio-parte-42\/#primaryimage"},"thumbnailUrl":"https:\/\/www.veritatemincaritate.com\/wp\/wp-content\/uploads\/2022\/12\/230109-Manoscritto-Purgatorio-42.jpg","keywords":["manoscritto del Purgatorio","meditazioni","p. Giorgio Maria Far\u00e9","Purgatorio","Suor Maria della Croce"],"articleSection":["Omelie"],"inLanguage":"it-IT"},{"@type":"WebPage","@id":"https:\/\/www.veritatemincaritate.com\/wp\/2023\/01\/il-manoscritto-del-purgatorio-parte-42\/","url":"https:\/\/www.veritatemincaritate.com\/wp\/2023\/01\/il-manoscritto-del-purgatorio-parte-42\/","name":"Il manoscritto del Purgatorio, parte 42 - Veritatemincaritate","isPartOf":{"@id":"https:\/\/www.veritatemincaritate.com\/wp\/#website"},"primaryImageOfPage":{"@id":"https:\/\/www.veritatemincaritate.com\/wp\/2023\/01\/il-manoscritto-del-purgatorio-parte-42\/#primaryimage"},"image":{"@id":"https:\/\/www.veritatemincaritate.com\/wp\/2023\/01\/il-manoscritto-del-purgatorio-parte-42\/#primaryimage"},"thumbnailUrl":"https:\/\/www.veritatemincaritate.com\/wp\/wp-content\/uploads\/2022\/12\/230109-Manoscritto-Purgatorio-42.jpg","datePublished":"2023-01-09T02:15:30+00:00","dateModified":"2023-01-09T10:49:00+00:00","description":"La pi\u00f9 grande sofferenza che possa provare un\u2019anima che ami veramente Ges\u00f9 \u00e8 di non amarLo quanto ella desidera.","breadcrumb":{"@id":"https:\/\/www.veritatemincaritate.com\/wp\/2023\/01\/il-manoscritto-del-purgatorio-parte-42\/#breadcrumb"},"inLanguage":"it-IT","potentialAction":[{"@type":"ReadAction","target":["https:\/\/www.veritatemincaritate.com\/wp\/2023\/01\/il-manoscritto-del-purgatorio-parte-42\/"]}]},{"@type":"ImageObject","inLanguage":"it-IT","@id":"https:\/\/www.veritatemincaritate.com\/wp\/2023\/01\/il-manoscritto-del-purgatorio-parte-42\/#primaryimage","url":"https:\/\/www.veritatemincaritate.com\/wp\/wp-content\/uploads\/2022\/12\/230109-Manoscritto-Purgatorio-42.jpg","contentUrl":"https:\/\/www.veritatemincaritate.com\/wp\/wp-content\/uploads\/2022\/12\/230109-Manoscritto-Purgatorio-42.jpg","width":600,"height":400,"caption":"Il manoscritto del Purgatorio"},{"@type":"BreadcrumbList","@id":"https:\/\/www.veritatemincaritate.com\/wp\/2023\/01\/il-manoscritto-del-purgatorio-parte-42\/#breadcrumb","itemListElement":[{"@type":"ListItem","position":1,"name":"Home","item":"https:\/\/www.veritatemincaritate.com\/wp\/"},{"@type":"ListItem","position":2,"name":"Il manoscritto del Purgatorio, parte 42"}]},{"@type":"WebSite","@id":"https:\/\/www.veritatemincaritate.com\/wp\/#website","url":"https:\/\/www.veritatemincaritate.com\/wp\/","name":"Veritatemincaritate","description":"Agendo secondo verit\u00e0 nella carit\u00e0, cerchiamo di crescere in ogni cosa tendendo a lui, che \u00e8 il capo, Cristo","publisher":{"@id":"https:\/\/www.veritatemincaritate.com\/wp\/#organization"},"potentialAction":[{"@type":"SearchAction","target":{"@type":"EntryPoint","urlTemplate":"https:\/\/www.veritatemincaritate.com\/wp\/?s={search_term_string}"},"query-input":{"@type":"PropertyValueSpecification","valueRequired":true,"valueName":"search_term_string"}}],"inLanguage":"it-IT"},{"@type":"Organization","@id":"https:\/\/www.veritatemincaritate.com\/wp\/#organization","name":"Veritatem facientes in Caritate","url":"https:\/\/www.veritatemincaritate.com\/wp\/","logo":{"@type":"ImageObject","inLanguage":"it-IT","@id":"https:\/\/www.veritatemincaritate.com\/wp\/#\/schema\/logo\/image\/","url":"https:\/\/www.veritatemincaritate.com\/wp\/wp-content\/uploads\/2020\/07\/Logo-VIC-per-canale-Youtube.jpg","contentUrl":"https:\/\/www.veritatemincaritate.com\/wp\/wp-content\/uploads\/2020\/07\/Logo-VIC-per-canale-Youtube.jpg","width":720,"height":720,"caption":"Veritatem facientes in Caritate"},"image":{"@id":"https:\/\/www.veritatemincaritate.com\/wp\/#\/schema\/logo\/image\/"},"sameAs":["https:\/\/www.facebook.com\/pgiorgiomariafare","https:\/\/instagram.com\/padre_giorgio_maria_fare?igshid=1p8wsw6b3edkc","https:\/\/www.youtube.com\/channel\/UCFqjpT1nX60rx3m_SELg3lA"]},{"@type":"Person","@id":"https:\/\/www.veritatemincaritate.com\/wp\/#\/schema\/person\/ae324896700d097ddc6db39f45894b80","name":"Is551011","image":{"@type":"ImageObject","inLanguage":"it-IT","@id":"https:\/\/secure.gravatar.com\/avatar\/c031fff76d6f121d3530ae43ac8407bd6ac4d5c3c8a89c237d6990047f9a6307?s=96&d=mm&r=g","url":"https:\/\/secure.gravatar.com\/avatar\/c031fff76d6f121d3530ae43ac8407bd6ac4d5c3c8a89c237d6990047f9a6307?s=96&d=mm&r=g","contentUrl":"https:\/\/secure.gravatar.com\/avatar\/c031fff76d6f121d3530ae43ac8407bd6ac4d5c3c8a89c237d6990047f9a6307?s=96&d=mm&r=g","caption":"Is551011"}}]}},"menu_order":0,"_links":{"self":[{"href":"https:\/\/www.veritatemincaritate.com\/wp\/wp-json\/wp\/v2\/posts\/27623","targetHints":{"allow":["GET"]}}],"collection":[{"href":"https:\/\/www.veritatemincaritate.com\/wp\/wp-json\/wp\/v2\/posts"}],"about":[{"href":"https:\/\/www.veritatemincaritate.com\/wp\/wp-json\/wp\/v2\/types\/post"}],"author":[{"embeddable":true,"href":"https:\/\/www.veritatemincaritate.com\/wp\/wp-json\/wp\/v2\/users\/4"}],"replies":[{"embeddable":true,"href":"https:\/\/www.veritatemincaritate.com\/wp\/wp-json\/wp\/v2\/comments?post=27623"}],"version-history":[{"count":0,"href":"https:\/\/www.veritatemincaritate.com\/wp\/wp-json\/wp\/v2\/posts\/27623\/revisions"}],"wp:featuredmedia":[{"embeddable":true,"href":"https:\/\/www.veritatemincaritate.com\/wp\/wp-json\/wp\/v2\/media\/27624"}],"wp:attachment":[{"href":"https:\/\/www.veritatemincaritate.com\/wp\/wp-json\/wp\/v2\/media?parent=27623"}],"wp:term":[{"taxonomy":"category","embeddable":true,"href":"https:\/\/www.veritatemincaritate.com\/wp\/wp-json\/wp\/v2\/categories?post=27623"},{"taxonomy":"post_tag","embeddable":true,"href":"https:\/\/www.veritatemincaritate.com\/wp\/wp-json\/wp\/v2\/tags?post=27623"}],"curies":[{"name":"wp","href":"https:\/\/api.w.org\/{rel}","templated":true}]}}