{"id":27764,"date":"2023-01-17T03:15:49","date_gmt":"2023-01-17T02:15:49","guid":{"rendered":"https:\/\/www.veritatemincaritate.com\/wp\/?p=27764"},"modified":"2023-01-16T16:13:57","modified_gmt":"2023-01-16T15:13:57","slug":"comunione-spirituale-e-comunione-psichica-da-vita-comune-di-d-bonhoeffer-parte-3","status":"publish","type":"post","link":"https:\/\/www.veritatemincaritate.com\/wp\/2023\/01\/comunione-spirituale-e-comunione-psichica-da-vita-comune-di-d-bonhoeffer-parte-3\/","title":{"rendered":"\u201cComunione spirituale e comunione psichica\u201d da \u201cVita comune\u201d di D. Bonhoeffer. Parte 3"},"content":{"rendered":"<div class=\"wpb-content-wrapper\" id=\"wpb-content-root\"><p>[vc_row][vc_column][vc_column_text]<\/p>\n<h3>Meditazione<\/h3>\n<div class=\"vc_row wpb_row vc_row-fluid\">\n<div class=\"wpb_column vc_column_container vc_col-sm-12\">\n<div class=\"vc_column-inner \">\n<div class=\"wpb_wrapper\">\n<div class=\"wpb_text_column wpb_content_element \">\n<div class=\"wpb_wrapper\">\n<p>Pubblichiamo l\u2019audio della meditazione: &#8220;Comunione spirituale e comunione psichica&#8221; tratta dal testo \u201cVita comune\u201d di Dietrich Bonhoeffer.<br \/>\nMarted\u00ec 17 gennaio 2023<\/p>\n<p>Predicatore: p. Giorgio Maria Far\u00e9, OCD<\/p>\n<\/div>\n<\/div>\n<\/div>\n<\/div>\n<\/div>\n<\/div>\n<p>[\/vc_column_text][vc_column_text]<\/p>\n<h4>Ascolta la registrazione:<\/h4>\n<p>Per motivi di intenso traffico non ci \u00e8 possibile rendere disponibile l&#8217;ascolto dei file audio direttamente dal nostro sito. Se hai dubbi su come fare, vai alle <a href=\"http:\/\/www.veritatemincaritate.com\/chi-siamo\/istruzioni-per-lascolto-delle-registrazioni\/\" target=\"_blank\" rel=\"noopener noreferrer\">istruzioni per l&#8217;ascolto delle registrazioni<\/a>.[\/vc_column_text][\/vc_column][\/vc_row][vc_row][vc_column][vc_row_inner][vc_column_inner width=&#8221;1\/2&#8243;][vc_btn title=&#8221;Scarica la meditazione&#8221; color=&#8221;orange&#8221; link=&#8221;url:https%3A%2F%2Fwww.dropbox.com%2Fs%2F1afgnz8ig003xyl%2F230117-Omelie-Comunione-spirituale-e-psichica-3_01.m4a%3Fdl%3D1|target:_blank&#8221;][\/vc_column_inner][vc_column_inner width=&#8221;1\/2&#8243;][vc_btn title=&#8221;Ascolta la meditazione&#8221; color=&#8221;orange&#8221; align=&#8221;right&#8221; link=&#8221;url:https%3A%2F%2Fwww.dropbox.com%2Fs%2F1afgnz8ig003xyl%2F230117-Omelie-Comunione-spirituale-e-psichica-3_01.m4a%3Fdl%3D0|target:_blank&#8221;][\/vc_column_inner][\/vc_row_inner][vc_empty_space][vc_separator color=&#8221;orange&#8221;][\/vc_column][\/vc_row][vc_row][vc_column][vc_column_text]<strong>VANGELO<\/strong><em> (Mc 2, 23-28)<\/em><\/p>\n<p>In quel tempo, di sabato Ges\u00f9 passava fra campi di grano e i suoi discepoli, mentre camminavano, si misero a cogliere le spighe.<br \/>\nI farisei gli dicevano: &#8220;Guarda! Perch\u00e9 fanno in giorno di sabato quello che non \u00e8 lecito?&#8221;. Ed egli rispose loro: &#8220;Non avete mai letto quello che fece Davide quando si trov\u00f2 nel bisogno e lui e i suoi compagni ebbero fame? Sotto il sommo sacerdote Abiat\u00e0r, entr\u00f2 nella casa di Dio e mangi\u00f2 i pani dell&#8217;offerta, che non \u00e8 lecito mangiare se non ai sacerdoti, e ne diede anche ai suoi compagni!&#8221;.<br \/>\nE diceva loro: &#8220;Il sabato \u00e8 stato fatto per l&#8217;uomo e non l&#8217;uomo per il sabato! Perci\u00f2 il Figlio dell&#8217;uomo \u00e8 signore anche del sabato&#8221;.[\/vc_column_text][\/vc_column][\/vc_row][vc_row][vc_column][vc_column_text]<\/p>\n<h4>Testo della meditazione<\/h4>\n<p><a href=\"https:\/\/www.veritatemincaritate.com\/wp\/wp-content\/uploads\/2023\/01\/230117-Comunione-spirituale-e-comunione-psichica-3.pdf\" target=\"_blank\" rel=\"noopener\">Scarica il testo della meditazione in formato PDF<\/a><\/p>\n<p><i>Sia lodato Ges\u00f9 Cristo! Sempre sia lodato!<\/i><\/p>\n<p>Eccoci giunti a marted\u00ec 17 gennaio 2023. Quest&#8217;oggi festeggiamo Sant&#8217;Antonio abate, Padre del monachesimo. Abbiamo ascoltato il Vangelo della Santa Messa di oggi, tratto dal secondo capitolo del Vangelo di San Marco, versetti 23-28.<\/p>\n<p>Continuiamo la nostra lettura e il nostro commento del bel libro di Bonhoeffer<i>.<\/i><\/p>\n<p><b>Sul secondo punto: un cristiano si avvicina all&#8217;altro solo per mezzo di Ges\u00f9 Cristo. Fra gli uomini c&#8217;\u00e8 conflitto. \u00abEgli \u00e8 la nostra pace\u00bb (Ef 2,14), dice san Paolo a proposito di Ges\u00f9 Cristo, in cui la vecchia umanit\u00e0 dilacerata ha trovato la propria unit\u00e0. Senza Cristo non c&#8217;\u00e8 pace tra Dio e gli uomini, non c&#8217;\u00e8 pace tra uomo e uomo. Cristo si \u00e8 posto come mediatore e ha fatto pace con Dio e in mezzo agli uomini. Senza Cristo, non conosceremmo Dio, non potremmo invocarlo o giungere a lui. E senza Cristo non potremmo conoscere neppure il fratello n\u00e9 accostarci a lui. \u00e8 il nostro stesso io a sbarrarci la strada. Cristo ha aperto la strada che conduce a Dio e al fratello.<span class=\"Apple-converted-space\">\u00a0<\/span><\/b><\/p>\n<p><b>Ora i cristiani possono vivere in pace tra loro, possono amarsi e servirsi reciprocamente, possono diventare una cosa sola. Ma sempre e solo per mezzo di Ges\u00f9. Solo in Ges\u00f9 Cristo siamo una cosa sola, solo per suo mezzo siamo reciprocamente legati. Egli resta in eterno l&#8217;unico mediatore.<\/b><\/p>\n<p>A me sembrano parole molto chiare, vere e belle. \u00c8 chiaro che, a causa del peccato originale, noi siamo sempre in conflitto con gli altri, perch\u00e9? Non perch\u00e9 gli altri siano cattivi e noi siamo buoni, ma perch\u00e9 il nostro \u201cio\u201d \u00e8 un grande ingombro, il nostro \u201cio\u201d sbarra la strada a una vera comunione con i fratelli e le sorelle in Cristo. Se siamo onesti, e credo che lo siamo, \u00e8 inutile che continuiamo a ripeterci: \u201cLa colpa \u00e8 di Tizio, di Caio e di Sempronio\u201d. Dobbiamo ammettere: la colpa \u00e8 mia! La colpa che ho non \u00e8 quella di sentire il conflitto, ma di non fare abbastanza per superare il conflitto nella maniera giusta, perch\u00e9 ci sono tanti tentativi che noi mettiamo in atto per superare i conflitti, ma vanno a finire male, perch\u00e9 sono tentativi sbagliati.<span class=\"Apple-converted-space\">\u00a0<\/span><\/p>\n<p>San Paolo dice: \u201c<i>La nostra pace \u00e8 solo Ges\u00f9<\/i>!\u201d (Ef 2,14). Noi non possiamo avere un&#8217;altra pace in qualcun altro, perch\u00e9 Dio \u00e8 l&#8217;unico vero Dio, dice la Scrittura\u2026 non ce ne \u00e8 un altro: \u201c<i>Io sono il Signore tuo Dio, non avrai altro Dio all&#8217;infuori di me<\/i>\u201d. Fine! Il Decalogo, ricordate? Noi vogliamo ancora il Decalogo? Solo Dio \u00e8 Dio: non c&#8217;\u00e8 un altro Dio. Il Dio che ci ha rivelato Ges\u00f9 \u00e8 l&#8217;unico vero Dio, l\u00ec noi abbiamo la nostra pace ed \u00e8 in Ges\u00f9 che noi troviamo unit\u00e0.<span class=\"Apple-converted-space\">\u00a0<\/span><\/p>\n<p>Le nostre umanit\u00e0 \u2014 poi Bonhoeffer parla di vecchiaia riferendosi a San Paolo \u201c<i>la vecchia umanit\u00e0 dilacerata ha trovato la propria unit\u00e0<\/i>\u201d<i>, <\/i>ma a me verrebbe da dire che pu\u00f2 essere un ragazzo, un adulto, una persona anziana \u2014 l&#8217;umanit\u00e0 dilacerata di ciascuno di noi, strappata, sfilacciata, sofferente, umiliata, ritrova la sua unit\u00e0 solo in Ges\u00f9! \u00c8 quando io imposto la mia vita su Ges\u00f9 che la mia umanit\u00e0 si ricompone.<\/p>\n<p>Quante volte capita di sentir dire: \u201cEcco, io non riesco in questo; ho questa fatica psicologica; non riesco a superare questa cosa; non riesco a vincermi in questa; mi impegno\u2026 faccio preghiere, novene, per\u00f2\u2026\u201d Per\u00f2 non cambio di una virgola! Continuo a essere invidioso, sospettoso, dubbioso, geloso, permaloso, iracondo, goloso, lussurioso, egoista\u2026 come mai? Ehhh, come mai! Perch\u00e9 questa umanit\u00e0 spaccata non l&#8217;hai ancora fondata su Ges\u00f9: Ges\u00f9 non \u00e8 ancora la tua unica, sola, vera pace! Ges\u00f9 non \u00e8 la tua unit\u00e0: senza Ges\u00f9 non c&#8217;\u00e8 pace n\u00e9 nel nostro rapporto con Dio \u2014 e infatti spesso siamo inquieti \u2014 n\u00e9 tra di noi. Se non c&#8217;\u00e8 Ges\u00f9 in mezzo, all&#8217;inizio e alla fine, non c&#8217;\u00e8 pace! Poi possiamo fare tutte le riunioni, tutti i simposi, tutte le manifestazioni &#8220;peace and love&#8221;, ma la pace non c\u2019\u00e8. Infatti guardiamo come \u00e8 messo questo mondo\u2026 dov&#8217;\u00e8 la pace? Da sempre si sente dire &#8220;colpa di Tizio; colpa di Caio; colpa di questo; tu dovresti fare\u2026\u201d. Quando moglie e marito litigano, che cosa sentite? \u201cIo ho fatto, io ho detto, per\u00f2 tu, per\u00f2 noi\u2026\u201d Non c&#8217;\u00e8 pace, non c&#8217;\u00e8 Ges\u00f9!<span class=\"Apple-converted-space\">\u00a0<\/span><\/p>\n<p>Voi mettete Ges\u00f9 al centro\u2026 Terapia di coppia per superare i conflitti? Cominciate a stare in silenzio, vicini, insieme davanti a Ges\u00f9 Eucarestia. Cominciate da l\u00ec! Un&#8217;ora al giorno per trenta giorni, tutti i giorni! Io vi posso garantire che, se una coppia in crisi sta un&#8217;ora al giorno per trenta giorni, insieme, in silenzio davanti a Ges\u00f9 Eucarestia, in capo a trenta giorni il conflitto \u00e8 risolto! Non devono &#8220;parlarsi&#8221;; non devono fare \u201cterapia di gruppo\u201d; non devono &#8220;discernere&#8221;, &#8220;mettersi a confronto\u201d, &#8220;trovare un mediatore&#8221;\u2026 Credetemi, trenta giorni secchi, ininterrotti: ogni giorno, un&#8217;ora al giorno, per trenta giorni, insieme, vicini davanti a Ges\u00f9 Eucarestia e la crisi \u00e8 risolta!<\/p>\n<p>Voi direte: \u201cMa Padre Giorgio, che cosa fai? Il mago? Sei diventato un mago della situazione, un guru, un santone?\u201d<\/p>\n<p>No, no, guardate\u2026 io semplicemente credo nell\u2019Eucarestia e ho visto gli effetti dell\u2019Eucarestia sulla mia vita e sulla vita degli altri. L&#8217;Eucarestia ha un potere enorme; il Cuore Eucaristico di Ges\u00f9 guarisce, Ges\u00f9 \u00e8 la pace, l&#8217;unica vera pace e, dove c&#8217;\u00e8 Ges\u00f9, c&#8217;\u00e8 la pace! Mettete Ges\u00f9 al centro e vedrete questo.<\/p>\n<p>Voi chiederete: \u201cOk, e dopo trenta giorni che cosa facciamo?\u201d. Questa, come ogni terapia medica, \u00e8 la &#8220;terapia d&#8217;urto&#8221; (come nel caso del cancro: appena si scopre, c&#8217;\u00e8 la terapia d&#8217;urto per fermarlo se \u00e8 molto aggressivo e spesso i conflitti nelle coppie sono molto aggressivi tant\u2019\u00e8 vero che adesso si parla subito di divorzio). Terapia d&#8217;urto: trenta giorni un&#8217;ora al giorno, tutti i giorni davanti all\u2019Eucarestia insieme. \u201cIo la faccio prima e tu dopo\u2026\u201d No: insieme! Trenta giorni.<\/p>\n<p>Poi, passati i trenta giorni, le cose saranno sicuramente migliorate\u2026 \u00e8 sicuro! Io scommetto su Ges\u00f9, io so che vinco, sono sicuro! Scommettiamo la cena nel ristorante pi\u00f9 chic che conoscete\u2026 la vinco\u2026 ve lo garantisco: preparatevi ad offrirmi la cena!<span class=\"Apple-converted-space\">\u00a0<\/span><\/p>\n<p>Passati i trenta giorni, bisogna fare la &#8220;terapia di mantenimento&#8221;; una volta scongiurato l&#8217;evento drammatico, bisogna fare la terapia di mantenimento.<span class=\"Apple-converted-space\">\u00a0<\/span><\/p>\n<p>E qual \u00e8? Tutti i giorni il Salterio recitato, e almeno una delle tre Corone recitata insieme. Basta: quella coppia non si rompe pi\u00f9! L&#8217;abbiamo legata, ancorata, arpionata alle due sacre colonne: Ges\u00f9 e Maria, l&#8217;Eucarestia e Maria! Ricordate i sogni don Bosco? Le due colonne che salvano la Chiesa; leghiamo, arpioniamo le persone, le famiglie, i sacerdoti, le suore alle sue colonne e, state tranquilli, abbiamo risolto ogni problema, non c&#8217;\u00e8 pi\u00f9 alcun problema.<span class=\"Apple-converted-space\">\u00a0<\/span><\/p>\n<p>S\u00ec, ci saranno le fatiche di tutti, le fatiche di ogni giorno che sono quei colpi d&#8217;onda che arrivano, ma capite che, quando uno \u00e8 legato a due colonne cos\u00ec indistruttibili\u2026 beh, prende quel che bottarella un po&#8217; qui e un po&#8217; l\u00e0, uno spruzzo d&#8217;acqua, sulla nave pu\u00f2 cadere a terra, ma sono finiti i problemi grossi, le tragedie non ci sono pi\u00f9!<\/p>\n<p>Il problema \u00e8 farlo! Uno dice: \u201cTutto qui?\u201d. Fallo! Invece di parlare a vanvera, fallo! Invece di dire: \u201cAdesso \u00e8 arrivato lui \u00e8 con la bacchetta magica risolve tutti i proBBlemi!\u201d Fallo! Trova una coppia che lo faccia: vediamo! Trova un prete che faccia questa cosa! \u201cSono in crisi; la mia vocazione\u2026 non ce la faccio pi\u00f9\u2026 adesso sto pensando che\u2026 non so come fare per uscire dalla mia crisi!\u201d.<\/p>\n<p>Trenta giorni, un&#8217;ora al giorno, tutti i giorni davanti a Ges\u00f9 Eucarestia! E da l\u00ec in poi: il Salterio di Ges\u00f9 e di Maria tutti i giorni!<\/p>\n<p>\u201cTutto qui?\u201d. Fallo! Comincia a farlo: ogni giorno\u2026 ogni giorno! Senza &#8220;se&#8221; e senza &#8220;ma&#8221;: se salti un giorno, devi ricominciare da capo perch\u00e9, se dico &#8220;trenta giorni&#8221;, devono essere trenta giorni, non ventinove, non sono &#8220;spizzichi e bocconi&#8221;\u2026 sono trenta giorni ininterrotti!<span class=\"Apple-converted-space\">\u00a0<\/span><\/p>\n<p><i>Senza Cristo, non conosceremmo Dio, non potremmo invocarlo o giungere a lui.<\/i><\/p>\n<p>Sembra di sentire un po&#8217; Santa Teresa di Ges\u00f9: l&#8217;importanza dell\u2019umanit\u00e0 di Cristo, della mediazione di Ges\u00f9.<\/p>\n<p><i>E senza Cristo non potremmo conoscere neppure il fratello n\u00e9 accostarci a lui.<\/i><\/p>\n<p>Ges\u00f9 diventa la lente per vedere il fratello; la lingua per parlare al fratello; l&#8217;orecchio per ascoltare correttamente il fratello. E allora ecco la comunione, la pace, il superamento dei conflitti. Ci sono i conflitti, \u00e8 inevitabile che ci siano, ma con Ges\u00f9, in Ges\u00f9 e per Ges\u00f9 si superano, si sciolgono, si risolvono: \u00e8 come se Ges\u00f9 fosse un costante anti-coagulante che calma, libera, guarisce, rasserena tutti i &#8220;trombi&#8221; che noi ci creiamo, che ci facciamo nel cervello (noi siamo bravissimi a crearci &#8220;trombi&#8221;, coaguli perch\u00e9 siamo come dei mitocondri impazziti che, invece di muoversi correttamente dentro la cellula, impazziscono, quindi vedi le cellule che si &#8220;appiccicano&#8221; l&#8217;una sull&#8217;altra perch\u00e9 dentro c&#8217;\u00e8 un movimento pazzesco).<span class=\"Apple-converted-space\">\u00a0<\/span><\/p>\n<p>Ges\u00f9 ci dice: \u201cMa s\u00ec, ma dai\u2026 , guarda che le forchette messe cos\u00ec sulla tavola non sono il capitolo non scritto dell&#8217;Apocalisse; l&#8217;ultimo libro non scritto dell&#8217;Apocalisse non tratta delle forchette messe sulla tavola, delle pattine da usare in casa, delle briciole sul tavolo e di cose inutili e sciocche che vi inventate per movimentare i conflitti che, a volte sono inimmaginabili\u201d.<span class=\"Apple-converted-space\">\u00a0<\/span><\/p>\n<p>Ges\u00f9 ci dice: \u201cL&#8217;Apocalisse \u00e8 finita, \u00e8 scritta: non aggiungere capitoli dove non ci sono e non esistono, sta attaccato alla realt\u00e0!\u201d<span class=\"Apple-converted-space\">\u00a0<\/span><\/p>\n<p>\u201cCome si fa?\u201d.<span class=\"Apple-converted-space\">\u00a0<\/span><\/p>\n<p>\u201cStai attaccato a me! Stai vicino in me; vivi quello che devi vivere, invece di sganciarti da me facendoti fatti i tuoi, vivendo la tua vita tanto quanto vuoi tu e relegando me a momenti di preghiera circoscritti. Prova ad aprire i tuoi recinti e a farmi abitare tutta la tua storia: chiss\u00e0 che non vada un po&#8217; meglio!<\/p>\n<p>Noi invece siamo bravi e circoscriviamo Ges\u00f9 nel digiuno! Quando facciamo il digiuno, pensiamo a Ges\u00f9! Circoscriviamo Ges\u00f9 nell&#8217;andare a Messa! Quando andiamo a Messa, pensiamo a Ges\u00f9! Circoscriviamo Ges\u00f9 nella meditazione! E, finita la meditazione, ci facciamo i fatti nostri, ci facciamo la vita nostra e torniamo i lupi di sempre! Eh, no! Questa non \u00e8 una vera preghiera; questo non \u00e8 un vero rapporto con Ges\u00f9!<\/p>\n<p>Solo cos\u00ec potremo accostarci al fratello, se no diventeremo lupi e lo morsicheremo: ci sono in giro lupo che mordono\u2026 cari miei!<\/p>\n<p>In questa maniera, invece, prendiamo il nostro \u201cio\u201d e lo mettiamo da parte dicendogli: \u201cStella bella, tu stai qui! Stai l\u00ec buono! Prendo un bel legaccio e ti stringo bene il muso (del cane rabbioso che ci portiamo dentro), cos\u00ec, al massimo, fai dei mugolii, cerchi di liberarti con le zampe, ma io ti tengo bene fermo\u2026 e smetti di morsicare le persone, perch\u00e9 qui nessuno \u00e8 nemico di nessuno!\u201d.<\/p>\n<p><i>Cristo ha aperto la strada che conduce a Dio e al fratello<\/i>: ecco perch\u00e9 continuo a dire: \u201cImpariamo a confessarci frequentemente; ad andare frequentemente a chiedere il perdono di Dio!\u201d.<\/p>\n<p><i>Ora i cristiani possono vivere in pace tra loro, possono amarsi e servirsi reciprocamente, <\/i>(in Ges\u00f9) <i>possono diventare una cosa sola.<\/i><\/p>\n<p>In Ges\u00f9 e non in base ai loro ideali, alle &#8220;parole su parole&#8221;; non su incontri, su scontri, su informazioni, su formazioni\u2026 in Ges\u00f9! Vuoi costruire una bella comunit\u00e0? Pregate insieme! Adorate Ges\u00f9 Eucarestia insieme: \u00e8 Ges\u00f9 che fa la comunit\u00e0, non siamo noi! Non sono le mie belle intenzioni, le mie vedute psicoloGGiche\u2026 no! \u00c8 Ges\u00f9, e se non mettiamo Ges\u00f9 al centro, non ci sar\u00e0 mai nessuna comunit\u00e0, nessuna famiglia cristiana.<\/p>\n<p><i>Solo in Ges\u00f9 Cristo siamo una cosa sola, solo per suo mezzo siamo reciprocamente legati.<\/i><\/p>\n<p>Mi fermo qui: domani vedremo un altro punto. Vedete quanti spunti belli ci sta offrendo questo libro? Meditiamoli bene, mi raccomando!<\/p>\n<p><i>Benedicat vos omnipotens Deus, Pater, et Filius, et Spiritus Sanctus.<br \/>\nAmen<br \/>\nDio ci benedica e la Vergine ci protegga.<\/i><\/p>\n<p><i>Sia lodato Ges\u00f9 Cristo sempre sia lodato.<\/i>[\/vc_column_text][\/vc_column][\/vc_row]<\/p>\n<\/div>","protected":false},"excerpt":{"rendered":"<p>[vc_row][vc_column][vc_column_text] Meditazione Pubblichiamo l\u2019audio della meditazione: &#8220;Comunione spirituale e comunione psichica&#8221; tratta dal testo \u201cVita comune\u201d di Dietrich Bonhoeffer. Marted\u00ec&#8230;<\/p>\n","protected":false},"author":4,"featured_media":27803,"comment_status":"closed","ping_status":"closed","sticky":false,"template":"","format":"standard","meta":{"footnotes":""},"categories":[15],"tags":[8723,1362,8724,8258,17,8726],"class_list":{"0":"post-27764","1":"post","2":"type-post","3":"status-publish","4":"format-standard","5":"has-post-thumbnail","7":"category-omelie","8":"tag-comunione-psichica","9":"tag-comunione-spirituale","10":"tag-dietrich-bonhoeffer","11":"tag-meditazioni","12":"tag-p-giorgio-maria-fare","13":"tag-vita-comune"},"yoast_head":"<!-- This site is optimized with the Yoast SEO plugin v28.2 - https:\/\/yoast.com\/product\/yoast-seo-wordpress\/ -->\n<title>\u201cComunione spirituale e comunione psichica\u201d da \u201cVita comune\u201d di D. Bonhoeffer. Parte 3 - Veritatemincaritate<\/title>\n<meta name=\"description\" content=\"Continua la meditazione del testo di Bonhoeffer. I cristiani possono vivere in pace tra loro e diventare una cosa sola solo per mezzo di Ges\u00f9\" \/>\n<meta name=\"robots\" content=\"index, follow, max-snippet:-1, max-image-preview:large, max-video-preview:-1\" \/>\n<link rel=\"canonical\" href=\"https:\/\/www.veritatemincaritate.com\/wp\/2023\/01\/comunione-spirituale-e-comunione-psichica-da-vita-comune-di-d-bonhoeffer-parte-3\/\" \/>\n<meta property=\"og:locale\" content=\"it_IT\" \/>\n<meta property=\"og:type\" content=\"article\" \/>\n<meta property=\"og:title\" content=\"\u201cComunione spirituale e comunione psichica\u201d da \u201cVita comune\u201d di D. Bonhoeffer. Parte 3 - Veritatemincaritate\" \/>\n<meta property=\"og:description\" content=\"Continua la meditazione del testo di Bonhoeffer. I cristiani possono vivere in pace tra loro e diventare una cosa sola solo per mezzo di Ges\u00f9\" \/>\n<meta property=\"og:url\" content=\"https:\/\/www.veritatemincaritate.com\/wp\/2023\/01\/comunione-spirituale-e-comunione-psichica-da-vita-comune-di-d-bonhoeffer-parte-3\/\" \/>\n<meta property=\"og:site_name\" content=\"Veritatemincaritate\" \/>\n<meta property=\"article:publisher\" content=\"https:\/\/www.facebook.com\/pgiorgiomariafare\" \/>\n<meta property=\"article:published_time\" content=\"2023-01-17T02:15:49+00:00\" \/>\n<meta property=\"og:image\" content=\"https:\/\/www.veritatemincaritate.com\/wp\/wp-content\/uploads\/2023\/01\/230117-Comunione-spirituale-e-psichica-3..jpg\" \/>\n\t<meta property=\"og:image:width\" content=\"600\" \/>\n\t<meta property=\"og:image:height\" content=\"400\" \/>\n\t<meta property=\"og:image:type\" content=\"image\/jpeg\" \/>\n<meta name=\"author\" content=\"Is551011\" \/>\n<meta name=\"twitter:card\" content=\"summary_large_image\" \/>\n<meta name=\"twitter:label1\" content=\"Scritto da\" \/>\n\t<meta name=\"twitter:data1\" content=\"Is551011\" \/>\n\t<meta name=\"twitter:label2\" content=\"Tempo di lettura stimato\" \/>\n\t<meta name=\"twitter:data2\" content=\"12 minuti\" \/>\n<script type=\"application\/ld+json\" class=\"yoast-schema-graph\">{\"@context\":\"https:\\\/\\\/schema.org\",\"@graph\":[{\"@type\":\"Article\",\"@id\":\"https:\\\/\\\/www.veritatemincaritate.com\\\/wp\\\/2023\\\/01\\\/comunione-spirituale-e-comunione-psichica-da-vita-comune-di-d-bonhoeffer-parte-3\\\/#article\",\"isPartOf\":{\"@id\":\"https:\\\/\\\/www.veritatemincaritate.com\\\/wp\\\/2023\\\/01\\\/comunione-spirituale-e-comunione-psichica-da-vita-comune-di-d-bonhoeffer-parte-3\\\/\"},\"author\":{\"name\":\"Is551011\",\"@id\":\"https:\\\/\\\/www.veritatemincaritate.com\\\/wp\\\/#\\\/schema\\\/person\\\/ae324896700d097ddc6db39f45894b80\"},\"headline\":\"\u201cComunione spirituale e comunione psichica\u201d da \u201cVita comune\u201d di D. Bonhoeffer. Parte 3\",\"datePublished\":\"2023-01-17T02:15:49+00:00\",\"mainEntityOfPage\":{\"@id\":\"https:\\\/\\\/www.veritatemincaritate.com\\\/wp\\\/2023\\\/01\\\/comunione-spirituale-e-comunione-psichica-da-vita-comune-di-d-bonhoeffer-parte-3\\\/\"},\"wordCount\":2315,\"publisher\":{\"@id\":\"https:\\\/\\\/www.veritatemincaritate.com\\\/wp\\\/#organization\"},\"image\":{\"@id\":\"https:\\\/\\\/www.veritatemincaritate.com\\\/wp\\\/2023\\\/01\\\/comunione-spirituale-e-comunione-psichica-da-vita-comune-di-d-bonhoeffer-parte-3\\\/#primaryimage\"},\"thumbnailUrl\":\"https:\\\/\\\/www.veritatemincaritate.com\\\/wp\\\/wp-content\\\/uploads\\\/2023\\\/01\\\/230117-Comunione-spirituale-e-psichica-3..jpg\",\"keywords\":[\"comunione psichica\",\"comunione spirituale\",\"Dietrich Bonhoeffer\",\"meditazioni\",\"p. Giorgio Maria Far\u00e9\",\"Vita comune\"],\"articleSection\":[\"Omelie\"],\"inLanguage\":\"it-IT\"},{\"@type\":\"WebPage\",\"@id\":\"https:\\\/\\\/www.veritatemincaritate.com\\\/wp\\\/2023\\\/01\\\/comunione-spirituale-e-comunione-psichica-da-vita-comune-di-d-bonhoeffer-parte-3\\\/\",\"url\":\"https:\\\/\\\/www.veritatemincaritate.com\\\/wp\\\/2023\\\/01\\\/comunione-spirituale-e-comunione-psichica-da-vita-comune-di-d-bonhoeffer-parte-3\\\/\",\"name\":\"\u201cComunione spirituale e comunione psichica\u201d da \u201cVita comune\u201d di D. Bonhoeffer. Parte 3 - Veritatemincaritate\",\"isPartOf\":{\"@id\":\"https:\\\/\\\/www.veritatemincaritate.com\\\/wp\\\/#website\"},\"primaryImageOfPage\":{\"@id\":\"https:\\\/\\\/www.veritatemincaritate.com\\\/wp\\\/2023\\\/01\\\/comunione-spirituale-e-comunione-psichica-da-vita-comune-di-d-bonhoeffer-parte-3\\\/#primaryimage\"},\"image\":{\"@id\":\"https:\\\/\\\/www.veritatemincaritate.com\\\/wp\\\/2023\\\/01\\\/comunione-spirituale-e-comunione-psichica-da-vita-comune-di-d-bonhoeffer-parte-3\\\/#primaryimage\"},\"thumbnailUrl\":\"https:\\\/\\\/www.veritatemincaritate.com\\\/wp\\\/wp-content\\\/uploads\\\/2023\\\/01\\\/230117-Comunione-spirituale-e-psichica-3..jpg\",\"datePublished\":\"2023-01-17T02:15:49+00:00\",\"description\":\"Continua la meditazione del testo di Bonhoeffer. I cristiani possono vivere in pace tra loro e diventare una cosa sola solo per mezzo di Ges\u00f9\",\"breadcrumb\":{\"@id\":\"https:\\\/\\\/www.veritatemincaritate.com\\\/wp\\\/2023\\\/01\\\/comunione-spirituale-e-comunione-psichica-da-vita-comune-di-d-bonhoeffer-parte-3\\\/#breadcrumb\"},\"inLanguage\":\"it-IT\",\"potentialAction\":[{\"@type\":\"ReadAction\",\"target\":[\"https:\\\/\\\/www.veritatemincaritate.com\\\/wp\\\/2023\\\/01\\\/comunione-spirituale-e-comunione-psichica-da-vita-comune-di-d-bonhoeffer-parte-3\\\/\"]}]},{\"@type\":\"ImageObject\",\"inLanguage\":\"it-IT\",\"@id\":\"https:\\\/\\\/www.veritatemincaritate.com\\\/wp\\\/2023\\\/01\\\/comunione-spirituale-e-comunione-psichica-da-vita-comune-di-d-bonhoeffer-parte-3\\\/#primaryimage\",\"url\":\"https:\\\/\\\/www.veritatemincaritate.com\\\/wp\\\/wp-content\\\/uploads\\\/2023\\\/01\\\/230117-Comunione-spirituale-e-psichica-3..jpg\",\"contentUrl\":\"https:\\\/\\\/www.veritatemincaritate.com\\\/wp\\\/wp-content\\\/uploads\\\/2023\\\/01\\\/230117-Comunione-spirituale-e-psichica-3..jpg\",\"width\":600,\"height\":400,\"caption\":\"Comunione spirituale e comunione psichica\"},{\"@type\":\"BreadcrumbList\",\"@id\":\"https:\\\/\\\/www.veritatemincaritate.com\\\/wp\\\/2023\\\/01\\\/comunione-spirituale-e-comunione-psichica-da-vita-comune-di-d-bonhoeffer-parte-3\\\/#breadcrumb\",\"itemListElement\":[{\"@type\":\"ListItem\",\"position\":1,\"name\":\"Home\",\"item\":\"https:\\\/\\\/www.veritatemincaritate.com\\\/wp\\\/\"},{\"@type\":\"ListItem\",\"position\":2,\"name\":\"\u201cComunione spirituale e comunione psichica\u201d da \u201cVita comune\u201d di D. Bonhoeffer. Parte 3\"}]},{\"@type\":\"WebSite\",\"@id\":\"https:\\\/\\\/www.veritatemincaritate.com\\\/wp\\\/#website\",\"url\":\"https:\\\/\\\/www.veritatemincaritate.com\\\/wp\\\/\",\"name\":\"Veritatemincaritate\",\"description\":\"Agendo secondo verit\u00e0 nella carit\u00e0, cerchiamo di crescere in ogni cosa tendendo a lui, che \u00e8 il capo, Cristo\",\"publisher\":{\"@id\":\"https:\\\/\\\/www.veritatemincaritate.com\\\/wp\\\/#organization\"},\"potentialAction\":[{\"@type\":\"SearchAction\",\"target\":{\"@type\":\"EntryPoint\",\"urlTemplate\":\"https:\\\/\\\/www.veritatemincaritate.com\\\/wp\\\/?s={search_term_string}\"},\"query-input\":{\"@type\":\"PropertyValueSpecification\",\"valueRequired\":true,\"valueName\":\"search_term_string\"}}],\"inLanguage\":\"it-IT\"},{\"@type\":\"Organization\",\"@id\":\"https:\\\/\\\/www.veritatemincaritate.com\\\/wp\\\/#organization\",\"name\":\"Veritatem facientes in Caritate\",\"url\":\"https:\\\/\\\/www.veritatemincaritate.com\\\/wp\\\/\",\"logo\":{\"@type\":\"ImageObject\",\"inLanguage\":\"it-IT\",\"@id\":\"https:\\\/\\\/www.veritatemincaritate.com\\\/wp\\\/#\\\/schema\\\/logo\\\/image\\\/\",\"url\":\"https:\\\/\\\/www.veritatemincaritate.com\\\/wp\\\/wp-content\\\/uploads\\\/2020\\\/07\\\/Logo-VIC-per-canale-Youtube.jpg\",\"contentUrl\":\"https:\\\/\\\/www.veritatemincaritate.com\\\/wp\\\/wp-content\\\/uploads\\\/2020\\\/07\\\/Logo-VIC-per-canale-Youtube.jpg\",\"width\":720,\"height\":720,\"caption\":\"Veritatem facientes in Caritate\"},\"image\":{\"@id\":\"https:\\\/\\\/www.veritatemincaritate.com\\\/wp\\\/#\\\/schema\\\/logo\\\/image\\\/\"},\"sameAs\":[\"https:\\\/\\\/www.facebook.com\\\/pgiorgiomariafare\",\"https:\\\/\\\/instagram.com\\\/padre_giorgio_maria_fare?igshid=1p8wsw6b3edkc\",\"https:\\\/\\\/www.youtube.com\\\/channel\\\/UCFqjpT1nX60rx3m_SELg3lA\"]},{\"@type\":\"Person\",\"@id\":\"https:\\\/\\\/www.veritatemincaritate.com\\\/wp\\\/#\\\/schema\\\/person\\\/ae324896700d097ddc6db39f45894b80\",\"name\":\"Is551011\",\"image\":{\"@type\":\"ImageObject\",\"inLanguage\":\"it-IT\",\"@id\":\"https:\\\/\\\/secure.gravatar.com\\\/avatar\\\/c031fff76d6f121d3530ae43ac8407bd6ac4d5c3c8a89c237d6990047f9a6307?s=96&d=mm&r=g\",\"url\":\"https:\\\/\\\/secure.gravatar.com\\\/avatar\\\/c031fff76d6f121d3530ae43ac8407bd6ac4d5c3c8a89c237d6990047f9a6307?s=96&d=mm&r=g\",\"contentUrl\":\"https:\\\/\\\/secure.gravatar.com\\\/avatar\\\/c031fff76d6f121d3530ae43ac8407bd6ac4d5c3c8a89c237d6990047f9a6307?s=96&d=mm&r=g\",\"caption\":\"Is551011\"}}]}<\/script>\n<!-- \/ Yoast SEO plugin. -->","yoast_head_json":{"title":"\u201cComunione spirituale e comunione psichica\u201d da \u201cVita comune\u201d di D. Bonhoeffer. Parte 3 - Veritatemincaritate","description":"Continua la meditazione del testo di Bonhoeffer. I cristiani possono vivere in pace tra loro e diventare una cosa sola solo per mezzo di Ges\u00f9","robots":{"index":"index","follow":"follow","max-snippet":"max-snippet:-1","max-image-preview":"max-image-preview:large","max-video-preview":"max-video-preview:-1"},"canonical":"https:\/\/www.veritatemincaritate.com\/wp\/2023\/01\/comunione-spirituale-e-comunione-psichica-da-vita-comune-di-d-bonhoeffer-parte-3\/","og_locale":"it_IT","og_type":"article","og_title":"\u201cComunione spirituale e comunione psichica\u201d da \u201cVita comune\u201d di D. Bonhoeffer. Parte 3 - Veritatemincaritate","og_description":"Continua la meditazione del testo di Bonhoeffer. I cristiani possono vivere in pace tra loro e diventare una cosa sola solo per mezzo di Ges\u00f9","og_url":"https:\/\/www.veritatemincaritate.com\/wp\/2023\/01\/comunione-spirituale-e-comunione-psichica-da-vita-comune-di-d-bonhoeffer-parte-3\/","og_site_name":"Veritatemincaritate","article_publisher":"https:\/\/www.facebook.com\/pgiorgiomariafare","article_published_time":"2023-01-17T02:15:49+00:00","og_image":[{"width":600,"height":400,"url":"https:\/\/www.veritatemincaritate.com\/wp\/wp-content\/uploads\/2023\/01\/230117-Comunione-spirituale-e-psichica-3..jpg","type":"image\/jpeg"}],"author":"Is551011","twitter_card":"summary_large_image","twitter_misc":{"Scritto da":"Is551011","Tempo di lettura stimato":"12 minuti"},"schema":{"@context":"https:\/\/schema.org","@graph":[{"@type":"Article","@id":"https:\/\/www.veritatemincaritate.com\/wp\/2023\/01\/comunione-spirituale-e-comunione-psichica-da-vita-comune-di-d-bonhoeffer-parte-3\/#article","isPartOf":{"@id":"https:\/\/www.veritatemincaritate.com\/wp\/2023\/01\/comunione-spirituale-e-comunione-psichica-da-vita-comune-di-d-bonhoeffer-parte-3\/"},"author":{"name":"Is551011","@id":"https:\/\/www.veritatemincaritate.com\/wp\/#\/schema\/person\/ae324896700d097ddc6db39f45894b80"},"headline":"\u201cComunione spirituale e comunione psichica\u201d da \u201cVita comune\u201d di D. Bonhoeffer. Parte 3","datePublished":"2023-01-17T02:15:49+00:00","mainEntityOfPage":{"@id":"https:\/\/www.veritatemincaritate.com\/wp\/2023\/01\/comunione-spirituale-e-comunione-psichica-da-vita-comune-di-d-bonhoeffer-parte-3\/"},"wordCount":2315,"publisher":{"@id":"https:\/\/www.veritatemincaritate.com\/wp\/#organization"},"image":{"@id":"https:\/\/www.veritatemincaritate.com\/wp\/2023\/01\/comunione-spirituale-e-comunione-psichica-da-vita-comune-di-d-bonhoeffer-parte-3\/#primaryimage"},"thumbnailUrl":"https:\/\/www.veritatemincaritate.com\/wp\/wp-content\/uploads\/2023\/01\/230117-Comunione-spirituale-e-psichica-3..jpg","keywords":["comunione psichica","comunione spirituale","Dietrich Bonhoeffer","meditazioni","p. Giorgio Maria Far\u00e9","Vita comune"],"articleSection":["Omelie"],"inLanguage":"it-IT"},{"@type":"WebPage","@id":"https:\/\/www.veritatemincaritate.com\/wp\/2023\/01\/comunione-spirituale-e-comunione-psichica-da-vita-comune-di-d-bonhoeffer-parte-3\/","url":"https:\/\/www.veritatemincaritate.com\/wp\/2023\/01\/comunione-spirituale-e-comunione-psichica-da-vita-comune-di-d-bonhoeffer-parte-3\/","name":"\u201cComunione spirituale e comunione psichica\u201d da \u201cVita comune\u201d di D. Bonhoeffer. Parte 3 - Veritatemincaritate","isPartOf":{"@id":"https:\/\/www.veritatemincaritate.com\/wp\/#website"},"primaryImageOfPage":{"@id":"https:\/\/www.veritatemincaritate.com\/wp\/2023\/01\/comunione-spirituale-e-comunione-psichica-da-vita-comune-di-d-bonhoeffer-parte-3\/#primaryimage"},"image":{"@id":"https:\/\/www.veritatemincaritate.com\/wp\/2023\/01\/comunione-spirituale-e-comunione-psichica-da-vita-comune-di-d-bonhoeffer-parte-3\/#primaryimage"},"thumbnailUrl":"https:\/\/www.veritatemincaritate.com\/wp\/wp-content\/uploads\/2023\/01\/230117-Comunione-spirituale-e-psichica-3..jpg","datePublished":"2023-01-17T02:15:49+00:00","description":"Continua la meditazione del testo di Bonhoeffer. I cristiani possono vivere in pace tra loro e diventare una cosa sola solo per mezzo di Ges\u00f9","breadcrumb":{"@id":"https:\/\/www.veritatemincaritate.com\/wp\/2023\/01\/comunione-spirituale-e-comunione-psichica-da-vita-comune-di-d-bonhoeffer-parte-3\/#breadcrumb"},"inLanguage":"it-IT","potentialAction":[{"@type":"ReadAction","target":["https:\/\/www.veritatemincaritate.com\/wp\/2023\/01\/comunione-spirituale-e-comunione-psichica-da-vita-comune-di-d-bonhoeffer-parte-3\/"]}]},{"@type":"ImageObject","inLanguage":"it-IT","@id":"https:\/\/www.veritatemincaritate.com\/wp\/2023\/01\/comunione-spirituale-e-comunione-psichica-da-vita-comune-di-d-bonhoeffer-parte-3\/#primaryimage","url":"https:\/\/www.veritatemincaritate.com\/wp\/wp-content\/uploads\/2023\/01\/230117-Comunione-spirituale-e-psichica-3..jpg","contentUrl":"https:\/\/www.veritatemincaritate.com\/wp\/wp-content\/uploads\/2023\/01\/230117-Comunione-spirituale-e-psichica-3..jpg","width":600,"height":400,"caption":"Comunione spirituale e comunione psichica"},{"@type":"BreadcrumbList","@id":"https:\/\/www.veritatemincaritate.com\/wp\/2023\/01\/comunione-spirituale-e-comunione-psichica-da-vita-comune-di-d-bonhoeffer-parte-3\/#breadcrumb","itemListElement":[{"@type":"ListItem","position":1,"name":"Home","item":"https:\/\/www.veritatemincaritate.com\/wp\/"},{"@type":"ListItem","position":2,"name":"\u201cComunione spirituale e comunione psichica\u201d da \u201cVita comune\u201d di D. Bonhoeffer. Parte 3"}]},{"@type":"WebSite","@id":"https:\/\/www.veritatemincaritate.com\/wp\/#website","url":"https:\/\/www.veritatemincaritate.com\/wp\/","name":"Veritatemincaritate","description":"Agendo secondo verit\u00e0 nella carit\u00e0, cerchiamo di crescere in ogni cosa tendendo a lui, che \u00e8 il capo, Cristo","publisher":{"@id":"https:\/\/www.veritatemincaritate.com\/wp\/#organization"},"potentialAction":[{"@type":"SearchAction","target":{"@type":"EntryPoint","urlTemplate":"https:\/\/www.veritatemincaritate.com\/wp\/?s={search_term_string}"},"query-input":{"@type":"PropertyValueSpecification","valueRequired":true,"valueName":"search_term_string"}}],"inLanguage":"it-IT"},{"@type":"Organization","@id":"https:\/\/www.veritatemincaritate.com\/wp\/#organization","name":"Veritatem facientes in Caritate","url":"https:\/\/www.veritatemincaritate.com\/wp\/","logo":{"@type":"ImageObject","inLanguage":"it-IT","@id":"https:\/\/www.veritatemincaritate.com\/wp\/#\/schema\/logo\/image\/","url":"https:\/\/www.veritatemincaritate.com\/wp\/wp-content\/uploads\/2020\/07\/Logo-VIC-per-canale-Youtube.jpg","contentUrl":"https:\/\/www.veritatemincaritate.com\/wp\/wp-content\/uploads\/2020\/07\/Logo-VIC-per-canale-Youtube.jpg","width":720,"height":720,"caption":"Veritatem facientes in Caritate"},"image":{"@id":"https:\/\/www.veritatemincaritate.com\/wp\/#\/schema\/logo\/image\/"},"sameAs":["https:\/\/www.facebook.com\/pgiorgiomariafare","https:\/\/instagram.com\/padre_giorgio_maria_fare?igshid=1p8wsw6b3edkc","https:\/\/www.youtube.com\/channel\/UCFqjpT1nX60rx3m_SELg3lA"]},{"@type":"Person","@id":"https:\/\/www.veritatemincaritate.com\/wp\/#\/schema\/person\/ae324896700d097ddc6db39f45894b80","name":"Is551011","image":{"@type":"ImageObject","inLanguage":"it-IT","@id":"https:\/\/secure.gravatar.com\/avatar\/c031fff76d6f121d3530ae43ac8407bd6ac4d5c3c8a89c237d6990047f9a6307?s=96&d=mm&r=g","url":"https:\/\/secure.gravatar.com\/avatar\/c031fff76d6f121d3530ae43ac8407bd6ac4d5c3c8a89c237d6990047f9a6307?s=96&d=mm&r=g","contentUrl":"https:\/\/secure.gravatar.com\/avatar\/c031fff76d6f121d3530ae43ac8407bd6ac4d5c3c8a89c237d6990047f9a6307?s=96&d=mm&r=g","caption":"Is551011"}}]}},"menu_order":0,"_links":{"self":[{"href":"https:\/\/www.veritatemincaritate.com\/wp\/wp-json\/wp\/v2\/posts\/27764","targetHints":{"allow":["GET"]}}],"collection":[{"href":"https:\/\/www.veritatemincaritate.com\/wp\/wp-json\/wp\/v2\/posts"}],"about":[{"href":"https:\/\/www.veritatemincaritate.com\/wp\/wp-json\/wp\/v2\/types\/post"}],"author":[{"embeddable":true,"href":"https:\/\/www.veritatemincaritate.com\/wp\/wp-json\/wp\/v2\/users\/4"}],"replies":[{"embeddable":true,"href":"https:\/\/www.veritatemincaritate.com\/wp\/wp-json\/wp\/v2\/comments?post=27764"}],"version-history":[{"count":0,"href":"https:\/\/www.veritatemincaritate.com\/wp\/wp-json\/wp\/v2\/posts\/27764\/revisions"}],"wp:featuredmedia":[{"embeddable":true,"href":"https:\/\/www.veritatemincaritate.com\/wp\/wp-json\/wp\/v2\/media\/27803"}],"wp:attachment":[{"href":"https:\/\/www.veritatemincaritate.com\/wp\/wp-json\/wp\/v2\/media?parent=27764"}],"wp:term":[{"taxonomy":"category","embeddable":true,"href":"https:\/\/www.veritatemincaritate.com\/wp\/wp-json\/wp\/v2\/categories?post=27764"},{"taxonomy":"post_tag","embeddable":true,"href":"https:\/\/www.veritatemincaritate.com\/wp\/wp-json\/wp\/v2\/tags?post=27764"}],"curies":[{"name":"wp","href":"https:\/\/api.w.org\/{rel}","templated":true}]}}