{"id":27868,"date":"2023-01-26T03:15:03","date_gmt":"2023-01-26T02:15:03","guid":{"rendered":"https:\/\/www.veritatemincaritate.com\/wp\/?p=27868"},"modified":"2023-01-30T18:12:31","modified_gmt":"2023-01-30T17:12:31","slug":"comunione-spirituale-e-comunione-psichica-da-vita-comune-di-d-bonhoeffer-parte-12","status":"publish","type":"post","link":"https:\/\/www.veritatemincaritate.com\/wp\/2023\/01\/comunione-spirituale-e-comunione-psichica-da-vita-comune-di-d-bonhoeffer-parte-12\/","title":{"rendered":"\u201cComunione spirituale e comunione psichica\u201d da \u201cVita comune\u201d di D. Bonhoeffer. Parte 12"},"content":{"rendered":"<div class=\"wpb-content-wrapper\" id=\"wpb-content-root\"><p>[vc_row][vc_column][vc_column_text]<\/p>\n<h3>Meditazione<\/h3>\n<div class=\"vc_row wpb_row vc_row-fluid\">\n<div class=\"wpb_column vc_column_container vc_col-sm-12\">\n<div class=\"vc_column-inner \">\n<div class=\"wpb_wrapper\">\n<div class=\"wpb_text_column wpb_content_element \">\n<div class=\"wpb_wrapper\">\n<p>Pubblichiamo l\u2019audio della meditazione: &#8220;Comunione spirituale e comunione psichica&#8221; tratta dal testo \u201cVita comune\u201d di Dietrich Bonhoeffer.<br \/>\nGioved\u00ec 26 gennaio 2023<\/p>\n<p>Predicatore: p. Giorgio Maria Far\u00e9, OCD<\/p>\n<\/div>\n<\/div>\n<\/div>\n<\/div>\n<\/div>\n<\/div>\n<p>[\/vc_column_text][vc_column_text]<\/p>\n<h4>Ascolta la registrazione:<\/h4>\n<p>Per motivi di intenso traffico non ci \u00e8 possibile rendere disponibile l&#8217;ascolto dei file audio direttamente dal nostro sito. Se hai dubbi su come fare, vai alle <a href=\"http:\/\/www.veritatemincaritate.com\/chi-siamo\/istruzioni-per-lascolto-delle-registrazioni\/\" target=\"_blank\" rel=\"noopener noreferrer\">istruzioni per l&#8217;ascolto delle registrazioni<\/a>.[\/vc_column_text][\/vc_column][\/vc_row][vc_row][vc_column][vc_row_inner][vc_column_inner width=&#8221;1\/2&#8243;][vc_btn title=&#8221;Scarica la meditazione&#8221; color=&#8221;orange&#8221; link=&#8221;url:https%3A%2F%2Fwww.dropbox.com%2Fs%2Fd89vw4nkzyfhsu7%2F230126-Omelie-Comunione-spirituale-e-psichica-12_01.m4a%3Fdl%3D1|target:_blank&#8221;][\/vc_column_inner][vc_column_inner width=&#8221;1\/2&#8243;][vc_btn title=&#8221;Ascolta la meditazione&#8221; color=&#8221;orange&#8221; align=&#8221;right&#8221; link=&#8221;url:https%3A%2F%2Fwww.dropbox.com%2Fs%2Fd89vw4nkzyfhsu7%2F230126-Omelie-Comunione-spirituale-e-psichica-12_01.m4a%3Fdl%3D0|target:_blank&#8221;][\/vc_column_inner][\/vc_row_inner][vc_empty_space][vc_separator color=&#8221;orange&#8221;][\/vc_column][\/vc_row][vc_row][vc_column][vc_column_text]<strong>VANGELO<\/strong> <em>(Lc 10,1-9)<\/em><\/p>\n<p>In quel tempo, il Signore design\u00f2 altri settantadue e li invi\u00f2 a due a due davanti a s\u00e9 in ogni citt\u00e0 e luogo dove stava per recarsi.<br \/>\nDiceva loro: \u00abLa messe \u00e8 abbondante, ma sono pochi gli operai! Pregate dunque il signore della messe, perch\u00e9 mandi operai nella sua messe! Andate: ecco, vi mando come agnelli in mezzo a lupi; non portate borsa, n\u00e9 sacca, n\u00e9 sandali e non fermatevi a salutare nessuno lungo la strada.<br \/>\nIn qualunque casa entriate, prima dite: &#8220;Pace a questa casa!&#8221;. Se vi sar\u00e0 un figlio della pace, la vostra pace scender\u00e0 su di lui, altrimenti ritorner\u00e0 su di voi. Restate in quella casa, mangiando e bevendo di quello che hanno, perch\u00e9 chi lavora ha diritto alla sua ricompensa. Non passate da una casa all&#8217;altra.<br \/>\nQuando entrerete in una citt\u00e0 e vi accoglieranno, mangiate quello che vi sar\u00e0 offerto, guarite i malati che vi si trovano, e dite loro: &#8220;\u00c8 vicino a voi il regno di Dio&#8221;\u00bb.[\/vc_column_text][\/vc_column][\/vc_row][vc_row][vc_column][vc_column_text]<\/p>\n<h4>Testo della meditazione<\/h4>\n<p><a href=\"https:\/\/www.veritatemincaritate.com\/wp\/wp-content\/uploads\/2023\/01\/230126-Comunione-spirituale-e-comunione-psichica-12...pdf\" target=\"_blank\" rel=\"noopener\">Scarica il testo della meditazione in formato PDF<\/a><\/p>\n<p><i>Sia lodato Ges\u00f9 Cristo! Sempre sia lodato!<\/i><\/p>\n<p>Eccoci giunti a gioved\u00ec 26 gennaio 2023. Oggi festeggiamo i santi Timoteo e Tito, vescovi. Abbiamo ascoltato il Vangelo della Santa Messa di oggi, tratto dal capitolo decimo del Vangelo di san Luca, versetti 1-9.<\/p>\n<p>Continuiamo la nostra lettura e meditazione del libro <i>Vita Comune <\/i>di Bonhoeffer. Abbiamo preannunciato ieri che oggi avremmo letto che, come c&#8217;\u00e8 una conversione psichica e quindi una falsa conversione, c&#8217;\u00e8 anche un amore su basi psichiche che \u00e8 un falso amore.<\/p>\n<p><b>Cos\u00ec pure esiste un amore del prossimo su basi \u00abpsichiche\u00bb. \u00c8 un amore capace dei massimi sacrifici, spesso supera di molto il vero amore in Cristo dal punto di vista dell&#8217;entusiasmo nella dedizione e dell&#8217;evidenza dei risultati, \u00e8 un amore che parla il linguaggio cristiano con eloquenza trascinante, entusiasmante.<span class=\"Apple-converted-space\">\u00a0<\/span><\/b><\/p>\n<p>Mi sono fermato un attimo perch\u00e9, insomma, non dobbiamo giudicare nessuno, ma certe espressioni fanno venire in mente dei volti. Ci sono volti che parlano di questo amore e che presentano questa tensione, questa capacit\u00e0 al massimo sacrificio che &#8220;<i>spesso supera di molto il vero amore in Cristo dal punto di vista dell&#8217;entusiasmo nella dedizione e dell&#8217;evidenza dei risultati<\/i>&#8220;; persone non solo che propongono, ma che anche sono capaci di sacrifici immensi e di uno stile di amare che supera chi, invece, ha un vero amore in Cristo.<span class=\"Apple-converted-space\">\u00a0<\/span><\/p>\n<p>Questo amore psichico supera il vero amore spirituale <i>dal punto di vista dell&#8217;entusiasmo nella dedizione<\/i> &#8211; ne parlano quasi rapiti, e si vede che c&#8217;\u00e8 sotto una dedizione enorme, quindi ci credono proprio, si danno proprio &#8211; e poi <i>nell&#8217;evidenza dei risultati<\/i> perch\u00e9 ottengono tanto; il loro \u00e8 un amore che produce; potremmo dire che &#8220;d\u00e0 frutto&#8221;.<span class=\"Apple-converted-space\">\u00a0<\/span><\/p>\n<p>&#8220;<i>\u00e8 un amore che parla il linguaggio cristiano con eloquenza trascinante, entusiasmante<\/i>&#8220;: li senti parlare di questo amore per il prossimo in un modo che ti trascina, ti entusiasma cos\u00ec che rimani catturato e il mondo rimane a bocca aperta. Addirittura il mondo stesso rimane sbalordito da questo linguaggio eloquente, entusiasmante e trascinante.<\/p>\n<p><b>Ma \u00e8 quell&#8217;amore di cui l&#8217;Apostolo dice: \u00abDistribuissi a bocconi i miei beni ai poveri e il mio corpo dessi a bruciare\u00bb &#8211; cio\u00e8: se mettessi insieme i pi\u00f9 straordinari atti di amore e la pi\u00f9 straordinaria dedizione <\/b>(pensate ad atti di amore incredibili e a un darsi superiore a quello di Santa Teresa di Calcutta, per intenderci) <b>&#8211; \u00abse l&#8217;amore non ho (cio\u00e8 l&#8217;amore in Cristo), niente mi giova\u00bb (1 Cor 13,2).<span class=\"Apple-converted-space\">\u00a0<\/span><\/b><\/p>\n<p>A supporto di tutto quello che stiamo dicendo c&#8217;\u00e8 un sermone del Santo Cardinal Newman che si intitola proprio &#8220;<i>La carit\u00e0<\/i>&#8220;. Feci delle catechesi su questo che \u00e8 un sermone densissimo, profondissimo che non introduce la differenza tra amore psichico e amore spirituale, ma dice la stessa cosa; fa un&#8217;analisi tra la vera carit\u00e0 e la falsa carit\u00e0 e dice esattamente la stessa cosa. E il Santo Cardinal Newman \u00e8 cattolico; uno potrebbe dire che Bonhoeffer dice questo ma non \u00e8 cattolico, ma il Cardinal Newman lo \u00e8, e va ancora pi\u00f9 a fondo dicendo che io potrei morire martire senza avere la vera carit\u00e0. Sono riflessioni potenti! Il Cardinal Newman scrive che io potrei morire martire e non avere la carit\u00e0, cio\u00e8 il vero amore in Cristo e quindi il martirio servirebbe a niente.<span class=\"Apple-converted-space\">\u00a0<\/span><\/p>\n<p>Avere l&#8217;amore in Cristo non \u00e8 una cosa facile e non \u00e8 per niente scontata.<\/p>\n<p><b>L&#8217;amore psichico ama l&#8217;altro <\/b>(lo ama! C&#8217;\u00e8 una forma di amore che non \u00e8 spirituale)<b> per amor di se stesso, l&#8217;amore spirituale ama l&#8217;altro per amore di Cristo.<span class=\"Apple-converted-space\">\u00a0<\/span><\/b><\/p>\n<p>\u00c8 questo il punto; la differenza sta tutta qui! Per chi, per mezzo di chi, a motivo di chi, ami l&#8217;altro? A motivo di chi vivi l&#8217;amore del prossimo; a motivo di chi tu ti spendi, ti sacrifichi per il prossimo? Per amore di te stesso o per amore di Ges\u00f9 Cristo? \u00c8 questa la differenza!<span class=\"Apple-converted-space\">\u00a0<\/span><\/p>\n<p><b>Per questo l&#8217;amore psichico cerca il contatto immediato con l&#8217;altro, non lo ama nella sua libert\u00e0, ma lo lega a s\u00e9, vuol conquistarlo, sopraffarlo con ogni mezzo, lo opprime, vuol essere irresistibile, vuol dominare.<span class=\"Apple-converted-space\">\u00a0<\/span><\/b><\/p>\n<p>Posso avere tanto in bocca le parole &#8220;servizio, amore, carit\u00e0&#8221;; posso fare anche dei grandi &#8220;discorsoni&#8221;, ma se poi ho dentro tutte queste cose \u00e8 tutto falso! Se tu ami in Cristo, tu ami l&#8217;altro nella sua libert\u00e0, lasci l&#8217;altro nella sua libert\u00e0; l&#8217;altro deve essere libero di essere se stesso. Non leghi a te le persone, non le vuoi dominare, conquistare, sopraffare, opprimere; non vuoi essere irresistibile, non ti interessa, perch\u00e9 l&#8217;amore in Cristo \u00e8 innanzi tutto amore alla verit\u00e0 e la verit\u00e0 non fa niente di tutto questo.<\/p>\n<p>Quello che vi sto per leggere non l&#8217;avevo ancora riletto (io preparo molto prima quello che vi devo dire) e adesso sentite che cosa dice:<span class=\"Apple-converted-space\">\u00a0<\/span><\/p>\n<p><b>L&#8217;amore psichico non tiene gran conto della verit\u00e0, \u00e8 disposto a relativizzarla, perch\u00e9 il rapporto con la persona amata non deve essere ostacolato da niente, neppure dalla verit\u00e0.<span class=\"Apple-converted-space\">\u00a0<\/span><\/b><\/p>\n<p>Questo \u00e8 un criterio di discernimento: l&#8217;amore psichico non tiene conto della verit\u00e0, la relativizza perch\u00e9 il mio rapporto con te deve essere immediato e non ci deve essere nessun ostacolo tra me e te. Se la verit\u00e0 \u00e8 un ostacolo, la rimuoviamo e voi capite che, un amore fondato sulla menzogna, sulla falsit\u00e0, sulla &#8220;non verit\u00e0&#8221; non \u00e8 fondato in Cristo. La verit\u00e0 non pu\u00f2 essere un ostacolo!<\/p>\n<p>Guardate che \u00e8 quello che stiamo vivendo oggi: il mantra di un amore che rimuove costantemente la verit\u00e0, pur di non vedersi messo in discussione; un amore che ha rinunciato alla verit\u00e0 pur di non creare scompiglio tra me e te; pur di non deluderti, di non scontentarti, di non allontanarti, di non amareggiarti.<span class=\"Apple-converted-space\">\u00a0<\/span><\/p>\n<p>Ges\u00f9 \u00e8 un problema? Allora lo togliamo di mezzo! \u00c8 un problema la Sua Parola? La togliamo di mezzo! Sono un problema i Suoi Comandamenti? Li togliamo di mezzo! Togliamo di mezzo tutto, a partire da Ges\u00f9, cos\u00ec che possiamo vivere un grande amore universale! S\u00ec\u2026 ma questo, sia chiaro, non sar\u00e0 mai un amore cristiano; non \u00e8 l&#8217;amore proposto da Ges\u00f9!<span class=\"Apple-converted-space\">\u00a0<\/span><\/p>\n<p>E, a proposito di questo, gi\u00e0 l&#8217;ho detto su Telegram, sul sito, ma lo ripeto anche qui: domani sera alle 21:10 su Radio Mater inizier\u00f2 un ciclo di catechesi dove ci sar\u00e0 la possibilit\u00e0 di intervenire in diretta. Sar\u00e0 ogni quarto venerd\u00ec del mese. Mi hanno chiesto che l&#8217;argomento fossero i Dieci Comandamenti: ho accettato volentieri perch\u00e9 mi \u00e8 sembrata una bella idea, perch\u00e9 sono tantissimi anni che non tengo catechesi sui Dieci Comandamenti.<\/p>\n<p>Ho scelto come testo da leggere e commentare insieme (cos\u00ec ve lo preparate) il Catechismo della Chiesa Cattolica, quello in formato integrale, non il Compendio. Leggeremo quello: i Dieci Comandamenti cos\u00ec come sono scritti nel nostro Catechismo della Chiesa Cattolica: bellissimi! Fino alle 22 circa ci sar\u00e0 il mio intervento e, a seguire, ci sar\u00e0 una mezz\u2019oretta per intervenire. Vi chiedo di accompagnarmi con la preghiera. Mi sembra bello partecipare: \u00e8 una bella occasione anche perch\u00e9 potrete intervenire in diretta e fare tutte le domande che vorrete.<\/p>\n<p>Abbiate sotto mano il Catechismo che, tra l&#8217;altro, tutti dovremmo avere in casa e dovremmo leggere ogni giorno; sarebbe un bel testo di meditazione.<\/p>\n<p>Domani sera vi spiegher\u00f2 un po\u2019 di cose che riprendono quello che sto dicendo adesso. La verit\u00e0 \u00e8 fondamentale; non si pu\u00f2 rinunciare alla verit\u00e0, perch\u00e9 significa rinunciare a Ges\u00f9.<\/p>\n<p><b>L&#8217;amore psichico ha brama dell&#8217;altro, della comunione con lui, del contraccambio del suo amore, ma non \u00e8 al suo servizio.<\/b><\/p>\n<p><span class=\"Apple-converted-space\">\u00a0<\/span>Dirti la verit\u00e0 \u00e8 il modo migliore per servirti; il modo migliore per amarti \u00e8 quello di essere sincero e non quello di dirti le cose come tu le vuoi sentire!<span class=\"Apple-converted-space\">\u00a0<\/span><\/p>\n<p>Proprio pochi giorni fa un ragazzo che non si era comportato bene, mi ha detto quello che mi doveva dire e mi ha chiesto una valutazione su una cosa che aveva fatto, diciamo cos\u00ec. Io ho ascoltato e poi lui ma ha chiesto: \u201cChe cosa ne pensa, Padre?\u201d. Io gli ho risposto quello che pensavo e lui ha replicato: \u201cQuello che mi ha detto \u00e8 stato un colpo che mi ha profondamente ferito!\u201d. Tu mi hai chiesto di dirti quello che pensavo, di dirti la verit\u00e0 e io te l&#8217;ho detta!<\/p>\n<p>Mi pare che fosse proprio Santa Teresina &#8211; a memoria non ricordo vi faccio una sintesi &#8211; a chi si lamentava rispondeva: \u201cSe non volete sentire la verit\u00e0, non venite a chiedermi le cose. Io vi dico la verit\u00e0: se non la volete sentire, non venite a chiedermi niente!\u201d.<\/p>\n<p>E noi bramiamo l&#8217;altro, la comunione con lui, il contraccambio del suo amore. Pensate a quanti rapporti di fidanzamento falsi ci sono da questo punto di vista: non c&#8217;\u00e8 amore, l\u00ec non esiste l\u2019amore, infatti due anni dopo che si sono sposati, divorziano! Perch\u00e9? Perch\u00e9 non erano fondati sul vero amore, sull&#8217;amore spirituale, ma sull&#8217;amore psichico: in nome della brama dell&#8217;altro, della comunione con lui, del contraccambio del suo amore che cosa faccio? Rinuncio ad essere vero, a dire le cose con il vero nome perch\u00e9 non voglio offendere, ferire e, soprattutto, non voglio perderti e rimanere da solo. Poi chi mi sposa? Chi mi sposa pi\u00f9? Dove trovo un&#8217;altra che mi sposi? Allora, quatti quatti, facciamo buon viso a cattivo gioco. Ma non \u00e8 al suo servizio, invece, se tu ami veramente, devi servire e non c&#8217;\u00e8 servizio pi\u00f9 grande che essere veri.<\/p>\n<p><b><span class=\"Apple-converted-space\">\u00a0<\/span>Anzi \u00e8 ancora la sua brama a manifestarsi nelle apparenze del servizio.<span class=\"Apple-converted-space\">\u00a0<\/span><\/b><\/p>\n<p>Sembra servire, ma non sar\u00e0 mai vero.<\/p>\n<p><b>Due punti, riducibili peraltro ad uno solo, mettono in luce la differenza fra l&#8217;amore psichico e quello spirituale: il primo <\/b>(l&#8217;amore psichico) <b>non \u00e8 in grado di resistere al disciogliersi di una comunione ormai inautentica, per amore della comunione in senso vero;<span class=\"Apple-converted-space\">\u00a0<\/span><\/b><\/p>\n<p>L&#8217;amore psichico non sa resistere alla messa in crisi di un rapporto di comunione che era falso: non sa andare oltre e dire: \u201cOk, questo era bugia, era falsit\u00e0. Lo abbiamo capito? Bene! Adesso costruiamo un vero amore!\u201d. No se si scioglie, l&#8217;amore psichico non sa superarsi: quando tu mi fai uno sgarbo; quando tu mi fai qualcosa; quando tu sei sincero; quando tu sei te stesso; quando tu non ti vuoi assoggettare, questo amore psichico viene messo in crisi, quindi la comunione che si fonda su di lui si sgretola. E allora? Allora: odio eterno, guerra! Nemici per sempre, perch\u00e9 questo tipo di comunione non sa andare oltre, non sa cercare la vera comunione.<\/p>\n<p><b>n\u00e9 \u00e8 in grado di amare il nemico, cio\u00e8 colui che gli resiste sul serio e tenacemente. Il motivo \u00e8 lo stesso: l&#8217;amore psichico \u00e8 per sua essenza brama, e precisamente brama di comunione psichica. Finch\u00e9 riesce in qualche modo ad appagarla, non vi rinuncia, neppure in nome della verit\u00e0 o del vero amore per l&#8217;altro.<span class=\"Apple-converted-space\">\u00a0<\/span><\/b><\/p>\n<p>Non rinuncia a niente nemmeno per amore della verit\u00e0, perch\u00e9 il centro e la brama \u00e8 se stesso, \u00e8 l&#8217;io, \u00e8 il mio desiderio.<\/p>\n<p><b>E se non pu\u00f2 pi\u00f9 aspettarsi appagamento di questa brama, allora \u00e8 la rovina<span class=\"Apple-converted-space\">\u00a0<\/span><\/b><\/p>\n<p>Vedete? Ormai ci anticipiamo a vicenda. Qualcuno penser\u00e0 che Padre Giorgio stia diventando luterano! No: \u00e8 che la verit\u00e0 \u00e8 la verit\u00e0; non ha importanza chi la dica \u00e8 importante la verit\u00e0, quindi, se le persone amano la verit\u00e0, va bene! La sentirete dire da un luterano, da un cattolico, da un mussulmano la verit\u00e0!<span class=\"Apple-converted-space\">\u00a0<\/span><\/p>\n<p>Che cosa scopriamo adesso? Adesso scopriamo una cosa bellissima: nella misura in cui siamo veri, noi siamo veramente fratelli. \u00c8 la verit\u00e0 che porta all&#8217;unit\u00e0. Vedete? Io che sto parlando e Bonhoeffer che ha scritto quello che vi sto leggendo ci stiamo precedendo uno con l&#8217;altro, ma non perch\u00e9 io sia geniale, non perch\u00e9 io abbia intuito chiss\u00e0 che cosa, no, semplicemente perch\u00e9 il processo logico del ragionamento porta l\u00ec, quindi tutti e due arriviamo l\u00ec; io sono cattolico, lui \u00e8 luterano, ma il ragionamento \u00e8 quello, la logica \u00e8 quella, quindi si arriva l\u00ec.<span class=\"Apple-converted-space\">\u00a0<\/span><\/p>\n<p>Poi, certo, ci saranno differenze enormi su altro &#8211; se no saremmo tutti e due cattolici o tutti e due luterani &#8211; ma su certe questioni vedete che si arriva insieme al dunque e questo \u00e8 molto importante.<\/p>\n<p>Certo, a motivo di queste differenze sostanziali &#8211; loro non credono nella presenza reale di Ges\u00f9 nell\u2019Eucarestia, per esempio, e noi s\u00ec &#8211; non potremmo arrivare a una unit\u00e0 completa e perfetta, ma vedete quanta unit\u00e0 si possa sperimentare se si cerca la verit\u00e0, anche l\u00ec dove uno potrebbe dire che non ci potrebbe mai essere unit\u00e0.<span class=\"Apple-converted-space\">\u00a0<\/span><\/p>\n<p>Quindi tra coloro che hanno lo stesso credo, pensate a quanta maggiore unit\u00e0 si possa arrivare se si cerca insieme la verit\u00e0! Davvero la verit\u00e0 \u00e8 il fondamento: se si cerca la verit\u00e0, la carit\u00e0 fiorisce in un modo bellissimo!<span class=\"Apple-converted-space\">\u00a0<\/span><\/p>\n<p>Quindi:<span class=\"Apple-converted-space\">\u00a0<\/span><\/p>\n<p><b>Se non pu\u00f2 pi\u00f9 aspettarsi l&#8217;appagamento di questa brama l&#8217;altro diventa un nemico<\/b><\/p>\n<p>O tu mi appaghi, o tu mi soddisfi, oppure ti odio!<\/p>\n<p>E adesso sentite \u00e8 incredibile: adesso direte che \u00e8 tutto uno scherzo, ma non \u00e8 cos\u00ec!<\/p>\n<p><b>Qui l&#8217;amore si converte in odio, in disprezzo e in calunnia.<\/b><\/p>\n<p>Va bene: oggi abbiamo fatto l&#8217;<i>en plein<\/i> con Bonhoeffer! A me fa piacere constatare questa cosa; sono contento perch\u00e9 succede anche quando vi leggo i testi dei santi, ma l\u00ec sembra quasi pi\u00f9 normale perch\u00e9 con loro condividiamo proprio tutto, Dio ci unisce &#8211; certo, loro sono stati amici di Ges\u00f9 in massimo grado, mentre io, povera pulce dell&#8217;ultimo cane della terra\u2026 &#8211; eppure anche questa \u00e8 un&#8217;esperienza veramente bella. \u00c8 cos\u00ec, \u00e8 verissimo: personalmente devo dire che quello che Bonhoeffer scrive \u00e8 verissimo e poi \u00e8 scritto veramente bene.<span class=\"Apple-converted-space\">\u00a0<\/span><\/p>\n<p>Dunque stiamo attenti!<\/p>\n<p>Domani partiremo da qui:<span class=\"Apple-converted-space\">\u00a0<\/span><\/p>\n<p><b>Ma questo \u00e8 proprio il punto in cui inizia l&#8217;amore spirituale.<span class=\"Apple-converted-space\">\u00a0<\/span><\/b><\/p>\n<p>E vedremo le caratteristiche bellissime di questo amore spirituale.<\/p>\n<p>Allora vi aspetto: spero di sentirvi tanto presenti domani sera!<span class=\"Apple-converted-space\">\u00a0<\/span><\/p>\n<p>Che bello: domani \u00e8 anche il 27 del mese, cio\u00e8 la prima volta di quest\u2019anno in cui alle 17:30, come sempre, tramite la recita della Supplica, si far\u00e0 la memoria della Vergine Maria della Medaglia Miracolosa che portiamo al collo.<span class=\"Apple-converted-space\">\u00a0<\/span><\/p>\n<p>A volte succede che mi vengano a dire: \u201cLo sa, Padre, che ho riconosciuto una persona che la segue nelle omelie!\u201d.<span class=\"Apple-converted-space\">\u00a0<\/span><\/p>\n<p>\u201cAh, s\u00ec? Come ha fatto a riconoscerla?\u201d<\/p>\n<p>\u201cEh, Padre, l&#8217;ho vista l\u00ec in giro in chiesa con la Medaglia Miracolosa bella grande, fuori dal maglione, sul petto mi sono avvicinato e ho chiesto: \u201cMa tu segui Padre Giorgio Maria?\u201d<\/p>\n<p>\u201cS\u00ec, come fai a saperlo?\u201d<\/p>\n<p>\u201cEhhhh ti ho riconosciuto per la Medaglia Miracolosa: vedi che anche io ce l&#8217;ho?\u201d<\/p>\n<p>Bene, mi fa piacere che ci riconosciamo attraverso la Medaglia Miracolosa: \u00e8 anche un modo bello per riconoscerci, per riconoscerci nell&#8217;unit\u00e0 nel cammino. Portando la Medaglia Miracolosa fuori, in modo che tutti la vedano, troverete qualche fratello o sorella nella fede che voi non conoscete e che si avviciner\u00e0 &#8211; al di l\u00e0 di ogni falso pudore &#8211; e vi chieder\u00e0: \u201cMa tu, per caso\u2026?\u201d; \u201cAh, s\u00ec, che bello! Piacere!\u201d; \u201cPiacere!\u201d<\/p>\n<p>Ci si pu\u00f2 conoscere anche fuori da una sala radiografica della risonanza magnetica! A Milano ho incontrato una persona che arrivava dal Veneto, mentre io arrivavo da Milano, ci siamo conosciuti l\u00ec, mentre eravamo in attesa di esser chiamati. Io avevo la Medaglia Miracolosa fuori, avevo il colletto da prete, ero vestito da prete e una mamma &#8211; ve l&#8217;ho gi\u00e0 raccontato &#8211; era l\u00ec con suo figlio e mi ha chiesto. \u201cMa lei \u00e8 Padre Giorgio Maria?\u201d<span class=\"Apple-converted-space\">\u00a0<\/span><\/p>\n<p>\u201cS\u00ec, sono proprio io! Come ha fatto a riconoscermi?\u201d<\/p>\n<p>\u201cEh la Medaglia Miracolosa, Padre!\u201d<\/p>\n<p>\u201cAh, ecco mi fa piacere!\u201d<\/p>\n<p>Vedete? Ci si trova fuori anche da una sala d\u2019attesa per fare la risonanza magnetica in un ospedale! Incredibile!<\/p>\n<p>Quindi \u00e8 bello! Dobbiamo proprio dirlo: \u201cEssere cristiani \u00e8 proprio bello! E amare la Vergine Maria \u00e8 bellissimo, \u00e8 proprio bellissimo!\u201d<\/p>\n<p>Qualcuno dir\u00e0: \u201cCome facciamo a seguire la sua meditazione sui Dieci Comandamenti ? Non conosco le frequenze di Radio Mater!\u201d<\/p>\n<p>Magari non in tutte le citt\u00e0 si prende, ma c&#8217;\u00e8 una Applicazione, andate in Internet sul sito di Radio Mater, cercate bene l\u2019applicazione, si scarica e si pu\u00f2 ascoltare anche attraverso il cellulare, dovete cercare e vedrete che troverete tutto. Sapendolo, oggi potreste chiedere a vostro figlio, a un amico, al marito. L\u2019emittente si chiama Radio Mater cos\u00ec domani sera ci incontreremo per la &#8220;prima&#8221; sui Dieci Comandamenti del Decalogo.<span class=\"Apple-converted-space\">\u00a0<\/span><\/p>\n<p>Vi chiedo una preghiera forte per me, perch\u00e9 inizier\u00f2 questo ciclo e speriamo di arrivare al termine. Sar\u00e0 lungo, per\u00f2 a noi piacciono questi viaggi in montagna<span class=\"Apple-converted-space\">\u00a0<\/span><\/p>\n<p>Inizio sempre tutte le mie predicazioni pensando alla scalata di una montagna e chiss\u00e0, forse, un giorno\u2026 ogni tanto mi chiedo: \u201cQuando morir\u00f2, chiss\u00e0 su quale montagna sar\u00f2?\u201d. Non si pu\u00f2 sapere su quale montagna sar\u00f2: probabilmente sar\u00f2 a met\u00e0, all&#8217;inizio, a tre quarti di un ciclo di meditazioni e sorella morte arriver\u00e0 dicendomi: \u201cBene, Padre Giorgio, adesso basta! Adesso hai finito il tuo percorso e le tue meditazioni le finir\u00e0 qualcun altro. Tu puoi lasciare qui il tuo zaino e adesso andiamo altrove!\u201d. Per\u00f2 sono contento perch\u00e9 il Signore mi ha fatto la grazia di finire tante meditazioni e questo \u00e8 bello. Ogni tanto le ripenso e mi dico: \u201cChe percorsi belli abbiamo fatto insieme! Quanti percorsi interessanti! Quante cose belle dette, lette, meditate insieme! Quanto siamo tutti cresciuti insieme bella questa cosa!\u201d.<span class=\"Apple-converted-space\">\u00a0<\/span><\/p>\n<p>Poi mi piace che rimangano l\u00ec, non vadano perse e uno, anche dopo anni, pu\u00f2 andare e riprendersele, le pu\u00f2 riascoltare. Insomma, \u00e8 bello, sono dei conforti grandi che si hanno per i quali \u00e8 giusto ringraziare tanto il Signore.<\/p>\n<p>Quindi inizieremo questo percorso e voi pregate perch\u00e9 la Vergine Maria mi conceda i doni della sapienza, dell&#8217;intelletto e della predicazione perch\u00e9 io sappia dire le parole giuste al momento giusto e perch\u00e9 io sappia fare sempre e solo per la gloria di Dio<\/p>\n<p><i>Benedicat vos omnipotens Deus, Pater, et Filius, et Spiritus Sanctus.<br \/>\nAmen<br \/>\nDio ci benedica e la Vergine ci protegga.<br \/>\nSia lodato Ges\u00f9 Cristo sempre sia lodato.<\/i>[\/vc_column_text][\/vc_column][\/vc_row]<\/p>\n<\/div>","protected":false},"excerpt":{"rendered":"<p>[vc_row][vc_column][vc_column_text] Meditazione Pubblichiamo l\u2019audio della meditazione: &#8220;Comunione spirituale e comunione psichica&#8221; tratta dal testo \u201cVita comune\u201d di Dietrich Bonhoeffer. Gioved\u00ec&#8230;<\/p>\n","protected":false},"author":4,"featured_media":27860,"comment_status":"closed","ping_status":"closed","sticky":false,"template":"","format":"standard","meta":{"footnotes":""},"categories":[15],"tags":[8723,1362,8724,8258,17,8726],"class_list":{"0":"post-27868","1":"post","2":"type-post","3":"status-publish","4":"format-standard","5":"has-post-thumbnail","7":"category-omelie","8":"tag-comunione-psichica","9":"tag-comunione-spirituale","10":"tag-dietrich-bonhoeffer","11":"tag-meditazioni","12":"tag-p-giorgio-maria-fare","13":"tag-vita-comune"},"yoast_head":"<!-- This site is optimized with the Yoast SEO plugin v28.2 - https:\/\/yoast.com\/product\/yoast-seo-wordpress\/ -->\n<title>\u201cComunione spirituale e comunione psichica\u201d da \u201cVita comune\u201d di D. Bonhoeffer. Parte 12 - Veritatemincaritate<\/title>\n<meta name=\"description\" content=\"Continua la meditazione del testo di Bonhoeffer. Nella misura in cui siamo veri, noi siamo fratelli. \u00c8 la verit\u00e0 che porta all\u2019unit\u00e0.\" \/>\n<meta name=\"robots\" content=\"index, follow, max-snippet:-1, max-image-preview:large, max-video-preview:-1\" \/>\n<link rel=\"canonical\" href=\"https:\/\/www.veritatemincaritate.com\/wp\/2023\/01\/comunione-spirituale-e-comunione-psichica-da-vita-comune-di-d-bonhoeffer-parte-12\/\" \/>\n<meta property=\"og:locale\" content=\"it_IT\" \/>\n<meta property=\"og:type\" content=\"article\" \/>\n<meta property=\"og:title\" content=\"\u201cComunione spirituale e comunione psichica\u201d da \u201cVita comune\u201d di D. Bonhoeffer. Parte 12 - Veritatemincaritate\" \/>\n<meta property=\"og:description\" content=\"Continua la meditazione del testo di Bonhoeffer. Nella misura in cui siamo veri, noi siamo fratelli. \u00c8 la verit\u00e0 che porta all\u2019unit\u00e0.\" \/>\n<meta property=\"og:url\" content=\"https:\/\/www.veritatemincaritate.com\/wp\/2023\/01\/comunione-spirituale-e-comunione-psichica-da-vita-comune-di-d-bonhoeffer-parte-12\/\" \/>\n<meta property=\"og:site_name\" content=\"Veritatemincaritate\" \/>\n<meta property=\"article:publisher\" content=\"https:\/\/www.facebook.com\/pgiorgiomariafare\" \/>\n<meta property=\"article:published_time\" content=\"2023-01-26T02:15:03+00:00\" \/>\n<meta property=\"article:modified_time\" content=\"2023-01-30T17:12:31+00:00\" \/>\n<meta property=\"og:image\" content=\"https:\/\/www.veritatemincaritate.com\/wp\/wp-content\/uploads\/2023\/01\/230126-Comunione-spirituale-e-psichica-12.jpg\" \/>\n\t<meta property=\"og:image:width\" content=\"600\" \/>\n\t<meta property=\"og:image:height\" content=\"400\" \/>\n\t<meta property=\"og:image:type\" content=\"image\/jpeg\" \/>\n<meta name=\"author\" content=\"Is551011\" \/>\n<meta name=\"twitter:card\" content=\"summary_large_image\" \/>\n<meta name=\"twitter:label1\" content=\"Scritto da\" \/>\n\t<meta name=\"twitter:data1\" content=\"Is551011\" \/>\n\t<meta name=\"twitter:label2\" content=\"Tempo di lettura stimato\" \/>\n\t<meta name=\"twitter:data2\" content=\"18 minuti\" \/>\n<script type=\"application\/ld+json\" class=\"yoast-schema-graph\">{\"@context\":\"https:\\\/\\\/schema.org\",\"@graph\":[{\"@type\":\"Article\",\"@id\":\"https:\\\/\\\/www.veritatemincaritate.com\\\/wp\\\/2023\\\/01\\\/comunione-spirituale-e-comunione-psichica-da-vita-comune-di-d-bonhoeffer-parte-12\\\/#article\",\"isPartOf\":{\"@id\":\"https:\\\/\\\/www.veritatemincaritate.com\\\/wp\\\/2023\\\/01\\\/comunione-spirituale-e-comunione-psichica-da-vita-comune-di-d-bonhoeffer-parte-12\\\/\"},\"author\":{\"name\":\"Is551011\",\"@id\":\"https:\\\/\\\/www.veritatemincaritate.com\\\/wp\\\/#\\\/schema\\\/person\\\/ae324896700d097ddc6db39f45894b80\"},\"headline\":\"\u201cComunione spirituale e comunione psichica\u201d da \u201cVita comune\u201d di D. Bonhoeffer. Parte 12\",\"datePublished\":\"2023-01-26T02:15:03+00:00\",\"dateModified\":\"2023-01-30T17:12:31+00:00\",\"mainEntityOfPage\":{\"@id\":\"https:\\\/\\\/www.veritatemincaritate.com\\\/wp\\\/2023\\\/01\\\/comunione-spirituale-e-comunione-psichica-da-vita-comune-di-d-bonhoeffer-parte-12\\\/\"},\"wordCount\":3352,\"publisher\":{\"@id\":\"https:\\\/\\\/www.veritatemincaritate.com\\\/wp\\\/#organization\"},\"image\":{\"@id\":\"https:\\\/\\\/www.veritatemincaritate.com\\\/wp\\\/2023\\\/01\\\/comunione-spirituale-e-comunione-psichica-da-vita-comune-di-d-bonhoeffer-parte-12\\\/#primaryimage\"},\"thumbnailUrl\":\"https:\\\/\\\/www.veritatemincaritate.com\\\/wp\\\/wp-content\\\/uploads\\\/2023\\\/01\\\/230126-Comunione-spirituale-e-psichica-12.jpg\",\"keywords\":[\"comunione psichica\",\"comunione spirituale\",\"Dietrich Bonhoeffer\",\"meditazioni\",\"p. Giorgio Maria Far\u00e9\",\"Vita comune\"],\"articleSection\":[\"Omelie\"],\"inLanguage\":\"it-IT\"},{\"@type\":\"WebPage\",\"@id\":\"https:\\\/\\\/www.veritatemincaritate.com\\\/wp\\\/2023\\\/01\\\/comunione-spirituale-e-comunione-psichica-da-vita-comune-di-d-bonhoeffer-parte-12\\\/\",\"url\":\"https:\\\/\\\/www.veritatemincaritate.com\\\/wp\\\/2023\\\/01\\\/comunione-spirituale-e-comunione-psichica-da-vita-comune-di-d-bonhoeffer-parte-12\\\/\",\"name\":\"\u201cComunione spirituale e comunione psichica\u201d da \u201cVita comune\u201d di D. Bonhoeffer. Parte 12 - Veritatemincaritate\",\"isPartOf\":{\"@id\":\"https:\\\/\\\/www.veritatemincaritate.com\\\/wp\\\/#website\"},\"primaryImageOfPage\":{\"@id\":\"https:\\\/\\\/www.veritatemincaritate.com\\\/wp\\\/2023\\\/01\\\/comunione-spirituale-e-comunione-psichica-da-vita-comune-di-d-bonhoeffer-parte-12\\\/#primaryimage\"},\"image\":{\"@id\":\"https:\\\/\\\/www.veritatemincaritate.com\\\/wp\\\/2023\\\/01\\\/comunione-spirituale-e-comunione-psichica-da-vita-comune-di-d-bonhoeffer-parte-12\\\/#primaryimage\"},\"thumbnailUrl\":\"https:\\\/\\\/www.veritatemincaritate.com\\\/wp\\\/wp-content\\\/uploads\\\/2023\\\/01\\\/230126-Comunione-spirituale-e-psichica-12.jpg\",\"datePublished\":\"2023-01-26T02:15:03+00:00\",\"dateModified\":\"2023-01-30T17:12:31+00:00\",\"description\":\"Continua la meditazione del testo di Bonhoeffer. Nella misura in cui siamo veri, noi siamo fratelli. \u00c8 la verit\u00e0 che porta all\u2019unit\u00e0.\",\"breadcrumb\":{\"@id\":\"https:\\\/\\\/www.veritatemincaritate.com\\\/wp\\\/2023\\\/01\\\/comunione-spirituale-e-comunione-psichica-da-vita-comune-di-d-bonhoeffer-parte-12\\\/#breadcrumb\"},\"inLanguage\":\"it-IT\",\"potentialAction\":[{\"@type\":\"ReadAction\",\"target\":[\"https:\\\/\\\/www.veritatemincaritate.com\\\/wp\\\/2023\\\/01\\\/comunione-spirituale-e-comunione-psichica-da-vita-comune-di-d-bonhoeffer-parte-12\\\/\"]}]},{\"@type\":\"ImageObject\",\"inLanguage\":\"it-IT\",\"@id\":\"https:\\\/\\\/www.veritatemincaritate.com\\\/wp\\\/2023\\\/01\\\/comunione-spirituale-e-comunione-psichica-da-vita-comune-di-d-bonhoeffer-parte-12\\\/#primaryimage\",\"url\":\"https:\\\/\\\/www.veritatemincaritate.com\\\/wp\\\/wp-content\\\/uploads\\\/2023\\\/01\\\/230126-Comunione-spirituale-e-psichica-12.jpg\",\"contentUrl\":\"https:\\\/\\\/www.veritatemincaritate.com\\\/wp\\\/wp-content\\\/uploads\\\/2023\\\/01\\\/230126-Comunione-spirituale-e-psichica-12.jpg\",\"width\":600,\"height\":400,\"caption\":\"Comunione spirituale e comunione psichica\"},{\"@type\":\"BreadcrumbList\",\"@id\":\"https:\\\/\\\/www.veritatemincaritate.com\\\/wp\\\/2023\\\/01\\\/comunione-spirituale-e-comunione-psichica-da-vita-comune-di-d-bonhoeffer-parte-12\\\/#breadcrumb\",\"itemListElement\":[{\"@type\":\"ListItem\",\"position\":1,\"name\":\"Home\",\"item\":\"https:\\\/\\\/www.veritatemincaritate.com\\\/wp\\\/\"},{\"@type\":\"ListItem\",\"position\":2,\"name\":\"\u201cComunione spirituale e comunione psichica\u201d da \u201cVita comune\u201d di D. Bonhoeffer. Parte 12\"}]},{\"@type\":\"WebSite\",\"@id\":\"https:\\\/\\\/www.veritatemincaritate.com\\\/wp\\\/#website\",\"url\":\"https:\\\/\\\/www.veritatemincaritate.com\\\/wp\\\/\",\"name\":\"Veritatemincaritate\",\"description\":\"Agendo secondo verit\u00e0 nella carit\u00e0, cerchiamo di crescere in ogni cosa tendendo a lui, che \u00e8 il capo, Cristo\",\"publisher\":{\"@id\":\"https:\\\/\\\/www.veritatemincaritate.com\\\/wp\\\/#organization\"},\"potentialAction\":[{\"@type\":\"SearchAction\",\"target\":{\"@type\":\"EntryPoint\",\"urlTemplate\":\"https:\\\/\\\/www.veritatemincaritate.com\\\/wp\\\/?s={search_term_string}\"},\"query-input\":{\"@type\":\"PropertyValueSpecification\",\"valueRequired\":true,\"valueName\":\"search_term_string\"}}],\"inLanguage\":\"it-IT\"},{\"@type\":\"Organization\",\"@id\":\"https:\\\/\\\/www.veritatemincaritate.com\\\/wp\\\/#organization\",\"name\":\"Veritatem facientes in Caritate\",\"url\":\"https:\\\/\\\/www.veritatemincaritate.com\\\/wp\\\/\",\"logo\":{\"@type\":\"ImageObject\",\"inLanguage\":\"it-IT\",\"@id\":\"https:\\\/\\\/www.veritatemincaritate.com\\\/wp\\\/#\\\/schema\\\/logo\\\/image\\\/\",\"url\":\"https:\\\/\\\/www.veritatemincaritate.com\\\/wp\\\/wp-content\\\/uploads\\\/2020\\\/07\\\/Logo-VIC-per-canale-Youtube.jpg\",\"contentUrl\":\"https:\\\/\\\/www.veritatemincaritate.com\\\/wp\\\/wp-content\\\/uploads\\\/2020\\\/07\\\/Logo-VIC-per-canale-Youtube.jpg\",\"width\":720,\"height\":720,\"caption\":\"Veritatem facientes in Caritate\"},\"image\":{\"@id\":\"https:\\\/\\\/www.veritatemincaritate.com\\\/wp\\\/#\\\/schema\\\/logo\\\/image\\\/\"},\"sameAs\":[\"https:\\\/\\\/www.facebook.com\\\/pgiorgiomariafare\",\"https:\\\/\\\/instagram.com\\\/padre_giorgio_maria_fare?igshid=1p8wsw6b3edkc\",\"https:\\\/\\\/www.youtube.com\\\/channel\\\/UCFqjpT1nX60rx3m_SELg3lA\"]},{\"@type\":\"Person\",\"@id\":\"https:\\\/\\\/www.veritatemincaritate.com\\\/wp\\\/#\\\/schema\\\/person\\\/ae324896700d097ddc6db39f45894b80\",\"name\":\"Is551011\",\"image\":{\"@type\":\"ImageObject\",\"inLanguage\":\"it-IT\",\"@id\":\"https:\\\/\\\/secure.gravatar.com\\\/avatar\\\/c031fff76d6f121d3530ae43ac8407bd6ac4d5c3c8a89c237d6990047f9a6307?s=96&d=mm&r=g\",\"url\":\"https:\\\/\\\/secure.gravatar.com\\\/avatar\\\/c031fff76d6f121d3530ae43ac8407bd6ac4d5c3c8a89c237d6990047f9a6307?s=96&d=mm&r=g\",\"contentUrl\":\"https:\\\/\\\/secure.gravatar.com\\\/avatar\\\/c031fff76d6f121d3530ae43ac8407bd6ac4d5c3c8a89c237d6990047f9a6307?s=96&d=mm&r=g\",\"caption\":\"Is551011\"}}]}<\/script>\n<!-- \/ Yoast SEO plugin. -->","yoast_head_json":{"title":"\u201cComunione spirituale e comunione psichica\u201d da \u201cVita comune\u201d di D. Bonhoeffer. Parte 12 - Veritatemincaritate","description":"Continua la meditazione del testo di Bonhoeffer. Nella misura in cui siamo veri, noi siamo fratelli. \u00c8 la verit\u00e0 che porta all\u2019unit\u00e0.","robots":{"index":"index","follow":"follow","max-snippet":"max-snippet:-1","max-image-preview":"max-image-preview:large","max-video-preview":"max-video-preview:-1"},"canonical":"https:\/\/www.veritatemincaritate.com\/wp\/2023\/01\/comunione-spirituale-e-comunione-psichica-da-vita-comune-di-d-bonhoeffer-parte-12\/","og_locale":"it_IT","og_type":"article","og_title":"\u201cComunione spirituale e comunione psichica\u201d da \u201cVita comune\u201d di D. Bonhoeffer. Parte 12 - Veritatemincaritate","og_description":"Continua la meditazione del testo di Bonhoeffer. Nella misura in cui siamo veri, noi siamo fratelli. \u00c8 la verit\u00e0 che porta all\u2019unit\u00e0.","og_url":"https:\/\/www.veritatemincaritate.com\/wp\/2023\/01\/comunione-spirituale-e-comunione-psichica-da-vita-comune-di-d-bonhoeffer-parte-12\/","og_site_name":"Veritatemincaritate","article_publisher":"https:\/\/www.facebook.com\/pgiorgiomariafare","article_published_time":"2023-01-26T02:15:03+00:00","article_modified_time":"2023-01-30T17:12:31+00:00","og_image":[{"width":600,"height":400,"url":"https:\/\/www.veritatemincaritate.com\/wp\/wp-content\/uploads\/2023\/01\/230126-Comunione-spirituale-e-psichica-12.jpg","type":"image\/jpeg"}],"author":"Is551011","twitter_card":"summary_large_image","twitter_misc":{"Scritto da":"Is551011","Tempo di lettura stimato":"18 minuti"},"schema":{"@context":"https:\/\/schema.org","@graph":[{"@type":"Article","@id":"https:\/\/www.veritatemincaritate.com\/wp\/2023\/01\/comunione-spirituale-e-comunione-psichica-da-vita-comune-di-d-bonhoeffer-parte-12\/#article","isPartOf":{"@id":"https:\/\/www.veritatemincaritate.com\/wp\/2023\/01\/comunione-spirituale-e-comunione-psichica-da-vita-comune-di-d-bonhoeffer-parte-12\/"},"author":{"name":"Is551011","@id":"https:\/\/www.veritatemincaritate.com\/wp\/#\/schema\/person\/ae324896700d097ddc6db39f45894b80"},"headline":"\u201cComunione spirituale e comunione psichica\u201d da \u201cVita comune\u201d di D. Bonhoeffer. Parte 12","datePublished":"2023-01-26T02:15:03+00:00","dateModified":"2023-01-30T17:12:31+00:00","mainEntityOfPage":{"@id":"https:\/\/www.veritatemincaritate.com\/wp\/2023\/01\/comunione-spirituale-e-comunione-psichica-da-vita-comune-di-d-bonhoeffer-parte-12\/"},"wordCount":3352,"publisher":{"@id":"https:\/\/www.veritatemincaritate.com\/wp\/#organization"},"image":{"@id":"https:\/\/www.veritatemincaritate.com\/wp\/2023\/01\/comunione-spirituale-e-comunione-psichica-da-vita-comune-di-d-bonhoeffer-parte-12\/#primaryimage"},"thumbnailUrl":"https:\/\/www.veritatemincaritate.com\/wp\/wp-content\/uploads\/2023\/01\/230126-Comunione-spirituale-e-psichica-12.jpg","keywords":["comunione psichica","comunione spirituale","Dietrich Bonhoeffer","meditazioni","p. Giorgio Maria Far\u00e9","Vita comune"],"articleSection":["Omelie"],"inLanguage":"it-IT"},{"@type":"WebPage","@id":"https:\/\/www.veritatemincaritate.com\/wp\/2023\/01\/comunione-spirituale-e-comunione-psichica-da-vita-comune-di-d-bonhoeffer-parte-12\/","url":"https:\/\/www.veritatemincaritate.com\/wp\/2023\/01\/comunione-spirituale-e-comunione-psichica-da-vita-comune-di-d-bonhoeffer-parte-12\/","name":"\u201cComunione spirituale e comunione psichica\u201d da \u201cVita comune\u201d di D. Bonhoeffer. Parte 12 - Veritatemincaritate","isPartOf":{"@id":"https:\/\/www.veritatemincaritate.com\/wp\/#website"},"primaryImageOfPage":{"@id":"https:\/\/www.veritatemincaritate.com\/wp\/2023\/01\/comunione-spirituale-e-comunione-psichica-da-vita-comune-di-d-bonhoeffer-parte-12\/#primaryimage"},"image":{"@id":"https:\/\/www.veritatemincaritate.com\/wp\/2023\/01\/comunione-spirituale-e-comunione-psichica-da-vita-comune-di-d-bonhoeffer-parte-12\/#primaryimage"},"thumbnailUrl":"https:\/\/www.veritatemincaritate.com\/wp\/wp-content\/uploads\/2023\/01\/230126-Comunione-spirituale-e-psichica-12.jpg","datePublished":"2023-01-26T02:15:03+00:00","dateModified":"2023-01-30T17:12:31+00:00","description":"Continua la meditazione del testo di Bonhoeffer. Nella misura in cui siamo veri, noi siamo fratelli. \u00c8 la verit\u00e0 che porta all\u2019unit\u00e0.","breadcrumb":{"@id":"https:\/\/www.veritatemincaritate.com\/wp\/2023\/01\/comunione-spirituale-e-comunione-psichica-da-vita-comune-di-d-bonhoeffer-parte-12\/#breadcrumb"},"inLanguage":"it-IT","potentialAction":[{"@type":"ReadAction","target":["https:\/\/www.veritatemincaritate.com\/wp\/2023\/01\/comunione-spirituale-e-comunione-psichica-da-vita-comune-di-d-bonhoeffer-parte-12\/"]}]},{"@type":"ImageObject","inLanguage":"it-IT","@id":"https:\/\/www.veritatemincaritate.com\/wp\/2023\/01\/comunione-spirituale-e-comunione-psichica-da-vita-comune-di-d-bonhoeffer-parte-12\/#primaryimage","url":"https:\/\/www.veritatemincaritate.com\/wp\/wp-content\/uploads\/2023\/01\/230126-Comunione-spirituale-e-psichica-12.jpg","contentUrl":"https:\/\/www.veritatemincaritate.com\/wp\/wp-content\/uploads\/2023\/01\/230126-Comunione-spirituale-e-psichica-12.jpg","width":600,"height":400,"caption":"Comunione spirituale e comunione psichica"},{"@type":"BreadcrumbList","@id":"https:\/\/www.veritatemincaritate.com\/wp\/2023\/01\/comunione-spirituale-e-comunione-psichica-da-vita-comune-di-d-bonhoeffer-parte-12\/#breadcrumb","itemListElement":[{"@type":"ListItem","position":1,"name":"Home","item":"https:\/\/www.veritatemincaritate.com\/wp\/"},{"@type":"ListItem","position":2,"name":"\u201cComunione spirituale e comunione psichica\u201d da \u201cVita comune\u201d di D. Bonhoeffer. Parte 12"}]},{"@type":"WebSite","@id":"https:\/\/www.veritatemincaritate.com\/wp\/#website","url":"https:\/\/www.veritatemincaritate.com\/wp\/","name":"Veritatemincaritate","description":"Agendo secondo verit\u00e0 nella carit\u00e0, cerchiamo di crescere in ogni cosa tendendo a lui, che \u00e8 il capo, Cristo","publisher":{"@id":"https:\/\/www.veritatemincaritate.com\/wp\/#organization"},"potentialAction":[{"@type":"SearchAction","target":{"@type":"EntryPoint","urlTemplate":"https:\/\/www.veritatemincaritate.com\/wp\/?s={search_term_string}"},"query-input":{"@type":"PropertyValueSpecification","valueRequired":true,"valueName":"search_term_string"}}],"inLanguage":"it-IT"},{"@type":"Organization","@id":"https:\/\/www.veritatemincaritate.com\/wp\/#organization","name":"Veritatem facientes in Caritate","url":"https:\/\/www.veritatemincaritate.com\/wp\/","logo":{"@type":"ImageObject","inLanguage":"it-IT","@id":"https:\/\/www.veritatemincaritate.com\/wp\/#\/schema\/logo\/image\/","url":"https:\/\/www.veritatemincaritate.com\/wp\/wp-content\/uploads\/2020\/07\/Logo-VIC-per-canale-Youtube.jpg","contentUrl":"https:\/\/www.veritatemincaritate.com\/wp\/wp-content\/uploads\/2020\/07\/Logo-VIC-per-canale-Youtube.jpg","width":720,"height":720,"caption":"Veritatem facientes in Caritate"},"image":{"@id":"https:\/\/www.veritatemincaritate.com\/wp\/#\/schema\/logo\/image\/"},"sameAs":["https:\/\/www.facebook.com\/pgiorgiomariafare","https:\/\/instagram.com\/padre_giorgio_maria_fare?igshid=1p8wsw6b3edkc","https:\/\/www.youtube.com\/channel\/UCFqjpT1nX60rx3m_SELg3lA"]},{"@type":"Person","@id":"https:\/\/www.veritatemincaritate.com\/wp\/#\/schema\/person\/ae324896700d097ddc6db39f45894b80","name":"Is551011","image":{"@type":"ImageObject","inLanguage":"it-IT","@id":"https:\/\/secure.gravatar.com\/avatar\/c031fff76d6f121d3530ae43ac8407bd6ac4d5c3c8a89c237d6990047f9a6307?s=96&d=mm&r=g","url":"https:\/\/secure.gravatar.com\/avatar\/c031fff76d6f121d3530ae43ac8407bd6ac4d5c3c8a89c237d6990047f9a6307?s=96&d=mm&r=g","contentUrl":"https:\/\/secure.gravatar.com\/avatar\/c031fff76d6f121d3530ae43ac8407bd6ac4d5c3c8a89c237d6990047f9a6307?s=96&d=mm&r=g","caption":"Is551011"}}]}},"menu_order":0,"_links":{"self":[{"href":"https:\/\/www.veritatemincaritate.com\/wp\/wp-json\/wp\/v2\/posts\/27868","targetHints":{"allow":["GET"]}}],"collection":[{"href":"https:\/\/www.veritatemincaritate.com\/wp\/wp-json\/wp\/v2\/posts"}],"about":[{"href":"https:\/\/www.veritatemincaritate.com\/wp\/wp-json\/wp\/v2\/types\/post"}],"author":[{"embeddable":true,"href":"https:\/\/www.veritatemincaritate.com\/wp\/wp-json\/wp\/v2\/users\/4"}],"replies":[{"embeddable":true,"href":"https:\/\/www.veritatemincaritate.com\/wp\/wp-json\/wp\/v2\/comments?post=27868"}],"version-history":[{"count":0,"href":"https:\/\/www.veritatemincaritate.com\/wp\/wp-json\/wp\/v2\/posts\/27868\/revisions"}],"wp:featuredmedia":[{"embeddable":true,"href":"https:\/\/www.veritatemincaritate.com\/wp\/wp-json\/wp\/v2\/media\/27860"}],"wp:attachment":[{"href":"https:\/\/www.veritatemincaritate.com\/wp\/wp-json\/wp\/v2\/media?parent=27868"}],"wp:term":[{"taxonomy":"category","embeddable":true,"href":"https:\/\/www.veritatemincaritate.com\/wp\/wp-json\/wp\/v2\/categories?post=27868"},{"taxonomy":"post_tag","embeddable":true,"href":"https:\/\/www.veritatemincaritate.com\/wp\/wp-json\/wp\/v2\/tags?post=27868"}],"curies":[{"name":"wp","href":"https:\/\/api.w.org\/{rel}","templated":true}]}}