{"id":27946,"date":"2023-02-05T03:15:16","date_gmt":"2023-02-05T02:15:16","guid":{"rendered":"https:\/\/www.veritatemincaritate.com\/wp\/?p=27946"},"modified":"2023-02-06T11:34:36","modified_gmt":"2023-02-06T10:34:36","slug":"comunione-spirituale-e-comunione-psichica-da-vita-comune-di-d-bonhoeffer-parte-22","status":"publish","type":"post","link":"https:\/\/www.veritatemincaritate.com\/wp\/2023\/02\/comunione-spirituale-e-comunione-psichica-da-vita-comune-di-d-bonhoeffer-parte-22\/","title":{"rendered":"\u201cComunione spirituale e comunione psichica\u201d da \u201cVita comune\u201d di D. Bonhoeffer. Parte 22"},"content":{"rendered":"<div class=\"wpb-content-wrapper\" id=\"wpb-content-root\"><p>[vc_row][vc_column][vc_column_text]<\/p>\n<h3>Meditazione<\/h3>\n<div class=\"vc_row wpb_row vc_row-fluid\">\n<div class=\"wpb_column vc_column_container vc_col-sm-12\">\n<div class=\"vc_column-inner \">\n<div class=\"wpb_wrapper\">\n<div class=\"wpb_text_column wpb_content_element \">\n<div class=\"wpb_wrapper\">\n<p>Pubblichiamo l\u2019audio della meditazione: &#8220;Comunione spirituale e comunione psichica&#8221; tratta dal testo \u201cVita comune\u201d di Dietrich Bonhoeffer.<br \/>\nDomenica 5 febbraio 2023<\/p>\n<p>Predicatore: p. Giorgio Maria Far\u00e9, OCD<\/p>\n<\/div>\n<\/div>\n<\/div>\n<\/div>\n<\/div>\n<\/div>\n<p>[\/vc_column_text][vc_column_text]<\/p>\n<h4>Ascolta la registrazione:<\/h4>\n<p>Per motivi di intenso traffico non ci \u00e8 possibile rendere disponibile l&#8217;ascolto dei file audio direttamente dal nostro sito. Se hai dubbi su come fare, vai alle <a href=\"http:\/\/www.veritatemincaritate.com\/chi-siamo\/istruzioni-per-lascolto-delle-registrazioni\/\" target=\"_blank\" rel=\"noopener noreferrer\">istruzioni per l&#8217;ascolto delle registrazioni<\/a>.[\/vc_column_text][\/vc_column][\/vc_row][vc_row][vc_column][vc_row_inner][vc_column_inner width=&#8221;1\/2&#8243;][vc_btn title=&#8221;Scarica la meditazione&#8221; color=&#8221;orange&#8221; link=&#8221;url:https%3A%2F%2Fwww.dropbox.com%2Fs%2Fpos1lbhx98jvbc5%2F230205-Omelie-Comunione-spirituale-e-psichica-22_01.m4a%3Fdl%3D1|target:_blank&#8221;][\/vc_column_inner][vc_column_inner width=&#8221;1\/2&#8243;][vc_btn title=&#8221;Ascolta la meditazione&#8221; color=&#8221;orange&#8221; align=&#8221;right&#8221; link=&#8221;url:https%3A%2F%2Fwww.dropbox.com%2Fs%2Fpos1lbhx98jvbc5%2F230205-Omelie-Comunione-spirituale-e-psichica-22_01.m4a%3Fdl%3D0|target:_blank&#8221;][\/vc_column_inner][\/vc_row_inner][vc_empty_space][vc_separator color=&#8221;orange&#8221;][\/vc_column][\/vc_row][vc_row][vc_column][vc_column_text]<strong>VANGELO<\/strong><em> (Mt 5, 13-16)<\/em><\/p>\n<p>In quel tempo, Ges\u00f9 disse ai suoi discepoli: &#8220;Voi siete il sale della terra; ma se il sale perdesse il sapore, con che cosa lo si potr\u00e0 render salato? A null&#8217;altro serve che ad essere gettato via e calpestato dagli uomini.<br \/>\nVoi siete la luce del mondo; non pu\u00f2 restare nascosta una citt\u00e0 collocata sopra un monte, n\u00e9 si accende una lucerna per metterla sotto il moggio, ma sopra il lucerniere perch\u00e9 faccia luce a tutti quelli che sono nella casa.<br \/>\nCos\u00ec risplenda la vostra luce davanti agli uomini, perch\u00e9 vedano le vostre opere buone e rendano gloria al vostro Padre che \u00e8 nei cieli&#8221;.[\/vc_column_text][\/vc_column][\/vc_row][vc_row][vc_column][vc_column_text]<\/p>\n<h4>Testo della meditazione<\/h4>\n<p><a href=\"https:\/\/www.veritatemincaritate.com\/wp\/wp-content\/uploads\/2023\/02\/230205-Comunione-spirituale-e-comunione-psichica-22.pdf\" target=\"_blank\" rel=\"noopener\">Scarica il testo della meditazione in formato PDF<\/a><\/p>\n<p><i>Sia lodato Ges\u00f9 Cristo! Sempre sia lodato!<\/i><\/p>\n<p>Eccoci giunti a domenica 5 febbraio 2023. Ricordiamo e festeggiamo coloro che si chiamano Agata e facciamo gli auguri, perch\u00e9 oggi ricorre la memoria di Sant\u2019Agata, vergine e martire.<\/p>\n<p>Abbiamo ascoltato il Vangelo della Santa Messa di oggi, tratto dal quinto capitolo del Vangelo di San Matteo, versetti 13-16.<\/p>\n<p>Continuiamo la nostra lettura, meditazione e il nostro commento del libro di Bonhoeffer, <i>Vita Comune<\/i>.<\/p>\n<p>Ricordate che a ottobre abbiamo fatto un mese intero sul Salterio di Ges\u00f9 e di Maria, cio\u00e8 sul Santo Rosario, e ricordate che vi ho spiegato perch\u00e9 il Santo Rosario sia chiamato Salterio di Ges\u00f9 e di Maria: perch\u00e9 fa riferimento al Salterio dei Salmi, ai centocinquanta salmi e, infatti, si tratta di centocinquanta Ave Maria.<span class=\"Apple-converted-space\">\u00a0<\/span><\/p>\n<p>Tuttavia, in quella occasione, non ho potuto spiegarvi approfonditamente che cosa sia il Salterio, la preghiera dei salmi, perch\u00e9 il tema era il Rosario con tutto il discorso sul Beato Alano, san Domenico, le apparizioni della Vergine, di Ges\u00f9, dell&#8217;Angelo: un mese intero dedicato a questo.<\/p>\n<p>Adesso completiamo il discorso: attraverso questo teologo vediamo di capire che cosa sia il Salterio, cos\u00ec, quando diremo &#8220;il Salterio di Ges\u00f9 e di Maria&#8221;, sapremo che cosa intendiamo in riferimento al Rosario e tra poco sapremo che cosa intendiamo in riferimento ai salmi e avremo la &#8220;chiusura del cerchio&#8221;.<\/p>\n<p>Da adesso, quando io vi parler\u00f2 di &#8220;Salterio&#8221;, far\u00f2 in riferimento ai salmi, alla recita dei salmi, ai centocinquanta salmi, non al Salterio di Ges\u00f9 e di Maria, perch\u00e9 stiamo seguendo Bonhoeffer.<span class=\"Apple-converted-space\">\u00a0<\/span><\/p>\n<p><b>Il salterio \u00e8 la preghiera vicaria di Cristo per la sua comunit\u00e0. Ora che Cristo \u00e8 presso il Padre, \u00e8 la nuova umanit\u00e0 di Cristo, il corpo di Cristo in terra, a perpetuare la sua preghiera fino alla fine dei tempi. Questa preghiera non spetta al singolo membro, ma all&#8217;intero corpo di Cristo. Solo in esso, nella sua interezza, vive tutto ci\u00f2 che il salterio dice, che il singolo non potr\u00e0 mai comprendere e far proprio. Questo \u00e8 il motivo per cui la preghiera dei salmi \u00e8 particolarmente adatta alla comunit\u00e0.<span class=\"Apple-converted-space\">\u00a0<\/span><\/b><\/p>\n<p>Infatti in tante parrocchie, voi lo sapete, al mattino, prima della Messa, si recitano insieme le Lodi, per esempio.<\/p>\n<p><b>Anche se un verso o un salmo non \u00e8 mia preghiera personale, esso per\u00f2 \u00e8 preghiera di altri nella comunit\u00e0, e in questo modo \u00e8 senz&#8217;altro la preghiera del vero uomo Ges\u00f9 Cristo e del suo corpo in terra. <\/b>(Che \u00e8 la Chiesa)<\/p>\n<p>Come abbiamo gi\u00e0 detto nei giorni scorsi, ha senso recitare i salmi di speranza, anche se oggi sono nella disperazione o nella sofferenza pi\u00f9 grande perch\u00e9 qualcun altro, invece, vive nella speranza; ha senso recitare i salmi della sofferenza e dello smarrimento interiore, anche se oggi sono nella gioia pi\u00f9 grande, perch\u00e9 qualcun altro ci facciamo &#8220;voce uno dell&#8217;altro&#8221;.<\/p>\n<p><b>Nel salterio impariamo a pregare sulla base della preghiera di Cristo. Il salterio \u00e8 la grande scuola di preghiera per eccellenza.<span class=\"Apple-converted-space\">\u00a0<\/span><\/b><\/p>\n<p>Vedete che \u00e8 importante; capite quanto sia importante imparare a recitare tutti i giorni il Salterio, cio\u00e8 l&#8217;Ufficio Divino, quello che recitano i sacerdoti? Imparare a dire ogni giorno le Lodi, Ora Terza o Ora Sesta o Ora Nona (l\u2019Ora Media) che vuol dire o alle nove, o alle dodici o alle quindici; imparare a dire il Vespro, Compieta e, lungo la giornata, l&#8217;Ufficio delle Letture. Questo \u00e8 tutto l&#8217;Ufficio Divino che il sacerdote dice durante la giornata. \u00c8 importante perch\u00e9 questa \u00e8 veramente la preghiera di Cristo: li ha pregati Ges\u00f9 i salmi questa \u00e8 veramente &#8220;<i>la grande scuola di preghiera per eccellenza<\/i>&#8220;.<\/p>\n<p>Adesso Bonhoeffer ci dice perch\u00e9.<\/p>\n<p><b>In primo luogo vi impariamo che cosa significhi pregare: pregare in base alla Parola di Dio, in base alle sue promesse. La preghiera cristiana ha il suo saldo fondamento nella Parola rivelata, mentre non ha niente a che fare con vaghi ed egoistici desideri. Nel pregare, ci fondiamo sulla preghiera del vero uomo Ges\u00f9 Cristo. \u00c8 questo che intende la Scrittura nel dire che lo Spirito santo prega in noi e per noi, che Cristo prega per noi, che possiamo pregare Dio in modo corretto solo in nome di Ges\u00f9 Cristo.<\/b><\/p>\n<p>\u00c8 importantissimo imparare a recuperare l&#8217;Ufficio Divino e, forse, \u00e8 arrivato il momento di fare questa svolta nella nostra vita. Nel mese di ottobre, dedicato alla Vergine Maria, abbiamo messo nella nostra vita il Salterio di Ges\u00f9 e Maria; in questo mese di febbraio, dedicato allo Spirito Santo, sarebbe bello che introducessimo la preghiera dell&#8217;Ufficio Divino. Su Internet trovate applicazioni bellissime con cui potete avere i Salmi gi\u00e0 suddivisi senza avere bisogno di comprare il Breviario cartaceo, cos\u00ec tutti i giorni potete aprire e recitarli nei vari momenti.<\/p>\n<p>Voi capite che, se noi preghiamo in base alla Parola di Dio, in base alle sue promesse &#8211; \u00e8 questo il compito della preghiera &#8211; noi capiamo che la nostra preghiera cristiana ha il fondamento sulla Parola di Dio, mentre non ha niente a che vedere con &#8220;<i>vaghi ed egoistici desideri<\/i>&#8220;. Bonhoeffer ha assolutamente ragione! Quindi, se io devo scegliere tra dire le Lodi e star l\u00ec a dire delle preghiere mie, assolutamente dir\u00f2 le Lodi, perch\u00e9 l\u00ec ci stanno dentro anche le mie preghiere. Pregando con i Salmi, io prego con il respiro della Chiesa, con la Chiesa, nella Chiesa. E poi prego nello stesso modo in cui pregano tutti: quelli che sono in Cina, quelli che sono a Roma, a Milano, a Napoli, a Parigi, tutti, con lingue diverse, recitano lo stesso Ufficio Divino, bellissima questa cosa! E ci fondiamo sulla preghiera di Ges\u00f9!<\/p>\n<p><b>In secondo luogo, dalla preghiera dei salmi impariamo che cosa dobbiamo chiedere nella preghiera.<span class=\"Apple-converted-space\">\u00a0<\/span><\/b><\/p>\n<p>Nella preghiera io che cosa devo chiedere? Che cosa \u00e8 corretto chiedere nella preghiera? Ecco, nei Salmi tu lo impari!<span class=\"Apple-converted-space\">\u00a0<\/span><\/p>\n<p><b>\u00c8 certo che la preghiera dei salmi va molto al di l\u00e0 dell&#8217;esperienza del singolo, e tuttavia questi nella fede prega includendo nella sua preghiera l&#8217;intera preghiera di Cristo, di colui che \u00e8 stato vero uomo e che solo possiede la piena misura delle esperienze espresse in queste preghiere. Dunque <\/b>(questo \u00e8 importante!)<b> ci \u00e8 consentito anche di pregare i salmi di vendetta? Certo non ci \u00e8 consentito dal nostro essere peccatori, predisposti ad associare pensieri malvagi alle preghiere di vendetta, ma ci \u00e8 consentito in quanto in noi \u00e8 Cristo a prender su di s\u00e9 ogni vendetta di Dio, ad esserne colpito in nostra vece, a poter in questo modo &#8211; essendo cio\u00e8 colpito dalla vendetta di Dio &#8211; e non altrimenti, perdonare ai nemici, ad aver provato su di s\u00e9 la vendetta, per liberare da essa i suoi nemici; ci \u00e8 consentito dunque di pregare anche questi salmi, in quanto siamo membra di questo Ges\u00f9 Cristo, per suo mezzo e secondo il suo cuore.<span class=\"Apple-converted-space\">\u00a0<\/span><\/b><\/p>\n<p>A me sembra molto chiaro, no?<span class=\"Apple-converted-space\">\u00a0<\/span><\/p>\n<p><b>Ma ci \u00e8 consentito dichiararci incolpevoli, pii e giusti come l&#8217;orante dei salmi?<span class=\"Apple-converted-space\">\u00a0<\/span><\/b><\/p>\n<p>Sono domande che Bonhoeffer pone perch\u00e9, magari, a noi vengono queste domande.<\/p>\n<p><b>Noi, quali siamo in noi stessi, non possiamo farlo; non possiamo farlo se la preghiera esce dal nostro cuore corrotto, ma possiamo e dobbiamo farlo se essa esce dal cuore di Ges\u00f9 Cristo, senza peccato e puro, dalla sua innocenza di cui ci ha fatto partecipi nella fede; se \u00e8 vero che \u00abil sangue e la giustizia di Cristo sono diventati nostro ornamento e rivestimento d&#8217;onore\u00bb, possiamo e dobbiamo pregare i salmi in cui si dichiara l&#8217;innocenza, in quanto sono la preghiera di Cristo per noi e il dono che egli ci ha fatto. Anche questi salmi ci appartengono per suo mezzo. Ma come dobbiamo pregare quei salmi di indicibile miseria e sofferenza, senza avere altro che una pallida idea di ci\u00f2 che quei testi intendono? Non si tratta di investirci di una parte che il nostro cuore non conosce per diretta esperienza, n\u00e9 di compiangere noi stessi, ma di una sofferenza che \u00e8 stata vera e reale in Ges\u00f9 Cristo, che ha sofferto malattia, dolore, ignominia e morte nella sua umanit\u00e0, e ha coinvolto ogni carne nella sua sofferenza e morte: per questo motivo possiamo e dobbiamo pregare i salmi di sofferenza.<\/b><\/p>\n<p>Vedete? C&#8217;\u00e8 sempre un riferimento a Ges\u00f9! Qualunque situazione noi preghiamo, \u00e8 sempre riferita a Ges\u00f9 e, io aggiungo: anche a tutti quei fratelli che condividono la nostra fede.<\/p>\n<p><b>Il diritto ci \u00e8 dato da ci\u00f2 che \u00e8 avvenuto per noi sulla croce di Cristo, la morte del nostro vecchio uomo, e da ci\u00f2 che, dal momento del nostro battesimo, accade e deve accadere realmente in noi, l&#8217;estinguersi della nostra carne.<span class=\"Apple-converted-space\">\u00a0<\/span><\/b><\/p>\n<p>Nel senso di tutto quello che ha detto sulla comunione psichica e di quello che san Giovanni Evangelista indica come &#8220;mondo&#8221;.<\/p>\n<p><b>Attraverso la croce di Ges\u00f9, questi salmi sono diventati parte del suo stesso corpo in terra, come preghiera che nasce dal suo cuore. Non \u00e8 possibile esporre qui questi temi in modo pi\u00f9 ampio; si trattava solo di delineare un&#8217;interpretazione di tutto l&#8217;insieme dei salmi come preghiera di Cristo; ma poi si richiede una lenta maturazione interiore.<\/b><\/p>\n<p>Certo, ci vuole tempo; ci vogliono anni per riuscire a gustare, a imparare a pregare i Salmi. Infatti vedrete quanto sia difficile pregare i Salmi insieme: quello va pi\u00f9 lento, quello va pi\u00f9 veloce; quello fa la pausa e l&#8217;altro non la fa; quello grida e quell&#8217;altro non si sente \u00e8 difficile, molto difficile! \u00c8 difficile avere una preghiera in comunione.<\/p>\n<p><b>In terzo luogo la preghiera dei salmi ci insegna a pregare nella comunione. Il corpo di Cristo prega, e come singolo individuo riconosco che la mia preghiera \u00e8 solo una piccolissima parte dell&#8217;intera preghiera della comunit\u00e0. Imparo a partecipare della preghiera del corpo di Cristo. Questo mi porta oltre gli intenti personali e mi permette di pregare disinteressatamente <\/b>(\u00e8 un pregare libero!)<b>. \u00c8 quanto mai probabile che la comunit\u00e0 riunita dell&#8217;Antico Testamento pregasse alternando diverse voci nella recita di molti salmi. Il cosiddetto <i>parallelismus<\/i> <i>membrorum<\/i>, cio\u00e8 quella curiosa ripetizione dello stesso pensiero con parole diverse nella seconda met\u00e0 del versetto, probabilmente non \u00e8 solo una forma letteraria, ma ha anche un senso ecclesiale-teologico.<span class=\"Apple-converted-space\">\u00a0<\/span><\/b><\/p>\n<p>In ogni stico voi vedete che c&#8217;\u00e8 una stellina (una riga di testo, stellina, altra riga di testo fanno uno stico; una sola riga di testo seguita dalla stellina fa un emistico); voi vedrete che il primo emistico \u00e8 ripetuto con parole diverse nel secondo emistico, quindi in uno stico noi troviamo, con molta frequenza, un medesimo concetto ripetuto con parole diverse. E Bonhoeffer dice che questo &#8220;<i>parallelismus<\/i> <i>membrorum<\/i>&#8221; (\u00e8 importante da sapere questa cosa) ha un senso ecclesiologico e teologico.<\/p>\n<p><b>Varrebbe la pena di andare a fondo di questo problema. Si pu\u00f2 leggere come esempio particolarmente chiaro di questo fatto il Salmo. Per tutto il salmo si alternano due voci, che rivolgono a Dio la stessa invocazione con parole diverse. Non sar\u00e0 questo un segno che non si prega mai da soli, ma \u00e8 sempre necessario unirsi nella preghiera ad un altro, una persona diversa, un membro della comunit\u00e0, del corpo di Cristo, anzi Ges\u00f9 Cristo stesso, in modo che la preghiera del singolo individuo sia formulata correttamente?<span class=\"Apple-converted-space\">\u00a0<\/span><\/b><\/p>\n<p>Certo, un bel segno questo! Preghiamo insieme le Lodi! Questa ripetizione, questo <i>parallelismus<\/i> <i>membrorum<\/i> lo vedremo ancora pi\u00f9 forte, avr\u00e0 ancora pi\u00f9 senso: infatti, in Convento, ad esempio, si pregano sempre insieme i Salmi, no? I frati dicono: \u201cAdesso vado in Coro a pregare!\u201d. Perch\u00e9 &#8220;in Coro&#8221;? Perch\u00e9 si \u00e8 insieme e perch\u00e9 si canta: i Salmi si cantano insieme, anche.<\/p>\n<p><b>La ripetizione di un medesimo tema &#8211; \u00e8 il caso del Salmo 119, che sembra non volersi mai concludere, e si innalza a un livello di semplicit\u00e0 quasi inaccessibile e insondabile &#8211; non vorr\u00e0 forse suggerire che ogni parola della preghiera deve penetrare nel profondo del cuore <\/b>(altro motivo)<b>, raggiungibile solo &#8211; ma fino in fondo neppure cos\u00ec &#8211; con una ripetizione incessante?<span class=\"Apple-converted-space\">\u00a0<\/span><\/b><\/p>\n<p>Ecco, c&#8217;\u00e8 anche questo: deve penetrare nel profondo del cuore!<\/p>\n<p><b>Non vorr\u00e0 suggerire che nella preghiera si tratta non di uno sfogo isolato del cuore umano, sopraffatto dalla miseria o dalla gioia, ma di un apprendimento ininterrotto, continuo, per far propria, fino a imprimersela in mente, la volont\u00e0 di Dio in Ges\u00f9 Cristo? Nella sua interpretazione dei salmi, Otinger ha dato rilievo ad una profonda verit\u00e0, riconducendo tutto il salterio alle sette richieste del Padre nostro.<\/b><\/p>\n<p>Pensate che bello: tutti i centocinquanta Salmi che si riconducono alle sette richieste del Padre Nostro.<\/p>\n<p><b><span class=\"Apple-converted-space\">\u00a0<\/span>Ha voluto dire in tal modo che tutto questo vasto e ricco libro dei salmi non ha altro intento che le sintetiche richieste della preghiera del Signore.<span class=\"Apple-converted-space\">\u00a0<\/span><\/b><\/p>\n<p>Ci avevate mai pensato? Sicuramente no!<\/p>\n<p><b>In ognuna delle nostre preghiere ci\u00f2 che conta \u00e8 sempre soltanto la preghiera di Ges\u00f9 Cristo, che \u00e8 carica di promessa e che ci libera da vane chiacchiere pagane.<\/b><\/p>\n<p>Stiamo attenti che la nostra preghiera non diventi una vana chiacchiera pagana perch\u00e9 sarebbe una preghiera inutile!<\/p>\n<p><b><span class=\"Apple-converted-space\">\u00a0<\/span>Via via che maturiamo nella penetrazione dei salmi, e quanto pi\u00f9 spesso li preghiamo come nostra preghiera personale, tanto pi\u00f9 quest&#8217;ultima diverr\u00e0 semplice e ricca.<\/b><\/p>\n<p>Vedete che ci \u00e8 stata fatta una bella lezione sul Salterio e adesso vediamo un altro aspetto altrettanto importante.<\/p>\n<p><b>Dopo la preghiera dei salmi e un canto di tutta la comunit\u00e0, c&#8217;\u00e8 la lettura della Scrittura.<span class=\"Apple-converted-space\">\u00a0<\/span><\/b><\/p>\n<p>E anche questo chiss\u00e0 quanto noi<span class=\"Apple-converted-space\">\u00a0<\/span><\/p>\n<p><b>\u00abApplicati alla lettura\u00bb (1 Tm 4,13). Anche qui \u00e8 necessario eliminare parecchi pregiudizi dannosi, per giungere ad una forma corretta di lettura in comune. Quasi tutti siamo cresciuti con l&#8217;idea che la lettura della Scrittura abbia il solo scopo di farci udire la Parola di Dio per la nostra giornata.<span class=\"Apple-converted-space\">\u00a0<\/span><\/b><\/p>\n<p>Si dice: \u201cLeggo la Parola di Dio del giorno; leggo la Parola di Dio perch\u00e9 mi serve in questo giorno; mi sveglio leggendo la Parola di Dio perch\u00e9 mi serve in questo giorno\u201d.<\/p>\n<p><b>Perci\u00f2 molti leggono la Scrittura solo a brevi passi selezionati, da cui ricavare la parola di riferimento per la giornata. Non c&#8217;\u00e8 dubbio che una raccolta di passi biblici per la meditazione quotidiana abbia costituito fino ad oggi una vera benedizione per tutti quelli che l&#8217;hanno usata. Proprio nei momenti di conflitto della chiesa si \u00e8 sperimentata questa benedizione, con grande stupore e gratitudine di molti. Ma \u00e8 altrettanto certo che non si pu\u00f2 n\u00e9 si deve mettere al posto della Scrittura come tale brevi passi e formule di riferimento.<span class=\"Apple-converted-space\">\u00a0<\/span><\/b><\/p>\n<p>La Scrittura \u00e8 la Scrittura: non posso spezzettarla!<\/p>\n<p><b>Il passo da applicare alla giornata non \u00e8 ancora la sacra Scrittura, che rester\u00e0 integra per tutti i tempi, fino al giudizio finale. La sacra Scrittura \u00e8 pi\u00f9 che una somma di versetti applicati alla giornata.<span class=\"Apple-converted-space\">\u00a0<\/span><\/b><\/p>\n<p>Importante: \u00e8 vero! La Parola di Dio non \u00e8 un insieme di messaggini dei Baci Perugina! Non dimentichiamolo: non si tratta dei biscotti della felicit\u00e0! La Parola di Dio \u00e8 la Parola di Dio in tutta la sua interezza: questo non va mai dimenticato!<\/p>\n<p><b>E pi\u00f9 anche del \u00abpane quotidiano\u00bb.<span class=\"Apple-converted-space\">\u00a0<\/span><\/b><\/p>\n<p>Infatti: che cosa dice Ges\u00f9? \u201cNon di solo pane vivr\u00e0 l&#8217;uomo, ma di ogni parola che esce dalla bocca di Dio<\/p>\n<p><b>\u00c8 la Parola della rivelazione di Dio per tutti gli uomini, per tutti i tempi.<span class=\"Apple-converted-space\">\u00a0<\/span><\/b><\/p>\n<p>Chiss\u00e0 se noi sentiamo questa verit\u00e0!<\/p>\n<p><b>La sacra Scrittura non \u00e8 fatta di singole sentenze, ma \u00e8 un tutto, che deve esser preso in considerazione come tale.<span class=\"Apple-converted-space\">\u00a0<\/span><\/b><\/p>\n<p>Nella sua interezza, perch\u00e9, se no, ciascuno fa dire alla Parola di Dio quello che vuole, mentre la Parola di Dio va presa nella sua globalit\u00e0.<\/p>\n<p><b>La Scrittura \u00e8 Parola della rivelazione di Dio in questa sua interezza. Solo negli innumerevoli richiami interni, nel rapporto fra Antico e Nuovo Testamento, promessa e adempimento, sacrificio e legge, legge e vangelo, croce e risurrezione, fede e ubbidienza, avere e sperare, si pu\u00f2 comprendere integralmente la testimonianza del Signore Ges\u00f9 Cristo. Per questo motivo la meditazione comune deve comprendere, oltre alla preghiera dei salmi, una lettura di una certa ampiezza tratta dall&#8217;Antico e dal Nuovo Testamento.<span class=\"Apple-converted-space\">\u00a0<\/span><\/b><\/p>\n<p>Ecco l&#8217;Ufficio delle Letture! Noi abbiamo l&#8217;Ufficio delle Letture, quindi, quando, durante la giornata, voi leggete l&#8217;Ufficio delle Letture, avete tre salmi e due letture: la prima che trovate \u00e8 sempre un&#8217;ampia lettura della Scrittura e poi c&#8217;\u00e8 una Lettura dei Padri della Chiesa, ma la prima \u00e8 sempre della Scrittura. \u00c8 una lettura ampia: ecco perch\u00e9 \u00e8 importante recitare anche l&#8217;Ufficio delle Letture!<\/p>\n<p>\u201cEh, ma Padre, come faremo a fare anche questa preghiera?\u201d Si fa! \u201cFacile per lei; lo dice perch\u00e9 \u00e8 prete e non ha altro da fare che quello: tutto il giorno in camera a fissare la bellezza dell&#8217;Universo, lei che non ha niente da fare dalla mattina alla sera!\u201d. Lasciamo giudicare a Dio se proprio non ho niente da fare dalla mattina alla sera! Quando non ero sacerdote, quando &#8220;vivevo nel mondo&#8221;, da laico e avevo a che fare con tutte le cose con cui avete a che fare voi (anche i sacerdoti vivono nel mondo, ma in un senso diverso), io mi portavo il mio Breviario nello zaino e, per esempio, quando studiavo (da laico: lo dico perch\u00e9 sto studiando ancora adesso, ma finir\u00e0) me lo tiravo fuori, lo pregavo e lo recitavo a volte con altri sul pullman, sul treno, sulle banchine dove aspettavo il treno oppure, quando faceva freddo, nelle sale d&#8217;aspetto. Quindi si fa: invece di ascoltare la radio, la musica; invece di guardare per aria; invece di dormire, si recita il Breviario che non \u00e8 poi cos\u00ec lungo, non esageriamo!<\/p>\n<p><b>Una comunit\u00e0 di cristiani che vivono insieme dovrebbe essere certamente in grado di ascoltare e di leggere al mattino e alla sera rispettivamente un capitolo dell&#8217;Antico Testamento e almeno mezzo capitolo del Nuovo.<span class=\"Apple-converted-space\">\u00a0<\/span><\/b><\/p>\n<p>Certo, noi in pi\u00f9 abbiamo la Santa Messa, quindi capite che abbiamo: l&#8217;Ufficio delle Letture con una lettura, poi abbiamo la Santa Messa con Prima Lettura e Vangelo o anche Seconda Lettura se \u00e8 domenica, quindi in una giornata facciamo bene questa cosa!<\/p>\n<p><b>All&#8217;inizio di sicuro risulter\u00e0 che gi\u00e0 questo modesto impegno \u00e8 eccessivo per la maggioranza, che vi si opporr\u00e0. Si obietter\u00e0 che non \u00e8 possibile afferrare davvero e assimilare una quantit\u00e0 cos\u00ec grande di pensieri e di riferimenti, anzi sarebbe addirittura una forma di disprezzo della Parola di Dio leggere pi\u00f9 di quanto non si possa realmente rielaborare dentro di s\u00e9. Ragionando in questi termini, \u00e8 facile tornare a contentarsi della lettura per frammenti, in forma di sentenze. Ma qui in effetti si nasconde una grave colpa.<span class=\"Apple-converted-space\">\u00a0<\/span><\/b><\/p>\n<p>E domani vedremo quale sia.<\/p>\n<p><i>Benedicat vos Omnipotens Deus, Pater, et Filius, et Spiritus Sanctus.<br \/>\nAmen<br \/>\nDio ci benedica e la Vergine ci protegga.<br \/>\nSia lodato Ges\u00f9 Cristo sempre sia lodato.<\/i>[\/vc_column_text][\/vc_column][\/vc_row]<\/p>\n<\/div>","protected":false},"excerpt":{"rendered":"<p>[vc_row][vc_column][vc_column_text] Meditazione Pubblichiamo l\u2019audio della meditazione: &#8220;Comunione spirituale e comunione psichica&#8221; tratta dal testo \u201cVita comune\u201d di Dietrich Bonhoeffer. Domenica&#8230;<\/p>\n","protected":false},"author":4,"featured_media":27948,"comment_status":"closed","ping_status":"closed","sticky":false,"template":"","format":"standard","meta":{"footnotes":""},"categories":[15],"tags":[8723,1362,8724,8258,17,8726],"class_list":{"0":"post-27946","1":"post","2":"type-post","3":"status-publish","4":"format-standard","5":"has-post-thumbnail","7":"category-omelie","8":"tag-comunione-psichica","9":"tag-comunione-spirituale","10":"tag-dietrich-bonhoeffer","11":"tag-meditazioni","12":"tag-p-giorgio-maria-fare","13":"tag-vita-comune"},"yoast_head":"<!-- This site is optimized with the Yoast SEO plugin v28.2 - https:\/\/yoast.com\/product\/yoast-seo-wordpress\/ -->\n<title>\u201cComunione spirituale e comunione psichica\u201d da \u201cVita comune\u201d di D. Bonhoeffer. Parte 22 - Veritatemincaritate<\/title>\n<meta name=\"description\" content=\"Continua la meditazione del testo di Bonhoeffer. Il salterio \u00e8 la grande scuola di preghiera per eccellenza.\" \/>\n<meta name=\"robots\" content=\"index, follow, max-snippet:-1, max-image-preview:large, max-video-preview:-1\" \/>\n<link rel=\"canonical\" href=\"https:\/\/www.veritatemincaritate.com\/wp\/2023\/02\/comunione-spirituale-e-comunione-psichica-da-vita-comune-di-d-bonhoeffer-parte-22\/\" \/>\n<meta property=\"og:locale\" content=\"it_IT\" \/>\n<meta property=\"og:type\" content=\"article\" \/>\n<meta property=\"og:title\" content=\"\u201cComunione spirituale e comunione psichica\u201d da \u201cVita comune\u201d di D. Bonhoeffer. Parte 22 - Veritatemincaritate\" \/>\n<meta property=\"og:description\" content=\"Continua la meditazione del testo di Bonhoeffer. Il salterio \u00e8 la grande scuola di preghiera per eccellenza.\" \/>\n<meta property=\"og:url\" content=\"https:\/\/www.veritatemincaritate.com\/wp\/2023\/02\/comunione-spirituale-e-comunione-psichica-da-vita-comune-di-d-bonhoeffer-parte-22\/\" \/>\n<meta property=\"og:site_name\" content=\"Veritatemincaritate\" \/>\n<meta property=\"article:publisher\" content=\"https:\/\/www.facebook.com\/pgiorgiomariafare\" \/>\n<meta property=\"article:published_time\" content=\"2023-02-05T02:15:16+00:00\" \/>\n<meta property=\"article:modified_time\" content=\"2023-02-06T10:34:36+00:00\" \/>\n<meta property=\"og:image\" content=\"https:\/\/www.veritatemincaritate.com\/wp\/wp-content\/uploads\/2023\/01\/230205-Comunione-spirituale-e-psichica-22.jpg\" \/>\n\t<meta property=\"og:image:width\" content=\"600\" \/>\n\t<meta property=\"og:image:height\" content=\"400\" \/>\n\t<meta property=\"og:image:type\" content=\"image\/jpeg\" \/>\n<meta name=\"author\" content=\"Is551011\" \/>\n<meta name=\"twitter:card\" content=\"summary_large_image\" \/>\n<meta name=\"twitter:label1\" content=\"Scritto da\" \/>\n\t<meta name=\"twitter:data1\" content=\"Is551011\" \/>\n\t<meta name=\"twitter:label2\" content=\"Tempo di lettura stimato\" \/>\n\t<meta name=\"twitter:data2\" content=\"18 minuti\" \/>\n<script type=\"application\/ld+json\" class=\"yoast-schema-graph\">{\"@context\":\"https:\\\/\\\/schema.org\",\"@graph\":[{\"@type\":\"Article\",\"@id\":\"https:\\\/\\\/www.veritatemincaritate.com\\\/wp\\\/2023\\\/02\\\/comunione-spirituale-e-comunione-psichica-da-vita-comune-di-d-bonhoeffer-parte-22\\\/#article\",\"isPartOf\":{\"@id\":\"https:\\\/\\\/www.veritatemincaritate.com\\\/wp\\\/2023\\\/02\\\/comunione-spirituale-e-comunione-psichica-da-vita-comune-di-d-bonhoeffer-parte-22\\\/\"},\"author\":{\"name\":\"Is551011\",\"@id\":\"https:\\\/\\\/www.veritatemincaritate.com\\\/wp\\\/#\\\/schema\\\/person\\\/ae324896700d097ddc6db39f45894b80\"},\"headline\":\"\u201cComunione spirituale e comunione psichica\u201d da \u201cVita comune\u201d di D. Bonhoeffer. Parte 22\",\"datePublished\":\"2023-02-05T02:15:16+00:00\",\"dateModified\":\"2023-02-06T10:34:36+00:00\",\"mainEntityOfPage\":{\"@id\":\"https:\\\/\\\/www.veritatemincaritate.com\\\/wp\\\/2023\\\/02\\\/comunione-spirituale-e-comunione-psichica-da-vita-comune-di-d-bonhoeffer-parte-22\\\/\"},\"wordCount\":3371,\"publisher\":{\"@id\":\"https:\\\/\\\/www.veritatemincaritate.com\\\/wp\\\/#organization\"},\"image\":{\"@id\":\"https:\\\/\\\/www.veritatemincaritate.com\\\/wp\\\/2023\\\/02\\\/comunione-spirituale-e-comunione-psichica-da-vita-comune-di-d-bonhoeffer-parte-22\\\/#primaryimage\"},\"thumbnailUrl\":\"https:\\\/\\\/www.veritatemincaritate.com\\\/wp\\\/wp-content\\\/uploads\\\/2023\\\/01\\\/230205-Comunione-spirituale-e-psichica-22.jpg\",\"keywords\":[\"comunione psichica\",\"comunione spirituale\",\"Dietrich Bonhoeffer\",\"meditazioni\",\"p. Giorgio Maria Far\u00e9\",\"Vita comune\"],\"articleSection\":[\"Omelie\"],\"inLanguage\":\"it-IT\"},{\"@type\":\"WebPage\",\"@id\":\"https:\\\/\\\/www.veritatemincaritate.com\\\/wp\\\/2023\\\/02\\\/comunione-spirituale-e-comunione-psichica-da-vita-comune-di-d-bonhoeffer-parte-22\\\/\",\"url\":\"https:\\\/\\\/www.veritatemincaritate.com\\\/wp\\\/2023\\\/02\\\/comunione-spirituale-e-comunione-psichica-da-vita-comune-di-d-bonhoeffer-parte-22\\\/\",\"name\":\"\u201cComunione spirituale e comunione psichica\u201d da \u201cVita comune\u201d di D. Bonhoeffer. Parte 22 - Veritatemincaritate\",\"isPartOf\":{\"@id\":\"https:\\\/\\\/www.veritatemincaritate.com\\\/wp\\\/#website\"},\"primaryImageOfPage\":{\"@id\":\"https:\\\/\\\/www.veritatemincaritate.com\\\/wp\\\/2023\\\/02\\\/comunione-spirituale-e-comunione-psichica-da-vita-comune-di-d-bonhoeffer-parte-22\\\/#primaryimage\"},\"image\":{\"@id\":\"https:\\\/\\\/www.veritatemincaritate.com\\\/wp\\\/2023\\\/02\\\/comunione-spirituale-e-comunione-psichica-da-vita-comune-di-d-bonhoeffer-parte-22\\\/#primaryimage\"},\"thumbnailUrl\":\"https:\\\/\\\/www.veritatemincaritate.com\\\/wp\\\/wp-content\\\/uploads\\\/2023\\\/01\\\/230205-Comunione-spirituale-e-psichica-22.jpg\",\"datePublished\":\"2023-02-05T02:15:16+00:00\",\"dateModified\":\"2023-02-06T10:34:36+00:00\",\"description\":\"Continua la meditazione del testo di Bonhoeffer. Il salterio \u00e8 la grande scuola di preghiera per eccellenza.\",\"breadcrumb\":{\"@id\":\"https:\\\/\\\/www.veritatemincaritate.com\\\/wp\\\/2023\\\/02\\\/comunione-spirituale-e-comunione-psichica-da-vita-comune-di-d-bonhoeffer-parte-22\\\/#breadcrumb\"},\"inLanguage\":\"it-IT\",\"potentialAction\":[{\"@type\":\"ReadAction\",\"target\":[\"https:\\\/\\\/www.veritatemincaritate.com\\\/wp\\\/2023\\\/02\\\/comunione-spirituale-e-comunione-psichica-da-vita-comune-di-d-bonhoeffer-parte-22\\\/\"]}]},{\"@type\":\"ImageObject\",\"inLanguage\":\"it-IT\",\"@id\":\"https:\\\/\\\/www.veritatemincaritate.com\\\/wp\\\/2023\\\/02\\\/comunione-spirituale-e-comunione-psichica-da-vita-comune-di-d-bonhoeffer-parte-22\\\/#primaryimage\",\"url\":\"https:\\\/\\\/www.veritatemincaritate.com\\\/wp\\\/wp-content\\\/uploads\\\/2023\\\/01\\\/230205-Comunione-spirituale-e-psichica-22.jpg\",\"contentUrl\":\"https:\\\/\\\/www.veritatemincaritate.com\\\/wp\\\/wp-content\\\/uploads\\\/2023\\\/01\\\/230205-Comunione-spirituale-e-psichica-22.jpg\",\"width\":600,\"height\":400,\"caption\":\"Comunione spirituale e comunione psichica\"},{\"@type\":\"BreadcrumbList\",\"@id\":\"https:\\\/\\\/www.veritatemincaritate.com\\\/wp\\\/2023\\\/02\\\/comunione-spirituale-e-comunione-psichica-da-vita-comune-di-d-bonhoeffer-parte-22\\\/#breadcrumb\",\"itemListElement\":[{\"@type\":\"ListItem\",\"position\":1,\"name\":\"Home\",\"item\":\"https:\\\/\\\/www.veritatemincaritate.com\\\/wp\\\/\"},{\"@type\":\"ListItem\",\"position\":2,\"name\":\"\u201cComunione spirituale e comunione psichica\u201d da \u201cVita comune\u201d di D. Bonhoeffer. Parte 22\"}]},{\"@type\":\"WebSite\",\"@id\":\"https:\\\/\\\/www.veritatemincaritate.com\\\/wp\\\/#website\",\"url\":\"https:\\\/\\\/www.veritatemincaritate.com\\\/wp\\\/\",\"name\":\"Veritatemincaritate\",\"description\":\"Agendo secondo verit\u00e0 nella carit\u00e0, cerchiamo di crescere in ogni cosa tendendo a lui, che \u00e8 il capo, Cristo\",\"publisher\":{\"@id\":\"https:\\\/\\\/www.veritatemincaritate.com\\\/wp\\\/#organization\"},\"potentialAction\":[{\"@type\":\"SearchAction\",\"target\":{\"@type\":\"EntryPoint\",\"urlTemplate\":\"https:\\\/\\\/www.veritatemincaritate.com\\\/wp\\\/?s={search_term_string}\"},\"query-input\":{\"@type\":\"PropertyValueSpecification\",\"valueRequired\":true,\"valueName\":\"search_term_string\"}}],\"inLanguage\":\"it-IT\"},{\"@type\":\"Organization\",\"@id\":\"https:\\\/\\\/www.veritatemincaritate.com\\\/wp\\\/#organization\",\"name\":\"Veritatem facientes in Caritate\",\"url\":\"https:\\\/\\\/www.veritatemincaritate.com\\\/wp\\\/\",\"logo\":{\"@type\":\"ImageObject\",\"inLanguage\":\"it-IT\",\"@id\":\"https:\\\/\\\/www.veritatemincaritate.com\\\/wp\\\/#\\\/schema\\\/logo\\\/image\\\/\",\"url\":\"https:\\\/\\\/www.veritatemincaritate.com\\\/wp\\\/wp-content\\\/uploads\\\/2020\\\/07\\\/Logo-VIC-per-canale-Youtube.jpg\",\"contentUrl\":\"https:\\\/\\\/www.veritatemincaritate.com\\\/wp\\\/wp-content\\\/uploads\\\/2020\\\/07\\\/Logo-VIC-per-canale-Youtube.jpg\",\"width\":720,\"height\":720,\"caption\":\"Veritatem facientes in Caritate\"},\"image\":{\"@id\":\"https:\\\/\\\/www.veritatemincaritate.com\\\/wp\\\/#\\\/schema\\\/logo\\\/image\\\/\"},\"sameAs\":[\"https:\\\/\\\/www.facebook.com\\\/pgiorgiomariafare\",\"https:\\\/\\\/instagram.com\\\/padre_giorgio_maria_fare?igshid=1p8wsw6b3edkc\",\"https:\\\/\\\/www.youtube.com\\\/channel\\\/UCFqjpT1nX60rx3m_SELg3lA\"]},{\"@type\":\"Person\",\"@id\":\"https:\\\/\\\/www.veritatemincaritate.com\\\/wp\\\/#\\\/schema\\\/person\\\/ae324896700d097ddc6db39f45894b80\",\"name\":\"Is551011\",\"image\":{\"@type\":\"ImageObject\",\"inLanguage\":\"it-IT\",\"@id\":\"https:\\\/\\\/secure.gravatar.com\\\/avatar\\\/c031fff76d6f121d3530ae43ac8407bd6ac4d5c3c8a89c237d6990047f9a6307?s=96&d=mm&r=g\",\"url\":\"https:\\\/\\\/secure.gravatar.com\\\/avatar\\\/c031fff76d6f121d3530ae43ac8407bd6ac4d5c3c8a89c237d6990047f9a6307?s=96&d=mm&r=g\",\"contentUrl\":\"https:\\\/\\\/secure.gravatar.com\\\/avatar\\\/c031fff76d6f121d3530ae43ac8407bd6ac4d5c3c8a89c237d6990047f9a6307?s=96&d=mm&r=g\",\"caption\":\"Is551011\"}}]}<\/script>\n<!-- \/ Yoast SEO plugin. -->","yoast_head_json":{"title":"\u201cComunione spirituale e comunione psichica\u201d da \u201cVita comune\u201d di D. Bonhoeffer. Parte 22 - Veritatemincaritate","description":"Continua la meditazione del testo di Bonhoeffer. Il salterio \u00e8 la grande scuola di preghiera per eccellenza.","robots":{"index":"index","follow":"follow","max-snippet":"max-snippet:-1","max-image-preview":"max-image-preview:large","max-video-preview":"max-video-preview:-1"},"canonical":"https:\/\/www.veritatemincaritate.com\/wp\/2023\/02\/comunione-spirituale-e-comunione-psichica-da-vita-comune-di-d-bonhoeffer-parte-22\/","og_locale":"it_IT","og_type":"article","og_title":"\u201cComunione spirituale e comunione psichica\u201d da \u201cVita comune\u201d di D. Bonhoeffer. Parte 22 - Veritatemincaritate","og_description":"Continua la meditazione del testo di Bonhoeffer. Il salterio \u00e8 la grande scuola di preghiera per eccellenza.","og_url":"https:\/\/www.veritatemincaritate.com\/wp\/2023\/02\/comunione-spirituale-e-comunione-psichica-da-vita-comune-di-d-bonhoeffer-parte-22\/","og_site_name":"Veritatemincaritate","article_publisher":"https:\/\/www.facebook.com\/pgiorgiomariafare","article_published_time":"2023-02-05T02:15:16+00:00","article_modified_time":"2023-02-06T10:34:36+00:00","og_image":[{"width":600,"height":400,"url":"https:\/\/www.veritatemincaritate.com\/wp\/wp-content\/uploads\/2023\/01\/230205-Comunione-spirituale-e-psichica-22.jpg","type":"image\/jpeg"}],"author":"Is551011","twitter_card":"summary_large_image","twitter_misc":{"Scritto da":"Is551011","Tempo di lettura stimato":"18 minuti"},"schema":{"@context":"https:\/\/schema.org","@graph":[{"@type":"Article","@id":"https:\/\/www.veritatemincaritate.com\/wp\/2023\/02\/comunione-spirituale-e-comunione-psichica-da-vita-comune-di-d-bonhoeffer-parte-22\/#article","isPartOf":{"@id":"https:\/\/www.veritatemincaritate.com\/wp\/2023\/02\/comunione-spirituale-e-comunione-psichica-da-vita-comune-di-d-bonhoeffer-parte-22\/"},"author":{"name":"Is551011","@id":"https:\/\/www.veritatemincaritate.com\/wp\/#\/schema\/person\/ae324896700d097ddc6db39f45894b80"},"headline":"\u201cComunione spirituale e comunione psichica\u201d da \u201cVita comune\u201d di D. Bonhoeffer. Parte 22","datePublished":"2023-02-05T02:15:16+00:00","dateModified":"2023-02-06T10:34:36+00:00","mainEntityOfPage":{"@id":"https:\/\/www.veritatemincaritate.com\/wp\/2023\/02\/comunione-spirituale-e-comunione-psichica-da-vita-comune-di-d-bonhoeffer-parte-22\/"},"wordCount":3371,"publisher":{"@id":"https:\/\/www.veritatemincaritate.com\/wp\/#organization"},"image":{"@id":"https:\/\/www.veritatemincaritate.com\/wp\/2023\/02\/comunione-spirituale-e-comunione-psichica-da-vita-comune-di-d-bonhoeffer-parte-22\/#primaryimage"},"thumbnailUrl":"https:\/\/www.veritatemincaritate.com\/wp\/wp-content\/uploads\/2023\/01\/230205-Comunione-spirituale-e-psichica-22.jpg","keywords":["comunione psichica","comunione spirituale","Dietrich Bonhoeffer","meditazioni","p. Giorgio Maria Far\u00e9","Vita comune"],"articleSection":["Omelie"],"inLanguage":"it-IT"},{"@type":"WebPage","@id":"https:\/\/www.veritatemincaritate.com\/wp\/2023\/02\/comunione-spirituale-e-comunione-psichica-da-vita-comune-di-d-bonhoeffer-parte-22\/","url":"https:\/\/www.veritatemincaritate.com\/wp\/2023\/02\/comunione-spirituale-e-comunione-psichica-da-vita-comune-di-d-bonhoeffer-parte-22\/","name":"\u201cComunione spirituale e comunione psichica\u201d da \u201cVita comune\u201d di D. Bonhoeffer. Parte 22 - Veritatemincaritate","isPartOf":{"@id":"https:\/\/www.veritatemincaritate.com\/wp\/#website"},"primaryImageOfPage":{"@id":"https:\/\/www.veritatemincaritate.com\/wp\/2023\/02\/comunione-spirituale-e-comunione-psichica-da-vita-comune-di-d-bonhoeffer-parte-22\/#primaryimage"},"image":{"@id":"https:\/\/www.veritatemincaritate.com\/wp\/2023\/02\/comunione-spirituale-e-comunione-psichica-da-vita-comune-di-d-bonhoeffer-parte-22\/#primaryimage"},"thumbnailUrl":"https:\/\/www.veritatemincaritate.com\/wp\/wp-content\/uploads\/2023\/01\/230205-Comunione-spirituale-e-psichica-22.jpg","datePublished":"2023-02-05T02:15:16+00:00","dateModified":"2023-02-06T10:34:36+00:00","description":"Continua la meditazione del testo di Bonhoeffer. Il salterio \u00e8 la grande scuola di preghiera per eccellenza.","breadcrumb":{"@id":"https:\/\/www.veritatemincaritate.com\/wp\/2023\/02\/comunione-spirituale-e-comunione-psichica-da-vita-comune-di-d-bonhoeffer-parte-22\/#breadcrumb"},"inLanguage":"it-IT","potentialAction":[{"@type":"ReadAction","target":["https:\/\/www.veritatemincaritate.com\/wp\/2023\/02\/comunione-spirituale-e-comunione-psichica-da-vita-comune-di-d-bonhoeffer-parte-22\/"]}]},{"@type":"ImageObject","inLanguage":"it-IT","@id":"https:\/\/www.veritatemincaritate.com\/wp\/2023\/02\/comunione-spirituale-e-comunione-psichica-da-vita-comune-di-d-bonhoeffer-parte-22\/#primaryimage","url":"https:\/\/www.veritatemincaritate.com\/wp\/wp-content\/uploads\/2023\/01\/230205-Comunione-spirituale-e-psichica-22.jpg","contentUrl":"https:\/\/www.veritatemincaritate.com\/wp\/wp-content\/uploads\/2023\/01\/230205-Comunione-spirituale-e-psichica-22.jpg","width":600,"height":400,"caption":"Comunione spirituale e comunione psichica"},{"@type":"BreadcrumbList","@id":"https:\/\/www.veritatemincaritate.com\/wp\/2023\/02\/comunione-spirituale-e-comunione-psichica-da-vita-comune-di-d-bonhoeffer-parte-22\/#breadcrumb","itemListElement":[{"@type":"ListItem","position":1,"name":"Home","item":"https:\/\/www.veritatemincaritate.com\/wp\/"},{"@type":"ListItem","position":2,"name":"\u201cComunione spirituale e comunione psichica\u201d da \u201cVita comune\u201d di D. Bonhoeffer. Parte 22"}]},{"@type":"WebSite","@id":"https:\/\/www.veritatemincaritate.com\/wp\/#website","url":"https:\/\/www.veritatemincaritate.com\/wp\/","name":"Veritatemincaritate","description":"Agendo secondo verit\u00e0 nella carit\u00e0, cerchiamo di crescere in ogni cosa tendendo a lui, che \u00e8 il capo, Cristo","publisher":{"@id":"https:\/\/www.veritatemincaritate.com\/wp\/#organization"},"potentialAction":[{"@type":"SearchAction","target":{"@type":"EntryPoint","urlTemplate":"https:\/\/www.veritatemincaritate.com\/wp\/?s={search_term_string}"},"query-input":{"@type":"PropertyValueSpecification","valueRequired":true,"valueName":"search_term_string"}}],"inLanguage":"it-IT"},{"@type":"Organization","@id":"https:\/\/www.veritatemincaritate.com\/wp\/#organization","name":"Veritatem facientes in Caritate","url":"https:\/\/www.veritatemincaritate.com\/wp\/","logo":{"@type":"ImageObject","inLanguage":"it-IT","@id":"https:\/\/www.veritatemincaritate.com\/wp\/#\/schema\/logo\/image\/","url":"https:\/\/www.veritatemincaritate.com\/wp\/wp-content\/uploads\/2020\/07\/Logo-VIC-per-canale-Youtube.jpg","contentUrl":"https:\/\/www.veritatemincaritate.com\/wp\/wp-content\/uploads\/2020\/07\/Logo-VIC-per-canale-Youtube.jpg","width":720,"height":720,"caption":"Veritatem facientes in Caritate"},"image":{"@id":"https:\/\/www.veritatemincaritate.com\/wp\/#\/schema\/logo\/image\/"},"sameAs":["https:\/\/www.facebook.com\/pgiorgiomariafare","https:\/\/instagram.com\/padre_giorgio_maria_fare?igshid=1p8wsw6b3edkc","https:\/\/www.youtube.com\/channel\/UCFqjpT1nX60rx3m_SELg3lA"]},{"@type":"Person","@id":"https:\/\/www.veritatemincaritate.com\/wp\/#\/schema\/person\/ae324896700d097ddc6db39f45894b80","name":"Is551011","image":{"@type":"ImageObject","inLanguage":"it-IT","@id":"https:\/\/secure.gravatar.com\/avatar\/c031fff76d6f121d3530ae43ac8407bd6ac4d5c3c8a89c237d6990047f9a6307?s=96&d=mm&r=g","url":"https:\/\/secure.gravatar.com\/avatar\/c031fff76d6f121d3530ae43ac8407bd6ac4d5c3c8a89c237d6990047f9a6307?s=96&d=mm&r=g","contentUrl":"https:\/\/secure.gravatar.com\/avatar\/c031fff76d6f121d3530ae43ac8407bd6ac4d5c3c8a89c237d6990047f9a6307?s=96&d=mm&r=g","caption":"Is551011"}}]}},"menu_order":0,"_links":{"self":[{"href":"https:\/\/www.veritatemincaritate.com\/wp\/wp-json\/wp\/v2\/posts\/27946","targetHints":{"allow":["GET"]}}],"collection":[{"href":"https:\/\/www.veritatemincaritate.com\/wp\/wp-json\/wp\/v2\/posts"}],"about":[{"href":"https:\/\/www.veritatemincaritate.com\/wp\/wp-json\/wp\/v2\/types\/post"}],"author":[{"embeddable":true,"href":"https:\/\/www.veritatemincaritate.com\/wp\/wp-json\/wp\/v2\/users\/4"}],"replies":[{"embeddable":true,"href":"https:\/\/www.veritatemincaritate.com\/wp\/wp-json\/wp\/v2\/comments?post=27946"}],"version-history":[{"count":0,"href":"https:\/\/www.veritatemincaritate.com\/wp\/wp-json\/wp\/v2\/posts\/27946\/revisions"}],"wp:featuredmedia":[{"embeddable":true,"href":"https:\/\/www.veritatemincaritate.com\/wp\/wp-json\/wp\/v2\/media\/27948"}],"wp:attachment":[{"href":"https:\/\/www.veritatemincaritate.com\/wp\/wp-json\/wp\/v2\/media?parent=27946"}],"wp:term":[{"taxonomy":"category","embeddable":true,"href":"https:\/\/www.veritatemincaritate.com\/wp\/wp-json\/wp\/v2\/categories?post=27946"},{"taxonomy":"post_tag","embeddable":true,"href":"https:\/\/www.veritatemincaritate.com\/wp\/wp-json\/wp\/v2\/tags?post=27946"}],"curies":[{"name":"wp","href":"https:\/\/api.w.org\/{rel}","templated":true}]}}