{"id":2970,"date":"2016-05-17T15:18:46","date_gmt":"2016-05-17T13:18:46","guid":{"rendered":"http:\/\/www.veritatemincaritate.com\/?p=2970"},"modified":"2016-05-17T15:30:53","modified_gmt":"2016-05-17T13:30:53","slug":"card-raymond-leo-burke-il-martirio-per-la-fede-nel-nostro-tempo-per-resistere-agli-errori","status":"publish","type":"post","link":"https:\/\/www.veritatemincaritate.com\/wp\/2016\/05\/card-raymond-leo-burke-il-martirio-per-la-fede-nel-nostro-tempo-per-resistere-agli-errori\/","title":{"rendered":"Card. Raymond Leo Burke &#8211; Il martirio per la fede nel nostro tempo per &#8220;resistere&#8221; agli errori"},"content":{"rendered":"<div class=\"wpb-content-wrapper\"><p>[vc_row][vc_column][vc_empty_space][vc_column_text]<\/p>\n<p class=\"p1\"><a href=\"https:\/\/www.veritatemincaritate.com\/wp\/wp-content\/uploads\/2016\/05\/ROME-LIFE-FORUM-2016.jpg\" rel=\"attachment wp-att-2971\"><img class=\"alignnone size-medium wp-image-2971\" src=\"https:\/\/www.veritatemincaritate.com\/wp\/wp-content\/uploads\/2016\/05\/ROME-LIFE-FORUM-2016-212x300.jpg\" alt=\"ROME LIFE FORUM 2016\" width=\"212\" height=\"300\" srcset=\"https:\/\/www.veritatemincaritate.com\/wp\/wp-content\/uploads\/2016\/05\/ROME-LIFE-FORUM-2016-212x300.jpg 212w, https:\/\/www.veritatemincaritate.com\/wp\/wp-content\/uploads\/2016\/05\/ROME-LIFE-FORUM-2016-768x1086.jpg 768w, https:\/\/www.veritatemincaritate.com\/wp\/wp-content\/uploads\/2016\/05\/ROME-LIFE-FORUM-2016-724x1024.jpg 724w, https:\/\/www.veritatemincaritate.com\/wp\/wp-content\/uploads\/2016\/05\/ROME-LIFE-FORUM-2016.jpg 1131w\" sizes=\"(max-width: 212px) 100vw, 212px\" \/><\/a><\/p>\n<p class=\"p1\"><span class=\"s1\">Nei giorni precedenti la Marcia per la Vita, 6-7 maggio scorso, si \u00e8 svolto a Roma, presso l&#8217;Hotel Columbus in Via della Conciliazione, il <i>Rome Life Forum<\/i>, durante il quale si sono alternati diversi illustri relatori: vedi Locandina. Il Forum era aperto a tutta la leadership nel movimento della vita e della famiglia a livello sia internazionale che locale, per consentire l&#8217;incontro e il confronto dei rispettivi rappresentanti.<\/span><\/p>\n<p class=\"p4\"><span class=\"s1\">Di seguito, nella traduzione di Chiesa e post-concilio, l&#8217;intervento del Card. Raymond Leo Burke, all&#8217;inizio del quale\u00a0egli esprime esplicitamente la sua posizione, che \u00e8 quella di <b>assistere i fedeli nella battaglia per &#8220;resistere&#8221;<\/b> all&#8217;interno della Chiesa al &#8216;clima&#8217; che cerca di minare le verit\u00e0 della fede cattolica sul&#8217;indissolubilit\u00e0 del matrimonio e sulla Presenza Reale di Cristo nell&#8217;Eucaristia. Il filo conduttore del discorso \u00e8 <i>Il martirio per la fede nel nostro tempo<\/i> [originale inglese <a href=\"http:\/\/voiceofthefamily.com\/cardinal-burke-martyrdom-for-the-faith-in-our-times\/\"><span class=\"s3\">qui<\/span><\/a>].<\/span><\/p>\n<p class=\"p4\">\n<p class=\"p4\"><span class=\"s1\"><b>Il martirio per la fede nel nostro tempo<\/b><\/span><\/p>\n<p class=\"p4\"><span class=\"s1\">Sono lieto di poter parlare al <i>Rome Life Forum<\/i> e di esprimere la mia solidariet\u00e0 a voi, che partecipate, nell&#8217;impegno di salvaguardare e promuovere la dignit\u00e0 inviolabile della vita umana degli innocenti e indifesi, e l&#8217;integrit\u00e0 della sua culla: il matrimonio e la famiglia. Soprattutto, desidero esprimere la mia pi\u00f9 profonda gratitudine a voi. La mia speranza \u00e8 che questo mio tempo e le mie parole siano una fonte di incoraggiamento nella battaglia pro-vita e pro-matrimonio, nella quale siamo tutti chiamati e in cui tutti noi siamo impegnati.<\/span><\/p>\n<p class=\"p8\"><span class=\"s2\">Provo particolare apprensione per la crescita, specialmente nella Chiesa, del punto di vista mondano, della prospettiva antropocentrica e mondo-centrica. Essa si esprime in una conoscenza laica delle realt\u00e0 divine che sono parte integrante della nostra vita quotidiana. Per esempio, oggi nella Chiesa, c&#8217;\u00e8 chi si riferisce alla realt\u00e0 oggettiva della grazia del matrimonio come se fosse un semplice ideale a cui pi\u00f9 o meno cerchiamo di conformarci. Visione mondana che, in quanto non vera, porta confusione e divisione all&#8217;interno del Corpo di Cristo, finisce per negare il principio fondamentale della retta ragione: il principio di non contraddizione, cio\u00e8 la legge che una cosa non pu\u00f2 essere e non essere nello stesso tempo. Ad esempio, non pu\u00f2 essere che la Chiesa professa la fede nella indissolubilit\u00e0 del matrimonio, in accordo con la legge di Dio inscritta in ogni cuore umano e annunciata nella parola di Cristo, mentre nello stesso tempo ammette ai Sacramenti chi vive pubblicamente in violazione della indissolubilit\u00e0 del matrimonio. Se il fatto che una persona che vive pubblicamente in violazione del suo vincolo matrimoniale \u00e8 ammessa ai Sacramenti, allora il matrimonio\u00a0non \u00e8 indissolubile e il sacramento della Santa Eucaristia non \u00e8 il Corpo di Cristo e l&#8217;incontro con Cristo nel sacramento della Penitenza non richiede il fermo proposito di modifica della nostra vita, cio\u00e8 l&#8217;obbedienza alla parola di Cristo, \u00a0&#8220;non peccare pi\u00f9&#8221;[1].<\/span><\/p>\n<p class=\"p4\"><span class=\"s1\">Il punto di vista mondano della nostra vita in Cristo comporta una visione politicizzata della Chiesa in cui i suoi membri sono divisi in campi opposti, quando siamo tutti cattolici, per definizione uniti dalla stessa fede, dagli stessi sacramenti e dallo stesso governo[ 2]. Allo stesso tempo, nella vita ecclesiale viene introdotta ogni sorta di falsa opposizione, ad esempio, l&#8217;opposizione tra ragione e fede, l&#8217;opposizione tra dottrina e pastorale, l&#8217;opposizione tra legge e amore, l&#8217;opposizione tra la giustizia e la misericordia. Poich\u00e9 siamo vivi in Cristo nella Chiesa, vediamo tutte le cose in termini di vita eterna &#8220;nell&#8217;ottica dell&#8217;eternit\u00e0 (<i>sub specie aeternitatis<\/i>)&#8221;, secondo l&#8217;espressione classica.<\/span><\/p>\n<p class=\"p4\"><span class=\"s1\">Siamo tutti tentati di lasciarci assorbire da tali correnti di pensiero. \u00c8 mio auspicio <b>assistervi nella battaglia per resistere<\/b> a questo modo di pensare, per rimanere fedeli a Cristo che \u00e8 vivo in voi per l&#8217;effusione dello Spirito Santo. Vi offro una riflessione sul martirio inerente alla nostra vita in Cristo. Tale riflessione ci aiuter\u00e0, spero, a vedere tutte le circostanze della nostra vita in Cristo in vista della vittoria di Cristo sul peccato e sulla morte, la Sua vittoria della vita eterna nella nostra natura umana che condivide con noi gi\u00e0 ora e condivider\u00e0 con noi perfettamente nella Sua venuta definitiva.<\/span><\/p>\n<p class=\"p4\"><span class=\"s1\"><b>Una nuova evangelizzazione: Padre John A. Hardon e Papa San Giovanni Paolo II<\/b><\/span><\/p>\n<p class=\"p4\"><span class=\"s1\">Vorrei richiamare in particolare l&#8217;attenzione sul lavoro del Servo di Dio Padre John Anthony Hardon della Compagnia di Ges\u00f9, morto il 30 dicembre del Grande Giubileo del 2000. Padre Hardon espresse eloquentemente, nelle sue parole e nei suoi scritti, la forte convinzione che i cattolici oggi, come i primi cristiani, devono essere pronti a dare una forte testimonianza della loro fede, nella sua integrit\u00e0, sino allo spargimento di sangue. Penso, per esempio, al <i>Manuale del catechista mariano<\/i>, l&#8217;ultima pubblicazione del Servo di Dio, per il quale ho avuto l&#8217;onore di scrivere la prefazione. Nell&#8217;indicare la natura e la struttura dell&#8217;Apostolato del catechista mariano, uno dei numerosi apostolati che il Servo di Dio ha fondato o di cui ha contribuito alla fondazione, Padre Hardon ha scritto:<\/span><\/p>\n<p class=\"p9\"><span class=\"s1\">Il cattolicesimo \u00e8 alle prese con la peggiore crisi della sua storia. A meno che i veri e fedeli cattolici non abbiano lo zelo e lo spirito dei primi cristiani, a meno che non siano disposti a fare quello che essi hanno fatto ed a pagare il prezzo che hanno pagato, i giorni dell&#8217;America sono contati. [3]<\/span><\/p>\n<p class=\"p4\"><span class=\"s1\">Quello che egli ha scritto sugli Stati Uniti d&#8217;America, sua patria, \u00e8 vero per qualsiasi nazione soggetta alla secolarizzazione virulenta della societ\u00e0, una secolarizzazione penetrata anche nella Chiesa. Sapeva che l&#8217;unico modo per trasformare la societ\u00e0, cio\u00e8 trasformare la societ\u00e0 rivolti a Cristo e al suo Corpo Mistico, la santa Chiesa, per i singoli cattolici \u00e8 vivere la propria fede con piena integrit\u00e0, anche di fronte alla solitudine, al ridicolo, alla persecuzione e persino alla morte.<\/span><\/p>\n<p class=\"p4\"><span class=\"s1\">In altre parole, se compito della Chiesa ai nostri giorni \u00e8 svolgere la sua missione di evangelizzazione del mondo, essa deve essere prima evangelizzata, deve essere prima purificata di tutto ci\u00f2 che non \u00e8 di Cristo, Che \u00e8 chiamata a portare al mondo, in ogni momento e in ogni luogo. Nella sua Esortazione post-sinodale <i>Christifideles laici<\/i>, Papa san Giovanni Paolo II ha affrontato la necessit\u00e0 di una nuova evangelizzazione della societ\u00e0, che deve avere il suo inizio con una nuova evangelizzazione della comunit\u00e0 ecclesiale.<\/span><\/p>\n<p class=\"p4\"><span class=\"s1\">Per porre rimedio alla situazione di una cultura totalmente secolarizzata, il santo Pontefice ha osservato, &#8220;Certamente urge dovunque rifare il tessuto cristiano della societ\u00e0 umana&#8221;. [4] Si \u00e8 affrettato ad aggiungere che, se il rimedio \u00e8 realizzare ci\u00f2, la Chiesa stessa deve essere nuovamente evangelizzata. Per comprendere fino in fondo la secolarizzazione radicale della nostra cultura occorre capire anche quanto questa secolarizzazione sia entrata nella vita della Chiesa stessa. Papa Giovanni Paolo II ha dichiarato:<\/span><\/p>\n<p class=\"p9\"><span class=\"s1\">Ma la condizione [per rifare il tessuto cristiano della societ\u00e0 umana] \u00e8 <i>che si rifaccia il tessuto cristiano delle stesse comunit\u00e0 ecclesiali<\/i> che vivono in questi paesi e in queste nazioni[5].\u00a0<\/span><\/p>\n<p class=\"p4\"><span class=\"s1\">Egli, quindi, ha invitato i fedeli laici alla loro particolare responsabilit\u00e0, cio\u00e8 &#8220;testimoniare come la fede cristiana costituisca l&#8217;unica risposta pienamente valida, pi\u00f9 o meno coscientemente da tutti percepita e invocata, dei problemi e delle speranze che la vita pone ad ogni uomo e ad ogni societ\u00e0&#8221;.[6] Per rendere pi\u00f9 specifica la chiamata, ha chiarito che l&#8217;adempimento della responsabilit\u00e0 dei fedeli laici richiede loro di &#8220;superare in se stessi la frattura tra il Vangelo e la vita, ricomponendo nella loro quotidiana attivit\u00e0 in famiglia, sul lavoro e nella societ\u00e0, l&#8217;unit\u00e0 d&#8217;una vita che nel Vangelo trova ispirazione e forza per realizzarsi in pienezza&#8221;. [7]<\/span><\/p>\n<p class=\"p4\"><span class=\"s1\"><b>Catechesi: Fondamento della Nuova Evangelizzazione<\/b><\/span><\/p>\n<p class=\"p8\"><span class=\"s2\">In modo particolare, Padre Hardon sapeva che la necessaria forte testimonianza cattolica dipende essenzialmente dalla retta comprensione della fede e ci\u00f2 esige che risuoni la catechesi. Egli si rendeva conto che decenni di catechesi insufficiente e anche falsa avevano determinato l&#8217;analfabatismo in materia di fede di molti cattolici. Ha visto quanti sono stati lasciati nella confusione e nell&#8217;errore sui principi fondamentali della fede cattolica e della legge morale scritta nel cuore umano e definitivamente articolati attraverso la parola di Cristo tramandata nella Chiesa. La fede nella Presenza Reale del Signore nostro Ges\u00f9 nella Santa Eucaristia era drasticamente diminuita, con conseguente perdita pressoch\u00e9 totale della devozione eucaristica. Da un gran numero di cattolici la Messa domenicale non era pi\u00f9 vista come un obbligo serio, sotto pena di peccato mortale, e l&#8217;accesso regolare al Sacramento della Penitenza era stato abbandonato. La mancanza di formazione nelle virt\u00f9, la confusione generale e gli errori sulla legge morale seminavano distruzione e morte nella vita di molte persone e di molte famiglie. I genitori e anche i parroci non vedevano pi\u00f9 la catechesi come loro principale responsabilit\u00e0 verso i bambini. Come risultato, molti bambini e giovani cadevano in percorsi di peccato e corruzione morale senza che nessuno li correggesse o mostrasse loro la via di Cristo, la via della verit\u00e0 e dell&#8217;amore.<\/span><\/p>\n<p class=\"p4\"><span class=\"s1\">Padre Hardon ci ha ricordato che l&#8217;unico mezzo efficace per affrontare la gravit\u00e0 della situazione che minaccia il presente e il futuro della nostra societ\u00e0, \u00e8 Dio, che &#8220;ci ha messi qui in questo momento e luogo consapevoli della gravit\u00e0 dei nostri tempi&#8221; e la sua grazia &#8220;\u00e8 disponibile in sovrabbondanza.&#8221;[8] Mi viene in mente la profonda riflessione sulla testimonianza cristiana nel nostro tempo del cardinale Robert Sarah, Prefetto della Congregazione per il culto Divino e la Disciplina dei Sacramenti, nel suo libro di recente pubblicazione, <i>Dieu ou rien\u00a0<\/i>[9], uscito nella traduzione inglese con il titolo, <i>God or nothing<\/i> &#8211;\u00a0<i>Dio o niente<\/i>. [10]<\/span><\/p>\n<p class=\"p8\"><span class=\"s2\">Come ha osservato padre Hardon, impegnarsi nell&#8217;apostolato della catechesi non richiede ad un cattolico di &#8220;abbandonare la [sua] professione, lasciare il [suo] lavoro, o assumere una nuova posizione&#8221; [11], ma di dedicarsi alla formazione spirituale e dottrinale necessaria per chi \u00e8 chiamato a testimoniare la fede nel nostro tempo. Egli ha ricordato al lettore come i primi cristiani si nutrissero frequentemente della Santa Comunione e mediante i loro incontri nelle catacombe, che costituivano una sorta di scuola &#8220;per acquisire le conoscenze e costruire l&#8217;astuzia e lo zelo per vincere anime a Cristo&#8221;. [12] Egli ha esortato i cattolici di oggi a partecipare alla Santa Messa e ricevere la Santa Comunione quotidiana, se possibile. Li ha inoltre esortati a rendere le loro case e le loro auto delle scuole &#8220;per infondere la conoscenza e la forza di volont\u00e0 per evangelizzare&#8221;[13]. In altre parole, ha insegnato loro a non perdere ogni occasione, anche il tempo trascorso in viaggio da un posto ad un altro, per approfondire la comprensione della fede.<\/span><\/p>\n<p class=\"p4\"><span class=\"s1\"><b>Testimonianza e martirio, e la Nuova Evangelizzazione<\/b><\/span><\/p>\n<p class=\"p4\"><span class=\"s1\">La testimonianza della catechesi in casa, in viaggio, al lavoro, nel fare affari, nell&#8217;esercitare una professione, in qualsiasi arena dello sforzo umano un cattolico sia coinvolto, \u00e8 una forma eminente della testimonianza che i cattolici sono chiamati a dare in ogni momento, in particolare nei momenti critici in cui viviamo. La testimonianza costante, di cui la catechesi \u00e8 la forma pi\u00f9 importante, riguarda il martirio, come il Servo di Dio ci ha ricordato spesso.<\/span><\/p>\n<p class=\"p4\"><span class=\"s1\">Il Catechismo della Chiesa cattolica, infatti, tratta in due numeri successivi del \u00a0dovere dei cristiani di testimoniare la propria fede e quello della suprema testimonianza del martirio. Per quanto riguarda il dovere di testimoniare la fede, il Catechismo della Chiesa Cattolica afferma:<\/span><\/p>\n<p class=\"p9\"><span class=\"s1\">Il dovere dei cristiani di prendere parte alla vita della Chiesa li spinge ad agire come <i>testimoni del Vangelo<\/i> e degli obblighi che ne derivano. Tale testimonianza \u00e8 trasmissione della fede in parole e opere. La testimonianza \u00e8 un atto di giustizia che comprova o fa conoscere la verit\u00e0 [14]<\/span><\/p>\n<p class=\"p4\"><span class=\"s1\">Per quanto riguarda il martirio, il Catechismo della Chiesa Cattolica afferma:<\/span><\/p>\n<p class=\"p9\"><span class=\"s1\">Il <i>martirio<\/i> \u00e8 la suprema testimonianza resa alla verit\u00e0 della fede; il martire \u00e8 un testimone che arriva fino alla morte. Egli rende testimonianza a Cristo, morto e risorto, al quale \u00e8 unito dalla carit\u00e0. Rende testimonianza alla verit\u00e0 della fede e della dottrina cristiana. Affronta la morte con un atto di fortezza. [15]<\/span><\/p>\n<p class=\"p4\"><span class=\"s1\">Padre Hardon ha sviluppato il suo insegnamento sul martirio per mostrare la relazione essenziale di tutte le forme di testimonianza cristiana col martirio cristiano. Uno studio dell&#8217;insegnamento del Servo di Dio mostrer\u00e0 come per tutti i testimoni sia necessario un certo morire a se stessi, una certa oblazione di s\u00e9 a Cristo per la sua opera di salvezza. Nella sua massima espressione, ci\u00f2 implica l&#8217;effusione del proprio sangue, dare la vita nella fedelt\u00e0 a Cristo e alla sua Chiesa. Il martirio \u00e8 una manifestazione pi\u00f9 convincente della realt\u00e0 della vita di Cristo in noi, l&#8217;unit\u00e0 del nostro cuore con il suo glorioso Cuore trafitto.<\/span><\/p>\n<p class=\"p4\"><span class=\"s1\">Penso a tanti fedeli che mi esprimono le loro preoccupazioni profonde per la Chiesa del nostro tempo, in cui sembra che ci sia tanta confusione sulle verit\u00e0 dogmatiche e morali fondamentali. Nel rispondere alle loro preoccupazioni, li esorto ad approfondire la loro comprensione dell&#8217;insegnamento costante e della disciplina della Chiesa e di far sentire la propria voce, in modo che i pastori del gregge possano comprendere l&#8217;urgenza di annunciare di nuovo con chiarezza e coraggio le verit\u00e0 della fede ed applicare di nuovo con carit\u00e0 e fermezza la disciplina necessaria per salvaguardare le stesse verit\u00e0.<\/span><\/p>\n<p class=\"p4\"><span class=\"s1\">Davanti alle sfide di vivere la fede cattolica nel nostro tempo, Papa Giovanni Paolo II ci ha ricordato l&#8217;urgenza del mandato di Cristo ai primi discepoli e consegnato ai missionari lungo i secoli cristiani e a noi oggi. Egli ha dichiarato:<\/span><\/p>\n<p class=\"p9\"><span class=\"s1\">Certamente l&#8217;imperativo di Ges\u00f9: \u00abAndate e predicate il Vangelo\u00bb mantiene sempre vivo il suo valore ed \u00e8 carico di un&#8217;urgenza intramontabile. Tuttavia <i>la situazione attual<\/i>e, non solo del mondo ma anche di tante parti della Chiesa, <i>esige assolutamente che la parola di Cristo riceva un&#8217;obbedienza pi\u00f9 pronta e generosa<\/i>. Ogni discepolo \u00e8 chiamato in prima persona; nessun discepolo pu\u00f2 sottrarsi nel dare la sua propria risposta: \u00abGuai a me, se non predicassi il Vangelo!\u00bb (1 Cor 9, 16). [16]<\/span><\/p>\n<p class=\"p4\"><span class=\"s1\">I cristiani si trovano spesso in una societ\u00e0 e in una cultura che non conoscono Dio, sono dimentiche di Lui o addirittura ostili a Lui e alla sua legge scritta nella creazione, inscritta in ogni cuore umano, e insegnata nella sua pienezza da parte della Chiesa. In una tale situazione, la testimonianza chiara e coraggiosa della vita cristiana, dando gloria a Dio mediante l&#8217;obbedienza alla sua legge scritta nel cuore dell&#8217;uomo, \u00e8 pi\u00f9 importante che mai, non solo per il bene della salvezza dell&#8217;anima cristiana, ma anche per la trasformazione della cultura e della societ\u00e0, in modo da promuovere e servire realmente al bene di tutti.<\/span><\/p>\n<p class=\"p4\"><span class=\"s1\">L&#8217;obbedienza, fondamentale ed essenziale per la nuova evangelizzazione, \u00e8 anche una virt\u00f9 acquisita con grande difficolt\u00e0 in una cultura che esalta l&#8217;individualismo e pone in discussione ogni autorit\u00e0, tranne la propria. Tuttavia, essa \u00e8 indispensabile per insegnare e vivere il Vangelo nel nostro tempo. Dobbiamo prendere esempio dai primi discepoli, dai primi missionari nella nostra patria, e dalla schiera di santi e beati che si sono dedicati completamente a Cristo, invocando l&#8217;aiuto e la guida dello Spirito Santo per purificarsi di ogni ribellione di fronte alla volont\u00e0 di Dio e rafforzarsi nel fare la volont\u00e0 di Dio in ogni cosa.<\/span><\/p>\n<p class=\"p4\"><span class=\"s1\">Padre Hardon ha assunto il lavoro della nuova evangelizzazione fedelmente e senza sosta. Suo unico desiderio era aiutare i suoi fratelli e sorelle nella Chiesa ad insegnare, celebrare e vivere la fede cattolica con l&#8217;entusiasmo e l&#8217;energia dei primi discepoli, dei grandi santi e dei missionari che per primi hanno portato la fede cattolica nella nostra patria. Egli ha espresso la chiamata alla nuova evangelizzazione pi\u00f9 appropriatamente come una chiamata a testimoniare e, infine, al martirio. Cos\u00ec molti fedeli, me compreso, continuano a seguire l&#8217;ispirazione e la direzione che il Servo di Dio ci ha dato.<\/span><\/p>\n<p class=\"p4\"><span class=\"s1\"><b>Il martirio secondo il Servo di Dio Padre Hardon<\/b><\/span><\/p>\n<p class=\"p8\"><span class=\"s2\">La pi\u00f9 grande eredit\u00e0 spirituale che il Servo di Dio ci ha lasciato \u00e8 la sua vita vissuta in Ges\u00f9 Cristo, per &#8220;la maggior gloria di Dio&#8221;. Ed anche come, nella sua vita sacerdotale, ha cercato di conoscere, amare e servire Ges\u00f9 Cristo solo, cos\u00ec anche ha insegnato ad altri a fare altrettanto, secondo le esigenze della propria vocazione nella vita. Osservando la grande confusione e gli errori del tempo presente, anche all&#8217;interno della Chiesa, padre Hardon ha spesso ricordato a tutti i fedeli di prepararsi a soffrire molto, ed anche a subire il martirio, al fine di essere fedeli all&#8217;insegnamento di Cristo e della sua Chiesa. Padre Hardon ha conservato la fiducia nella costante presenza di Cristo nella Chiesa e nei suoi singoli membri, attraverso la presenza dello Spirito Santo. Anche se ha visto chiaramente la gravit\u00e0 della situazione e le enormi esigenze della vita cristiana nel nostro tempo, era sicuro che, con la grazia di Cristo, i cattolici sarebbero stati testimoni fedeli di Cristo, che trasforma le singole vite e il mondo.<\/span><\/p>\n<p class=\"p4\"><span class=\"s1\">Il Servo di Dio fornisce una presentazione sistematica del suo insegnamento sul martirio, nel suo libro, <i>Santit\u00e0 nella Chiesa<\/i>, ristampato nel 2000 da Eternal Life, l&#8217;apostolato da lui fondato con il santo laico, William Smith di Bardstown, Kentucky. Prima di tutto, padre Hardon fonda il suo insegnamento circa il martirio sulle parole di Nostro Signore prima di salire alla destra del Padre: &#8220;Avrete forza dallo Spirito Santo che scender\u00e0 su di voi, e allora mi sarete testimoni non solo a Gerusalemme, in tutta la Giudea e la Samaria e fino agli estremi confini della terra &#8220;.[17] Le parole di nostro Signore ci insegnano l&#8217;origine, la natura e il fine apostolico del martirio.<\/span><\/p>\n<p class=\"p8\"><span class=\"s2\">&#8220;La fonte della forza di soffrire per Cristo viene finalmente dallo Spirito Santo, che si dice ne da&#8217; il potere&#8221;. [18] Come il Papa Giovanni Paolo II ci ha ricordato, \u00e8 la vita dello Spirito Santo, che abita in noi attraverso i sacramenti del Battesimo e della Confermazione, che ispira in noi la santit\u00e0 della vita, la forza di soffrire per Cristo. Lo Spirito Santo, che abita nelle nostre anime, ci permette di testimoniare la verit\u00e0 che Cristo ci insegna nella sua Santa Chiesa. Il martirio \u00e8 una espressione fondamentale della nostra relazione personale con Cristo. \u00c8, infatti, il rapporto personale con Cristo, che d\u00e0 la gioia al martire nella sua sofferenza. Nelle parole del Servo di Dio, &#8220;infatti, uno dei paradossi del martirio \u00e8 la felicit\u00e0 positiva che un seguace fortemente impegnato prova nella sofferenza per Cristo&#8221;. [19] Padre Hardon si riferisce alla narrazione degli\u00a0<i>Atti degli Apostoli<\/i> della fustigazione degli Apostoli, dopo che erano stati avvertiti di non parlare pi\u00f9 nel nome di Ges\u00f9. Lo scrittore sacro ci dice che gli apostoli, &#8220;erano felici di aver avuto l&#8217;onore di soffrire umiliazioni per amore del nome&#8221; [20] di Ges\u00f9.<\/span><\/p>\n<p class=\"p4\"><span class=\"s1\">Padre Hardon, osserva che il martirio non \u00e8 &#8220;teoria accademica&#8221;, ma &#8220;un fatto palpabile di ogni vero seguace di Cristo&#8221;[21]. Distingue tre forme di martirio, di essere testimoni di Cristo davanti al mondo intero. Esse sono: il Martirio di Sangue, il Martirio di persecuzione, e il Martirio di testimonianza.<\/span><\/p>\n<p class=\"p4\"><span class=\"s1\"><b>Il martirio di sangue, come il<i> Catechismo della Chiesa Cattolica<\/i> ci insegna, \u00e8 la &#8220;suprema testimonianza resa alla verit\u00e0 della fede&#8221;<\/b>[22]. Davanti alla scelta di tradire Cristo o morire per Cristo, il martire di sangue rimane fedele e consegna la sua vita per amore di Cristo. Pensiamo ai molti martiri fra i primi cristiani, a cominciare da Santo Stefano e anche ai martiri nel corso dei secoli, ad esempio, San Pietro da Verona, San Tommaso Becket, San Bonifacio, i Santi Tommaso More e Giovanni Fisher, i martiri del Nord America, San Paolo Miki e compagni (martiri del Giappone), Sant&#8217;Andrea Kim e i suoi Compagni (Martiri della Corea), Saint Charles Lwanga e dei suoi Compagni (Martiri dell&#8217;Uganda), e una miriade di altri. Oggi, pensiamo ai cristiani decapitati o comunque uccisi in Iraq e in altri paesi dai terroristi islamici perch\u00e9 si rifiutano di rinnegare la loro fede in Ges\u00f9 Cristo e di abbracciare l&#8217;Islam.<\/span><\/p>\n<p class=\"p4\"><span class=\"s1\">Padre Hardon ci ricorda i tanti martiri di sangue nel nostro tempo, che &#8220;si uniscono a Cristo in espiazione [per l&#8217;enormit\u00e0 dei peccati di oggi] e in un appello urgente alla misericordia di Dio&#8221;[23]. Padre Hardon ci ricorda anche che il martiri di sangue, che uniscono la loro sofferenza e che muoiono per la sofferenza e la morte di Cristo, applicano &#8220;i frutti della redenzione [del mondo] per l&#8217;umanit\u00e0 peccatrice&#8221;. [24] E conclude: &#8220;Una cosa che non abbiamo l&#8217;adire di dimenticare \u00e8 che questi martiri di oggi sono i nostri compagni membra del corpo mistico. Attraverso le loro sofferenze siamo resi tutti pi\u00f9 ricchi, come attraverso i loro meriti tutta la Chiesa diventa pi\u00f9 santa&#8221;. [25]<\/span><\/p>\n<p class=\"p4\"><span class=\"s1\"><b>La seconda forma di martirio \u00e8 il Martirio di persecuzione o di opposizione<\/b>. Attraverso il martirio di persecuzione, i fedeli soffrono molto anche se la loro sofferenza non finisce con la morte violenta. Si pensi, ad esempio, alla sofferenza di tanti cristiani sotto i vari regimi comunisti del nostro tempo. A volte questi martiri della persecuzione hanno trascorso anni nelle prigioni in Siberia o in Viet Nam. Il Servo di Dio ci ricorda che molti martiri della persecuzione &#8220;sono apparentemente liberi di camminare per le strade e vivere in una casa&#8221;, ma &#8220;sono privati di ogni libert\u00e0 umana di praticare la loro religione e di servire Cristo secondo la loro fede&#8221;. [ 26] Oggi, in Iraq e in altri paesi, i fedeli che si rifiutano di apostatare e non vengono uccisi preferiscono abbandonare tutti i loro beni, per andare esuli in un paese straniero, a loro sconosciuto, in cui possano vivere secondo la loro fede.<\/span><\/p>\n<p class=\"p8\"><span class=\"s2\">Non si pu\u00f2 fare a meno di pensare alla situazione attuale in alcune nazioni. Un governo totalmente secolarizzato rende legali e promuove le violazioni pi\u00f9 gravi della legge morale, ad esempio, l&#8217;aborto procurato, l&#8217;eutanasia, il cosiddetto &#8220;matrimonio omosessuale&#8221;, la clonazione umana e la distruzione di embrioni umani per la ricerca, e ora sta cercando di forzare cattolici e altre persone di buona volont\u00e0 a cooperare formalmente al male con atti che violano la loro coscienza. I cattolici sono chiamati oggi, pi\u00f9 che mai, ad alzarsi in piedi per la verit\u00e0 che Cristo ci insegna, anche se questo significa la perdita di beni, vessazioni da parte del governo e detenzione. Penso, per esempio, alla minaccia di togliere l&#8217;esenzione fiscale, con i suoi effetti disastrosi su molti tipi di apostolato della Chiesa, che pu\u00f2 essere il risultato necessario del rimanere fedeli alla nostra fede e alla legge morale. Non possiamo fare nulla di meno che rimanere fedeli a Nostro Signore Ges\u00f9 Cristo e alla verit\u00e0, che ci porge nella sua Santa Chiesa, non importa quale sia la sofferenza o la persecuzione che si debba affrontare.<\/span><\/p>\n<p class=\"p4\"><span class=\"s1\">Padre Hardon illustra la natura del martirio di persecuzione o di opposizione attraverso il testo del libro della Sapienza, capitolo 2, versetti da 6 a 19. Il testo ci insegna che ci sono due ragioni &#8220;per cui le persone mondane perseguitano coloro che cercano di servire Dio&#8221;[27]. Prima di tutto &#8220;gli empi (come vengono chiamati) dicono a se stessi con ragionamento fallace che tutto ci\u00f2 che devono cercare \u00e8 quello che questo mondo loro offre&#8221;.[28] Nel libro della Sapienza si legge:<\/span><\/p>\n<p class=\"p9\"><span class=\"s1\">&#8220;Su, godiamoci i beni presenti, facciamo uso delle creature con ardore giovanile! inebriamoci di vino squisito e di profumi, non lasciamoci sfuggire il fiore della primavera. Nessuno di noi manchi alla nostra intemperanza. Lasciamo dovunque i segni della nostra gioia perch\u00e9 questo ci spetta, questa \u00e8 la nostra parte&#8221;.[29]<\/span><\/p>\n<p class=\"p4\"><span class=\"s1\">In secondo luogo, &#8220;rivolgono la loro attenzione ai fedeli credenti che sono un rimprovero permanente agli empi&#8221;.[30] Nel <i>libro della Sapienza<\/i> si legge:<\/span><\/p>\n<p class=\"p9\"><span class=\"s1\">Spadroneggiamo sul giusto povero, non risparmiamo le vedove, nessun riguardo per la canizie ricca d&#8217;anni del vecchio. La nostra forza sia regola della giustizia, perch\u00e9 la debolezza risulta inutile. Tendiamo insidie al giusto, perch\u00e9 ci \u00e8 di imbarazzo ed \u00e8 contrario alle nostre azioni; ci rimprovera le trasgressioni della legge e ci rinfaccia le mancanze contro l&#8217;educazione da noi ricevuta. &#8220;. [31]<\/span><\/p>\n<p class=\"p4\"><span class=\"s1\">Come il testo chiarisce, il seguace della verit\u00e0 scritta da Dio in ogni cuore umano soffrir\u00e0 persecuzioni per mano di chi preferisce la comodit\u00e0 immediata e il piacere delle bugie, anche la pi\u00f9 grossolana delle bugie. La sofferenza \u00e8 resa pi\u00f9 dura dal tradimento della verit\u00e0 da parte di coloro che affermano di seguire Cristo e di essere membri della sua Chiesa, anche Vescovi, sacerdoti e consacrati.<\/span><\/p>\n<p class=\"p4\"><span class=\"s1\">Il Martirio di persecuzione \u00e8 una partecipazione alla Passione di nostro Signore Ges\u00f9 Cristo e, di conseguenza, porta al cristiano la gioia pi\u00f9 profonda, nonostante l&#8217;intensit\u00e0 della sofferenza in cui \u00e8 coinvolto. San Paolo che ha sofferto cos\u00ec tanto la persecuzione e infine la morte come martire per amore di Cristo e del suo Corpo mistico, la Chiesa, ci fornisce una profonda meditazione sul significato del martirio di persecuzione. Nella Lettera ai Colossesi, egli scrive:<\/span><\/p>\n<p class=\"p9\"><span class=\"s1\">Perci\u00f2 sono lieto delle sofferenze che sopporto per voi e completo nella mia carne quello che manca ai patimenti di Cristo, a favore del suo corpo che \u00e8 la Chiesa. Di essa sono diventato ministro, secondo la missione affidatami da Dio presso di voi di realizzare la sua parola, cio\u00e8 il mistero nascosto da secoli e da generazioni, ma ora manifestato ai suoi santi, ai quali Dio volle far conoscere la gloriosa ricchezza di questo mistero in mezzo ai pagani, cio\u00e8 Cristo in voi, speranza della gloria. \u00c8 Lui infatti che noi annunziamo, ammonendo e istruendo ogni uomo con ogni sapienza, per rendere ciascuno perfetto in Cristo. Per questo mi affatico e lotto, con la forza che viene da lui e che agisce in me con potenza [32]<\/span><\/p>\n<p class=\"p4\"><span class=\"s1\">Le sofferenze di Cristo sono perfette. Quanto resta ancora per noi \u00e8 unire noi stessi a Cristo nella Sua sofferenza per amore della salvezza del mondo. Cristo ha ottenuto la vittoria sul peccato, la vittoria della vita eterna, ma a noi rimane da vivere quella vittoria nelle circostanze della nostra vita quotidiana, anche di fronte alla persecuzione. In questo modo, la gloria di Cristo \u00e8 visibile in noi e attira molti alla salvezza eterna.<\/span><\/p>\n<p class=\"p4\"><span class=\"s1\"><b>La terza forma \u00e8 il Martirio di testimonianza, che \u00e8 il pi\u00f9 comune.<\/b> Nelle parole di Padre Hardon, &#8220;nessun seguace di Cristo vi pu\u00f2 sfuggire.&#8221; [33] Il martire di testimonianza non pu\u00f2 affrontare l&#8217;opposizione attiva, ma deve affrontare l&#8217;opposizione passiva per mano di &#8220;coloro che mancano di una chiara visione del Salvatore o che, dopo averla avuta, hanno abbandonato il loro impegno per Cristo&#8221; [34]. Padre Hardon descrive la situazione con queste parole:<\/span><\/p>\n<p class=\"p9\"><span class=\"s1\">A questo punto il fermo credente nel magistero della Chiesa: il servo devoto del papato; il pastore convinto che insiste col suo gregge sulla sana dottrina; il religioso scrupoloso che vuol rimanere fedele ai voti di povert\u00e0 autentica, castit\u00e0 schietta e obbedienza sincera; i genitori risoluti preoccupati per la formazione religiosa e morale dei figli e disposti a sacrificarsi generosamente per costruire e prendersi cura di una famiglia cristiana &#8211; naturale o adottiva &#8211; a tali persone non saranno risparmiate anche la critica attiva e l&#8217;aperta opposizione. Ma essi devono soprattutto essere pronti a vivere in un clima di freddezza rispetto alle loro convinzioni pi\u00f9 profonde. [35]<\/span><\/p>\n<p class=\"p4\"><span class=\"s1\">Qui la sofferenza spesso deriva dalla &#8220;studiata indifferenza di persone che [i fedeli devoti] conoscono e amano, di persone della propria famiglia naturale o religiosa, di uomini e donne la cui intelligenza rispettano e il cui rispetto hanno a cuore.&#8221; [36]<\/span><\/p>\n<p class=\"p4\"><span class=\"s1\">Nelle parole di Padre Hardon, il martirio &#8220;si trova nella privazione del buon esempio per noi da parte dei nostri contemporanei, ed \u00e8 la pratica della virt\u00f9 cristiana in solitudine, perch\u00e9 quelli che testimoniano ci\u00f2 che facciamo sono la maggioranza &#8211; numericamente e psicologicamente &#8211; e sappiamo che sono a disagio a causa della testimonianza. Testimoniamo loro, \u00e8 vero, ma essi non sono contenti di assistere a ci\u00f2 che siamo, a ci\u00f2 che rappresentiamo, a ci\u00f2 che diciamo, o a ci\u00f2 che facciamo \u00bb[37]. Tale martirio \u00e8 la testimonianza giornaliera offerta da tutti i fedeli cattolici nella societ\u00e0 totalmente secolarizzata, e nella Chiesa che subisce altrettanto la secolarizzazione.<\/span><\/p>\n<p class=\"p8\"><span class=\"s2\">Il cardinale Joseph Ratzinger ha affrontato la situazione del martirio di testimonianza nel nostro tempo nella sua omelia durante la Messa per l&#8217;elezione del Romano Pontefice, celebrata prima del conclave durante il quale \u00e8 stato eletto alla Sede di Pietro. Ha parlato di come &#8220;il pensiero di molti cristiani&#8221; \u00e8 stato sballottato, nel nostro tempo, da varie &#8220;correnti ideologiche&#8221;, osservando che siamo testimoni dell&#8217; &#8220;inganno degli uomini, dell\u2019astuzia che tende a trarre nell\u2019errore&#8221; come san Paolo ha scritto nella sua <i>Lettera agli Efesini<\/i>[38]. Egli ha osservato che, nel nostro tempo, coloro che vivono secondo &#8220;una fede chiara, secondo il Credo della Chiesa&#8221; sono visti come fondamentalisti, come estremisti, mentre il relativismo, cio\u00e8 &#8220;lasciarsi portare &#8216;qua e l\u00e0 da qualsiasi vento di dottrina&#8217;,&#8221; viene esaltato[39]. Riguardo alla fonte dei gravi mali morali del nostro tempo, ha concluso: &#8220;Si va costituendo una dittatura del relativismo che non riconosce nulla come definitivo e che lascia come ultima misura solo il proprio io e le sue voglie.&#8221;[40]. Il clima della dittatura del relativismo rende il martirio di testimonianza sempre pi\u00f9 urgente, mentre, allo stesso tempo, soggioga il cristiano che d\u00e0 testimonianza di una particolare forma di sofferenza.<\/span><\/p>\n<p class=\"p4\"><span class=\"s1\">Padre Hardon conclude ricordando che il martirio della testimonianza non \u00e8 affatto inutile. Egli ci ricorda che, mentre la nostra testimonianza sicuramente ci coster\u00e0 molto in termini umani, &#8220;la grazia di Dio \u00e8 sempre attiva nei cuori di tutti coloro il cui percorso si attraversa&#8221;. [41] Anche se il sangue dei martiri ha prodotto notevole crescita nella Chiesa in ogni tempo e in ogni luogo, cos\u00ec anche il quotidiano martirio di testimonianza dei nostri fedeli non mancher\u00e0 di portare grande frutto per la trasformazione della nostra societ\u00e0.<\/span><\/p>\n<p class=\"p4\"><span class=\"s1\">Riferendosi ai primi martiri della Chiesa, Padre Hardon ci insegna:<\/span><\/p>\n<p class=\"p9\"><span class=\"s1\">Ma la loro pazienza e mitezza, \u00e8 infine prevalsa. S\u00ec, ma solo perch\u00e9 \u00e8 stata sostenuta dal coraggio senza limiti, nato non dalla propria forza, ma dal potere che Cristo ha promesso di dare a tutti i suoi seguaci per la testimonianza del suo nome in tutto il mondo. Questa promessa \u00e8 altrettanto vera oggi. Tutto ci\u00f2 che ci serve \u00e8 avere fiducia nello Spirito che noi possediamo, e mai stancarci nel dare testimonianza alla grazia che abbiamo ricevuto. [42]<\/span><\/p>\n<p class=\"p4\"><span class=\"s1\">Non dobbiamo mai cessare di implorare il Signore di concederci utte le grazie di cui abbiamo bisogno per essere suoi testimoni fedeli nel mondo, in particolare la grazia del coraggio di pagare il prezzo della sofferenza per fare ci\u00f2 che \u00e8 giusto e buono.<\/span><\/p>\n<p class=\"p4\"><span class=\"s1\">Nel suo libro, <i>La vita spirituale nel mondo moderno<\/i>, in cui espone in modo chiaro il senso della nostra comunione con Cristo nella sua sofferenza, passione e morte, il Servo di Dio ha citato Sant&#8217;Ignazio di Loyola, suo &#8220;padre in Dio&#8221; circa la necessit\u00e0 di chiedere a Dio nella preghiera per chi soffre, in modo che l&#8217;amore di Dio possa crescere nei nostri cuori. Padre Hardon ha poi commentato:<\/span><\/p>\n<p class=\"p10\"><span class=\"s2\">Il problema con le citazioni di questo genere dei mistici \u00e8 che siamo portati a pensare che essi siano differenti da noi. Non \u00e8 cos\u00ec. Si riduce il sacrificio e la croce come piace a noi. Ma qui appunto \u00e8 il segreto della santit\u00e0. \u00c8 possibile, per grazia divina, per l&#8217;amore di Dio raggiungere nei nostri cuori un livello in cui sperimentiamo la gioia nella sofferenza. Bene, davvero! Ed \u00e8 un assaggio di questa gioia che il Salvatore ha promesso a tutti coloro che sinceramente si sforzano di diventare come Lui, abbracciando ci\u00f2 che Egli ha abbracciato &#8211; la croce &#8211; Lui, per amore di suo Padre; noi, per amore di Padre, Figlio e Spirito Santo. Il costo di amare Dio \u00e8 alto ma Dio vi passa attraverso. Il prezzo che paghiamo viene premiato con una esperienza della Sua presenza, il senso della sua intimit\u00e0, e una gioia che, i santi ci dicono, \u00e8 cos\u00ec dolce che non cambierebbero le loro sofferenze con tutti i piaceri del mondo. Chiediamo al nostro Salvatore non solo di ascoltare o avvertire ci\u00f2 che coloro che hanno imparato ad amare Dio, ci dicono, ma di insegnarci con l&#8217;esperienza che questa grande saggezza \u00e8 vera[43].<\/span><\/p>\n<p class=\"p4\"><span class=\"s1\">Il Servo di Dio era realista circa l&#8217;alto prezzo da pagare per rimanere fedeli a Cristo, ma nello stesso tempo si diceva fiducioso nell&#8217;aiuto della grazia di Dio per renderci saggi e forti nel pagare il prezzo, non importa quanto alto, mentre ci viene data anche la consolazione di una comunione sempre pi\u00f9 profonda con Cristo nella sua sofferenza e morte, che porta alla sua resurrezione dai morti.<\/span><\/p>\n<p class=\"p4\"><span class=\"s1\"><b>Conclusione<\/b><\/span><\/p>\n<p class=\"p4\"><span class=\"s1\">Nel contesto del <i>Rome Life Forum<\/i>, concludo esprimendo il mio profondo apprezzamento per il martirio che tanti di voi abbracciano per il bene della difesa della vita umana e della sua culla nella unione coniugale tra marito e moglie. La mia speranza \u00e8 che queste poche riflessioni sul martirio cristiano nel pensiero del Servo di Dio Padre John A. Hardon, SJ, vi siano di qualche aiuto per giungere a una pi\u00f9 profonda conoscenza di Cristo e della nostra vita in Lui nella Sua santa Chiesa. In modo particolare, spero che vi spinger\u00e0 ad attingere sempre pi\u00f9 la forte grazia dei sacramenti della Penitenza e della Santa Eucaristia, e dalla grazia del vostro stato di vita, soprattutto per i consacrati nei sacramenti del matrimonio e dell&#8217;Ordine, al fine di modellare la vostra vita in modo pi\u00f9 pieno a Cristo, per consacrare pi\u00f9 totalmente il vostro cuore, unito al Cuore Immacolato di Maria, al Sacro Cuore di Ges\u00f9.<\/span><\/p>\n<p class=\"p4\"><span class=\"s1\">Possa Maria Immacolata, Madre di Dio, alla quale il Servo di Dio si rivolse cos\u00ec spesso nelle sue preghiere, intercedere per noi ogni giorno, in modo che possiamo essere veri martiri per amore di Cristo e del suo Corpo mistico, la Chiesa. Quando i tempi sono difficili, il che pu\u00f2 accadere spesso, trovo utile ricordare a me stesso la ragione della nostra testimonianza: l&#8217;amore di Cristo e del suo Corpo mistico che \u00e8 la Chiesa. Amo Cristo, e amo il suo Corpo mistico che \u00e8 la Chiesa, e cos\u00ec anche voi. Abbracciamo l&#8217;indifferenza, il ridicolo, il rifiuto, e altre forme di persecuzione perch\u00e9 amiamo il Signore e tutti i nostri fratelli e sorelle in Lui, nella Sua santa Chiesa.<\/span><\/p>\n<p class=\"p4\"><span class=\"s1\">Grazie. Dio vi benedica.<\/span><\/p>\n<p class=\"p4\"><span class=\"s1\">Cardinale Raymond Leo BURKE<\/span><\/p>\n<p class=\"p4\"><span class=\"s1\">__________________________________<\/span><\/p>\n<p class=\"p4\"><span class=\"s1\">[1] Gv 8, 11.<\/span><\/p>\n<p class=\"p4\"><span class=\"s1\">[2] Cf. <i>Catechismo della Chiesa Cattolica<\/i>, n. 815. [CCC].<\/span><\/p>\n<p class=\"p4\"><span class=\"s1\">[3] John A. Hardon, SJ, <i>Marian Catechist Manual<\/i> (Bardstown: <i>la vita eterna<\/i>, 2000), p. xv. [MCM].<\/span><\/p>\n<p class=\"p4\"><span class=\"s1\">[4] &#8220;&#8230; consorzio humanum spiritu Christiano ubique Denuo imbuendum est.&#8221; Ioannes Paulus PP. II, Adhortatio Apostolica <i>Christifideles laici<\/i>, &#8220;De vocatione et Missione Laicorum in Ecclesia et in Mundo,&#8221; 30 Decembris 1988 Acta Apostolicae Sedis 81 (1989), p. 455, n. 34. [CL]. Traduzione italiana: Papa Giovanni Paolo II, post-sinodale<i> Christifideles laici<\/i>, il 30 dicembre 1988 &#8220;sulla vocazione e la missione dei laici nella Chiesa e nel mondo&#8221; (Citt\u00e0 del Vaticano: Libreria Editrice Vaticana, 1988) , p. 96, no. 34. [CLEng].<\/span><\/p>\n<p class=\"p4\"><span class=\"s1\">[5] &#8220;Id [consorzio humanum spiritu Christiano imbuendum] tamen POSSIBILE erit, si christianus communitatum ipsarum ecclesialium contextus , quae sua in regionibus et nationibus degunt, renovetur .&#8221; CL, 455, n. 34. traduzione in inglese: CLEng, p. 96, no. 34.<\/span><\/p>\n<p class=\"p4\"><span class=\"s1\">[6] &#8220;&#8230; testari quomodo christiana fides responsum constituat UNICE plene validum, ab omnibus pi\u00f9 minusve conscie Agnitum et invocatum, ad Quaestiones et exspectationes, Quas vita ipsa homini et societatibus imponit singulis.&#8221; CL, 455, n. 34. traduzione in inglese: CLEng, p. 96, no. 34.<\/span><\/p>\n<p class=\"p4\"><span class=\"s1\">[7] &#8220;&#8230; hiatum tra l&#8217;Evangelium et vitam in seipsis Superare Valeant, in quotidianis familiae navitatibus, in labore et in societate Componentes vitae Unitatem, quae in Evangelio lucem et vim pro SUA plena Invenit adimpletione.&#8221; CL, 455, n. 34. traduzione in inglese: CLEng, p. 96, no. 34.<\/span><\/p>\n<p class=\"p4\"><span class=\"s1\">[8] MCM, pp. Xv-xvi.<\/span><\/p>\n<p class=\"p4\"><span class=\"s1\">[9] Cfr Robert Sarah e Nicolas Diat, <i>Dieu ou rien <\/i>(Paris: Fayard, 2015).<\/span><\/p>\n<p class=\"p4\"><span class=\"s1\">[10] Cf. Robert Sarah e Nicolas Diat,\u00a0<i>God or nothing<\/i>, tr. Michael J. Miller (San Francisco: Ignatius Press, 2015).<\/span><\/p>\n<p class=\"p4\"><span class=\"s1\">[11] MCM, p. xvii.<\/span><\/p>\n<p class=\"p4\"><span class=\"s1\">[12] MCM, p. xvi.<\/span><\/p>\n<p class=\"p4\"><span class=\"s1\">[13] MCM, p. xvi.<\/span><\/p>\n<p class=\"p4\"><span class=\"s1\">[14] CCC, n. 2472.<\/span><\/p>\n<p class=\"p4\"><span class=\"s1\">[15] CCC, n. 2473.<\/span><\/p>\n<p class=\"p4\"><span class=\"s1\">[16] &#8220;Equidem mandatum Iesu:\u00ab Euntes praedicate Evangelium \u00bbSUA vi perpetuo Viget ac inoccidue urget: verumtamen Praesens conditio rerum , non solummodo in mundo sed in pluribus quoque Ecclesiae partibus, omnino requirit ut Chrisi verbo promptius ac magis dilatato corde obtemperetur ; quivis discipulus ita in SUA ipsius persona interpellatur, ut Nullus se nel proprio responso eliciendo retrahere possit: \u00abVae mihi est enim, si non evangelizavero!\u00bb ( 1 Cor 9, 16). CL, 454, n. 33. traduzione in inglese: CLEng, p. 94, no. 33.<\/span><\/p>\n<p class=\"p4\"><span class=\"s1\">[17] Atti 1, 18.<\/span><\/p>\n<p class=\"p4\"><span class=\"s1\">[18] John A. Hardon, SJ, <i>Santit\u00e0 nella Chiesa<\/i> (Bardstown, KY: la vita eterna, 2000), p. 29. [santit\u00e0].<\/span><\/p>\n<p class=\"p4\"><span class=\"s1\">[19] Santit\u00e0, pag. 30.<\/span><\/p>\n<p class=\"p4\"><span class=\"s1\">[20] Atti 5, 40-41.<\/span><\/p>\n<p class=\"p4\"><span class=\"s1\">[21] Santit\u00e0, pag. 31.<\/span><\/p>\n<p class=\"p4\"><span class=\"s1\">[22] CCC, n. 2473.<\/span><\/p>\n<p class=\"p4\"><span class=\"s1\">[23] Santit\u00e0, pag. 32.<\/span><\/p>\n<p class=\"p4\"><span class=\"s1\">[24] Santit\u00e0, pag. 33.<\/span><\/p>\n<p class=\"p4\"><span class=\"s1\">[25] Santit\u00e0, pag. 33.<\/span><\/p>\n<p class=\"p4\"><span class=\"s1\">[26] Santit\u00e0, pag. 33.<\/span><\/p>\n<p class=\"p4\"><span class=\"s1\">[27] Santit\u00e0, pag. 35.<\/span><\/p>\n<p class=\"p4\"><span class=\"s1\">[28] Santit\u00e0, pag. 35 .<\/span><\/p>\n<p class=\"p4\"><span class=\"s1\">[29] Sap 2, 6.<\/span><\/p>\n<p class=\"p4\"><span class=\"s1\">[30] Santit\u00e0, pag. 35.<\/span><\/p>\n<p class=\"p4\"><span class=\"s1\">[31] Sap 2, 10-12.<\/span><\/p>\n<p class=\"p4\"><span class=\"s1\">[32] Col 1, 24-29.<\/span><\/p>\n<p class=\"p4\"><span class=\"s1\">[33] Santit\u00e0, pag. 36.<\/span><\/p>\n<p class=\"p4\"><span class=\"s1\">[34] Santit\u00e0, pag. 36.<\/span><\/p>\n<p class=\"p4\"><span class=\"s1\">[35] Santit\u00e0, pag. 38.<\/span><\/p>\n<p class=\"p4\"><span class=\"s1\">[36] Santit\u00e0, pag. 38.<\/span><\/p>\n<p class=\"p4\"><span class=\"s1\">[37] Santit\u00e0, pag. 38.<\/span><\/p>\n<p class=\"p4\"><span class=\"s1\">[38] &#8220;&#8230; Correnti ideologiche &#8230; pensiero di MOLTI Cristiani &#8230; sull&#8217;inganno degli Uomini, sull&#8217;astuzia Che tende a trarre nell&#8217;errore.&#8221; &#8220;Initium Conclavis,&#8221; 18 Aprilis 2005, Acta Apostolicae Sedis 97 (2005), 687. [CIRCUITO INTEGRATO]. Traduzione italiana: Il cardinale Joseph Ratzinger, &#8220;Messa per l&#8217;elezione del Romano Pontefice: Lunedi, 18 aprile: Omelia del cardinale che divenne Papa,&#8221; L&#8217;Osservatore Romano edizione settimanale in lingua inglese, il 20 aprile 2005 pag. 3. [ICEng]. Cf. Ef 4, 14.<\/span><\/p>\n<p class=\"p4\"><span class=\"s1\">[39] &#8220;&#8230; una fede chiara, Secondo il Credo della Chiesa &#8230; Il lasciarsi Portare\u00ab qua e l\u00e0 da Qualsiasi vento di Dottrina \u00bb.&#8221; IC, 687. traduzione in inglese: ICEng, p. 3.<\/span><\/p>\n<p class=\"p4\"><span class=\"s1\">[40] &#8220;Si va Costituendo Una dittatura del relativismo Che non riconosce nulla venire definitivo e il Che Lascia come ultima Misura solista il proprio io e le sue voglie&#8221;. IC, 687. traduzione in inglese: ICEng, p. 3.<\/span><\/p>\n<p class=\"p4\"><span class=\"s1\">[41] Santit\u00e0, pag. 38.<\/span><\/p>\n<p class=\"p4\"><span class=\"s1\">[42] Santit\u00e0, pag. 39.<\/span><\/p>\n<p class=\"p4\"><span class=\"s1\">[43] John A. Hardon, SJ, <i>Spiritual Life in the Modern World<\/i> (Boston: Figlie di St. Paul, 1982), p. 99.<\/span><\/p>\n<p class=\"p8\"><span class=\"s2\">[Traduzione a cura di <a href=\"http:\/\/chiesaepostconcilio.blogspot.it\/2016\/05\/card-raymond-leo-burke-il-martirio-per.html\">Chiesa e post-concilio<\/a>]<\/span><\/p>\n<p>[\/vc_column_text][\/vc_column][\/vc_row]<\/p>\n<\/div>","protected":false},"excerpt":{"rendered":"<p>[vc_row][vc_column][vc_empty_space][vc_column_text] Nei giorni precedenti la Marcia per la Vita, 6-7 maggio scorso, si \u00e8 svolto a Roma, presso l&#8217;Hotel Columbus&#8230;<\/p>\n","protected":false},"author":3,"featured_media":2972,"comment_status":"closed","ping_status":"closed","sticky":false,"template":"","format":"standard","meta":{"footnotes":""},"categories":[36],"tags":[796,728,795,56,172,18],"class_list":{"0":"post-2970","1":"post","2":"type-post","3":"status-publish","4":"format-standard","5":"has-post-thumbnail","7":"category-conferenze-e-interviste","8":"tag-ambiguita","9":"tag-amoris-laetitia","10":"tag-card-burke","11":"tag-famiglia","12":"tag-indissolubilita","13":"tag-matrimonio"},"yoast_head":"<!-- This site is optimized with the Yoast SEO plugin v27.5 - https:\/\/yoast.com\/product\/yoast-seo-wordpress\/ -->\n<title>Card. Raymond Leo Burke - Il martirio per la fede nel nostro tempo per &quot;resistere&quot; agli errori - Veritatemincaritate<\/title>\n<meta name=\"robots\" content=\"index, follow, max-snippet:-1, max-image-preview:large, max-video-preview:-1\" \/>\n<link rel=\"canonical\" href=\"https:\/\/www.veritatemincaritate.com\/wp\/2016\/05\/card-raymond-leo-burke-il-martirio-per-la-fede-nel-nostro-tempo-per-resistere-agli-errori\/\" \/>\n<meta property=\"og:locale\" content=\"it_IT\" \/>\n<meta property=\"og:type\" content=\"article\" \/>\n<meta property=\"og:title\" content=\"Card. Raymond Leo Burke - Il martirio per la fede nel nostro tempo per &quot;resistere&quot; agli errori - Veritatemincaritate\" \/>\n<meta property=\"og:description\" content=\"[vc_row][vc_column][vc_empty_space][vc_column_text] Nei giorni precedenti la Marcia per la Vita, 6-7 maggio scorso, si \u00e8 svolto a Roma, presso l&#8217;Hotel Columbus...\" \/>\n<meta property=\"og:url\" content=\"https:\/\/www.veritatemincaritate.com\/wp\/2016\/05\/card-raymond-leo-burke-il-martirio-per-la-fede-nel-nostro-tempo-per-resistere-agli-errori\/\" \/>\n<meta property=\"og:site_name\" content=\"Veritatemincaritate\" \/>\n<meta property=\"article:publisher\" content=\"https:\/\/www.facebook.com\/pgiorgiomariafare\" \/>\n<meta property=\"article:published_time\" content=\"2016-05-17T13:18:46+00:00\" \/>\n<meta property=\"article:modified_time\" content=\"2016-05-17T13:30:53+00:00\" \/>\n<meta property=\"og:image\" content=\"https:\/\/www.veritatemincaritate.com\/wp\/wp-content\/uploads\/2016\/05\/Burke-and-Shneider-RomeLifeForum2016.jpg\" \/>\n\t<meta property=\"og:image:width\" content=\"645\" \/>\n\t<meta property=\"og:image:height\" content=\"416\" \/>\n\t<meta property=\"og:image:type\" content=\"image\/jpeg\" \/>\n<meta name=\"author\" content=\"Gv1114\" \/>\n<meta name=\"twitter:card\" content=\"summary_large_image\" \/>\n<meta name=\"twitter:label1\" content=\"Scritto da\" \/>\n\t<meta name=\"twitter:data1\" content=\"Gv1114\" \/>\n\t<meta name=\"twitter:label2\" content=\"Tempo di lettura stimato\" \/>\n\t<meta name=\"twitter:data2\" content=\"30 minuti\" \/>\n<script type=\"application\/ld+json\" class=\"yoast-schema-graph\">{\"@context\":\"https:\\\/\\\/schema.org\",\"@graph\":[{\"@type\":\"Article\",\"@id\":\"https:\\\/\\\/www.veritatemincaritate.com\\\/wp\\\/2016\\\/05\\\/card-raymond-leo-burke-il-martirio-per-la-fede-nel-nostro-tempo-per-resistere-agli-errori\\\/#article\",\"isPartOf\":{\"@id\":\"https:\\\/\\\/www.veritatemincaritate.com\\\/wp\\\/2016\\\/05\\\/card-raymond-leo-burke-il-martirio-per-la-fede-nel-nostro-tempo-per-resistere-agli-errori\\\/\"},\"author\":{\"name\":\"Gv1114\",\"@id\":\"https:\\\/\\\/www.veritatemincaritate.com\\\/wp\\\/#\\\/schema\\\/person\\\/17ae821a27aada104588a1d94f526471\"},\"headline\":\"Card. Raymond Leo Burke &#8211; Il martirio per la fede nel nostro tempo per &#8220;resistere&#8221; agli errori\",\"datePublished\":\"2016-05-17T13:18:46+00:00\",\"dateModified\":\"2016-05-17T13:30:53+00:00\",\"mainEntityOfPage\":{\"@id\":\"https:\\\/\\\/www.veritatemincaritate.com\\\/wp\\\/2016\\\/05\\\/card-raymond-leo-burke-il-martirio-per-la-fede-nel-nostro-tempo-per-resistere-agli-errori\\\/\"},\"wordCount\":6170,\"publisher\":{\"@id\":\"https:\\\/\\\/www.veritatemincaritate.com\\\/wp\\\/#organization\"},\"image\":{\"@id\":\"https:\\\/\\\/www.veritatemincaritate.com\\\/wp\\\/2016\\\/05\\\/card-raymond-leo-burke-il-martirio-per-la-fede-nel-nostro-tempo-per-resistere-agli-errori\\\/#primaryimage\"},\"thumbnailUrl\":\"https:\\\/\\\/www.veritatemincaritate.com\\\/wp\\\/wp-content\\\/uploads\\\/2016\\\/05\\\/Burke-and-Shneider-RomeLifeForum2016.jpg\",\"keywords\":[\"ambiguit\u00e0\",\"Amoris Laetitia\",\"Card. Burke\",\"famiglia\",\"indissolubilit\u00e0\",\"matrimonio\"],\"articleSection\":[\"Conferenze e interviste\"],\"inLanguage\":\"it-IT\"},{\"@type\":\"WebPage\",\"@id\":\"https:\\\/\\\/www.veritatemincaritate.com\\\/wp\\\/2016\\\/05\\\/card-raymond-leo-burke-il-martirio-per-la-fede-nel-nostro-tempo-per-resistere-agli-errori\\\/\",\"url\":\"https:\\\/\\\/www.veritatemincaritate.com\\\/wp\\\/2016\\\/05\\\/card-raymond-leo-burke-il-martirio-per-la-fede-nel-nostro-tempo-per-resistere-agli-errori\\\/\",\"name\":\"Card. Raymond Leo Burke - Il martirio per la fede nel nostro tempo per \\\"resistere\\\" agli errori - Veritatemincaritate\",\"isPartOf\":{\"@id\":\"https:\\\/\\\/www.veritatemincaritate.com\\\/wp\\\/#website\"},\"primaryImageOfPage\":{\"@id\":\"https:\\\/\\\/www.veritatemincaritate.com\\\/wp\\\/2016\\\/05\\\/card-raymond-leo-burke-il-martirio-per-la-fede-nel-nostro-tempo-per-resistere-agli-errori\\\/#primaryimage\"},\"image\":{\"@id\":\"https:\\\/\\\/www.veritatemincaritate.com\\\/wp\\\/2016\\\/05\\\/card-raymond-leo-burke-il-martirio-per-la-fede-nel-nostro-tempo-per-resistere-agli-errori\\\/#primaryimage\"},\"thumbnailUrl\":\"https:\\\/\\\/www.veritatemincaritate.com\\\/wp\\\/wp-content\\\/uploads\\\/2016\\\/05\\\/Burke-and-Shneider-RomeLifeForum2016.jpg\",\"datePublished\":\"2016-05-17T13:18:46+00:00\",\"dateModified\":\"2016-05-17T13:30:53+00:00\",\"breadcrumb\":{\"@id\":\"https:\\\/\\\/www.veritatemincaritate.com\\\/wp\\\/2016\\\/05\\\/card-raymond-leo-burke-il-martirio-per-la-fede-nel-nostro-tempo-per-resistere-agli-errori\\\/#breadcrumb\"},\"inLanguage\":\"it-IT\",\"potentialAction\":[{\"@type\":\"ReadAction\",\"target\":[\"https:\\\/\\\/www.veritatemincaritate.com\\\/wp\\\/2016\\\/05\\\/card-raymond-leo-burke-il-martirio-per-la-fede-nel-nostro-tempo-per-resistere-agli-errori\\\/\"]}]},{\"@type\":\"ImageObject\",\"inLanguage\":\"it-IT\",\"@id\":\"https:\\\/\\\/www.veritatemincaritate.com\\\/wp\\\/2016\\\/05\\\/card-raymond-leo-burke-il-martirio-per-la-fede-nel-nostro-tempo-per-resistere-agli-errori\\\/#primaryimage\",\"url\":\"https:\\\/\\\/www.veritatemincaritate.com\\\/wp\\\/wp-content\\\/uploads\\\/2016\\\/05\\\/Burke-and-Shneider-RomeLifeForum2016.jpg\",\"contentUrl\":\"https:\\\/\\\/www.veritatemincaritate.com\\\/wp\\\/wp-content\\\/uploads\\\/2016\\\/05\\\/Burke-and-Shneider-RomeLifeForum2016.jpg\",\"width\":645,\"height\":416},{\"@type\":\"BreadcrumbList\",\"@id\":\"https:\\\/\\\/www.veritatemincaritate.com\\\/wp\\\/2016\\\/05\\\/card-raymond-leo-burke-il-martirio-per-la-fede-nel-nostro-tempo-per-resistere-agli-errori\\\/#breadcrumb\",\"itemListElement\":[{\"@type\":\"ListItem\",\"position\":1,\"name\":\"Home\",\"item\":\"https:\\\/\\\/www.veritatemincaritate.com\\\/wp\\\/\"},{\"@type\":\"ListItem\",\"position\":2,\"name\":\"Card. Raymond Leo Burke &#8211; Il martirio per la fede nel nostro tempo per &#8220;resistere&#8221; agli errori\"}]},{\"@type\":\"WebSite\",\"@id\":\"https:\\\/\\\/www.veritatemincaritate.com\\\/wp\\\/#website\",\"url\":\"https:\\\/\\\/www.veritatemincaritate.com\\\/wp\\\/\",\"name\":\"Veritatemincaritate\",\"description\":\"Agendo secondo verit\u00e0 nella carit\u00e0, cerchiamo di crescere in ogni cosa tendendo a lui, che \u00e8 il capo, Cristo\",\"publisher\":{\"@id\":\"https:\\\/\\\/www.veritatemincaritate.com\\\/wp\\\/#organization\"},\"potentialAction\":[{\"@type\":\"SearchAction\",\"target\":{\"@type\":\"EntryPoint\",\"urlTemplate\":\"https:\\\/\\\/www.veritatemincaritate.com\\\/wp\\\/?s={search_term_string}\"},\"query-input\":{\"@type\":\"PropertyValueSpecification\",\"valueRequired\":true,\"valueName\":\"search_term_string\"}}],\"inLanguage\":\"it-IT\"},{\"@type\":\"Organization\",\"@id\":\"https:\\\/\\\/www.veritatemincaritate.com\\\/wp\\\/#organization\",\"name\":\"Veritatem facientes in Caritate\",\"url\":\"https:\\\/\\\/www.veritatemincaritate.com\\\/wp\\\/\",\"logo\":{\"@type\":\"ImageObject\",\"inLanguage\":\"it-IT\",\"@id\":\"https:\\\/\\\/www.veritatemincaritate.com\\\/wp\\\/#\\\/schema\\\/logo\\\/image\\\/\",\"url\":\"https:\\\/\\\/www.veritatemincaritate.com\\\/wp\\\/wp-content\\\/uploads\\\/2020\\\/07\\\/Logo-VIC-per-canale-Youtube.jpg\",\"contentUrl\":\"https:\\\/\\\/www.veritatemincaritate.com\\\/wp\\\/wp-content\\\/uploads\\\/2020\\\/07\\\/Logo-VIC-per-canale-Youtube.jpg\",\"width\":720,\"height\":720,\"caption\":\"Veritatem facientes in Caritate\"},\"image\":{\"@id\":\"https:\\\/\\\/www.veritatemincaritate.com\\\/wp\\\/#\\\/schema\\\/logo\\\/image\\\/\"},\"sameAs\":[\"https:\\\/\\\/www.facebook.com\\\/pgiorgiomariafare\",\"https:\\\/\\\/instagram.com\\\/padre_giorgio_maria_fare?igshid=1p8wsw6b3edkc\",\"https:\\\/\\\/www.youtube.com\\\/channel\\\/UCFqjpT1nX60rx3m_SELg3lA\"]},{\"@type\":\"Person\",\"@id\":\"https:\\\/\\\/www.veritatemincaritate.com\\\/wp\\\/#\\\/schema\\\/person\\\/17ae821a27aada104588a1d94f526471\",\"name\":\"Gv1114\",\"image\":{\"@type\":\"ImageObject\",\"inLanguage\":\"it-IT\",\"@id\":\"https:\\\/\\\/secure.gravatar.com\\\/avatar\\\/5d29baa7fbb92e99034e1d9f7a4f83926de7a8a8f450bf35d58714f1ec0a3c39?s=96&d=mm&r=g\",\"url\":\"https:\\\/\\\/secure.gravatar.com\\\/avatar\\\/5d29baa7fbb92e99034e1d9f7a4f83926de7a8a8f450bf35d58714f1ec0a3c39?s=96&d=mm&r=g\",\"contentUrl\":\"https:\\\/\\\/secure.gravatar.com\\\/avatar\\\/5d29baa7fbb92e99034e1d9f7a4f83926de7a8a8f450bf35d58714f1ec0a3c39?s=96&d=mm&r=g\",\"caption\":\"Gv1114\"}}]}<\/script>\n<!-- \/ Yoast SEO plugin. -->","yoast_head_json":{"title":"Card. Raymond Leo Burke - Il martirio per la fede nel nostro tempo per \"resistere\" agli errori - Veritatemincaritate","robots":{"index":"index","follow":"follow","max-snippet":"max-snippet:-1","max-image-preview":"max-image-preview:large","max-video-preview":"max-video-preview:-1"},"canonical":"https:\/\/www.veritatemincaritate.com\/wp\/2016\/05\/card-raymond-leo-burke-il-martirio-per-la-fede-nel-nostro-tempo-per-resistere-agli-errori\/","og_locale":"it_IT","og_type":"article","og_title":"Card. Raymond Leo Burke - Il martirio per la fede nel nostro tempo per \"resistere\" agli errori - Veritatemincaritate","og_description":"[vc_row][vc_column][vc_empty_space][vc_column_text] Nei giorni precedenti la Marcia per la Vita, 6-7 maggio scorso, si \u00e8 svolto a Roma, presso l&#8217;Hotel Columbus...","og_url":"https:\/\/www.veritatemincaritate.com\/wp\/2016\/05\/card-raymond-leo-burke-il-martirio-per-la-fede-nel-nostro-tempo-per-resistere-agli-errori\/","og_site_name":"Veritatemincaritate","article_publisher":"https:\/\/www.facebook.com\/pgiorgiomariafare","article_published_time":"2016-05-17T13:18:46+00:00","article_modified_time":"2016-05-17T13:30:53+00:00","og_image":[{"width":645,"height":416,"url":"https:\/\/www.veritatemincaritate.com\/wp\/wp-content\/uploads\/2016\/05\/Burke-and-Shneider-RomeLifeForum2016.jpg","type":"image\/jpeg"}],"author":"Gv1114","twitter_card":"summary_large_image","twitter_misc":{"Scritto da":"Gv1114","Tempo di lettura stimato":"30 minuti"},"schema":{"@context":"https:\/\/schema.org","@graph":[{"@type":"Article","@id":"https:\/\/www.veritatemincaritate.com\/wp\/2016\/05\/card-raymond-leo-burke-il-martirio-per-la-fede-nel-nostro-tempo-per-resistere-agli-errori\/#article","isPartOf":{"@id":"https:\/\/www.veritatemincaritate.com\/wp\/2016\/05\/card-raymond-leo-burke-il-martirio-per-la-fede-nel-nostro-tempo-per-resistere-agli-errori\/"},"author":{"name":"Gv1114","@id":"https:\/\/www.veritatemincaritate.com\/wp\/#\/schema\/person\/17ae821a27aada104588a1d94f526471"},"headline":"Card. Raymond Leo Burke &#8211; Il martirio per la fede nel nostro tempo per &#8220;resistere&#8221; agli errori","datePublished":"2016-05-17T13:18:46+00:00","dateModified":"2016-05-17T13:30:53+00:00","mainEntityOfPage":{"@id":"https:\/\/www.veritatemincaritate.com\/wp\/2016\/05\/card-raymond-leo-burke-il-martirio-per-la-fede-nel-nostro-tempo-per-resistere-agli-errori\/"},"wordCount":6170,"publisher":{"@id":"https:\/\/www.veritatemincaritate.com\/wp\/#organization"},"image":{"@id":"https:\/\/www.veritatemincaritate.com\/wp\/2016\/05\/card-raymond-leo-burke-il-martirio-per-la-fede-nel-nostro-tempo-per-resistere-agli-errori\/#primaryimage"},"thumbnailUrl":"https:\/\/www.veritatemincaritate.com\/wp\/wp-content\/uploads\/2016\/05\/Burke-and-Shneider-RomeLifeForum2016.jpg","keywords":["ambiguit\u00e0","Amoris Laetitia","Card. Burke","famiglia","indissolubilit\u00e0","matrimonio"],"articleSection":["Conferenze e interviste"],"inLanguage":"it-IT"},{"@type":"WebPage","@id":"https:\/\/www.veritatemincaritate.com\/wp\/2016\/05\/card-raymond-leo-burke-il-martirio-per-la-fede-nel-nostro-tempo-per-resistere-agli-errori\/","url":"https:\/\/www.veritatemincaritate.com\/wp\/2016\/05\/card-raymond-leo-burke-il-martirio-per-la-fede-nel-nostro-tempo-per-resistere-agli-errori\/","name":"Card. Raymond Leo Burke - Il martirio per la fede nel nostro tempo per \"resistere\" agli errori - Veritatemincaritate","isPartOf":{"@id":"https:\/\/www.veritatemincaritate.com\/wp\/#website"},"primaryImageOfPage":{"@id":"https:\/\/www.veritatemincaritate.com\/wp\/2016\/05\/card-raymond-leo-burke-il-martirio-per-la-fede-nel-nostro-tempo-per-resistere-agli-errori\/#primaryimage"},"image":{"@id":"https:\/\/www.veritatemincaritate.com\/wp\/2016\/05\/card-raymond-leo-burke-il-martirio-per-la-fede-nel-nostro-tempo-per-resistere-agli-errori\/#primaryimage"},"thumbnailUrl":"https:\/\/www.veritatemincaritate.com\/wp\/wp-content\/uploads\/2016\/05\/Burke-and-Shneider-RomeLifeForum2016.jpg","datePublished":"2016-05-17T13:18:46+00:00","dateModified":"2016-05-17T13:30:53+00:00","breadcrumb":{"@id":"https:\/\/www.veritatemincaritate.com\/wp\/2016\/05\/card-raymond-leo-burke-il-martirio-per-la-fede-nel-nostro-tempo-per-resistere-agli-errori\/#breadcrumb"},"inLanguage":"it-IT","potentialAction":[{"@type":"ReadAction","target":["https:\/\/www.veritatemincaritate.com\/wp\/2016\/05\/card-raymond-leo-burke-il-martirio-per-la-fede-nel-nostro-tempo-per-resistere-agli-errori\/"]}]},{"@type":"ImageObject","inLanguage":"it-IT","@id":"https:\/\/www.veritatemincaritate.com\/wp\/2016\/05\/card-raymond-leo-burke-il-martirio-per-la-fede-nel-nostro-tempo-per-resistere-agli-errori\/#primaryimage","url":"https:\/\/www.veritatemincaritate.com\/wp\/wp-content\/uploads\/2016\/05\/Burke-and-Shneider-RomeLifeForum2016.jpg","contentUrl":"https:\/\/www.veritatemincaritate.com\/wp\/wp-content\/uploads\/2016\/05\/Burke-and-Shneider-RomeLifeForum2016.jpg","width":645,"height":416},{"@type":"BreadcrumbList","@id":"https:\/\/www.veritatemincaritate.com\/wp\/2016\/05\/card-raymond-leo-burke-il-martirio-per-la-fede-nel-nostro-tempo-per-resistere-agli-errori\/#breadcrumb","itemListElement":[{"@type":"ListItem","position":1,"name":"Home","item":"https:\/\/www.veritatemincaritate.com\/wp\/"},{"@type":"ListItem","position":2,"name":"Card. Raymond Leo Burke &#8211; Il martirio per la fede nel nostro tempo per &#8220;resistere&#8221; agli errori"}]},{"@type":"WebSite","@id":"https:\/\/www.veritatemincaritate.com\/wp\/#website","url":"https:\/\/www.veritatemincaritate.com\/wp\/","name":"Veritatemincaritate","description":"Agendo secondo verit\u00e0 nella carit\u00e0, cerchiamo di crescere in ogni cosa tendendo a lui, che \u00e8 il capo, Cristo","publisher":{"@id":"https:\/\/www.veritatemincaritate.com\/wp\/#organization"},"potentialAction":[{"@type":"SearchAction","target":{"@type":"EntryPoint","urlTemplate":"https:\/\/www.veritatemincaritate.com\/wp\/?s={search_term_string}"},"query-input":{"@type":"PropertyValueSpecification","valueRequired":true,"valueName":"search_term_string"}}],"inLanguage":"it-IT"},{"@type":"Organization","@id":"https:\/\/www.veritatemincaritate.com\/wp\/#organization","name":"Veritatem facientes in Caritate","url":"https:\/\/www.veritatemincaritate.com\/wp\/","logo":{"@type":"ImageObject","inLanguage":"it-IT","@id":"https:\/\/www.veritatemincaritate.com\/wp\/#\/schema\/logo\/image\/","url":"https:\/\/www.veritatemincaritate.com\/wp\/wp-content\/uploads\/2020\/07\/Logo-VIC-per-canale-Youtube.jpg","contentUrl":"https:\/\/www.veritatemincaritate.com\/wp\/wp-content\/uploads\/2020\/07\/Logo-VIC-per-canale-Youtube.jpg","width":720,"height":720,"caption":"Veritatem facientes in Caritate"},"image":{"@id":"https:\/\/www.veritatemincaritate.com\/wp\/#\/schema\/logo\/image\/"},"sameAs":["https:\/\/www.facebook.com\/pgiorgiomariafare","https:\/\/instagram.com\/padre_giorgio_maria_fare?igshid=1p8wsw6b3edkc","https:\/\/www.youtube.com\/channel\/UCFqjpT1nX60rx3m_SELg3lA"]},{"@type":"Person","@id":"https:\/\/www.veritatemincaritate.com\/wp\/#\/schema\/person\/17ae821a27aada104588a1d94f526471","name":"Gv1114","image":{"@type":"ImageObject","inLanguage":"it-IT","@id":"https:\/\/secure.gravatar.com\/avatar\/5d29baa7fbb92e99034e1d9f7a4f83926de7a8a8f450bf35d58714f1ec0a3c39?s=96&d=mm&r=g","url":"https:\/\/secure.gravatar.com\/avatar\/5d29baa7fbb92e99034e1d9f7a4f83926de7a8a8f450bf35d58714f1ec0a3c39?s=96&d=mm&r=g","contentUrl":"https:\/\/secure.gravatar.com\/avatar\/5d29baa7fbb92e99034e1d9f7a4f83926de7a8a8f450bf35d58714f1ec0a3c39?s=96&d=mm&r=g","caption":"Gv1114"}}]}},"menu_order":0,"_links":{"self":[{"href":"https:\/\/www.veritatemincaritate.com\/wp\/wp-json\/wp\/v2\/posts\/2970","targetHints":{"allow":["GET"]}}],"collection":[{"href":"https:\/\/www.veritatemincaritate.com\/wp\/wp-json\/wp\/v2\/posts"}],"about":[{"href":"https:\/\/www.veritatemincaritate.com\/wp\/wp-json\/wp\/v2\/types\/post"}],"author":[{"embeddable":true,"href":"https:\/\/www.veritatemincaritate.com\/wp\/wp-json\/wp\/v2\/users\/3"}],"replies":[{"embeddable":true,"href":"https:\/\/www.veritatemincaritate.com\/wp\/wp-json\/wp\/v2\/comments?post=2970"}],"version-history":[{"count":0,"href":"https:\/\/www.veritatemincaritate.com\/wp\/wp-json\/wp\/v2\/posts\/2970\/revisions"}],"wp:featuredmedia":[{"embeddable":true,"href":"https:\/\/www.veritatemincaritate.com\/wp\/wp-json\/wp\/v2\/media\/2972"}],"wp:attachment":[{"href":"https:\/\/www.veritatemincaritate.com\/wp\/wp-json\/wp\/v2\/media?parent=2970"}],"wp:term":[{"taxonomy":"category","embeddable":true,"href":"https:\/\/www.veritatemincaritate.com\/wp\/wp-json\/wp\/v2\/categories?post=2970"},{"taxonomy":"post_tag","embeddable":true,"href":"https:\/\/www.veritatemincaritate.com\/wp\/wp-json\/wp\/v2\/tags?post=2970"}],"curies":[{"name":"wp","href":"https:\/\/api.w.org\/{rel}","templated":true}]}}