{"id":30128,"date":"2023-05-22T01:45:55","date_gmt":"2023-05-21T23:45:55","guid":{"rendered":"https:\/\/www.veritatemincaritate.com\/wp\/?p=30128"},"modified":"2023-05-16T11:30:19","modified_gmt":"2023-05-16T09:30:19","slug":"i-santi-segni-romano-guardini-parte-17","status":"publish","type":"post","link":"https:\/\/www.veritatemincaritate.com\/wp\/2023\/05\/i-santi-segni-romano-guardini-parte-17\/","title":{"rendered":"I santi segni. Romano Guardini, parte 17"},"content":{"rendered":"<div class=\"wpb-content-wrapper\"><p>[vc_row][vc_column][vc_column_text]<\/p>\n<h3>Meditazione<\/h3>\n<div class=\"vc_row wpb_row vc_row-fluid\">\n<div class=\"wpb_column vc_column_container vc_col-sm-12\">\n<div class=\"vc_column-inner \">\n<div class=\"wpb_wrapper\">\n<div class=\"wpb_text_column wpb_content_element \">\n<div class=\"wpb_wrapper\">\n<p>Pubblichiamo l\u2019audio della meditazione: \u00abI santi segni. Romano Guardini, parte 17\u00bb<br \/>\nLuned\u00ec 22 maggio 2023<\/p>\n<p>Predicatore: p. Giorgio Maria Far\u00e9, OCD<\/p>\n<\/div>\n<\/div>\n<\/div>\n<\/div>\n<\/div>\n<\/div>\n<p>[\/vc_column_text][vc_column_text]<\/p>\n<h4>Ascolta la registrazione:<\/h4>\n<p>Per motivi di intenso traffico non ci \u00e8 possibile rendere disponibile l&#8217;ascolto dei file audio direttamente dal nostro sito. Se hai dubbi su come fare, vai alle <a href=\"http:\/\/www.veritatemincaritate.com\/chi-siamo\/istruzioni-per-lascolto-delle-registrazioni\/\" target=\"_blank\" rel=\"noopener noreferrer\">istruzioni per l&#8217;ascolto delle registrazioni<\/a>.[\/vc_column_text][\/vc_column][\/vc_row][vc_row][vc_column][vc_row_inner][vc_column_inner width=&#8221;1\/2&#8243;][vc_btn title=&#8221;Scarica la meditazione&#8221; color=&#8221;orange&#8221; link=&#8221;url:https%3A%2F%2Fwww.dropbox.com%2Fs%2Fzm4oia6pzmf3ui6%2F230522%2520Santi%2520segni-17_01.m4a%3Fdl%3D1|target:_blank&#8221;][\/vc_column_inner][vc_column_inner width=&#8221;1\/2&#8243;][vc_btn title=&#8221;Ascolta la meditazione&#8221; color=&#8221;orange&#8221; align=&#8221;right&#8221; link=&#8221;url:https%3A%2F%2Fwww.dropbox.com%2Fs%2Fzm4oia6pzmf3ui6%2F230522%2520Santi%2520segni-17_01.m4a%3Fdl%3D0|target:_blank&#8221;][\/vc_column_inner][\/vc_row_inner][vc_empty_space][\/vc_column][\/vc_row][vc_row][vc_column][vc_separator color=&#8221;orange&#8221;][vc_column_text]<strong>VANGELO<\/strong><em> (Gv 16, 29-33)<\/em><\/p>\n<p>In quel tempo, dissero i discepoli a Ges\u00f9: \u00abEcco, ora parli apertamente e non pi\u00f9 in modo velato. Ora sappiamo che tu sai tutto e non hai bisogno che alcuno t&#8217;interroghi. Per questo crediamo che sei uscito da Dio\u00bb.<br \/>\nRispose loro Ges\u00f9: \u00abAdesso credete? Ecco, viene l&#8217;ora, anzi \u00e8 gi\u00e0 venuta, in cui vi disperderete ciascuno per conto suo e mi lascerete solo; ma io non sono solo, perch\u00e9 il Padre \u00e8 con me.<br \/>\nVi ho detto questo perch\u00e9 abbiate pace in me. Nel mondo avete tribolazioni, ma abbiate coraggio: io ho vinto il mondo!\u00bb.[\/vc_column_text][\/vc_column][\/vc_row][vc_row][vc_column][vc_column_text]<\/p>\n<h4>Testo della meditazione<\/h4>\n<p><a href=\"https:\/\/www.veritatemincaritate.com\/wp\/wp-content\/uploads\/2023\/05\/230522-I-santi-segni-17.pdf\" target=\"_blank\" rel=\"noopener\">Scarica il testo della meditazione in formato PDF<\/a><\/p>\n<p><i>Sia lodato Ges\u00f9 Cristo! Sempre sia lodato!<\/i><\/p>\n<p>Eccoci giunti a luned\u00ec 22 maggio 2023. Oggi festeggiamo Santa Rita da Cascia, religiosa.<\/p>\n<p>Abbiamo ascoltato il Vangelo della Santa Messa di oggi, tratto dal capitolo sedicesimo del Vangelo di San Giovanni, versetti 29-33.<\/p>\n<p>Continuiamo la nostra lettura del libro di Romano Guardini: <i>I Santi Segni<\/i>.<\/p>\n<p>Oggi vediamo il segno de \u201cLa Fiamma\u201d.<\/p>\n<p>Leggiamo:<\/p>\n<p><b>A sera avanzata te ne vai un giorno di autunno per la campagna. Intorno a te \u00e8 buio e freddo. L\u2019anima si sente tutta sola nella morta distesa. Il suo anelito di vivente cerca tutt\u2019attorno qualcosa a cui possa appoggiarsi; ma nulla risponde. L\u2019albero nudo, il sentiero freddo, la pianura vuota \u2014 tutto morto! Essa \u00e8 l\u2019unico essere vivente nel deserto circostante. Ma ecco irraggia d\u2019un tratto, a una svolta della strada, un lume &#8230; Non ha esso chiamato? Quasi rispondendo al cercare ansioso dell\u2019anima, come qualcosa di atteso, di famigliare?<\/b><\/p>\n<p><b>Oppure tu siedi sul tardi nella stanza buia. Le pareti stanno grigie e indifferenti, gli oggetti muti. Ecco si avanza un passo ben noto; un\u2019abile mano accende la stufa, un crepit\u00eco s\u2019alza di dentro, la fiamma lingueggia, e dalla porticina aperta una rossa fiamma investe la stanzetta, un tepore ristorante ne esce: come tutto \u00e8 mutato, nevvero? Tutto ha riavuto anima. Come quando in un viso esangue si accende d\u2019un tratto la vita di un sorriso.<\/b><\/p>\n<p><b>S\u00ec, il fuoco ha parentela con i viventi: \u00e8 il simbolo pi\u00f9 puro della nostra anima, \u00e8 fervida vita. Immagine di tutto quello che noi vivendo sperimentiamo nel nostro intimo: caldo e luminoso, sempre in movimento, sempre proteso verso l\u2019alto. Quando vediamo la fiamma senza posa lingueggiare, sensibile a ogni corrente d\u2019aria, ma tenace nel mantenere la sua direzione verso l\u2019alto, radiante di luce e generosa di calore, non sentiamo una profonda parentela con quell\u2019elemento che in noi pure arde senza interruzione ed \u00e8 luce e tende all\u2019alto, nonostante venga respinto in basso tutt\u2019attorno dalle potenze avverse? E quando vediamo come la fiamma investe, anima, trasfigura tutto l\u2019ambiente; come assurge subito a centro vivente di tutto \u2014 l\u00e0 dove arde \u2014 non costituisce essa un\u2019immagine della luce misteriosa che in noi \u00e8 accesa in questo mondo per trasfigurare tutto e dargli una Patria?<span class=\"Apple-converted-space\">\u00a0<\/span><\/b><\/p>\n<p><b>S\u00ec, \u00e8 cos\u00ec! Quale simbolo della vita interiore, arde in noi la fiamma dell\u2019Anelante, dell\u2019Illuminante, del Forte, dello Spirito? Dove incontriamo la fiamma, sentiamo attraverso il suo tremolio e la sua vampa come un discorso che ci rivolga una persona vivente. E se vogliamo esprimere la nostra vita, lasciar in qualche modo parlare la nostra vita, suscitiamo una fiamma. Cos\u00ec comprendiamo anche perch\u00e9 essa debba ardere l\u00e0 ove noi dovremmo sempre essere, dinanzi all\u2019altare. L\u00e0 noi dovremmo trovarci sempre in vigile adorazione, concentrando tutte le nostre energie vitali, tutta l\u2019intelligenza e forza nostra nella vicinanza misteriosa e santa. Dio rivolto a noi e noi rivolti a Dio.<\/b><\/p>\n<p><b>Cos\u00ec dovrebbe essere. E questo confessiamo accendendo l\u00e0, all\u2019altare, l\u2019immagine e l\u2019espressione della nostra vita, la fiamma.<span class=\"Apple-converted-space\">\u00a0<\/span><\/b><\/p>\n<p><b>La fiamma l\u00e0, nella lampada eterna \u2014 non ci hai ancora pensato? \u2014 Sei tu! Essa significa l\u2019anima tua. Significa la tua anima &#8230; dovrebbe significare l\u2019anima tua! Per s\u00e9 solo, il lume terreno non dice naturalmente nulla a Dio. Tu devi elevarlo a espressione della tua vita protesa a Dio. Il santuario della santa vicinanza deve realmente essere il luogo in cui arde l\u2019anima tua, dove essa \u00e8 tutta vivente, tutta fiamma, tutta luce per Lui. Vi deve essere tanto a suo agio che la silenziosa fiamma, che si sprigiona l\u00e0 in alto dalla lampada, sia veramente espressione della tua vita intima.<\/b><\/p>\n<p><b>Dirigi i tuoi sforzi in questo senso. Non \u00e8 cosa semplice. Ma se tu riesci ad approssimarti a tale m\u00e8ta, ben puoi dopo siffatti istanti di luminosa calma, riprendere tranquillamente la tua vita tra gli uomini. Poich\u00e9 la fiamma ritorna al luogo della santa vicinanza e tu puoi dire a Dio:<span class=\"Apple-converted-space\">\u00a0<\/span><\/b><\/p>\n<p><b>\u00abSignore, questa \u00e8 la mia anima. Essa \u00e8 sempre presso di te\u00bb.<\/b><\/p>\n<p>Ho voluto leggervi per intero tutta questa parte sulla fiamma, perch\u00e9 mi sembrava veramente cos\u00ec bella che quasi era un dispiacere interrompere la lettura.<span class=\"Apple-converted-space\">\u00a0<\/span><\/p>\n<p>Mi sembra che il senso sia veramente molto chiaro.<span class=\"Apple-converted-space\">\u00a0<\/span><\/p>\n<p>Noi quando andiamo in chiesa vediamo che c\u2019\u00e8 la fiamma del cero del tabernacolo che arde. E cosa ci dice quella fiamma? Quel cero non dice niente in s\u00e9 stesso. Il Signore non ha bisogno di quel fuocherello che arde, se non per il senso a cui rimanda. Quel cero \u00e8 l\u00ec perch\u00e9 noi dovremmo essere sempre l\u00ec. Quel cero \u00e8 l\u00ec a ricordarci quale sia il nostro posto, che \u00e8 quello di trovarci sempre in vigile adorazione. \u201c<i>Concentrando tutto noi stessi nella vicinanza misteriosa e Santa del tabernacolo. Dio rivolto a noi e noi rivolti a Dio<\/i>\u201d.<\/p>\n<p>\u201cLui mi guarda e io lo guardo\u201d, ricordate il contadino? Cos\u00ec rispose al Santo Curato d\u2019Ars che gli chiedeva: \u201cMa lei che viene qua tutti i giorni, che si mette qui, in fondo alla chiesa, cosa fa, che preghiere dice?\u201d e lui risponde: \u201cLui mi guarda e io lo guardo\u201d. Credo che non ci sia preghiera pi\u00f9 bella, pi\u00f9 semplice, pi\u00f9 vera di questa, e forse proprio pi\u00f9 gradita.<\/p>\n<p>La fiamma, quindi, di quel cero \u2014 ci dice Guardini \u2014 \u00e8 proprio l\u2019immagine, l\u2019espressione della nostra vita. Quindi sei tu! Sei tu la fiamma di quella lampada, di quel cero, \u00e8 la tua anima, \u00e8 la tua vita protesa a Dio. Quello \u00e8 il luogo dove la tua anima arde, dov\u2019\u00e8 la tua anima \u00e8 tutta piena di fiamma, \u00e8 tutta piena di luce per Dio. Quella lampada, nella quale arde la fiamma, dovrebbe essere l\u2019espressione della nostra vita intima.<\/p>\n<p>Se noi viviamo cos\u00ec quando entriamo in chiesa e se stiamo davanti al tabernacolo con questi pensieri, Guardini ci dice che dopo, possiamo tranquillamente riprendere la nostra vita nel mondo. Perch\u00e9 uscendo possiamo dire: \u201c<i>Signore, questa \u00e8 la mia anima. Essa \u00e8 sempre presso di te<\/i>\u201d. Possiamo proprio dire al Signore: \u201cIo me ne vado, ma la mia anima \u00e8 l\u00ec, l\u00ec dove c\u2019\u00e8 il cero\u201d \u2014 \u201cIo la lascio l\u00ec\u201d, per intenderci \u2014 nel senso che la mia anima vuole essere sempre presso di Lui.<\/p>\n<p><i>Benedicat vos omnipotens Deus, Pater, et Filius, et Spiritus Sanctus.<br \/>\nAmen<br \/>\nDio ci benedica e la Vergine ci protegga.<br \/>\nSia lodato Ges\u00f9 Cristo sempre sia lodato.<\/i>[\/vc_column_text][\/vc_column][\/vc_row]<\/p>\n<\/div>","protected":false},"excerpt":{"rendered":"<p>[vc_row][vc_column][vc_column_text] Meditazione Pubblichiamo l\u2019audio della meditazione: \u00abI santi segni. Romano Guardini, parte 17\u00bb Luned\u00ec 22 maggio 2023 Predicatore: p. Giorgio&#8230;<\/p>\n","protected":false},"author":4,"featured_media":29872,"comment_status":"closed","ping_status":"closed","sticky":false,"template":"","format":"standard","meta":{"footnotes":""},"categories":[15],"tags":[673,513,8260,8913,8919,8857,405,8258,17,8856,1051,709,8920],"class_list":{"0":"post-30128","1":"post","2":"type-post","3":"status-publish","4":"format-standard","5":"has-post-thumbnail","7":"category-omelie","8":"tag-adorazione","9":"tag-anima","10":"tag-calore","11":"tag-cero","12":"tag-fiamma","13":"tag-i-santi-segni","14":"tag-luce","15":"tag-meditazioni","16":"tag-p-giorgio-maria-fare","17":"tag-romano-guardini","18":"tag-segni","19":"tag-tabernacolo","20":"tag-vita-intima"},"yoast_head":"<!-- This site is optimized with the Yoast SEO plugin v27.5 - https:\/\/yoast.com\/product\/yoast-seo-wordpress\/ -->\n<title>I santi segni. Romano Guardini, parte 17 - Veritatemincaritate<\/title>\n<meta name=\"description\" content=\"Romano Guardini ne \u201cI santi segni\u201d ci spiega che la fiamma che arde accanto al tabernacolo rappresenta la nostra anima, sempre presso Dio.\" \/>\n<meta name=\"robots\" content=\"index, follow, max-snippet:-1, max-image-preview:large, max-video-preview:-1\" \/>\n<link rel=\"canonical\" href=\"https:\/\/www.veritatemincaritate.com\/wp\/2023\/05\/i-santi-segni-romano-guardini-parte-17\/\" \/>\n<meta property=\"og:locale\" content=\"it_IT\" \/>\n<meta property=\"og:type\" content=\"article\" \/>\n<meta property=\"og:title\" content=\"I santi segni. Romano Guardini, parte 17\" \/>\n<meta property=\"og:description\" content=\"I santi segni. Romano Guardini, parte 17\" \/>\n<meta property=\"og:url\" content=\"https:\/\/www.veritatemincaritate.com\/wp\/2023\/05\/i-santi-segni-romano-guardini-parte-17\/\" \/>\n<meta property=\"og:site_name\" content=\"Veritatemincaritate\" \/>\n<meta property=\"article:publisher\" content=\"https:\/\/www.facebook.com\/pgiorgiomariafare\" \/>\n<meta property=\"article:published_time\" content=\"2023-05-21T23:45:55+00:00\" \/>\n<meta property=\"og:image\" content=\"https:\/\/www.veritatemincaritate.com\/wp\/wp-content\/uploads\/2023\/05\/230599-Segni-liturgia.jpg\" \/>\n\t<meta property=\"og:image:width\" content=\"600\" \/>\n\t<meta property=\"og:image:height\" content=\"400\" \/>\n\t<meta property=\"og:image:type\" content=\"image\/jpeg\" \/>\n<meta name=\"author\" content=\"Is551011\" \/>\n<meta name=\"twitter:card\" content=\"summary_large_image\" \/>\n<meta name=\"twitter:title\" content=\"I santi segni. Romano Guardini, parte 17\" \/>\n<meta name=\"twitter:description\" content=\"I santi segni. Romano Guardini, parte 17\" \/>\n<meta name=\"twitter:image\" content=\"https:\/\/www.veritatemincaritate.com\/wp\/wp-content\/uploads\/2023\/05\/230599-Segni-liturgia.jpg\" \/>\n<meta name=\"twitter:label1\" content=\"Scritto da\" \/>\n\t<meta name=\"twitter:data1\" content=\"Is551011\" \/>\n\t<meta name=\"twitter:label2\" content=\"Tempo di lettura stimato\" \/>\n\t<meta name=\"twitter:data2\" content=\"7 minuti\" \/>\n<script type=\"application\/ld+json\" class=\"yoast-schema-graph\">{\"@context\":\"https:\\\/\\\/schema.org\",\"@graph\":[{\"@type\":\"Article\",\"@id\":\"https:\\\/\\\/www.veritatemincaritate.com\\\/wp\\\/2023\\\/05\\\/i-santi-segni-romano-guardini-parte-17\\\/#article\",\"isPartOf\":{\"@id\":\"https:\\\/\\\/www.veritatemincaritate.com\\\/wp\\\/2023\\\/05\\\/i-santi-segni-romano-guardini-parte-17\\\/\"},\"author\":{\"name\":\"Is551011\",\"@id\":\"https:\\\/\\\/www.veritatemincaritate.com\\\/wp\\\/#\\\/schema\\\/person\\\/ae324896700d097ddc6db39f45894b80\"},\"headline\":\"I santi segni. Romano Guardini, parte 17\",\"datePublished\":\"2023-05-21T23:45:55+00:00\",\"mainEntityOfPage\":{\"@id\":\"https:\\\/\\\/www.veritatemincaritate.com\\\/wp\\\/2023\\\/05\\\/i-santi-segni-romano-guardini-parte-17\\\/\"},\"wordCount\":1366,\"publisher\":{\"@id\":\"https:\\\/\\\/www.veritatemincaritate.com\\\/wp\\\/#organization\"},\"image\":{\"@id\":\"https:\\\/\\\/www.veritatemincaritate.com\\\/wp\\\/2023\\\/05\\\/i-santi-segni-romano-guardini-parte-17\\\/#primaryimage\"},\"thumbnailUrl\":\"https:\\\/\\\/www.veritatemincaritate.com\\\/wp\\\/wp-content\\\/uploads\\\/2023\\\/05\\\/230599-Segni-liturgia.jpg\",\"keywords\":[\"adorazione\",\"Anima\",\"calore\",\"cero\",\"fiamma\",\"I santi segni\",\"luce\",\"meditazioni\",\"p. Giorgio Maria Far\u00e9\",\"Romano Guardini\",\"segni\",\"Tabernacolo\",\"vita intima\"],\"articleSection\":[\"Omelie\"],\"inLanguage\":\"it-IT\"},{\"@type\":\"WebPage\",\"@id\":\"https:\\\/\\\/www.veritatemincaritate.com\\\/wp\\\/2023\\\/05\\\/i-santi-segni-romano-guardini-parte-17\\\/\",\"url\":\"https:\\\/\\\/www.veritatemincaritate.com\\\/wp\\\/2023\\\/05\\\/i-santi-segni-romano-guardini-parte-17\\\/\",\"name\":\"I santi segni. Romano Guardini, parte 17 - Veritatemincaritate\",\"isPartOf\":{\"@id\":\"https:\\\/\\\/www.veritatemincaritate.com\\\/wp\\\/#website\"},\"primaryImageOfPage\":{\"@id\":\"https:\\\/\\\/www.veritatemincaritate.com\\\/wp\\\/2023\\\/05\\\/i-santi-segni-romano-guardini-parte-17\\\/#primaryimage\"},\"image\":{\"@id\":\"https:\\\/\\\/www.veritatemincaritate.com\\\/wp\\\/2023\\\/05\\\/i-santi-segni-romano-guardini-parte-17\\\/#primaryimage\"},\"thumbnailUrl\":\"https:\\\/\\\/www.veritatemincaritate.com\\\/wp\\\/wp-content\\\/uploads\\\/2023\\\/05\\\/230599-Segni-liturgia.jpg\",\"datePublished\":\"2023-05-21T23:45:55+00:00\",\"description\":\"Romano Guardini ne \u201cI santi segni\u201d ci spiega che la fiamma che arde accanto al tabernacolo rappresenta la nostra anima, sempre presso Dio.\",\"breadcrumb\":{\"@id\":\"https:\\\/\\\/www.veritatemincaritate.com\\\/wp\\\/2023\\\/05\\\/i-santi-segni-romano-guardini-parte-17\\\/#breadcrumb\"},\"inLanguage\":\"it-IT\",\"potentialAction\":[{\"@type\":\"ReadAction\",\"target\":[\"https:\\\/\\\/www.veritatemincaritate.com\\\/wp\\\/2023\\\/05\\\/i-santi-segni-romano-guardini-parte-17\\\/\"]}]},{\"@type\":\"ImageObject\",\"inLanguage\":\"it-IT\",\"@id\":\"https:\\\/\\\/www.veritatemincaritate.com\\\/wp\\\/2023\\\/05\\\/i-santi-segni-romano-guardini-parte-17\\\/#primaryimage\",\"url\":\"https:\\\/\\\/www.veritatemincaritate.com\\\/wp\\\/wp-content\\\/uploads\\\/2023\\\/05\\\/230599-Segni-liturgia.jpg\",\"contentUrl\":\"https:\\\/\\\/www.veritatemincaritate.com\\\/wp\\\/wp-content\\\/uploads\\\/2023\\\/05\\\/230599-Segni-liturgia.jpg\",\"width\":600,\"height\":400,\"caption\":\"S. Messa\"},{\"@type\":\"BreadcrumbList\",\"@id\":\"https:\\\/\\\/www.veritatemincaritate.com\\\/wp\\\/2023\\\/05\\\/i-santi-segni-romano-guardini-parte-17\\\/#breadcrumb\",\"itemListElement\":[{\"@type\":\"ListItem\",\"position\":1,\"name\":\"Home\",\"item\":\"https:\\\/\\\/www.veritatemincaritate.com\\\/wp\\\/\"},{\"@type\":\"ListItem\",\"position\":2,\"name\":\"I santi segni. Romano Guardini, parte 17\"}]},{\"@type\":\"WebSite\",\"@id\":\"https:\\\/\\\/www.veritatemincaritate.com\\\/wp\\\/#website\",\"url\":\"https:\\\/\\\/www.veritatemincaritate.com\\\/wp\\\/\",\"name\":\"Veritatemincaritate\",\"description\":\"Agendo secondo verit\u00e0 nella carit\u00e0, cerchiamo di crescere in ogni cosa tendendo a lui, che \u00e8 il capo, Cristo\",\"publisher\":{\"@id\":\"https:\\\/\\\/www.veritatemincaritate.com\\\/wp\\\/#organization\"},\"potentialAction\":[{\"@type\":\"SearchAction\",\"target\":{\"@type\":\"EntryPoint\",\"urlTemplate\":\"https:\\\/\\\/www.veritatemincaritate.com\\\/wp\\\/?s={search_term_string}\"},\"query-input\":{\"@type\":\"PropertyValueSpecification\",\"valueRequired\":true,\"valueName\":\"search_term_string\"}}],\"inLanguage\":\"it-IT\"},{\"@type\":\"Organization\",\"@id\":\"https:\\\/\\\/www.veritatemincaritate.com\\\/wp\\\/#organization\",\"name\":\"Veritatem facientes in Caritate\",\"url\":\"https:\\\/\\\/www.veritatemincaritate.com\\\/wp\\\/\",\"logo\":{\"@type\":\"ImageObject\",\"inLanguage\":\"it-IT\",\"@id\":\"https:\\\/\\\/www.veritatemincaritate.com\\\/wp\\\/#\\\/schema\\\/logo\\\/image\\\/\",\"url\":\"https:\\\/\\\/www.veritatemincaritate.com\\\/wp\\\/wp-content\\\/uploads\\\/2020\\\/07\\\/Logo-VIC-per-canale-Youtube.jpg\",\"contentUrl\":\"https:\\\/\\\/www.veritatemincaritate.com\\\/wp\\\/wp-content\\\/uploads\\\/2020\\\/07\\\/Logo-VIC-per-canale-Youtube.jpg\",\"width\":720,\"height\":720,\"caption\":\"Veritatem facientes in Caritate\"},\"image\":{\"@id\":\"https:\\\/\\\/www.veritatemincaritate.com\\\/wp\\\/#\\\/schema\\\/logo\\\/image\\\/\"},\"sameAs\":[\"https:\\\/\\\/www.facebook.com\\\/pgiorgiomariafare\",\"https:\\\/\\\/instagram.com\\\/padre_giorgio_maria_fare?igshid=1p8wsw6b3edkc\",\"https:\\\/\\\/www.youtube.com\\\/channel\\\/UCFqjpT1nX60rx3m_SELg3lA\"]},{\"@type\":\"Person\",\"@id\":\"https:\\\/\\\/www.veritatemincaritate.com\\\/wp\\\/#\\\/schema\\\/person\\\/ae324896700d097ddc6db39f45894b80\",\"name\":\"Is551011\",\"image\":{\"@type\":\"ImageObject\",\"inLanguage\":\"it-IT\",\"@id\":\"https:\\\/\\\/secure.gravatar.com\\\/avatar\\\/c031fff76d6f121d3530ae43ac8407bd6ac4d5c3c8a89c237d6990047f9a6307?s=96&d=mm&r=g\",\"url\":\"https:\\\/\\\/secure.gravatar.com\\\/avatar\\\/c031fff76d6f121d3530ae43ac8407bd6ac4d5c3c8a89c237d6990047f9a6307?s=96&d=mm&r=g\",\"contentUrl\":\"https:\\\/\\\/secure.gravatar.com\\\/avatar\\\/c031fff76d6f121d3530ae43ac8407bd6ac4d5c3c8a89c237d6990047f9a6307?s=96&d=mm&r=g\",\"caption\":\"Is551011\"}}]}<\/script>\n<!-- \/ Yoast SEO plugin. -->","yoast_head_json":{"title":"I santi segni. Romano Guardini, parte 17 - Veritatemincaritate","description":"Romano Guardini ne \u201cI santi segni\u201d ci spiega che la fiamma che arde accanto al tabernacolo rappresenta la nostra anima, sempre presso Dio.","robots":{"index":"index","follow":"follow","max-snippet":"max-snippet:-1","max-image-preview":"max-image-preview:large","max-video-preview":"max-video-preview:-1"},"canonical":"https:\/\/www.veritatemincaritate.com\/wp\/2023\/05\/i-santi-segni-romano-guardini-parte-17\/","og_locale":"it_IT","og_type":"article","og_title":"I santi segni. Romano Guardini, parte 17","og_description":"I santi segni. Romano Guardini, parte 17","og_url":"https:\/\/www.veritatemincaritate.com\/wp\/2023\/05\/i-santi-segni-romano-guardini-parte-17\/","og_site_name":"Veritatemincaritate","article_publisher":"https:\/\/www.facebook.com\/pgiorgiomariafare","article_published_time":"2023-05-21T23:45:55+00:00","og_image":[{"width":600,"height":400,"url":"https:\/\/www.veritatemincaritate.com\/wp\/wp-content\/uploads\/2023\/05\/230599-Segni-liturgia.jpg","type":"image\/jpeg"}],"author":"Is551011","twitter_card":"summary_large_image","twitter_title":"I santi segni. Romano Guardini, parte 17","twitter_description":"I santi segni. Romano Guardini, parte 17","twitter_image":"https:\/\/www.veritatemincaritate.com\/wp\/wp-content\/uploads\/2023\/05\/230599-Segni-liturgia.jpg","twitter_misc":{"Scritto da":"Is551011","Tempo di lettura stimato":"7 minuti"},"schema":{"@context":"https:\/\/schema.org","@graph":[{"@type":"Article","@id":"https:\/\/www.veritatemincaritate.com\/wp\/2023\/05\/i-santi-segni-romano-guardini-parte-17\/#article","isPartOf":{"@id":"https:\/\/www.veritatemincaritate.com\/wp\/2023\/05\/i-santi-segni-romano-guardini-parte-17\/"},"author":{"name":"Is551011","@id":"https:\/\/www.veritatemincaritate.com\/wp\/#\/schema\/person\/ae324896700d097ddc6db39f45894b80"},"headline":"I santi segni. Romano Guardini, parte 17","datePublished":"2023-05-21T23:45:55+00:00","mainEntityOfPage":{"@id":"https:\/\/www.veritatemincaritate.com\/wp\/2023\/05\/i-santi-segni-romano-guardini-parte-17\/"},"wordCount":1366,"publisher":{"@id":"https:\/\/www.veritatemincaritate.com\/wp\/#organization"},"image":{"@id":"https:\/\/www.veritatemincaritate.com\/wp\/2023\/05\/i-santi-segni-romano-guardini-parte-17\/#primaryimage"},"thumbnailUrl":"https:\/\/www.veritatemincaritate.com\/wp\/wp-content\/uploads\/2023\/05\/230599-Segni-liturgia.jpg","keywords":["adorazione","Anima","calore","cero","fiamma","I santi segni","luce","meditazioni","p. Giorgio Maria Far\u00e9","Romano Guardini","segni","Tabernacolo","vita intima"],"articleSection":["Omelie"],"inLanguage":"it-IT"},{"@type":"WebPage","@id":"https:\/\/www.veritatemincaritate.com\/wp\/2023\/05\/i-santi-segni-romano-guardini-parte-17\/","url":"https:\/\/www.veritatemincaritate.com\/wp\/2023\/05\/i-santi-segni-romano-guardini-parte-17\/","name":"I santi segni. Romano Guardini, parte 17 - Veritatemincaritate","isPartOf":{"@id":"https:\/\/www.veritatemincaritate.com\/wp\/#website"},"primaryImageOfPage":{"@id":"https:\/\/www.veritatemincaritate.com\/wp\/2023\/05\/i-santi-segni-romano-guardini-parte-17\/#primaryimage"},"image":{"@id":"https:\/\/www.veritatemincaritate.com\/wp\/2023\/05\/i-santi-segni-romano-guardini-parte-17\/#primaryimage"},"thumbnailUrl":"https:\/\/www.veritatemincaritate.com\/wp\/wp-content\/uploads\/2023\/05\/230599-Segni-liturgia.jpg","datePublished":"2023-05-21T23:45:55+00:00","description":"Romano Guardini ne \u201cI santi segni\u201d ci spiega che la fiamma che arde accanto al tabernacolo rappresenta la nostra anima, sempre presso Dio.","breadcrumb":{"@id":"https:\/\/www.veritatemincaritate.com\/wp\/2023\/05\/i-santi-segni-romano-guardini-parte-17\/#breadcrumb"},"inLanguage":"it-IT","potentialAction":[{"@type":"ReadAction","target":["https:\/\/www.veritatemincaritate.com\/wp\/2023\/05\/i-santi-segni-romano-guardini-parte-17\/"]}]},{"@type":"ImageObject","inLanguage":"it-IT","@id":"https:\/\/www.veritatemincaritate.com\/wp\/2023\/05\/i-santi-segni-romano-guardini-parte-17\/#primaryimage","url":"https:\/\/www.veritatemincaritate.com\/wp\/wp-content\/uploads\/2023\/05\/230599-Segni-liturgia.jpg","contentUrl":"https:\/\/www.veritatemincaritate.com\/wp\/wp-content\/uploads\/2023\/05\/230599-Segni-liturgia.jpg","width":600,"height":400,"caption":"S. Messa"},{"@type":"BreadcrumbList","@id":"https:\/\/www.veritatemincaritate.com\/wp\/2023\/05\/i-santi-segni-romano-guardini-parte-17\/#breadcrumb","itemListElement":[{"@type":"ListItem","position":1,"name":"Home","item":"https:\/\/www.veritatemincaritate.com\/wp\/"},{"@type":"ListItem","position":2,"name":"I santi segni. Romano Guardini, parte 17"}]},{"@type":"WebSite","@id":"https:\/\/www.veritatemincaritate.com\/wp\/#website","url":"https:\/\/www.veritatemincaritate.com\/wp\/","name":"Veritatemincaritate","description":"Agendo secondo verit\u00e0 nella carit\u00e0, cerchiamo di crescere in ogni cosa tendendo a lui, che \u00e8 il capo, Cristo","publisher":{"@id":"https:\/\/www.veritatemincaritate.com\/wp\/#organization"},"potentialAction":[{"@type":"SearchAction","target":{"@type":"EntryPoint","urlTemplate":"https:\/\/www.veritatemincaritate.com\/wp\/?s={search_term_string}"},"query-input":{"@type":"PropertyValueSpecification","valueRequired":true,"valueName":"search_term_string"}}],"inLanguage":"it-IT"},{"@type":"Organization","@id":"https:\/\/www.veritatemincaritate.com\/wp\/#organization","name":"Veritatem facientes in Caritate","url":"https:\/\/www.veritatemincaritate.com\/wp\/","logo":{"@type":"ImageObject","inLanguage":"it-IT","@id":"https:\/\/www.veritatemincaritate.com\/wp\/#\/schema\/logo\/image\/","url":"https:\/\/www.veritatemincaritate.com\/wp\/wp-content\/uploads\/2020\/07\/Logo-VIC-per-canale-Youtube.jpg","contentUrl":"https:\/\/www.veritatemincaritate.com\/wp\/wp-content\/uploads\/2020\/07\/Logo-VIC-per-canale-Youtube.jpg","width":720,"height":720,"caption":"Veritatem facientes in Caritate"},"image":{"@id":"https:\/\/www.veritatemincaritate.com\/wp\/#\/schema\/logo\/image\/"},"sameAs":["https:\/\/www.facebook.com\/pgiorgiomariafare","https:\/\/instagram.com\/padre_giorgio_maria_fare?igshid=1p8wsw6b3edkc","https:\/\/www.youtube.com\/channel\/UCFqjpT1nX60rx3m_SELg3lA"]},{"@type":"Person","@id":"https:\/\/www.veritatemincaritate.com\/wp\/#\/schema\/person\/ae324896700d097ddc6db39f45894b80","name":"Is551011","image":{"@type":"ImageObject","inLanguage":"it-IT","@id":"https:\/\/secure.gravatar.com\/avatar\/c031fff76d6f121d3530ae43ac8407bd6ac4d5c3c8a89c237d6990047f9a6307?s=96&d=mm&r=g","url":"https:\/\/secure.gravatar.com\/avatar\/c031fff76d6f121d3530ae43ac8407bd6ac4d5c3c8a89c237d6990047f9a6307?s=96&d=mm&r=g","contentUrl":"https:\/\/secure.gravatar.com\/avatar\/c031fff76d6f121d3530ae43ac8407bd6ac4d5c3c8a89c237d6990047f9a6307?s=96&d=mm&r=g","caption":"Is551011"}}]}},"menu_order":0,"_links":{"self":[{"href":"https:\/\/www.veritatemincaritate.com\/wp\/wp-json\/wp\/v2\/posts\/30128","targetHints":{"allow":["GET"]}}],"collection":[{"href":"https:\/\/www.veritatemincaritate.com\/wp\/wp-json\/wp\/v2\/posts"}],"about":[{"href":"https:\/\/www.veritatemincaritate.com\/wp\/wp-json\/wp\/v2\/types\/post"}],"author":[{"embeddable":true,"href":"https:\/\/www.veritatemincaritate.com\/wp\/wp-json\/wp\/v2\/users\/4"}],"replies":[{"embeddable":true,"href":"https:\/\/www.veritatemincaritate.com\/wp\/wp-json\/wp\/v2\/comments?post=30128"}],"version-history":[{"count":0,"href":"https:\/\/www.veritatemincaritate.com\/wp\/wp-json\/wp\/v2\/posts\/30128\/revisions"}],"wp:featuredmedia":[{"embeddable":true,"href":"https:\/\/www.veritatemincaritate.com\/wp\/wp-json\/wp\/v2\/media\/29872"}],"wp:attachment":[{"href":"https:\/\/www.veritatemincaritate.com\/wp\/wp-json\/wp\/v2\/media?parent=30128"}],"wp:term":[{"taxonomy":"category","embeddable":true,"href":"https:\/\/www.veritatemincaritate.com\/wp\/wp-json\/wp\/v2\/categories?post=30128"},{"taxonomy":"post_tag","embeddable":true,"href":"https:\/\/www.veritatemincaritate.com\/wp\/wp-json\/wp\/v2\/tags?post=30128"}],"curies":[{"name":"wp","href":"https:\/\/api.w.org\/{rel}","templated":true}]}}