{"id":3174,"date":"2016-06-16T09:37:29","date_gmt":"2016-06-16T07:37:29","guid":{"rendered":"http:\/\/www.veritatemincaritate.com\/?p=3174"},"modified":"2022-02-18T16:18:39","modified_gmt":"2022-02-18T15:18:39","slug":"la-ricerca-di-una-mediazione-per-maturare-il-dono-dello-spirito","status":"publish","type":"post","link":"https:\/\/www.veritatemincaritate.com\/wp\/2016\/06\/la-ricerca-di-una-mediazione-per-maturare-il-dono-dello-spirito\/","title":{"rendered":"La ricerca di una mediazione per maturare il dono dello Spirito"},"content":{"rendered":"<div class=\"wpb-content-wrapper\" id=\"wpb-content-root\"><p>[vc_row][vc_column][vc_column_text]<\/p>\n<h3>Omelia<\/h3>\n<p>Pubblichiamo l\u2019audio di\u00a0un\u2019omelia sulle letture di gioved\u00ec 16\u00a0giugno 2016.<\/p>\n<p>Predicatore:\u00a0p. Giorgio Maria Far\u00e9, OCD[\/vc_column_text][\/vc_column][\/vc_row][vc_row][vc_column][vc_column_text]<\/p>\n<h4>Ascolta la registrazione:<\/h4>\n<p>Per motivi di intenso traffico non ci \u00e8 possibile rendere disponibile l&#8217;ascolto dei file audio direttamente dal nostro sito. Se hai dubbi su come fare, vai alle <a href=\"http:\/\/www.veritatemincaritate.com\/chi-siamo\/istruzioni-per-lascolto-delle-registrazioni\/\" target=\"_blank\" rel=\"noopener\">istruzioni per l&#8217;ascolto delle registrazioni<\/a>.[\/vc_column_text][vc_row_inner][vc_column_inner width=&#8221;1\/2&#8243;][vc_column_text]<style type=\"text\/css\">.thegem-button-6a9d63a3b71543905 .gem-button {font-size: 14px;}.thegem-button-6a9d63a3b71543905 .gem-button-text {font-size: 14px;}.thegem-button-6a9d63a3b71543905 .gem-button svg {fill: #FFFFFF;}<\/style><div class=\"gem-button-container gem-button-position-inline thegem-button-6a9d63a3b71543905    \"  ><a class=\"gem-button gem-button-size-small gem-button-style-flat gem-button-text-weight-normal\" data-ll-effect=\"drop-right-without-wrap\" style=\"border-radius: 3px;background-color: #FF5C00;color: #FFFFFF;\" onmouseleave=\"this.style.backgroundColor='#FF5C00';this.style.color='#FFFFFF';\" onmouseenter=\"\" href=\"https:\/\/www.dropbox.com\/s\/adpog3nx3g45db8\/160616-Omelia-Eliseo-Mediazione_Amore.m4a?dl=1\" target=\"_self\">Scarica la registrazione<\/a><\/div> [\/vc_column_text][\/vc_column_inner][vc_column_inner width=&#8221;1\/2&#8243;][vc_column_text]<style type=\"text\/css\">.thegem-button-6a9d63a3b72e84379 .gem-button {font-size: 14px;}.thegem-button-6a9d63a3b72e84379 .gem-button-text {font-size: 14px;}.thegem-button-6a9d63a3b72e84379 .gem-button svg {fill: #FFFFFF;}<\/style><div class=\"gem-button-container gem-button-position-inline thegem-button-6a9d63a3b72e84379    \"  ><a class=\"gem-button gem-button-size-small gem-button-style-flat gem-button-text-weight-normal\" data-ll-effect=\"drop-right-without-wrap\" style=\"border-radius: 3px;background-color: #FF5C00;color: #FFFFFF;\" onmouseleave=\"this.style.backgroundColor='#FF5C00';this.style.color='#FFFFFF';\" onmouseenter=\"\" href=\"https:\/\/www.dropbox.com\/s\/adpog3nx3g45db8\/160616-Omelia-Eliseo-Mediazione_Amore.m4a?dl=0\" target=\"_self\">Ascolta la registrazione<\/a><\/div> [\/vc_column_text][\/vc_column_inner][\/vc_row_inner][\/vc_column][\/vc_row][vc_row][vc_column][vc_separator color=&#8221;orange&#8221;][vc_column_text]<\/p>\n<h2>Testo della meditazione<\/h2>\n<p>[\/vc_column_text][vc_column_text]<\/p>\n<h2><a href=\"https:\/\/www.veritatemincaritate.com\/wp\/wp-content\/uploads\/2022\/02\/160616-Omelia-del-16-giugno-2016.pdf\" target=\"_blank\" rel=\"noopener\">Scarica il testo della meditazione<\/a><\/h2>\n<h1>La ricerca di una mediazione per maturare il dono dello Spirito<\/h1>\n<p>Sia lodato Ges\u00f9 Cristo!<\/p>\n<p>Sempre sia lodato!<\/p>\n<p>La prima lettura, che abbiamo appena ascoltato, riprende il tema, trattato qualche giorno fa, del rapporto tra Elia ed Eliseo. In questo Libro sapienziale del Siracide ci viene detto che questa pienezza dello spirito di Elia, che Eliseo riceve, rende Eliseo capace di non essere dominato n\u00e9 spaventato davanti a nessuno.<\/p>\n<p>Niente, dice la Scrittura, fu troppo grande per lui e addirittura nel sepolcro il suo corpo profetizz\u00f2 e nella sua vita comp\u00ec prodigi.<\/p>\n<p>Questo \u00e8 possibile solo per coloro che fanno una vera esperienza di Dio, che passa attraverso una vera mediazione umana.<\/p>\n<p>Non dimentichiamo, ad esempio, che anche Saulo, in un momento della sua vita, ebbe bisogno di una mediazione, che fu quella di Anania, quando venne a battezzarlo e a fargli cadere le squame dagli occhi, perch\u00e9 era rimasto accecato dall\u2019incontro con Ges\u00f9, e cos\u00ec per tanti altri, e cos\u00ec per tutti i Santi, dove c\u2019\u00e8 stato bisogno di questa mediazione, di questo inserimento nella vita divina.<\/p>\n<p>Questo inserimento, questa mediazione, permette questa pienezza; allora, sarebbe importante verificare perch\u00e9 nella nostra vita, alle volte, questa pienezza non c\u2019\u00e8\u2026<\/p>\n<p>Forse perch\u00e9 noi stiamo bene da soli, perch\u00e9 non abbiamo bisogno di una mediazione, non abbiamo bisogno di un reale confronto con qualcuno che ci aiuti a comprendere, a capire, a vivere in modo vero, reale, la nostra vita di fede.<\/p>\n<p>C\u2019\u00e8 questa espressione del Libro del Siracide, che abbiamo letto oggi, che dice: \u201c<em>Beati coloro che ti hanno visto e si sono addormentati nell\u2019amore<\/em>\u201d.<\/p>\n<p>\u00c8 possibile addormentarsi nell\u2019amore, cos\u00ec come \u00e8 possibile avere delle vite fredde, delle vite stantie, ripetitive, abitudinarie, che fanno le cose per abitudine dentro ad un clich\u00e9, dentro ad uno schema diventato oramai soffocante.<\/p>\n<p>Si vedono persone spente\u2026speriamo di non essere noi spenti!<\/p>\n<p>Si vedono persone che si trascinano, e lo si capisce anche dal modo di pregare: quando dobbiamo fare le chiacchiere, quando dobbiamo difendere noi stessi, le nostre idee, le nostre opinioni, i nostri diritti, sappiamo tirare fuori una voce che, cari miei, la met\u00e0 basta; quando si tratta delle cose di Dio, per esempio di pregare, ecco che non si sente niente\u2026\u00ab<em>Gn\u00e9, gn\u00e9, gn\u00e9 gn\u00e9\u2026<\/em>\u00bb, una cantilena che ti fa cagliare il sangue, un biascicare, e tu dici: \u00abMa vabb\u00e8, se uno non ha voglia e non ci crede, non lo fa\u2026\u00bb<\/p>\n<p>Si pu\u00f2 pregare anche il rosario cos\u00ec, in un modo stanco, annoiato, tedioso, e si possono dire tutte le preghiere cos\u00ec, si pu\u00f2 anche celebrare la Messa, partecipare alla Messa, rispondere alla Messa, senza amore, per abitudine, dentro ad una ruota che gira, e questo certamente non ci permetter\u00e0 di addormentarci nell\u2019amore!<\/p>\n<p>Se quando abbiamo a che fare con Dio, se quando trattiamo le cose di Dio, siamo stanchi, prima ancora di incominciare, \u00e8 perch\u00e9 non amiamo.<\/p>\n<p>Chi ama, lo si vede che arde, che ha dentro un desiderio grande, che ha proprio voglia di fare quelle cose, che ha il gusto che viene dal dono della sapienza.<\/p>\n<p>Ecco, allora, chiediamo al Signore questa grazia, di vivere dentro a questa logica della pienezza dello Spirito, che ci viene dalla mediazione seria, voluta, cercata, supplicata, come fu quella di Elia per Eliseo, da una parte, e dall\u2019altra, che la nostra vita si consumi nell\u2019amore, ma non nell\u2019amore indistinto, per cani, gatti, topi e l\u2019ambiente, no, no, l\u2019amore per Ges\u00f9 Cristo, l\u2019amore crocifisso, il vero amore, quello che \u00e8 descritto nel Vangelo, l\u2019amore per Dio.<\/p>\n<p>Questo \u00e8 il principe degli amori, \u00e8 da questo amore che viene tutto il resto!<\/p>\n<p>Solo cos\u00ec la nostra vita potr\u00e0 essere sveglia e, quando arriver\u00e0 il tempo di morire, ci addormenteremo nell\u2019amore, dormendo il sonno dei giusti.<\/p>\n<p>Chiediamo al Signore questa grande grazia, facendo tesoro dell\u2019Eucarestia e ricevendoLa sempre con tutto l\u2019amore possibile del nostro cuore, perch\u00e9 \u00e8 il Corpo di Ges\u00f9.<\/p>\n<p>Sia lodato Ges\u00f9 Cristo!<\/p>\n<p>Sempre sia Lodato!<\/p>\n<p>&nbsp;<\/p>\n<p>[\/vc_column_text][vc_column_text]<\/p>\n<h2>Letture del giorno<\/h2>\n<p>[\/vc_column_text][vc_column_text]<\/p>\n<p class=\"p1\"><span class=\"s1\"><b>Gioved\u00ec\u00a0della XI settimana del Tempo Ordinario (Anno pari)<\/b><\/span><\/p>\n<p class=\"p1\"><span class=\"s1\"><b>PRIMA LETTURA <\/b><i>(Sir 48,1-14)<\/i><\/span><\/p>\n<p class=\"p1\"><span class=\"s1\"><i>El\u00eca fu assunto in un turbine di fuoco ed Elis\u00e8o fu ripieno del suo spirito.<\/i><\/span><\/p>\n<p class=\"p1\"><span class=\"s1\">Dal libro del Sir\u00e0cide<\/span><\/p>\n<p class=\"p1\"><span class=\"s1\">Sorse El\u00eca profeta, come un fuoco;<\/span><\/p>\n<p class=\"p1\"><span class=\"s1\">la sua parola bruciava come fiaccola.<\/span><\/p>\n<p class=\"p1\"><span class=\"s1\">Egli fece venire su di loro la carestia<\/span><\/p>\n<p class=\"p1\"><span class=\"s1\">e con zelo li ridusse a pochi.<\/span><\/p>\n<p class=\"p1\"><span class=\"s1\">Per la parola del Signore chiuse il cielo<\/span><\/p>\n<p class=\"p1\"><span class=\"s1\">e cos\u00ec fece scendere per tre volte il fuoco.<\/span><\/p>\n<p class=\"p1\"><span class=\"s1\">Come ti rendesti glorioso, El\u00eca, con i tuoi prodigi!<\/span><\/p>\n<p class=\"p1\"><span class=\"s1\">E chi pu\u00f2 vantarsi di esserti uguale?<\/span><\/p>\n<p class=\"p1\"><span class=\"s1\">Tu hai fatto sorgere un defunto dalla morte<\/span><\/p>\n<p class=\"p1\"><span class=\"s1\">e dagl\u2019inferi, per la parola dell\u2019Altissimo;<\/span><\/p>\n<p class=\"p1\"><span class=\"s1\">tu hai fatto precipitare re nella perdizione<\/span><\/p>\n<p class=\"p1\"><span class=\"s1\">e uomini gloriosi dal loro letto<\/span><\/p>\n<p class=\"p1\"><span class=\"s1\">e hai annientato il loro potere.<\/span><\/p>\n<p class=\"p1\"><span class=\"s1\">Tu sul Sinai hai ascoltato parole di rimprovero,<\/span><\/p>\n<p class=\"p1\"><span class=\"s1\">sull\u2019Oreb sentenze di condanna.<\/span><\/p>\n<p class=\"p1\"><span class=\"s1\">Hai unto re per la vendetta<\/span><\/p>\n<p class=\"p1\"><span class=\"s1\">e profeti come tuoi successori.<\/span><\/p>\n<p class=\"p1\"><span class=\"s1\">Tu sei stato assunto in un turbine di fuoco,<\/span><\/p>\n<p class=\"p1\"><span class=\"s1\">su un carro di cavalli di fuoco;<\/span><\/p>\n<p class=\"p1\"><span class=\"s1\">tu sei stato designato a rimproverare i tempi futuri,<\/span><\/p>\n<p class=\"p1\"><span class=\"s1\">per placare l\u2019ira prima che divampi,<\/span><\/p>\n<p class=\"p1\"><span class=\"s1\">per ricondurre il cuore del padre verso il figlio<\/span><\/p>\n<p class=\"p1\"><span class=\"s1\">e ristabilire le trib\u00f9 di Giacobbe.<\/span><\/p>\n<p class=\"p1\"><span class=\"s1\">Beati coloro che ti hanno visto<\/span><\/p>\n<p class=\"p1\"><span class=\"s1\">e si sono addormentati nell\u2019amore,<\/span><\/p>\n<p class=\"p1\"><span class=\"s1\">perch\u00e9 \u00e8 certo che anche noi vivremo<\/span><\/p>\n<p class=\"p1\"><span class=\"s1\">ma dopo la morte la nostra fama non perdurer\u00e0.<\/span><\/p>\n<p class=\"p1\"><span class=\"s1\">Appena El\u00eca fu avvolto dal turbine,<\/span><\/p>\n<p class=\"p1\"><span class=\"s1\">Elis\u00e8o fu ripieno del suo spirito;<\/span><\/p>\n<p class=\"p1\"><span class=\"s1\">nei suoi giorni non trem\u00f2 davanti a nessun principe<\/span><\/p>\n<p class=\"p1\"><span class=\"s1\">e nessuno riusc\u00ec a dominarlo.<\/span><\/p>\n<p class=\"p1\"><span class=\"s1\">Nulla fu troppo grande per lui,<\/span><\/p>\n<p class=\"p1\"><span class=\"s1\">e nel sepolcro il suo corpo profetizz\u00f2.<\/span><\/p>\n<p class=\"p1\"><span class=\"s1\">Nella sua vita comp\u00ec prodigi,<\/span><\/p>\n<p class=\"p1\"><span class=\"s1\">e dopo la morte meravigliose furono le sue opere.<\/span><\/p>\n<p class=\"p1\"><span class=\"s1\"><b>SALMO RESPONSORIALE <\/b><i>(Sal 96)<\/i><\/span><\/p>\n<p class=\"p1\"><span class=\"s1\"><b>Rit: Gioite, giusti, nel Signore.<\/b><\/span><\/p>\n<p class=\"p1\"><span class=\"s1\">Il Signore regna: esulti la terra,<\/span><\/p>\n<p class=\"p1\"><span class=\"s1\">gioiscano le isole tutte.<\/span><\/p>\n<p class=\"p1\"><span class=\"s1\">Nubi e tenebre lo avvolgono,<\/span><\/p>\n<p class=\"p1\"><span class=\"s1\">giustizia e diritto sostengono il suo trono. <\/span><\/p>\n<p class=\"p1\"><span class=\"s1\">Un fuoco cammina davanti a lui<\/span><\/p>\n<p class=\"p1\"><span class=\"s1\">e brucia tutt\u2019intorno i suoi nemici.<\/span><\/p>\n<p class=\"p1\"><span class=\"s1\">Le sue folgori rischiarano il mondo:<\/span><\/p>\n<p class=\"p1\"><span class=\"s1\">vede e trema la terra. <\/span><\/p>\n<p class=\"p1\"><span class=\"s1\">I monti fondono come cera davanti al Signore,<\/span><\/p>\n<p class=\"p1\"><span class=\"s1\">davanti al Signore di tutta la terra.<\/span><\/p>\n<p class=\"p1\"><span class=\"s1\">Annunciano i cieli la sua giustizia,<\/span><\/p>\n<p class=\"p1\"><span class=\"s1\">e tutti i popoli vedono la sua gloria. <\/span><\/p>\n<p class=\"p1\"><span class=\"s1\">Si vergognino tutti gli adoratori di statue<\/span><\/p>\n<p class=\"p1\"><span class=\"s1\">e chi si vanta del nulla degli idoli.<\/span><\/p>\n<p class=\"p1\"><span class=\"s1\">A lui si prostrino tutti gli d\u00e8i!<\/span><\/p>\n<p class=\"p1\"><span class=\"s1\"><b>Canto al Vangelo <\/b><i>(Rm 8,15)<\/i> <\/span><\/p>\n<p class=\"p1\"><span class=\"s1\">Alleluia, alleluia.<\/span><\/p>\n<p class=\"p1\"><span class=\"s1\">Avete ricevuto lo Spirito che rende figli adottivi, <\/span><\/p>\n<p class=\"p1\"><span class=\"s1\">per mezzo del quale gridiamo: \u00abAbb\u00e0! Padre!\u00bb.<\/span><\/p>\n<p class=\"p1\"><span class=\"s1\">Alleluia.<\/span><\/p>\n<p class=\"p1\"><span class=\"s1\"><b>VANGELO <\/b><i>(Mt 6,7-15)<\/i> <\/span><\/p>\n<p class=\"p1\"><span class=\"s1\"><i>Voi dunque pregate cos\u00ec.<\/i> <\/span><\/p>\n<p class=\"p1\"><b><\/b><span class=\"s1\">In quel tempo, Ges\u00f9 disse ai suoi discepoli: <\/span><\/p>\n<p class=\"p1\"><span class=\"s1\">\u00abPregando, non sprecate parole come i pagani: essi credono di venire ascoltati a forza di parole. Non siate dunque come loro, perch\u00e9 il Padre vostro sa di quali cose avete bisogno prima ancora che gliele chiediate.<\/span><\/p>\n<p class=\"p1\"><span class=\"s1\">Voi dunque pregate cos\u00ec:<\/span><\/p>\n<p class=\"p1\"><span class=\"s1\">Padre nostro che sei nei cieli,<\/span><\/p>\n<p class=\"p1\"><span class=\"s1\">sia santificato il tuo nome, <\/span><\/p>\n<p class=\"p1\"><span class=\"s1\">venga il tuo regno,<\/span><\/p>\n<p class=\"p1\"><span class=\"s1\">sia fatta la tua volont\u00e0,<\/span><\/p>\n<p class=\"p1\"><span class=\"s1\">come in cielo cos\u00ec in terra.<\/span><\/p>\n<p class=\"p1\"><span class=\"s1\">Dacci oggi il nostro pane quotidiano,<\/span><\/p>\n<p class=\"p1\"><span class=\"s1\">e rimetti a noi i nostri debiti <\/span><\/p>\n<p class=\"p1\"><span class=\"s1\">come anche noi li rimettiamo ai nostri debitori,<\/span><\/p>\n<p class=\"p1\"><span class=\"s1\">e non abbandonarci alla tentazione, <\/span><\/p>\n<p class=\"p1\"><span class=\"s1\">ma liberaci dal male.<\/span><\/p>\n<p class=\"p1\"><span class=\"s1\">Se voi infatti perdonerete agli altri le loro colpe, il Padre vostro che \u00e8 nei cieli perdoner\u00e0 anche a voi; ma se voi non perdonerete agli altri, neppure il Padre vostro perdoner\u00e0 le vostre colpe\u00bb.<\/span><span style=\"line-height: 1.5;\">[\/vc_column_text][\/vc_column][\/vc_row][vc_row][vc_column][vc_column_text]<\/span><\/p>\n<p>[\/vc_column_text][\/vc_column][\/vc_row]<\/p>\n<\/div>","protected":false},"excerpt":{"rendered":"<p>[vc_row][vc_column][vc_column_text] Omelia Pubblichiamo l\u2019audio di\u00a0un\u2019omelia sulle letture di gioved\u00ec 16\u00a0giugno 2016. Predicatore:\u00a0p. Giorgio Maria Far\u00e9, OCD[\/vc_column_text][\/vc_column][\/vc_row][vc_row][vc_column][vc_column_text] Ascolta la registrazione: Per&#8230;<\/p>\n","protected":false},"author":3,"featured_media":3180,"comment_status":"closed","ping_status":"closed","sticky":false,"template":"","format":"standard","meta":{"footnotes":""},"categories":[15],"tags":[353,851,850,16,17],"class_list":{"0":"post-3174","1":"post","2":"type-post","3":"status-publish","4":"format-standard","5":"has-post-thumbnail","7":"category-omelie","8":"tag-amore","9":"tag-ardore","10":"tag-mediazione","11":"tag-omelie","12":"tag-p-giorgio-maria-fare"},"yoast_head":"<!-- This site is optimized with the Yoast SEO plugin v28.2 - https:\/\/yoast.com\/product\/yoast-seo-wordpress\/ -->\n<title>La ricerca di una mediazione per maturare il dono dello Spirito - Veritatemincaritate<\/title>\n<meta name=\"robots\" content=\"index, follow, max-snippet:-1, max-image-preview:large, max-video-preview:-1\" \/>\n<link rel=\"canonical\" href=\"https:\/\/www.veritatemincaritate.com\/wp\/2016\/06\/la-ricerca-di-una-mediazione-per-maturare-il-dono-dello-spirito\/\" \/>\n<meta property=\"og:locale\" content=\"it_IT\" \/>\n<meta property=\"og:type\" content=\"article\" \/>\n<meta property=\"og:title\" content=\"La ricerca di una mediazione per maturare il dono dello Spirito - Veritatemincaritate\" \/>\n<meta property=\"og:description\" content=\"[vc_row][vc_column][vc_column_text] Omelia Pubblichiamo l\u2019audio di\u00a0un\u2019omelia sulle letture di gioved\u00ec 16\u00a0giugno 2016. Predicatore:\u00a0p. Giorgio Maria Far\u00e9, OCD[\/vc_column_text][\/vc_column][\/vc_row][vc_row][vc_column][vc_column_text] Ascolta la registrazione: Per...\" \/>\n<meta property=\"og:url\" content=\"https:\/\/www.veritatemincaritate.com\/wp\/2016\/06\/la-ricerca-di-una-mediazione-per-maturare-il-dono-dello-spirito\/\" \/>\n<meta property=\"og:site_name\" content=\"Veritatemincaritate\" \/>\n<meta property=\"article:publisher\" content=\"https:\/\/www.facebook.com\/pgiorgiomariafare\" \/>\n<meta property=\"article:published_time\" content=\"2016-06-16T07:37:29+00:00\" \/>\n<meta property=\"article:modified_time\" content=\"2022-02-18T15:18:39+00:00\" \/>\n<meta property=\"og:image\" content=\"https:\/\/www.veritatemincaritate.com\/wp\/wp-content\/uploads\/2016\/06\/eliseo-resuscita-il-figlio-della-Sunnamita.png\" \/>\n\t<meta property=\"og:image:width\" content=\"886\" \/>\n\t<meta property=\"og:image:height\" content=\"523\" \/>\n\t<meta property=\"og:image:type\" content=\"image\/png\" \/>\n<meta name=\"author\" content=\"Gv1114\" \/>\n<meta name=\"twitter:card\" content=\"summary_large_image\" \/>\n<meta name=\"twitter:label1\" content=\"Scritto da\" \/>\n\t<meta name=\"twitter:data1\" content=\"Gv1114\" \/>\n\t<meta name=\"twitter:label2\" content=\"Tempo di lettura stimato\" \/>\n\t<meta name=\"twitter:data2\" content=\"8 minuti\" \/>\n<script type=\"application\/ld+json\" class=\"yoast-schema-graph\">{\"@context\":\"https:\\\/\\\/schema.org\",\"@graph\":[{\"@type\":\"Article\",\"@id\":\"https:\\\/\\\/www.veritatemincaritate.com\\\/wp\\\/2016\\\/06\\\/la-ricerca-di-una-mediazione-per-maturare-il-dono-dello-spirito\\\/#article\",\"isPartOf\":{\"@id\":\"https:\\\/\\\/www.veritatemincaritate.com\\\/wp\\\/2016\\\/06\\\/la-ricerca-di-una-mediazione-per-maturare-il-dono-dello-spirito\\\/\"},\"author\":{\"name\":\"Gv1114\",\"@id\":\"https:\\\/\\\/www.veritatemincaritate.com\\\/wp\\\/#\\\/schema\\\/person\\\/17ae821a27aada104588a1d94f526471\"},\"headline\":\"La ricerca di una mediazione per maturare il dono dello Spirito\",\"datePublished\":\"2016-06-16T07:37:29+00:00\",\"dateModified\":\"2022-02-18T15:18:39+00:00\",\"mainEntityOfPage\":{\"@id\":\"https:\\\/\\\/www.veritatemincaritate.com\\\/wp\\\/2016\\\/06\\\/la-ricerca-di-una-mediazione-per-maturare-il-dono-dello-spirito\\\/\"},\"wordCount\":1505,\"publisher\":{\"@id\":\"https:\\\/\\\/www.veritatemincaritate.com\\\/wp\\\/#organization\"},\"image\":{\"@id\":\"https:\\\/\\\/www.veritatemincaritate.com\\\/wp\\\/2016\\\/06\\\/la-ricerca-di-una-mediazione-per-maturare-il-dono-dello-spirito\\\/#primaryimage\"},\"thumbnailUrl\":\"https:\\\/\\\/www.veritatemincaritate.com\\\/wp\\\/wp-content\\\/uploads\\\/2016\\\/06\\\/eliseo-resuscita-il-figlio-della-Sunnamita.png\",\"keywords\":[\"Amore\",\"ardore\",\"mediazione\",\"omelie\",\"p. Giorgio Maria Far\u00e9\"],\"articleSection\":[\"Omelie\"],\"inLanguage\":\"it-IT\"},{\"@type\":\"WebPage\",\"@id\":\"https:\\\/\\\/www.veritatemincaritate.com\\\/wp\\\/2016\\\/06\\\/la-ricerca-di-una-mediazione-per-maturare-il-dono-dello-spirito\\\/\",\"url\":\"https:\\\/\\\/www.veritatemincaritate.com\\\/wp\\\/2016\\\/06\\\/la-ricerca-di-una-mediazione-per-maturare-il-dono-dello-spirito\\\/\",\"name\":\"La ricerca di una mediazione per maturare il dono dello Spirito - Veritatemincaritate\",\"isPartOf\":{\"@id\":\"https:\\\/\\\/www.veritatemincaritate.com\\\/wp\\\/#website\"},\"primaryImageOfPage\":{\"@id\":\"https:\\\/\\\/www.veritatemincaritate.com\\\/wp\\\/2016\\\/06\\\/la-ricerca-di-una-mediazione-per-maturare-il-dono-dello-spirito\\\/#primaryimage\"},\"image\":{\"@id\":\"https:\\\/\\\/www.veritatemincaritate.com\\\/wp\\\/2016\\\/06\\\/la-ricerca-di-una-mediazione-per-maturare-il-dono-dello-spirito\\\/#primaryimage\"},\"thumbnailUrl\":\"https:\\\/\\\/www.veritatemincaritate.com\\\/wp\\\/wp-content\\\/uploads\\\/2016\\\/06\\\/eliseo-resuscita-il-figlio-della-Sunnamita.png\",\"datePublished\":\"2016-06-16T07:37:29+00:00\",\"dateModified\":\"2022-02-18T15:18:39+00:00\",\"breadcrumb\":{\"@id\":\"https:\\\/\\\/www.veritatemincaritate.com\\\/wp\\\/2016\\\/06\\\/la-ricerca-di-una-mediazione-per-maturare-il-dono-dello-spirito\\\/#breadcrumb\"},\"inLanguage\":\"it-IT\",\"potentialAction\":[{\"@type\":\"ReadAction\",\"target\":[\"https:\\\/\\\/www.veritatemincaritate.com\\\/wp\\\/2016\\\/06\\\/la-ricerca-di-una-mediazione-per-maturare-il-dono-dello-spirito\\\/\"]}]},{\"@type\":\"ImageObject\",\"inLanguage\":\"it-IT\",\"@id\":\"https:\\\/\\\/www.veritatemincaritate.com\\\/wp\\\/2016\\\/06\\\/la-ricerca-di-una-mediazione-per-maturare-il-dono-dello-spirito\\\/#primaryimage\",\"url\":\"https:\\\/\\\/www.veritatemincaritate.com\\\/wp\\\/wp-content\\\/uploads\\\/2016\\\/06\\\/eliseo-resuscita-il-figlio-della-Sunnamita.png\",\"contentUrl\":\"https:\\\/\\\/www.veritatemincaritate.com\\\/wp\\\/wp-content\\\/uploads\\\/2016\\\/06\\\/eliseo-resuscita-il-figlio-della-Sunnamita.png\",\"width\":886,\"height\":523},{\"@type\":\"BreadcrumbList\",\"@id\":\"https:\\\/\\\/www.veritatemincaritate.com\\\/wp\\\/2016\\\/06\\\/la-ricerca-di-una-mediazione-per-maturare-il-dono-dello-spirito\\\/#breadcrumb\",\"itemListElement\":[{\"@type\":\"ListItem\",\"position\":1,\"name\":\"Home\",\"item\":\"https:\\\/\\\/www.veritatemincaritate.com\\\/wp\\\/\"},{\"@type\":\"ListItem\",\"position\":2,\"name\":\"La ricerca di una mediazione per maturare il dono dello Spirito\"}]},{\"@type\":\"WebSite\",\"@id\":\"https:\\\/\\\/www.veritatemincaritate.com\\\/wp\\\/#website\",\"url\":\"https:\\\/\\\/www.veritatemincaritate.com\\\/wp\\\/\",\"name\":\"Veritatemincaritate\",\"description\":\"Agendo secondo verit\u00e0 nella carit\u00e0, cerchiamo di crescere in ogni cosa tendendo a lui, che \u00e8 il capo, Cristo\",\"publisher\":{\"@id\":\"https:\\\/\\\/www.veritatemincaritate.com\\\/wp\\\/#organization\"},\"potentialAction\":[{\"@type\":\"SearchAction\",\"target\":{\"@type\":\"EntryPoint\",\"urlTemplate\":\"https:\\\/\\\/www.veritatemincaritate.com\\\/wp\\\/?s={search_term_string}\"},\"query-input\":{\"@type\":\"PropertyValueSpecification\",\"valueRequired\":true,\"valueName\":\"search_term_string\"}}],\"inLanguage\":\"it-IT\"},{\"@type\":\"Organization\",\"@id\":\"https:\\\/\\\/www.veritatemincaritate.com\\\/wp\\\/#organization\",\"name\":\"Veritatem facientes in Caritate\",\"url\":\"https:\\\/\\\/www.veritatemincaritate.com\\\/wp\\\/\",\"logo\":{\"@type\":\"ImageObject\",\"inLanguage\":\"it-IT\",\"@id\":\"https:\\\/\\\/www.veritatemincaritate.com\\\/wp\\\/#\\\/schema\\\/logo\\\/image\\\/\",\"url\":\"https:\\\/\\\/www.veritatemincaritate.com\\\/wp\\\/wp-content\\\/uploads\\\/2020\\\/07\\\/Logo-VIC-per-canale-Youtube.jpg\",\"contentUrl\":\"https:\\\/\\\/www.veritatemincaritate.com\\\/wp\\\/wp-content\\\/uploads\\\/2020\\\/07\\\/Logo-VIC-per-canale-Youtube.jpg\",\"width\":720,\"height\":720,\"caption\":\"Veritatem facientes in Caritate\"},\"image\":{\"@id\":\"https:\\\/\\\/www.veritatemincaritate.com\\\/wp\\\/#\\\/schema\\\/logo\\\/image\\\/\"},\"sameAs\":[\"https:\\\/\\\/www.facebook.com\\\/pgiorgiomariafare\",\"https:\\\/\\\/instagram.com\\\/padre_giorgio_maria_fare?igshid=1p8wsw6b3edkc\",\"https:\\\/\\\/www.youtube.com\\\/channel\\\/UCFqjpT1nX60rx3m_SELg3lA\"]},{\"@type\":\"Person\",\"@id\":\"https:\\\/\\\/www.veritatemincaritate.com\\\/wp\\\/#\\\/schema\\\/person\\\/17ae821a27aada104588a1d94f526471\",\"name\":\"Gv1114\",\"image\":{\"@type\":\"ImageObject\",\"inLanguage\":\"it-IT\",\"@id\":\"https:\\\/\\\/secure.gravatar.com\\\/avatar\\\/5d29baa7fbb92e99034e1d9f7a4f83926de7a8a8f450bf35d58714f1ec0a3c39?s=96&d=mm&r=g\",\"url\":\"https:\\\/\\\/secure.gravatar.com\\\/avatar\\\/5d29baa7fbb92e99034e1d9f7a4f83926de7a8a8f450bf35d58714f1ec0a3c39?s=96&d=mm&r=g\",\"contentUrl\":\"https:\\\/\\\/secure.gravatar.com\\\/avatar\\\/5d29baa7fbb92e99034e1d9f7a4f83926de7a8a8f450bf35d58714f1ec0a3c39?s=96&d=mm&r=g\",\"caption\":\"Gv1114\"}}]}<\/script>\n<!-- \/ Yoast SEO plugin. -->","yoast_head_json":{"title":"La ricerca di una mediazione per maturare il dono dello Spirito - Veritatemincaritate","robots":{"index":"index","follow":"follow","max-snippet":"max-snippet:-1","max-image-preview":"max-image-preview:large","max-video-preview":"max-video-preview:-1"},"canonical":"https:\/\/www.veritatemincaritate.com\/wp\/2016\/06\/la-ricerca-di-una-mediazione-per-maturare-il-dono-dello-spirito\/","og_locale":"it_IT","og_type":"article","og_title":"La ricerca di una mediazione per maturare il dono dello Spirito - Veritatemincaritate","og_description":"[vc_row][vc_column][vc_column_text] Omelia Pubblichiamo l\u2019audio di\u00a0un\u2019omelia sulle letture di gioved\u00ec 16\u00a0giugno 2016. Predicatore:\u00a0p. Giorgio Maria Far\u00e9, OCD[\/vc_column_text][\/vc_column][\/vc_row][vc_row][vc_column][vc_column_text] Ascolta la registrazione: Per...","og_url":"https:\/\/www.veritatemincaritate.com\/wp\/2016\/06\/la-ricerca-di-una-mediazione-per-maturare-il-dono-dello-spirito\/","og_site_name":"Veritatemincaritate","article_publisher":"https:\/\/www.facebook.com\/pgiorgiomariafare","article_published_time":"2016-06-16T07:37:29+00:00","article_modified_time":"2022-02-18T15:18:39+00:00","og_image":[{"width":886,"height":523,"url":"https:\/\/www.veritatemincaritate.com\/wp\/wp-content\/uploads\/2016\/06\/eliseo-resuscita-il-figlio-della-Sunnamita.png","type":"image\/png"}],"author":"Gv1114","twitter_card":"summary_large_image","twitter_misc":{"Scritto da":"Gv1114","Tempo di lettura stimato":"8 minuti"},"schema":{"@context":"https:\/\/schema.org","@graph":[{"@type":"Article","@id":"https:\/\/www.veritatemincaritate.com\/wp\/2016\/06\/la-ricerca-di-una-mediazione-per-maturare-il-dono-dello-spirito\/#article","isPartOf":{"@id":"https:\/\/www.veritatemincaritate.com\/wp\/2016\/06\/la-ricerca-di-una-mediazione-per-maturare-il-dono-dello-spirito\/"},"author":{"name":"Gv1114","@id":"https:\/\/www.veritatemincaritate.com\/wp\/#\/schema\/person\/17ae821a27aada104588a1d94f526471"},"headline":"La ricerca di una mediazione per maturare il dono dello Spirito","datePublished":"2016-06-16T07:37:29+00:00","dateModified":"2022-02-18T15:18:39+00:00","mainEntityOfPage":{"@id":"https:\/\/www.veritatemincaritate.com\/wp\/2016\/06\/la-ricerca-di-una-mediazione-per-maturare-il-dono-dello-spirito\/"},"wordCount":1505,"publisher":{"@id":"https:\/\/www.veritatemincaritate.com\/wp\/#organization"},"image":{"@id":"https:\/\/www.veritatemincaritate.com\/wp\/2016\/06\/la-ricerca-di-una-mediazione-per-maturare-il-dono-dello-spirito\/#primaryimage"},"thumbnailUrl":"https:\/\/www.veritatemincaritate.com\/wp\/wp-content\/uploads\/2016\/06\/eliseo-resuscita-il-figlio-della-Sunnamita.png","keywords":["Amore","ardore","mediazione","omelie","p. Giorgio Maria Far\u00e9"],"articleSection":["Omelie"],"inLanguage":"it-IT"},{"@type":"WebPage","@id":"https:\/\/www.veritatemincaritate.com\/wp\/2016\/06\/la-ricerca-di-una-mediazione-per-maturare-il-dono-dello-spirito\/","url":"https:\/\/www.veritatemincaritate.com\/wp\/2016\/06\/la-ricerca-di-una-mediazione-per-maturare-il-dono-dello-spirito\/","name":"La ricerca di una mediazione per maturare il dono dello Spirito - Veritatemincaritate","isPartOf":{"@id":"https:\/\/www.veritatemincaritate.com\/wp\/#website"},"primaryImageOfPage":{"@id":"https:\/\/www.veritatemincaritate.com\/wp\/2016\/06\/la-ricerca-di-una-mediazione-per-maturare-il-dono-dello-spirito\/#primaryimage"},"image":{"@id":"https:\/\/www.veritatemincaritate.com\/wp\/2016\/06\/la-ricerca-di-una-mediazione-per-maturare-il-dono-dello-spirito\/#primaryimage"},"thumbnailUrl":"https:\/\/www.veritatemincaritate.com\/wp\/wp-content\/uploads\/2016\/06\/eliseo-resuscita-il-figlio-della-Sunnamita.png","datePublished":"2016-06-16T07:37:29+00:00","dateModified":"2022-02-18T15:18:39+00:00","breadcrumb":{"@id":"https:\/\/www.veritatemincaritate.com\/wp\/2016\/06\/la-ricerca-di-una-mediazione-per-maturare-il-dono-dello-spirito\/#breadcrumb"},"inLanguage":"it-IT","potentialAction":[{"@type":"ReadAction","target":["https:\/\/www.veritatemincaritate.com\/wp\/2016\/06\/la-ricerca-di-una-mediazione-per-maturare-il-dono-dello-spirito\/"]}]},{"@type":"ImageObject","inLanguage":"it-IT","@id":"https:\/\/www.veritatemincaritate.com\/wp\/2016\/06\/la-ricerca-di-una-mediazione-per-maturare-il-dono-dello-spirito\/#primaryimage","url":"https:\/\/www.veritatemincaritate.com\/wp\/wp-content\/uploads\/2016\/06\/eliseo-resuscita-il-figlio-della-Sunnamita.png","contentUrl":"https:\/\/www.veritatemincaritate.com\/wp\/wp-content\/uploads\/2016\/06\/eliseo-resuscita-il-figlio-della-Sunnamita.png","width":886,"height":523},{"@type":"BreadcrumbList","@id":"https:\/\/www.veritatemincaritate.com\/wp\/2016\/06\/la-ricerca-di-una-mediazione-per-maturare-il-dono-dello-spirito\/#breadcrumb","itemListElement":[{"@type":"ListItem","position":1,"name":"Home","item":"https:\/\/www.veritatemincaritate.com\/wp\/"},{"@type":"ListItem","position":2,"name":"La ricerca di una mediazione per maturare il dono dello Spirito"}]},{"@type":"WebSite","@id":"https:\/\/www.veritatemincaritate.com\/wp\/#website","url":"https:\/\/www.veritatemincaritate.com\/wp\/","name":"Veritatemincaritate","description":"Agendo secondo verit\u00e0 nella carit\u00e0, cerchiamo di crescere in ogni cosa tendendo a lui, che \u00e8 il capo, Cristo","publisher":{"@id":"https:\/\/www.veritatemincaritate.com\/wp\/#organization"},"potentialAction":[{"@type":"SearchAction","target":{"@type":"EntryPoint","urlTemplate":"https:\/\/www.veritatemincaritate.com\/wp\/?s={search_term_string}"},"query-input":{"@type":"PropertyValueSpecification","valueRequired":true,"valueName":"search_term_string"}}],"inLanguage":"it-IT"},{"@type":"Organization","@id":"https:\/\/www.veritatemincaritate.com\/wp\/#organization","name":"Veritatem facientes in Caritate","url":"https:\/\/www.veritatemincaritate.com\/wp\/","logo":{"@type":"ImageObject","inLanguage":"it-IT","@id":"https:\/\/www.veritatemincaritate.com\/wp\/#\/schema\/logo\/image\/","url":"https:\/\/www.veritatemincaritate.com\/wp\/wp-content\/uploads\/2020\/07\/Logo-VIC-per-canale-Youtube.jpg","contentUrl":"https:\/\/www.veritatemincaritate.com\/wp\/wp-content\/uploads\/2020\/07\/Logo-VIC-per-canale-Youtube.jpg","width":720,"height":720,"caption":"Veritatem facientes in Caritate"},"image":{"@id":"https:\/\/www.veritatemincaritate.com\/wp\/#\/schema\/logo\/image\/"},"sameAs":["https:\/\/www.facebook.com\/pgiorgiomariafare","https:\/\/instagram.com\/padre_giorgio_maria_fare?igshid=1p8wsw6b3edkc","https:\/\/www.youtube.com\/channel\/UCFqjpT1nX60rx3m_SELg3lA"]},{"@type":"Person","@id":"https:\/\/www.veritatemincaritate.com\/wp\/#\/schema\/person\/17ae821a27aada104588a1d94f526471","name":"Gv1114","image":{"@type":"ImageObject","inLanguage":"it-IT","@id":"https:\/\/secure.gravatar.com\/avatar\/5d29baa7fbb92e99034e1d9f7a4f83926de7a8a8f450bf35d58714f1ec0a3c39?s=96&d=mm&r=g","url":"https:\/\/secure.gravatar.com\/avatar\/5d29baa7fbb92e99034e1d9f7a4f83926de7a8a8f450bf35d58714f1ec0a3c39?s=96&d=mm&r=g","contentUrl":"https:\/\/secure.gravatar.com\/avatar\/5d29baa7fbb92e99034e1d9f7a4f83926de7a8a8f450bf35d58714f1ec0a3c39?s=96&d=mm&r=g","caption":"Gv1114"}}]}},"menu_order":0,"_links":{"self":[{"href":"https:\/\/www.veritatemincaritate.com\/wp\/wp-json\/wp\/v2\/posts\/3174","targetHints":{"allow":["GET"]}}],"collection":[{"href":"https:\/\/www.veritatemincaritate.com\/wp\/wp-json\/wp\/v2\/posts"}],"about":[{"href":"https:\/\/www.veritatemincaritate.com\/wp\/wp-json\/wp\/v2\/types\/post"}],"author":[{"embeddable":true,"href":"https:\/\/www.veritatemincaritate.com\/wp\/wp-json\/wp\/v2\/users\/3"}],"replies":[{"embeddable":true,"href":"https:\/\/www.veritatemincaritate.com\/wp\/wp-json\/wp\/v2\/comments?post=3174"}],"version-history":[{"count":0,"href":"https:\/\/www.veritatemincaritate.com\/wp\/wp-json\/wp\/v2\/posts\/3174\/revisions"}],"wp:featuredmedia":[{"embeddable":true,"href":"https:\/\/www.veritatemincaritate.com\/wp\/wp-json\/wp\/v2\/media\/3180"}],"wp:attachment":[{"href":"https:\/\/www.veritatemincaritate.com\/wp\/wp-json\/wp\/v2\/media?parent=3174"}],"wp:term":[{"taxonomy":"category","embeddable":true,"href":"https:\/\/www.veritatemincaritate.com\/wp\/wp-json\/wp\/v2\/categories?post=3174"},{"taxonomy":"post_tag","embeddable":true,"href":"https:\/\/www.veritatemincaritate.com\/wp\/wp-json\/wp\/v2\/tags?post=3174"}],"curies":[{"name":"wp","href":"https:\/\/api.w.org\/{rel}","templated":true}]}}