{"id":3250,"date":"2016-06-27T23:47:36","date_gmt":"2016-06-27T21:47:36","guid":{"rendered":"http:\/\/www.veritatemincaritate.com\/?p=3250"},"modified":"2025-08-19T17:03:50","modified_gmt":"2025-08-19T15:03:50","slug":"ciclo-di-catechesi-la-coscienza-credente-fondamenti-e-struttura-parte-seconda-lezione-29","status":"publish","type":"post","link":"https:\/\/www.veritatemincaritate.com\/wp\/2016\/06\/ciclo-di-catechesi-la-coscienza-credente-fondamenti-e-struttura-parte-seconda-lezione-29\/","title":{"rendered":"Ciclo di catechesi &#8211; &#8220;La coscienza credente: fondamenti e struttura&#8221; &#8211; Parte seconda &#8211; Lezione 29"},"content":{"rendered":"<div class=\"wpb-content-wrapper\" id=\"wpb-content-root\"><p>[vc_row][vc_column][vc_column_text]<\/p>\n<h3>Catechesi\u00a0di\u00a0luned\u00ec 27\u00a0giugno\u00a02016<\/h3>\n<p>Ciclo di catechesi &#8220;La coscienza credente: fondamenti e struttura&#8221;<\/p>\n<p>SECONDA PARTE sul documento di S. Giovanni Paolo II &#8220;Reconciliatio et Paenitentia&#8221;, esortazione apostolica postsinodale all&#8217;episcopato, al clero e ai fedeli circa la riconciliazione e la penitenza nella missione della Chiesa oggi.<\/p>\n<p>Relatore:\u00a0p. Giorgio Maria Far\u00e9[\/vc_column_text][\/vc_column][\/vc_row][vc_row][vc_column][vc_column_text]<\/p>\n<h4>Ascolta la registrazione della catechesi:<\/h4>\n<p>Per motivi di intenso traffico non ci \u00e8 possibile rendere disponibile l&#8217;ascolto dei file audio direttamente dal nostro sito. Se hai dubbi su come fare, vai alle <a href=\"http:\/\/www.veritatemincaritate.com\/chi-siamo\/istruzioni-per-lascolto-delle-registrazioni\/\" target=\"_blank\" rel=\"noopener\">istruzioni per l&#8217;ascolto delle registrazioni<\/a>.[\/vc_column_text][vc_row_inner][vc_column_inner width=&#8221;1\/2&#8243;][vc_column_text]<style type=\"text\/css\">.thegem-button-6a9bac2f8e1fc321 .gem-button {font-size: 14px;}.thegem-button-6a9bac2f8e1fc321 .gem-button-text {font-size: 14px;}.thegem-button-6a9bac2f8e1fc321 .gem-button svg {fill: #FFFFFF;}<\/style><div class=\"gem-button-container gem-button-position-inline thegem-button-6a9bac2f8e1fc321    \"  ><a class=\"gem-button gem-button-size-small gem-button-style-flat gem-button-text-weight-normal\" data-ll-effect=\"drop-right-without-wrap\" style=\"border-radius: 3px;background-color: #FF5C00;color: #FFFFFF;\" onmouseleave=\"this.style.backgroundColor='#FF5C00';this.style.color='#FFFFFF';\" onmouseenter=\"\" href=\"https:\/\/www.dropbox.com\/s\/h8amnnr0se8n9fz\/160627-Catechesi-RP-Lezione29.m4a?dl=1\" target=\"_self\">Scarica la registrazione<\/a><\/div> [\/vc_column_text][\/vc_column_inner][vc_column_inner width=&#8221;1\/2&#8243;][vc_column_text]<style type=\"text\/css\">.thegem-button-6a9bac2f8e3686484 .gem-button {font-size: 14px;}.thegem-button-6a9bac2f8e3686484 .gem-button-text {font-size: 14px;}.thegem-button-6a9bac2f8e3686484 .gem-button svg {fill: #FFFFFF;}<\/style><div class=\"gem-button-container gem-button-position-inline thegem-button-6a9bac2f8e3686484    \"  ><a class=\"gem-button gem-button-size-small gem-button-style-flat gem-button-text-weight-normal\" data-ll-effect=\"drop-right-without-wrap\" style=\"border-radius: 3px;background-color: #FF5C00;color: #FFFFFF;\" onmouseleave=\"this.style.backgroundColor='#FF5C00';this.style.color='#FFFFFF';\" onmouseenter=\"\" href=\"https:\/\/www.dropbox.com\/s\/h8amnnr0se8n9fz\/160627-Catechesi-RP-Lezione29.m4a?dl=0\" target=\"_self\">Ascolta la registrazione<\/a><\/div> [\/vc_column_text][\/vc_column_inner][\/vc_row_inner][\/vc_column][\/vc_row]<\/p>\n<p>Il testo che viene letto e commentato in questa seconda parte del ciclo di catechesi\u00a0\u00e8 l&#8217;Esortazione apostolica post-sinodale <em>Reconciliatio et Paenitentia<\/em> di S. Giovanni Paolo II all&#8217;episcopato al clero e ai fedeli circa la Riconciliazione e la penitenza nella missione della Chiesa oggi.[vc_row_inner][vc_column_inner][vc_column_text css=&#8221;&#8221;]<\/p>\n<h5><a href=\"https:\/\/www.veritatemincaritate.com\/wp\/wp-content\/uploads\/2015\/11\/Reconciliatio-et-Paenitentia-S-Giovanni-Paolo-II.pdf\" target=\"_blank\" rel=\"noopener\">SCARICA IL TESTO RECONCILIATIO ET PAENITENTIA<\/a><\/h5>\n<p>[\/vc_column_text][\/vc_column_inner][\/vc_row_inner][vc_column_text css=&#8221;&#8221;]Le catechesi di p. Giorgio Maria Far\u00e9 si tengono ogni luned\u00ec alle 21 presso il Convento dei Padri Carmelitani Scalzi di Monza, con ingresso dal parcheggio di Via Boito 2.[\/vc_column_text]<\/p>\n<\/div>","protected":false},"excerpt":{"rendered":"<p>[vc_row][vc_column][vc_column_text] Catechesi\u00a0di\u00a0luned\u00ec 27\u00a0giugno\u00a02016 Ciclo di catechesi &#8220;La coscienza credente: fondamenti e struttura&#8221; SECONDA PARTE sul documento di S. Giovanni Paolo&#8230;<\/p>\n","protected":false},"author":3,"featured_media":1216,"comment_status":"closed","ping_status":"closed","sticky":false,"template":"","format":"standard","meta":{"footnotes":""},"categories":[37,10474],"tags":[33,686,17,687,235,539,420,419,541],"class_list":{"0":"post-3250","1":"post","2":"type-post","3":"status-publish","4":"format-standard","5":"has-post-thumbnail","7":"category-catechesi","8":"category-catechesi-la-coscienza-credente-fondamenti-e-struttura","9":"tag-catechesi","10":"tag-colpa","11":"tag-p-giorgio-maria-fare","12":"tag-pena","13":"tag-perdono","14":"tag-rancore","15":"tag-reconciliatio-et-paenitentia","16":"tag-s-giovanni-paolo-ii","17":"tag-vendetta"},"yoast_head":"<!-- This site is optimized with the Yoast SEO plugin v28.2 - https:\/\/yoast.com\/product\/yoast-seo-wordpress\/ -->\n<title>Ciclo di catechesi - &quot;La coscienza credente: fondamenti e struttura&quot; - Parte seconda - Lezione 29 - Veritatemincaritate<\/title>\n<meta name=\"robots\" content=\"index, follow, max-snippet:-1, max-image-preview:large, max-video-preview:-1\" \/>\n<link rel=\"canonical\" href=\"https:\/\/www.veritatemincaritate.com\/wp\/2016\/06\/ciclo-di-catechesi-la-coscienza-credente-fondamenti-e-struttura-parte-seconda-lezione-29\/\" \/>\n<meta property=\"og:locale\" content=\"it_IT\" \/>\n<meta property=\"og:type\" content=\"article\" \/>\n<meta property=\"og:title\" content=\"Ciclo di catechesi - &quot;La coscienza credente: fondamenti e struttura&quot; - Parte seconda - Lezione 29 - Veritatemincaritate\" \/>\n<meta property=\"og:description\" content=\"[vc_row][vc_column][vc_column_text] Catechesi\u00a0di\u00a0luned\u00ec 27\u00a0giugno\u00a02016 Ciclo di catechesi &#8220;La coscienza credente: fondamenti e struttura&#8221; SECONDA PARTE sul documento di S. Giovanni Paolo...\" \/>\n<meta property=\"og:url\" content=\"https:\/\/www.veritatemincaritate.com\/wp\/2016\/06\/ciclo-di-catechesi-la-coscienza-credente-fondamenti-e-struttura-parte-seconda-lezione-29\/\" \/>\n<meta property=\"og:site_name\" content=\"Veritatemincaritate\" \/>\n<meta property=\"article:publisher\" content=\"https:\/\/www.facebook.com\/pgiorgiomariafare\" \/>\n<meta property=\"article:published_time\" content=\"2016-06-27T21:47:36+00:00\" \/>\n<meta property=\"article:modified_time\" content=\"2025-08-19T15:03:50+00:00\" \/>\n<meta property=\"og:image\" content=\"https:\/\/www.veritatemincaritate.com\/wp\/wp-content\/uploads\/2015\/11\/figliol_prodigo-zoom.jpg\" \/>\n\t<meta property=\"og:image:width\" content=\"404\" \/>\n\t<meta property=\"og:image:height\" content=\"307\" \/>\n\t<meta property=\"og:image:type\" content=\"image\/jpeg\" \/>\n<meta name=\"author\" content=\"Gv1114\" \/>\n<meta name=\"twitter:card\" content=\"summary_large_image\" \/>\n<meta name=\"twitter:label1\" content=\"Scritto da\" \/>\n\t<meta name=\"twitter:data1\" content=\"Gv1114\" \/>\n\t<meta name=\"twitter:label2\" content=\"Tempo di lettura stimato\" \/>\n\t<meta name=\"twitter:data2\" content=\"2 minuti\" \/>\n<script type=\"application\/ld+json\" class=\"yoast-schema-graph\">{\"@context\":\"https:\\\/\\\/schema.org\",\"@graph\":[{\"@type\":\"Article\",\"@id\":\"https:\\\/\\\/www.veritatemincaritate.com\\\/wp\\\/2016\\\/06\\\/ciclo-di-catechesi-la-coscienza-credente-fondamenti-e-struttura-parte-seconda-lezione-29\\\/#article\",\"isPartOf\":{\"@id\":\"https:\\\/\\\/www.veritatemincaritate.com\\\/wp\\\/2016\\\/06\\\/ciclo-di-catechesi-la-coscienza-credente-fondamenti-e-struttura-parte-seconda-lezione-29\\\/\"},\"author\":{\"name\":\"Gv1114\",\"@id\":\"https:\\\/\\\/www.veritatemincaritate.com\\\/wp\\\/#\\\/schema\\\/person\\\/17ae821a27aada104588a1d94f526471\"},\"headline\":\"Ciclo di catechesi &#8211; &#8220;La coscienza credente: fondamenti e struttura&#8221; &#8211; Parte seconda &#8211; Lezione 29\",\"datePublished\":\"2016-06-27T21:47:36+00:00\",\"dateModified\":\"2025-08-19T15:03:50+00:00\",\"mainEntityOfPage\":{\"@id\":\"https:\\\/\\\/www.veritatemincaritate.com\\\/wp\\\/2016\\\/06\\\/ciclo-di-catechesi-la-coscienza-credente-fondamenti-e-struttura-parte-seconda-lezione-29\\\/\"},\"wordCount\":367,\"publisher\":{\"@id\":\"https:\\\/\\\/www.veritatemincaritate.com\\\/wp\\\/#organization\"},\"image\":{\"@id\":\"https:\\\/\\\/www.veritatemincaritate.com\\\/wp\\\/2016\\\/06\\\/ciclo-di-catechesi-la-coscienza-credente-fondamenti-e-struttura-parte-seconda-lezione-29\\\/#primaryimage\"},\"thumbnailUrl\":\"https:\\\/\\\/www.veritatemincaritate.com\\\/wp\\\/wp-content\\\/uploads\\\/2015\\\/11\\\/figliol_prodigo-zoom.jpg\",\"keywords\":[\"catechesi\",\"colpa\",\"p. Giorgio Maria Far\u00e9\",\"pena\",\"perdono\",\"rancore\",\"Reconciliatio et Paenitentia\",\"S. Giovanni Paolo II\",\"vendetta\"],\"articleSection\":[\"Catechesi\",\"Catechesi - \\\"La coscienza credente: fondamenti e struttura\\\"\"],\"inLanguage\":\"it-IT\"},{\"@type\":\"WebPage\",\"@id\":\"https:\\\/\\\/www.veritatemincaritate.com\\\/wp\\\/2016\\\/06\\\/ciclo-di-catechesi-la-coscienza-credente-fondamenti-e-struttura-parte-seconda-lezione-29\\\/\",\"url\":\"https:\\\/\\\/www.veritatemincaritate.com\\\/wp\\\/2016\\\/06\\\/ciclo-di-catechesi-la-coscienza-credente-fondamenti-e-struttura-parte-seconda-lezione-29\\\/\",\"name\":\"Ciclo di catechesi - \\\"La coscienza credente: fondamenti e struttura\\\" - Parte seconda - Lezione 29 - Veritatemincaritate\",\"isPartOf\":{\"@id\":\"https:\\\/\\\/www.veritatemincaritate.com\\\/wp\\\/#website\"},\"primaryImageOfPage\":{\"@id\":\"https:\\\/\\\/www.veritatemincaritate.com\\\/wp\\\/2016\\\/06\\\/ciclo-di-catechesi-la-coscienza-credente-fondamenti-e-struttura-parte-seconda-lezione-29\\\/#primaryimage\"},\"image\":{\"@id\":\"https:\\\/\\\/www.veritatemincaritate.com\\\/wp\\\/2016\\\/06\\\/ciclo-di-catechesi-la-coscienza-credente-fondamenti-e-struttura-parte-seconda-lezione-29\\\/#primaryimage\"},\"thumbnailUrl\":\"https:\\\/\\\/www.veritatemincaritate.com\\\/wp\\\/wp-content\\\/uploads\\\/2015\\\/11\\\/figliol_prodigo-zoom.jpg\",\"datePublished\":\"2016-06-27T21:47:36+00:00\",\"dateModified\":\"2025-08-19T15:03:50+00:00\",\"breadcrumb\":{\"@id\":\"https:\\\/\\\/www.veritatemincaritate.com\\\/wp\\\/2016\\\/06\\\/ciclo-di-catechesi-la-coscienza-credente-fondamenti-e-struttura-parte-seconda-lezione-29\\\/#breadcrumb\"},\"inLanguage\":\"it-IT\",\"potentialAction\":[{\"@type\":\"ReadAction\",\"target\":[\"https:\\\/\\\/www.veritatemincaritate.com\\\/wp\\\/2016\\\/06\\\/ciclo-di-catechesi-la-coscienza-credente-fondamenti-e-struttura-parte-seconda-lezione-29\\\/\"]}]},{\"@type\":\"ImageObject\",\"inLanguage\":\"it-IT\",\"@id\":\"https:\\\/\\\/www.veritatemincaritate.com\\\/wp\\\/2016\\\/06\\\/ciclo-di-catechesi-la-coscienza-credente-fondamenti-e-struttura-parte-seconda-lezione-29\\\/#primaryimage\",\"url\":\"https:\\\/\\\/www.veritatemincaritate.com\\\/wp\\\/wp-content\\\/uploads\\\/2015\\\/11\\\/figliol_prodigo-zoom.jpg\",\"contentUrl\":\"https:\\\/\\\/www.veritatemincaritate.com\\\/wp\\\/wp-content\\\/uploads\\\/2015\\\/11\\\/figliol_prodigo-zoom.jpg\",\"width\":404,\"height\":307},{\"@type\":\"BreadcrumbList\",\"@id\":\"https:\\\/\\\/www.veritatemincaritate.com\\\/wp\\\/2016\\\/06\\\/ciclo-di-catechesi-la-coscienza-credente-fondamenti-e-struttura-parte-seconda-lezione-29\\\/#breadcrumb\",\"itemListElement\":[{\"@type\":\"ListItem\",\"position\":1,\"name\":\"Home\",\"item\":\"https:\\\/\\\/www.veritatemincaritate.com\\\/wp\\\/\"},{\"@type\":\"ListItem\",\"position\":2,\"name\":\"Ciclo di catechesi &#8211; &#8220;La coscienza credente: fondamenti e struttura&#8221; &#8211; Parte seconda &#8211; Lezione 29\"}]},{\"@type\":\"WebSite\",\"@id\":\"https:\\\/\\\/www.veritatemincaritate.com\\\/wp\\\/#website\",\"url\":\"https:\\\/\\\/www.veritatemincaritate.com\\\/wp\\\/\",\"name\":\"Veritatemincaritate\",\"description\":\"Agendo secondo verit\u00e0 nella carit\u00e0, cerchiamo di crescere in ogni cosa tendendo a lui, che \u00e8 il capo, Cristo\",\"publisher\":{\"@id\":\"https:\\\/\\\/www.veritatemincaritate.com\\\/wp\\\/#organization\"},\"potentialAction\":[{\"@type\":\"SearchAction\",\"target\":{\"@type\":\"EntryPoint\",\"urlTemplate\":\"https:\\\/\\\/www.veritatemincaritate.com\\\/wp\\\/?s={search_term_string}\"},\"query-input\":{\"@type\":\"PropertyValueSpecification\",\"valueRequired\":true,\"valueName\":\"search_term_string\"}}],\"inLanguage\":\"it-IT\"},{\"@type\":\"Organization\",\"@id\":\"https:\\\/\\\/www.veritatemincaritate.com\\\/wp\\\/#organization\",\"name\":\"Veritatem facientes in Caritate\",\"url\":\"https:\\\/\\\/www.veritatemincaritate.com\\\/wp\\\/\",\"logo\":{\"@type\":\"ImageObject\",\"inLanguage\":\"it-IT\",\"@id\":\"https:\\\/\\\/www.veritatemincaritate.com\\\/wp\\\/#\\\/schema\\\/logo\\\/image\\\/\",\"url\":\"https:\\\/\\\/www.veritatemincaritate.com\\\/wp\\\/wp-content\\\/uploads\\\/2020\\\/07\\\/Logo-VIC-per-canale-Youtube.jpg\",\"contentUrl\":\"https:\\\/\\\/www.veritatemincaritate.com\\\/wp\\\/wp-content\\\/uploads\\\/2020\\\/07\\\/Logo-VIC-per-canale-Youtube.jpg\",\"width\":720,\"height\":720,\"caption\":\"Veritatem facientes in Caritate\"},\"image\":{\"@id\":\"https:\\\/\\\/www.veritatemincaritate.com\\\/wp\\\/#\\\/schema\\\/logo\\\/image\\\/\"},\"sameAs\":[\"https:\\\/\\\/www.facebook.com\\\/pgiorgiomariafare\",\"https:\\\/\\\/instagram.com\\\/padre_giorgio_maria_fare?igshid=1p8wsw6b3edkc\",\"https:\\\/\\\/www.youtube.com\\\/channel\\\/UCFqjpT1nX60rx3m_SELg3lA\"]},{\"@type\":\"Person\",\"@id\":\"https:\\\/\\\/www.veritatemincaritate.com\\\/wp\\\/#\\\/schema\\\/person\\\/17ae821a27aada104588a1d94f526471\",\"name\":\"Gv1114\",\"image\":{\"@type\":\"ImageObject\",\"inLanguage\":\"it-IT\",\"@id\":\"https:\\\/\\\/secure.gravatar.com\\\/avatar\\\/5d29baa7fbb92e99034e1d9f7a4f83926de7a8a8f450bf35d58714f1ec0a3c39?s=96&d=mm&r=g\",\"url\":\"https:\\\/\\\/secure.gravatar.com\\\/avatar\\\/5d29baa7fbb92e99034e1d9f7a4f83926de7a8a8f450bf35d58714f1ec0a3c39?s=96&d=mm&r=g\",\"contentUrl\":\"https:\\\/\\\/secure.gravatar.com\\\/avatar\\\/5d29baa7fbb92e99034e1d9f7a4f83926de7a8a8f450bf35d58714f1ec0a3c39?s=96&d=mm&r=g\",\"caption\":\"Gv1114\"}}]}<\/script>\n<!-- \/ Yoast SEO plugin. -->","yoast_head_json":{"title":"Ciclo di catechesi - \"La coscienza credente: fondamenti e struttura\" - Parte seconda - Lezione 29 - Veritatemincaritate","robots":{"index":"index","follow":"follow","max-snippet":"max-snippet:-1","max-image-preview":"max-image-preview:large","max-video-preview":"max-video-preview:-1"},"canonical":"https:\/\/www.veritatemincaritate.com\/wp\/2016\/06\/ciclo-di-catechesi-la-coscienza-credente-fondamenti-e-struttura-parte-seconda-lezione-29\/","og_locale":"it_IT","og_type":"article","og_title":"Ciclo di catechesi - \"La coscienza credente: fondamenti e struttura\" - Parte seconda - Lezione 29 - Veritatemincaritate","og_description":"[vc_row][vc_column][vc_column_text] Catechesi\u00a0di\u00a0luned\u00ec 27\u00a0giugno\u00a02016 Ciclo di catechesi &#8220;La coscienza credente: fondamenti e struttura&#8221; SECONDA PARTE sul documento di S. Giovanni Paolo...","og_url":"https:\/\/www.veritatemincaritate.com\/wp\/2016\/06\/ciclo-di-catechesi-la-coscienza-credente-fondamenti-e-struttura-parte-seconda-lezione-29\/","og_site_name":"Veritatemincaritate","article_publisher":"https:\/\/www.facebook.com\/pgiorgiomariafare","article_published_time":"2016-06-27T21:47:36+00:00","article_modified_time":"2025-08-19T15:03:50+00:00","og_image":[{"width":404,"height":307,"url":"https:\/\/www.veritatemincaritate.com\/wp\/wp-content\/uploads\/2015\/11\/figliol_prodigo-zoom.jpg","type":"image\/jpeg"}],"author":"Gv1114","twitter_card":"summary_large_image","twitter_misc":{"Scritto da":"Gv1114","Tempo di lettura stimato":"2 minuti"},"schema":{"@context":"https:\/\/schema.org","@graph":[{"@type":"Article","@id":"https:\/\/www.veritatemincaritate.com\/wp\/2016\/06\/ciclo-di-catechesi-la-coscienza-credente-fondamenti-e-struttura-parte-seconda-lezione-29\/#article","isPartOf":{"@id":"https:\/\/www.veritatemincaritate.com\/wp\/2016\/06\/ciclo-di-catechesi-la-coscienza-credente-fondamenti-e-struttura-parte-seconda-lezione-29\/"},"author":{"name":"Gv1114","@id":"https:\/\/www.veritatemincaritate.com\/wp\/#\/schema\/person\/17ae821a27aada104588a1d94f526471"},"headline":"Ciclo di catechesi &#8211; &#8220;La coscienza credente: fondamenti e struttura&#8221; &#8211; Parte seconda &#8211; Lezione 29","datePublished":"2016-06-27T21:47:36+00:00","dateModified":"2025-08-19T15:03:50+00:00","mainEntityOfPage":{"@id":"https:\/\/www.veritatemincaritate.com\/wp\/2016\/06\/ciclo-di-catechesi-la-coscienza-credente-fondamenti-e-struttura-parte-seconda-lezione-29\/"},"wordCount":367,"publisher":{"@id":"https:\/\/www.veritatemincaritate.com\/wp\/#organization"},"image":{"@id":"https:\/\/www.veritatemincaritate.com\/wp\/2016\/06\/ciclo-di-catechesi-la-coscienza-credente-fondamenti-e-struttura-parte-seconda-lezione-29\/#primaryimage"},"thumbnailUrl":"https:\/\/www.veritatemincaritate.com\/wp\/wp-content\/uploads\/2015\/11\/figliol_prodigo-zoom.jpg","keywords":["catechesi","colpa","p. Giorgio Maria Far\u00e9","pena","perdono","rancore","Reconciliatio et Paenitentia","S. Giovanni Paolo II","vendetta"],"articleSection":["Catechesi","Catechesi - \"La coscienza credente: fondamenti e struttura\""],"inLanguage":"it-IT"},{"@type":"WebPage","@id":"https:\/\/www.veritatemincaritate.com\/wp\/2016\/06\/ciclo-di-catechesi-la-coscienza-credente-fondamenti-e-struttura-parte-seconda-lezione-29\/","url":"https:\/\/www.veritatemincaritate.com\/wp\/2016\/06\/ciclo-di-catechesi-la-coscienza-credente-fondamenti-e-struttura-parte-seconda-lezione-29\/","name":"Ciclo di catechesi - \"La coscienza credente: fondamenti e struttura\" - Parte seconda - Lezione 29 - Veritatemincaritate","isPartOf":{"@id":"https:\/\/www.veritatemincaritate.com\/wp\/#website"},"primaryImageOfPage":{"@id":"https:\/\/www.veritatemincaritate.com\/wp\/2016\/06\/ciclo-di-catechesi-la-coscienza-credente-fondamenti-e-struttura-parte-seconda-lezione-29\/#primaryimage"},"image":{"@id":"https:\/\/www.veritatemincaritate.com\/wp\/2016\/06\/ciclo-di-catechesi-la-coscienza-credente-fondamenti-e-struttura-parte-seconda-lezione-29\/#primaryimage"},"thumbnailUrl":"https:\/\/www.veritatemincaritate.com\/wp\/wp-content\/uploads\/2015\/11\/figliol_prodigo-zoom.jpg","datePublished":"2016-06-27T21:47:36+00:00","dateModified":"2025-08-19T15:03:50+00:00","breadcrumb":{"@id":"https:\/\/www.veritatemincaritate.com\/wp\/2016\/06\/ciclo-di-catechesi-la-coscienza-credente-fondamenti-e-struttura-parte-seconda-lezione-29\/#breadcrumb"},"inLanguage":"it-IT","potentialAction":[{"@type":"ReadAction","target":["https:\/\/www.veritatemincaritate.com\/wp\/2016\/06\/ciclo-di-catechesi-la-coscienza-credente-fondamenti-e-struttura-parte-seconda-lezione-29\/"]}]},{"@type":"ImageObject","inLanguage":"it-IT","@id":"https:\/\/www.veritatemincaritate.com\/wp\/2016\/06\/ciclo-di-catechesi-la-coscienza-credente-fondamenti-e-struttura-parte-seconda-lezione-29\/#primaryimage","url":"https:\/\/www.veritatemincaritate.com\/wp\/wp-content\/uploads\/2015\/11\/figliol_prodigo-zoom.jpg","contentUrl":"https:\/\/www.veritatemincaritate.com\/wp\/wp-content\/uploads\/2015\/11\/figliol_prodigo-zoom.jpg","width":404,"height":307},{"@type":"BreadcrumbList","@id":"https:\/\/www.veritatemincaritate.com\/wp\/2016\/06\/ciclo-di-catechesi-la-coscienza-credente-fondamenti-e-struttura-parte-seconda-lezione-29\/#breadcrumb","itemListElement":[{"@type":"ListItem","position":1,"name":"Home","item":"https:\/\/www.veritatemincaritate.com\/wp\/"},{"@type":"ListItem","position":2,"name":"Ciclo di catechesi &#8211; &#8220;La coscienza credente: fondamenti e struttura&#8221; &#8211; Parte seconda &#8211; Lezione 29"}]},{"@type":"WebSite","@id":"https:\/\/www.veritatemincaritate.com\/wp\/#website","url":"https:\/\/www.veritatemincaritate.com\/wp\/","name":"Veritatemincaritate","description":"Agendo secondo verit\u00e0 nella carit\u00e0, cerchiamo di crescere in ogni cosa tendendo a lui, che \u00e8 il capo, Cristo","publisher":{"@id":"https:\/\/www.veritatemincaritate.com\/wp\/#organization"},"potentialAction":[{"@type":"SearchAction","target":{"@type":"EntryPoint","urlTemplate":"https:\/\/www.veritatemincaritate.com\/wp\/?s={search_term_string}"},"query-input":{"@type":"PropertyValueSpecification","valueRequired":true,"valueName":"search_term_string"}}],"inLanguage":"it-IT"},{"@type":"Organization","@id":"https:\/\/www.veritatemincaritate.com\/wp\/#organization","name":"Veritatem facientes in Caritate","url":"https:\/\/www.veritatemincaritate.com\/wp\/","logo":{"@type":"ImageObject","inLanguage":"it-IT","@id":"https:\/\/www.veritatemincaritate.com\/wp\/#\/schema\/logo\/image\/","url":"https:\/\/www.veritatemincaritate.com\/wp\/wp-content\/uploads\/2020\/07\/Logo-VIC-per-canale-Youtube.jpg","contentUrl":"https:\/\/www.veritatemincaritate.com\/wp\/wp-content\/uploads\/2020\/07\/Logo-VIC-per-canale-Youtube.jpg","width":720,"height":720,"caption":"Veritatem facientes in Caritate"},"image":{"@id":"https:\/\/www.veritatemincaritate.com\/wp\/#\/schema\/logo\/image\/"},"sameAs":["https:\/\/www.facebook.com\/pgiorgiomariafare","https:\/\/instagram.com\/padre_giorgio_maria_fare?igshid=1p8wsw6b3edkc","https:\/\/www.youtube.com\/channel\/UCFqjpT1nX60rx3m_SELg3lA"]},{"@type":"Person","@id":"https:\/\/www.veritatemincaritate.com\/wp\/#\/schema\/person\/17ae821a27aada104588a1d94f526471","name":"Gv1114","image":{"@type":"ImageObject","inLanguage":"it-IT","@id":"https:\/\/secure.gravatar.com\/avatar\/5d29baa7fbb92e99034e1d9f7a4f83926de7a8a8f450bf35d58714f1ec0a3c39?s=96&d=mm&r=g","url":"https:\/\/secure.gravatar.com\/avatar\/5d29baa7fbb92e99034e1d9f7a4f83926de7a8a8f450bf35d58714f1ec0a3c39?s=96&d=mm&r=g","contentUrl":"https:\/\/secure.gravatar.com\/avatar\/5d29baa7fbb92e99034e1d9f7a4f83926de7a8a8f450bf35d58714f1ec0a3c39?s=96&d=mm&r=g","caption":"Gv1114"}}]}},"menu_order":0,"_links":{"self":[{"href":"https:\/\/www.veritatemincaritate.com\/wp\/wp-json\/wp\/v2\/posts\/3250","targetHints":{"allow":["GET"]}}],"collection":[{"href":"https:\/\/www.veritatemincaritate.com\/wp\/wp-json\/wp\/v2\/posts"}],"about":[{"href":"https:\/\/www.veritatemincaritate.com\/wp\/wp-json\/wp\/v2\/types\/post"}],"author":[{"embeddable":true,"href":"https:\/\/www.veritatemincaritate.com\/wp\/wp-json\/wp\/v2\/users\/3"}],"replies":[{"embeddable":true,"href":"https:\/\/www.veritatemincaritate.com\/wp\/wp-json\/wp\/v2\/comments?post=3250"}],"version-history":[{"count":0,"href":"https:\/\/www.veritatemincaritate.com\/wp\/wp-json\/wp\/v2\/posts\/3250\/revisions"}],"wp:featuredmedia":[{"embeddable":true,"href":"https:\/\/www.veritatemincaritate.com\/wp\/wp-json\/wp\/v2\/media\/1216"}],"wp:attachment":[{"href":"https:\/\/www.veritatemincaritate.com\/wp\/wp-json\/wp\/v2\/media?parent=3250"}],"wp:term":[{"taxonomy":"category","embeddable":true,"href":"https:\/\/www.veritatemincaritate.com\/wp\/wp-json\/wp\/v2\/categories?post=3250"},{"taxonomy":"post_tag","embeddable":true,"href":"https:\/\/www.veritatemincaritate.com\/wp\/wp-json\/wp\/v2\/tags?post=3250"}],"curies":[{"name":"wp","href":"https:\/\/api.w.org\/{rel}","templated":true}]}}