{"id":33907,"date":"2024-06-10T01:45:43","date_gmt":"2024-06-09T23:45:43","guid":{"rendered":"https:\/\/www.veritatemincaritate.com\/wp\/?p=33907"},"modified":"2024-06-10T11:55:42","modified_gmt":"2024-06-10T09:55:42","slug":"gesu-mio-labbandono-dei-tabernacoli-accompagnati-s-manuel-gonzalez-81%e1%b5%90a-e-ultima-parte","status":"publish","type":"post","link":"https:\/\/www.veritatemincaritate.com\/wp\/2024\/06\/gesu-mio-labbandono-dei-tabernacoli-accompagnati-s-manuel-gonzalez-81%e1%b5%90a-e-ultima-parte\/","title":{"rendered":"Ges\u00f9 mio &#8211; L\u2019abbandono dei Tabernacoli accompagnati, S. Manuel Gonz\u00e1lez 81\u1d50\u00aa e ultima parte"},"content":{"rendered":"<div class=\"wpb-content-wrapper\"><p>[vc_row][vc_column][vc_column_text css=&#8221;&#8221;]<\/p>\n<h3>Meditazione<\/h3>\n<div class=\"vc_row wpb_row vc_row-fluid\">\n<div class=\"wpb_column vc_column_container vc_col-sm-12\">\n<div class=\"vc_column-inner \">\n<div class=\"wpb_wrapper\">\n<div class=\"wpb_text_column wpb_content_element \">\n<div class=\"wpb_wrapper\">\n<p>Pubblichiamo l\u2019audio della meditazione: Ges\u00f9 mio &#8211; L\u2019abbandono dei Tabernacoli accompagnati, S. Manuel Gonz\u00e1lez 81\u1d50\u1d43 e ultima parte<br \/>\nLuned\u00ec 10 giugno 2024<\/p>\n<p>Predicatore: p. Giorgio Maria Far\u00e9, OCD<\/p>\n<\/div>\n<\/div>\n<\/div>\n<\/div>\n<\/div>\n<\/div>\n<p>[\/vc_column_text][vc_column_text]<\/p>\n<h4>Ascolta la registrazione:<\/h4>\n<p>Per motivi di intenso traffico non ci \u00e8 possibile rendere disponibile l&#8217;ascolto dei file audio direttamente dal nostro sito. Se hai dubbi su come fare, vai alle <a href=\"http:\/\/www.veritatemincaritate.com\/chi-siamo\/istruzioni-per-lascolto-delle-registrazioni\/\" target=\"_blank\" rel=\"noopener noreferrer\">istruzioni per l&#8217;ascolto delle registrazioni<\/a>.[\/vc_column_text][\/vc_column][\/vc_row][vc_row][vc_column][vc_row_inner][vc_column_inner width=&#8221;1\/2&#8243;][vc_btn title=&#8221;Scarica la meditazione&#8221; color=&#8221;orange&#8221; css=&#8221;&#8221; link=&#8221;url:https%3A%2F%2Fwww.dropbox.com%2Fscl%2Ffi%2Fgx9va5y1zfoct4qpz9q0l%2F240610-Tabernacoli-accompagnati-81-ULTIMA_02.m4a%3Frlkey%3Duf9s5di80aqo1qrr31pinoytf%26st%3Dziq7q82e%26dl%3D1|target:_blank&#8221;][\/vc_column_inner][vc_column_inner width=&#8221;1\/2&#8243;][vc_btn title=&#8221;Ascolta la meditazione&#8221; color=&#8221;orange&#8221; align=&#8221;right&#8221; css=&#8221;&#8221; link=&#8221;url:https%3A%2F%2Fwww.dropbox.com%2Fscl%2Ffi%2Fgx9va5y1zfoct4qpz9q0l%2F240610-Tabernacoli-accompagnati-81-ULTIMA_02.m4a%3Frlkey%3Duf9s5di80aqo1qrr31pinoytf%26st%3Dziq7q82e%26dl%3D0|target:_blank&#8221;][\/vc_column_inner][\/vc_row_inner][\/vc_column][\/vc_row][vc_row][vc_column][vc_separator color=&#8221;orange&#8221;][vc_column_text css=&#8221;&#8221;]<strong>PRIMA LETTURA<\/strong> <em>(1 Re 17, 1-6)<\/em><\/p>\n<p>In quei giorni, El\u00eca, il Tisbita, uno di quelli che si erano stabiliti in G\u00e0laad, disse ad Acab: \u00abPer la vita del Signore, Dio d&#8217;Israele, alla cui presenza io sto, in questi anni non ci sar\u00e0 n\u00e9 rugiada n\u00e9 pioggia, se non quando lo comander\u00f2 io\u00bb.<br \/>\nA lui fu rivolta questa parola del Signore: \u00abVattene di qui, dirigiti verso oriente; nasconditi presso il torrente Cher\u00ect, che \u00e8 a oriente del Giordano. Berrai dal torrente e i corvi per mio comando ti porteranno da mangiare\u00bb.<br \/>\nEgli part\u00ec e fece secondo la parola del Signore; and\u00f2 a stabilirsi accanto al torrente Cher\u00ect, che \u00e8 a oriente del Giordano. I corvi gli portavano pane e carne al mattino, e pane e carne alla sera; egli beveva dal torrente.[\/vc_column_text][\/vc_column][\/vc_row][vc_row][vc_column][vc_column_text css=&#8221;&#8221;]<\/p>\n<h4>Testo della meditazione<\/h4>\n<p><a href=\"https:\/\/www.veritatemincaritate.com\/wp\/wp-content\/uploads\/2024\/06\/240610-Gesu-mio-L-abbandono-dei-Tabernacoli-accompagnati-S-Manuel-Gonzalez-81.pdf\" target=\"_blank\" rel=\"noopener\">Scarica il testo della meditazione in formato PDF<\/a><\/p>\n<p><i>Sia lodato Ges\u00f9 Cristo! Sempre sia lodato!<\/i><\/p>\n<p>Eccoci giunti a luned\u00ec 10 giugno 2024.<span class=\"Apple-converted-space\">\u00a0<\/span><\/p>\n<p>Abbiamo ascoltato la Prima Lettura della Santa Messa di oggi, tratta dal Primo libro dei Re, capitolo diciassettesimo, versetti 1-6.<\/p>\n<p>Continuiamo la nostra lettura e meditazione del libro di san Manuel Gonz\u00e1lez. Siamo arrivati a pagina 171.<\/p>\n<p><b>Suoi modi<\/b><\/p>\n<p><b>Quale azione di grazie, tanto buona per noi e tanto gradita a Lui, sarebbe il trascorrere un giorno dopo l\u2019altro contando sulla potenza, l\u2019influenza, la benefica ombra, la virt\u00f9 e la difesa del Ges\u00f9 che ogni giorno ricevo e che visito ogni volta che desidero!<\/b><\/p>\n<p><b>Suoi motivi<\/b><\/p>\n<p><b>E allora! Colui che non esita a vivere tanto vicino a me da venire a vivere nella povera casa della mia anima affinch\u00e9 io possa chiamarlo con ogni esattezza: <i>mio mio<\/i>; ospite <i>mio<\/i>, cibo <i>mio<\/i>, vita della <i>mia<\/i> vita; quel Ges\u00f9 ricco, generoso, splendido e amante senza limiti che mi si d\u00e0 interamente quando lo cerco, tergiverser\u00e0 forse nel darmi ombra, protezione e aiuto, i quali, pur valendo molto, valgono sempre meno di Lui? Colui che \u00e8 tanto munifico nel dare il pi\u00f9, che \u00e8 la sua carne e il suo sangue, sar\u00e0 forse corto nel darmi il meno, che sono i suoi aiuti alle mie indigenze?<\/b><\/p>\n<p><b>Come si perde<\/b><\/p>\n<p><b>No, no, il Cuore di Ges\u00f9 nel Tabernacolo vuole, aspetta, desidera la compagnia della nostra fiducia in Lui senza limiti n\u00e9 ostacoli. Non dargliela significa farGli una di queste due offese o al contempo entrambe: l\u2019offesa della superbia che dice: non necessito di Te, basto a me stesso; o l\u2019offesa dell\u2019<i>incredulit\u00e0<\/i> o della <i>Fede a met\u00e0<\/i>, che mormora disdegnosa: come pu\u00f2 un Dio voler entrare in queste mie inezie? Se il Tabernacolo \u00e8 la posizione pi\u00f9 prossima e la postura pi\u00f9 accessibile che Dio potesse assumere per essere <i>il pi\u00f9 possibile Padre<\/i> dei suoi figli gli uomini, quanto peser\u00e0 su quel Cuore, tanto tenero e sensibile, la sfiducia che lo <i>pone cos\u00ec distante<\/i>, e quanto lo ferir\u00e0 con le spine dell\u2019orgoglio, dell\u2019incredulit\u00e0, della fede tiepida, della durezza del cuore, della leggerezza dello spirito e della debolezza di memoria con cui tale sfiducia \u00e8 impastata e formata!<\/b><\/p>\n<p><b>Contare su Ges\u00f9 perch\u00e9 \u00e8 Ges\u00f9<\/b><\/p>\n<p><b>Se tutti contiamo sul calore e sulla luce del sole quotidiano perch\u00e9 \u00e8 il sole, perch\u00e9 non dovremmo contare, senza titubanze n\u00e9 vacillamenti, ma con la fiducia pi\u00f9 certa e irremovibile, sull\u2019amore misericordioso e onnipotente del Ges\u00f9 del nostro Tabernacolo e della nostra Comunione, <i>proprio perch\u00e9 \u00e8 Ges\u00f9<\/i>? Molto vicine, \u00e8 vero, molto al di sopra e molto dentro di noi sono la malattia, la povert\u00e0, la tribolazione (le si chiami come si voglia), ma pi\u00f9 vicino, pi\u00f9 al di sopra e ancor pi\u00f9 dentro di noi, e vieppi\u00f9 con un potere infinitamente maggiore di farci del bene, \u00e8 l\u2019amore di Ges\u00f9 Sacramentato. \u00c8 vero, oh Ges\u00f9 dei Tabernacoli accompagnati, che in mezzo a tante preghiere e canti e luci e fiori, ti manca ci\u00f2 che pi\u00f9 desidereresti, ossia le nostre necessit\u00e0 affidate a Te!, che contassimo su di Te, e che ci fidassimo di Te? Incenso della fiducia che si abbandona in Ges\u00f9 Sacramentato, quanto bisogna profumare e disinfettare i Tabernacoli accompagnati!<\/b><\/p>\n<p>Diciamo qualcosa su i \u201csuoi modi\u201d.<span class=\"Apple-converted-space\">\u00a0<\/span><\/p>\n<p>San Manuel ci dice: \u201cQuale azione di grazia, tanto gradita a Lui, sarebbe il trascorrere un giorno dopo l\u2019altro contando sulla potenza, l\u2019influenza, la benefica ombra, la virt\u00f9 e la difesa del Ges\u00f9 che ogni giorno ricevo e che visito ogni volta che desidero!\u201d<\/p>\n<p>Ges\u00f9 presente nel Tabernacolo, che riceviamo nell\u2019Eucarestia, \u00e8 colui sul quale si pu\u00f2 contare per eccellenza; contare su tutto, di Ges\u00f9: \u201cSulla sua potenza, sulla sua ombra benefica, sulla sua virt\u00f9, sulla difesa di Ges\u00f9\u201d; per\u00f2 bisogna contarci veramente; bisogna dire: \u201cGes\u00f9, pensaci tu; Ges\u00f9, non ho altri che te; Ges\u00f9, senza di te sono niente\u201d.<\/p>\n<p>E poi san Manuel parla dei motivi. Noi possiamo chiamare Ges\u00f9 ospite mio, cibo mio, vita della mia vita: \u201cmio\u201d perch\u00e9, visto che lui vive cos\u00ec vicino a noi, tanto da accettare di essere il nostro nutrimento, a maggior ragione possiamo chiamarlo \u201cmio\u201d.<span class=\"Apple-converted-space\">\u00a0<\/span><\/p>\n<p>Se posso dire \u201cmio amico\u201d di una persona che mi vuole bene, che sta a fianco a me, cosa dovrei dire di Ges\u00f9 che entra dentro di me? Quindi, se Lui mi d\u00e0 la sua Carne e il suo Sangue, possiamo forse pensare che non mi dia i suoi aiuti? San Manuel dice: \u201cse mi d\u00e0 la sua Carne e il suo Sangue, a maggior ragione mi dar\u00e0 il suo aiuto\u201d.<\/p>\n<p>Abbiamo gi\u00e0 visto che \u00abGes\u00f9 nel Tabernacolo\u2026 desidera la compagnia della nostra fiducia in Lui senza limiti n\u00e9 ostacoli\u00bb.<\/p>\n<p>Se non gliela diamo, possiamo fargli due offese: quella della superbia, oppure quella della incredulit\u00e0. Superbia, che vuol dire: \u201cbasto a me stesso\u201d; incredulit\u00e0 nel pensare: \u00abcome pu\u00f2 un Dio voler entrare in queste mie inezie?\u00bb. E invece no, Lui vuole la nostra fiducia, la nostra completa fiducia, cio\u00e8: Ges\u00f9, mi fido di te; Ges\u00f9, non ho altro pensiero che te. Poi, il resto, fai tu. Soffro per questo? Lo affido a te. Vivo questa situazione di fatica terribile? Fai tu.<span class=\"Apple-converted-space\">\u00a0<\/span><\/p>\n<p>\u00c8 inutile che io stia l\u00ec a pensare, a distruggermi il cervello e il cuore dietro a certi pensieri, per i quali, del resto, non posso neanche fare niente. Solo Ges\u00f9 pu\u00f2 risolvere certe situazioni spinose. E allora lasciamoglielo fare, ma non solo per quelle, per tutto. Impariamo proprio a vivere di Ges\u00f9, a lasciare che \u201cGes\u00f9 faccia Ges\u00f9\u201d. Impariamo a dire: \u201cGes\u00f9, io mi occupo di te e tu ti occupi di me\u201d; bellissima questa cosa!<\/p>\n<p>Cos\u00ec come quando vediamo attorno a noi delle situazioni brutte, anche delle situazioni tristi nelle celebrazioni della Santa Messa, non dobbiamo perdere la fede, ma stringerci ancora di pi\u00f9 a Ges\u00f9. \u201cNon lo fanno gli altri? Lo faccio io. Ti amano poco? Ti amer\u00f2 di pi\u00f9\u201d. Perch\u00e9, capite, lo scandalo di una brutta testimonianza, pu\u00f2 portare alla confusione, pu\u00f2 portare al raffreddamento, pu\u00f2 portare all\u2019avvilimento, e invece no, dobbiamo moltiplicare l\u2019amore.<\/p>\n<p>Di fatto, la mancanza di fiducia crea una distanza. Questa sfiducia, poi, si manifesta anche attraverso l\u2019incredulit\u00e0, l\u2019orgoglio, la fede tiepida, la durezza del cuore, la leggerezza dello spirito, la debolezza della memoria. Quanta debolezza di memoria abbiamo dentro di noi!<\/p>\n<p>E poi san Manuel ci dice quello che a Ges\u00f9 manca e ci\u00f2 che pi\u00f9 desidera: \u00abossia le nostre necessit\u00e0 affidate a Te!, che contassimo su di Te, e che ci fidassimo di Te?\u00bb. Quindi dobbiamo usare questo incenso della fiducia, riempire il Signore di fiducia: \u201cGes\u00f9, confido in te, Ges\u00f9, pensaci tu, Ges\u00f9, ti do tutto\u201d.<\/p>\n<p>Bene, carissimi, oggi abbiamo finito il nostro libro!<\/p>\n<p>Lascio a voi leggere l\u2019\u201cEpilogo\u201d, sono alcune paginette, sono delle proposte che lui fa, ma lo potete tranquillamente leggere voi.<span class=\"Apple-converted-space\">\u00a0<\/span><\/p>\n<p>Ringraziamo il Signore che ci ha fatto conoscere questo meraviglioso santo eucaristico. Adesso possiamo proprio dire che, con questo libro, spero discretamente commentato, possiamo prepararci anche per gli esercizi spirituali che faremo a luglio. Quindi, cominciamo a metterci in pista per questi esercizi spirituali, non manca molto a luglio, manca poco pi\u00f9 di un mesetto, gli indecisi si decidano, si organizzino.<\/p>\n<p>Portate questo libro con voi, cos\u00ec lo potrete usare nell\u2019adorazione eucaristica notturna, ma anche in altri momenti di adorazione. Adesso dobbiamo diventare anime eucaristiche, sempre di pi\u00f9 e sempre meglio.<\/p>\n<p><i>Benedicat vos omnipotens Deus, Pater, et Filius, et Spiritus Sanctus.<br \/>\nAmen<br \/>\nDio ci benedica e la Vergine ci protegga.<br \/>\nSia lodato Ges\u00f9 Cristo sempre sia lodato.<\/i>[\/vc_column_text][\/vc_column][\/vc_row]<\/p>\n<\/div>","protected":false},"excerpt":{"rendered":"<p>[vc_row][vc_column][vc_column_text css=&#8221;&#8221;] Meditazione Pubblichiamo l\u2019audio della meditazione: Ges\u00f9 mio &#8211; L\u2019abbandono dei Tabernacoli accompagnati, S. Manuel Gonz\u00e1lez 81\u1d50\u1d43 e ultima&#8230;<\/p>\n","protected":false},"author":4,"featured_media":32856,"comment_status":"closed","ping_status":"closed","sticky":false,"template":"","format":"standard","meta":{"footnotes":""},"categories":[15],"tags":[117,9612,116,9795,6996,6682,479,89,870,8258,17,7552,9616,97,9610,709,9611],"class_list":{"0":"post-33907","1":"post","2":"type-post","3":"status-publish","4":"format-standard","5":"has-post-thumbnail","7":"category-omelie","8":"tag-abbandono","9":"tag-abbandono-dei-tabernacoli","10":"tag-affidamento","11":"tag-aiuto-di-gesu","12":"tag-dio-padre","13":"tag-fare","14":"tag-fiducia","15":"tag-gesu","16":"tag-incredulita","17":"tag-meditazioni","18":"tag-p-giorgio-maria-fare","19":"tag-padre-giorgio-maria-fare","20":"tag-s-manuel-gonzalez-garcia","21":"tag-superbia","22":"tag-tabernacoli-accompagnati","23":"tag-tabernacolo","24":"tag-tabernacolo-abbandonato"},"yoast_head":"<!-- This site is optimized with the Yoast SEO plugin v27.5 - https:\/\/yoast.com\/product\/yoast-seo-wordpress\/ -->\n<title>Ges\u00f9 mio - L\u2019abbandono dei Tabernacoli accompagnati, S. Manuel Gonz\u00e1lez 81\u1d50\u00aa e ultima parte - Veritatemincaritate<\/title>\n<meta name=\"description\" content=\"S. Manuel Gonz\u00e1lez ne &quot;L\u2019abbandono dei Tabernacoli accompagnati&quot; sottolinea l\u2019importanza della fiducia in Ges\u00f9.\" \/>\n<meta name=\"robots\" content=\"index, follow, max-snippet:-1, max-image-preview:large, max-video-preview:-1\" \/>\n<link rel=\"canonical\" href=\"https:\/\/www.veritatemincaritate.com\/wp\/2024\/06\/gesu-mio-labbandono-dei-tabernacoli-accompagnati-s-manuel-gonzalez-81\u1d50a-e-ultima-parte\/\" \/>\n<meta property=\"og:locale\" content=\"it_IT\" \/>\n<meta property=\"og:type\" content=\"article\" \/>\n<meta property=\"og:title\" content=\"Ges\u00f9 mio - L\u2019abbandono dei Tabernacoli accompagnati, S. Manuel Gonz\u00e1lez 81\u1d50\u00aa e ultima parte\" \/>\n<meta property=\"og:description\" content=\"Ges\u00f9 mio - L\u2019abbandono dei Tabernacoli accompagnati, S. Manuel Gonz\u00e1lez 81\u1d50\u00aa e ultima parte\" \/>\n<meta property=\"og:url\" content=\"https:\/\/www.veritatemincaritate.com\/wp\/2024\/06\/gesu-mio-labbandono-dei-tabernacoli-accompagnati-s-manuel-gonzalez-81\u1d50a-e-ultima-parte\/\" \/>\n<meta property=\"og:site_name\" content=\"Veritatemincaritate\" \/>\n<meta property=\"article:publisher\" content=\"https:\/\/www.facebook.com\/pgiorgiomariafare\" \/>\n<meta property=\"article:published_time\" content=\"2024-06-09T23:45:43+00:00\" \/>\n<meta property=\"article:modified_time\" content=\"2024-06-10T09:55:42+00:00\" \/>\n<meta property=\"og:image\" content=\"https:\/\/www.veritatemincaritate.com\/wp\/wp-content\/uploads\/2024\/03\/Tabernacoli-accompagnati.jpg\" \/>\n\t<meta property=\"og:image:width\" content=\"600\" \/>\n\t<meta property=\"og:image:height\" content=\"400\" \/>\n\t<meta property=\"og:image:type\" content=\"image\/jpeg\" \/>\n<meta name=\"author\" content=\"Is551011\" \/>\n<meta name=\"twitter:card\" content=\"summary_large_image\" \/>\n<meta name=\"twitter:title\" content=\"Ges\u00f9 mio - L\u2019abbandono dei Tabernacoli accompagnati, S. Manuel Gonz\u00e1lez 81\u1d50\u00aa e ultima parte\" \/>\n<meta name=\"twitter:description\" content=\"Ges\u00f9 mio - L\u2019abbandono dei Tabernacoli accompagnati, S. Manuel Gonz\u00e1lez 81\u1d50\u00aa e ultima parte\" \/>\n<meta name=\"twitter:image\" content=\"https:\/\/www.veritatemincaritate.com\/wp\/wp-content\/uploads\/2024\/03\/Tabernacoli-accompagnati.jpg\" \/>\n<meta name=\"twitter:label1\" content=\"Scritto da\" \/>\n\t<meta name=\"twitter:data1\" content=\"Is551011\" \/>\n\t<meta name=\"twitter:label2\" content=\"Tempo di lettura stimato\" \/>\n\t<meta name=\"twitter:data2\" content=\"8 minuti\" \/>\n<script type=\"application\/ld+json\" class=\"yoast-schema-graph\">{\"@context\":\"https:\\\/\\\/schema.org\",\"@graph\":[{\"@type\":\"Article\",\"@id\":\"https:\\\/\\\/www.veritatemincaritate.com\\\/wp\\\/2024\\\/06\\\/gesu-mio-labbandono-dei-tabernacoli-accompagnati-s-manuel-gonzalez-81%e1%b5%90a-e-ultima-parte\\\/#article\",\"isPartOf\":{\"@id\":\"https:\\\/\\\/www.veritatemincaritate.com\\\/wp\\\/2024\\\/06\\\/gesu-mio-labbandono-dei-tabernacoli-accompagnati-s-manuel-gonzalez-81%e1%b5%90a-e-ultima-parte\\\/\"},\"author\":{\"name\":\"Is551011\",\"@id\":\"https:\\\/\\\/www.veritatemincaritate.com\\\/wp\\\/#\\\/schema\\\/person\\\/ae324896700d097ddc6db39f45894b80\"},\"headline\":\"Ges\u00f9 mio &#8211; L\u2019abbandono dei Tabernacoli accompagnati, S. Manuel Gonz\u00e1lez 81\u1d50\u00aa e ultima parte\",\"datePublished\":\"2024-06-09T23:45:43+00:00\",\"dateModified\":\"2024-06-10T09:55:42+00:00\",\"mainEntityOfPage\":{\"@id\":\"https:\\\/\\\/www.veritatemincaritate.com\\\/wp\\\/2024\\\/06\\\/gesu-mio-labbandono-dei-tabernacoli-accompagnati-s-manuel-gonzalez-81%e1%b5%90a-e-ultima-parte\\\/\"},\"wordCount\":1640,\"publisher\":{\"@id\":\"https:\\\/\\\/www.veritatemincaritate.com\\\/wp\\\/#organization\"},\"image\":{\"@id\":\"https:\\\/\\\/www.veritatemincaritate.com\\\/wp\\\/2024\\\/06\\\/gesu-mio-labbandono-dei-tabernacoli-accompagnati-s-manuel-gonzalez-81%e1%b5%90a-e-ultima-parte\\\/#primaryimage\"},\"thumbnailUrl\":\"https:\\\/\\\/www.veritatemincaritate.com\\\/wp\\\/wp-content\\\/uploads\\\/2024\\\/03\\\/Tabernacoli-accompagnati.jpg\",\"keywords\":[\"abbandono\",\"abbandono dei Tabernacoli\",\"affidamento\",\"aiuto di Ges\u00f9\",\"Dio Padre\",\"fare\",\"fiducia\",\"Ges\u00f9\",\"incredulit\u00e0\",\"meditazioni\",\"p. Giorgio Maria Far\u00e9\",\"padre Giorgio Maria Far\u00e8\",\"S. Manuel Gonz\u00e1lez Garc\u00eda\",\"superbia\",\"Tabernacoli accompagnati\",\"Tabernacolo\",\"Tabernacolo abbandonato\"],\"articleSection\":[\"Omelie\"],\"inLanguage\":\"it-IT\"},{\"@type\":\"WebPage\",\"@id\":\"https:\\\/\\\/www.veritatemincaritate.com\\\/wp\\\/2024\\\/06\\\/gesu-mio-labbandono-dei-tabernacoli-accompagnati-s-manuel-gonzalez-81%e1%b5%90a-e-ultima-parte\\\/\",\"url\":\"https:\\\/\\\/www.veritatemincaritate.com\\\/wp\\\/2024\\\/06\\\/gesu-mio-labbandono-dei-tabernacoli-accompagnati-s-manuel-gonzalez-81%e1%b5%90a-e-ultima-parte\\\/\",\"name\":\"Ges\u00f9 mio - L\u2019abbandono dei Tabernacoli accompagnati, S. Manuel Gonz\u00e1lez 81\u1d50\u00aa e ultima parte - Veritatemincaritate\",\"isPartOf\":{\"@id\":\"https:\\\/\\\/www.veritatemincaritate.com\\\/wp\\\/#website\"},\"primaryImageOfPage\":{\"@id\":\"https:\\\/\\\/www.veritatemincaritate.com\\\/wp\\\/2024\\\/06\\\/gesu-mio-labbandono-dei-tabernacoli-accompagnati-s-manuel-gonzalez-81%e1%b5%90a-e-ultima-parte\\\/#primaryimage\"},\"image\":{\"@id\":\"https:\\\/\\\/www.veritatemincaritate.com\\\/wp\\\/2024\\\/06\\\/gesu-mio-labbandono-dei-tabernacoli-accompagnati-s-manuel-gonzalez-81%e1%b5%90a-e-ultima-parte\\\/#primaryimage\"},\"thumbnailUrl\":\"https:\\\/\\\/www.veritatemincaritate.com\\\/wp\\\/wp-content\\\/uploads\\\/2024\\\/03\\\/Tabernacoli-accompagnati.jpg\",\"datePublished\":\"2024-06-09T23:45:43+00:00\",\"dateModified\":\"2024-06-10T09:55:42+00:00\",\"description\":\"S. Manuel Gonz\u00e1lez ne \\\"L\u2019abbandono dei Tabernacoli accompagnati\\\" sottolinea l\u2019importanza della fiducia in Ges\u00f9.\",\"breadcrumb\":{\"@id\":\"https:\\\/\\\/www.veritatemincaritate.com\\\/wp\\\/2024\\\/06\\\/gesu-mio-labbandono-dei-tabernacoli-accompagnati-s-manuel-gonzalez-81%e1%b5%90a-e-ultima-parte\\\/#breadcrumb\"},\"inLanguage\":\"it-IT\",\"potentialAction\":[{\"@type\":\"ReadAction\",\"target\":[\"https:\\\/\\\/www.veritatemincaritate.com\\\/wp\\\/2024\\\/06\\\/gesu-mio-labbandono-dei-tabernacoli-accompagnati-s-manuel-gonzalez-81%e1%b5%90a-e-ultima-parte\\\/\"]}]},{\"@type\":\"ImageObject\",\"inLanguage\":\"it-IT\",\"@id\":\"https:\\\/\\\/www.veritatemincaritate.com\\\/wp\\\/2024\\\/06\\\/gesu-mio-labbandono-dei-tabernacoli-accompagnati-s-manuel-gonzalez-81%e1%b5%90a-e-ultima-parte\\\/#primaryimage\",\"url\":\"https:\\\/\\\/www.veritatemincaritate.com\\\/wp\\\/wp-content\\\/uploads\\\/2024\\\/03\\\/Tabernacoli-accompagnati.jpg\",\"contentUrl\":\"https:\\\/\\\/www.veritatemincaritate.com\\\/wp\\\/wp-content\\\/uploads\\\/2024\\\/03\\\/Tabernacoli-accompagnati.jpg\",\"width\":600,\"height\":400,\"caption\":\"L\u2019abbandono dei Tabernacoli accompagnati - San Manuel Gonzales Garcia\"},{\"@type\":\"BreadcrumbList\",\"@id\":\"https:\\\/\\\/www.veritatemincaritate.com\\\/wp\\\/2024\\\/06\\\/gesu-mio-labbandono-dei-tabernacoli-accompagnati-s-manuel-gonzalez-81%e1%b5%90a-e-ultima-parte\\\/#breadcrumb\",\"itemListElement\":[{\"@type\":\"ListItem\",\"position\":1,\"name\":\"Home\",\"item\":\"https:\\\/\\\/www.veritatemincaritate.com\\\/wp\\\/\"},{\"@type\":\"ListItem\",\"position\":2,\"name\":\"Ges\u00f9 mio &#8211; L\u2019abbandono dei Tabernacoli accompagnati, S. Manuel Gonz\u00e1lez 81\u1d50\u00aa e ultima parte\"}]},{\"@type\":\"WebSite\",\"@id\":\"https:\\\/\\\/www.veritatemincaritate.com\\\/wp\\\/#website\",\"url\":\"https:\\\/\\\/www.veritatemincaritate.com\\\/wp\\\/\",\"name\":\"Veritatemincaritate\",\"description\":\"Agendo secondo verit\u00e0 nella carit\u00e0, cerchiamo di crescere in ogni cosa tendendo a lui, che \u00e8 il capo, Cristo\",\"publisher\":{\"@id\":\"https:\\\/\\\/www.veritatemincaritate.com\\\/wp\\\/#organization\"},\"potentialAction\":[{\"@type\":\"SearchAction\",\"target\":{\"@type\":\"EntryPoint\",\"urlTemplate\":\"https:\\\/\\\/www.veritatemincaritate.com\\\/wp\\\/?s={search_term_string}\"},\"query-input\":{\"@type\":\"PropertyValueSpecification\",\"valueRequired\":true,\"valueName\":\"search_term_string\"}}],\"inLanguage\":\"it-IT\"},{\"@type\":\"Organization\",\"@id\":\"https:\\\/\\\/www.veritatemincaritate.com\\\/wp\\\/#organization\",\"name\":\"Veritatem facientes in Caritate\",\"url\":\"https:\\\/\\\/www.veritatemincaritate.com\\\/wp\\\/\",\"logo\":{\"@type\":\"ImageObject\",\"inLanguage\":\"it-IT\",\"@id\":\"https:\\\/\\\/www.veritatemincaritate.com\\\/wp\\\/#\\\/schema\\\/logo\\\/image\\\/\",\"url\":\"https:\\\/\\\/www.veritatemincaritate.com\\\/wp\\\/wp-content\\\/uploads\\\/2020\\\/07\\\/Logo-VIC-per-canale-Youtube.jpg\",\"contentUrl\":\"https:\\\/\\\/www.veritatemincaritate.com\\\/wp\\\/wp-content\\\/uploads\\\/2020\\\/07\\\/Logo-VIC-per-canale-Youtube.jpg\",\"width\":720,\"height\":720,\"caption\":\"Veritatem facientes in Caritate\"},\"image\":{\"@id\":\"https:\\\/\\\/www.veritatemincaritate.com\\\/wp\\\/#\\\/schema\\\/logo\\\/image\\\/\"},\"sameAs\":[\"https:\\\/\\\/www.facebook.com\\\/pgiorgiomariafare\",\"https:\\\/\\\/instagram.com\\\/padre_giorgio_maria_fare?igshid=1p8wsw6b3edkc\",\"https:\\\/\\\/www.youtube.com\\\/channel\\\/UCFqjpT1nX60rx3m_SELg3lA\"]},{\"@type\":\"Person\",\"@id\":\"https:\\\/\\\/www.veritatemincaritate.com\\\/wp\\\/#\\\/schema\\\/person\\\/ae324896700d097ddc6db39f45894b80\",\"name\":\"Is551011\",\"image\":{\"@type\":\"ImageObject\",\"inLanguage\":\"it-IT\",\"@id\":\"https:\\\/\\\/secure.gravatar.com\\\/avatar\\\/c031fff76d6f121d3530ae43ac8407bd6ac4d5c3c8a89c237d6990047f9a6307?s=96&d=mm&r=g\",\"url\":\"https:\\\/\\\/secure.gravatar.com\\\/avatar\\\/c031fff76d6f121d3530ae43ac8407bd6ac4d5c3c8a89c237d6990047f9a6307?s=96&d=mm&r=g\",\"contentUrl\":\"https:\\\/\\\/secure.gravatar.com\\\/avatar\\\/c031fff76d6f121d3530ae43ac8407bd6ac4d5c3c8a89c237d6990047f9a6307?s=96&d=mm&r=g\",\"caption\":\"Is551011\"}}]}<\/script>\n<!-- \/ Yoast SEO plugin. -->","yoast_head_json":{"title":"Ges\u00f9 mio - L\u2019abbandono dei Tabernacoli accompagnati, S. Manuel Gonz\u00e1lez 81\u1d50\u00aa e ultima parte - Veritatemincaritate","description":"S. Manuel Gonz\u00e1lez ne \"L\u2019abbandono dei Tabernacoli accompagnati\" sottolinea l\u2019importanza della fiducia in Ges\u00f9.","robots":{"index":"index","follow":"follow","max-snippet":"max-snippet:-1","max-image-preview":"max-image-preview:large","max-video-preview":"max-video-preview:-1"},"canonical":"https:\/\/www.veritatemincaritate.com\/wp\/2024\/06\/gesu-mio-labbandono-dei-tabernacoli-accompagnati-s-manuel-gonzalez-81\u1d50a-e-ultima-parte\/","og_locale":"it_IT","og_type":"article","og_title":"Ges\u00f9 mio - L\u2019abbandono dei Tabernacoli accompagnati, S. Manuel Gonz\u00e1lez 81\u1d50\u00aa e ultima parte","og_description":"Ges\u00f9 mio - L\u2019abbandono dei Tabernacoli accompagnati, S. Manuel Gonz\u00e1lez 81\u1d50\u00aa e ultima parte","og_url":"https:\/\/www.veritatemincaritate.com\/wp\/2024\/06\/gesu-mio-labbandono-dei-tabernacoli-accompagnati-s-manuel-gonzalez-81\u1d50a-e-ultima-parte\/","og_site_name":"Veritatemincaritate","article_publisher":"https:\/\/www.facebook.com\/pgiorgiomariafare","article_published_time":"2024-06-09T23:45:43+00:00","article_modified_time":"2024-06-10T09:55:42+00:00","og_image":[{"width":600,"height":400,"url":"https:\/\/www.veritatemincaritate.com\/wp\/wp-content\/uploads\/2024\/03\/Tabernacoli-accompagnati.jpg","type":"image\/jpeg"}],"author":"Is551011","twitter_card":"summary_large_image","twitter_title":"Ges\u00f9 mio - L\u2019abbandono dei Tabernacoli accompagnati, S. Manuel Gonz\u00e1lez 81\u1d50\u00aa e ultima parte","twitter_description":"Ges\u00f9 mio - L\u2019abbandono dei Tabernacoli accompagnati, S. Manuel Gonz\u00e1lez 81\u1d50\u00aa e ultima parte","twitter_image":"https:\/\/www.veritatemincaritate.com\/wp\/wp-content\/uploads\/2024\/03\/Tabernacoli-accompagnati.jpg","twitter_misc":{"Scritto da":"Is551011","Tempo di lettura stimato":"8 minuti"},"schema":{"@context":"https:\/\/schema.org","@graph":[{"@type":"Article","@id":"https:\/\/www.veritatemincaritate.com\/wp\/2024\/06\/gesu-mio-labbandono-dei-tabernacoli-accompagnati-s-manuel-gonzalez-81%e1%b5%90a-e-ultima-parte\/#article","isPartOf":{"@id":"https:\/\/www.veritatemincaritate.com\/wp\/2024\/06\/gesu-mio-labbandono-dei-tabernacoli-accompagnati-s-manuel-gonzalez-81%e1%b5%90a-e-ultima-parte\/"},"author":{"name":"Is551011","@id":"https:\/\/www.veritatemincaritate.com\/wp\/#\/schema\/person\/ae324896700d097ddc6db39f45894b80"},"headline":"Ges\u00f9 mio &#8211; L\u2019abbandono dei Tabernacoli accompagnati, S. Manuel Gonz\u00e1lez 81\u1d50\u00aa e ultima parte","datePublished":"2024-06-09T23:45:43+00:00","dateModified":"2024-06-10T09:55:42+00:00","mainEntityOfPage":{"@id":"https:\/\/www.veritatemincaritate.com\/wp\/2024\/06\/gesu-mio-labbandono-dei-tabernacoli-accompagnati-s-manuel-gonzalez-81%e1%b5%90a-e-ultima-parte\/"},"wordCount":1640,"publisher":{"@id":"https:\/\/www.veritatemincaritate.com\/wp\/#organization"},"image":{"@id":"https:\/\/www.veritatemincaritate.com\/wp\/2024\/06\/gesu-mio-labbandono-dei-tabernacoli-accompagnati-s-manuel-gonzalez-81%e1%b5%90a-e-ultima-parte\/#primaryimage"},"thumbnailUrl":"https:\/\/www.veritatemincaritate.com\/wp\/wp-content\/uploads\/2024\/03\/Tabernacoli-accompagnati.jpg","keywords":["abbandono","abbandono dei Tabernacoli","affidamento","aiuto di Ges\u00f9","Dio Padre","fare","fiducia","Ges\u00f9","incredulit\u00e0","meditazioni","p. Giorgio Maria Far\u00e9","padre Giorgio Maria Far\u00e8","S. Manuel Gonz\u00e1lez Garc\u00eda","superbia","Tabernacoli accompagnati","Tabernacolo","Tabernacolo abbandonato"],"articleSection":["Omelie"],"inLanguage":"it-IT"},{"@type":"WebPage","@id":"https:\/\/www.veritatemincaritate.com\/wp\/2024\/06\/gesu-mio-labbandono-dei-tabernacoli-accompagnati-s-manuel-gonzalez-81%e1%b5%90a-e-ultima-parte\/","url":"https:\/\/www.veritatemincaritate.com\/wp\/2024\/06\/gesu-mio-labbandono-dei-tabernacoli-accompagnati-s-manuel-gonzalez-81%e1%b5%90a-e-ultima-parte\/","name":"Ges\u00f9 mio - L\u2019abbandono dei Tabernacoli accompagnati, S. Manuel Gonz\u00e1lez 81\u1d50\u00aa e ultima parte - Veritatemincaritate","isPartOf":{"@id":"https:\/\/www.veritatemincaritate.com\/wp\/#website"},"primaryImageOfPage":{"@id":"https:\/\/www.veritatemincaritate.com\/wp\/2024\/06\/gesu-mio-labbandono-dei-tabernacoli-accompagnati-s-manuel-gonzalez-81%e1%b5%90a-e-ultima-parte\/#primaryimage"},"image":{"@id":"https:\/\/www.veritatemincaritate.com\/wp\/2024\/06\/gesu-mio-labbandono-dei-tabernacoli-accompagnati-s-manuel-gonzalez-81%e1%b5%90a-e-ultima-parte\/#primaryimage"},"thumbnailUrl":"https:\/\/www.veritatemincaritate.com\/wp\/wp-content\/uploads\/2024\/03\/Tabernacoli-accompagnati.jpg","datePublished":"2024-06-09T23:45:43+00:00","dateModified":"2024-06-10T09:55:42+00:00","description":"S. Manuel Gonz\u00e1lez ne \"L\u2019abbandono dei Tabernacoli accompagnati\" sottolinea l\u2019importanza della fiducia in Ges\u00f9.","breadcrumb":{"@id":"https:\/\/www.veritatemincaritate.com\/wp\/2024\/06\/gesu-mio-labbandono-dei-tabernacoli-accompagnati-s-manuel-gonzalez-81%e1%b5%90a-e-ultima-parte\/#breadcrumb"},"inLanguage":"it-IT","potentialAction":[{"@type":"ReadAction","target":["https:\/\/www.veritatemincaritate.com\/wp\/2024\/06\/gesu-mio-labbandono-dei-tabernacoli-accompagnati-s-manuel-gonzalez-81%e1%b5%90a-e-ultima-parte\/"]}]},{"@type":"ImageObject","inLanguage":"it-IT","@id":"https:\/\/www.veritatemincaritate.com\/wp\/2024\/06\/gesu-mio-labbandono-dei-tabernacoli-accompagnati-s-manuel-gonzalez-81%e1%b5%90a-e-ultima-parte\/#primaryimage","url":"https:\/\/www.veritatemincaritate.com\/wp\/wp-content\/uploads\/2024\/03\/Tabernacoli-accompagnati.jpg","contentUrl":"https:\/\/www.veritatemincaritate.com\/wp\/wp-content\/uploads\/2024\/03\/Tabernacoli-accompagnati.jpg","width":600,"height":400,"caption":"L\u2019abbandono dei Tabernacoli accompagnati - San Manuel Gonzales Garcia"},{"@type":"BreadcrumbList","@id":"https:\/\/www.veritatemincaritate.com\/wp\/2024\/06\/gesu-mio-labbandono-dei-tabernacoli-accompagnati-s-manuel-gonzalez-81%e1%b5%90a-e-ultima-parte\/#breadcrumb","itemListElement":[{"@type":"ListItem","position":1,"name":"Home","item":"https:\/\/www.veritatemincaritate.com\/wp\/"},{"@type":"ListItem","position":2,"name":"Ges\u00f9 mio &#8211; L\u2019abbandono dei Tabernacoli accompagnati, S. Manuel Gonz\u00e1lez 81\u1d50\u00aa e ultima parte"}]},{"@type":"WebSite","@id":"https:\/\/www.veritatemincaritate.com\/wp\/#website","url":"https:\/\/www.veritatemincaritate.com\/wp\/","name":"Veritatemincaritate","description":"Agendo secondo verit\u00e0 nella carit\u00e0, cerchiamo di crescere in ogni cosa tendendo a lui, che \u00e8 il capo, Cristo","publisher":{"@id":"https:\/\/www.veritatemincaritate.com\/wp\/#organization"},"potentialAction":[{"@type":"SearchAction","target":{"@type":"EntryPoint","urlTemplate":"https:\/\/www.veritatemincaritate.com\/wp\/?s={search_term_string}"},"query-input":{"@type":"PropertyValueSpecification","valueRequired":true,"valueName":"search_term_string"}}],"inLanguage":"it-IT"},{"@type":"Organization","@id":"https:\/\/www.veritatemincaritate.com\/wp\/#organization","name":"Veritatem facientes in Caritate","url":"https:\/\/www.veritatemincaritate.com\/wp\/","logo":{"@type":"ImageObject","inLanguage":"it-IT","@id":"https:\/\/www.veritatemincaritate.com\/wp\/#\/schema\/logo\/image\/","url":"https:\/\/www.veritatemincaritate.com\/wp\/wp-content\/uploads\/2020\/07\/Logo-VIC-per-canale-Youtube.jpg","contentUrl":"https:\/\/www.veritatemincaritate.com\/wp\/wp-content\/uploads\/2020\/07\/Logo-VIC-per-canale-Youtube.jpg","width":720,"height":720,"caption":"Veritatem facientes in Caritate"},"image":{"@id":"https:\/\/www.veritatemincaritate.com\/wp\/#\/schema\/logo\/image\/"},"sameAs":["https:\/\/www.facebook.com\/pgiorgiomariafare","https:\/\/instagram.com\/padre_giorgio_maria_fare?igshid=1p8wsw6b3edkc","https:\/\/www.youtube.com\/channel\/UCFqjpT1nX60rx3m_SELg3lA"]},{"@type":"Person","@id":"https:\/\/www.veritatemincaritate.com\/wp\/#\/schema\/person\/ae324896700d097ddc6db39f45894b80","name":"Is551011","image":{"@type":"ImageObject","inLanguage":"it-IT","@id":"https:\/\/secure.gravatar.com\/avatar\/c031fff76d6f121d3530ae43ac8407bd6ac4d5c3c8a89c237d6990047f9a6307?s=96&d=mm&r=g","url":"https:\/\/secure.gravatar.com\/avatar\/c031fff76d6f121d3530ae43ac8407bd6ac4d5c3c8a89c237d6990047f9a6307?s=96&d=mm&r=g","contentUrl":"https:\/\/secure.gravatar.com\/avatar\/c031fff76d6f121d3530ae43ac8407bd6ac4d5c3c8a89c237d6990047f9a6307?s=96&d=mm&r=g","caption":"Is551011"}}]}},"menu_order":0,"_links":{"self":[{"href":"https:\/\/www.veritatemincaritate.com\/wp\/wp-json\/wp\/v2\/posts\/33907","targetHints":{"allow":["GET"]}}],"collection":[{"href":"https:\/\/www.veritatemincaritate.com\/wp\/wp-json\/wp\/v2\/posts"}],"about":[{"href":"https:\/\/www.veritatemincaritate.com\/wp\/wp-json\/wp\/v2\/types\/post"}],"author":[{"embeddable":true,"href":"https:\/\/www.veritatemincaritate.com\/wp\/wp-json\/wp\/v2\/users\/4"}],"replies":[{"embeddable":true,"href":"https:\/\/www.veritatemincaritate.com\/wp\/wp-json\/wp\/v2\/comments?post=33907"}],"version-history":[{"count":0,"href":"https:\/\/www.veritatemincaritate.com\/wp\/wp-json\/wp\/v2\/posts\/33907\/revisions"}],"wp:featuredmedia":[{"embeddable":true,"href":"https:\/\/www.veritatemincaritate.com\/wp\/wp-json\/wp\/v2\/media\/32856"}],"wp:attachment":[{"href":"https:\/\/www.veritatemincaritate.com\/wp\/wp-json\/wp\/v2\/media?parent=33907"}],"wp:term":[{"taxonomy":"category","embeddable":true,"href":"https:\/\/www.veritatemincaritate.com\/wp\/wp-json\/wp\/v2\/categories?post=33907"},{"taxonomy":"post_tag","embeddable":true,"href":"https:\/\/www.veritatemincaritate.com\/wp\/wp-json\/wp\/v2\/tags?post=33907"}],"curies":[{"name":"wp","href":"https:\/\/api.w.org\/{rel}","templated":true}]}}