{"id":34151,"date":"2024-07-11T01:45:44","date_gmt":"2024-07-10T23:45:44","guid":{"rendered":"https:\/\/www.veritatemincaritate.com\/wp\/?p=34151"},"modified":"2024-07-10T11:50:47","modified_gmt":"2024-07-10T09:50:47","slug":"antonietta-meo-nennolina-pt-2-i-bambini-eucaristici-pt-12","status":"publish","type":"post","link":"https:\/\/www.veritatemincaritate.com\/wp\/2024\/07\/antonietta-meo-nennolina-pt-2-i-bambini-eucaristici-pt-12\/","title":{"rendered":"Antonietta Meo \u201cNennolina\u201d pt.2 &#8211; I bambini eucaristici pt. 12"},"content":{"rendered":"<div class=\"wpb-content-wrapper\"><p>[vc_row][vc_column][vc_column_text css=&#8221;&#8221;]<\/p>\n<h3>Meditazione<\/h3>\n<div class=\"vc_row wpb_row vc_row-fluid\">\n<div class=\"wpb_column vc_column_container vc_col-sm-12\">\n<div class=\"vc_column-inner \">\n<div class=\"wpb_wrapper\">\n<div class=\"wpb_text_column wpb_content_element \">\n<div class=\"wpb_wrapper\">\n<p>Pubblichiamo l\u2019audio della meditazione: Antonietta Meo \u201cNennolina\u201d pt.2 &#8211; I bambini eucaristici pt. 12<br \/>\nGioved\u00ec 11 luglio 2024 &#8211; San Benedetto Abate, Patrono d&#8217;Europa<\/p>\n<p>Predicatore: p. Giorgio Maria Far\u00e9, OCD<\/p>\n<\/div>\n<\/div>\n<\/div>\n<\/div>\n<\/div>\n<\/div>\n<p>[\/vc_column_text][vc_column_text]<\/p>\n<h4>Ascolta la registrazione:<\/h4>\n<p>Per motivi di intenso traffico non ci \u00e8 possibile rendere disponibile l&#8217;ascolto dei file audio direttamente dal nostro sito. Se hai dubbi su come fare, vai alle <a href=\"http:\/\/www.veritatemincaritate.com\/chi-siamo\/istruzioni-per-lascolto-delle-registrazioni\/\" target=\"_blank\" rel=\"noopener noreferrer\">istruzioni per l&#8217;ascolto delle registrazioni<\/a>.[\/vc_column_text][\/vc_column][\/vc_row][vc_row][vc_column][vc_row_inner][vc_column_inner width=&#8221;1\/2&#8243;][vc_btn title=&#8221;Scarica la meditazione&#8221; color=&#8221;orange&#8221; css=&#8221;&#8221; link=&#8221;url:https%3A%2F%2Fwww.dropbox.com%2Fscl%2Ffi%2Fubucofr9rdh5dip1omylh%2F240711-Bambini-Eucaristici-12_03.m4a%3Frlkey%3Doc30isl64eytjh35rib15u7h7%26st%3Dtf3ljbld%26dl%3D1|target:_blank&#8221;][\/vc_column_inner][vc_column_inner width=&#8221;1\/2&#8243;][vc_btn title=&#8221;Ascolta la meditazione&#8221; color=&#8221;orange&#8221; align=&#8221;right&#8221; css=&#8221;&#8221; link=&#8221;url:https%3A%2F%2Fwww.dropbox.com%2Fscl%2Ffi%2Fubucofr9rdh5dip1omylh%2F240711-Bambini-Eucaristici-12_03.m4a%3Frlkey%3Doc30isl64eytjh35rib15u7h7%26st%3Dtf3ljbld%26dl%3D0|target:_blank&#8221;][\/vc_column_inner][\/vc_row_inner][\/vc_column][\/vc_row][vc_row][vc_column][vc_separator color=&#8221;orange&#8221;][vc_column_text css=&#8221;&#8221;]<strong>VANGELO<\/strong><em> (Mt 19,27-29)<\/em><\/p>\n<p>In quel tempo, Pietro, disse a Ges\u00f9: \u00abEcco, noi abbiamo lasciato tutto e ti abbiamo seguito; che cosa dunque ne avremo?\u00bb.<br \/>\nE Ges\u00f9 disse loro: \u00abIn verit\u00e0 io vi dico: voi che mi avete seguito, quando il Figlio dell&#8217;uomo sar\u00e0 seduto sul trono della sua gloria, alla rigenerazione del mondo, siederete anche voi su dodici troni a giudicare le dodici trib\u00f9 d&#8217;Israele. Chiunque avr\u00e0 lasciato case, o fratelli, o sorelle, o padre, o madre, o figli, o campi per il mio nome, ricever\u00e0 cento volte tanto e avr\u00e0 in eredit\u00e0 la vita eterna\u00bb.[\/vc_column_text][\/vc_column][\/vc_row][vc_row][vc_column][vc_column_text css=&#8221;&#8221;]<\/p>\n<h4>Testo della meditazione<\/h4>\n<p><a href=\"https:\/\/www.veritatemincaritate.com\/wp\/wp-content\/uploads\/2024\/07\/240711-Antonietta-Meo-Nennolina-2-I-bambini-eucaristici-12.pdf\" target=\"_blank\" rel=\"noopener\">Scarica il testo della meditazione in formato PDF<\/a><\/p>\n<p><i>Sia lodato Ges\u00f9 Cristo! Sempre sia lodato!<\/i><\/p>\n<p>Eccoci giunti a gioved\u00ec 11 luglio 2024. Oggi festeggiamo san Benedetto Abate, patrono d&#8217;Europa.<\/p>\n<p>Abbiamo ascoltato il Vangelo della Santa Messa di oggi, tratto dal diciannovesimo capitolo del Vangelo di san Matteo, versetti 27-29.<\/p>\n<p>Proseguiamo la nostra lettura e meditazione inerente ai bambini eucaristici. Stiamo affrontando la figura di questa bambina, soprannominata Nennolina, il cui nome corretto \u00e8 Antonietta Meo.<\/p>\n<p><b>Il dialogo con Ges\u00f9<\/b><\/p>\n<p><b>Nella prima letterina del 15 settembre 1936 cos\u00ec fa scrivere (\u00e8 la mamma che, a volte, cura la stesura sotto dettatura): \u00ab<i>Caro Ges\u00f9, oggi vado a spasso e vado dalle mie suore e gli dico che voglio fare la prima Comunione a Natale. Ges\u00f9 vieni presto nel mio Cuore che io ti stringer\u00f2 forte forte e ti bacer\u00f2. O Ges\u00f9, voglio che tu resti sempre nel mio cuore<\/i>\u00bb.<\/b><\/p>\n<p><b>La prima Comunione<\/b><\/p>\n<p><b>Nennolina riceve effettivamente la prima Comunione la notte di Natale dell\u2019anno 1936. Dopo aver ricevuto il Corpo di Cristo, nonostante l\u2019apparecchio ortopedico le provochi sofferenza, alla fine della Messa rimane per pi\u00f9 di un\u2019ora in ginocchio, ferma, con le mani unite, per ringraziare Ges\u00f9 presente nel suo cuore.<\/b><\/p>\n<p><b>Il giorno precedente cos\u00ec scriveva: \u00ab<i>Caro Ges\u00f9, domani sarai nel mio cuore, fai conto che la mia anima fosse una mela. E come nella mela ci stanno i semi, dentro all\u2019anima mia fai che ci sia un armadietto. E, come sotto la buccia nera dei semi ci sta dentro il seme bianco, cos\u00ec fa che dentro l\u2019armadietto ci sia la tua grazia, che sarebbe come il seme bianco<\/i>\u00bb. La mamma, sbalordita, le chiese con insistenza: &#8220;<i>Ma queste cose chi te le ha dette? La maestra a scuola ha preso la mela per farvi capire&#8230;<\/i>&#8220;. &#8220;<i>No, mamma&#8221; rispose candidamente &#8220;non me l&#8217;ha detto la maestra, l&#8217;ho pensato io<\/i>&#8220;. Poi complet\u00f2 il suo pensiero: &#8220;<i>Ges\u00f9, fa&#8217; che questa grazia la lascerai sempre, sempre con me<\/i>&#8220;.<\/b><\/p>\n<p>Quando si \u00e8 in grazia di Dio e uniti a Lui, anche i pi\u00f9 piccoli possono avere intuizioni geniali e bellissime. Il paragone della mela, ad esempio, io non l\u2019avevo mai sentito prima e credo che, in futuro, lo prender\u00f2 in prestito, perch\u00e9 \u00e8 davvero molto bello. Non credo che una persona adulta riesca a concepire spontaneamente un paragone cos\u00ec profondo e semplice. Santa Teresa di Ges\u00f9 parla del \u201ccastello interiore\u201d; una bambina prende a immagine una mela e i suoi semi. \u00c8 un paragone molto bello, un&#8217;immagine molto suggestiva. D\u2019ora in poi, quando mangeremo una mela, avremo modo di riflettere. Chiss\u00e0 se anche noi facciamo il possibile per conservare la grazia santificante che ci viene messa nell&#8217;anima, chiss\u00e0&#8230; Chiss\u00e0 se anche noi ci vediamo come una mela.<\/p>\n<p>E poi, come sempre, non si pu\u00f2 non sottolineare la bellissima abitudine del ringraziamento dopo la Messa; questo rimanere per pi\u00f9 di un&#8217;ora in ginocchio, con le mani unite, nonostante il tumore osseo e l\u2019apparecchio ortopedico. Voglio dire: questi non sono dettagli irrilevanti; qui stiamo toccando il fondamento della fede. Queste sono le uniche cose che contano in questo mondo.<\/p>\n<p><b>Nella lettera 128 del 31 gennaio 1937 scrive:<\/b><\/p>\n<p><b>\u201c<i>Caro Ges\u00f9 Eucarestia, Ti voglio tanto tanto bene caro Ges\u00f9!&#8230; io so che Tu hai sofferto molto quando eri piccino, e io voglio andare tutte le domeniche a Messa dove si rinnova il sacrificio della croce e dove Tu fai un sacrificio ancora pi\u00f9 grande di rinchiuderti nel SS. Sacramento dell&#8217;Altare. Caro Ges\u00f9, io verr\u00f2 a riceverti tutte le domeniche, ma io vorrei riceverti tutti i giorni, ma mamma non mi ci porta. (\u2026) Ti saluto, Ti adoro o Ges\u00f9!&#8230; e voglio stare sempre sul calvario sotto la croce. Antonietta e Ges\u00f9<\/i>\u201d.<\/b><\/p>\n<p>Non so voi, ma a me non sembra proprio lo scritto di una bambina! C&#8217;\u00e8 una precisione teologica che oggi molti possono solo sognare: \u00aba Messa dove si rinnova il sacrificio della Croce\u00bb, esattamente! A Messa si rinnova il sacrificio della Croce; \u00abe dove Tu fai un sacrificio ancora pi\u00f9 grande di rinchiuderti nel SS. Sacramento dell&#8217;Altare\u00bb. S\u00ec, perch\u00e9 capite: Ges\u00f9 si permette di essere presente nell&#8217;Eucaristia, viene messo nel Tabernacolo e poi completamente dimenticato, abbandonato, misconosciuto. E quindi, c&#8217;\u00e8 gente che passa davanti al Tabernacolo come se stesse passando davanti a un&#8217;edicola, a una tabaccheria, cos\u00ec, senza girarsi, senza fare un gesto di niente, come se stesse passando davanti a una statua. Non importa che l\u00ec ci sia il Cuore Eucaristico di Ges\u00f9, che pulsa, che \u00e8 vivo, no! Come se niente fosse. I pi\u00f9 bravi fanno una sorta di mezzo inchino, poi gli altri, vabb\u00e8\u2026 Ma la genuflessione, che io vi ho insegnato a chiamare \u201cGes\u00f9-flessione\u201d &#8211; grazie a quella suora che adesso \u00e8 morta e che conobbi un po\u2019 di anni fa &#8211; chi la fa pi\u00f9? Grazie al cielo ancora qualcuno.<\/p>\n<p>In questi giorni, celebrando la Santa Messa, mi \u00e8 capitato un fatto. Era presente un giovane che ho notato essere molto raccolto, attento; e, al momento della Comunione, questo giovane, che io non conosco, unico tra tutte le persone presenti, arriva per ultimo a fare la Comunione e si mette in ginocchio, esponendosi anche al rischio che io potessi trattarlo male \u2014 come succede \u2014 che potessi negargli la Comunione \u2014 come succede \u2014 che potessi umiliarlo davanti a tutti, dicendogli di alzarsi e di non fare questi versi, e non so cos\u2019altro \u2014 come succede. E lui, con molta umilt\u00e0, ma anche con molto coraggio, si \u00e8 messo in ginocchio. Io gli ho dato la Comunione con il cuore felicissimo; lui si \u00e8 alzato, e mentre tornava al suo posto in fondo alla chiesa e un tizio, che non ha neanche fatto la Comunione,<span class=\"Apple-converted-space\">\u00a0 <\/span>\u2014 il ragazzo non se ne \u00e8 accorto perch\u00e9 era di schiena \u2014 si \u00e8 girato guardandolo schifato, poi si \u00e8 rigirato e, guardando me, ha scosso la testa, come per dire: poveretto!<span class=\"Apple-converted-space\">\u00a0<\/span><\/p>\n<p>Allora, siccome mi erano avanzate delle ostie e dovevo andare al Tabernacolo a riporle, nell&#8217;andare sono passato accanto al ragazzo e gli ho detto due volte: \u201cBravo, bravo\u201d. Ho riposto le ostie nel Tabernacolo e, nel ritornare, gli ho fatto una carezza sul capo. L\u2019ho fatto perch\u00e9 ho voluto che, tra le possibili difficolt\u00e0 e\/o umiliazioni che ha ricevuto per questa sua bellissima pratica di ricevere la Comunione in ginocchio e in bocca, rimanesse nella sua mente anche la testimonianza di un Sacerdote che si \u00e8 complimentato, che ha riconosciuto la bellezza del suo gesto, e che gli ha messo la mano sul capo, che, sapete, \u00e8 un gesto importante di benedizione. Non ho avuto il tempo di fare nessuna preghiera, ma \u00e8 stata sicuramente sufficiente l&#8217;intenzione; gli ho messo la mano sul capo, gli ho dato una carezza sul capo, proprio come gesto benedicente, come gesto di paternit\u00e0, perch\u00e9 tutto questo rimanesse fisso in lui per sempre; \u00e8 importante. Cos\u00ec, se anche non lo vedr\u00f2 pi\u00f9, lui si ricorder\u00e0 di questo.<\/p>\n<p>Notiamo anche questo desiderio di Nennolina di ricevere Ges\u00f9 tutti i giorni e questo suo desiderio di voler stare sempre sul Calvario, sotto la croce.<\/p>\n<p>L\u2019ho gi\u00e0 detto ieri: domani \u2014 non oggi, non stasera \u2014 iniziano gli esercizi; domani alle 8:00, nel Carmelo di Monza, coloro che si sono iscritti verranno per fare la registrazione, devono registrarsi tutti. Ecco, sarebbe bello che ci fosse proprio questo stile che stiamo vedendo nei bambini eucaristici; mi sembra molto bello e molto importante che ci sia.<\/p>\n<p>Inoltre vi avviso che continuer\u00f2 le meditazioni sui bambini eucaristici anche in questi giorni di ritiro e le due meditazioni che far\u00f2 sulla Vergine Maria, verranno registrate e poi pubblicate. Le meditazioni di venerd\u00ec che far\u00f2 al ritiro, saranno pubblicate su YouTube.<span class=\"Apple-converted-space\">\u00a0<\/span><\/p>\n<p><i>Benedicat vos omnipotens Deus, Pater, et Filius, et Spiritus Sanctus.<br \/>\nAmen<br \/>\nDio ci benedica e la Vergine ci protegga.<br \/>\nSia lodato Ges\u00f9 Cristo sempre sia lodato.<\/i><\/p>\n<p>[\/vc_column_text][\/vc_column][\/vc_row]<\/p>\n<\/div>","protected":false},"excerpt":{"rendered":"<p>[vc_row][vc_column][vc_column_text css=&#8221;&#8221;] Meditazione Pubblichiamo l\u2019audio della meditazione: Antonietta Meo \u201cNennolina\u201d pt.2 &#8211; I bambini eucaristici pt. 12 Gioved\u00ec 11 luglio&#8230;<\/p>\n","protected":false},"author":4,"featured_media":34081,"comment_status":"closed","ping_status":"closed","sticky":false,"template":"","format":"standard","meta":{"footnotes":""},"categories":[15],"tags":[9893,9863,604,9922,6682,308,89,9924,2643,8258,9894,17,7552,9874,9923,1132,82],"class_list":{"0":"post-34151","1":"post","2":"type-post","3":"status-publish","4":"format-standard","5":"has-post-thumbnail","7":"category-omelie","8":"tag-antonietta-meo","9":"tag-bambini-eucarisitici","10":"tag-comunione-in-ginocchio","11":"tag-dialogo-con-gesu","12":"tag-fare","13":"tag-genuflessione","14":"tag-gesu","15":"tag-grazia-divina","16":"tag-grazia-santificante","17":"tag-meditazioni","18":"tag-nennolina","19":"tag-p-giorgio-maria-fare","20":"tag-padre-giorgio-maria-fare","21":"tag-prima-comunione","22":"tag-riflessioni-spirituali","23":"tag-ringraziamento","24":"tag-santa-messa"},"yoast_head":"<!-- This site is optimized with the Yoast SEO plugin v27.5 - https:\/\/yoast.com\/product\/yoast-seo-wordpress\/ -->\n<title>Antonietta Meo \u201cNennolina\u201d pt.2 - I bambini eucaristici pt. 12 - Veritatemincaritate<\/title>\n<meta name=\"description\" content=\"Scopri la devozione e le profonde riflessioni spirituali di Antonietta Meo, una bambina che dialoga con Ges\u00f9 tramite le sue \u201cletterine\u201d.\" \/>\n<meta name=\"robots\" content=\"index, follow, max-snippet:-1, max-image-preview:large, max-video-preview:-1\" \/>\n<link rel=\"canonical\" href=\"https:\/\/www.veritatemincaritate.com\/wp\/2024\/07\/antonietta-meo-nennolina-pt-2-i-bambini-eucaristici-pt-12\/\" \/>\n<meta property=\"og:locale\" content=\"it_IT\" \/>\n<meta property=\"og:type\" content=\"article\" \/>\n<meta property=\"og:title\" content=\"Antonietta Meo \u201cNennolina\u201d pt.2 - I bambini eucaristici pt. 12\" \/>\n<meta property=\"og:description\" content=\"Antonietta Meo \u201cNennolina\u201d pt.2 - I bambini eucaristici pt. 12\" \/>\n<meta property=\"og:url\" content=\"https:\/\/www.veritatemincaritate.com\/wp\/2024\/07\/antonietta-meo-nennolina-pt-2-i-bambini-eucaristici-pt-12\/\" \/>\n<meta property=\"og:site_name\" content=\"Veritatemincaritate\" \/>\n<meta property=\"article:publisher\" content=\"https:\/\/www.facebook.com\/pgiorgiomariafare\" \/>\n<meta property=\"article:published_time\" content=\"2024-07-10T23:45:44+00:00\" \/>\n<meta property=\"og:image\" content=\"https:\/\/www.veritatemincaritate.com\/wp\/wp-content\/uploads\/2024\/06\/Bambini-Eucaristici.jpg\" \/>\n\t<meta property=\"og:image:width\" content=\"600\" \/>\n\t<meta property=\"og:image:height\" content=\"400\" \/>\n\t<meta property=\"og:image:type\" content=\"image\/jpeg\" \/>\n<meta name=\"author\" content=\"Is551011\" \/>\n<meta name=\"twitter:card\" content=\"summary_large_image\" \/>\n<meta name=\"twitter:title\" content=\"Antonietta Meo \u201cNennolina\u201d pt.2 - I bambini eucaristici pt. 12\" \/>\n<meta name=\"twitter:description\" content=\"Antonietta Meo \u201cNennolina\u201d pt.2 - I bambini eucaristici pt. 12\" \/>\n<meta name=\"twitter:image\" content=\"https:\/\/www.veritatemincaritate.com\/wp\/wp-content\/uploads\/2024\/06\/Bambini-Eucaristici.jpg\" \/>\n<meta name=\"twitter:label1\" content=\"Scritto da\" \/>\n\t<meta name=\"twitter:data1\" content=\"Is551011\" \/>\n\t<meta name=\"twitter:label2\" content=\"Tempo di lettura stimato\" \/>\n\t<meta name=\"twitter:data2\" content=\"8 minuti\" \/>\n<script type=\"application\/ld+json\" class=\"yoast-schema-graph\">{\"@context\":\"https:\\\/\\\/schema.org\",\"@graph\":[{\"@type\":\"Article\",\"@id\":\"https:\\\/\\\/www.veritatemincaritate.com\\\/wp\\\/2024\\\/07\\\/antonietta-meo-nennolina-pt-2-i-bambini-eucaristici-pt-12\\\/#article\",\"isPartOf\":{\"@id\":\"https:\\\/\\\/www.veritatemincaritate.com\\\/wp\\\/2024\\\/07\\\/antonietta-meo-nennolina-pt-2-i-bambini-eucaristici-pt-12\\\/\"},\"author\":{\"name\":\"Is551011\",\"@id\":\"https:\\\/\\\/www.veritatemincaritate.com\\\/wp\\\/#\\\/schema\\\/person\\\/ae324896700d097ddc6db39f45894b80\"},\"headline\":\"Antonietta Meo \u201cNennolina\u201d pt.2 &#8211; I bambini eucaristici pt. 12\",\"datePublished\":\"2024-07-10T23:45:44+00:00\",\"mainEntityOfPage\":{\"@id\":\"https:\\\/\\\/www.veritatemincaritate.com\\\/wp\\\/2024\\\/07\\\/antonietta-meo-nennolina-pt-2-i-bambini-eucaristici-pt-12\\\/\"},\"wordCount\":1628,\"publisher\":{\"@id\":\"https:\\\/\\\/www.veritatemincaritate.com\\\/wp\\\/#organization\"},\"image\":{\"@id\":\"https:\\\/\\\/www.veritatemincaritate.com\\\/wp\\\/2024\\\/07\\\/antonietta-meo-nennolina-pt-2-i-bambini-eucaristici-pt-12\\\/#primaryimage\"},\"thumbnailUrl\":\"https:\\\/\\\/www.veritatemincaritate.com\\\/wp\\\/wp-content\\\/uploads\\\/2024\\\/06\\\/Bambini-Eucaristici.jpg\",\"keywords\":[\"Antonietta Meo\",\"bambini eucarisitici\",\"comunione in ginocchio\",\"dialogo con Ges\u00f9\",\"fare\",\"genuflessione\",\"Ges\u00f9\",\"Grazia divina\",\"Grazia santificante\",\"meditazioni\",\"Nennolina\",\"p. Giorgio Maria Far\u00e9\",\"padre Giorgio Maria Far\u00e8\",\"Prima Comunione\",\"riflessioni spirituali\",\"ringraziamento\",\"Santa Messa\"],\"articleSection\":[\"Omelie\"],\"inLanguage\":\"it-IT\"},{\"@type\":\"WebPage\",\"@id\":\"https:\\\/\\\/www.veritatemincaritate.com\\\/wp\\\/2024\\\/07\\\/antonietta-meo-nennolina-pt-2-i-bambini-eucaristici-pt-12\\\/\",\"url\":\"https:\\\/\\\/www.veritatemincaritate.com\\\/wp\\\/2024\\\/07\\\/antonietta-meo-nennolina-pt-2-i-bambini-eucaristici-pt-12\\\/\",\"name\":\"Antonietta Meo \u201cNennolina\u201d pt.2 - I bambini eucaristici pt. 12 - Veritatemincaritate\",\"isPartOf\":{\"@id\":\"https:\\\/\\\/www.veritatemincaritate.com\\\/wp\\\/#website\"},\"primaryImageOfPage\":{\"@id\":\"https:\\\/\\\/www.veritatemincaritate.com\\\/wp\\\/2024\\\/07\\\/antonietta-meo-nennolina-pt-2-i-bambini-eucaristici-pt-12\\\/#primaryimage\"},\"image\":{\"@id\":\"https:\\\/\\\/www.veritatemincaritate.com\\\/wp\\\/2024\\\/07\\\/antonietta-meo-nennolina-pt-2-i-bambini-eucaristici-pt-12\\\/#primaryimage\"},\"thumbnailUrl\":\"https:\\\/\\\/www.veritatemincaritate.com\\\/wp\\\/wp-content\\\/uploads\\\/2024\\\/06\\\/Bambini-Eucaristici.jpg\",\"datePublished\":\"2024-07-10T23:45:44+00:00\",\"description\":\"Scopri la devozione e le profonde riflessioni spirituali di Antonietta Meo, una bambina che dialoga con Ges\u00f9 tramite le sue \u201cletterine\u201d.\",\"breadcrumb\":{\"@id\":\"https:\\\/\\\/www.veritatemincaritate.com\\\/wp\\\/2024\\\/07\\\/antonietta-meo-nennolina-pt-2-i-bambini-eucaristici-pt-12\\\/#breadcrumb\"},\"inLanguage\":\"it-IT\",\"potentialAction\":[{\"@type\":\"ReadAction\",\"target\":[\"https:\\\/\\\/www.veritatemincaritate.com\\\/wp\\\/2024\\\/07\\\/antonietta-meo-nennolina-pt-2-i-bambini-eucaristici-pt-12\\\/\"]}]},{\"@type\":\"ImageObject\",\"inLanguage\":\"it-IT\",\"@id\":\"https:\\\/\\\/www.veritatemincaritate.com\\\/wp\\\/2024\\\/07\\\/antonietta-meo-nennolina-pt-2-i-bambini-eucaristici-pt-12\\\/#primaryimage\",\"url\":\"https:\\\/\\\/www.veritatemincaritate.com\\\/wp\\\/wp-content\\\/uploads\\\/2024\\\/06\\\/Bambini-Eucaristici.jpg\",\"contentUrl\":\"https:\\\/\\\/www.veritatemincaritate.com\\\/wp\\\/wp-content\\\/uploads\\\/2024\\\/06\\\/Bambini-Eucaristici.jpg\",\"width\":600,\"height\":400,\"caption\":\"Bambini Eucaristici\"},{\"@type\":\"BreadcrumbList\",\"@id\":\"https:\\\/\\\/www.veritatemincaritate.com\\\/wp\\\/2024\\\/07\\\/antonietta-meo-nennolina-pt-2-i-bambini-eucaristici-pt-12\\\/#breadcrumb\",\"itemListElement\":[{\"@type\":\"ListItem\",\"position\":1,\"name\":\"Home\",\"item\":\"https:\\\/\\\/www.veritatemincaritate.com\\\/wp\\\/\"},{\"@type\":\"ListItem\",\"position\":2,\"name\":\"Antonietta Meo \u201cNennolina\u201d pt.2 &#8211; I bambini eucaristici pt. 12\"}]},{\"@type\":\"WebSite\",\"@id\":\"https:\\\/\\\/www.veritatemincaritate.com\\\/wp\\\/#website\",\"url\":\"https:\\\/\\\/www.veritatemincaritate.com\\\/wp\\\/\",\"name\":\"Veritatemincaritate\",\"description\":\"Agendo secondo verit\u00e0 nella carit\u00e0, cerchiamo di crescere in ogni cosa tendendo a lui, che \u00e8 il capo, Cristo\",\"publisher\":{\"@id\":\"https:\\\/\\\/www.veritatemincaritate.com\\\/wp\\\/#organization\"},\"potentialAction\":[{\"@type\":\"SearchAction\",\"target\":{\"@type\":\"EntryPoint\",\"urlTemplate\":\"https:\\\/\\\/www.veritatemincaritate.com\\\/wp\\\/?s={search_term_string}\"},\"query-input\":{\"@type\":\"PropertyValueSpecification\",\"valueRequired\":true,\"valueName\":\"search_term_string\"}}],\"inLanguage\":\"it-IT\"},{\"@type\":\"Organization\",\"@id\":\"https:\\\/\\\/www.veritatemincaritate.com\\\/wp\\\/#organization\",\"name\":\"Veritatem facientes in Caritate\",\"url\":\"https:\\\/\\\/www.veritatemincaritate.com\\\/wp\\\/\",\"logo\":{\"@type\":\"ImageObject\",\"inLanguage\":\"it-IT\",\"@id\":\"https:\\\/\\\/www.veritatemincaritate.com\\\/wp\\\/#\\\/schema\\\/logo\\\/image\\\/\",\"url\":\"https:\\\/\\\/www.veritatemincaritate.com\\\/wp\\\/wp-content\\\/uploads\\\/2020\\\/07\\\/Logo-VIC-per-canale-Youtube.jpg\",\"contentUrl\":\"https:\\\/\\\/www.veritatemincaritate.com\\\/wp\\\/wp-content\\\/uploads\\\/2020\\\/07\\\/Logo-VIC-per-canale-Youtube.jpg\",\"width\":720,\"height\":720,\"caption\":\"Veritatem facientes in Caritate\"},\"image\":{\"@id\":\"https:\\\/\\\/www.veritatemincaritate.com\\\/wp\\\/#\\\/schema\\\/logo\\\/image\\\/\"},\"sameAs\":[\"https:\\\/\\\/www.facebook.com\\\/pgiorgiomariafare\",\"https:\\\/\\\/instagram.com\\\/padre_giorgio_maria_fare?igshid=1p8wsw6b3edkc\",\"https:\\\/\\\/www.youtube.com\\\/channel\\\/UCFqjpT1nX60rx3m_SELg3lA\"]},{\"@type\":\"Person\",\"@id\":\"https:\\\/\\\/www.veritatemincaritate.com\\\/wp\\\/#\\\/schema\\\/person\\\/ae324896700d097ddc6db39f45894b80\",\"name\":\"Is551011\",\"image\":{\"@type\":\"ImageObject\",\"inLanguage\":\"it-IT\",\"@id\":\"https:\\\/\\\/secure.gravatar.com\\\/avatar\\\/c031fff76d6f121d3530ae43ac8407bd6ac4d5c3c8a89c237d6990047f9a6307?s=96&d=mm&r=g\",\"url\":\"https:\\\/\\\/secure.gravatar.com\\\/avatar\\\/c031fff76d6f121d3530ae43ac8407bd6ac4d5c3c8a89c237d6990047f9a6307?s=96&d=mm&r=g\",\"contentUrl\":\"https:\\\/\\\/secure.gravatar.com\\\/avatar\\\/c031fff76d6f121d3530ae43ac8407bd6ac4d5c3c8a89c237d6990047f9a6307?s=96&d=mm&r=g\",\"caption\":\"Is551011\"}}]}<\/script>\n<!-- \/ Yoast SEO plugin. -->","yoast_head_json":{"title":"Antonietta Meo \u201cNennolina\u201d pt.2 - I bambini eucaristici pt. 12 - Veritatemincaritate","description":"Scopri la devozione e le profonde riflessioni spirituali di Antonietta Meo, una bambina che dialoga con Ges\u00f9 tramite le sue \u201cletterine\u201d.","robots":{"index":"index","follow":"follow","max-snippet":"max-snippet:-1","max-image-preview":"max-image-preview:large","max-video-preview":"max-video-preview:-1"},"canonical":"https:\/\/www.veritatemincaritate.com\/wp\/2024\/07\/antonietta-meo-nennolina-pt-2-i-bambini-eucaristici-pt-12\/","og_locale":"it_IT","og_type":"article","og_title":"Antonietta Meo \u201cNennolina\u201d pt.2 - I bambini eucaristici pt. 12","og_description":"Antonietta Meo \u201cNennolina\u201d pt.2 - I bambini eucaristici pt. 12","og_url":"https:\/\/www.veritatemincaritate.com\/wp\/2024\/07\/antonietta-meo-nennolina-pt-2-i-bambini-eucaristici-pt-12\/","og_site_name":"Veritatemincaritate","article_publisher":"https:\/\/www.facebook.com\/pgiorgiomariafare","article_published_time":"2024-07-10T23:45:44+00:00","og_image":[{"width":600,"height":400,"url":"https:\/\/www.veritatemincaritate.com\/wp\/wp-content\/uploads\/2024\/06\/Bambini-Eucaristici.jpg","type":"image\/jpeg"}],"author":"Is551011","twitter_card":"summary_large_image","twitter_title":"Antonietta Meo \u201cNennolina\u201d pt.2 - I bambini eucaristici pt. 12","twitter_description":"Antonietta Meo \u201cNennolina\u201d pt.2 - I bambini eucaristici pt. 12","twitter_image":"https:\/\/www.veritatemincaritate.com\/wp\/wp-content\/uploads\/2024\/06\/Bambini-Eucaristici.jpg","twitter_misc":{"Scritto da":"Is551011","Tempo di lettura stimato":"8 minuti"},"schema":{"@context":"https:\/\/schema.org","@graph":[{"@type":"Article","@id":"https:\/\/www.veritatemincaritate.com\/wp\/2024\/07\/antonietta-meo-nennolina-pt-2-i-bambini-eucaristici-pt-12\/#article","isPartOf":{"@id":"https:\/\/www.veritatemincaritate.com\/wp\/2024\/07\/antonietta-meo-nennolina-pt-2-i-bambini-eucaristici-pt-12\/"},"author":{"name":"Is551011","@id":"https:\/\/www.veritatemincaritate.com\/wp\/#\/schema\/person\/ae324896700d097ddc6db39f45894b80"},"headline":"Antonietta Meo \u201cNennolina\u201d pt.2 &#8211; I bambini eucaristici pt. 12","datePublished":"2024-07-10T23:45:44+00:00","mainEntityOfPage":{"@id":"https:\/\/www.veritatemincaritate.com\/wp\/2024\/07\/antonietta-meo-nennolina-pt-2-i-bambini-eucaristici-pt-12\/"},"wordCount":1628,"publisher":{"@id":"https:\/\/www.veritatemincaritate.com\/wp\/#organization"},"image":{"@id":"https:\/\/www.veritatemincaritate.com\/wp\/2024\/07\/antonietta-meo-nennolina-pt-2-i-bambini-eucaristici-pt-12\/#primaryimage"},"thumbnailUrl":"https:\/\/www.veritatemincaritate.com\/wp\/wp-content\/uploads\/2024\/06\/Bambini-Eucaristici.jpg","keywords":["Antonietta Meo","bambini eucarisitici","comunione in ginocchio","dialogo con Ges\u00f9","fare","genuflessione","Ges\u00f9","Grazia divina","Grazia santificante","meditazioni","Nennolina","p. Giorgio Maria Far\u00e9","padre Giorgio Maria Far\u00e8","Prima Comunione","riflessioni spirituali","ringraziamento","Santa Messa"],"articleSection":["Omelie"],"inLanguage":"it-IT"},{"@type":"WebPage","@id":"https:\/\/www.veritatemincaritate.com\/wp\/2024\/07\/antonietta-meo-nennolina-pt-2-i-bambini-eucaristici-pt-12\/","url":"https:\/\/www.veritatemincaritate.com\/wp\/2024\/07\/antonietta-meo-nennolina-pt-2-i-bambini-eucaristici-pt-12\/","name":"Antonietta Meo \u201cNennolina\u201d pt.2 - I bambini eucaristici pt. 12 - Veritatemincaritate","isPartOf":{"@id":"https:\/\/www.veritatemincaritate.com\/wp\/#website"},"primaryImageOfPage":{"@id":"https:\/\/www.veritatemincaritate.com\/wp\/2024\/07\/antonietta-meo-nennolina-pt-2-i-bambini-eucaristici-pt-12\/#primaryimage"},"image":{"@id":"https:\/\/www.veritatemincaritate.com\/wp\/2024\/07\/antonietta-meo-nennolina-pt-2-i-bambini-eucaristici-pt-12\/#primaryimage"},"thumbnailUrl":"https:\/\/www.veritatemincaritate.com\/wp\/wp-content\/uploads\/2024\/06\/Bambini-Eucaristici.jpg","datePublished":"2024-07-10T23:45:44+00:00","description":"Scopri la devozione e le profonde riflessioni spirituali di Antonietta Meo, una bambina che dialoga con Ges\u00f9 tramite le sue \u201cletterine\u201d.","breadcrumb":{"@id":"https:\/\/www.veritatemincaritate.com\/wp\/2024\/07\/antonietta-meo-nennolina-pt-2-i-bambini-eucaristici-pt-12\/#breadcrumb"},"inLanguage":"it-IT","potentialAction":[{"@type":"ReadAction","target":["https:\/\/www.veritatemincaritate.com\/wp\/2024\/07\/antonietta-meo-nennolina-pt-2-i-bambini-eucaristici-pt-12\/"]}]},{"@type":"ImageObject","inLanguage":"it-IT","@id":"https:\/\/www.veritatemincaritate.com\/wp\/2024\/07\/antonietta-meo-nennolina-pt-2-i-bambini-eucaristici-pt-12\/#primaryimage","url":"https:\/\/www.veritatemincaritate.com\/wp\/wp-content\/uploads\/2024\/06\/Bambini-Eucaristici.jpg","contentUrl":"https:\/\/www.veritatemincaritate.com\/wp\/wp-content\/uploads\/2024\/06\/Bambini-Eucaristici.jpg","width":600,"height":400,"caption":"Bambini Eucaristici"},{"@type":"BreadcrumbList","@id":"https:\/\/www.veritatemincaritate.com\/wp\/2024\/07\/antonietta-meo-nennolina-pt-2-i-bambini-eucaristici-pt-12\/#breadcrumb","itemListElement":[{"@type":"ListItem","position":1,"name":"Home","item":"https:\/\/www.veritatemincaritate.com\/wp\/"},{"@type":"ListItem","position":2,"name":"Antonietta Meo \u201cNennolina\u201d pt.2 &#8211; I bambini eucaristici pt. 12"}]},{"@type":"WebSite","@id":"https:\/\/www.veritatemincaritate.com\/wp\/#website","url":"https:\/\/www.veritatemincaritate.com\/wp\/","name":"Veritatemincaritate","description":"Agendo secondo verit\u00e0 nella carit\u00e0, cerchiamo di crescere in ogni cosa tendendo a lui, che \u00e8 il capo, Cristo","publisher":{"@id":"https:\/\/www.veritatemincaritate.com\/wp\/#organization"},"potentialAction":[{"@type":"SearchAction","target":{"@type":"EntryPoint","urlTemplate":"https:\/\/www.veritatemincaritate.com\/wp\/?s={search_term_string}"},"query-input":{"@type":"PropertyValueSpecification","valueRequired":true,"valueName":"search_term_string"}}],"inLanguage":"it-IT"},{"@type":"Organization","@id":"https:\/\/www.veritatemincaritate.com\/wp\/#organization","name":"Veritatem facientes in Caritate","url":"https:\/\/www.veritatemincaritate.com\/wp\/","logo":{"@type":"ImageObject","inLanguage":"it-IT","@id":"https:\/\/www.veritatemincaritate.com\/wp\/#\/schema\/logo\/image\/","url":"https:\/\/www.veritatemincaritate.com\/wp\/wp-content\/uploads\/2020\/07\/Logo-VIC-per-canale-Youtube.jpg","contentUrl":"https:\/\/www.veritatemincaritate.com\/wp\/wp-content\/uploads\/2020\/07\/Logo-VIC-per-canale-Youtube.jpg","width":720,"height":720,"caption":"Veritatem facientes in Caritate"},"image":{"@id":"https:\/\/www.veritatemincaritate.com\/wp\/#\/schema\/logo\/image\/"},"sameAs":["https:\/\/www.facebook.com\/pgiorgiomariafare","https:\/\/instagram.com\/padre_giorgio_maria_fare?igshid=1p8wsw6b3edkc","https:\/\/www.youtube.com\/channel\/UCFqjpT1nX60rx3m_SELg3lA"]},{"@type":"Person","@id":"https:\/\/www.veritatemincaritate.com\/wp\/#\/schema\/person\/ae324896700d097ddc6db39f45894b80","name":"Is551011","image":{"@type":"ImageObject","inLanguage":"it-IT","@id":"https:\/\/secure.gravatar.com\/avatar\/c031fff76d6f121d3530ae43ac8407bd6ac4d5c3c8a89c237d6990047f9a6307?s=96&d=mm&r=g","url":"https:\/\/secure.gravatar.com\/avatar\/c031fff76d6f121d3530ae43ac8407bd6ac4d5c3c8a89c237d6990047f9a6307?s=96&d=mm&r=g","contentUrl":"https:\/\/secure.gravatar.com\/avatar\/c031fff76d6f121d3530ae43ac8407bd6ac4d5c3c8a89c237d6990047f9a6307?s=96&d=mm&r=g","caption":"Is551011"}}]}},"menu_order":0,"_links":{"self":[{"href":"https:\/\/www.veritatemincaritate.com\/wp\/wp-json\/wp\/v2\/posts\/34151","targetHints":{"allow":["GET"]}}],"collection":[{"href":"https:\/\/www.veritatemincaritate.com\/wp\/wp-json\/wp\/v2\/posts"}],"about":[{"href":"https:\/\/www.veritatemincaritate.com\/wp\/wp-json\/wp\/v2\/types\/post"}],"author":[{"embeddable":true,"href":"https:\/\/www.veritatemincaritate.com\/wp\/wp-json\/wp\/v2\/users\/4"}],"replies":[{"embeddable":true,"href":"https:\/\/www.veritatemincaritate.com\/wp\/wp-json\/wp\/v2\/comments?post=34151"}],"version-history":[{"count":0,"href":"https:\/\/www.veritatemincaritate.com\/wp\/wp-json\/wp\/v2\/posts\/34151\/revisions"}],"wp:featuredmedia":[{"embeddable":true,"href":"https:\/\/www.veritatemincaritate.com\/wp\/wp-json\/wp\/v2\/media\/34081"}],"wp:attachment":[{"href":"https:\/\/www.veritatemincaritate.com\/wp\/wp-json\/wp\/v2\/media?parent=34151"}],"wp:term":[{"taxonomy":"category","embeddable":true,"href":"https:\/\/www.veritatemincaritate.com\/wp\/wp-json\/wp\/v2\/categories?post=34151"},{"taxonomy":"post_tag","embeddable":true,"href":"https:\/\/www.veritatemincaritate.com\/wp\/wp-json\/wp\/v2\/tags?post=34151"}],"curies":[{"name":"wp","href":"https:\/\/api.w.org\/{rel}","templated":true}]}}