{"id":3589,"date":"2016-09-04T16:14:52","date_gmt":"2016-09-04T14:14:52","guid":{"rendered":"http:\/\/www.veritatemincaritate.com\/?p=3589"},"modified":"2016-09-04T16:32:51","modified_gmt":"2016-09-04T14:32:51","slug":"mettere-gesu-davanti-ad-ogni-altro-affetto-per-essere-suoi-discepoli","status":"publish","type":"post","link":"https:\/\/www.veritatemincaritate.com\/wp\/2016\/09\/mettere-gesu-davanti-ad-ogni-altro-affetto-per-essere-suoi-discepoli\/","title":{"rendered":"Mettere Ges\u00f9 davanti ad ogni altro affetto per essere suoi discepoli"},"content":{"rendered":"<div class=\"wpb-content-wrapper\"><p>[vc_row][vc_column][vc_column_text]<\/p>\n<h3>Omelia<\/h3>\n<p>Pubblichiamo l\u2019audio di\u00a0un\u2019omelia sulle letture di domenica 4\u00a0settembre 2016 (S. Messa del giorno).<\/p>\n<p>Predicatore:\u00a0p. Giorgio Maria Far\u00e9, OCD[\/vc_column_text][\/vc_column][\/vc_row][vc_row][vc_column][vc_column_text]<\/p>\n<h4>Ascolta la registrazione:<\/h4>\n<p>Per motivi di intenso traffico non ci \u00e8 possibile rendere disponibile l&#8217;ascolto dei file audio direttamente dal nostro sito. Se hai dubbi su come fare, vai alle <a href=\"http:\/\/www.veritatemincaritate.com\/chi-siamo\/istruzioni-per-lascolto-delle-registrazioni\/\" target=\"_blank\">istruzioni per l&#8217;ascolto delle registrazioni<\/a>.[\/vc_column_text][vc_row_inner][vc_column_inner width=&#8221;1\/2&#8243;][vc_column_text]<style type=\"text\/css\">.thegem-button-69f38f099eae94209 .gem-button {font-size: 14px;}.thegem-button-69f38f099eae94209 .gem-button-text {font-size: 14px;}.thegem-button-69f38f099eae94209 .gem-button svg {fill: #FFFFFF;}<\/style><div class=\"gem-button-container gem-button-position-inline thegem-button-69f38f099eae94209    \"  ><a class=\"gem-button gem-button-size-small gem-button-style-flat gem-button-text-weight-normal\" data-ll-effect=\"drop-right-without-wrap\" style=\"border-radius: 3px;background-color: #FF5C00;color: #FFFFFF;\" onmouseleave=\"this.style.backgroundColor='#FF5C00';this.style.color='#FFFFFF';\" onmouseenter=\"\" href=\"https:\/\/www.dropbox.com\/s\/op4bh7pqnmdqb4n\/160904-Omelia-Radicalita.m4a?dl=1\" target=\"_self\">Scarica la registrazione<\/a><\/div> [\/vc_column_text][\/vc_column_inner][vc_column_inner width=&#8221;1\/2&#8243;][vc_column_text]<style type=\"text\/css\">.thegem-button-69f38f099ed175651 .gem-button {font-size: 14px;}.thegem-button-69f38f099ed175651 .gem-button-text {font-size: 14px;}.thegem-button-69f38f099ed175651 .gem-button svg {fill: #FFFFFF;}<\/style><div class=\"gem-button-container gem-button-position-inline thegem-button-69f38f099ed175651    \"  ><a class=\"gem-button gem-button-size-small gem-button-style-flat gem-button-text-weight-normal\" data-ll-effect=\"drop-right-without-wrap\" style=\"border-radius: 3px;background-color: #FF5C00;color: #FFFFFF;\" onmouseleave=\"this.style.backgroundColor='#FF5C00';this.style.color='#FFFFFF';\" onmouseenter=\"\" href=\"https:\/\/www.dropbox.com\/s\/op4bh7pqnmdqb4n\/160904-Omelia-Radicalita.m4a?dl=0\" target=\"_self\">Ascolta la registrazione<\/a><\/div> [\/vc_column_text][\/vc_column_inner][\/vc_row_inner][\/vc_column][\/vc_row][vc_row][vc_column][vc_empty_space][vc_separator color=&#8221;orange&#8221;][vc_column_text]<\/p>\n<h2>Letture del giorno<\/h2>\n<p>[\/vc_column_text][vc_column_text]<\/p>\n<h3>XXIII DOMENICA DEL TEMPO ORDINARIO (ANNO C)<\/h3>\n<h3>Prima lettura<\/h3>\n<p><em>Sap 9,13-18<\/em><br \/>\n<em>Chi pu\u00f2 immaginare che cosa vuole il Signore?<\/em><\/p>\n<p>Quale, uomo pu\u00f2 conoscere il volere di Dio?<br \/>\nChi pu\u00f2 immaginare che cosa vuole il Signore?<br \/>\nI ragionamenti dei mortali sono timidi<br \/>\ne incerte le nostre riflessioni,<br \/>\nperch\u00e9 un corpo corruttibile appesantisce l\u2019anima<br \/>\ne la tenda d\u2019argilla opprime una mente piena di preoccupazioni.<br \/>\nA stento immaginiamo le cose della terra,<br \/>\nscopriamo con fatica quelle a portata di mano;<br \/>\nma chi ha investigato le cose del cielo?<br \/>\nChi avrebbe conosciuto il tuo volere,<br \/>\nse tu non gli avessi dato la sapienza<br \/>\ne dall\u2019alto non gli avessi inviato il tuo santo spirito?<br \/>\nCos\u00ec vennero raddrizzati i sentieri di chi \u00e8 sulla terra;<br \/>\ngli uomini furono istruiti in ci\u00f2 che ti \u00e8 gradito<br \/>\ne furono salvati per mezzo della sapienza\u00bb.<\/p>\n<h3>Salmo responsoriale<\/h3>\n<p><em>Sal 89<\/em><\/p>\n<p><strong>Signore, sei stato per noi un rifugio di generazione in generazione.<\/strong><\/p>\n<p>Tu fai ritornare l\u2019uomo in polvere,<br \/>\nquando dici: \u00abRitornate, figli dell\u2019uomo\u00bb.<br \/>\nMille anni, ai tuoi occhi,<br \/>\nsono come il giorno di ieri che \u00e8 passato,<br \/>\ncome un turno di veglia nella notte.<\/p>\n<p>Tu li sommergi:<br \/>\nsono come un sogno al mattino,<br \/>\ncome l\u2019erba che germoglia;<br \/>\nal mattino fiorisce e germoglia,<br \/>\nalla sera \u00e8 falciata e secca.<\/p>\n<p>Insegnaci a contare i nostri giorni<br \/>\nE acquisteremo un cuore saggio.<br \/>\nRitorna, Signore: fino a quando?<br \/>\nAbbi piet\u00e0 dei tuoi servi!<\/p>\n<p>Saziaci al mattino con il tuo amore:<br \/>\nesulteremo e gioiremo per tutti i nostri giorni.<br \/>\nSia su di noi la dolcezza del Signore, nostro Dio:<br \/>\nrendi salda per noi l\u2019opera delle nostre mani,<br \/>\nl\u2019opera delle nostre mani rendi salda.<\/p>\n<h3>Seconda lettura<\/h3>\n<p><em>Fm 1,9-10.12-17<\/em><br \/>\n<em>Accoglilo non pi\u00f9 come schiavo, ma come fratello carissimo<\/em>.<\/p>\n<p>Carissimo, ti esorto, io, Paolo, cos\u00ec come sono, vecchio, e ora anche prigioniero di Cristo Ges\u00f9. Ti prego per On\u00e8simo, figlio mio, che ho generato nelle catene. Te lo rimando, lui che mi sta tanto a cuore.<br \/>\nAvrei voluto tenerlo con me perch\u00e9 mi assistesse al posto tuo, ora che sono in catene per il Vangelo. Ma non ho voluto fare nulla senza il tuo parere, perch\u00e9 il bene che fai non sia forzato, ma volontario.<br \/>\nPer questo forse \u00e8 stato separato da te per un momento: perch\u00e9 tu lo riavessi per sempre; non pi\u00f9 per\u00f2 come schiavo, ma molto pi\u00f9 che schiavo, come fratello carissimo, in primo luogo per me, ma ancora pi\u00f9 per te, sia come uomo sia come fratello nel Signore.<br \/>\nSe dunque tu mi consideri amico, accoglilo come me stesso.<\/p>\n<h3>Canto al Vangelo<\/h3>\n<p><em>(Sal 118,135)<\/em><\/p>\n<p>Alleluia, alleluia.<br \/>\nFa\u2019 risplendere il tuo volto sul tuo servo<br \/>\ne insegnami i tuoi decreti.<br \/>\nAlleluia.<\/p>\n<h3>Vangelo<\/h3>\n<p><em>Lc 14,25-33<\/em><br \/>\n<em>Chi non rinuncia a tutti i suoi averi, non pu\u00f2 essere mio discepolo.<\/em><\/p>\n<p>In quel tempo, una folla numerosa andava con Ges\u00f9. Egli si volt\u00f2 e disse loro:<br \/>\n\u00abSe uno viene a me e non mi ama pi\u00f9 di quanto ami suo padre, la madre, la moglie, i figli, i fratelli, le sorelle e perfino la propria vita, non pu\u00f2 essere mio discepolo.<br \/>\nColui che non porta la propria croce e non viene dietro a me, non pu\u00f2 essere mio discepolo.<br \/>\nChi di voi, volendo costruire una torre, non siede prima a calcolare la spesa e a vedere se ha i mezzi per portarla a termine? Per evitare che, se getta le fondamenta e non \u00e8 in grado di finire il lavoro, tutti coloro che vedono comincino a deriderlo, dicendo: \u201cCostui ha iniziato a costruire, ma non \u00e8 stato capace di finire il lavoro\u201d.<br \/>\nOppure quale re, partendo in guerra contro un altro re, non siede prima a esaminare se pu\u00f2 affrontare con diecimila uomini chi gli viene incontro con ventimila? Se no, mentre l\u2019altro \u00e8 ancora lontano, gli manda dei messaggeri per chiedere pace.<br \/>\nCos\u00ec chiunque di voi non rinuncia a tutti i suoi averi, non pu\u00f2 essere mio discepolo\u00bb.[\/vc_column_text][\/vc_column][\/vc_row][vc_row][vc_column][vc_column_text][\/vc_column_text][\/vc_column][\/vc_row]<\/p>\n<\/div>","protected":false},"excerpt":{"rendered":"<p>[vc_row][vc_column][vc_column_text] Omelia Pubblichiamo l\u2019audio di\u00a0un\u2019omelia sulle letture di domenica 4\u00a0settembre 2016 (S. Messa del giorno). Predicatore:\u00a0p. Giorgio Maria Far\u00e9, OCD[\/vc_column_text][\/vc_column][\/vc_row][vc_row][vc_column][vc_column_text]&#8230;<\/p>\n","protected":false},"author":3,"featured_media":2181,"comment_status":"closed","ping_status":"closed","sticky":false,"template":"","format":"standard","meta":{"footnotes":""},"categories":[15],"tags":[1081,618,361,1082,56,16,17,218,1084,651,704,1083,430,350],"class_list":{"0":"post-3589","1":"post","2":"type-post","3":"status-publish","4":"format-standard","5":"has-post-thumbnail","7":"category-omelie","8":"tag-affetti-primari","9":"tag-ascesi","10":"tag-croce","11":"tag-discepolanza","12":"tag-famiglia","13":"tag-omelie","14":"tag-p-giorgio-maria-fare","15":"tag-penitenza","16":"tag-perdere-la-vita-per-gesu","17":"tag-ricatto-affettivo","18":"tag-rinuncia","19":"tag-rinunciare-alla-propria-volonta","20":"tag-sacrificio","21":"tag-volonta-di-dio"},"yoast_head":"<!-- This site is optimized with the Yoast SEO plugin v27.5 - https:\/\/yoast.com\/product\/yoast-seo-wordpress\/ -->\n<title>Mettere Ges\u00f9 davanti ad ogni altro affetto per essere suoi discepoli - Veritatemincaritate<\/title>\n<meta name=\"robots\" content=\"index, follow, max-snippet:-1, max-image-preview:large, max-video-preview:-1\" \/>\n<link rel=\"canonical\" href=\"https:\/\/www.veritatemincaritate.com\/wp\/2016\/09\/mettere-gesu-davanti-ad-ogni-altro-affetto-per-essere-suoi-discepoli\/\" \/>\n<meta property=\"og:locale\" content=\"it_IT\" \/>\n<meta property=\"og:type\" content=\"article\" \/>\n<meta property=\"og:title\" content=\"Mettere Ges\u00f9 davanti ad ogni altro affetto per essere suoi discepoli - Veritatemincaritate\" \/>\n<meta property=\"og:description\" content=\"[vc_row][vc_column][vc_column_text] Omelia Pubblichiamo l\u2019audio di\u00a0un\u2019omelia sulle letture di domenica 4\u00a0settembre 2016 (S. Messa del giorno). Predicatore:\u00a0p. Giorgio Maria Far\u00e9, OCD[\/vc_column_text][\/vc_column][\/vc_row][vc_row][vc_column][vc_column_text]...\" \/>\n<meta property=\"og:url\" content=\"https:\/\/www.veritatemincaritate.com\/wp\/2016\/09\/mettere-gesu-davanti-ad-ogni-altro-affetto-per-essere-suoi-discepoli\/\" \/>\n<meta property=\"og:site_name\" content=\"Veritatemincaritate\" \/>\n<meta property=\"article:publisher\" content=\"https:\/\/www.facebook.com\/pgiorgiomariafare\" \/>\n<meta property=\"article:published_time\" content=\"2016-09-04T14:14:52+00:00\" \/>\n<meta property=\"article:modified_time\" content=\"2016-09-04T14:32:51+00:00\" \/>\n<meta property=\"og:image\" content=\"https:\/\/www.veritatemincaritate.com\/wp\/wp-content\/uploads\/2016\/02\/PortareCroce.jpg\" \/>\n\t<meta property=\"og:image:width\" content=\"600\" \/>\n\t<meta property=\"og:image:height\" content=\"400\" \/>\n\t<meta property=\"og:image:type\" content=\"image\/jpeg\" \/>\n<meta name=\"author\" content=\"Gv1114\" \/>\n<meta name=\"twitter:card\" content=\"summary_large_image\" \/>\n<meta name=\"twitter:label1\" content=\"Scritto da\" \/>\n\t<meta name=\"twitter:data1\" content=\"Gv1114\" \/>\n\t<meta name=\"twitter:label2\" content=\"Tempo di lettura stimato\" \/>\n\t<meta name=\"twitter:data2\" content=\"4 minuti\" \/>\n<script type=\"application\/ld+json\" class=\"yoast-schema-graph\">{\"@context\":\"https:\\\/\\\/schema.org\",\"@graph\":[{\"@type\":\"Article\",\"@id\":\"https:\\\/\\\/www.veritatemincaritate.com\\\/wp\\\/2016\\\/09\\\/mettere-gesu-davanti-ad-ogni-altro-affetto-per-essere-suoi-discepoli\\\/#article\",\"isPartOf\":{\"@id\":\"https:\\\/\\\/www.veritatemincaritate.com\\\/wp\\\/2016\\\/09\\\/mettere-gesu-davanti-ad-ogni-altro-affetto-per-essere-suoi-discepoli\\\/\"},\"author\":{\"name\":\"Gv1114\",\"@id\":\"https:\\\/\\\/www.veritatemincaritate.com\\\/wp\\\/#\\\/schema\\\/person\\\/17ae821a27aada104588a1d94f526471\"},\"headline\":\"Mettere Ges\u00f9 davanti ad ogni altro affetto per essere suoi discepoli\",\"datePublished\":\"2016-09-04T14:14:52+00:00\",\"dateModified\":\"2016-09-04T14:32:51+00:00\",\"mainEntityOfPage\":{\"@id\":\"https:\\\/\\\/www.veritatemincaritate.com\\\/wp\\\/2016\\\/09\\\/mettere-gesu-davanti-ad-ogni-altro-affetto-per-essere-suoi-discepoli\\\/\"},\"wordCount\":911,\"publisher\":{\"@id\":\"https:\\\/\\\/www.veritatemincaritate.com\\\/wp\\\/#organization\"},\"image\":{\"@id\":\"https:\\\/\\\/www.veritatemincaritate.com\\\/wp\\\/2016\\\/09\\\/mettere-gesu-davanti-ad-ogni-altro-affetto-per-essere-suoi-discepoli\\\/#primaryimage\"},\"thumbnailUrl\":\"https:\\\/\\\/www.veritatemincaritate.com\\\/wp\\\/wp-content\\\/uploads\\\/2016\\\/02\\\/PortareCroce.jpg\",\"keywords\":[\"affetti primari\",\"ascesi\",\"Croce\",\"discepolanza\",\"famiglia\",\"omelie\",\"p. Giorgio Maria Far\u00e9\",\"penitenza\",\"perdere la vita per Ges\u00f9\",\"ricatto affettivo\",\"rinuncia\",\"rinunciare alla propria volont\u00e0\",\"sacrificio\",\"Volont\u00e0 di Dio\"],\"articleSection\":[\"Omelie\"],\"inLanguage\":\"it-IT\"},{\"@type\":\"WebPage\",\"@id\":\"https:\\\/\\\/www.veritatemincaritate.com\\\/wp\\\/2016\\\/09\\\/mettere-gesu-davanti-ad-ogni-altro-affetto-per-essere-suoi-discepoli\\\/\",\"url\":\"https:\\\/\\\/www.veritatemincaritate.com\\\/wp\\\/2016\\\/09\\\/mettere-gesu-davanti-ad-ogni-altro-affetto-per-essere-suoi-discepoli\\\/\",\"name\":\"Mettere Ges\u00f9 davanti ad ogni altro affetto per essere suoi discepoli - Veritatemincaritate\",\"isPartOf\":{\"@id\":\"https:\\\/\\\/www.veritatemincaritate.com\\\/wp\\\/#website\"},\"primaryImageOfPage\":{\"@id\":\"https:\\\/\\\/www.veritatemincaritate.com\\\/wp\\\/2016\\\/09\\\/mettere-gesu-davanti-ad-ogni-altro-affetto-per-essere-suoi-discepoli\\\/#primaryimage\"},\"image\":{\"@id\":\"https:\\\/\\\/www.veritatemincaritate.com\\\/wp\\\/2016\\\/09\\\/mettere-gesu-davanti-ad-ogni-altro-affetto-per-essere-suoi-discepoli\\\/#primaryimage\"},\"thumbnailUrl\":\"https:\\\/\\\/www.veritatemincaritate.com\\\/wp\\\/wp-content\\\/uploads\\\/2016\\\/02\\\/PortareCroce.jpg\",\"datePublished\":\"2016-09-04T14:14:52+00:00\",\"dateModified\":\"2016-09-04T14:32:51+00:00\",\"breadcrumb\":{\"@id\":\"https:\\\/\\\/www.veritatemincaritate.com\\\/wp\\\/2016\\\/09\\\/mettere-gesu-davanti-ad-ogni-altro-affetto-per-essere-suoi-discepoli\\\/#breadcrumb\"},\"inLanguage\":\"it-IT\",\"potentialAction\":[{\"@type\":\"ReadAction\",\"target\":[\"https:\\\/\\\/www.veritatemincaritate.com\\\/wp\\\/2016\\\/09\\\/mettere-gesu-davanti-ad-ogni-altro-affetto-per-essere-suoi-discepoli\\\/\"]}]},{\"@type\":\"ImageObject\",\"inLanguage\":\"it-IT\",\"@id\":\"https:\\\/\\\/www.veritatemincaritate.com\\\/wp\\\/2016\\\/09\\\/mettere-gesu-davanti-ad-ogni-altro-affetto-per-essere-suoi-discepoli\\\/#primaryimage\",\"url\":\"https:\\\/\\\/www.veritatemincaritate.com\\\/wp\\\/wp-content\\\/uploads\\\/2016\\\/02\\\/PortareCroce.jpg\",\"contentUrl\":\"https:\\\/\\\/www.veritatemincaritate.com\\\/wp\\\/wp-content\\\/uploads\\\/2016\\\/02\\\/PortareCroce.jpg\",\"width\":600,\"height\":400},{\"@type\":\"BreadcrumbList\",\"@id\":\"https:\\\/\\\/www.veritatemincaritate.com\\\/wp\\\/2016\\\/09\\\/mettere-gesu-davanti-ad-ogni-altro-affetto-per-essere-suoi-discepoli\\\/#breadcrumb\",\"itemListElement\":[{\"@type\":\"ListItem\",\"position\":1,\"name\":\"Home\",\"item\":\"https:\\\/\\\/www.veritatemincaritate.com\\\/wp\\\/\"},{\"@type\":\"ListItem\",\"position\":2,\"name\":\"Mettere Ges\u00f9 davanti ad ogni altro affetto per essere suoi discepoli\"}]},{\"@type\":\"WebSite\",\"@id\":\"https:\\\/\\\/www.veritatemincaritate.com\\\/wp\\\/#website\",\"url\":\"https:\\\/\\\/www.veritatemincaritate.com\\\/wp\\\/\",\"name\":\"Veritatemincaritate\",\"description\":\"Agendo secondo verit\u00e0 nella carit\u00e0, cerchiamo di crescere in ogni cosa tendendo a lui, che \u00e8 il capo, Cristo\",\"publisher\":{\"@id\":\"https:\\\/\\\/www.veritatemincaritate.com\\\/wp\\\/#organization\"},\"potentialAction\":[{\"@type\":\"SearchAction\",\"target\":{\"@type\":\"EntryPoint\",\"urlTemplate\":\"https:\\\/\\\/www.veritatemincaritate.com\\\/wp\\\/?s={search_term_string}\"},\"query-input\":{\"@type\":\"PropertyValueSpecification\",\"valueRequired\":true,\"valueName\":\"search_term_string\"}}],\"inLanguage\":\"it-IT\"},{\"@type\":\"Organization\",\"@id\":\"https:\\\/\\\/www.veritatemincaritate.com\\\/wp\\\/#organization\",\"name\":\"Veritatem facientes in Caritate\",\"url\":\"https:\\\/\\\/www.veritatemincaritate.com\\\/wp\\\/\",\"logo\":{\"@type\":\"ImageObject\",\"inLanguage\":\"it-IT\",\"@id\":\"https:\\\/\\\/www.veritatemincaritate.com\\\/wp\\\/#\\\/schema\\\/logo\\\/image\\\/\",\"url\":\"https:\\\/\\\/www.veritatemincaritate.com\\\/wp\\\/wp-content\\\/uploads\\\/2020\\\/07\\\/Logo-VIC-per-canale-Youtube.jpg\",\"contentUrl\":\"https:\\\/\\\/www.veritatemincaritate.com\\\/wp\\\/wp-content\\\/uploads\\\/2020\\\/07\\\/Logo-VIC-per-canale-Youtube.jpg\",\"width\":720,\"height\":720,\"caption\":\"Veritatem facientes in Caritate\"},\"image\":{\"@id\":\"https:\\\/\\\/www.veritatemincaritate.com\\\/wp\\\/#\\\/schema\\\/logo\\\/image\\\/\"},\"sameAs\":[\"https:\\\/\\\/www.facebook.com\\\/pgiorgiomariafare\",\"https:\\\/\\\/instagram.com\\\/padre_giorgio_maria_fare?igshid=1p8wsw6b3edkc\",\"https:\\\/\\\/www.youtube.com\\\/channel\\\/UCFqjpT1nX60rx3m_SELg3lA\"]},{\"@type\":\"Person\",\"@id\":\"https:\\\/\\\/www.veritatemincaritate.com\\\/wp\\\/#\\\/schema\\\/person\\\/17ae821a27aada104588a1d94f526471\",\"name\":\"Gv1114\",\"image\":{\"@type\":\"ImageObject\",\"inLanguage\":\"it-IT\",\"@id\":\"https:\\\/\\\/secure.gravatar.com\\\/avatar\\\/5d29baa7fbb92e99034e1d9f7a4f83926de7a8a8f450bf35d58714f1ec0a3c39?s=96&d=mm&r=g\",\"url\":\"https:\\\/\\\/secure.gravatar.com\\\/avatar\\\/5d29baa7fbb92e99034e1d9f7a4f83926de7a8a8f450bf35d58714f1ec0a3c39?s=96&d=mm&r=g\",\"contentUrl\":\"https:\\\/\\\/secure.gravatar.com\\\/avatar\\\/5d29baa7fbb92e99034e1d9f7a4f83926de7a8a8f450bf35d58714f1ec0a3c39?s=96&d=mm&r=g\",\"caption\":\"Gv1114\"}}]}<\/script>\n<!-- \/ Yoast SEO plugin. -->","yoast_head_json":{"title":"Mettere Ges\u00f9 davanti ad ogni altro affetto per essere suoi discepoli - Veritatemincaritate","robots":{"index":"index","follow":"follow","max-snippet":"max-snippet:-1","max-image-preview":"max-image-preview:large","max-video-preview":"max-video-preview:-1"},"canonical":"https:\/\/www.veritatemincaritate.com\/wp\/2016\/09\/mettere-gesu-davanti-ad-ogni-altro-affetto-per-essere-suoi-discepoli\/","og_locale":"it_IT","og_type":"article","og_title":"Mettere Ges\u00f9 davanti ad ogni altro affetto per essere suoi discepoli - Veritatemincaritate","og_description":"[vc_row][vc_column][vc_column_text] Omelia Pubblichiamo l\u2019audio di\u00a0un\u2019omelia sulle letture di domenica 4\u00a0settembre 2016 (S. Messa del giorno). Predicatore:\u00a0p. Giorgio Maria Far\u00e9, OCD[\/vc_column_text][\/vc_column][\/vc_row][vc_row][vc_column][vc_column_text]...","og_url":"https:\/\/www.veritatemincaritate.com\/wp\/2016\/09\/mettere-gesu-davanti-ad-ogni-altro-affetto-per-essere-suoi-discepoli\/","og_site_name":"Veritatemincaritate","article_publisher":"https:\/\/www.facebook.com\/pgiorgiomariafare","article_published_time":"2016-09-04T14:14:52+00:00","article_modified_time":"2016-09-04T14:32:51+00:00","og_image":[{"width":600,"height":400,"url":"https:\/\/www.veritatemincaritate.com\/wp\/wp-content\/uploads\/2016\/02\/PortareCroce.jpg","type":"image\/jpeg"}],"author":"Gv1114","twitter_card":"summary_large_image","twitter_misc":{"Scritto da":"Gv1114","Tempo di lettura stimato":"4 minuti"},"schema":{"@context":"https:\/\/schema.org","@graph":[{"@type":"Article","@id":"https:\/\/www.veritatemincaritate.com\/wp\/2016\/09\/mettere-gesu-davanti-ad-ogni-altro-affetto-per-essere-suoi-discepoli\/#article","isPartOf":{"@id":"https:\/\/www.veritatemincaritate.com\/wp\/2016\/09\/mettere-gesu-davanti-ad-ogni-altro-affetto-per-essere-suoi-discepoli\/"},"author":{"name":"Gv1114","@id":"https:\/\/www.veritatemincaritate.com\/wp\/#\/schema\/person\/17ae821a27aada104588a1d94f526471"},"headline":"Mettere Ges\u00f9 davanti ad ogni altro affetto per essere suoi discepoli","datePublished":"2016-09-04T14:14:52+00:00","dateModified":"2016-09-04T14:32:51+00:00","mainEntityOfPage":{"@id":"https:\/\/www.veritatemincaritate.com\/wp\/2016\/09\/mettere-gesu-davanti-ad-ogni-altro-affetto-per-essere-suoi-discepoli\/"},"wordCount":911,"publisher":{"@id":"https:\/\/www.veritatemincaritate.com\/wp\/#organization"},"image":{"@id":"https:\/\/www.veritatemincaritate.com\/wp\/2016\/09\/mettere-gesu-davanti-ad-ogni-altro-affetto-per-essere-suoi-discepoli\/#primaryimage"},"thumbnailUrl":"https:\/\/www.veritatemincaritate.com\/wp\/wp-content\/uploads\/2016\/02\/PortareCroce.jpg","keywords":["affetti primari","ascesi","Croce","discepolanza","famiglia","omelie","p. Giorgio Maria Far\u00e9","penitenza","perdere la vita per Ges\u00f9","ricatto affettivo","rinuncia","rinunciare alla propria volont\u00e0","sacrificio","Volont\u00e0 di Dio"],"articleSection":["Omelie"],"inLanguage":"it-IT"},{"@type":"WebPage","@id":"https:\/\/www.veritatemincaritate.com\/wp\/2016\/09\/mettere-gesu-davanti-ad-ogni-altro-affetto-per-essere-suoi-discepoli\/","url":"https:\/\/www.veritatemincaritate.com\/wp\/2016\/09\/mettere-gesu-davanti-ad-ogni-altro-affetto-per-essere-suoi-discepoli\/","name":"Mettere Ges\u00f9 davanti ad ogni altro affetto per essere suoi discepoli - Veritatemincaritate","isPartOf":{"@id":"https:\/\/www.veritatemincaritate.com\/wp\/#website"},"primaryImageOfPage":{"@id":"https:\/\/www.veritatemincaritate.com\/wp\/2016\/09\/mettere-gesu-davanti-ad-ogni-altro-affetto-per-essere-suoi-discepoli\/#primaryimage"},"image":{"@id":"https:\/\/www.veritatemincaritate.com\/wp\/2016\/09\/mettere-gesu-davanti-ad-ogni-altro-affetto-per-essere-suoi-discepoli\/#primaryimage"},"thumbnailUrl":"https:\/\/www.veritatemincaritate.com\/wp\/wp-content\/uploads\/2016\/02\/PortareCroce.jpg","datePublished":"2016-09-04T14:14:52+00:00","dateModified":"2016-09-04T14:32:51+00:00","breadcrumb":{"@id":"https:\/\/www.veritatemincaritate.com\/wp\/2016\/09\/mettere-gesu-davanti-ad-ogni-altro-affetto-per-essere-suoi-discepoli\/#breadcrumb"},"inLanguage":"it-IT","potentialAction":[{"@type":"ReadAction","target":["https:\/\/www.veritatemincaritate.com\/wp\/2016\/09\/mettere-gesu-davanti-ad-ogni-altro-affetto-per-essere-suoi-discepoli\/"]}]},{"@type":"ImageObject","inLanguage":"it-IT","@id":"https:\/\/www.veritatemincaritate.com\/wp\/2016\/09\/mettere-gesu-davanti-ad-ogni-altro-affetto-per-essere-suoi-discepoli\/#primaryimage","url":"https:\/\/www.veritatemincaritate.com\/wp\/wp-content\/uploads\/2016\/02\/PortareCroce.jpg","contentUrl":"https:\/\/www.veritatemincaritate.com\/wp\/wp-content\/uploads\/2016\/02\/PortareCroce.jpg","width":600,"height":400},{"@type":"BreadcrumbList","@id":"https:\/\/www.veritatemincaritate.com\/wp\/2016\/09\/mettere-gesu-davanti-ad-ogni-altro-affetto-per-essere-suoi-discepoli\/#breadcrumb","itemListElement":[{"@type":"ListItem","position":1,"name":"Home","item":"https:\/\/www.veritatemincaritate.com\/wp\/"},{"@type":"ListItem","position":2,"name":"Mettere Ges\u00f9 davanti ad ogni altro affetto per essere suoi discepoli"}]},{"@type":"WebSite","@id":"https:\/\/www.veritatemincaritate.com\/wp\/#website","url":"https:\/\/www.veritatemincaritate.com\/wp\/","name":"Veritatemincaritate","description":"Agendo secondo verit\u00e0 nella carit\u00e0, cerchiamo di crescere in ogni cosa tendendo a lui, che \u00e8 il capo, Cristo","publisher":{"@id":"https:\/\/www.veritatemincaritate.com\/wp\/#organization"},"potentialAction":[{"@type":"SearchAction","target":{"@type":"EntryPoint","urlTemplate":"https:\/\/www.veritatemincaritate.com\/wp\/?s={search_term_string}"},"query-input":{"@type":"PropertyValueSpecification","valueRequired":true,"valueName":"search_term_string"}}],"inLanguage":"it-IT"},{"@type":"Organization","@id":"https:\/\/www.veritatemincaritate.com\/wp\/#organization","name":"Veritatem facientes in Caritate","url":"https:\/\/www.veritatemincaritate.com\/wp\/","logo":{"@type":"ImageObject","inLanguage":"it-IT","@id":"https:\/\/www.veritatemincaritate.com\/wp\/#\/schema\/logo\/image\/","url":"https:\/\/www.veritatemincaritate.com\/wp\/wp-content\/uploads\/2020\/07\/Logo-VIC-per-canale-Youtube.jpg","contentUrl":"https:\/\/www.veritatemincaritate.com\/wp\/wp-content\/uploads\/2020\/07\/Logo-VIC-per-canale-Youtube.jpg","width":720,"height":720,"caption":"Veritatem facientes in Caritate"},"image":{"@id":"https:\/\/www.veritatemincaritate.com\/wp\/#\/schema\/logo\/image\/"},"sameAs":["https:\/\/www.facebook.com\/pgiorgiomariafare","https:\/\/instagram.com\/padre_giorgio_maria_fare?igshid=1p8wsw6b3edkc","https:\/\/www.youtube.com\/channel\/UCFqjpT1nX60rx3m_SELg3lA"]},{"@type":"Person","@id":"https:\/\/www.veritatemincaritate.com\/wp\/#\/schema\/person\/17ae821a27aada104588a1d94f526471","name":"Gv1114","image":{"@type":"ImageObject","inLanguage":"it-IT","@id":"https:\/\/secure.gravatar.com\/avatar\/5d29baa7fbb92e99034e1d9f7a4f83926de7a8a8f450bf35d58714f1ec0a3c39?s=96&d=mm&r=g","url":"https:\/\/secure.gravatar.com\/avatar\/5d29baa7fbb92e99034e1d9f7a4f83926de7a8a8f450bf35d58714f1ec0a3c39?s=96&d=mm&r=g","contentUrl":"https:\/\/secure.gravatar.com\/avatar\/5d29baa7fbb92e99034e1d9f7a4f83926de7a8a8f450bf35d58714f1ec0a3c39?s=96&d=mm&r=g","caption":"Gv1114"}}]}},"menu_order":0,"_links":{"self":[{"href":"https:\/\/www.veritatemincaritate.com\/wp\/wp-json\/wp\/v2\/posts\/3589","targetHints":{"allow":["GET"]}}],"collection":[{"href":"https:\/\/www.veritatemincaritate.com\/wp\/wp-json\/wp\/v2\/posts"}],"about":[{"href":"https:\/\/www.veritatemincaritate.com\/wp\/wp-json\/wp\/v2\/types\/post"}],"author":[{"embeddable":true,"href":"https:\/\/www.veritatemincaritate.com\/wp\/wp-json\/wp\/v2\/users\/3"}],"replies":[{"embeddable":true,"href":"https:\/\/www.veritatemincaritate.com\/wp\/wp-json\/wp\/v2\/comments?post=3589"}],"version-history":[{"count":0,"href":"https:\/\/www.veritatemincaritate.com\/wp\/wp-json\/wp\/v2\/posts\/3589\/revisions"}],"wp:featuredmedia":[{"embeddable":true,"href":"https:\/\/www.veritatemincaritate.com\/wp\/wp-json\/wp\/v2\/media\/2181"}],"wp:attachment":[{"href":"https:\/\/www.veritatemincaritate.com\/wp\/wp-json\/wp\/v2\/media?parent=3589"}],"wp:term":[{"taxonomy":"category","embeddable":true,"href":"https:\/\/www.veritatemincaritate.com\/wp\/wp-json\/wp\/v2\/categories?post=3589"},{"taxonomy":"post_tag","embeddable":true,"href":"https:\/\/www.veritatemincaritate.com\/wp\/wp-json\/wp\/v2\/tags?post=3589"}],"curies":[{"name":"wp","href":"https:\/\/api.w.org\/{rel}","templated":true}]}}