{"id":37905,"date":"2025-09-11T00:01:17","date_gmt":"2025-09-10T22:01:17","guid":{"rendered":"https:\/\/www.veritatemincaritate.com\/wp\/?p=37905"},"modified":"2025-09-08T14:16:48","modified_gmt":"2025-09-08T12:16:48","slug":"alla-scuola-di-gesu-col-3-12-17","status":"publish","type":"post","link":"https:\/\/www.veritatemincaritate.com\/wp\/2025\/09\/alla-scuola-di-gesu-col-3-12-17\/","title":{"rendered":"Alla Scuola di Ges\u00f9 &#8211; Col 3, 12-17"},"content":{"rendered":"<div class=\"wpb-content-wrapper\"><p>[vc_row][vc_column][vc_column_text css=&#8221;&#8221;]<\/p>\n<h3>Breve omelia sulla Parola di Dio del giorno<\/h3>\n<div class=\"vc_row wpb_row vc_row-fluid\">\n<div class=\"wpb_column vc_column_container vc_col-sm-12\">\n<div class=\"vc_column-inner \">\n<div class=\"wpb_wrapper\">\n<div class=\"wpb_text_column wpb_content_element \">\n<div class=\"wpb_wrapper\">\n<p>Predicatore:\u00a0p. Giorgio Maria Far\u00e9, OCD<\/p>\n<\/div>\n<\/div>\n<\/div>\n<\/div>\n<\/div>\n<\/div>\n<p>[\/vc_column_text][vc_column_text]<\/p>\n<h4>Ascolta la registrazione:<\/h4>\n<p>Per motivi di intenso traffico non ci \u00e8 possibile rendere disponibile l&#8217;ascolto dei file audio direttamente dal nostro sito. Se hai dubbi su come fare, vai alle <a href=\"http:\/\/www.veritatemincaritate.com\/chi-siamo\/istruzioni-per-lascolto-delle-registrazioni\/\" target=\"_blank\" rel=\"noopener noreferrer\">istruzioni per l&#8217;ascolto delle registrazioni<\/a>.[\/vc_column_text][\/vc_column][\/vc_row][vc_row][vc_column][vc_row_inner][vc_column_inner width=&#8221;1\/2&#8243;][vc_btn title=&#8221;Scarica il commento&#8221; color=&#8221;orange&#8221; css=&#8221;&#8221; link=&#8221;url:https%3A%2F%2Fwww.dropbox.com%2Fscl%2Ffi%2Ftsbd4rd92erd884sdy5y7%2F250911-Alla-Scuola-di-Ges-Col-3-12-17.m4a%3Frlkey%3Duif2pm1ia6h2tcbx6v12q4pof%26st%3Ds29a6nvg%26dl%3D1|target:_blank&#8221;][\/vc_column_inner][vc_column_inner width=&#8221;1\/2&#8243;][vc_btn title=&#8221;Ascolta il commento&#8221; color=&#8221;orange&#8221; css=&#8221;&#8221; link=&#8221;url:https%3A%2F%2Fwww.dropbox.com%2Fscl%2Ffi%2Ftsbd4rd92erd884sdy5y7%2F250911-Alla-Scuola-di-Ges-Col-3-12-17.m4a%3Frlkey%3Duif2pm1ia6h2tcbx6v12q4pof%26st%3Ds29a6nvg%26dl%3D0|target:_blank&#8221;][\/vc_column_inner][\/vc_row_inner][\/vc_column][\/vc_row][vc_row][vc_column][vc_empty_space][vc_separator color=&#8221;orange&#8221;][vc_column_text css=&#8221;&#8221;]<\/p>\n<h2>Brano commentato<\/h2>\n<p>[\/vc_column_text][vc_column_text css=&#8221;&#8221;]<\/p>\n<div class=\"row\">\n<div class=\"col-md-6 col-sm-12 col-xs-12 text-left\">\n<p>Prima Lettura<br \/>\n<em>Col 3, 12-17<\/em><\/p>\n<p>Fratelli, scelti da Dio, santi e amati, rivestitevi di sentimenti di tenerezza, di bont\u00e0, di umilt\u00e0, di mansuetudine, di magnanimit\u00e0, sopportandovi a vicenda e perdonandovi gli uni gli altri, se qualcuno avesse di che lamentarsi nei riguardi di un altro. Come il Signore vi ha perdonato, cos\u00ec fate anche voi.<br \/>\nMa sopra tutte queste cose rivestitevi della carit\u00e0, che le unisce in modo perfetto. E la pace di Cristo regni nei vostri cuori, perch\u00e9 ad essa siete stati chiamati in un solo corpo. E rendete grazie!<br \/>\nLa parola di Cristo abiti tra voi nella sua ricchezza. Con ogni sapienza istruitevi e ammonitevi a vicenda con salmi, inni e canti ispirati, con gratitudine, cantando a Dio nei vostri cuori. E qualunque cosa facciate, in parole e in opere, tutto avvenga nel nome del Signore Ges\u00f9, rendendo grazie per mezzo di lui a Dio Padre.<\/p>\n<p>Parola di Dio.<\/p>\n<\/div>\n<\/div>\n<p>[\/vc_column_text][\/vc_column][\/vc_row]<\/p>\n<\/div>","protected":false},"excerpt":{"rendered":"<p>[vc_row][vc_column][vc_column_text css=&#8221;&#8221;] Breve omelia sulla Parola di Dio del giorno Predicatore:\u00a0p. Giorgio Maria Far\u00e9, OCD [\/vc_column_text][vc_column_text] Ascolta la registrazione: Per&#8230;<\/p>\n","protected":false},"author":4,"featured_media":35788,"comment_status":"closed","ping_status":"closed","sticky":false,"template":"","format":"standard","meta":{"footnotes":""},"categories":[10358,15],"tags":[16,17,232],"class_list":{"0":"post-37905","1":"post","2":"type-post","3":"status-publish","4":"format-standard","5":"has-post-thumbnail","7":"category-alla-scuola-di-gesu","8":"category-omelie","9":"tag-omelie","10":"tag-p-giorgio-maria-fare","11":"tag-parola-di-dio"},"yoast_head":"<!-- This site is optimized with the Yoast SEO plugin v27.5 - https:\/\/yoast.com\/product\/yoast-seo-wordpress\/ -->\n<title>Alla Scuola di Ges\u00f9 - Col 3, 12-17 - Veritatemincaritate<\/title>\n<meta name=\"robots\" content=\"index, follow, max-snippet:-1, max-image-preview:large, max-video-preview:-1\" \/>\n<link rel=\"canonical\" href=\"https:\/\/www.veritatemincaritate.com\/wp\/2025\/09\/alla-scuola-di-gesu-col-3-12-17\/\" \/>\n<meta property=\"og:locale\" content=\"it_IT\" \/>\n<meta property=\"og:type\" content=\"article\" \/>\n<meta property=\"og:title\" content=\"Alla Scuola di Ges\u00f9 - Col 3, 12-17\" \/>\n<meta property=\"og:description\" content=\"Alla Scuola di Ges\u00f9 - Col 3, 12-17\" \/>\n<meta property=\"og:url\" content=\"https:\/\/www.veritatemincaritate.com\/wp\/2025\/09\/alla-scuola-di-gesu-col-3-12-17\/\" \/>\n<meta property=\"og:site_name\" content=\"Veritatemincaritate\" \/>\n<meta property=\"article:publisher\" content=\"https:\/\/www.facebook.com\/pgiorgiomariafare\" \/>\n<meta property=\"article:published_time\" content=\"2025-09-10T22:01:17+00:00\" \/>\n<meta property=\"og:image\" content=\"https:\/\/www.veritatemincaritate.com\/wp\/wp-content\/uploads\/2025\/01\/Immagine_omelie_ScuoladiGesu.jpg\" \/>\n\t<meta property=\"og:image:width\" content=\"1080\" \/>\n\t<meta property=\"og:image:height\" content=\"608\" \/>\n\t<meta property=\"og:image:type\" content=\"image\/jpeg\" \/>\n<meta name=\"author\" content=\"Is551011\" \/>\n<meta name=\"twitter:card\" content=\"summary_large_image\" \/>\n<meta name=\"twitter:title\" content=\"Alla Scuola di Ges\u00f9 - Col 3, 12-17\" \/>\n<meta name=\"twitter:description\" content=\"Alla Scuola di Ges\u00f9 - Col 3, 12-17\" \/>\n<meta name=\"twitter:image\" content=\"https:\/\/www.veritatemincaritate.com\/wp\/wp-content\/uploads\/2025\/01\/Immagine_omelie_ScuoladiGesu.jpg\" \/>\n<meta name=\"twitter:label1\" content=\"Scritto da\" \/>\n\t<meta name=\"twitter:data1\" content=\"Is551011\" \/>\n\t<meta name=\"twitter:label2\" content=\"Tempo di lettura stimato\" \/>\n\t<meta name=\"twitter:data2\" content=\"2 minuti\" \/>\n<script type=\"application\/ld+json\" class=\"yoast-schema-graph\">{\"@context\":\"https:\\\/\\\/schema.org\",\"@graph\":[{\"@type\":\"Article\",\"@id\":\"https:\\\/\\\/www.veritatemincaritate.com\\\/wp\\\/2025\\\/09\\\/alla-scuola-di-gesu-col-3-12-17\\\/#article\",\"isPartOf\":{\"@id\":\"https:\\\/\\\/www.veritatemincaritate.com\\\/wp\\\/2025\\\/09\\\/alla-scuola-di-gesu-col-3-12-17\\\/\"},\"author\":{\"name\":\"Is551011\",\"@id\":\"https:\\\/\\\/www.veritatemincaritate.com\\\/wp\\\/#\\\/schema\\\/person\\\/ae324896700d097ddc6db39f45894b80\"},\"headline\":\"Alla Scuola di Ges\u00f9 &#8211; Col 3, 12-17\",\"datePublished\":\"2025-09-10T22:01:17+00:00\",\"mainEntityOfPage\":{\"@id\":\"https:\\\/\\\/www.veritatemincaritate.com\\\/wp\\\/2025\\\/09\\\/alla-scuola-di-gesu-col-3-12-17\\\/\"},\"wordCount\":381,\"publisher\":{\"@id\":\"https:\\\/\\\/www.veritatemincaritate.com\\\/wp\\\/#organization\"},\"image\":{\"@id\":\"https:\\\/\\\/www.veritatemincaritate.com\\\/wp\\\/2025\\\/09\\\/alla-scuola-di-gesu-col-3-12-17\\\/#primaryimage\"},\"thumbnailUrl\":\"https:\\\/\\\/www.veritatemincaritate.com\\\/wp\\\/wp-content\\\/uploads\\\/2025\\\/01\\\/Immagine_omelie_ScuoladiGesu.jpg\",\"keywords\":[\"omelie\",\"p. Giorgio Maria Far\u00e9\",\"Parola di Dio\"],\"articleSection\":[\"Alla Scuola di Ges\u00f9\",\"Omelie\"],\"inLanguage\":\"it-IT\"},{\"@type\":\"WebPage\",\"@id\":\"https:\\\/\\\/www.veritatemincaritate.com\\\/wp\\\/2025\\\/09\\\/alla-scuola-di-gesu-col-3-12-17\\\/\",\"url\":\"https:\\\/\\\/www.veritatemincaritate.com\\\/wp\\\/2025\\\/09\\\/alla-scuola-di-gesu-col-3-12-17\\\/\",\"name\":\"Alla Scuola di Ges\u00f9 - Col 3, 12-17 - Veritatemincaritate\",\"isPartOf\":{\"@id\":\"https:\\\/\\\/www.veritatemincaritate.com\\\/wp\\\/#website\"},\"primaryImageOfPage\":{\"@id\":\"https:\\\/\\\/www.veritatemincaritate.com\\\/wp\\\/2025\\\/09\\\/alla-scuola-di-gesu-col-3-12-17\\\/#primaryimage\"},\"image\":{\"@id\":\"https:\\\/\\\/www.veritatemincaritate.com\\\/wp\\\/2025\\\/09\\\/alla-scuola-di-gesu-col-3-12-17\\\/#primaryimage\"},\"thumbnailUrl\":\"https:\\\/\\\/www.veritatemincaritate.com\\\/wp\\\/wp-content\\\/uploads\\\/2025\\\/01\\\/Immagine_omelie_ScuoladiGesu.jpg\",\"datePublished\":\"2025-09-10T22:01:17+00:00\",\"breadcrumb\":{\"@id\":\"https:\\\/\\\/www.veritatemincaritate.com\\\/wp\\\/2025\\\/09\\\/alla-scuola-di-gesu-col-3-12-17\\\/#breadcrumb\"},\"inLanguage\":\"it-IT\",\"potentialAction\":[{\"@type\":\"ReadAction\",\"target\":[\"https:\\\/\\\/www.veritatemincaritate.com\\\/wp\\\/2025\\\/09\\\/alla-scuola-di-gesu-col-3-12-17\\\/\"]}]},{\"@type\":\"ImageObject\",\"inLanguage\":\"it-IT\",\"@id\":\"https:\\\/\\\/www.veritatemincaritate.com\\\/wp\\\/2025\\\/09\\\/alla-scuola-di-gesu-col-3-12-17\\\/#primaryimage\",\"url\":\"https:\\\/\\\/www.veritatemincaritate.com\\\/wp\\\/wp-content\\\/uploads\\\/2025\\\/01\\\/Immagine_omelie_ScuoladiGesu.jpg\",\"contentUrl\":\"https:\\\/\\\/www.veritatemincaritate.com\\\/wp\\\/wp-content\\\/uploads\\\/2025\\\/01\\\/Immagine_omelie_ScuoladiGesu.jpg\",\"width\":1080,\"height\":608},{\"@type\":\"BreadcrumbList\",\"@id\":\"https:\\\/\\\/www.veritatemincaritate.com\\\/wp\\\/2025\\\/09\\\/alla-scuola-di-gesu-col-3-12-17\\\/#breadcrumb\",\"itemListElement\":[{\"@type\":\"ListItem\",\"position\":1,\"name\":\"Home\",\"item\":\"https:\\\/\\\/www.veritatemincaritate.com\\\/wp\\\/\"},{\"@type\":\"ListItem\",\"position\":2,\"name\":\"Alla Scuola di Ges\u00f9 &#8211; Col 3, 12-17\"}]},{\"@type\":\"WebSite\",\"@id\":\"https:\\\/\\\/www.veritatemincaritate.com\\\/wp\\\/#website\",\"url\":\"https:\\\/\\\/www.veritatemincaritate.com\\\/wp\\\/\",\"name\":\"Veritatemincaritate\",\"description\":\"Agendo secondo verit\u00e0 nella carit\u00e0, cerchiamo di crescere in ogni cosa tendendo a lui, che \u00e8 il capo, Cristo\",\"publisher\":{\"@id\":\"https:\\\/\\\/www.veritatemincaritate.com\\\/wp\\\/#organization\"},\"potentialAction\":[{\"@type\":\"SearchAction\",\"target\":{\"@type\":\"EntryPoint\",\"urlTemplate\":\"https:\\\/\\\/www.veritatemincaritate.com\\\/wp\\\/?s={search_term_string}\"},\"query-input\":{\"@type\":\"PropertyValueSpecification\",\"valueRequired\":true,\"valueName\":\"search_term_string\"}}],\"inLanguage\":\"it-IT\"},{\"@type\":\"Organization\",\"@id\":\"https:\\\/\\\/www.veritatemincaritate.com\\\/wp\\\/#organization\",\"name\":\"Veritatem facientes in Caritate\",\"url\":\"https:\\\/\\\/www.veritatemincaritate.com\\\/wp\\\/\",\"logo\":{\"@type\":\"ImageObject\",\"inLanguage\":\"it-IT\",\"@id\":\"https:\\\/\\\/www.veritatemincaritate.com\\\/wp\\\/#\\\/schema\\\/logo\\\/image\\\/\",\"url\":\"https:\\\/\\\/www.veritatemincaritate.com\\\/wp\\\/wp-content\\\/uploads\\\/2020\\\/07\\\/Logo-VIC-per-canale-Youtube.jpg\",\"contentUrl\":\"https:\\\/\\\/www.veritatemincaritate.com\\\/wp\\\/wp-content\\\/uploads\\\/2020\\\/07\\\/Logo-VIC-per-canale-Youtube.jpg\",\"width\":720,\"height\":720,\"caption\":\"Veritatem facientes in Caritate\"},\"image\":{\"@id\":\"https:\\\/\\\/www.veritatemincaritate.com\\\/wp\\\/#\\\/schema\\\/logo\\\/image\\\/\"},\"sameAs\":[\"https:\\\/\\\/www.facebook.com\\\/pgiorgiomariafare\",\"https:\\\/\\\/instagram.com\\\/padre_giorgio_maria_fare?igshid=1p8wsw6b3edkc\",\"https:\\\/\\\/www.youtube.com\\\/channel\\\/UCFqjpT1nX60rx3m_SELg3lA\"]},{\"@type\":\"Person\",\"@id\":\"https:\\\/\\\/www.veritatemincaritate.com\\\/wp\\\/#\\\/schema\\\/person\\\/ae324896700d097ddc6db39f45894b80\",\"name\":\"Is551011\",\"image\":{\"@type\":\"ImageObject\",\"inLanguage\":\"it-IT\",\"@id\":\"https:\\\/\\\/secure.gravatar.com\\\/avatar\\\/c031fff76d6f121d3530ae43ac8407bd6ac4d5c3c8a89c237d6990047f9a6307?s=96&d=mm&r=g\",\"url\":\"https:\\\/\\\/secure.gravatar.com\\\/avatar\\\/c031fff76d6f121d3530ae43ac8407bd6ac4d5c3c8a89c237d6990047f9a6307?s=96&d=mm&r=g\",\"contentUrl\":\"https:\\\/\\\/secure.gravatar.com\\\/avatar\\\/c031fff76d6f121d3530ae43ac8407bd6ac4d5c3c8a89c237d6990047f9a6307?s=96&d=mm&r=g\",\"caption\":\"Is551011\"}}]}<\/script>\n<!-- \/ Yoast SEO plugin. -->","yoast_head_json":{"title":"Alla Scuola di Ges\u00f9 - Col 3, 12-17 - Veritatemincaritate","robots":{"index":"index","follow":"follow","max-snippet":"max-snippet:-1","max-image-preview":"max-image-preview:large","max-video-preview":"max-video-preview:-1"},"canonical":"https:\/\/www.veritatemincaritate.com\/wp\/2025\/09\/alla-scuola-di-gesu-col-3-12-17\/","og_locale":"it_IT","og_type":"article","og_title":"Alla Scuola di Ges\u00f9 - Col 3, 12-17","og_description":"Alla Scuola di Ges\u00f9 - Col 3, 12-17","og_url":"https:\/\/www.veritatemincaritate.com\/wp\/2025\/09\/alla-scuola-di-gesu-col-3-12-17\/","og_site_name":"Veritatemincaritate","article_publisher":"https:\/\/www.facebook.com\/pgiorgiomariafare","article_published_time":"2025-09-10T22:01:17+00:00","og_image":[{"width":1080,"height":608,"url":"https:\/\/www.veritatemincaritate.com\/wp\/wp-content\/uploads\/2025\/01\/Immagine_omelie_ScuoladiGesu.jpg","type":"image\/jpeg"}],"author":"Is551011","twitter_card":"summary_large_image","twitter_title":"Alla Scuola di Ges\u00f9 - Col 3, 12-17","twitter_description":"Alla Scuola di Ges\u00f9 - Col 3, 12-17","twitter_image":"https:\/\/www.veritatemincaritate.com\/wp\/wp-content\/uploads\/2025\/01\/Immagine_omelie_ScuoladiGesu.jpg","twitter_misc":{"Scritto da":"Is551011","Tempo di lettura stimato":"2 minuti"},"schema":{"@context":"https:\/\/schema.org","@graph":[{"@type":"Article","@id":"https:\/\/www.veritatemincaritate.com\/wp\/2025\/09\/alla-scuola-di-gesu-col-3-12-17\/#article","isPartOf":{"@id":"https:\/\/www.veritatemincaritate.com\/wp\/2025\/09\/alla-scuola-di-gesu-col-3-12-17\/"},"author":{"name":"Is551011","@id":"https:\/\/www.veritatemincaritate.com\/wp\/#\/schema\/person\/ae324896700d097ddc6db39f45894b80"},"headline":"Alla Scuola di Ges\u00f9 &#8211; Col 3, 12-17","datePublished":"2025-09-10T22:01:17+00:00","mainEntityOfPage":{"@id":"https:\/\/www.veritatemincaritate.com\/wp\/2025\/09\/alla-scuola-di-gesu-col-3-12-17\/"},"wordCount":381,"publisher":{"@id":"https:\/\/www.veritatemincaritate.com\/wp\/#organization"},"image":{"@id":"https:\/\/www.veritatemincaritate.com\/wp\/2025\/09\/alla-scuola-di-gesu-col-3-12-17\/#primaryimage"},"thumbnailUrl":"https:\/\/www.veritatemincaritate.com\/wp\/wp-content\/uploads\/2025\/01\/Immagine_omelie_ScuoladiGesu.jpg","keywords":["omelie","p. Giorgio Maria Far\u00e9","Parola di Dio"],"articleSection":["Alla Scuola di Ges\u00f9","Omelie"],"inLanguage":"it-IT"},{"@type":"WebPage","@id":"https:\/\/www.veritatemincaritate.com\/wp\/2025\/09\/alla-scuola-di-gesu-col-3-12-17\/","url":"https:\/\/www.veritatemincaritate.com\/wp\/2025\/09\/alla-scuola-di-gesu-col-3-12-17\/","name":"Alla Scuola di Ges\u00f9 - Col 3, 12-17 - Veritatemincaritate","isPartOf":{"@id":"https:\/\/www.veritatemincaritate.com\/wp\/#website"},"primaryImageOfPage":{"@id":"https:\/\/www.veritatemincaritate.com\/wp\/2025\/09\/alla-scuola-di-gesu-col-3-12-17\/#primaryimage"},"image":{"@id":"https:\/\/www.veritatemincaritate.com\/wp\/2025\/09\/alla-scuola-di-gesu-col-3-12-17\/#primaryimage"},"thumbnailUrl":"https:\/\/www.veritatemincaritate.com\/wp\/wp-content\/uploads\/2025\/01\/Immagine_omelie_ScuoladiGesu.jpg","datePublished":"2025-09-10T22:01:17+00:00","breadcrumb":{"@id":"https:\/\/www.veritatemincaritate.com\/wp\/2025\/09\/alla-scuola-di-gesu-col-3-12-17\/#breadcrumb"},"inLanguage":"it-IT","potentialAction":[{"@type":"ReadAction","target":["https:\/\/www.veritatemincaritate.com\/wp\/2025\/09\/alla-scuola-di-gesu-col-3-12-17\/"]}]},{"@type":"ImageObject","inLanguage":"it-IT","@id":"https:\/\/www.veritatemincaritate.com\/wp\/2025\/09\/alla-scuola-di-gesu-col-3-12-17\/#primaryimage","url":"https:\/\/www.veritatemincaritate.com\/wp\/wp-content\/uploads\/2025\/01\/Immagine_omelie_ScuoladiGesu.jpg","contentUrl":"https:\/\/www.veritatemincaritate.com\/wp\/wp-content\/uploads\/2025\/01\/Immagine_omelie_ScuoladiGesu.jpg","width":1080,"height":608},{"@type":"BreadcrumbList","@id":"https:\/\/www.veritatemincaritate.com\/wp\/2025\/09\/alla-scuola-di-gesu-col-3-12-17\/#breadcrumb","itemListElement":[{"@type":"ListItem","position":1,"name":"Home","item":"https:\/\/www.veritatemincaritate.com\/wp\/"},{"@type":"ListItem","position":2,"name":"Alla Scuola di Ges\u00f9 &#8211; Col 3, 12-17"}]},{"@type":"WebSite","@id":"https:\/\/www.veritatemincaritate.com\/wp\/#website","url":"https:\/\/www.veritatemincaritate.com\/wp\/","name":"Veritatemincaritate","description":"Agendo secondo verit\u00e0 nella carit\u00e0, cerchiamo di crescere in ogni cosa tendendo a lui, che \u00e8 il capo, Cristo","publisher":{"@id":"https:\/\/www.veritatemincaritate.com\/wp\/#organization"},"potentialAction":[{"@type":"SearchAction","target":{"@type":"EntryPoint","urlTemplate":"https:\/\/www.veritatemincaritate.com\/wp\/?s={search_term_string}"},"query-input":{"@type":"PropertyValueSpecification","valueRequired":true,"valueName":"search_term_string"}}],"inLanguage":"it-IT"},{"@type":"Organization","@id":"https:\/\/www.veritatemincaritate.com\/wp\/#organization","name":"Veritatem facientes in Caritate","url":"https:\/\/www.veritatemincaritate.com\/wp\/","logo":{"@type":"ImageObject","inLanguage":"it-IT","@id":"https:\/\/www.veritatemincaritate.com\/wp\/#\/schema\/logo\/image\/","url":"https:\/\/www.veritatemincaritate.com\/wp\/wp-content\/uploads\/2020\/07\/Logo-VIC-per-canale-Youtube.jpg","contentUrl":"https:\/\/www.veritatemincaritate.com\/wp\/wp-content\/uploads\/2020\/07\/Logo-VIC-per-canale-Youtube.jpg","width":720,"height":720,"caption":"Veritatem facientes in Caritate"},"image":{"@id":"https:\/\/www.veritatemincaritate.com\/wp\/#\/schema\/logo\/image\/"},"sameAs":["https:\/\/www.facebook.com\/pgiorgiomariafare","https:\/\/instagram.com\/padre_giorgio_maria_fare?igshid=1p8wsw6b3edkc","https:\/\/www.youtube.com\/channel\/UCFqjpT1nX60rx3m_SELg3lA"]},{"@type":"Person","@id":"https:\/\/www.veritatemincaritate.com\/wp\/#\/schema\/person\/ae324896700d097ddc6db39f45894b80","name":"Is551011","image":{"@type":"ImageObject","inLanguage":"it-IT","@id":"https:\/\/secure.gravatar.com\/avatar\/c031fff76d6f121d3530ae43ac8407bd6ac4d5c3c8a89c237d6990047f9a6307?s=96&d=mm&r=g","url":"https:\/\/secure.gravatar.com\/avatar\/c031fff76d6f121d3530ae43ac8407bd6ac4d5c3c8a89c237d6990047f9a6307?s=96&d=mm&r=g","contentUrl":"https:\/\/secure.gravatar.com\/avatar\/c031fff76d6f121d3530ae43ac8407bd6ac4d5c3c8a89c237d6990047f9a6307?s=96&d=mm&r=g","caption":"Is551011"}}]}},"menu_order":0,"_links":{"self":[{"href":"https:\/\/www.veritatemincaritate.com\/wp\/wp-json\/wp\/v2\/posts\/37905","targetHints":{"allow":["GET"]}}],"collection":[{"href":"https:\/\/www.veritatemincaritate.com\/wp\/wp-json\/wp\/v2\/posts"}],"about":[{"href":"https:\/\/www.veritatemincaritate.com\/wp\/wp-json\/wp\/v2\/types\/post"}],"author":[{"embeddable":true,"href":"https:\/\/www.veritatemincaritate.com\/wp\/wp-json\/wp\/v2\/users\/4"}],"replies":[{"embeddable":true,"href":"https:\/\/www.veritatemincaritate.com\/wp\/wp-json\/wp\/v2\/comments?post=37905"}],"version-history":[{"count":0,"href":"https:\/\/www.veritatemincaritate.com\/wp\/wp-json\/wp\/v2\/posts\/37905\/revisions"}],"wp:featuredmedia":[{"embeddable":true,"href":"https:\/\/www.veritatemincaritate.com\/wp\/wp-json\/wp\/v2\/media\/35788"}],"wp:attachment":[{"href":"https:\/\/www.veritatemincaritate.com\/wp\/wp-json\/wp\/v2\/media?parent=37905"}],"wp:term":[{"taxonomy":"category","embeddable":true,"href":"https:\/\/www.veritatemincaritate.com\/wp\/wp-json\/wp\/v2\/categories?post=37905"},{"taxonomy":"post_tag","embeddable":true,"href":"https:\/\/www.veritatemincaritate.com\/wp\/wp-json\/wp\/v2\/tags?post=37905"}],"curies":[{"name":"wp","href":"https:\/\/api.w.org\/{rel}","templated":true}]}}