{"id":38158,"date":"2025-10-22T00:01:50","date_gmt":"2025-10-21T22:01:50","guid":{"rendered":"https:\/\/www.veritatemincaritate.com\/wp\/?p=38158"},"modified":"2025-10-11T10:03:47","modified_gmt":"2025-10-11T08:03:47","slug":"alla-scuola-di-gesu-lc-12-39-48","status":"publish","type":"post","link":"https:\/\/www.veritatemincaritate.com\/wp\/2025\/10\/alla-scuola-di-gesu-lc-12-39-48\/","title":{"rendered":"Alla Scuola di Ges\u00f9 &#8211; Lc 12, 39-48"},"content":{"rendered":"<div class=\"wpb-content-wrapper\"><p>[vc_row][vc_column][vc_column_text css=&#8221;&#8221;]<\/p>\n<h3>Breve omelia sulla Parola di Dio del giorno<\/h3>\n<div class=\"vc_row wpb_row vc_row-fluid\">\n<div class=\"wpb_column vc_column_container vc_col-sm-12\">\n<div class=\"vc_column-inner \">\n<div class=\"wpb_wrapper\">\n<div class=\"wpb_text_column wpb_content_element \">\n<div class=\"wpb_wrapper\">\n<p>Predicatore:\u00a0p. Giorgio Maria Far\u00e9, OCD<\/p>\n<\/div>\n<\/div>\n<\/div>\n<\/div>\n<\/div>\n<\/div>\n<p>[\/vc_column_text][vc_column_text]<\/p>\n<h4>Ascolta la registrazione:<\/h4>\n<p>Per motivi di intenso traffico non ci \u00e8 possibile rendere disponibile l&#8217;ascolto dei file audio direttamente dal nostro sito. Se hai dubbi su come fare, vai alle <a href=\"http:\/\/www.veritatemincaritate.com\/chi-siamo\/istruzioni-per-lascolto-delle-registrazioni\/\" target=\"_blank\" rel=\"noopener noreferrer\">istruzioni per l&#8217;ascolto delle registrazioni<\/a>.[\/vc_column_text][\/vc_column][\/vc_row][vc_row][vc_column][vc_row_inner][vc_column_inner width=&#8221;1\/2&#8243;][vc_btn title=&#8221;Scarica il commento&#8221; color=&#8221;orange&#8221; css=&#8221;&#8221; link=&#8221;url:https%3A%2F%2Fwww.dropbox.com%2Fscl%2Ffi%2Fjlw27hbdpk85jx16xxbcz%2F251022-Alla-Scuola-di-Ges-Lc-12-39-48.m4a%3Frlkey%3D6jtq4jgo9jmhlh1ic17lwbts9%26st%3D5bh0c147%26dl%3D1|target:_blank&#8221;][\/vc_column_inner][vc_column_inner width=&#8221;1\/2&#8243;][vc_btn title=&#8221;Ascolta il commento&#8221; color=&#8221;orange&#8221; css=&#8221;&#8221; link=&#8221;url:https%3A%2F%2Fwww.dropbox.com%2Fscl%2Ffi%2Fjlw27hbdpk85jx16xxbcz%2F251022-Alla-Scuola-di-Ges-Lc-12-39-48.m4a%3Frlkey%3D6jtq4jgo9jmhlh1ic17lwbts9%26st%3D5bh0c147%26dl%3D0|target:_blank&#8221;][\/vc_column_inner][\/vc_row_inner][\/vc_column][\/vc_row][vc_row][vc_column][vc_empty_space][vc_separator color=&#8221;orange&#8221;][vc_column_text css=&#8221;&#8221;]<\/p>\n<h2>Brano commentato<\/h2>\n<p>[\/vc_column_text][vc_column_text css=&#8221;&#8221;]<\/p>\n<div class=\"row\">\n<div class=\"col-md-6 col-sm-12 col-xs-12 text-left\">\n<p>Vangelo<br \/>\n<em>Lc 12, 39-48<\/em><\/p>\n<p>In quel tempo, Ges\u00f9 disse ai suoi discepoli: \u00abCercate di capire questo: se il padrone di casa sapesse a quale ora viene il ladro, non si lascerebbe scassinare la casa. Anche voi tenetevi pronti perch\u00e9, nell&#8217;ora che non immaginate, viene il Figlio dell&#8217;uomo\u00bb.<br \/>\nAllora Pietro disse: \u00abSignore, questa parabola la dici per noi o anche per tutti?\u00bb.<br \/>\nIl Signore rispose: \u00abChi \u00e8 dunque l&#8217;amministratore fidato e prudente, che il padrone metter\u00e0 a capo della sua servit\u00f9 per dare la razione di cibo a tempo debito? Beato quel servo che il padrone, arrivando, trover\u00e0 ad agire cos\u00ec. Davvero io vi dico che lo metter\u00e0 a capo di tutti i suoi averi.<br \/>\nMa se quel servo dicesse in cuor suo: &#8220;Il mio padrone tarda a venire&#8221;, e cominciasse a percuotere i servi e le serve, a mangiare, a bere e a ubriacarsi, il padrone di quel servo arriver\u00e0 un giorno in cui non se l&#8217;aspetta e a un&#8217;ora che non sa, lo punir\u00e0 severamente e gli infligger\u00e0 la sorte che meritano gli infedeli.<br \/>\nIl servo che, conoscendo la volont\u00e0 del padrone, non avr\u00e0 disposto o agito secondo la sua volont\u00e0, ricever\u00e0 molte percosse; quello invece che, non conoscendola, avr\u00e0 fatto cose meritevoli di percosse, ne ricever\u00e0 poche.<br \/>\nA chiunque fu dato molto, molto sar\u00e0 chiesto; a chi fu affidato molto, sar\u00e0 richiesto molto di pi\u00f9\u00bb.<\/p>\n<p>Parola del Signore.<\/p>\n<\/div>\n<\/div>\n<p>[\/vc_column_text][\/vc_column][\/vc_row]<\/p>\n<\/div>","protected":false},"excerpt":{"rendered":"<p>[vc_row][vc_column][vc_column_text css=&#8221;&#8221;] Breve omelia sulla Parola di Dio del giorno Predicatore:\u00a0p. Giorgio Maria Far\u00e9, OCD [\/vc_column_text][vc_column_text] Ascolta la registrazione: Per&#8230;<\/p>\n","protected":false},"author":4,"featured_media":35788,"comment_status":"closed","ping_status":"closed","sticky":false,"template":"","format":"standard","meta":{"footnotes":""},"categories":[10358,15],"tags":[16,17,232],"class_list":{"0":"post-38158","1":"post","2":"type-post","3":"status-publish","4":"format-standard","5":"has-post-thumbnail","7":"category-alla-scuola-di-gesu","8":"category-omelie","9":"tag-omelie","10":"tag-p-giorgio-maria-fare","11":"tag-parola-di-dio"},"yoast_head":"<!-- This site is optimized with the Yoast SEO plugin v27.5 - https:\/\/yoast.com\/product\/yoast-seo-wordpress\/ -->\n<title>Alla Scuola di Ges\u00f9 - Lc 12, 39-48 - Veritatemincaritate<\/title>\n<meta name=\"robots\" content=\"index, follow, max-snippet:-1, max-image-preview:large, max-video-preview:-1\" \/>\n<link rel=\"canonical\" href=\"https:\/\/www.veritatemincaritate.com\/wp\/2025\/10\/alla-scuola-di-gesu-lc-12-39-48\/\" \/>\n<meta property=\"og:locale\" content=\"it_IT\" \/>\n<meta property=\"og:type\" content=\"article\" \/>\n<meta property=\"og:title\" content=\"Alla Scuola di Ges\u00f9 - Lc 12, 39-48\" \/>\n<meta property=\"og:description\" content=\"Alla Scuola di Ges\u00f9 - Lc 12, 39-48\" \/>\n<meta property=\"og:url\" content=\"https:\/\/www.veritatemincaritate.com\/wp\/2025\/10\/alla-scuola-di-gesu-lc-12-39-48\/\" \/>\n<meta property=\"og:site_name\" content=\"Veritatemincaritate\" \/>\n<meta property=\"article:publisher\" content=\"https:\/\/www.facebook.com\/pgiorgiomariafare\" \/>\n<meta property=\"article:published_time\" content=\"2025-10-21T22:01:50+00:00\" \/>\n<meta property=\"og:image\" content=\"https:\/\/www.veritatemincaritate.com\/wp\/wp-content\/uploads\/2025\/01\/Immagine_omelie_ScuoladiGesu.jpg\" \/>\n\t<meta property=\"og:image:width\" content=\"1080\" \/>\n\t<meta property=\"og:image:height\" content=\"608\" \/>\n\t<meta property=\"og:image:type\" content=\"image\/jpeg\" \/>\n<meta name=\"author\" content=\"Is551011\" \/>\n<meta name=\"twitter:card\" content=\"summary_large_image\" \/>\n<meta name=\"twitter:title\" content=\"Alla Scuola di Ges\u00f9 - Lc 12, 39-48\" \/>\n<meta name=\"twitter:description\" content=\"Alla Scuola di Ges\u00f9 - Lc 12, 39-48\" \/>\n<meta name=\"twitter:image\" content=\"https:\/\/www.veritatemincaritate.com\/wp\/wp-content\/uploads\/2025\/01\/Immagine_omelie_ScuoladiGesu.jpg\" \/>\n<meta name=\"twitter:label1\" content=\"Scritto da\" \/>\n\t<meta name=\"twitter:data1\" content=\"Is551011\" \/>\n\t<meta name=\"twitter:label2\" content=\"Tempo di lettura stimato\" \/>\n\t<meta name=\"twitter:data2\" content=\"2 minuti\" \/>\n<script type=\"application\/ld+json\" class=\"yoast-schema-graph\">{\"@context\":\"https:\\\/\\\/schema.org\",\"@graph\":[{\"@type\":\"Article\",\"@id\":\"https:\\\/\\\/www.veritatemincaritate.com\\\/wp\\\/2025\\\/10\\\/alla-scuola-di-gesu-lc-12-39-48\\\/#article\",\"isPartOf\":{\"@id\":\"https:\\\/\\\/www.veritatemincaritate.com\\\/wp\\\/2025\\\/10\\\/alla-scuola-di-gesu-lc-12-39-48\\\/\"},\"author\":{\"name\":\"Is551011\",\"@id\":\"https:\\\/\\\/www.veritatemincaritate.com\\\/wp\\\/#\\\/schema\\\/person\\\/ae324896700d097ddc6db39f45894b80\"},\"headline\":\"Alla Scuola di Ges\u00f9 &#8211; Lc 12, 39-48\",\"datePublished\":\"2025-10-21T22:01:50+00:00\",\"mainEntityOfPage\":{\"@id\":\"https:\\\/\\\/www.veritatemincaritate.com\\\/wp\\\/2025\\\/10\\\/alla-scuola-di-gesu-lc-12-39-48\\\/\"},\"wordCount\":458,\"publisher\":{\"@id\":\"https:\\\/\\\/www.veritatemincaritate.com\\\/wp\\\/#organization\"},\"image\":{\"@id\":\"https:\\\/\\\/www.veritatemincaritate.com\\\/wp\\\/2025\\\/10\\\/alla-scuola-di-gesu-lc-12-39-48\\\/#primaryimage\"},\"thumbnailUrl\":\"https:\\\/\\\/www.veritatemincaritate.com\\\/wp\\\/wp-content\\\/uploads\\\/2025\\\/01\\\/Immagine_omelie_ScuoladiGesu.jpg\",\"keywords\":[\"omelie\",\"p. Giorgio Maria Far\u00e9\",\"Parola di Dio\"],\"articleSection\":[\"Alla Scuola di Ges\u00f9\",\"Omelie\"],\"inLanguage\":\"it-IT\"},{\"@type\":\"WebPage\",\"@id\":\"https:\\\/\\\/www.veritatemincaritate.com\\\/wp\\\/2025\\\/10\\\/alla-scuola-di-gesu-lc-12-39-48\\\/\",\"url\":\"https:\\\/\\\/www.veritatemincaritate.com\\\/wp\\\/2025\\\/10\\\/alla-scuola-di-gesu-lc-12-39-48\\\/\",\"name\":\"Alla Scuola di Ges\u00f9 - Lc 12, 39-48 - Veritatemincaritate\",\"isPartOf\":{\"@id\":\"https:\\\/\\\/www.veritatemincaritate.com\\\/wp\\\/#website\"},\"primaryImageOfPage\":{\"@id\":\"https:\\\/\\\/www.veritatemincaritate.com\\\/wp\\\/2025\\\/10\\\/alla-scuola-di-gesu-lc-12-39-48\\\/#primaryimage\"},\"image\":{\"@id\":\"https:\\\/\\\/www.veritatemincaritate.com\\\/wp\\\/2025\\\/10\\\/alla-scuola-di-gesu-lc-12-39-48\\\/#primaryimage\"},\"thumbnailUrl\":\"https:\\\/\\\/www.veritatemincaritate.com\\\/wp\\\/wp-content\\\/uploads\\\/2025\\\/01\\\/Immagine_omelie_ScuoladiGesu.jpg\",\"datePublished\":\"2025-10-21T22:01:50+00:00\",\"breadcrumb\":{\"@id\":\"https:\\\/\\\/www.veritatemincaritate.com\\\/wp\\\/2025\\\/10\\\/alla-scuola-di-gesu-lc-12-39-48\\\/#breadcrumb\"},\"inLanguage\":\"it-IT\",\"potentialAction\":[{\"@type\":\"ReadAction\",\"target\":[\"https:\\\/\\\/www.veritatemincaritate.com\\\/wp\\\/2025\\\/10\\\/alla-scuola-di-gesu-lc-12-39-48\\\/\"]}]},{\"@type\":\"ImageObject\",\"inLanguage\":\"it-IT\",\"@id\":\"https:\\\/\\\/www.veritatemincaritate.com\\\/wp\\\/2025\\\/10\\\/alla-scuola-di-gesu-lc-12-39-48\\\/#primaryimage\",\"url\":\"https:\\\/\\\/www.veritatemincaritate.com\\\/wp\\\/wp-content\\\/uploads\\\/2025\\\/01\\\/Immagine_omelie_ScuoladiGesu.jpg\",\"contentUrl\":\"https:\\\/\\\/www.veritatemincaritate.com\\\/wp\\\/wp-content\\\/uploads\\\/2025\\\/01\\\/Immagine_omelie_ScuoladiGesu.jpg\",\"width\":1080,\"height\":608},{\"@type\":\"BreadcrumbList\",\"@id\":\"https:\\\/\\\/www.veritatemincaritate.com\\\/wp\\\/2025\\\/10\\\/alla-scuola-di-gesu-lc-12-39-48\\\/#breadcrumb\",\"itemListElement\":[{\"@type\":\"ListItem\",\"position\":1,\"name\":\"Home\",\"item\":\"https:\\\/\\\/www.veritatemincaritate.com\\\/wp\\\/\"},{\"@type\":\"ListItem\",\"position\":2,\"name\":\"Alla Scuola di Ges\u00f9 &#8211; Lc 12, 39-48\"}]},{\"@type\":\"WebSite\",\"@id\":\"https:\\\/\\\/www.veritatemincaritate.com\\\/wp\\\/#website\",\"url\":\"https:\\\/\\\/www.veritatemincaritate.com\\\/wp\\\/\",\"name\":\"Veritatemincaritate\",\"description\":\"Agendo secondo verit\u00e0 nella carit\u00e0, cerchiamo di crescere in ogni cosa tendendo a lui, che \u00e8 il capo, Cristo\",\"publisher\":{\"@id\":\"https:\\\/\\\/www.veritatemincaritate.com\\\/wp\\\/#organization\"},\"potentialAction\":[{\"@type\":\"SearchAction\",\"target\":{\"@type\":\"EntryPoint\",\"urlTemplate\":\"https:\\\/\\\/www.veritatemincaritate.com\\\/wp\\\/?s={search_term_string}\"},\"query-input\":{\"@type\":\"PropertyValueSpecification\",\"valueRequired\":true,\"valueName\":\"search_term_string\"}}],\"inLanguage\":\"it-IT\"},{\"@type\":\"Organization\",\"@id\":\"https:\\\/\\\/www.veritatemincaritate.com\\\/wp\\\/#organization\",\"name\":\"Veritatem facientes in Caritate\",\"url\":\"https:\\\/\\\/www.veritatemincaritate.com\\\/wp\\\/\",\"logo\":{\"@type\":\"ImageObject\",\"inLanguage\":\"it-IT\",\"@id\":\"https:\\\/\\\/www.veritatemincaritate.com\\\/wp\\\/#\\\/schema\\\/logo\\\/image\\\/\",\"url\":\"https:\\\/\\\/www.veritatemincaritate.com\\\/wp\\\/wp-content\\\/uploads\\\/2020\\\/07\\\/Logo-VIC-per-canale-Youtube.jpg\",\"contentUrl\":\"https:\\\/\\\/www.veritatemincaritate.com\\\/wp\\\/wp-content\\\/uploads\\\/2020\\\/07\\\/Logo-VIC-per-canale-Youtube.jpg\",\"width\":720,\"height\":720,\"caption\":\"Veritatem facientes in Caritate\"},\"image\":{\"@id\":\"https:\\\/\\\/www.veritatemincaritate.com\\\/wp\\\/#\\\/schema\\\/logo\\\/image\\\/\"},\"sameAs\":[\"https:\\\/\\\/www.facebook.com\\\/pgiorgiomariafare\",\"https:\\\/\\\/instagram.com\\\/padre_giorgio_maria_fare?igshid=1p8wsw6b3edkc\",\"https:\\\/\\\/www.youtube.com\\\/channel\\\/UCFqjpT1nX60rx3m_SELg3lA\"]},{\"@type\":\"Person\",\"@id\":\"https:\\\/\\\/www.veritatemincaritate.com\\\/wp\\\/#\\\/schema\\\/person\\\/ae324896700d097ddc6db39f45894b80\",\"name\":\"Is551011\",\"image\":{\"@type\":\"ImageObject\",\"inLanguage\":\"it-IT\",\"@id\":\"https:\\\/\\\/secure.gravatar.com\\\/avatar\\\/c031fff76d6f121d3530ae43ac8407bd6ac4d5c3c8a89c237d6990047f9a6307?s=96&d=mm&r=g\",\"url\":\"https:\\\/\\\/secure.gravatar.com\\\/avatar\\\/c031fff76d6f121d3530ae43ac8407bd6ac4d5c3c8a89c237d6990047f9a6307?s=96&d=mm&r=g\",\"contentUrl\":\"https:\\\/\\\/secure.gravatar.com\\\/avatar\\\/c031fff76d6f121d3530ae43ac8407bd6ac4d5c3c8a89c237d6990047f9a6307?s=96&d=mm&r=g\",\"caption\":\"Is551011\"}}]}<\/script>\n<!-- \/ Yoast SEO plugin. -->","yoast_head_json":{"title":"Alla Scuola di Ges\u00f9 - Lc 12, 39-48 - Veritatemincaritate","robots":{"index":"index","follow":"follow","max-snippet":"max-snippet:-1","max-image-preview":"max-image-preview:large","max-video-preview":"max-video-preview:-1"},"canonical":"https:\/\/www.veritatemincaritate.com\/wp\/2025\/10\/alla-scuola-di-gesu-lc-12-39-48\/","og_locale":"it_IT","og_type":"article","og_title":"Alla Scuola di Ges\u00f9 - Lc 12, 39-48","og_description":"Alla Scuola di Ges\u00f9 - Lc 12, 39-48","og_url":"https:\/\/www.veritatemincaritate.com\/wp\/2025\/10\/alla-scuola-di-gesu-lc-12-39-48\/","og_site_name":"Veritatemincaritate","article_publisher":"https:\/\/www.facebook.com\/pgiorgiomariafare","article_published_time":"2025-10-21T22:01:50+00:00","og_image":[{"width":1080,"height":608,"url":"https:\/\/www.veritatemincaritate.com\/wp\/wp-content\/uploads\/2025\/01\/Immagine_omelie_ScuoladiGesu.jpg","type":"image\/jpeg"}],"author":"Is551011","twitter_card":"summary_large_image","twitter_title":"Alla Scuola di Ges\u00f9 - Lc 12, 39-48","twitter_description":"Alla Scuola di Ges\u00f9 - Lc 12, 39-48","twitter_image":"https:\/\/www.veritatemincaritate.com\/wp\/wp-content\/uploads\/2025\/01\/Immagine_omelie_ScuoladiGesu.jpg","twitter_misc":{"Scritto da":"Is551011","Tempo di lettura stimato":"2 minuti"},"schema":{"@context":"https:\/\/schema.org","@graph":[{"@type":"Article","@id":"https:\/\/www.veritatemincaritate.com\/wp\/2025\/10\/alla-scuola-di-gesu-lc-12-39-48\/#article","isPartOf":{"@id":"https:\/\/www.veritatemincaritate.com\/wp\/2025\/10\/alla-scuola-di-gesu-lc-12-39-48\/"},"author":{"name":"Is551011","@id":"https:\/\/www.veritatemincaritate.com\/wp\/#\/schema\/person\/ae324896700d097ddc6db39f45894b80"},"headline":"Alla Scuola di Ges\u00f9 &#8211; Lc 12, 39-48","datePublished":"2025-10-21T22:01:50+00:00","mainEntityOfPage":{"@id":"https:\/\/www.veritatemincaritate.com\/wp\/2025\/10\/alla-scuola-di-gesu-lc-12-39-48\/"},"wordCount":458,"publisher":{"@id":"https:\/\/www.veritatemincaritate.com\/wp\/#organization"},"image":{"@id":"https:\/\/www.veritatemincaritate.com\/wp\/2025\/10\/alla-scuola-di-gesu-lc-12-39-48\/#primaryimage"},"thumbnailUrl":"https:\/\/www.veritatemincaritate.com\/wp\/wp-content\/uploads\/2025\/01\/Immagine_omelie_ScuoladiGesu.jpg","keywords":["omelie","p. Giorgio Maria Far\u00e9","Parola di Dio"],"articleSection":["Alla Scuola di Ges\u00f9","Omelie"],"inLanguage":"it-IT"},{"@type":"WebPage","@id":"https:\/\/www.veritatemincaritate.com\/wp\/2025\/10\/alla-scuola-di-gesu-lc-12-39-48\/","url":"https:\/\/www.veritatemincaritate.com\/wp\/2025\/10\/alla-scuola-di-gesu-lc-12-39-48\/","name":"Alla Scuola di Ges\u00f9 - Lc 12, 39-48 - Veritatemincaritate","isPartOf":{"@id":"https:\/\/www.veritatemincaritate.com\/wp\/#website"},"primaryImageOfPage":{"@id":"https:\/\/www.veritatemincaritate.com\/wp\/2025\/10\/alla-scuola-di-gesu-lc-12-39-48\/#primaryimage"},"image":{"@id":"https:\/\/www.veritatemincaritate.com\/wp\/2025\/10\/alla-scuola-di-gesu-lc-12-39-48\/#primaryimage"},"thumbnailUrl":"https:\/\/www.veritatemincaritate.com\/wp\/wp-content\/uploads\/2025\/01\/Immagine_omelie_ScuoladiGesu.jpg","datePublished":"2025-10-21T22:01:50+00:00","breadcrumb":{"@id":"https:\/\/www.veritatemincaritate.com\/wp\/2025\/10\/alla-scuola-di-gesu-lc-12-39-48\/#breadcrumb"},"inLanguage":"it-IT","potentialAction":[{"@type":"ReadAction","target":["https:\/\/www.veritatemincaritate.com\/wp\/2025\/10\/alla-scuola-di-gesu-lc-12-39-48\/"]}]},{"@type":"ImageObject","inLanguage":"it-IT","@id":"https:\/\/www.veritatemincaritate.com\/wp\/2025\/10\/alla-scuola-di-gesu-lc-12-39-48\/#primaryimage","url":"https:\/\/www.veritatemincaritate.com\/wp\/wp-content\/uploads\/2025\/01\/Immagine_omelie_ScuoladiGesu.jpg","contentUrl":"https:\/\/www.veritatemincaritate.com\/wp\/wp-content\/uploads\/2025\/01\/Immagine_omelie_ScuoladiGesu.jpg","width":1080,"height":608},{"@type":"BreadcrumbList","@id":"https:\/\/www.veritatemincaritate.com\/wp\/2025\/10\/alla-scuola-di-gesu-lc-12-39-48\/#breadcrumb","itemListElement":[{"@type":"ListItem","position":1,"name":"Home","item":"https:\/\/www.veritatemincaritate.com\/wp\/"},{"@type":"ListItem","position":2,"name":"Alla Scuola di Ges\u00f9 &#8211; Lc 12, 39-48"}]},{"@type":"WebSite","@id":"https:\/\/www.veritatemincaritate.com\/wp\/#website","url":"https:\/\/www.veritatemincaritate.com\/wp\/","name":"Veritatemincaritate","description":"Agendo secondo verit\u00e0 nella carit\u00e0, cerchiamo di crescere in ogni cosa tendendo a lui, che \u00e8 il capo, Cristo","publisher":{"@id":"https:\/\/www.veritatemincaritate.com\/wp\/#organization"},"potentialAction":[{"@type":"SearchAction","target":{"@type":"EntryPoint","urlTemplate":"https:\/\/www.veritatemincaritate.com\/wp\/?s={search_term_string}"},"query-input":{"@type":"PropertyValueSpecification","valueRequired":true,"valueName":"search_term_string"}}],"inLanguage":"it-IT"},{"@type":"Organization","@id":"https:\/\/www.veritatemincaritate.com\/wp\/#organization","name":"Veritatem facientes in Caritate","url":"https:\/\/www.veritatemincaritate.com\/wp\/","logo":{"@type":"ImageObject","inLanguage":"it-IT","@id":"https:\/\/www.veritatemincaritate.com\/wp\/#\/schema\/logo\/image\/","url":"https:\/\/www.veritatemincaritate.com\/wp\/wp-content\/uploads\/2020\/07\/Logo-VIC-per-canale-Youtube.jpg","contentUrl":"https:\/\/www.veritatemincaritate.com\/wp\/wp-content\/uploads\/2020\/07\/Logo-VIC-per-canale-Youtube.jpg","width":720,"height":720,"caption":"Veritatem facientes in Caritate"},"image":{"@id":"https:\/\/www.veritatemincaritate.com\/wp\/#\/schema\/logo\/image\/"},"sameAs":["https:\/\/www.facebook.com\/pgiorgiomariafare","https:\/\/instagram.com\/padre_giorgio_maria_fare?igshid=1p8wsw6b3edkc","https:\/\/www.youtube.com\/channel\/UCFqjpT1nX60rx3m_SELg3lA"]},{"@type":"Person","@id":"https:\/\/www.veritatemincaritate.com\/wp\/#\/schema\/person\/ae324896700d097ddc6db39f45894b80","name":"Is551011","image":{"@type":"ImageObject","inLanguage":"it-IT","@id":"https:\/\/secure.gravatar.com\/avatar\/c031fff76d6f121d3530ae43ac8407bd6ac4d5c3c8a89c237d6990047f9a6307?s=96&d=mm&r=g","url":"https:\/\/secure.gravatar.com\/avatar\/c031fff76d6f121d3530ae43ac8407bd6ac4d5c3c8a89c237d6990047f9a6307?s=96&d=mm&r=g","contentUrl":"https:\/\/secure.gravatar.com\/avatar\/c031fff76d6f121d3530ae43ac8407bd6ac4d5c3c8a89c237d6990047f9a6307?s=96&d=mm&r=g","caption":"Is551011"}}]}},"menu_order":0,"_links":{"self":[{"href":"https:\/\/www.veritatemincaritate.com\/wp\/wp-json\/wp\/v2\/posts\/38158","targetHints":{"allow":["GET"]}}],"collection":[{"href":"https:\/\/www.veritatemincaritate.com\/wp\/wp-json\/wp\/v2\/posts"}],"about":[{"href":"https:\/\/www.veritatemincaritate.com\/wp\/wp-json\/wp\/v2\/types\/post"}],"author":[{"embeddable":true,"href":"https:\/\/www.veritatemincaritate.com\/wp\/wp-json\/wp\/v2\/users\/4"}],"replies":[{"embeddable":true,"href":"https:\/\/www.veritatemincaritate.com\/wp\/wp-json\/wp\/v2\/comments?post=38158"}],"version-history":[{"count":0,"href":"https:\/\/www.veritatemincaritate.com\/wp\/wp-json\/wp\/v2\/posts\/38158\/revisions"}],"wp:featuredmedia":[{"embeddable":true,"href":"https:\/\/www.veritatemincaritate.com\/wp\/wp-json\/wp\/v2\/media\/35788"}],"wp:attachment":[{"href":"https:\/\/www.veritatemincaritate.com\/wp\/wp-json\/wp\/v2\/media?parent=38158"}],"wp:term":[{"taxonomy":"category","embeddable":true,"href":"https:\/\/www.veritatemincaritate.com\/wp\/wp-json\/wp\/v2\/categories?post=38158"},{"taxonomy":"post_tag","embeddable":true,"href":"https:\/\/www.veritatemincaritate.com\/wp\/wp-json\/wp\/v2\/tags?post=38158"}],"curies":[{"name":"wp","href":"https:\/\/api.w.org\/{rel}","templated":true}]}}