{"id":38843,"date":"2026-03-06T09:47:34","date_gmt":"2026-03-06T08:47:34","guid":{"rendered":"https:\/\/www.veritatemincaritate.com\/wp\/?p=38843"},"modified":"2026-03-06T09:47:34","modified_gmt":"2026-03-06T08:47:34","slug":"lettera-aperta-ad-aldo-maria-valli-sullobbedienza-selettiva-al-magistero-autentico-in-risposta-a-mons-schneider","status":"publish","type":"post","link":"https:\/\/www.veritatemincaritate.com\/wp\/2026\/03\/lettera-aperta-ad-aldo-maria-valli-sullobbedienza-selettiva-al-magistero-autentico-in-risposta-a-mons-schneider\/","title":{"rendered":"Lettera aperta ad Aldo Maria Valli sull&#8217;\u00abobbedienza selettiva\u00bb al Magistero autentico, in risposta a mons. Schneider"},"content":{"rendered":"<blockquote class=\"wp-embedded-content\" data-secret=\"Dkpw3B4bGH\"><p><a href=\"https:\/\/www.aldomariavalli.it\/2026\/03\/06\/sullobbedienza-selettiva-al-magistero-autentico-una-necessaria-chiarificazione-canonica-e-teologica-lettera-aperta-in-risposta-alle-recenti-dichiarazioni-di-monsignor-athanasius\/\">Sull\u2019\u00abobbedienza selettiva\u00bb al Magistero autentico: una necessaria chiarificazione canonica e teologica. Lettera aperta in risposta alle recenti dichiarazioni di monsignor Athanasius Schneider<\/a><\/p><\/blockquote>\n<p><iframe class=\"wp-embedded-content\" sandbox=\"allow-scripts\" security=\"restricted\" style=\"position: absolute; visibility: hidden;\" title=\"&#8220;Sull\u2019\u00abobbedienza selettiva\u00bb al Magistero autentico: una necessaria chiarificazione canonica e teologica. Lettera aperta in risposta alle recenti dichiarazioni di monsignor Athanasius Schneider&#8221; &#8212; Aldo Maria Valli\" src=\"https:\/\/www.aldomariavalli.it\/2026\/03\/06\/sullobbedienza-selettiva-al-magistero-autentico-una-necessaria-chiarificazione-canonica-e-teologica-lettera-aperta-in-risposta-alle-recenti-dichiarazioni-di-monsignor-athanasius\/embed\/#?secret=LV4lwuMTjD#?secret=Dkpw3B4bGH\" data-secret=\"Dkpw3B4bGH\" width=\"600\" height=\"338\" frameborder=\"0\" marginwidth=\"0\" marginheight=\"0\" scrolling=\"no\"><\/iframe><\/p>\n<p>&nbsp;<\/p>\n","protected":false},"excerpt":{"rendered":"<p>Sull\u2019\u00abobbedienza selettiva\u00bb al Magistero autentico: una necessaria chiarificazione canonica e teologica. Lettera aperta in risposta alle recenti dichiarazioni di monsignor&#8230;<\/p>\n","protected":false},"author":3,"featured_media":38845,"comment_status":"closed","ping_status":"open","sticky":false,"template":"","format":"standard","meta":{"footnotes":""},"categories":[10337],"tags":[],"class_list":{"0":"post-38843","1":"post","2":"type-post","3":"status-publish","4":"format-standard","5":"has-post-thumbnail","7":"category-non-consegnero-il-leone"},"yoast_head":"<!-- This site is optimized with the Yoast SEO plugin v27.5 - https:\/\/yoast.com\/product\/yoast-seo-wordpress\/ -->\n<title>Lettera aperta ad Aldo Maria Valli sull&#039;\u00abobbedienza selettiva\u00bb al Magistero autentico, in risposta a mons. Schneider - Veritatemincaritate<\/title>\n<meta name=\"robots\" content=\"index, follow, max-snippet:-1, max-image-preview:large, max-video-preview:-1\" \/>\n<link rel=\"canonical\" href=\"https:\/\/www.veritatemincaritate.com\/wp\/2026\/03\/lettera-aperta-ad-aldo-maria-valli-sullobbedienza-selettiva-al-magistero-autentico-in-risposta-a-mons-schneider\/\" \/>\n<meta property=\"og:locale\" content=\"it_IT\" \/>\n<meta property=\"og:type\" content=\"article\" \/>\n<meta property=\"og:title\" content=\"Lettera aperta ad Aldo Maria Valli sull&#039;\u00abobbedienza selettiva\u00bb al Magistero autentico, in risposta a mons. Schneider - Veritatemincaritate\" \/>\n<meta property=\"og:description\" content=\"Sull\u2019\u00abobbedienza selettiva\u00bb al Magistero autentico: una necessaria chiarificazione canonica e teologica. Lettera aperta in risposta alle recenti dichiarazioni di monsignor...\" \/>\n<meta property=\"og:url\" content=\"https:\/\/www.veritatemincaritate.com\/wp\/2026\/03\/lettera-aperta-ad-aldo-maria-valli-sullobbedienza-selettiva-al-magistero-autentico-in-risposta-a-mons-schneider\/\" \/>\n<meta property=\"og:site_name\" content=\"Veritatemincaritate\" \/>\n<meta property=\"article:publisher\" content=\"https:\/\/www.facebook.com\/pgiorgiomariafare\" \/>\n<meta property=\"article:published_time\" content=\"2026-03-06T08:47:34+00:00\" \/>\n<meta property=\"og:image\" content=\"https:\/\/www.veritatemincaritate.com\/wp\/wp-content\/uploads\/2026\/03\/cq5dam.thumbnail.cropped.750.422.jpeg\" \/>\n\t<meta property=\"og:image:width\" content=\"750\" \/>\n\t<meta property=\"og:image:height\" content=\"422\" \/>\n\t<meta property=\"og:image:type\" content=\"image\/jpeg\" \/>\n<meta name=\"author\" content=\"Gv1114\" \/>\n<meta name=\"twitter:card\" content=\"summary_large_image\" \/>\n<meta name=\"twitter:label1\" content=\"Scritto da\" \/>\n\t<meta name=\"twitter:data1\" content=\"Gv1114\" \/>\n\t<meta name=\"twitter:label2\" content=\"Tempo di lettura stimato\" \/>\n\t<meta name=\"twitter:data2\" content=\"1 minuto\" \/>\n<script type=\"application\/ld+json\" class=\"yoast-schema-graph\">{\"@context\":\"https:\\\/\\\/schema.org\",\"@graph\":[{\"@type\":\"Article\",\"@id\":\"https:\\\/\\\/www.veritatemincaritate.com\\\/wp\\\/2026\\\/03\\\/lettera-aperta-ad-aldo-maria-valli-sullobbedienza-selettiva-al-magistero-autentico-in-risposta-a-mons-schneider\\\/#article\",\"isPartOf\":{\"@id\":\"https:\\\/\\\/www.veritatemincaritate.com\\\/wp\\\/2026\\\/03\\\/lettera-aperta-ad-aldo-maria-valli-sullobbedienza-selettiva-al-magistero-autentico-in-risposta-a-mons-schneider\\\/\"},\"author\":{\"name\":\"Gv1114\",\"@id\":\"https:\\\/\\\/www.veritatemincaritate.com\\\/wp\\\/#\\\/schema\\\/person\\\/17ae821a27aada104588a1d94f526471\"},\"headline\":\"Lettera aperta ad Aldo Maria Valli sull&#8217;\u00abobbedienza selettiva\u00bb al Magistero autentico, in risposta a mons. Schneider\",\"datePublished\":\"2026-03-06T08:47:34+00:00\",\"mainEntityOfPage\":{\"@id\":\"https:\\\/\\\/www.veritatemincaritate.com\\\/wp\\\/2026\\\/03\\\/lettera-aperta-ad-aldo-maria-valli-sullobbedienza-selettiva-al-magistero-autentico-in-risposta-a-mons-schneider\\\/\"},\"wordCount\":23,\"publisher\":{\"@id\":\"https:\\\/\\\/www.veritatemincaritate.com\\\/wp\\\/#organization\"},\"image\":{\"@id\":\"https:\\\/\\\/www.veritatemincaritate.com\\\/wp\\\/2026\\\/03\\\/lettera-aperta-ad-aldo-maria-valli-sullobbedienza-selettiva-al-magistero-autentico-in-risposta-a-mons-schneider\\\/#primaryimage\"},\"thumbnailUrl\":\"https:\\\/\\\/www.veritatemincaritate.com\\\/wp\\\/wp-content\\\/uploads\\\/2026\\\/03\\\/cq5dam.thumbnail.cropped.750.422.jpeg\",\"articleSection\":[\"Non consegner\u00f2 il Leone\"],\"inLanguage\":\"it-IT\"},{\"@type\":\"WebPage\",\"@id\":\"https:\\\/\\\/www.veritatemincaritate.com\\\/wp\\\/2026\\\/03\\\/lettera-aperta-ad-aldo-maria-valli-sullobbedienza-selettiva-al-magistero-autentico-in-risposta-a-mons-schneider\\\/\",\"url\":\"https:\\\/\\\/www.veritatemincaritate.com\\\/wp\\\/2026\\\/03\\\/lettera-aperta-ad-aldo-maria-valli-sullobbedienza-selettiva-al-magistero-autentico-in-risposta-a-mons-schneider\\\/\",\"name\":\"Lettera aperta ad Aldo Maria Valli sull'\u00abobbedienza selettiva\u00bb al Magistero autentico, in risposta a mons. Schneider - Veritatemincaritate\",\"isPartOf\":{\"@id\":\"https:\\\/\\\/www.veritatemincaritate.com\\\/wp\\\/#website\"},\"primaryImageOfPage\":{\"@id\":\"https:\\\/\\\/www.veritatemincaritate.com\\\/wp\\\/2026\\\/03\\\/lettera-aperta-ad-aldo-maria-valli-sullobbedienza-selettiva-al-magistero-autentico-in-risposta-a-mons-schneider\\\/#primaryimage\"},\"image\":{\"@id\":\"https:\\\/\\\/www.veritatemincaritate.com\\\/wp\\\/2026\\\/03\\\/lettera-aperta-ad-aldo-maria-valli-sullobbedienza-selettiva-al-magistero-autentico-in-risposta-a-mons-schneider\\\/#primaryimage\"},\"thumbnailUrl\":\"https:\\\/\\\/www.veritatemincaritate.com\\\/wp\\\/wp-content\\\/uploads\\\/2026\\\/03\\\/cq5dam.thumbnail.cropped.750.422.jpeg\",\"datePublished\":\"2026-03-06T08:47:34+00:00\",\"breadcrumb\":{\"@id\":\"https:\\\/\\\/www.veritatemincaritate.com\\\/wp\\\/2026\\\/03\\\/lettera-aperta-ad-aldo-maria-valli-sullobbedienza-selettiva-al-magistero-autentico-in-risposta-a-mons-schneider\\\/#breadcrumb\"},\"inLanguage\":\"it-IT\",\"potentialAction\":[{\"@type\":\"ReadAction\",\"target\":[\"https:\\\/\\\/www.veritatemincaritate.com\\\/wp\\\/2026\\\/03\\\/lettera-aperta-ad-aldo-maria-valli-sullobbedienza-selettiva-al-magistero-autentico-in-risposta-a-mons-schneider\\\/\"]}]},{\"@type\":\"ImageObject\",\"inLanguage\":\"it-IT\",\"@id\":\"https:\\\/\\\/www.veritatemincaritate.com\\\/wp\\\/2026\\\/03\\\/lettera-aperta-ad-aldo-maria-valli-sullobbedienza-selettiva-al-magistero-autentico-in-risposta-a-mons-schneider\\\/#primaryimage\",\"url\":\"https:\\\/\\\/www.veritatemincaritate.com\\\/wp\\\/wp-content\\\/uploads\\\/2026\\\/03\\\/cq5dam.thumbnail.cropped.750.422.jpeg\",\"contentUrl\":\"https:\\\/\\\/www.veritatemincaritate.com\\\/wp\\\/wp-content\\\/uploads\\\/2026\\\/03\\\/cq5dam.thumbnail.cropped.750.422.jpeg\",\"width\":750,\"height\":422},{\"@type\":\"BreadcrumbList\",\"@id\":\"https:\\\/\\\/www.veritatemincaritate.com\\\/wp\\\/2026\\\/03\\\/lettera-aperta-ad-aldo-maria-valli-sullobbedienza-selettiva-al-magistero-autentico-in-risposta-a-mons-schneider\\\/#breadcrumb\",\"itemListElement\":[{\"@type\":\"ListItem\",\"position\":1,\"name\":\"Home\",\"item\":\"https:\\\/\\\/www.veritatemincaritate.com\\\/wp\\\/\"},{\"@type\":\"ListItem\",\"position\":2,\"name\":\"Lettera aperta ad Aldo Maria Valli sull&#8217;\u00abobbedienza selettiva\u00bb al Magistero autentico, in risposta a mons. Schneider\"}]},{\"@type\":\"WebSite\",\"@id\":\"https:\\\/\\\/www.veritatemincaritate.com\\\/wp\\\/#website\",\"url\":\"https:\\\/\\\/www.veritatemincaritate.com\\\/wp\\\/\",\"name\":\"Veritatemincaritate\",\"description\":\"Agendo secondo verit\u00e0 nella carit\u00e0, cerchiamo di crescere in ogni cosa tendendo a lui, che \u00e8 il capo, Cristo\",\"publisher\":{\"@id\":\"https:\\\/\\\/www.veritatemincaritate.com\\\/wp\\\/#organization\"},\"potentialAction\":[{\"@type\":\"SearchAction\",\"target\":{\"@type\":\"EntryPoint\",\"urlTemplate\":\"https:\\\/\\\/www.veritatemincaritate.com\\\/wp\\\/?s={search_term_string}\"},\"query-input\":{\"@type\":\"PropertyValueSpecification\",\"valueRequired\":true,\"valueName\":\"search_term_string\"}}],\"inLanguage\":\"it-IT\"},{\"@type\":\"Organization\",\"@id\":\"https:\\\/\\\/www.veritatemincaritate.com\\\/wp\\\/#organization\",\"name\":\"Veritatem facientes in Caritate\",\"url\":\"https:\\\/\\\/www.veritatemincaritate.com\\\/wp\\\/\",\"logo\":{\"@type\":\"ImageObject\",\"inLanguage\":\"it-IT\",\"@id\":\"https:\\\/\\\/www.veritatemincaritate.com\\\/wp\\\/#\\\/schema\\\/logo\\\/image\\\/\",\"url\":\"https:\\\/\\\/www.veritatemincaritate.com\\\/wp\\\/wp-content\\\/uploads\\\/2020\\\/07\\\/Logo-VIC-per-canale-Youtube.jpg\",\"contentUrl\":\"https:\\\/\\\/www.veritatemincaritate.com\\\/wp\\\/wp-content\\\/uploads\\\/2020\\\/07\\\/Logo-VIC-per-canale-Youtube.jpg\",\"width\":720,\"height\":720,\"caption\":\"Veritatem facientes in Caritate\"},\"image\":{\"@id\":\"https:\\\/\\\/www.veritatemincaritate.com\\\/wp\\\/#\\\/schema\\\/logo\\\/image\\\/\"},\"sameAs\":[\"https:\\\/\\\/www.facebook.com\\\/pgiorgiomariafare\",\"https:\\\/\\\/instagram.com\\\/padre_giorgio_maria_fare?igshid=1p8wsw6b3edkc\",\"https:\\\/\\\/www.youtube.com\\\/channel\\\/UCFqjpT1nX60rx3m_SELg3lA\"]},{\"@type\":\"Person\",\"@id\":\"https:\\\/\\\/www.veritatemincaritate.com\\\/wp\\\/#\\\/schema\\\/person\\\/17ae821a27aada104588a1d94f526471\",\"name\":\"Gv1114\",\"image\":{\"@type\":\"ImageObject\",\"inLanguage\":\"it-IT\",\"@id\":\"https:\\\/\\\/secure.gravatar.com\\\/avatar\\\/5d29baa7fbb92e99034e1d9f7a4f83926de7a8a8f450bf35d58714f1ec0a3c39?s=96&d=mm&r=g\",\"url\":\"https:\\\/\\\/secure.gravatar.com\\\/avatar\\\/5d29baa7fbb92e99034e1d9f7a4f83926de7a8a8f450bf35d58714f1ec0a3c39?s=96&d=mm&r=g\",\"contentUrl\":\"https:\\\/\\\/secure.gravatar.com\\\/avatar\\\/5d29baa7fbb92e99034e1d9f7a4f83926de7a8a8f450bf35d58714f1ec0a3c39?s=96&d=mm&r=g\",\"caption\":\"Gv1114\"}}]}<\/script>\n<!-- \/ Yoast SEO plugin. -->","yoast_head_json":{"title":"Lettera aperta ad Aldo Maria Valli sull'\u00abobbedienza selettiva\u00bb al Magistero autentico, in risposta a mons. Schneider - Veritatemincaritate","robots":{"index":"index","follow":"follow","max-snippet":"max-snippet:-1","max-image-preview":"max-image-preview:large","max-video-preview":"max-video-preview:-1"},"canonical":"https:\/\/www.veritatemincaritate.com\/wp\/2026\/03\/lettera-aperta-ad-aldo-maria-valli-sullobbedienza-selettiva-al-magistero-autentico-in-risposta-a-mons-schneider\/","og_locale":"it_IT","og_type":"article","og_title":"Lettera aperta ad Aldo Maria Valli sull'\u00abobbedienza selettiva\u00bb al Magistero autentico, in risposta a mons. Schneider - Veritatemincaritate","og_description":"Sull\u2019\u00abobbedienza selettiva\u00bb al Magistero autentico: una necessaria chiarificazione canonica e teologica. Lettera aperta in risposta alle recenti dichiarazioni di monsignor...","og_url":"https:\/\/www.veritatemincaritate.com\/wp\/2026\/03\/lettera-aperta-ad-aldo-maria-valli-sullobbedienza-selettiva-al-magistero-autentico-in-risposta-a-mons-schneider\/","og_site_name":"Veritatemincaritate","article_publisher":"https:\/\/www.facebook.com\/pgiorgiomariafare","article_published_time":"2026-03-06T08:47:34+00:00","og_image":[{"width":750,"height":422,"url":"https:\/\/www.veritatemincaritate.com\/wp\/wp-content\/uploads\/2026\/03\/cq5dam.thumbnail.cropped.750.422.jpeg","type":"image\/jpeg"}],"author":"Gv1114","twitter_card":"summary_large_image","twitter_misc":{"Scritto da":"Gv1114","Tempo di lettura stimato":"1 minuto"},"schema":{"@context":"https:\/\/schema.org","@graph":[{"@type":"Article","@id":"https:\/\/www.veritatemincaritate.com\/wp\/2026\/03\/lettera-aperta-ad-aldo-maria-valli-sullobbedienza-selettiva-al-magistero-autentico-in-risposta-a-mons-schneider\/#article","isPartOf":{"@id":"https:\/\/www.veritatemincaritate.com\/wp\/2026\/03\/lettera-aperta-ad-aldo-maria-valli-sullobbedienza-selettiva-al-magistero-autentico-in-risposta-a-mons-schneider\/"},"author":{"name":"Gv1114","@id":"https:\/\/www.veritatemincaritate.com\/wp\/#\/schema\/person\/17ae821a27aada104588a1d94f526471"},"headline":"Lettera aperta ad Aldo Maria Valli sull&#8217;\u00abobbedienza selettiva\u00bb al Magistero autentico, in risposta a mons. Schneider","datePublished":"2026-03-06T08:47:34+00:00","mainEntityOfPage":{"@id":"https:\/\/www.veritatemincaritate.com\/wp\/2026\/03\/lettera-aperta-ad-aldo-maria-valli-sullobbedienza-selettiva-al-magistero-autentico-in-risposta-a-mons-schneider\/"},"wordCount":23,"publisher":{"@id":"https:\/\/www.veritatemincaritate.com\/wp\/#organization"},"image":{"@id":"https:\/\/www.veritatemincaritate.com\/wp\/2026\/03\/lettera-aperta-ad-aldo-maria-valli-sullobbedienza-selettiva-al-magistero-autentico-in-risposta-a-mons-schneider\/#primaryimage"},"thumbnailUrl":"https:\/\/www.veritatemincaritate.com\/wp\/wp-content\/uploads\/2026\/03\/cq5dam.thumbnail.cropped.750.422.jpeg","articleSection":["Non consegner\u00f2 il Leone"],"inLanguage":"it-IT"},{"@type":"WebPage","@id":"https:\/\/www.veritatemincaritate.com\/wp\/2026\/03\/lettera-aperta-ad-aldo-maria-valli-sullobbedienza-selettiva-al-magistero-autentico-in-risposta-a-mons-schneider\/","url":"https:\/\/www.veritatemincaritate.com\/wp\/2026\/03\/lettera-aperta-ad-aldo-maria-valli-sullobbedienza-selettiva-al-magistero-autentico-in-risposta-a-mons-schneider\/","name":"Lettera aperta ad Aldo Maria Valli sull'\u00abobbedienza selettiva\u00bb al Magistero autentico, in risposta a mons. Schneider - Veritatemincaritate","isPartOf":{"@id":"https:\/\/www.veritatemincaritate.com\/wp\/#website"},"primaryImageOfPage":{"@id":"https:\/\/www.veritatemincaritate.com\/wp\/2026\/03\/lettera-aperta-ad-aldo-maria-valli-sullobbedienza-selettiva-al-magistero-autentico-in-risposta-a-mons-schneider\/#primaryimage"},"image":{"@id":"https:\/\/www.veritatemincaritate.com\/wp\/2026\/03\/lettera-aperta-ad-aldo-maria-valli-sullobbedienza-selettiva-al-magistero-autentico-in-risposta-a-mons-schneider\/#primaryimage"},"thumbnailUrl":"https:\/\/www.veritatemincaritate.com\/wp\/wp-content\/uploads\/2026\/03\/cq5dam.thumbnail.cropped.750.422.jpeg","datePublished":"2026-03-06T08:47:34+00:00","breadcrumb":{"@id":"https:\/\/www.veritatemincaritate.com\/wp\/2026\/03\/lettera-aperta-ad-aldo-maria-valli-sullobbedienza-selettiva-al-magistero-autentico-in-risposta-a-mons-schneider\/#breadcrumb"},"inLanguage":"it-IT","potentialAction":[{"@type":"ReadAction","target":["https:\/\/www.veritatemincaritate.com\/wp\/2026\/03\/lettera-aperta-ad-aldo-maria-valli-sullobbedienza-selettiva-al-magistero-autentico-in-risposta-a-mons-schneider\/"]}]},{"@type":"ImageObject","inLanguage":"it-IT","@id":"https:\/\/www.veritatemincaritate.com\/wp\/2026\/03\/lettera-aperta-ad-aldo-maria-valli-sullobbedienza-selettiva-al-magistero-autentico-in-risposta-a-mons-schneider\/#primaryimage","url":"https:\/\/www.veritatemincaritate.com\/wp\/wp-content\/uploads\/2026\/03\/cq5dam.thumbnail.cropped.750.422.jpeg","contentUrl":"https:\/\/www.veritatemincaritate.com\/wp\/wp-content\/uploads\/2026\/03\/cq5dam.thumbnail.cropped.750.422.jpeg","width":750,"height":422},{"@type":"BreadcrumbList","@id":"https:\/\/www.veritatemincaritate.com\/wp\/2026\/03\/lettera-aperta-ad-aldo-maria-valli-sullobbedienza-selettiva-al-magistero-autentico-in-risposta-a-mons-schneider\/#breadcrumb","itemListElement":[{"@type":"ListItem","position":1,"name":"Home","item":"https:\/\/www.veritatemincaritate.com\/wp\/"},{"@type":"ListItem","position":2,"name":"Lettera aperta ad Aldo Maria Valli sull&#8217;\u00abobbedienza selettiva\u00bb al Magistero autentico, in risposta a mons. Schneider"}]},{"@type":"WebSite","@id":"https:\/\/www.veritatemincaritate.com\/wp\/#website","url":"https:\/\/www.veritatemincaritate.com\/wp\/","name":"Veritatemincaritate","description":"Agendo secondo verit\u00e0 nella carit\u00e0, cerchiamo di crescere in ogni cosa tendendo a lui, che \u00e8 il capo, Cristo","publisher":{"@id":"https:\/\/www.veritatemincaritate.com\/wp\/#organization"},"potentialAction":[{"@type":"SearchAction","target":{"@type":"EntryPoint","urlTemplate":"https:\/\/www.veritatemincaritate.com\/wp\/?s={search_term_string}"},"query-input":{"@type":"PropertyValueSpecification","valueRequired":true,"valueName":"search_term_string"}}],"inLanguage":"it-IT"},{"@type":"Organization","@id":"https:\/\/www.veritatemincaritate.com\/wp\/#organization","name":"Veritatem facientes in Caritate","url":"https:\/\/www.veritatemincaritate.com\/wp\/","logo":{"@type":"ImageObject","inLanguage":"it-IT","@id":"https:\/\/www.veritatemincaritate.com\/wp\/#\/schema\/logo\/image\/","url":"https:\/\/www.veritatemincaritate.com\/wp\/wp-content\/uploads\/2020\/07\/Logo-VIC-per-canale-Youtube.jpg","contentUrl":"https:\/\/www.veritatemincaritate.com\/wp\/wp-content\/uploads\/2020\/07\/Logo-VIC-per-canale-Youtube.jpg","width":720,"height":720,"caption":"Veritatem facientes in Caritate"},"image":{"@id":"https:\/\/www.veritatemincaritate.com\/wp\/#\/schema\/logo\/image\/"},"sameAs":["https:\/\/www.facebook.com\/pgiorgiomariafare","https:\/\/instagram.com\/padre_giorgio_maria_fare?igshid=1p8wsw6b3edkc","https:\/\/www.youtube.com\/channel\/UCFqjpT1nX60rx3m_SELg3lA"]},{"@type":"Person","@id":"https:\/\/www.veritatemincaritate.com\/wp\/#\/schema\/person\/17ae821a27aada104588a1d94f526471","name":"Gv1114","image":{"@type":"ImageObject","inLanguage":"it-IT","@id":"https:\/\/secure.gravatar.com\/avatar\/5d29baa7fbb92e99034e1d9f7a4f83926de7a8a8f450bf35d58714f1ec0a3c39?s=96&d=mm&r=g","url":"https:\/\/secure.gravatar.com\/avatar\/5d29baa7fbb92e99034e1d9f7a4f83926de7a8a8f450bf35d58714f1ec0a3c39?s=96&d=mm&r=g","contentUrl":"https:\/\/secure.gravatar.com\/avatar\/5d29baa7fbb92e99034e1d9f7a4f83926de7a8a8f450bf35d58714f1ec0a3c39?s=96&d=mm&r=g","caption":"Gv1114"}}]}},"menu_order":0,"_links":{"self":[{"href":"https:\/\/www.veritatemincaritate.com\/wp\/wp-json\/wp\/v2\/posts\/38843","targetHints":{"allow":["GET"]}}],"collection":[{"href":"https:\/\/www.veritatemincaritate.com\/wp\/wp-json\/wp\/v2\/posts"}],"about":[{"href":"https:\/\/www.veritatemincaritate.com\/wp\/wp-json\/wp\/v2\/types\/post"}],"author":[{"embeddable":true,"href":"https:\/\/www.veritatemincaritate.com\/wp\/wp-json\/wp\/v2\/users\/3"}],"replies":[{"embeddable":true,"href":"https:\/\/www.veritatemincaritate.com\/wp\/wp-json\/wp\/v2\/comments?post=38843"}],"version-history":[{"count":0,"href":"https:\/\/www.veritatemincaritate.com\/wp\/wp-json\/wp\/v2\/posts\/38843\/revisions"}],"wp:featuredmedia":[{"embeddable":true,"href":"https:\/\/www.veritatemincaritate.com\/wp\/wp-json\/wp\/v2\/media\/38845"}],"wp:attachment":[{"href":"https:\/\/www.veritatemincaritate.com\/wp\/wp-json\/wp\/v2\/media?parent=38843"}],"wp:term":[{"taxonomy":"category","embeddable":true,"href":"https:\/\/www.veritatemincaritate.com\/wp\/wp-json\/wp\/v2\/categories?post=38843"},{"taxonomy":"post_tag","embeddable":true,"href":"https:\/\/www.veritatemincaritate.com\/wp\/wp-json\/wp\/v2\/tags?post=38843"}],"curies":[{"name":"wp","href":"https:\/\/api.w.org\/{rel}","templated":true}]}}