{"id":4206,"date":"2016-11-11T09:59:02","date_gmt":"2016-11-11T08:59:02","guid":{"rendered":"http:\/\/www.veritatemincaritate.com\/?p=4206"},"modified":"2016-11-11T10:07:03","modified_gmt":"2016-11-11T09:07:03","slug":"la-priorita-dellesistenza","status":"publish","type":"post","link":"https:\/\/www.veritatemincaritate.com\/wp\/2016\/11\/la-priorita-dellesistenza\/","title":{"rendered":"La priorit\u00e0 dell&#8217;esistenza"},"content":{"rendered":"<div class=\"wpb-content-wrapper\" id=\"wpb-content-root\"><p>[vc_row][vc_column][vc_column_text]<\/p>\n<h3>Omelia<\/h3>\n<p class=\"p1\">Pubblichiamo l\u2019audio di\u00a0un\u2019omelia sulle letture di venerd\u00ec 11\u00a0novembre\u00a02016.<\/p>\n<p>Predicatore:\u00a0p. Giorgio Maria Far\u00e9, OCD[\/vc_column_text][vc_column_text]<\/p>\n<h4>Ascolta la registrazione:<\/h4>\n<p>Per motivi di intenso traffico non ci \u00e8 possibile rendere disponibile l&#8217;ascolto dei file audio direttamente dal nostro sito. Se hai dubbi su come fare, vai alle <a href=\"http:\/\/www.veritatemincaritate.com\/chi-siamo\/istruzioni-per-lascolto-delle-registrazioni\/\" target=\"_blank\">istruzioni per l&#8217;ascolto delle registrazioni<\/a>.[\/vc_column_text][vc_row_inner][vc_column_inner width=&#8221;1\/2&#8243;][vc_column_text]<style type=\"text\/css\">.thegem-button-6a9db6651c0aa1982 .gem-button {font-size: 14px;}.thegem-button-6a9db6651c0aa1982 .gem-button-text {font-size: 14px;}.thegem-button-6a9db6651c0aa1982 .gem-button svg {fill: #FFFFFF;}<\/style><div class=\"gem-button-container gem-button-position-inline thegem-button-6a9db6651c0aa1982    \"  ><a class=\"gem-button gem-button-size-small gem-button-style-flat gem-button-text-weight-normal\" data-ll-effect=\"drop-right-without-wrap\" style=\"border-radius: 3px;background-color: #FF5C00;color: #FFFFFF;\" onmouseleave=\"this.style.backgroundColor='#FF5C00';this.style.color='#FFFFFF';\" onmouseenter=\"\" href=\"https:\/\/www.dropbox.com\/s\/8nivfhk1nom0585\/161111-Omelia-LaPrioritaDellEsistenza.m4a?dl=1\" target=\"_self\">Ascolta da cellulare o scarica sul computer<\/a><\/div> [\/vc_column_text][\/vc_column_inner][vc_column_inner width=&#8221;1\/2&#8243;][vc_column_text]<style type=\"text\/css\">.thegem-button-6a9db6651c2251043 .gem-button {font-size: 14px;}.thegem-button-6a9db6651c2251043 .gem-button-text {font-size: 14px;}.thegem-button-6a9db6651c2251043 .gem-button svg {fill: #FFFFFF;}<\/style><div class=\"gem-button-container gem-button-position-inline thegem-button-6a9db6651c2251043    \"  ><a class=\"gem-button gem-button-size-small gem-button-style-flat gem-button-text-weight-normal\" data-ll-effect=\"drop-right-without-wrap\" style=\"border-radius: 3px;background-color: #FF5C00;color: #FFFFFF;\" onmouseleave=\"this.style.backgroundColor='#FF5C00';this.style.color='#FFFFFF';\" onmouseenter=\"\" href=\"https:\/\/www.dropbox.com\/s\/8nivfhk1nom0585\/161111-Omelia-LaPrioritaDellEsistenza.m4a?dl=0\" target=\"_self\">Ascolta la meditazione<\/a><\/div> [\/vc_column_text][\/vc_column_inner][\/vc_row_inner][\/vc_column][\/vc_row][vc_row][vc_column][vc_empty_space][vc_separator color=&#8221;orange&#8221;][\/vc_column][\/vc_row][vc_row][vc_column][vc_column_text]<\/p>\n<h1>Letture del giorno<\/h1>\n<p>[\/vc_column_text][vc_column_text]<strong>San Martino di Tours<\/strong><\/p>\n<p><strong>PRIMA LETTURA<\/strong><em> (2Gv 1,3-9)<\/em><br \/>\n<em>Chi rimane nella dottrina, possiede il Padre e il Figlio.<\/em><\/p>\n<p>Io, il Presb\u00ectero, alla Signora eletta da Dio e ai suoi figli, che amo nella verit\u00e0: grazia, misericordia e pace saranno con noi da parte di Dio Padre e da parte di Ges\u00f9 Cristo, Figlio del Padre, nella verit\u00e0 e nell\u2019amore. Mi sono molto rallegrato di aver trovato alcuni tuoi figli che camminano nella verit\u00e0, secondo il comandamento che abbiamo ricevuto dal Padre.<br \/>\nE ora prego te, o Signora, non per darti un comandamento nuovo, ma quello che abbiamo avuto da principio: che ci amiamo gli uni gli altri. Questo \u00e8 l\u2019amore: camminare secondo i suoi comandamenti. Il comandamento che avete appreso da principio \u00e8 questo: camminate nell\u2019amore.<br \/>\nSono apparsi infatti nel mondo molti seduttori, che non riconoscono Ges\u00f9 venuto nella carne. Ecco il seduttore e l\u2019anticristo! Fate attenzione a voi stessi per non rovinare quello che abbiamo costruito e per ricevere una ricompensa piena. Chi va oltre e non rimane nella dottrina del Cristo, non possiede Dio. Chi invece rimane nella dottrina, possiede il Padre e il Figlio.<\/p>\n<p><strong>SALMO RESPONSORIALE <\/strong><em>(Sal 118)<\/em><br \/>\n<strong>Rit: Beato chi cammina nella legge del Signore.<\/strong><\/p>\n<p>Beato chi \u00e8 integro nella sua via<br \/>\ne cammina nella legge del Signore.<br \/>\nBeato chi custodisce i suoi insegnamenti<br \/>\ne lo cerca con tutto il cuore.<\/p>\n<p>Con tutto il mio cuore ti cerco:<br \/>\nnon lasciarmi deviare dai tuoi comandi.<br \/>\nRipongo nel cuore la tua promessa<br \/>\nper non peccare contro di te.<\/p>\n<p>Sii benevolo con il tuo servo e avr\u00f2 vita,<br \/>\nosserver\u00f2 la tua parola.<br \/>\nAprimi gli occhi perch\u00e9 io consideri<br \/>\nle meraviglie della tua legge.<\/p>\n<p><strong>Canto al Vangelo<\/strong> <em>(Lc 21,28)<\/em><br \/>\nAlleluia, alleluia.<br \/>\nRisollevatevi e alzate il capo,<br \/>\nperch\u00e9 la vostra liberazione \u00e8 vicina.<br \/>\nAlleluia.<\/p>\n<p><strong>VANGELO<\/strong><em> (Lc 17,26-37) <\/em><br \/>\n<em>Cos\u00ec accadr\u00e0 nel giorno in cui il Figlio dell\u2019uomo si manifester\u00e0.<\/em><\/p>\n<p>In quel tempo, Ges\u00f9 disse ai suoi discepoli:<br \/>\n\u00abCome avvenne nei giorni di No\u00e8, cos\u00ec sar\u00e0 nei giorni del Figlio dell\u2019uomo: mangiavano, bevevano, prendevano moglie, prendevano marito, fino al giorno in cui No\u00e8 entr\u00f2 nell\u2019arca e venne il diluvio e li fece morire tutti.<br \/>\nCome avvenne anche nei giorni di Lot: mangiavano, bevevano, compravano, vendevano, piantavano, costruivano; ma, nel giorno in cui Lot usc\u00ec da S\u00f2doma, piovve fuoco e zolfo dal cielo e li fece morire tutti. Cos\u00ec accadr\u00e0 nel giorno in cui il Figlio dell\u2019uomo si manifester\u00e0.<br \/>\nIn quel giorno, chi si trover\u00e0 sulla terrazza e avr\u00e0 lasciato le sue cose in casa, non scenda a prenderle; cos\u00ec, chi si trover\u00e0 nel campo, non torni indietro. Ricordatevi della moglie di Lot.<br \/>\nChi cercher\u00e0 di salvare la propria vita, la perder\u00e0; ma chi la perder\u00e0, la manterr\u00e0 viva.<br \/>\nIo vi dico: in quella notte, due si troveranno nello stesso letto: l\u2019uno verr\u00e0 portato via e l\u2019altro lasciato; due donne staranno a macinare nello stesso luogo: l\u2019una verr\u00e0 portata via e l\u2019altra lasciata\u00bb.<br \/>\nAllora gli chiesero: \u00abDove, Signore?\u00bb. Ed egli disse loro: \u00abDove sar\u00e0 il cadavere, l\u00ec si raduneranno insieme anche gli avvoltoi\u00bb.[\/vc_column_text][\/vc_column][\/vc_row]<\/p>\n<\/div>","protected":false},"excerpt":{"rendered":"<p>[vc_row][vc_column][vc_column_text] Omelia Pubblichiamo l\u2019audio di\u00a0un\u2019omelia sulle letture di venerd\u00ec 11\u00a0novembre\u00a02016. Predicatore:\u00a0p. Giorgio Maria Far\u00e9, OCD[\/vc_column_text][vc_column_text] Ascolta la registrazione: Per motivi&#8230;<\/p>\n","protected":false},"author":4,"featured_media":4213,"comment_status":"closed","ping_status":"closed","sticky":false,"template":"","format":"standard","meta":{"footnotes":""},"categories":[15],"tags":[1758,1044,1764,623,1760,1755,1765,1308,16,17,1762,290,1763,1757,1756,1759,1761],"class_list":{"0":"post-4206","1":"post","2":"type-post","3":"status-publish","4":"format-standard","5":"has-post-thumbnail","7":"category-omelie","8":"tag-corruzione-delluomo","9":"tag-freddezza","10":"tag-grettezza","11":"tag-impurita","12":"tag-incontro-con-dio","13":"tag-la-priorita-dellesistenza","14":"tag-meschinita","15":"tag-mettere-dio-al-centro","16":"tag-omelie","17":"tag-p-giorgio-maria-fare","18":"tag-persecuzioni-di-tutti-i-giorni","19":"tag-presenza-di-dio","20":"tag-rendere-gloria-a-dio","21":"tag-s-ilario-di-poitiers","22":"tag-s-martino-di-tours","23":"tag-violenza","24":"tag-vita-di-ogni-giorno"},"yoast_head":"<!-- This site is optimized with the Yoast SEO plugin v28.2 - https:\/\/yoast.com\/product\/yoast-seo-wordpress\/ -->\n<title>La priorit\u00e0 dell&#039;esistenza - Veritatemincaritate<\/title>\n<meta name=\"robots\" content=\"index, follow, max-snippet:-1, max-image-preview:large, max-video-preview:-1\" \/>\n<link rel=\"canonical\" href=\"https:\/\/www.veritatemincaritate.com\/wp\/2016\/11\/la-priorita-dellesistenza\/\" \/>\n<meta property=\"og:locale\" content=\"it_IT\" \/>\n<meta property=\"og:type\" content=\"article\" \/>\n<meta property=\"og:title\" content=\"La priorit\u00e0 dell&#039;esistenza - Veritatemincaritate\" \/>\n<meta property=\"og:description\" content=\"[vc_row][vc_column][vc_column_text] Omelia Pubblichiamo l\u2019audio di\u00a0un\u2019omelia sulle letture di venerd\u00ec 11\u00a0novembre\u00a02016. Predicatore:\u00a0p. Giorgio Maria Far\u00e9, OCD[\/vc_column_text][vc_column_text] Ascolta la registrazione: Per motivi...\" \/>\n<meta property=\"og:url\" content=\"https:\/\/www.veritatemincaritate.com\/wp\/2016\/11\/la-priorita-dellesistenza\/\" \/>\n<meta property=\"og:site_name\" content=\"Veritatemincaritate\" \/>\n<meta property=\"article:publisher\" content=\"https:\/\/www.facebook.com\/pgiorgiomariafare\" \/>\n<meta property=\"article:published_time\" content=\"2016-11-11T08:59:02+00:00\" \/>\n<meta property=\"article:modified_time\" content=\"2016-11-11T09:07:03+00:00\" \/>\n<meta property=\"og:image\" content=\"https:\/\/www.veritatemincaritate.com\/wp\/wp-content\/uploads\/2016\/11\/LaPrioritaDellEsistenza2.jpg\" \/>\n\t<meta property=\"og:image:width\" content=\"600\" \/>\n\t<meta property=\"og:image:height\" content=\"400\" \/>\n\t<meta property=\"og:image:type\" content=\"image\/jpeg\" \/>\n<meta name=\"author\" content=\"Is551011\" \/>\n<meta name=\"twitter:card\" content=\"summary_large_image\" \/>\n<meta name=\"twitter:label1\" content=\"Scritto da\" \/>\n\t<meta name=\"twitter:data1\" content=\"Is551011\" \/>\n\t<meta name=\"twitter:label2\" content=\"Tempo di lettura stimato\" \/>\n\t<meta name=\"twitter:data2\" content=\"4 minuti\" \/>\n<script type=\"application\/ld+json\" class=\"yoast-schema-graph\">{\"@context\":\"https:\\\/\\\/schema.org\",\"@graph\":[{\"@type\":\"Article\",\"@id\":\"https:\\\/\\\/www.veritatemincaritate.com\\\/wp\\\/2016\\\/11\\\/la-priorita-dellesistenza\\\/#article\",\"isPartOf\":{\"@id\":\"https:\\\/\\\/www.veritatemincaritate.com\\\/wp\\\/2016\\\/11\\\/la-priorita-dellesistenza\\\/\"},\"author\":{\"name\":\"Is551011\",\"@id\":\"https:\\\/\\\/www.veritatemincaritate.com\\\/wp\\\/#\\\/schema\\\/person\\\/ae324896700d097ddc6db39f45894b80\"},\"headline\":\"La priorit\u00e0 dell&#8217;esistenza\",\"datePublished\":\"2016-11-11T08:59:02+00:00\",\"dateModified\":\"2016-11-11T09:07:03+00:00\",\"mainEntityOfPage\":{\"@id\":\"https:\\\/\\\/www.veritatemincaritate.com\\\/wp\\\/2016\\\/11\\\/la-priorita-dellesistenza\\\/\"},\"wordCount\":754,\"publisher\":{\"@id\":\"https:\\\/\\\/www.veritatemincaritate.com\\\/wp\\\/#organization\"},\"image\":{\"@id\":\"https:\\\/\\\/www.veritatemincaritate.com\\\/wp\\\/2016\\\/11\\\/la-priorita-dellesistenza\\\/#primaryimage\"},\"thumbnailUrl\":\"https:\\\/\\\/www.veritatemincaritate.com\\\/wp\\\/wp-content\\\/uploads\\\/2016\\\/11\\\/LaPrioritaDellEsistenza2.jpg\",\"keywords\":[\"Corruzione dell\u2019uomo\",\"Freddezza\",\"grettezza\",\"Impurit\u00e0\",\"incontro con Dio\",\"La priorit\u00e0 dell'esistenza\",\"meschinit\u00e0\",\"Mettere Dio al centro\",\"omelie\",\"p. Giorgio Maria Far\u00e9\",\"persecuzioni di tutti i giorni\",\"Presenza di Dio\",\"rendere gloria a Dio\",\"S. Ilario di Poitiers\",\"S. Martino di Tours\",\"violenza\",\"vita di ogni giorno\"],\"articleSection\":[\"Omelie\"],\"inLanguage\":\"it-IT\"},{\"@type\":\"WebPage\",\"@id\":\"https:\\\/\\\/www.veritatemincaritate.com\\\/wp\\\/2016\\\/11\\\/la-priorita-dellesistenza\\\/\",\"url\":\"https:\\\/\\\/www.veritatemincaritate.com\\\/wp\\\/2016\\\/11\\\/la-priorita-dellesistenza\\\/\",\"name\":\"La priorit\u00e0 dell'esistenza - Veritatemincaritate\",\"isPartOf\":{\"@id\":\"https:\\\/\\\/www.veritatemincaritate.com\\\/wp\\\/#website\"},\"primaryImageOfPage\":{\"@id\":\"https:\\\/\\\/www.veritatemincaritate.com\\\/wp\\\/2016\\\/11\\\/la-priorita-dellesistenza\\\/#primaryimage\"},\"image\":{\"@id\":\"https:\\\/\\\/www.veritatemincaritate.com\\\/wp\\\/2016\\\/11\\\/la-priorita-dellesistenza\\\/#primaryimage\"},\"thumbnailUrl\":\"https:\\\/\\\/www.veritatemincaritate.com\\\/wp\\\/wp-content\\\/uploads\\\/2016\\\/11\\\/LaPrioritaDellEsistenza2.jpg\",\"datePublished\":\"2016-11-11T08:59:02+00:00\",\"dateModified\":\"2016-11-11T09:07:03+00:00\",\"breadcrumb\":{\"@id\":\"https:\\\/\\\/www.veritatemincaritate.com\\\/wp\\\/2016\\\/11\\\/la-priorita-dellesistenza\\\/#breadcrumb\"},\"inLanguage\":\"it-IT\",\"potentialAction\":[{\"@type\":\"ReadAction\",\"target\":[\"https:\\\/\\\/www.veritatemincaritate.com\\\/wp\\\/2016\\\/11\\\/la-priorita-dellesistenza\\\/\"]}]},{\"@type\":\"ImageObject\",\"inLanguage\":\"it-IT\",\"@id\":\"https:\\\/\\\/www.veritatemincaritate.com\\\/wp\\\/2016\\\/11\\\/la-priorita-dellesistenza\\\/#primaryimage\",\"url\":\"https:\\\/\\\/www.veritatemincaritate.com\\\/wp\\\/wp-content\\\/uploads\\\/2016\\\/11\\\/LaPrioritaDellEsistenza2.jpg\",\"contentUrl\":\"https:\\\/\\\/www.veritatemincaritate.com\\\/wp\\\/wp-content\\\/uploads\\\/2016\\\/11\\\/LaPrioritaDellEsistenza2.jpg\",\"width\":600,\"height\":400},{\"@type\":\"BreadcrumbList\",\"@id\":\"https:\\\/\\\/www.veritatemincaritate.com\\\/wp\\\/2016\\\/11\\\/la-priorita-dellesistenza\\\/#breadcrumb\",\"itemListElement\":[{\"@type\":\"ListItem\",\"position\":1,\"name\":\"Home\",\"item\":\"https:\\\/\\\/www.veritatemincaritate.com\\\/wp\\\/\"},{\"@type\":\"ListItem\",\"position\":2,\"name\":\"La priorit\u00e0 dell&#8217;esistenza\"}]},{\"@type\":\"WebSite\",\"@id\":\"https:\\\/\\\/www.veritatemincaritate.com\\\/wp\\\/#website\",\"url\":\"https:\\\/\\\/www.veritatemincaritate.com\\\/wp\\\/\",\"name\":\"Veritatemincaritate\",\"description\":\"Agendo secondo verit\u00e0 nella carit\u00e0, cerchiamo di crescere in ogni cosa tendendo a lui, che \u00e8 il capo, Cristo\",\"publisher\":{\"@id\":\"https:\\\/\\\/www.veritatemincaritate.com\\\/wp\\\/#organization\"},\"potentialAction\":[{\"@type\":\"SearchAction\",\"target\":{\"@type\":\"EntryPoint\",\"urlTemplate\":\"https:\\\/\\\/www.veritatemincaritate.com\\\/wp\\\/?s={search_term_string}\"},\"query-input\":{\"@type\":\"PropertyValueSpecification\",\"valueRequired\":true,\"valueName\":\"search_term_string\"}}],\"inLanguage\":\"it-IT\"},{\"@type\":\"Organization\",\"@id\":\"https:\\\/\\\/www.veritatemincaritate.com\\\/wp\\\/#organization\",\"name\":\"Veritatem facientes in Caritate\",\"url\":\"https:\\\/\\\/www.veritatemincaritate.com\\\/wp\\\/\",\"logo\":{\"@type\":\"ImageObject\",\"inLanguage\":\"it-IT\",\"@id\":\"https:\\\/\\\/www.veritatemincaritate.com\\\/wp\\\/#\\\/schema\\\/logo\\\/image\\\/\",\"url\":\"https:\\\/\\\/www.veritatemincaritate.com\\\/wp\\\/wp-content\\\/uploads\\\/2020\\\/07\\\/Logo-VIC-per-canale-Youtube.jpg\",\"contentUrl\":\"https:\\\/\\\/www.veritatemincaritate.com\\\/wp\\\/wp-content\\\/uploads\\\/2020\\\/07\\\/Logo-VIC-per-canale-Youtube.jpg\",\"width\":720,\"height\":720,\"caption\":\"Veritatem facientes in Caritate\"},\"image\":{\"@id\":\"https:\\\/\\\/www.veritatemincaritate.com\\\/wp\\\/#\\\/schema\\\/logo\\\/image\\\/\"},\"sameAs\":[\"https:\\\/\\\/www.facebook.com\\\/pgiorgiomariafare\",\"https:\\\/\\\/instagram.com\\\/padre_giorgio_maria_fare?igshid=1p8wsw6b3edkc\",\"https:\\\/\\\/www.youtube.com\\\/channel\\\/UCFqjpT1nX60rx3m_SELg3lA\"]},{\"@type\":\"Person\",\"@id\":\"https:\\\/\\\/www.veritatemincaritate.com\\\/wp\\\/#\\\/schema\\\/person\\\/ae324896700d097ddc6db39f45894b80\",\"name\":\"Is551011\",\"image\":{\"@type\":\"ImageObject\",\"inLanguage\":\"it-IT\",\"@id\":\"https:\\\/\\\/secure.gravatar.com\\\/avatar\\\/c031fff76d6f121d3530ae43ac8407bd6ac4d5c3c8a89c237d6990047f9a6307?s=96&d=mm&r=g\",\"url\":\"https:\\\/\\\/secure.gravatar.com\\\/avatar\\\/c031fff76d6f121d3530ae43ac8407bd6ac4d5c3c8a89c237d6990047f9a6307?s=96&d=mm&r=g\",\"contentUrl\":\"https:\\\/\\\/secure.gravatar.com\\\/avatar\\\/c031fff76d6f121d3530ae43ac8407bd6ac4d5c3c8a89c237d6990047f9a6307?s=96&d=mm&r=g\",\"caption\":\"Is551011\"}}]}<\/script>\n<!-- \/ Yoast SEO plugin. -->","yoast_head_json":{"title":"La priorit\u00e0 dell'esistenza - Veritatemincaritate","robots":{"index":"index","follow":"follow","max-snippet":"max-snippet:-1","max-image-preview":"max-image-preview:large","max-video-preview":"max-video-preview:-1"},"canonical":"https:\/\/www.veritatemincaritate.com\/wp\/2016\/11\/la-priorita-dellesistenza\/","og_locale":"it_IT","og_type":"article","og_title":"La priorit\u00e0 dell'esistenza - Veritatemincaritate","og_description":"[vc_row][vc_column][vc_column_text] Omelia Pubblichiamo l\u2019audio di\u00a0un\u2019omelia sulle letture di venerd\u00ec 11\u00a0novembre\u00a02016. Predicatore:\u00a0p. Giorgio Maria Far\u00e9, OCD[\/vc_column_text][vc_column_text] Ascolta la registrazione: Per motivi...","og_url":"https:\/\/www.veritatemincaritate.com\/wp\/2016\/11\/la-priorita-dellesistenza\/","og_site_name":"Veritatemincaritate","article_publisher":"https:\/\/www.facebook.com\/pgiorgiomariafare","article_published_time":"2016-11-11T08:59:02+00:00","article_modified_time":"2016-11-11T09:07:03+00:00","og_image":[{"width":600,"height":400,"url":"https:\/\/www.veritatemincaritate.com\/wp\/wp-content\/uploads\/2016\/11\/LaPrioritaDellEsistenza2.jpg","type":"image\/jpeg"}],"author":"Is551011","twitter_card":"summary_large_image","twitter_misc":{"Scritto da":"Is551011","Tempo di lettura stimato":"4 minuti"},"schema":{"@context":"https:\/\/schema.org","@graph":[{"@type":"Article","@id":"https:\/\/www.veritatemincaritate.com\/wp\/2016\/11\/la-priorita-dellesistenza\/#article","isPartOf":{"@id":"https:\/\/www.veritatemincaritate.com\/wp\/2016\/11\/la-priorita-dellesistenza\/"},"author":{"name":"Is551011","@id":"https:\/\/www.veritatemincaritate.com\/wp\/#\/schema\/person\/ae324896700d097ddc6db39f45894b80"},"headline":"La priorit\u00e0 dell&#8217;esistenza","datePublished":"2016-11-11T08:59:02+00:00","dateModified":"2016-11-11T09:07:03+00:00","mainEntityOfPage":{"@id":"https:\/\/www.veritatemincaritate.com\/wp\/2016\/11\/la-priorita-dellesistenza\/"},"wordCount":754,"publisher":{"@id":"https:\/\/www.veritatemincaritate.com\/wp\/#organization"},"image":{"@id":"https:\/\/www.veritatemincaritate.com\/wp\/2016\/11\/la-priorita-dellesistenza\/#primaryimage"},"thumbnailUrl":"https:\/\/www.veritatemincaritate.com\/wp\/wp-content\/uploads\/2016\/11\/LaPrioritaDellEsistenza2.jpg","keywords":["Corruzione dell\u2019uomo","Freddezza","grettezza","Impurit\u00e0","incontro con Dio","La priorit\u00e0 dell'esistenza","meschinit\u00e0","Mettere Dio al centro","omelie","p. Giorgio Maria Far\u00e9","persecuzioni di tutti i giorni","Presenza di Dio","rendere gloria a Dio","S. Ilario di Poitiers","S. Martino di Tours","violenza","vita di ogni giorno"],"articleSection":["Omelie"],"inLanguage":"it-IT"},{"@type":"WebPage","@id":"https:\/\/www.veritatemincaritate.com\/wp\/2016\/11\/la-priorita-dellesistenza\/","url":"https:\/\/www.veritatemincaritate.com\/wp\/2016\/11\/la-priorita-dellesistenza\/","name":"La priorit\u00e0 dell'esistenza - Veritatemincaritate","isPartOf":{"@id":"https:\/\/www.veritatemincaritate.com\/wp\/#website"},"primaryImageOfPage":{"@id":"https:\/\/www.veritatemincaritate.com\/wp\/2016\/11\/la-priorita-dellesistenza\/#primaryimage"},"image":{"@id":"https:\/\/www.veritatemincaritate.com\/wp\/2016\/11\/la-priorita-dellesistenza\/#primaryimage"},"thumbnailUrl":"https:\/\/www.veritatemincaritate.com\/wp\/wp-content\/uploads\/2016\/11\/LaPrioritaDellEsistenza2.jpg","datePublished":"2016-11-11T08:59:02+00:00","dateModified":"2016-11-11T09:07:03+00:00","breadcrumb":{"@id":"https:\/\/www.veritatemincaritate.com\/wp\/2016\/11\/la-priorita-dellesistenza\/#breadcrumb"},"inLanguage":"it-IT","potentialAction":[{"@type":"ReadAction","target":["https:\/\/www.veritatemincaritate.com\/wp\/2016\/11\/la-priorita-dellesistenza\/"]}]},{"@type":"ImageObject","inLanguage":"it-IT","@id":"https:\/\/www.veritatemincaritate.com\/wp\/2016\/11\/la-priorita-dellesistenza\/#primaryimage","url":"https:\/\/www.veritatemincaritate.com\/wp\/wp-content\/uploads\/2016\/11\/LaPrioritaDellEsistenza2.jpg","contentUrl":"https:\/\/www.veritatemincaritate.com\/wp\/wp-content\/uploads\/2016\/11\/LaPrioritaDellEsistenza2.jpg","width":600,"height":400},{"@type":"BreadcrumbList","@id":"https:\/\/www.veritatemincaritate.com\/wp\/2016\/11\/la-priorita-dellesistenza\/#breadcrumb","itemListElement":[{"@type":"ListItem","position":1,"name":"Home","item":"https:\/\/www.veritatemincaritate.com\/wp\/"},{"@type":"ListItem","position":2,"name":"La priorit\u00e0 dell&#8217;esistenza"}]},{"@type":"WebSite","@id":"https:\/\/www.veritatemincaritate.com\/wp\/#website","url":"https:\/\/www.veritatemincaritate.com\/wp\/","name":"Veritatemincaritate","description":"Agendo secondo verit\u00e0 nella carit\u00e0, cerchiamo di crescere in ogni cosa tendendo a lui, che \u00e8 il capo, Cristo","publisher":{"@id":"https:\/\/www.veritatemincaritate.com\/wp\/#organization"},"potentialAction":[{"@type":"SearchAction","target":{"@type":"EntryPoint","urlTemplate":"https:\/\/www.veritatemincaritate.com\/wp\/?s={search_term_string}"},"query-input":{"@type":"PropertyValueSpecification","valueRequired":true,"valueName":"search_term_string"}}],"inLanguage":"it-IT"},{"@type":"Organization","@id":"https:\/\/www.veritatemincaritate.com\/wp\/#organization","name":"Veritatem facientes in Caritate","url":"https:\/\/www.veritatemincaritate.com\/wp\/","logo":{"@type":"ImageObject","inLanguage":"it-IT","@id":"https:\/\/www.veritatemincaritate.com\/wp\/#\/schema\/logo\/image\/","url":"https:\/\/www.veritatemincaritate.com\/wp\/wp-content\/uploads\/2020\/07\/Logo-VIC-per-canale-Youtube.jpg","contentUrl":"https:\/\/www.veritatemincaritate.com\/wp\/wp-content\/uploads\/2020\/07\/Logo-VIC-per-canale-Youtube.jpg","width":720,"height":720,"caption":"Veritatem facientes in Caritate"},"image":{"@id":"https:\/\/www.veritatemincaritate.com\/wp\/#\/schema\/logo\/image\/"},"sameAs":["https:\/\/www.facebook.com\/pgiorgiomariafare","https:\/\/instagram.com\/padre_giorgio_maria_fare?igshid=1p8wsw6b3edkc","https:\/\/www.youtube.com\/channel\/UCFqjpT1nX60rx3m_SELg3lA"]},{"@type":"Person","@id":"https:\/\/www.veritatemincaritate.com\/wp\/#\/schema\/person\/ae324896700d097ddc6db39f45894b80","name":"Is551011","image":{"@type":"ImageObject","inLanguage":"it-IT","@id":"https:\/\/secure.gravatar.com\/avatar\/c031fff76d6f121d3530ae43ac8407bd6ac4d5c3c8a89c237d6990047f9a6307?s=96&d=mm&r=g","url":"https:\/\/secure.gravatar.com\/avatar\/c031fff76d6f121d3530ae43ac8407bd6ac4d5c3c8a89c237d6990047f9a6307?s=96&d=mm&r=g","contentUrl":"https:\/\/secure.gravatar.com\/avatar\/c031fff76d6f121d3530ae43ac8407bd6ac4d5c3c8a89c237d6990047f9a6307?s=96&d=mm&r=g","caption":"Is551011"}}]}},"menu_order":0,"_links":{"self":[{"href":"https:\/\/www.veritatemincaritate.com\/wp\/wp-json\/wp\/v2\/posts\/4206","targetHints":{"allow":["GET"]}}],"collection":[{"href":"https:\/\/www.veritatemincaritate.com\/wp\/wp-json\/wp\/v2\/posts"}],"about":[{"href":"https:\/\/www.veritatemincaritate.com\/wp\/wp-json\/wp\/v2\/types\/post"}],"author":[{"embeddable":true,"href":"https:\/\/www.veritatemincaritate.com\/wp\/wp-json\/wp\/v2\/users\/4"}],"replies":[{"embeddable":true,"href":"https:\/\/www.veritatemincaritate.com\/wp\/wp-json\/wp\/v2\/comments?post=4206"}],"version-history":[{"count":0,"href":"https:\/\/www.veritatemincaritate.com\/wp\/wp-json\/wp\/v2\/posts\/4206\/revisions"}],"wp:featuredmedia":[{"embeddable":true,"href":"https:\/\/www.veritatemincaritate.com\/wp\/wp-json\/wp\/v2\/media\/4213"}],"wp:attachment":[{"href":"https:\/\/www.veritatemincaritate.com\/wp\/wp-json\/wp\/v2\/media?parent=4206"}],"wp:term":[{"taxonomy":"category","embeddable":true,"href":"https:\/\/www.veritatemincaritate.com\/wp\/wp-json\/wp\/v2\/categories?post=4206"},{"taxonomy":"post_tag","embeddable":true,"href":"https:\/\/www.veritatemincaritate.com\/wp\/wp-json\/wp\/v2\/tags?post=4206"}],"curies":[{"name":"wp","href":"https:\/\/api.w.org\/{rel}","templated":true}]}}