{"id":457,"date":"2015-10-14T22:20:10","date_gmt":"2015-10-14T20:20:10","guid":{"rendered":"http:\/\/www.veritatemincaritate.com\/?p=457"},"modified":"2021-07-06T15:50:27","modified_gmt":"2021-07-06T13:50:27","slug":"triduo-a-s-teresa-di-gesu-terzo-giorno","status":"publish","type":"post","link":"https:\/\/www.veritatemincaritate.com\/wp\/2015\/10\/triduo-a-s-teresa-di-gesu-terzo-giorno\/","title":{"rendered":"Triduo a S. Teresa di Ges\u00f9 &#8211; Terzo giorno"},"content":{"rendered":"<div class=\"wpb-content-wrapper\"><p>[vc_row][vc_column][vc_column_text]<\/p>\n<h3>Omelia sulle letture di mercoled\u00ec\u00a014 ottobre 2015<\/h3>\n<p>Pubblichiamo l&#8217;audio dell&#8217;omelia del terzo\u00a0giorno di triduo in preparazione alla memoria di S. Teresa di Ges\u00f9.<\/p>\n<p>Predicatore: p. Giorgio Maria Far\u00e9.[\/vc_column_text][\/vc_column][\/vc_row][vc_row][vc_column][vc_column_text]<\/p>\n<h4>Ascolta la registrazione:<\/h4>\n<p>Per motivi di intenso traffico non ci \u00e8 possibile rendere disponibile l&#8217;ascolto dei file audio direttamente dal nostro sito. Se hai dubbi su come fare, vai alle <a href=\"http:\/\/www.veritatemincaritate.com\/chi-siamo\/istruzioni-per-lascolto-delle-registrazioni\/\" target=\"_blank\" rel=\"noopener noreferrer\">istruzioni per l&#8217;ascolto delle registrazioni<\/a>.[\/vc_column_text][vc_row_inner][vc_column_inner width=&#8221;1\/2&#8243;][vc_column_text]<style type=\"text\/css\">.thegem-button-69f3ada501deb8349 .gem-button {font-size: 14px;}.thegem-button-69f3ada501deb8349 .gem-button-text {font-size: 14px;}.thegem-button-69f3ada501deb8349 .gem-button svg {fill: #FFFFFF;}<\/style><div class=\"gem-button-container gem-button-position-inline thegem-button-69f3ada501deb8349    \"  ><a class=\"gem-button gem-button-size-small gem-button-style-flat gem-button-text-weight-normal\" data-ll-effect=\"drop-right-without-wrap\" style=\"border-radius: 3px;background-color: #FF5C00;color: #FFFFFF;\" onmouseleave=\"this.style.backgroundColor='#FF5C00';this.style.color='#FFFFFF';\" onmouseenter=\"\" href=\"https:\/\/www.dropbox.com\/s\/wbzu6vbsfceyasx\/151014-Omelia-TriduoSTeresadiGesu-3.m4a?dl=1\" target=\"_self\">Scarica la registrazione<\/a><\/div> [\/vc_column_text][\/vc_column_inner][vc_column_inner width=&#8221;1\/2&#8243;][vc_column_text]<style type=\"text\/css\">.thegem-button-69f3ada501f97949 .gem-button {font-size: 14px;}.thegem-button-69f3ada501f97949 .gem-button-text {font-size: 14px;}.thegem-button-69f3ada501f97949 .gem-button svg {fill: #FFFFFF;}<\/style><div class=\"gem-button-container gem-button-position-inline thegem-button-69f3ada501f97949    \"  ><a class=\"gem-button gem-button-size-small gem-button-style-flat gem-button-text-weight-normal\" data-ll-effect=\"drop-right-without-wrap\" style=\"border-radius: 3px;background-color: #FF5C00;color: #FFFFFF;\" onmouseleave=\"this.style.backgroundColor='#FF5C00';this.style.color='#FFFFFF';\" onmouseenter=\"\" href=\"https:\/\/www.dropbox.com\/s\/wbzu6vbsfceyasx\/151014-Omelia-TriduoSTeresadiGesu-3.m4a?dl=0\" target=\"_self\">Ascolta la registrazione<\/a><\/div> [\/vc_column_text][\/vc_column_inner][\/vc_row_inner][\/vc_column][\/vc_row][vc_row][vc_column][vc_row_inner][vc_column_inner][vc_column_text][\/vc_column_text][\/vc_column_inner][\/vc_row_inner][\/vc_column][\/vc_row][vc_row][vc_column][vc_cta h2=&#8221;Approfondimento&#8221; h4=&#8221;S. Teresa di Ges\u00f9 &#8211; Esclamazioni dell&#8217;anima a Dio&#8221; shape=&#8221;square&#8221; style=&#8221;flat&#8221; add_button=&#8221;bottom&#8221; btn_title=&#8221;Leggi il testo&#8221; btn_style=&#8221;flat&#8221; btn_color=&#8221;orange&#8221; btn_size=&#8221;sm&#8221; btn_link=&#8221;url:https%3A%2F%2Fwww.monasterovirtuale.it%2Fteresa-di-avila-esclamazioini-della-anima-a-dio.html|title:Leggi%20online|target:_blank&#8221;][\/vc_cta][vc_column_text]<\/p>\n<h2>Testo della meditazione<\/h2>\n<h2><a href=\"https:\/\/www.veritatemincaritate.com\/wp\/wp-content\/uploads\/2021\/07\/151014-Omelia-del-14-ottobre-2015.pdf\" target=\"_blank\" rel=\"noopener\">Scarica il testo della meditazione<\/a><\/h2>\n<h1>Triduo a S. Teresa di Ges\u00f9 &#8211; Terzo giorno<\/h1>\n<p>Sia lodato Ges\u00f9 Cristo! Sempre sia lodato!<\/p>\n<p>Con questa sera concludiamo questo triduo in preparazione alla solennit\u00e0 di domani, infatti celebriamo questa sera la Messa prefestiva e questo \u00e8 il terzo giorno del triduo, che ci introduce nella solennit\u00e0 di Santa Teresa di Ges\u00f9.<\/p>\n<p>Andiamo avanti a lasciarci istruire da questo Dottore della Chiesa nel nostro rapporto con Dio, prendendo proprio questo Vangelo di San Giovanni, al capitolo VII, che abbiamo appena letto, dove Ges\u00f9 dice: \u201c<em>Chi ha sete venga a me e beva, chi crede in me, come dice la Scrittura: fiumi di acqua viva sgorgheranno dal suo seno\u201d.<\/em><\/p>\n<p>Dobbiamo andare da Ges\u00f9! Tutti abbiamo sete!<\/p>\n<p>Tutti abbiamo bisogno di senso nella vita, tutti abbiamo bisogno di verit\u00e0, tutti abbiamo bisogno di qualcuno di affidabile, tutti abbiamo bisogno di Ges\u00f9, perch\u00e9 abbiamo una sete che ci divora costantemente.<\/p>\n<p>Paradossalmente in questo tempo cos\u00ec laico, anzi dovremmo dire cos\u00ec laicista, c\u2019\u00e8 un bisogno estremo di spiritualit\u00e0, di qualcuno che ci insegni a pregare, a stare con il Signore, ad avere una spiritualit\u00e0 retta, ordinata.<\/p>\n<p>Santa Teresa di Ges\u00f9, sempre in quest\u2019opera, le \u201cEsclamazioni dell\u2019anima a Dio\u201d, scrive: \u201c<em>Ecco un fatto che mi stupisce <\/em>(che dovrebbe stupire tutti noi, a dire la verit\u00e0). <em>Non si ha il coraggio di superare una leggera difficolt\u00e0; ci si crede incapaci, pur volendolo, di liberarci da un&#8217;occasione o di sottrarci a un pericolo in cui l&#8217;anima si perde; eppure si ha coraggio ed ardire di levarci contro una Maest\u00e0 cos\u00ec grande come la Vostra. Cos&#8217;\u00e8 questo, o mio Bene, cos&#8217;\u00e8? Chi ci infonde tanto ardire?\u201d<\/em><\/p>\n<p>\u00c8 l\u2019ardire di offendere Dio, l\u2019ardire di non sapere superare una difficolt\u00e0 piccola per il Signore.<\/p>\n<p>Quante piccole difficolt\u00e0 incontriamo nella nostra vita!<\/p>\n<p>Anche quelle che ci sembrano enormi non sono niente, in confronto a quelle che vivono i Cristiani perseguitati, che ci hanno preceduto nella storia e che vivono accanto a noi oggi.<\/p>\n<p>Pensate in tutte quelle terre oggi, adesso, quanti Cristiani perseguitati vengono uccisi, martirizzati, torturati, per il nome di Cristo\u2026<\/p>\n<p>Non \u00e8 finito lo sterminio dei Cristiani, la persecuzione dei Cristiani, dei discepoli di Ges\u00f9; non soltanto al tempo di Diocleziano e di Nerone c\u2019erano le persecuzioni, oggi \u00a0forse pi\u00f9 di allora, e noi andiamo avanti a mangiare la pastasciutta come se niente fosse.<\/p>\n<p>Sentiamo di Cristiani che vengono decapitati, torturati, mentre mangiamo il minestrone con l\u2019insalata e la bistecca\u2026una cosa normale, come vedere i cartoni animati di Barbapap\u00e0, la stessa cosa; oramai siamo abituati anche a sentire che la gente muore e viene sgozzata per il nome di Ges\u00f9, che vive in esilio per il nome di Ges\u00f9, che perde i genitori e i figli per il nome di Ges\u00f9.<\/p>\n<p>Noi, invece, se dobbiamo affrontare una piccola difficolt\u00e0, una puntura di spillo direbbe Santa Teresa di Ges\u00f9 Bambino, oh\u2026una tragedia: subito ci lamentiamo, subito soffriamo, subito ci sembra una cosa impossibile, non ce la facciamo!<\/p>\n<p>\u201c\u2026<em>di liberarci da un&#8217;occasione o di sottrarci a un pericolo in cui l&#8217;anima si perde\u201d.<\/em><\/p>\n<p>Quante occasioni di peccato non evitate!<\/p>\n<p>Quante occasioni di peccato non evitate!<\/p>\n<p>Sant\u2019Alfonso Maria dei Liguori scrive che, ci\u00f2 che veramente fa paura al demonio, \u00e8 il proposito fermo di fuggire le occasioni di peccato, perch\u00e9, di tutti gli altri propositi, il demonio se la ride: di tutte le nostre promesse, i nostri voti, i nostri giuramenti, i nostri \u201cfar\u00f2\u201d, i nostri futuri prossimi e remoti; se la ride, perch\u00e9 tanto non li rispettiamo.<\/p>\n<p>Facciamo dieci propositi in Quaresima e non ne rispettiamo neanche uno!<\/p>\n<p>Ne facciamo venti in Avvento e arriviamo a Natale che non ci ricordiamo neanche pi\u00f9 cosa avevamo detto all\u2019inizio dell\u2019Avvento!<\/p>\n<p>Certo, perch\u00e9 non li sappiamo mantenere. Sant\u2019Alfonso Maria dei Liguori invece scrive, che \u00e8 quando io fuggo le occasioni del peccato, che veramente io dico che mi sto convertendo, che sto accettando la grazia di Dio.<\/p>\n<p>In quante occasioni, invece, io mi espongo! Quante volte io non mi curo dell\u2019anima!<\/p>\n<p>Come viene trattata?<\/p>\n<p>Pensate davanti alla televisione a quanta violenza subiamo senza battere ciglio\u2026ci costringe, perch\u00e9 alle volte ci costringe, con una pubblicit\u00e0, con una immagine all\u2019improvviso, a vedere \u00a0cose che non vorremmo vedere.<\/p>\n<p>Pensate ai discorsi lascivi che si fanno anche tra noi Cristiani, alle volgarit\u00e0, ai discorsi inutili, ai chiacchiericci, ai pettegolezzi, alle mormorazioni\u2026tutte occasioni davanti alle quali noi dovremmo fuggire, invece noi rimaniamo l\u00ec imbambolati.<\/p>\n<p>\u201c<em>Chi ci infonde tanto ardire?\u201d<\/em><\/p>\n<p>Questa infatti \u00e8 una temerariet\u00e0, \u00e8 uno sfidare Dio.<\/p>\n<p>Lei scrive: \u201c<em>Non \u00e8 forse un vostro schiavo, dannato al fuoco eterno, il capitano che conduce contro di Voi questa guerra? <\/em>(Lei sta parlando di Lucifero, del demonio) <em>Come, dunque, vi si leva contro? Come un vinto pu\u00f2<\/em> <em>infondere tanta audacia? <\/em>(Come \u00e8 possibile che uno gi\u00e0 \u00a0sconfitto dia tanta forza a noi?) <em>Perch\u00e9 si segue un miserabile espulso dalle ricchezze eterne? Che pu\u00f2 dare, se non un&#8217;estrema miseria, chi non ha nulla per s\u00e9? Cos&#8217;\u00e8 questo, mio Dio? Cos&#8217;\u00e8 questo, Creatore mio? Donde viene che si abbia tanto ardire con Voi, e tanta codardia di fronte al demonio?\u201d<\/em><\/p>\n<p>Proprio oggi mi hanno telefonato, un\u2019ora fa, perch\u00e9 ieri sera hanno visto una trasmissione, di cui non cito n\u00e9 il nome n\u00e9 il canale (per l\u2019amor del cielo, perch\u00e9, chi non l\u2019ha vista, meglio per lui), dove l\u00ec dentro c\u2019erano preti non pi\u00f9 preti, che dicevano cose brutte, contro-testimonianze.<\/p>\n<p>Da dove arriva tanto ardore, o meglio, tanto ardire? Da Dio? Dalla verit\u00e0?<\/p>\n<p>No! Chi mette mano all\u2019aratro, e poi si volge indietro, non \u00e8 adatto per il Regno dei Cieli. Punto.<\/p>\n<p>\u00c8 colpa di Dio perch\u00e9 li ha scelti?<\/p>\n<p>Ma Ges\u00f9 ha scelto anche Giuda, \u00e8 colpa di Giuda se dopo ha tradito!<\/p>\n<p>Abbiamo letto ieri sera\u2026quanti traditori tra i discepoli di Ges\u00f9, quanta gente che Lo tradisce seminando confusione nel Popolo di Dio!<\/p>\n<p>Uno non capisce pi\u00f9\u2026uno che la dice in un modo, uno che la dice in un altro, uno che va contro Tizio e uno che va contro Caio, non si capisce pi\u00f9 niente!<\/p>\n<p>Certo, se smettiamo di seguire Ges\u00f9 e cominciamo a seguire dottrine varie e peregrine, come dice San Paolo, i gusti degli uomini, se tradiamo il Vangelo, se vogliamo accontentare l\u2019uomo e non Dio, viene fuori una Babele, viene l\u2019Inferno sulla terra, non si capisce pi\u00f9 niente!<\/p>\n<p>Dopo uno chiama e dice: \u00abNon capisco pi\u00f9 niente\u2026sono confuso, sono amareggiato, ho visto quella trasmissione ieri sera, adesso sono ancora qui tutto turbato\u00bb.<\/p>\n<p>Ma io dico: \u00abPerch\u00e9, invece di ascoltare questa immondizia, non spegniamo e non andiamo davanti al crocefisso a pregare? Perch\u00e9 non andiamo davanti al tabernacolo? Perch\u00e9 non ci mettiamo a dire il Rosario?\u00bb<\/p>\n<p>Che vantaggio, che educazione posso avere, dall\u2019ascoltare il male?<\/p>\n<p>\u201c<em>Beato l\u2019uomo che chiude gli occhi e si rifiuta di guardare il male\u201d<\/em>, dice il Salmo, <em>\u201cla sua casa sar\u00e0 sulla fortezza delle rocce\u201d.<\/em><\/p>\n<p>Teresa continua:<em> \u201cSe almeno Voi, o mio Principe, non amaste tanto i vostri sudditi, e noi avessimo degli obblighi con il principe delle tenebre! Ma anche allora sarebbe sempre incomprensibile, sapendo noi da una parte quello che Voi ci tenete preparato per l&#8217;eternit\u00e0, e dall&#8217;altra quanto siano falsi i piaceri del nemico e traditrici le sue promesse. Del resto, che pu\u00f2 mai fare per noi chi cos\u00ec vi combatte?\u201d<\/em><\/p>\n<p>Siamo contenti? A queste persone ci sarebbe da fare una domanda, ai Giuda della Storia ci sarebbe da fare una domanda: \u00abMa tu sei contento? I tuoi occhi dicono gioia, dicono pace, dicono mitezza?\u00bb<\/p>\n<p>No, tu fingi di essere contento ma dentro hai un tormento terribile, lo si vede, lo si sente.<\/p>\n<p>Se voi ascoltate queste cose, poi fate partire un video di Santa Teresa di Calcutta, voi vedete subito la differenza, tra chi \u00e8 di Dio e chi non lo \u00e8.<\/p>\n<p>Madre Teresa di Calcutta, quando parlava (io ho avuto la grazia una volta sola di sentirla parlare a Roma, in Universit\u00e0), anche se parlava in inglese (e io non ho capito niente di quello che ha detto), ti entrava dentro una roba nell\u2019anima che ti spaccava in due, ti veniva da piangere solo a sentire la sua voce.<\/p>\n<p>Questa donna teneva sempre in mano, sempre, ovunque e in mezzo a chiunque, la Corona del Rosario, sempre. Voi non vedrete mai Madre Teresa di Calcutta camminare, in una ripresa, in una foto, senza in mano il Rosario, sempre, sempre, sempre.<\/p>\n<p>Questa s\u00ec che era una donna amica di Ges\u00f9, come Santa Teresa di Ges\u00f9!<\/p>\n<p>Solo che, di Santa Teresa di Ges\u00f9, non possiamo ascoltare una registrazione o vedere un video, ma di Madre Teresa s\u00ec, e, \u00a0guardando questo, noi possiamo capire che quello che c\u2019\u00e8 oggi \u00e8 follia, sono semplicemente follie, come dice Santa Teresa, sono malattie della mente.<\/p>\n<p>Infatti lei lo scrive, proprio adesso ve lo leggo: \u201c<em>Che profondo accecamento, o mio Dio! Che nera ingratitudine, o mio Re! Che incurabile follia, o mio Dio! Serviamo il demonio coi vostri stessi doni! Paghiamo il grande amore che ci portate amando chi vi odia e vi odier\u00e0 senza fine! Per noi avete sparso il vostro sangue, per noi avete sofferto i flagelli, i tormenti pi\u00f9 atroci e i pi\u00f9 crudeli dolori; e noi, <\/em>(questa espressione \u00e8 fortissima) <em>\u00a0invece di vendicare vostro Padre degli orribili oltraggi inflitti a Voi, suo Figliolo, poich\u00e9 Voi non volete vendetta e perdonate a tutti, prendiamo a nostri compagni ed amici quegli stessi che vi hanno trattato cos\u00ec male\u201d.<\/em><\/p>\n<p>Leggendo Santa Teresa si capisce come il tema dell\u2019eternit\u00e0, il tema dell\u2019anima immortale, il tema dei Novissimi, sia un tema centrale.<\/p>\n<p>Allora uno dice: \u00abMa Santa Teresa parla sempre di queste cose?\u00bb<\/p>\n<p>S\u00ec, anche di queste cose!<\/p>\n<p>Ne parla spesso; siamo noi che epuriamo, andiamo a prendere solo quello che piace a noi, ma Santa Teresa parla di queste cose.<\/p>\n<p>Lei scrive: <em>\u201cO voi che siete abituati ai piaceri, ai divertimenti, alle feste e a fare in tutto la vostra volont\u00e0, abbiate piet\u00e0 di voi stessi!\u201d<\/em><\/p>\n<p>Altro che le pizze e le feste e non so quale altra cosa!<\/p>\n<p>Scrive ancora Santa Teresa: \u201c<em>Pensate alle furie infernali in bal\u00eca delle quali dovrete stare per sempre, s\u00ec per sempre, per tutta l&#8217;eternit\u00e0. Pensate e pensate bene che non avete di sicuro neppur un istante, e che chi vi prega \u00e8 il Giudice stesso che vi dovr\u00e0 condannare\u201d. <\/em><\/p>\n<p>\u00c8 Dottore della Chiesa, eh\u2026\u00e8 Dottore della Chiesa!<\/p>\n<p>Che ci piaccia o no, \u00e8 Dottore della Chiesa!<\/p>\n<p>Che ci piaccia o no, queste sono le parole scritte da lei, anche se ci danno fastidio, anche se ci fanno venire l\u2019orticaria, anche se ci fanno venire i pruriti, non ha importanza!<\/p>\n<p>Non ci piacciono?<\/p>\n<p>Andiamo altrove; come diceva Teresina: \u201c<em>Io dico la verit\u00e0, chi non la vuole ascoltare non venga a chiedermela! Parlano male di me? Non mi stimano? Tanto peggio! Non mi interessa, ma questa \u00e8 la verit\u00e0\u201d.<\/em><\/p>\n<p>\u00c8 scritto, basta andare a prendere il libro delle sue opere e nelle \u201cEsclamazioni dell\u2019anima a Dio\u201d si trovano scritte queste parole.<\/p>\n<p>\u00c8 bello fare la festa di Santa Teresa, bello fare la solennit\u00e0, bello, s\u00ec certo\u2026<\/p>\n<p>\u00c8 utile?<\/p>\n<p>Dipende\u2026dipende se le sue parole diventano carne e sangue nella mia vita.<\/p>\n<p>Dipende se le sue riflessioni servono a cambiare la mia anima, a farla diventare una vera anima di Dio, a rinnegare il peccato, a fuggire l\u2019Inferno, a dedicarmi al Paradiso, a volere stare in compagnia con Dio, a pensare al destino della mia anima, cio\u00e8 al dopo morte e non a concentrarmi solo sul presente, come se noi dovessimo vivere per l\u2019eternit\u00e0 qui sulla terra.<\/p>\n<p>Moriremo tutti, moriremo tutti e, come dice Teresa, tutti dovremo presentarci al cospetto di Dio.<\/p>\n<p>Del resto, noi gi\u00e0 adesso facciamo questa esperienza, perch\u00e9, quando siamo in grazia di Dio, siamo in una pace incredibile anche se in mezzo a tante difficolt\u00e0, la vita scorre con una grande serenit\u00e0 interiore, con un grande atto di abbandono alla Volont\u00e0 del Padre, con una grande amicizia, una grande intimit\u00e0 col Signore, come diceva lei, che Lo vedeva alla sua destra; noi magari non Lo vediamo, ma Lo sentiamo presente, testimone oculare dei nostri pensieri e delle nostre azioni, nostro compagno e amico fedele, sempre presente.<\/p>\n<p>Invece, se siamo in disgrazia di Dio, gi\u00e0 sperimentiamo nella nostra anima l\u2019Inferno, gi\u00e0 sentiamo quel fuoco, che \u00e8 la lontananza da Dio, che \u00e8 il disappunto di Dio, che \u00e8 l\u2019ira di Dio, come diceva San Paolo ieri.<\/p>\n<p>Sta a noi scegliere!<\/p>\n<p>\u00c8 difficile convertirsi!<\/p>\n<p>\u00c8 vero, perch\u00e9 Santa Teresa scrive che \u00e8 difficile, \u00e8 difficile per noi rinunciare alle occasioni\u2026a noi la scelta.<\/p>\n<p>La scelta del Cristiano si gioca su due parole: \u00abO scegli il presente o scegli l\u2019eternit\u00e0\u00bb.<\/p>\n<p>Decidi tu!<\/p>\n<p>Sia lodato Ges\u00f9 Cristo!<\/p>\n<p>Sempre sia lodato!<\/p>\n<h1><\/h1>\n<p>[\/vc_column_text][vc_column_text]<\/p>\n<h2>Vangelo\u00a0del giorno<\/h2>\n<h3><\/h3>\n<p>Il Vangelo \u00e8 quello proprio\u00a0della Solennit\u00e0 Carmelitana di S. Teresa di Ges\u00f9.<\/p>\n<p>Gv 7, 14-19 37-39<\/p>\n<p>In quel tempo quando ormai si era a met\u00e0 della festa, Ges\u00f9 sal\u00ec al tempio e vi insegnava. I Giudei ne erano stupiti e dicevano: &#8220;Come mai costui conosce le Scritture, senza avere studiato?&#8221;.<br \/>\nGes\u00f9 proclama la sua missione Ges\u00f9 rispose: &#8220;La mia dottrina non \u00e8 mia, ma di colui che mi ha mandato. Chi vuol fare la sua volont\u00e0, conoscer\u00e0 se questa dottrina viene da Dio, o se io parlo da me stesso. Chi parla da se stesso, cerca la propria gloria; ma chi cerca la gloria di colui che l`ha mandato \u00e8 veritiero, e in lui non c`\u00e8 ingiustizia.<br \/>\nNell`ultimo giorno, il grande giorno della festa, Ges\u00f9 levatosi in piedi esclam\u00f2 ad alta voce: &#8220;Chi ha sete venga a me e beva, chi crede in me. Come dice la Scrittura: fiumi di acqua viva sgorgheranno dal suo seno&#8221;. Questo egli disse riferendosi allo Spirito che avrebbero ricevuto i credenti in lui.[\/vc_column_text][\/vc_column][\/vc_row][vc_row][vc_column][\/vc_column][\/vc_row]<\/p>\n<\/div>","protected":false},"excerpt":{"rendered":"<p>[vc_row][vc_column][vc_column_text] Omelia sulle letture di mercoled\u00ec\u00a014 ottobre 2015 Pubblichiamo l&#8217;audio dell&#8217;omelia del terzo\u00a0giorno di triduo in preparazione alla memoria di&#8230;<\/p>\n","protected":false},"author":3,"featured_media":425,"comment_status":"closed","ping_status":"closed","sticky":false,"template":"","format":"standard","meta":{"footnotes":""},"categories":[15],"tags":[67,105,99,16,17,32,1123,91,104,7885],"class_list":{"0":"post-457","1":"post","2":"type-post","3":"status-publish","4":"format-standard","5":"has-post-thumbnail","7":"category-omelie","8":"tag-conversione","9":"tag-demonio","10":"tag-esclamazioni-dellanima-a-dio","11":"tag-omelie","12":"tag-p-giorgio-maria-fare","13":"tag-persecuzione","14":"tag-s-teresa-davila","15":"tag-s-teresa-di-gesu","16":"tag-testimonianza","17":"tag-triduo"},"yoast_head":"<!-- This site is optimized with the Yoast SEO plugin v27.5 - https:\/\/yoast.com\/product\/yoast-seo-wordpress\/ -->\n<title>Triduo a S. Teresa di Ges\u00f9 - Terzo giorno - Veritatemincaritate<\/title>\n<meta name=\"robots\" content=\"index, follow, max-snippet:-1, max-image-preview:large, max-video-preview:-1\" \/>\n<link rel=\"canonical\" href=\"https:\/\/www.veritatemincaritate.com\/wp\/2015\/10\/triduo-a-s-teresa-di-gesu-terzo-giorno\/\" \/>\n<meta property=\"og:locale\" content=\"it_IT\" \/>\n<meta property=\"og:type\" content=\"article\" \/>\n<meta property=\"og:title\" content=\"Triduo a S. Teresa di Ges\u00f9 - Terzo giorno - Veritatemincaritate\" \/>\n<meta property=\"og:description\" content=\"[vc_row][vc_column][vc_column_text] Omelia sulle letture di mercoled\u00ec\u00a014 ottobre 2015 Pubblichiamo l&#8217;audio dell&#8217;omelia del terzo\u00a0giorno di triduo in preparazione alla memoria di...\" \/>\n<meta property=\"og:url\" content=\"https:\/\/www.veritatemincaritate.com\/wp\/2015\/10\/triduo-a-s-teresa-di-gesu-terzo-giorno\/\" \/>\n<meta property=\"og:site_name\" content=\"Veritatemincaritate\" \/>\n<meta property=\"article:publisher\" content=\"https:\/\/www.facebook.com\/pgiorgiomariafare\" \/>\n<meta property=\"article:published_time\" content=\"2015-10-14T20:20:10+00:00\" \/>\n<meta property=\"article:modified_time\" content=\"2021-07-06T13:50:27+00:00\" \/>\n<meta property=\"og:image\" content=\"https:\/\/www.veritatemincaritate.com\/wp\/wp-content\/uploads\/2015\/10\/STeresaGesu.jpg\" \/>\n\t<meta property=\"og:image:width\" content=\"600\" \/>\n\t<meta property=\"og:image:height\" content=\"400\" \/>\n\t<meta property=\"og:image:type\" content=\"image\/jpeg\" \/>\n<meta name=\"author\" content=\"Gv1114\" \/>\n<meta name=\"twitter:card\" content=\"summary_large_image\" \/>\n<meta name=\"twitter:label1\" content=\"Scritto da\" \/>\n\t<meta name=\"twitter:data1\" content=\"Gv1114\" \/>\n\t<meta name=\"twitter:label2\" content=\"Tempo di lettura stimato\" \/>\n\t<meta name=\"twitter:data2\" content=\"11 minuti\" \/>\n<script type=\"application\/ld+json\" class=\"yoast-schema-graph\">{\"@context\":\"https:\\\/\\\/schema.org\",\"@graph\":[{\"@type\":\"Article\",\"@id\":\"https:\\\/\\\/www.veritatemincaritate.com\\\/wp\\\/2015\\\/10\\\/triduo-a-s-teresa-di-gesu-terzo-giorno\\\/#article\",\"isPartOf\":{\"@id\":\"https:\\\/\\\/www.veritatemincaritate.com\\\/wp\\\/2015\\\/10\\\/triduo-a-s-teresa-di-gesu-terzo-giorno\\\/\"},\"author\":{\"name\":\"Gv1114\",\"@id\":\"https:\\\/\\\/www.veritatemincaritate.com\\\/wp\\\/#\\\/schema\\\/person\\\/17ae821a27aada104588a1d94f526471\"},\"headline\":\"Triduo a S. Teresa di Ges\u00f9 &#8211; Terzo giorno\",\"datePublished\":\"2015-10-14T20:20:10+00:00\",\"dateModified\":\"2021-07-06T13:50:27+00:00\",\"mainEntityOfPage\":{\"@id\":\"https:\\\/\\\/www.veritatemincaritate.com\\\/wp\\\/2015\\\/10\\\/triduo-a-s-teresa-di-gesu-terzo-giorno\\\/\"},\"wordCount\":2633,\"publisher\":{\"@id\":\"https:\\\/\\\/www.veritatemincaritate.com\\\/wp\\\/#organization\"},\"image\":{\"@id\":\"https:\\\/\\\/www.veritatemincaritate.com\\\/wp\\\/2015\\\/10\\\/triduo-a-s-teresa-di-gesu-terzo-giorno\\\/#primaryimage\"},\"thumbnailUrl\":\"https:\\\/\\\/www.veritatemincaritate.com\\\/wp\\\/wp-content\\\/uploads\\\/2015\\\/10\\\/STeresaGesu.jpg\",\"keywords\":[\"conversione\",\"demonio\",\"Esclamazioni dell'anima a Dio\",\"omelie\",\"p. Giorgio Maria Far\u00e9\",\"persecuzione\",\"S. Teresa d'Avila\",\"S. Teresa di Ges\u00f9\",\"testimonianza\",\"triduo\"],\"articleSection\":[\"Omelie\"],\"inLanguage\":\"it-IT\"},{\"@type\":\"WebPage\",\"@id\":\"https:\\\/\\\/www.veritatemincaritate.com\\\/wp\\\/2015\\\/10\\\/triduo-a-s-teresa-di-gesu-terzo-giorno\\\/\",\"url\":\"https:\\\/\\\/www.veritatemincaritate.com\\\/wp\\\/2015\\\/10\\\/triduo-a-s-teresa-di-gesu-terzo-giorno\\\/\",\"name\":\"Triduo a S. Teresa di Ges\u00f9 - Terzo giorno - Veritatemincaritate\",\"isPartOf\":{\"@id\":\"https:\\\/\\\/www.veritatemincaritate.com\\\/wp\\\/#website\"},\"primaryImageOfPage\":{\"@id\":\"https:\\\/\\\/www.veritatemincaritate.com\\\/wp\\\/2015\\\/10\\\/triduo-a-s-teresa-di-gesu-terzo-giorno\\\/#primaryimage\"},\"image\":{\"@id\":\"https:\\\/\\\/www.veritatemincaritate.com\\\/wp\\\/2015\\\/10\\\/triduo-a-s-teresa-di-gesu-terzo-giorno\\\/#primaryimage\"},\"thumbnailUrl\":\"https:\\\/\\\/www.veritatemincaritate.com\\\/wp\\\/wp-content\\\/uploads\\\/2015\\\/10\\\/STeresaGesu.jpg\",\"datePublished\":\"2015-10-14T20:20:10+00:00\",\"dateModified\":\"2021-07-06T13:50:27+00:00\",\"breadcrumb\":{\"@id\":\"https:\\\/\\\/www.veritatemincaritate.com\\\/wp\\\/2015\\\/10\\\/triduo-a-s-teresa-di-gesu-terzo-giorno\\\/#breadcrumb\"},\"inLanguage\":\"it-IT\",\"potentialAction\":[{\"@type\":\"ReadAction\",\"target\":[\"https:\\\/\\\/www.veritatemincaritate.com\\\/wp\\\/2015\\\/10\\\/triduo-a-s-teresa-di-gesu-terzo-giorno\\\/\"]}]},{\"@type\":\"ImageObject\",\"inLanguage\":\"it-IT\",\"@id\":\"https:\\\/\\\/www.veritatemincaritate.com\\\/wp\\\/2015\\\/10\\\/triduo-a-s-teresa-di-gesu-terzo-giorno\\\/#primaryimage\",\"url\":\"https:\\\/\\\/www.veritatemincaritate.com\\\/wp\\\/wp-content\\\/uploads\\\/2015\\\/10\\\/STeresaGesu.jpg\",\"contentUrl\":\"https:\\\/\\\/www.veritatemincaritate.com\\\/wp\\\/wp-content\\\/uploads\\\/2015\\\/10\\\/STeresaGesu.jpg\",\"width\":600,\"height\":400},{\"@type\":\"BreadcrumbList\",\"@id\":\"https:\\\/\\\/www.veritatemincaritate.com\\\/wp\\\/2015\\\/10\\\/triduo-a-s-teresa-di-gesu-terzo-giorno\\\/#breadcrumb\",\"itemListElement\":[{\"@type\":\"ListItem\",\"position\":1,\"name\":\"Home\",\"item\":\"https:\\\/\\\/www.veritatemincaritate.com\\\/wp\\\/\"},{\"@type\":\"ListItem\",\"position\":2,\"name\":\"Triduo a S. Teresa di Ges\u00f9 &#8211; Terzo giorno\"}]},{\"@type\":\"WebSite\",\"@id\":\"https:\\\/\\\/www.veritatemincaritate.com\\\/wp\\\/#website\",\"url\":\"https:\\\/\\\/www.veritatemincaritate.com\\\/wp\\\/\",\"name\":\"Veritatemincaritate\",\"description\":\"Agendo secondo verit\u00e0 nella carit\u00e0, cerchiamo di crescere in ogni cosa tendendo a lui, che \u00e8 il capo, Cristo\",\"publisher\":{\"@id\":\"https:\\\/\\\/www.veritatemincaritate.com\\\/wp\\\/#organization\"},\"potentialAction\":[{\"@type\":\"SearchAction\",\"target\":{\"@type\":\"EntryPoint\",\"urlTemplate\":\"https:\\\/\\\/www.veritatemincaritate.com\\\/wp\\\/?s={search_term_string}\"},\"query-input\":{\"@type\":\"PropertyValueSpecification\",\"valueRequired\":true,\"valueName\":\"search_term_string\"}}],\"inLanguage\":\"it-IT\"},{\"@type\":\"Organization\",\"@id\":\"https:\\\/\\\/www.veritatemincaritate.com\\\/wp\\\/#organization\",\"name\":\"Veritatem facientes in Caritate\",\"url\":\"https:\\\/\\\/www.veritatemincaritate.com\\\/wp\\\/\",\"logo\":{\"@type\":\"ImageObject\",\"inLanguage\":\"it-IT\",\"@id\":\"https:\\\/\\\/www.veritatemincaritate.com\\\/wp\\\/#\\\/schema\\\/logo\\\/image\\\/\",\"url\":\"https:\\\/\\\/www.veritatemincaritate.com\\\/wp\\\/wp-content\\\/uploads\\\/2020\\\/07\\\/Logo-VIC-per-canale-Youtube.jpg\",\"contentUrl\":\"https:\\\/\\\/www.veritatemincaritate.com\\\/wp\\\/wp-content\\\/uploads\\\/2020\\\/07\\\/Logo-VIC-per-canale-Youtube.jpg\",\"width\":720,\"height\":720,\"caption\":\"Veritatem facientes in Caritate\"},\"image\":{\"@id\":\"https:\\\/\\\/www.veritatemincaritate.com\\\/wp\\\/#\\\/schema\\\/logo\\\/image\\\/\"},\"sameAs\":[\"https:\\\/\\\/www.facebook.com\\\/pgiorgiomariafare\",\"https:\\\/\\\/instagram.com\\\/padre_giorgio_maria_fare?igshid=1p8wsw6b3edkc\",\"https:\\\/\\\/www.youtube.com\\\/channel\\\/UCFqjpT1nX60rx3m_SELg3lA\"]},{\"@type\":\"Person\",\"@id\":\"https:\\\/\\\/www.veritatemincaritate.com\\\/wp\\\/#\\\/schema\\\/person\\\/17ae821a27aada104588a1d94f526471\",\"name\":\"Gv1114\",\"image\":{\"@type\":\"ImageObject\",\"inLanguage\":\"it-IT\",\"@id\":\"https:\\\/\\\/secure.gravatar.com\\\/avatar\\\/5d29baa7fbb92e99034e1d9f7a4f83926de7a8a8f450bf35d58714f1ec0a3c39?s=96&d=mm&r=g\",\"url\":\"https:\\\/\\\/secure.gravatar.com\\\/avatar\\\/5d29baa7fbb92e99034e1d9f7a4f83926de7a8a8f450bf35d58714f1ec0a3c39?s=96&d=mm&r=g\",\"contentUrl\":\"https:\\\/\\\/secure.gravatar.com\\\/avatar\\\/5d29baa7fbb92e99034e1d9f7a4f83926de7a8a8f450bf35d58714f1ec0a3c39?s=96&d=mm&r=g\",\"caption\":\"Gv1114\"}}]}<\/script>\n<!-- \/ Yoast SEO plugin. -->","yoast_head_json":{"title":"Triduo a S. Teresa di Ges\u00f9 - Terzo giorno - Veritatemincaritate","robots":{"index":"index","follow":"follow","max-snippet":"max-snippet:-1","max-image-preview":"max-image-preview:large","max-video-preview":"max-video-preview:-1"},"canonical":"https:\/\/www.veritatemincaritate.com\/wp\/2015\/10\/triduo-a-s-teresa-di-gesu-terzo-giorno\/","og_locale":"it_IT","og_type":"article","og_title":"Triduo a S. Teresa di Ges\u00f9 - Terzo giorno - Veritatemincaritate","og_description":"[vc_row][vc_column][vc_column_text] Omelia sulle letture di mercoled\u00ec\u00a014 ottobre 2015 Pubblichiamo l&#8217;audio dell&#8217;omelia del terzo\u00a0giorno di triduo in preparazione alla memoria di...","og_url":"https:\/\/www.veritatemincaritate.com\/wp\/2015\/10\/triduo-a-s-teresa-di-gesu-terzo-giorno\/","og_site_name":"Veritatemincaritate","article_publisher":"https:\/\/www.facebook.com\/pgiorgiomariafare","article_published_time":"2015-10-14T20:20:10+00:00","article_modified_time":"2021-07-06T13:50:27+00:00","og_image":[{"width":600,"height":400,"url":"https:\/\/www.veritatemincaritate.com\/wp\/wp-content\/uploads\/2015\/10\/STeresaGesu.jpg","type":"image\/jpeg"}],"author":"Gv1114","twitter_card":"summary_large_image","twitter_misc":{"Scritto da":"Gv1114","Tempo di lettura stimato":"11 minuti"},"schema":{"@context":"https:\/\/schema.org","@graph":[{"@type":"Article","@id":"https:\/\/www.veritatemincaritate.com\/wp\/2015\/10\/triduo-a-s-teresa-di-gesu-terzo-giorno\/#article","isPartOf":{"@id":"https:\/\/www.veritatemincaritate.com\/wp\/2015\/10\/triduo-a-s-teresa-di-gesu-terzo-giorno\/"},"author":{"name":"Gv1114","@id":"https:\/\/www.veritatemincaritate.com\/wp\/#\/schema\/person\/17ae821a27aada104588a1d94f526471"},"headline":"Triduo a S. Teresa di Ges\u00f9 &#8211; Terzo giorno","datePublished":"2015-10-14T20:20:10+00:00","dateModified":"2021-07-06T13:50:27+00:00","mainEntityOfPage":{"@id":"https:\/\/www.veritatemincaritate.com\/wp\/2015\/10\/triduo-a-s-teresa-di-gesu-terzo-giorno\/"},"wordCount":2633,"publisher":{"@id":"https:\/\/www.veritatemincaritate.com\/wp\/#organization"},"image":{"@id":"https:\/\/www.veritatemincaritate.com\/wp\/2015\/10\/triduo-a-s-teresa-di-gesu-terzo-giorno\/#primaryimage"},"thumbnailUrl":"https:\/\/www.veritatemincaritate.com\/wp\/wp-content\/uploads\/2015\/10\/STeresaGesu.jpg","keywords":["conversione","demonio","Esclamazioni dell'anima a Dio","omelie","p. Giorgio Maria Far\u00e9","persecuzione","S. Teresa d'Avila","S. Teresa di Ges\u00f9","testimonianza","triduo"],"articleSection":["Omelie"],"inLanguage":"it-IT"},{"@type":"WebPage","@id":"https:\/\/www.veritatemincaritate.com\/wp\/2015\/10\/triduo-a-s-teresa-di-gesu-terzo-giorno\/","url":"https:\/\/www.veritatemincaritate.com\/wp\/2015\/10\/triduo-a-s-teresa-di-gesu-terzo-giorno\/","name":"Triduo a S. Teresa di Ges\u00f9 - Terzo giorno - Veritatemincaritate","isPartOf":{"@id":"https:\/\/www.veritatemincaritate.com\/wp\/#website"},"primaryImageOfPage":{"@id":"https:\/\/www.veritatemincaritate.com\/wp\/2015\/10\/triduo-a-s-teresa-di-gesu-terzo-giorno\/#primaryimage"},"image":{"@id":"https:\/\/www.veritatemincaritate.com\/wp\/2015\/10\/triduo-a-s-teresa-di-gesu-terzo-giorno\/#primaryimage"},"thumbnailUrl":"https:\/\/www.veritatemincaritate.com\/wp\/wp-content\/uploads\/2015\/10\/STeresaGesu.jpg","datePublished":"2015-10-14T20:20:10+00:00","dateModified":"2021-07-06T13:50:27+00:00","breadcrumb":{"@id":"https:\/\/www.veritatemincaritate.com\/wp\/2015\/10\/triduo-a-s-teresa-di-gesu-terzo-giorno\/#breadcrumb"},"inLanguage":"it-IT","potentialAction":[{"@type":"ReadAction","target":["https:\/\/www.veritatemincaritate.com\/wp\/2015\/10\/triduo-a-s-teresa-di-gesu-terzo-giorno\/"]}]},{"@type":"ImageObject","inLanguage":"it-IT","@id":"https:\/\/www.veritatemincaritate.com\/wp\/2015\/10\/triduo-a-s-teresa-di-gesu-terzo-giorno\/#primaryimage","url":"https:\/\/www.veritatemincaritate.com\/wp\/wp-content\/uploads\/2015\/10\/STeresaGesu.jpg","contentUrl":"https:\/\/www.veritatemincaritate.com\/wp\/wp-content\/uploads\/2015\/10\/STeresaGesu.jpg","width":600,"height":400},{"@type":"BreadcrumbList","@id":"https:\/\/www.veritatemincaritate.com\/wp\/2015\/10\/triduo-a-s-teresa-di-gesu-terzo-giorno\/#breadcrumb","itemListElement":[{"@type":"ListItem","position":1,"name":"Home","item":"https:\/\/www.veritatemincaritate.com\/wp\/"},{"@type":"ListItem","position":2,"name":"Triduo a S. Teresa di Ges\u00f9 &#8211; Terzo giorno"}]},{"@type":"WebSite","@id":"https:\/\/www.veritatemincaritate.com\/wp\/#website","url":"https:\/\/www.veritatemincaritate.com\/wp\/","name":"Veritatemincaritate","description":"Agendo secondo verit\u00e0 nella carit\u00e0, cerchiamo di crescere in ogni cosa tendendo a lui, che \u00e8 il capo, Cristo","publisher":{"@id":"https:\/\/www.veritatemincaritate.com\/wp\/#organization"},"potentialAction":[{"@type":"SearchAction","target":{"@type":"EntryPoint","urlTemplate":"https:\/\/www.veritatemincaritate.com\/wp\/?s={search_term_string}"},"query-input":{"@type":"PropertyValueSpecification","valueRequired":true,"valueName":"search_term_string"}}],"inLanguage":"it-IT"},{"@type":"Organization","@id":"https:\/\/www.veritatemincaritate.com\/wp\/#organization","name":"Veritatem facientes in Caritate","url":"https:\/\/www.veritatemincaritate.com\/wp\/","logo":{"@type":"ImageObject","inLanguage":"it-IT","@id":"https:\/\/www.veritatemincaritate.com\/wp\/#\/schema\/logo\/image\/","url":"https:\/\/www.veritatemincaritate.com\/wp\/wp-content\/uploads\/2020\/07\/Logo-VIC-per-canale-Youtube.jpg","contentUrl":"https:\/\/www.veritatemincaritate.com\/wp\/wp-content\/uploads\/2020\/07\/Logo-VIC-per-canale-Youtube.jpg","width":720,"height":720,"caption":"Veritatem facientes in Caritate"},"image":{"@id":"https:\/\/www.veritatemincaritate.com\/wp\/#\/schema\/logo\/image\/"},"sameAs":["https:\/\/www.facebook.com\/pgiorgiomariafare","https:\/\/instagram.com\/padre_giorgio_maria_fare?igshid=1p8wsw6b3edkc","https:\/\/www.youtube.com\/channel\/UCFqjpT1nX60rx3m_SELg3lA"]},{"@type":"Person","@id":"https:\/\/www.veritatemincaritate.com\/wp\/#\/schema\/person\/17ae821a27aada104588a1d94f526471","name":"Gv1114","image":{"@type":"ImageObject","inLanguage":"it-IT","@id":"https:\/\/secure.gravatar.com\/avatar\/5d29baa7fbb92e99034e1d9f7a4f83926de7a8a8f450bf35d58714f1ec0a3c39?s=96&d=mm&r=g","url":"https:\/\/secure.gravatar.com\/avatar\/5d29baa7fbb92e99034e1d9f7a4f83926de7a8a8f450bf35d58714f1ec0a3c39?s=96&d=mm&r=g","contentUrl":"https:\/\/secure.gravatar.com\/avatar\/5d29baa7fbb92e99034e1d9f7a4f83926de7a8a8f450bf35d58714f1ec0a3c39?s=96&d=mm&r=g","caption":"Gv1114"}}]}},"menu_order":0,"_links":{"self":[{"href":"https:\/\/www.veritatemincaritate.com\/wp\/wp-json\/wp\/v2\/posts\/457","targetHints":{"allow":["GET"]}}],"collection":[{"href":"https:\/\/www.veritatemincaritate.com\/wp\/wp-json\/wp\/v2\/posts"}],"about":[{"href":"https:\/\/www.veritatemincaritate.com\/wp\/wp-json\/wp\/v2\/types\/post"}],"author":[{"embeddable":true,"href":"https:\/\/www.veritatemincaritate.com\/wp\/wp-json\/wp\/v2\/users\/3"}],"replies":[{"embeddable":true,"href":"https:\/\/www.veritatemincaritate.com\/wp\/wp-json\/wp\/v2\/comments?post=457"}],"version-history":[{"count":0,"href":"https:\/\/www.veritatemincaritate.com\/wp\/wp-json\/wp\/v2\/posts\/457\/revisions"}],"wp:featuredmedia":[{"embeddable":true,"href":"https:\/\/www.veritatemincaritate.com\/wp\/wp-json\/wp\/v2\/media\/425"}],"wp:attachment":[{"href":"https:\/\/www.veritatemincaritate.com\/wp\/wp-json\/wp\/v2\/media?parent=457"}],"wp:term":[{"taxonomy":"category","embeddable":true,"href":"https:\/\/www.veritatemincaritate.com\/wp\/wp-json\/wp\/v2\/categories?post=457"},{"taxonomy":"post_tag","embeddable":true,"href":"https:\/\/www.veritatemincaritate.com\/wp\/wp-json\/wp\/v2\/tags?post=457"}],"curies":[{"name":"wp","href":"https:\/\/api.w.org\/{rel}","templated":true}]}}