{"id":5291,"date":"2017-04-01T19:01:55","date_gmt":"2017-04-01T17:01:55","guid":{"rendered":"http:\/\/www.veritatemincaritate.com\/?p=5291"},"modified":"2017-04-01T19:53:24","modified_gmt":"2017-04-01T17:53:24","slug":"se-crederai-vedrai-la-gloria-di-dio","status":"publish","type":"post","link":"https:\/\/www.veritatemincaritate.com\/wp\/2017\/04\/se-crederai-vedrai-la-gloria-di-dio\/","title":{"rendered":"&#8220;Se crederai vedrai la Gloria di Dio&#8221; (Gv 11,40)"},"content":{"rendered":"<div class=\"wpb-content-wrapper\"><p>[vc_row][vc_column][vc_column_text]<\/p>\n<h3>Omelia<\/h3>\n<p class=\"p1\">Pubblichiamo l\u2019audio di\u00a0un\u2019omelia sulle letture di domenica 2 aprile\u00a02017 (S. Messa prefestiva di sabato 1 aprile).<\/p>\n<p class=\"p1\">Predicatore:\u00a0p. Giorgio Maria Far\u00e9, OCD<\/p>\n<p>[\/vc_column_text][vc_column_text]<\/p>\n<h4>Ascolta la registrazione:<\/h4>\n<p>Per motivi di intenso traffico non ci \u00e8 possibile rendere disponibile l&#8217;ascolto dei file audio direttamente dal nostro sito. Se hai dubbi su come fare, vai alle <a href=\"http:\/\/www.veritatemincaritate.com\/chi-siamo\/istruzioni-per-lascolto-delle-registrazioni\/\" target=\"_blank\">istruzioni per l&#8217;ascolto delle registrazioni<\/a>.[\/vc_column_text][vc_row_inner][vc_column_inner width=&#8221;1\/2&#8243;][vc_column_text]<style type=\"text\/css\">.thegem-button-69f4fc53bdeda9594 .gem-button {font-size: 14px;}.thegem-button-69f4fc53bdeda9594 .gem-button-text {font-size: 14px;}.thegem-button-69f4fc53bdeda9594 .gem-button svg {fill: #FFFFFF;}<\/style><div class=\"gem-button-container gem-button-position-inline thegem-button-69f4fc53bdeda9594    \"  ><a class=\"gem-button gem-button-size-small gem-button-style-flat gem-button-text-weight-normal\" data-ll-effect=\"drop-right-without-wrap\" style=\"border-radius: 3px;background-color: #FF5C00;color: #FFFFFF;\" onmouseleave=\"this.style.backgroundColor='#FF5C00';this.style.color='#FFFFFF';\" onmouseenter=\"\" href=\"https:\/\/www.dropbox.com\/s\/il8h57kx0z813no\/170401-Omelia-Se_crederai_vedrai_la_gloria_di_Dio.m4a?dl=1\" target=\"_self\">Ascolta da cellulare o scarica sul computer<\/a><\/div> [\/vc_column_text][\/vc_column_inner][vc_column_inner width=&#8221;1\/2&#8243;][vc_column_text]<style type=\"text\/css\">.thegem-button-69f4fc53be05c2473 .gem-button {font-size: 14px;}.thegem-button-69f4fc53be05c2473 .gem-button-text {font-size: 14px;}.thegem-button-69f4fc53be05c2473 .gem-button svg {fill: #FFFFFF;}<\/style><div class=\"gem-button-container gem-button-position-inline thegem-button-69f4fc53be05c2473    \"  ><a class=\"gem-button gem-button-size-small gem-button-style-flat gem-button-text-weight-normal\" data-ll-effect=\"drop-right-without-wrap\" style=\"border-radius: 3px;background-color: #FF5C00;color: #FFFFFF;\" onmouseleave=\"this.style.backgroundColor='#FF5C00';this.style.color='#FFFFFF';\" onmouseenter=\"\" href=\"https:\/\/www.dropbox.com\/s\/il8h57kx0z813no\/170401-Omelia-Se_crederai_vedrai_la_gloria_di_Dio.m4a?dl=0\" target=\"_self\">Ascolta la meditazione<\/a><\/div> [\/vc_column_text][\/vc_column_inner][\/vc_row_inner][\/vc_column][\/vc_row][vc_row][vc_column][vc_empty_space][vc_separator color=&#8221;orange&#8221;][\/vc_column][\/vc_row][vc_row][vc_column][vc_column_text]<\/p>\n<h1>Letture del giorno<\/h1>\n<p>[\/vc_column_text][vc_column_text]<b>V DOMENICA DI QUARESIMA (ANNO A)<\/b><\/p>\n<p><b>PRIMA LETTURA <\/b><i>(Ez 37,12-14)<\/i><br \/>\n<i>Far\u00f2 entrare in voi il mio spirito e rivivrete.<\/i><\/p>\n<p>Cos\u00ec dice il Signore Dio: \u00abEcco, io apro i vostri sepolcri, vi faccio uscire dalle vostre tombe, o popolo mio, e vi riconduco nella terra d\u2019Israele.<br \/>\nRiconoscerete che io sono il Signore, quando aprir\u00f2 le vostre tombe e vi far\u00f2 uscire dai vostri sepolcri, o popolo mio.<br \/>\nFar\u00f2 entrare in voi il mio spirito e rivivrete; vi far\u00f2 riposare nella vostra terra. Saprete che io sono il Signore. L\u2019ho detto e lo far\u00f2\u00bb. Oracolo del Signore Dio.<\/p>\n<p><b>SALMO RESPONSORIALE <\/b><i>(Sal 129)<\/i><br \/>\n<b>Rit: Il Signore \u00e8 bont\u00e0 e misericordia.<\/b><\/p>\n<p>Dal profondo a te grido, o Signore;<br \/>\nSignore, ascolta la mia voce.<br \/>\nSiano i tuoi orecchi attenti<br \/>\nalla voce della mia supplica.<\/p>\n<p>Se consideri le colpe, Signore,<br \/>\nSignore, chi ti pu\u00f2 resistere?<br \/>\nMa con te \u00e8 il perdono:<br \/>\ncos\u00ec avremo il tuo timore.<\/p>\n<p>Io spero, Signore.<br \/>\nSpera l\u2019anima mia,<br \/>\nattendo la sua parola.<br \/>\nL\u2019anima mia \u00e8 rivolta al Signore<br \/>\npi\u00f9 che le sentinelle all\u2019aurora.<\/p>\n<p>Pi\u00f9 che le sentinelle l\u2019aurora,<br \/>\nIsraele attenda il Signore,<br \/>\nperch\u00e9 con il Signore \u00e8 la misericordia<br \/>\ne grande \u00e8 con lui la redenzione.<br \/>\nEgli redimer\u00e0 Israele<br \/>\nda tutte le sue colpe.<\/p>\n<p><b>SECONDA LETTURA <\/b><i>(Rm 8,8-11)<\/i><br \/>\n<i>Lo Spirito di Dio, che ha risuscitato Ges\u00f9 dai morti, abita in voi.<\/i><\/p>\n<p>Fratelli, quelli che si lasciano dominare dalla carne non possono piacere a Dio.<br \/>\nVoi per\u00f2 non siete sotto il dominio della carne, ma dello Spirito, dal momento che lo Spirito di Dio abita in voi. Se qualcuno non ha lo Spirito di Cristo, non gli appartiene.<br \/>\nOra, se Cristo \u00e8 in voi, il vostro corpo \u00e8 morto per il peccato, ma lo Spirito \u00e8 vita per la giustizia. E se lo Spirito di Dio, che ha risuscitato Ges\u00f9 dai morti, abita in voi, colui che ha risuscitato Cristo dai morti dar\u00e0 la vita anche ai vostri corpi mortali per mezzo del suo Spirito che abita in voi.<\/p>\n<p><b>Canto al Vangelo <\/b><i>(Gv 11,25.26)<\/i><br \/>\nLode e onore a te, Signore Ges\u00f9!<br \/>\nIo sono la risurrezione e la vita, dice il Signore,<br \/>\nchi crede in me non morir\u00e0 in eterno.<br \/>\nLode e onore a te, Signore Ges\u00f9!<\/p>\n<p><b>VANGELO <\/b><i>(Gv 11,1-45)<\/i><br \/>\n<i>Io sono la risurrezione e la vita<\/i><\/p>\n<p>In quel tempo, un certo Lazzaro di Bet\u00e0nia, il villaggio di Maria e di Marta sua sorella, era malato. Maria era quella che cosparse di profumo il Signore e gli asciug\u00f2 i piedi con i suoi capelli; suo fratello Lazzaro era malato. Le sorelle mandarono dunque a dire a Ges\u00f9: \u00abSignore, ecco, colui che tu ami \u00e8 malato\u00bb.<br \/>\nAll\u2019udire questo, Ges\u00f9 disse: \u00abQuesta malattia non porter\u00e0 alla morte, ma \u00e8 per la gloria di Dio, affinch\u00e9 per mezzo di essa il Figlio di Dio venga glorificato\u00bb. Ges\u00f9 amava Marta e sua sorella e Lazzaro. Quando sent\u00ec che era malato, rimase per due giorni nel luogo dove si trovava. Poi disse ai discepoli: \u00abAndiamo di nuovo in Giudea!\u00bb. I discepoli gli dissero: \u00abRabb\u00ec, poco fa i Giudei cercavano di lapidarti e tu ci vai di nuovo?\u00bb. Ges\u00f9 rispose: \u00abNon sono forse dodici le ore del giorno? Se uno cammina di giorno, non inciampa, perch\u00e9 vede la luce di questo mondo; ma se cammina di notte, inciampa, perch\u00e9 la luce non \u00e8 in lui\u00bb.<br \/>\nDisse queste cose e poi soggiunse loro: \u00abLazzaro, il nostro amico, s\u2019\u00e8 addormentato; ma io vado a svegliarlo\u00bb. Gli dissero allora i discepoli: \u00abSignore, se si \u00e8 addormentato, si salver\u00e0\u00bb. Ges\u00f9 aveva parlato della morte di lui; essi invece pensarono che parlasse del riposo del sonno. Allora Ges\u00f9 disse loro apertamente: \u00abLazzaro \u00e8 morto e io sono contento per voi di non essere stato l\u00e0, affinch\u00e9 voi crediate; ma andiamo da lui!\u00bb. Allora Tommaso, chiamato D\u00ecdimo, disse agli altri discepoli: \u00abAndiamo anche noi a morire con lui!\u00bb.<br \/>\nQuando Ges\u00f9 arriv\u00f2, trov\u00f2 Lazzaro che gi\u00e0 da quattro giorni era nel sepolcro. Bet\u00e0nia distava da Gerusalemme meno di tre chilometri e molti Giudei erano venuti da Marta e Maria a consolarle per il fratello. Marta dunque, come ud\u00ec che veniva Ges\u00f9, gli and\u00f2 incontro; Maria invece stava seduta in casa. Marta disse a Ges\u00f9: \u00abSignore, se tu fossi stato qui, mio fratello non sarebbe morto! Ma anche ora so che qualunque cosa tu chiederai a Dio, Dio te la conceder\u00e0\u00bb. Ges\u00f9 le disse: \u00abTuo fratello risorger\u00e0\u00bb. Gli rispose Marta: \u00abSo che risorger\u00e0 nella risurrezione dell\u2019ultimo giorno\u00bb. Ges\u00f9 le disse: \u00abIo sono la risurrezione e la vita; chi crede in me, anche se muore, vivr\u00e0; chiunque vive e crede in me, non morir\u00e0 in eterno. Credi questo?\u00bb. Gli rispose: \u00abS\u00ec, o Signore, io credo che tu sei il Cristo, il Figlio di Dio, colui che viene nel mondo\u00bb.<br \/>\nDette queste parole, and\u00f2 a chiamare Maria, sua sorella, e di nascosto le disse: \u00abIl Maestro \u00e8 qui e ti chiama\u00bb. Udito questo, ella si alz\u00f2 subito e and\u00f2 da lui. Ges\u00f9 non era entrato nel villaggio, ma si trovava ancora l\u00e0 dove Marta gli era andata incontro. Allora i Giudei, che erano in casa con lei a consolarla, vedendo Maria alzarsi in fretta e uscire, la seguirono, pensando che andasse a piangere al sepolcro.<br \/>\nQuando Maria giunse dove si trovava Ges\u00f9, appena lo vide si gett\u00f2 ai suoi piedi dicendogli: \u00abSignore, se tu fossi stato qui, mio fratello non sarebbe morto!\u00bb. Ges\u00f9 allora, quando la vide piangere, e piangere anche i Giudei che erano venuti con lei, si commosse profondamente e, molto turbato, domand\u00f2: \u00abDove lo avete posto?\u00bb. Gli dissero: \u00abSignore, vieni a vedere!\u00bb. Ges\u00f9 scoppi\u00f2 in pianto. Dissero allora i Giudei: \u00abGuarda come lo amava!\u00bb. Ma alcuni di loro dissero: \u00abLui, che ha aperto gli occhi al cieco, non poteva anche far s\u00ec che costui non morisse?\u00bb.<br \/>\nAllora Ges\u00f9, ancora una volta commosso profondamente, si rec\u00f2 al sepolcro: era una grotta e contro di essa era posta una pietra. Disse Ges\u00f9: \u00abTogliete la pietra!\u00bb. Gli rispose Marta, la sorella del morto: \u00abSignore, manda gi\u00e0 cattivo odore: \u00e8 l\u00ec da quattro giorni\u00bb. Le disse Ges\u00f9: \u00abNon ti ho detto che, se crederai, vedrai la gloria di Dio?\u00bb. Tolsero dunque la pietra. Ges\u00f9 allora alz\u00f2 gli occhi e disse: \u00abPadre, ti rendo grazie perch\u00e9 mi hai ascoltato. Io sapevo che mi dai sempre ascolto, ma l\u2019ho detto per la gente che mi sta attorno, perch\u00e9 credano che tu mi hai mandato\u00bb. Detto questo, grid\u00f2 a gran voce: \u00abLazzaro, vieni fuori!\u00bb. Il morto usc\u00ec, i piedi e le mani legati con bende, e il viso avvolto da un sudario. Ges\u00f9 disse loro: \u00abLiber\u00e0telo e lasci\u00e0telo andare\u00bb.<br \/>\nMolti dei Giudei che erano venuti da Maria, alla vista di ci\u00f2 che egli aveva compiuto, credettero in lui.[\/vc_column_text][\/vc_column][\/vc_row][vc_row][vc_column][vc_column_text]<\/p>\n<p>[\/vc_column_text][\/vc_column][\/vc_row]<\/p>\n<\/div>","protected":false},"excerpt":{"rendered":"<p>[vc_row][vc_column][vc_column_text] Omelia Pubblichiamo l\u2019audio di\u00a0un\u2019omelia sulle letture di domenica 2 aprile\u00a02017 (S. Messa prefestiva di sabato 1 aprile). Predicatore:\u00a0p. Giorgio&#8230;<\/p>\n","protected":false},"author":3,"featured_media":5294,"comment_status":"closed","ping_status":"closed","sticky":false,"template":"","format":"standard","meta":{"footnotes":""},"categories":[15],"tags":[1213,1131,2901,103,870,3800,3799,3736,16,17,3798],"class_list":{"0":"post-5291","1":"post","2":"type-post","3":"status-publish","4":"format-standard","5":"has-post-thumbnail","7":"category-omelie","8":"tag-compromessi","9":"tag-credere","10":"tag-cristianesimo-anonimo","11":"tag-fede","12":"tag-incredulita","13":"tag-lazzaro","14":"tag-meriba","15":"tag-miracoli","16":"tag-omelie","17":"tag-p-giorgio-maria-fare","18":"tag-sine-glossa"},"yoast_head":"<!-- This site is optimized with the Yoast SEO plugin v27.5 - https:\/\/yoast.com\/product\/yoast-seo-wordpress\/ -->\n<title>&quot;Se crederai vedrai la Gloria di Dio&quot; (Gv 11,40) - Veritatemincaritate<\/title>\n<meta name=\"robots\" content=\"index, follow, max-snippet:-1, max-image-preview:large, max-video-preview:-1\" \/>\n<link rel=\"canonical\" href=\"https:\/\/www.veritatemincaritate.com\/wp\/2017\/04\/se-crederai-vedrai-la-gloria-di-dio\/\" \/>\n<meta property=\"og:locale\" content=\"it_IT\" \/>\n<meta property=\"og:type\" content=\"article\" \/>\n<meta property=\"og:title\" content=\"&quot;Se crederai vedrai la Gloria di Dio&quot; (Gv 11,40) - Veritatemincaritate\" \/>\n<meta property=\"og:description\" content=\"[vc_row][vc_column][vc_column_text] Omelia Pubblichiamo l\u2019audio di\u00a0un\u2019omelia sulle letture di domenica 2 aprile\u00a02017 (S. Messa prefestiva di sabato 1 aprile). Predicatore:\u00a0p. Giorgio...\" \/>\n<meta property=\"og:url\" content=\"https:\/\/www.veritatemincaritate.com\/wp\/2017\/04\/se-crederai-vedrai-la-gloria-di-dio\/\" \/>\n<meta property=\"og:site_name\" content=\"Veritatemincaritate\" \/>\n<meta property=\"article:publisher\" content=\"https:\/\/www.facebook.com\/pgiorgiomariafare\" \/>\n<meta property=\"article:published_time\" content=\"2017-04-01T17:01:55+00:00\" \/>\n<meta property=\"article:modified_time\" content=\"2017-04-01T17:53:24+00:00\" \/>\n<meta property=\"og:image\" content=\"https:\/\/www.veritatemincaritate.com\/wp\/wp-content\/uploads\/2017\/04\/Mose_Meriba.jpg\" \/>\n\t<meta property=\"og:image:width\" content=\"600\" \/>\n\t<meta property=\"og:image:height\" content=\"400\" \/>\n\t<meta property=\"og:image:type\" content=\"image\/jpeg\" \/>\n<meta name=\"author\" content=\"Gv1114\" \/>\n<meta name=\"twitter:card\" content=\"summary_large_image\" \/>\n<meta name=\"twitter:label1\" content=\"Scritto da\" \/>\n\t<meta name=\"twitter:data1\" content=\"Gv1114\" \/>\n\t<meta name=\"twitter:label2\" content=\"Tempo di lettura stimato\" \/>\n\t<meta name=\"twitter:data2\" content=\"7 minuti\" \/>\n<script type=\"application\/ld+json\" class=\"yoast-schema-graph\">{\"@context\":\"https:\\\/\\\/schema.org\",\"@graph\":[{\"@type\":\"Article\",\"@id\":\"https:\\\/\\\/www.veritatemincaritate.com\\\/wp\\\/2017\\\/04\\\/se-crederai-vedrai-la-gloria-di-dio\\\/#article\",\"isPartOf\":{\"@id\":\"https:\\\/\\\/www.veritatemincaritate.com\\\/wp\\\/2017\\\/04\\\/se-crederai-vedrai-la-gloria-di-dio\\\/\"},\"author\":{\"name\":\"Gv1114\",\"@id\":\"https:\\\/\\\/www.veritatemincaritate.com\\\/wp\\\/#\\\/schema\\\/person\\\/17ae821a27aada104588a1d94f526471\"},\"headline\":\"&#8220;Se crederai vedrai la Gloria di Dio&#8221; (Gv 11,40)\",\"datePublished\":\"2017-04-01T17:01:55+00:00\",\"dateModified\":\"2017-04-01T17:53:24+00:00\",\"mainEntityOfPage\":{\"@id\":\"https:\\\/\\\/www.veritatemincaritate.com\\\/wp\\\/2017\\\/04\\\/se-crederai-vedrai-la-gloria-di-dio\\\/\"},\"wordCount\":1390,\"publisher\":{\"@id\":\"https:\\\/\\\/www.veritatemincaritate.com\\\/wp\\\/#organization\"},\"image\":{\"@id\":\"https:\\\/\\\/www.veritatemincaritate.com\\\/wp\\\/2017\\\/04\\\/se-crederai-vedrai-la-gloria-di-dio\\\/#primaryimage\"},\"thumbnailUrl\":\"https:\\\/\\\/www.veritatemincaritate.com\\\/wp\\\/wp-content\\\/uploads\\\/2017\\\/04\\\/Mose_Meriba.jpg\",\"keywords\":[\"compromessi\",\"credere\",\"cristianesimo anonimo\",\"fede\",\"incredulit\u00e0\",\"Lazzaro\",\"Meriba\",\"miracoli\",\"omelie\",\"p. Giorgio Maria Far\u00e9\",\"sine glossa\"],\"articleSection\":[\"Omelie\"],\"inLanguage\":\"it-IT\"},{\"@type\":\"WebPage\",\"@id\":\"https:\\\/\\\/www.veritatemincaritate.com\\\/wp\\\/2017\\\/04\\\/se-crederai-vedrai-la-gloria-di-dio\\\/\",\"url\":\"https:\\\/\\\/www.veritatemincaritate.com\\\/wp\\\/2017\\\/04\\\/se-crederai-vedrai-la-gloria-di-dio\\\/\",\"name\":\"\\\"Se crederai vedrai la Gloria di Dio\\\" (Gv 11,40) - Veritatemincaritate\",\"isPartOf\":{\"@id\":\"https:\\\/\\\/www.veritatemincaritate.com\\\/wp\\\/#website\"},\"primaryImageOfPage\":{\"@id\":\"https:\\\/\\\/www.veritatemincaritate.com\\\/wp\\\/2017\\\/04\\\/se-crederai-vedrai-la-gloria-di-dio\\\/#primaryimage\"},\"image\":{\"@id\":\"https:\\\/\\\/www.veritatemincaritate.com\\\/wp\\\/2017\\\/04\\\/se-crederai-vedrai-la-gloria-di-dio\\\/#primaryimage\"},\"thumbnailUrl\":\"https:\\\/\\\/www.veritatemincaritate.com\\\/wp\\\/wp-content\\\/uploads\\\/2017\\\/04\\\/Mose_Meriba.jpg\",\"datePublished\":\"2017-04-01T17:01:55+00:00\",\"dateModified\":\"2017-04-01T17:53:24+00:00\",\"breadcrumb\":{\"@id\":\"https:\\\/\\\/www.veritatemincaritate.com\\\/wp\\\/2017\\\/04\\\/se-crederai-vedrai-la-gloria-di-dio\\\/#breadcrumb\"},\"inLanguage\":\"it-IT\",\"potentialAction\":[{\"@type\":\"ReadAction\",\"target\":[\"https:\\\/\\\/www.veritatemincaritate.com\\\/wp\\\/2017\\\/04\\\/se-crederai-vedrai-la-gloria-di-dio\\\/\"]}]},{\"@type\":\"ImageObject\",\"inLanguage\":\"it-IT\",\"@id\":\"https:\\\/\\\/www.veritatemincaritate.com\\\/wp\\\/2017\\\/04\\\/se-crederai-vedrai-la-gloria-di-dio\\\/#primaryimage\",\"url\":\"https:\\\/\\\/www.veritatemincaritate.com\\\/wp\\\/wp-content\\\/uploads\\\/2017\\\/04\\\/Mose_Meriba.jpg\",\"contentUrl\":\"https:\\\/\\\/www.veritatemincaritate.com\\\/wp\\\/wp-content\\\/uploads\\\/2017\\\/04\\\/Mose_Meriba.jpg\",\"width\":600,\"height\":400},{\"@type\":\"BreadcrumbList\",\"@id\":\"https:\\\/\\\/www.veritatemincaritate.com\\\/wp\\\/2017\\\/04\\\/se-crederai-vedrai-la-gloria-di-dio\\\/#breadcrumb\",\"itemListElement\":[{\"@type\":\"ListItem\",\"position\":1,\"name\":\"Home\",\"item\":\"https:\\\/\\\/www.veritatemincaritate.com\\\/wp\\\/\"},{\"@type\":\"ListItem\",\"position\":2,\"name\":\"&#8220;Se crederai vedrai la Gloria di Dio&#8221; (Gv 11,40)\"}]},{\"@type\":\"WebSite\",\"@id\":\"https:\\\/\\\/www.veritatemincaritate.com\\\/wp\\\/#website\",\"url\":\"https:\\\/\\\/www.veritatemincaritate.com\\\/wp\\\/\",\"name\":\"Veritatemincaritate\",\"description\":\"Agendo secondo verit\u00e0 nella carit\u00e0, cerchiamo di crescere in ogni cosa tendendo a lui, che \u00e8 il capo, Cristo\",\"publisher\":{\"@id\":\"https:\\\/\\\/www.veritatemincaritate.com\\\/wp\\\/#organization\"},\"potentialAction\":[{\"@type\":\"SearchAction\",\"target\":{\"@type\":\"EntryPoint\",\"urlTemplate\":\"https:\\\/\\\/www.veritatemincaritate.com\\\/wp\\\/?s={search_term_string}\"},\"query-input\":{\"@type\":\"PropertyValueSpecification\",\"valueRequired\":true,\"valueName\":\"search_term_string\"}}],\"inLanguage\":\"it-IT\"},{\"@type\":\"Organization\",\"@id\":\"https:\\\/\\\/www.veritatemincaritate.com\\\/wp\\\/#organization\",\"name\":\"Veritatem facientes in Caritate\",\"url\":\"https:\\\/\\\/www.veritatemincaritate.com\\\/wp\\\/\",\"logo\":{\"@type\":\"ImageObject\",\"inLanguage\":\"it-IT\",\"@id\":\"https:\\\/\\\/www.veritatemincaritate.com\\\/wp\\\/#\\\/schema\\\/logo\\\/image\\\/\",\"url\":\"https:\\\/\\\/www.veritatemincaritate.com\\\/wp\\\/wp-content\\\/uploads\\\/2020\\\/07\\\/Logo-VIC-per-canale-Youtube.jpg\",\"contentUrl\":\"https:\\\/\\\/www.veritatemincaritate.com\\\/wp\\\/wp-content\\\/uploads\\\/2020\\\/07\\\/Logo-VIC-per-canale-Youtube.jpg\",\"width\":720,\"height\":720,\"caption\":\"Veritatem facientes in Caritate\"},\"image\":{\"@id\":\"https:\\\/\\\/www.veritatemincaritate.com\\\/wp\\\/#\\\/schema\\\/logo\\\/image\\\/\"},\"sameAs\":[\"https:\\\/\\\/www.facebook.com\\\/pgiorgiomariafare\",\"https:\\\/\\\/instagram.com\\\/padre_giorgio_maria_fare?igshid=1p8wsw6b3edkc\",\"https:\\\/\\\/www.youtube.com\\\/channel\\\/UCFqjpT1nX60rx3m_SELg3lA\"]},{\"@type\":\"Person\",\"@id\":\"https:\\\/\\\/www.veritatemincaritate.com\\\/wp\\\/#\\\/schema\\\/person\\\/17ae821a27aada104588a1d94f526471\",\"name\":\"Gv1114\",\"image\":{\"@type\":\"ImageObject\",\"inLanguage\":\"it-IT\",\"@id\":\"https:\\\/\\\/secure.gravatar.com\\\/avatar\\\/5d29baa7fbb92e99034e1d9f7a4f83926de7a8a8f450bf35d58714f1ec0a3c39?s=96&d=mm&r=g\",\"url\":\"https:\\\/\\\/secure.gravatar.com\\\/avatar\\\/5d29baa7fbb92e99034e1d9f7a4f83926de7a8a8f450bf35d58714f1ec0a3c39?s=96&d=mm&r=g\",\"contentUrl\":\"https:\\\/\\\/secure.gravatar.com\\\/avatar\\\/5d29baa7fbb92e99034e1d9f7a4f83926de7a8a8f450bf35d58714f1ec0a3c39?s=96&d=mm&r=g\",\"caption\":\"Gv1114\"}}]}<\/script>\n<!-- \/ Yoast SEO plugin. -->","yoast_head_json":{"title":"\"Se crederai vedrai la Gloria di Dio\" (Gv 11,40) - Veritatemincaritate","robots":{"index":"index","follow":"follow","max-snippet":"max-snippet:-1","max-image-preview":"max-image-preview:large","max-video-preview":"max-video-preview:-1"},"canonical":"https:\/\/www.veritatemincaritate.com\/wp\/2017\/04\/se-crederai-vedrai-la-gloria-di-dio\/","og_locale":"it_IT","og_type":"article","og_title":"\"Se crederai vedrai la Gloria di Dio\" (Gv 11,40) - Veritatemincaritate","og_description":"[vc_row][vc_column][vc_column_text] Omelia Pubblichiamo l\u2019audio di\u00a0un\u2019omelia sulle letture di domenica 2 aprile\u00a02017 (S. Messa prefestiva di sabato 1 aprile). Predicatore:\u00a0p. Giorgio...","og_url":"https:\/\/www.veritatemincaritate.com\/wp\/2017\/04\/se-crederai-vedrai-la-gloria-di-dio\/","og_site_name":"Veritatemincaritate","article_publisher":"https:\/\/www.facebook.com\/pgiorgiomariafare","article_published_time":"2017-04-01T17:01:55+00:00","article_modified_time":"2017-04-01T17:53:24+00:00","og_image":[{"width":600,"height":400,"url":"https:\/\/www.veritatemincaritate.com\/wp\/wp-content\/uploads\/2017\/04\/Mose_Meriba.jpg","type":"image\/jpeg"}],"author":"Gv1114","twitter_card":"summary_large_image","twitter_misc":{"Scritto da":"Gv1114","Tempo di lettura stimato":"7 minuti"},"schema":{"@context":"https:\/\/schema.org","@graph":[{"@type":"Article","@id":"https:\/\/www.veritatemincaritate.com\/wp\/2017\/04\/se-crederai-vedrai-la-gloria-di-dio\/#article","isPartOf":{"@id":"https:\/\/www.veritatemincaritate.com\/wp\/2017\/04\/se-crederai-vedrai-la-gloria-di-dio\/"},"author":{"name":"Gv1114","@id":"https:\/\/www.veritatemincaritate.com\/wp\/#\/schema\/person\/17ae821a27aada104588a1d94f526471"},"headline":"&#8220;Se crederai vedrai la Gloria di Dio&#8221; (Gv 11,40)","datePublished":"2017-04-01T17:01:55+00:00","dateModified":"2017-04-01T17:53:24+00:00","mainEntityOfPage":{"@id":"https:\/\/www.veritatemincaritate.com\/wp\/2017\/04\/se-crederai-vedrai-la-gloria-di-dio\/"},"wordCount":1390,"publisher":{"@id":"https:\/\/www.veritatemincaritate.com\/wp\/#organization"},"image":{"@id":"https:\/\/www.veritatemincaritate.com\/wp\/2017\/04\/se-crederai-vedrai-la-gloria-di-dio\/#primaryimage"},"thumbnailUrl":"https:\/\/www.veritatemincaritate.com\/wp\/wp-content\/uploads\/2017\/04\/Mose_Meriba.jpg","keywords":["compromessi","credere","cristianesimo anonimo","fede","incredulit\u00e0","Lazzaro","Meriba","miracoli","omelie","p. Giorgio Maria Far\u00e9","sine glossa"],"articleSection":["Omelie"],"inLanguage":"it-IT"},{"@type":"WebPage","@id":"https:\/\/www.veritatemincaritate.com\/wp\/2017\/04\/se-crederai-vedrai-la-gloria-di-dio\/","url":"https:\/\/www.veritatemincaritate.com\/wp\/2017\/04\/se-crederai-vedrai-la-gloria-di-dio\/","name":"\"Se crederai vedrai la Gloria di Dio\" (Gv 11,40) - Veritatemincaritate","isPartOf":{"@id":"https:\/\/www.veritatemincaritate.com\/wp\/#website"},"primaryImageOfPage":{"@id":"https:\/\/www.veritatemincaritate.com\/wp\/2017\/04\/se-crederai-vedrai-la-gloria-di-dio\/#primaryimage"},"image":{"@id":"https:\/\/www.veritatemincaritate.com\/wp\/2017\/04\/se-crederai-vedrai-la-gloria-di-dio\/#primaryimage"},"thumbnailUrl":"https:\/\/www.veritatemincaritate.com\/wp\/wp-content\/uploads\/2017\/04\/Mose_Meriba.jpg","datePublished":"2017-04-01T17:01:55+00:00","dateModified":"2017-04-01T17:53:24+00:00","breadcrumb":{"@id":"https:\/\/www.veritatemincaritate.com\/wp\/2017\/04\/se-crederai-vedrai-la-gloria-di-dio\/#breadcrumb"},"inLanguage":"it-IT","potentialAction":[{"@type":"ReadAction","target":["https:\/\/www.veritatemincaritate.com\/wp\/2017\/04\/se-crederai-vedrai-la-gloria-di-dio\/"]}]},{"@type":"ImageObject","inLanguage":"it-IT","@id":"https:\/\/www.veritatemincaritate.com\/wp\/2017\/04\/se-crederai-vedrai-la-gloria-di-dio\/#primaryimage","url":"https:\/\/www.veritatemincaritate.com\/wp\/wp-content\/uploads\/2017\/04\/Mose_Meriba.jpg","contentUrl":"https:\/\/www.veritatemincaritate.com\/wp\/wp-content\/uploads\/2017\/04\/Mose_Meriba.jpg","width":600,"height":400},{"@type":"BreadcrumbList","@id":"https:\/\/www.veritatemincaritate.com\/wp\/2017\/04\/se-crederai-vedrai-la-gloria-di-dio\/#breadcrumb","itemListElement":[{"@type":"ListItem","position":1,"name":"Home","item":"https:\/\/www.veritatemincaritate.com\/wp\/"},{"@type":"ListItem","position":2,"name":"&#8220;Se crederai vedrai la Gloria di Dio&#8221; (Gv 11,40)"}]},{"@type":"WebSite","@id":"https:\/\/www.veritatemincaritate.com\/wp\/#website","url":"https:\/\/www.veritatemincaritate.com\/wp\/","name":"Veritatemincaritate","description":"Agendo secondo verit\u00e0 nella carit\u00e0, cerchiamo di crescere in ogni cosa tendendo a lui, che \u00e8 il capo, Cristo","publisher":{"@id":"https:\/\/www.veritatemincaritate.com\/wp\/#organization"},"potentialAction":[{"@type":"SearchAction","target":{"@type":"EntryPoint","urlTemplate":"https:\/\/www.veritatemincaritate.com\/wp\/?s={search_term_string}"},"query-input":{"@type":"PropertyValueSpecification","valueRequired":true,"valueName":"search_term_string"}}],"inLanguage":"it-IT"},{"@type":"Organization","@id":"https:\/\/www.veritatemincaritate.com\/wp\/#organization","name":"Veritatem facientes in Caritate","url":"https:\/\/www.veritatemincaritate.com\/wp\/","logo":{"@type":"ImageObject","inLanguage":"it-IT","@id":"https:\/\/www.veritatemincaritate.com\/wp\/#\/schema\/logo\/image\/","url":"https:\/\/www.veritatemincaritate.com\/wp\/wp-content\/uploads\/2020\/07\/Logo-VIC-per-canale-Youtube.jpg","contentUrl":"https:\/\/www.veritatemincaritate.com\/wp\/wp-content\/uploads\/2020\/07\/Logo-VIC-per-canale-Youtube.jpg","width":720,"height":720,"caption":"Veritatem facientes in Caritate"},"image":{"@id":"https:\/\/www.veritatemincaritate.com\/wp\/#\/schema\/logo\/image\/"},"sameAs":["https:\/\/www.facebook.com\/pgiorgiomariafare","https:\/\/instagram.com\/padre_giorgio_maria_fare?igshid=1p8wsw6b3edkc","https:\/\/www.youtube.com\/channel\/UCFqjpT1nX60rx3m_SELg3lA"]},{"@type":"Person","@id":"https:\/\/www.veritatemincaritate.com\/wp\/#\/schema\/person\/17ae821a27aada104588a1d94f526471","name":"Gv1114","image":{"@type":"ImageObject","inLanguage":"it-IT","@id":"https:\/\/secure.gravatar.com\/avatar\/5d29baa7fbb92e99034e1d9f7a4f83926de7a8a8f450bf35d58714f1ec0a3c39?s=96&d=mm&r=g","url":"https:\/\/secure.gravatar.com\/avatar\/5d29baa7fbb92e99034e1d9f7a4f83926de7a8a8f450bf35d58714f1ec0a3c39?s=96&d=mm&r=g","contentUrl":"https:\/\/secure.gravatar.com\/avatar\/5d29baa7fbb92e99034e1d9f7a4f83926de7a8a8f450bf35d58714f1ec0a3c39?s=96&d=mm&r=g","caption":"Gv1114"}}]}},"menu_order":0,"_links":{"self":[{"href":"https:\/\/www.veritatemincaritate.com\/wp\/wp-json\/wp\/v2\/posts\/5291","targetHints":{"allow":["GET"]}}],"collection":[{"href":"https:\/\/www.veritatemincaritate.com\/wp\/wp-json\/wp\/v2\/posts"}],"about":[{"href":"https:\/\/www.veritatemincaritate.com\/wp\/wp-json\/wp\/v2\/types\/post"}],"author":[{"embeddable":true,"href":"https:\/\/www.veritatemincaritate.com\/wp\/wp-json\/wp\/v2\/users\/3"}],"replies":[{"embeddable":true,"href":"https:\/\/www.veritatemincaritate.com\/wp\/wp-json\/wp\/v2\/comments?post=5291"}],"version-history":[{"count":0,"href":"https:\/\/www.veritatemincaritate.com\/wp\/wp-json\/wp\/v2\/posts\/5291\/revisions"}],"wp:featuredmedia":[{"embeddable":true,"href":"https:\/\/www.veritatemincaritate.com\/wp\/wp-json\/wp\/v2\/media\/5294"}],"wp:attachment":[{"href":"https:\/\/www.veritatemincaritate.com\/wp\/wp-json\/wp\/v2\/media?parent=5291"}],"wp:term":[{"taxonomy":"category","embeddable":true,"href":"https:\/\/www.veritatemincaritate.com\/wp\/wp-json\/wp\/v2\/categories?post=5291"},{"taxonomy":"post_tag","embeddable":true,"href":"https:\/\/www.veritatemincaritate.com\/wp\/wp-json\/wp\/v2\/tags?post=5291"}],"curies":[{"name":"wp","href":"https:\/\/api.w.org\/{rel}","templated":true}]}}