{"id":6028,"date":"2017-07-12T08:41:17","date_gmt":"2017-07-12T06:41:17","guid":{"rendered":"http:\/\/www.veritatemincaritate.com\/?p=6028"},"modified":"2023-05-03T15:10:38","modified_gmt":"2023-05-03T13:10:38","slug":"coniugi-martin-fedelta-assoluta-ai-comandamenti","status":"publish","type":"post","link":"https:\/\/www.veritatemincaritate.com\/wp\/2017\/07\/coniugi-martin-fedelta-assoluta-ai-comandamenti\/","title":{"rendered":"Coniugi Martin: fedelt\u00e0 assoluta ai comandamenti"},"content":{"rendered":"<div class=\"wpb-content-wrapper\"><p>[vc_row][vc_column][vc_column_text]<\/p>\n<h3>Omelia<\/h3>\n<p>Pubblichiamo l\u2019audio di\u00a0un\u2019omelia di mercoled\u00ec 12 luglio 2017, festa dei santi coniugi Martin.<\/p>\n<p>Predicatore:\u00a0p. Giorgio Maria Far\u00e9, OCD[\/vc_column_text][\/vc_column][\/vc_row][vc_row][vc_column][vc_column_text]<\/p>\n<h4>Ascolta la registrazione:<\/h4>\n<p>Per motivi di intenso traffico non ci \u00e8 possibile rendere disponibile l&#8217;ascolto dei file audio direttamente dal nostro sito. Se hai dubbi su come fare, vai alle <a href=\"http:\/\/www.veritatemincaritate.com\/chi-siamo\/istruzioni-per-lascolto-delle-registrazioni\/\" target=\"_blank\" rel=\"noopener\">istruzioni per l&#8217;ascolto delle registrazioni<\/a>.[\/vc_column_text][vc_row_inner][vc_column_inner width=&#8221;1\/2&#8243;][vc_column_text]<style type=\"text\/css\">.thegem-button-69f368a4cd2d37606 .gem-button {font-size: 14px;}.thegem-button-69f368a4cd2d37606 .gem-button-text {font-size: 14px;}.thegem-button-69f368a4cd2d37606 .gem-button svg {fill: #FFFFFF;}<\/style><div class=\"gem-button-container gem-button-position-inline thegem-button-69f368a4cd2d37606    \"  ><a class=\"gem-button gem-button-size-small gem-button-style-flat gem-button-text-weight-normal\" data-ll-effect=\"drop-right-without-wrap\" style=\"border-radius: 3px;background-color: #FF5C00;color: #FFFFFF;\" onmouseleave=\"this.style.backgroundColor='#FF5C00';this.style.color='#FFFFFF';\" onmouseenter=\"\" href=\"https:\/\/www.dropbox.com\/s\/ysv4bhw6ykdjjzh\/170712-Omelie-ConiugiMartinFedeltaAssolutaAiComandamenti.m4a?dl=1\" target=\"_self\">Scarica la registrazione<\/a><\/div> [\/vc_column_text][\/vc_column_inner][vc_column_inner width=&#8221;1\/2&#8243;][vc_column_text]<style type=\"text\/css\">.thegem-button-69f368a4ce0b68077 .gem-button {font-size: 14px;}.thegem-button-69f368a4ce0b68077 .gem-button-text {font-size: 14px;}.thegem-button-69f368a4ce0b68077 .gem-button svg {fill: #FFFFFF;}<\/style><div class=\"gem-button-container gem-button-position-inline thegem-button-69f368a4ce0b68077    \"  ><a class=\"gem-button gem-button-size-small gem-button-style-flat gem-button-text-weight-normal\" data-ll-effect=\"drop-right-without-wrap\" style=\"border-radius: 3px;background-color: #FF5C00;color: #FFFFFF;\" onmouseleave=\"this.style.backgroundColor='#FF5C00';this.style.color='#FFFFFF';\" onmouseenter=\"\" href=\"https:\/\/www.dropbox.com\/s\/ysv4bhw6ykdjjzh\/170712-Omelie-ConiugiMartinFedeltaAssolutaAiComandamenti.m4a?dl=0\" target=\"_self\">Ascolta la registrazione<\/a><\/div> [\/vc_column_text][\/vc_column_inner][\/vc_row_inner][\/vc_column][\/vc_row][vc_row][vc_column][vc_empty_space][vc_column_text]<\/p>\n<h2>Letture del giorno<\/h2>\n<p>[\/vc_column_text][vc_column_text]<strong>Mercoled\u00ec della XIV settimana del Tempo Ordinario (Anno dispari)<\/strong><\/p>\n<p><strong>PRIMA LETTURA<\/strong> <em>(Gen 41,55-57; 42,5-7.17-24)<\/em><br \/>\n<em>Su di noi grava la colpa nei riguardi di nostro fratello; per questo ci ha colpiti quest\u2019angoscia.<\/em><\/p>\n<p>In quei giorni, tutta la terra d\u2019Egitto cominci\u00f2 a sentire la fame e il popolo grid\u00f2 al faraone per avere il pane. Il faraone disse a tutti gli Egiziani: \u00abAndate da Giuseppe; fate quello che vi dir\u00e0\u00bb. La carestia imperversava su tutta la terra. Allora Giuseppe apr\u00ec tutti i depositi in cui vi era grano e lo vendette agli Egiziani. La carestia si aggravava in Egitto, ma da ogni paese venivano in Egitto per acquistare grano da Giuseppe, perch\u00e9 la carestia infieriva su tutta la terra. Arrivarono i figli d\u2019Israele per acquistare il grano, in mezzo ad altri che pure erano venuti, perch\u00e9 nella terra di Canaan c\u2019era la carestia.<br \/>\nGiuseppe aveva autorit\u00e0 su quella terra e vendeva il grano a tutta la sua popolazione. Perci\u00f2 i fratelli di Giuseppe vennero da lui e gli si prostrarono davanti con la faccia a terra. Giuseppe vide i suoi fratelli e li riconobbe, ma fece l\u2019estraneo verso di loro e li tenne in carcere per tre giorni.<br \/>\nIl terzo giorno Giuseppe disse loro: \u00abFate questo e avrete salva la vita; io temo Dio! Se voi siete sinceri, uno di voi fratelli resti prigioniero nel vostro carcere e voi andate a portare il grano per la fame delle vostre case. Poi mi condurrete qui il vostro fratello pi\u00f9 giovane. Cos\u00ec le vostre parole si dimostreranno vere e non morirete\u00bb. Essi annuirono.<br \/>\nSi dissero allora l\u2019un l\u2019altro: \u00abCerto su di noi grava la colpa nei riguardi di nostro fratello, perch\u00e9 abbiamo visto con quale angoscia ci supplicava e non lo abbiamo ascoltato. Per questo ci ha colpiti quest\u2019angoscia\u00bb.<br \/>\nRuben prese a dir loro: \u00abNon vi avevo detto io: \u201cNon peccate contro il ragazzo\u201d? Ma non mi avete dato ascolto. Ecco, ora ci viene domandato conto del suo sangue\u00bb. Non si accorgevano che Giuseppe li capiva, dato che tra lui e loro vi era l\u2019interprete.<br \/>\nAllora egli and\u00f2 in disparte e pianse.<\/p>\n<p><strong>SALMO RESPONSORIALE <\/strong><em>(Sal 32)<\/em><br \/>\n<strong>Rit: Su di noi, Signore, sia il tuo amore.<\/strong><\/p>\n<p>Lodate il Signore con la cetra,<br \/>\ncon l\u2019arpa a dieci corde a lui cantate.<br \/>\nCantate al Signore un canto nuovo,<br \/>\ncon arte suonate la cetra e acclamate.<\/p>\n<p>Il Signore annulla i disegni delle nazioni,<br \/>\nrende vani i progetti dei popoli.<br \/>\nMa il disegno del Signore sussiste per sempre,<br \/>\ni progetti del suo cuore per tutte le generazioni.<\/p>\n<p>Ecco, l\u2019occhio del Signore \u00e8 su chi lo teme,<br \/>\nsu chi spera nel suo amore,<br \/>\nper liberarlo dalla morte<br \/>\ne nutrirlo in tempo di fame.<\/p>\n<p><strong>Canto al Vangelo<\/strong> <em>(Mc 1,15)<\/em><br \/>\nAlleluia, alleluia.<br \/>\nIl regno di Dio \u00e8 vicino;<br \/>\nconvertitevi e credete nel Vangelo.<br \/>\nAlleluia.<\/p>\n<p><strong>VANGELO<\/strong> <em>(Mt 10,1-7) <\/em><br \/>\n<em>Rivolgetevi alle pecore perdute della casa d\u2019Israele.<\/em><\/p>\n<p>In quel tempo, chiamati a s\u00e9 i suoi dodici discepoli, Ges\u00f9 diede loro potere sugli spiriti impuri per scacciarli e guarire ogni malattia e ogni infermit\u00e0.<br \/>\nI nomi dei dodici apostoli sono: primo, Simone, chiamato Pietro, e Andrea suo fratello; Giacomo, figlio di Zebed\u00e8o, e Giovanni suo fratello; Filippo e Bartolomeo; Tommaso e Matteo il pubblicano; Giacomo, figlio di Alfeo, e Taddeo; Simone il Cananeo e Giuda l\u2019Iscariota, colui che poi lo trad\u00ec.<br \/>\nQuesti sono i Dodici che Ges\u00f9 invi\u00f2, ordinando loro: \u00abNon andate fra i pagani e non entrate nelle citt\u00e0 dei Samaritani; rivolgetevi piuttosto alle pecore perdute della casa d\u2019Israele. Strada facendo, predicate, dicendo che il regno dei cieli \u00e8 vicino\u00bb.[\/vc_column_text][\/vc_column][\/vc_row][vc_row][vc_column][vc_column_text][\/vc_column_text][\/vc_column][\/vc_row]<\/p>\n<\/div>","protected":false},"excerpt":{"rendered":"<p>[vc_row][vc_column][vc_column_text] Omelia Pubblichiamo l\u2019audio di\u00a0un\u2019omelia di mercoled\u00ec 12 luglio 2017, festa dei santi coniugi Martin. Predicatore:\u00a0p. Giorgio Maria Far\u00e9, OCD[\/vc_column_text][\/vc_column][\/vc_row][vc_row][vc_column][vc_column_text]&#8230;<\/p>\n","protected":false},"author":4,"featured_media":6030,"comment_status":"closed","ping_status":"closed","sticky":false,"template":"","format":"standard","meta":{"footnotes":""},"categories":[15],"tags":[4564,4565,103,4567,4568,262,3673,16,17,1679,155,154,4566,318,1347],"class_list":{"0":"post-6028","1":"post","2":"type-post","3":"status-publish","4":"format-standard","5":"has-post-thumbnail","7":"category-omelie","8":"tag-coniugi-luigi-e-zelia-martin","9":"tag-coniugi-martin","10":"tag-fede","11":"tag-integrita-di-cuore","12":"tag-integrita-di-mente","13":"tag-legge-di-dio","14":"tag-mentalita-bigotta","15":"tag-omelie","16":"tag-p-giorgio-maria-fare","17":"tag-radicalita","18":"tag-s-curato-dars","19":"tag-s-giovanni-maria-vianney","20":"tag-santo-scrupolo","21":"tag-terzo-comandamento","22":"tag-vangelo-sine-glossa"},"yoast_head":"<!-- This site is optimized with the Yoast SEO plugin v27.5 - https:\/\/yoast.com\/product\/yoast-seo-wordpress\/ -->\n<title>Coniugi Martin: fedelt\u00e0 assoluta ai comandamenti - Veritatemincaritate<\/title>\n<meta name=\"robots\" content=\"index, follow, max-snippet:-1, max-image-preview:large, max-video-preview:-1\" \/>\n<link rel=\"canonical\" href=\"https:\/\/www.veritatemincaritate.com\/wp\/2017\/07\/coniugi-martin-fedelta-assoluta-ai-comandamenti\/\" \/>\n<meta property=\"og:locale\" content=\"it_IT\" \/>\n<meta property=\"og:type\" content=\"article\" \/>\n<meta property=\"og:title\" content=\"Coniugi Martin: fedelt\u00e0 assoluta ai comandamenti - Veritatemincaritate\" \/>\n<meta property=\"og:description\" content=\"[vc_row][vc_column][vc_column_text] Omelia Pubblichiamo l\u2019audio di\u00a0un\u2019omelia di mercoled\u00ec 12 luglio 2017, festa dei santi coniugi Martin. Predicatore:\u00a0p. Giorgio Maria Far\u00e9, OCD[\/vc_column_text][\/vc_column][\/vc_row][vc_row][vc_column][vc_column_text]...\" \/>\n<meta property=\"og:url\" content=\"https:\/\/www.veritatemincaritate.com\/wp\/2017\/07\/coniugi-martin-fedelta-assoluta-ai-comandamenti\/\" \/>\n<meta property=\"og:site_name\" content=\"Veritatemincaritate\" \/>\n<meta property=\"article:publisher\" content=\"https:\/\/www.facebook.com\/pgiorgiomariafare\" \/>\n<meta property=\"article:published_time\" content=\"2017-07-12T06:41:17+00:00\" \/>\n<meta property=\"article:modified_time\" content=\"2023-05-03T13:10:38+00:00\" \/>\n<meta property=\"og:image\" content=\"https:\/\/www.veritatemincaritate.com\/wp\/wp-content\/uploads\/2017\/07\/ConiugiMartinFedeltaAssolutaAiComandamenti.jpg\" \/>\n\t<meta property=\"og:image:width\" content=\"600\" \/>\n\t<meta property=\"og:image:height\" content=\"400\" \/>\n\t<meta property=\"og:image:type\" content=\"image\/jpeg\" \/>\n<meta name=\"author\" content=\"Is551011\" \/>\n<meta name=\"twitter:card\" content=\"summary_large_image\" \/>\n<meta name=\"twitter:label1\" content=\"Scritto da\" \/>\n\t<meta name=\"twitter:data1\" content=\"Is551011\" \/>\n\t<meta name=\"twitter:label2\" content=\"Tempo di lettura stimato\" \/>\n\t<meta name=\"twitter:data2\" content=\"4 minuti\" \/>\n<script type=\"application\/ld+json\" class=\"yoast-schema-graph\">{\"@context\":\"https:\\\/\\\/schema.org\",\"@graph\":[{\"@type\":\"Article\",\"@id\":\"https:\\\/\\\/www.veritatemincaritate.com\\\/wp\\\/2017\\\/07\\\/coniugi-martin-fedelta-assoluta-ai-comandamenti\\\/#article\",\"isPartOf\":{\"@id\":\"https:\\\/\\\/www.veritatemincaritate.com\\\/wp\\\/2017\\\/07\\\/coniugi-martin-fedelta-assoluta-ai-comandamenti\\\/\"},\"author\":{\"name\":\"Is551011\",\"@id\":\"https:\\\/\\\/www.veritatemincaritate.com\\\/wp\\\/#\\\/schema\\\/person\\\/ae324896700d097ddc6db39f45894b80\"},\"headline\":\"Coniugi Martin: fedelt\u00e0 assoluta ai comandamenti\",\"datePublished\":\"2017-07-12T06:41:17+00:00\",\"dateModified\":\"2023-05-03T13:10:38+00:00\",\"mainEntityOfPage\":{\"@id\":\"https:\\\/\\\/www.veritatemincaritate.com\\\/wp\\\/2017\\\/07\\\/coniugi-martin-fedelta-assoluta-ai-comandamenti\\\/\"},\"wordCount\":855,\"publisher\":{\"@id\":\"https:\\\/\\\/www.veritatemincaritate.com\\\/wp\\\/#organization\"},\"image\":{\"@id\":\"https:\\\/\\\/www.veritatemincaritate.com\\\/wp\\\/2017\\\/07\\\/coniugi-martin-fedelta-assoluta-ai-comandamenti\\\/#primaryimage\"},\"thumbnailUrl\":\"https:\\\/\\\/www.veritatemincaritate.com\\\/wp\\\/wp-content\\\/uploads\\\/2017\\\/07\\\/ConiugiMartinFedeltaAssolutaAiComandamenti.jpg\",\"keywords\":[\"Coniugi Luigi e Zelia Martin\",\"coniugi Martin\",\"fede\",\"integrit\u00e0 di cuore\",\"integrit\u00e0 di mente\",\"Legge di Dio\",\"mentalit\u00e0 bigotta\",\"omelie\",\"p. Giorgio Maria Far\u00e9\",\"radicalit\u00e0\",\"S. Curato d'Ars\",\"S. Giovanni Maria Vianney\",\"santo scrupolo\",\"terzo comandamento\",\"Vangelo sine glossa\"],\"articleSection\":[\"Omelie\"],\"inLanguage\":\"it-IT\"},{\"@type\":\"WebPage\",\"@id\":\"https:\\\/\\\/www.veritatemincaritate.com\\\/wp\\\/2017\\\/07\\\/coniugi-martin-fedelta-assoluta-ai-comandamenti\\\/\",\"url\":\"https:\\\/\\\/www.veritatemincaritate.com\\\/wp\\\/2017\\\/07\\\/coniugi-martin-fedelta-assoluta-ai-comandamenti\\\/\",\"name\":\"Coniugi Martin: fedelt\u00e0 assoluta ai comandamenti - Veritatemincaritate\",\"isPartOf\":{\"@id\":\"https:\\\/\\\/www.veritatemincaritate.com\\\/wp\\\/#website\"},\"primaryImageOfPage\":{\"@id\":\"https:\\\/\\\/www.veritatemincaritate.com\\\/wp\\\/2017\\\/07\\\/coniugi-martin-fedelta-assoluta-ai-comandamenti\\\/#primaryimage\"},\"image\":{\"@id\":\"https:\\\/\\\/www.veritatemincaritate.com\\\/wp\\\/2017\\\/07\\\/coniugi-martin-fedelta-assoluta-ai-comandamenti\\\/#primaryimage\"},\"thumbnailUrl\":\"https:\\\/\\\/www.veritatemincaritate.com\\\/wp\\\/wp-content\\\/uploads\\\/2017\\\/07\\\/ConiugiMartinFedeltaAssolutaAiComandamenti.jpg\",\"datePublished\":\"2017-07-12T06:41:17+00:00\",\"dateModified\":\"2023-05-03T13:10:38+00:00\",\"breadcrumb\":{\"@id\":\"https:\\\/\\\/www.veritatemincaritate.com\\\/wp\\\/2017\\\/07\\\/coniugi-martin-fedelta-assoluta-ai-comandamenti\\\/#breadcrumb\"},\"inLanguage\":\"it-IT\",\"potentialAction\":[{\"@type\":\"ReadAction\",\"target\":[\"https:\\\/\\\/www.veritatemincaritate.com\\\/wp\\\/2017\\\/07\\\/coniugi-martin-fedelta-assoluta-ai-comandamenti\\\/\"]}]},{\"@type\":\"ImageObject\",\"inLanguage\":\"it-IT\",\"@id\":\"https:\\\/\\\/www.veritatemincaritate.com\\\/wp\\\/2017\\\/07\\\/coniugi-martin-fedelta-assoluta-ai-comandamenti\\\/#primaryimage\",\"url\":\"https:\\\/\\\/www.veritatemincaritate.com\\\/wp\\\/wp-content\\\/uploads\\\/2017\\\/07\\\/ConiugiMartinFedeltaAssolutaAiComandamenti.jpg\",\"contentUrl\":\"https:\\\/\\\/www.veritatemincaritate.com\\\/wp\\\/wp-content\\\/uploads\\\/2017\\\/07\\\/ConiugiMartinFedeltaAssolutaAiComandamenti.jpg\",\"width\":600,\"height\":400},{\"@type\":\"BreadcrumbList\",\"@id\":\"https:\\\/\\\/www.veritatemincaritate.com\\\/wp\\\/2017\\\/07\\\/coniugi-martin-fedelta-assoluta-ai-comandamenti\\\/#breadcrumb\",\"itemListElement\":[{\"@type\":\"ListItem\",\"position\":1,\"name\":\"Home\",\"item\":\"https:\\\/\\\/www.veritatemincaritate.com\\\/wp\\\/\"},{\"@type\":\"ListItem\",\"position\":2,\"name\":\"Coniugi Martin: fedelt\u00e0 assoluta ai comandamenti\"}]},{\"@type\":\"WebSite\",\"@id\":\"https:\\\/\\\/www.veritatemincaritate.com\\\/wp\\\/#website\",\"url\":\"https:\\\/\\\/www.veritatemincaritate.com\\\/wp\\\/\",\"name\":\"Veritatemincaritate\",\"description\":\"Agendo secondo verit\u00e0 nella carit\u00e0, cerchiamo di crescere in ogni cosa tendendo a lui, che \u00e8 il capo, Cristo\",\"publisher\":{\"@id\":\"https:\\\/\\\/www.veritatemincaritate.com\\\/wp\\\/#organization\"},\"potentialAction\":[{\"@type\":\"SearchAction\",\"target\":{\"@type\":\"EntryPoint\",\"urlTemplate\":\"https:\\\/\\\/www.veritatemincaritate.com\\\/wp\\\/?s={search_term_string}\"},\"query-input\":{\"@type\":\"PropertyValueSpecification\",\"valueRequired\":true,\"valueName\":\"search_term_string\"}}],\"inLanguage\":\"it-IT\"},{\"@type\":\"Organization\",\"@id\":\"https:\\\/\\\/www.veritatemincaritate.com\\\/wp\\\/#organization\",\"name\":\"Veritatem facientes in Caritate\",\"url\":\"https:\\\/\\\/www.veritatemincaritate.com\\\/wp\\\/\",\"logo\":{\"@type\":\"ImageObject\",\"inLanguage\":\"it-IT\",\"@id\":\"https:\\\/\\\/www.veritatemincaritate.com\\\/wp\\\/#\\\/schema\\\/logo\\\/image\\\/\",\"url\":\"https:\\\/\\\/www.veritatemincaritate.com\\\/wp\\\/wp-content\\\/uploads\\\/2020\\\/07\\\/Logo-VIC-per-canale-Youtube.jpg\",\"contentUrl\":\"https:\\\/\\\/www.veritatemincaritate.com\\\/wp\\\/wp-content\\\/uploads\\\/2020\\\/07\\\/Logo-VIC-per-canale-Youtube.jpg\",\"width\":720,\"height\":720,\"caption\":\"Veritatem facientes in Caritate\"},\"image\":{\"@id\":\"https:\\\/\\\/www.veritatemincaritate.com\\\/wp\\\/#\\\/schema\\\/logo\\\/image\\\/\"},\"sameAs\":[\"https:\\\/\\\/www.facebook.com\\\/pgiorgiomariafare\",\"https:\\\/\\\/instagram.com\\\/padre_giorgio_maria_fare?igshid=1p8wsw6b3edkc\",\"https:\\\/\\\/www.youtube.com\\\/channel\\\/UCFqjpT1nX60rx3m_SELg3lA\"]},{\"@type\":\"Person\",\"@id\":\"https:\\\/\\\/www.veritatemincaritate.com\\\/wp\\\/#\\\/schema\\\/person\\\/ae324896700d097ddc6db39f45894b80\",\"name\":\"Is551011\",\"image\":{\"@type\":\"ImageObject\",\"inLanguage\":\"it-IT\",\"@id\":\"https:\\\/\\\/secure.gravatar.com\\\/avatar\\\/c031fff76d6f121d3530ae43ac8407bd6ac4d5c3c8a89c237d6990047f9a6307?s=96&d=mm&r=g\",\"url\":\"https:\\\/\\\/secure.gravatar.com\\\/avatar\\\/c031fff76d6f121d3530ae43ac8407bd6ac4d5c3c8a89c237d6990047f9a6307?s=96&d=mm&r=g\",\"contentUrl\":\"https:\\\/\\\/secure.gravatar.com\\\/avatar\\\/c031fff76d6f121d3530ae43ac8407bd6ac4d5c3c8a89c237d6990047f9a6307?s=96&d=mm&r=g\",\"caption\":\"Is551011\"}}]}<\/script>\n<!-- \/ Yoast SEO plugin. -->","yoast_head_json":{"title":"Coniugi Martin: fedelt\u00e0 assoluta ai comandamenti - Veritatemincaritate","robots":{"index":"index","follow":"follow","max-snippet":"max-snippet:-1","max-image-preview":"max-image-preview:large","max-video-preview":"max-video-preview:-1"},"canonical":"https:\/\/www.veritatemincaritate.com\/wp\/2017\/07\/coniugi-martin-fedelta-assoluta-ai-comandamenti\/","og_locale":"it_IT","og_type":"article","og_title":"Coniugi Martin: fedelt\u00e0 assoluta ai comandamenti - Veritatemincaritate","og_description":"[vc_row][vc_column][vc_column_text] Omelia Pubblichiamo l\u2019audio di\u00a0un\u2019omelia di mercoled\u00ec 12 luglio 2017, festa dei santi coniugi Martin. Predicatore:\u00a0p. Giorgio Maria Far\u00e9, OCD[\/vc_column_text][\/vc_column][\/vc_row][vc_row][vc_column][vc_column_text]...","og_url":"https:\/\/www.veritatemincaritate.com\/wp\/2017\/07\/coniugi-martin-fedelta-assoluta-ai-comandamenti\/","og_site_name":"Veritatemincaritate","article_publisher":"https:\/\/www.facebook.com\/pgiorgiomariafare","article_published_time":"2017-07-12T06:41:17+00:00","article_modified_time":"2023-05-03T13:10:38+00:00","og_image":[{"width":600,"height":400,"url":"https:\/\/www.veritatemincaritate.com\/wp\/wp-content\/uploads\/2017\/07\/ConiugiMartinFedeltaAssolutaAiComandamenti.jpg","type":"image\/jpeg"}],"author":"Is551011","twitter_card":"summary_large_image","twitter_misc":{"Scritto da":"Is551011","Tempo di lettura stimato":"4 minuti"},"schema":{"@context":"https:\/\/schema.org","@graph":[{"@type":"Article","@id":"https:\/\/www.veritatemincaritate.com\/wp\/2017\/07\/coniugi-martin-fedelta-assoluta-ai-comandamenti\/#article","isPartOf":{"@id":"https:\/\/www.veritatemincaritate.com\/wp\/2017\/07\/coniugi-martin-fedelta-assoluta-ai-comandamenti\/"},"author":{"name":"Is551011","@id":"https:\/\/www.veritatemincaritate.com\/wp\/#\/schema\/person\/ae324896700d097ddc6db39f45894b80"},"headline":"Coniugi Martin: fedelt\u00e0 assoluta ai comandamenti","datePublished":"2017-07-12T06:41:17+00:00","dateModified":"2023-05-03T13:10:38+00:00","mainEntityOfPage":{"@id":"https:\/\/www.veritatemincaritate.com\/wp\/2017\/07\/coniugi-martin-fedelta-assoluta-ai-comandamenti\/"},"wordCount":855,"publisher":{"@id":"https:\/\/www.veritatemincaritate.com\/wp\/#organization"},"image":{"@id":"https:\/\/www.veritatemincaritate.com\/wp\/2017\/07\/coniugi-martin-fedelta-assoluta-ai-comandamenti\/#primaryimage"},"thumbnailUrl":"https:\/\/www.veritatemincaritate.com\/wp\/wp-content\/uploads\/2017\/07\/ConiugiMartinFedeltaAssolutaAiComandamenti.jpg","keywords":["Coniugi Luigi e Zelia Martin","coniugi Martin","fede","integrit\u00e0 di cuore","integrit\u00e0 di mente","Legge di Dio","mentalit\u00e0 bigotta","omelie","p. Giorgio Maria Far\u00e9","radicalit\u00e0","S. Curato d'Ars","S. Giovanni Maria Vianney","santo scrupolo","terzo comandamento","Vangelo sine glossa"],"articleSection":["Omelie"],"inLanguage":"it-IT"},{"@type":"WebPage","@id":"https:\/\/www.veritatemincaritate.com\/wp\/2017\/07\/coniugi-martin-fedelta-assoluta-ai-comandamenti\/","url":"https:\/\/www.veritatemincaritate.com\/wp\/2017\/07\/coniugi-martin-fedelta-assoluta-ai-comandamenti\/","name":"Coniugi Martin: fedelt\u00e0 assoluta ai comandamenti - Veritatemincaritate","isPartOf":{"@id":"https:\/\/www.veritatemincaritate.com\/wp\/#website"},"primaryImageOfPage":{"@id":"https:\/\/www.veritatemincaritate.com\/wp\/2017\/07\/coniugi-martin-fedelta-assoluta-ai-comandamenti\/#primaryimage"},"image":{"@id":"https:\/\/www.veritatemincaritate.com\/wp\/2017\/07\/coniugi-martin-fedelta-assoluta-ai-comandamenti\/#primaryimage"},"thumbnailUrl":"https:\/\/www.veritatemincaritate.com\/wp\/wp-content\/uploads\/2017\/07\/ConiugiMartinFedeltaAssolutaAiComandamenti.jpg","datePublished":"2017-07-12T06:41:17+00:00","dateModified":"2023-05-03T13:10:38+00:00","breadcrumb":{"@id":"https:\/\/www.veritatemincaritate.com\/wp\/2017\/07\/coniugi-martin-fedelta-assoluta-ai-comandamenti\/#breadcrumb"},"inLanguage":"it-IT","potentialAction":[{"@type":"ReadAction","target":["https:\/\/www.veritatemincaritate.com\/wp\/2017\/07\/coniugi-martin-fedelta-assoluta-ai-comandamenti\/"]}]},{"@type":"ImageObject","inLanguage":"it-IT","@id":"https:\/\/www.veritatemincaritate.com\/wp\/2017\/07\/coniugi-martin-fedelta-assoluta-ai-comandamenti\/#primaryimage","url":"https:\/\/www.veritatemincaritate.com\/wp\/wp-content\/uploads\/2017\/07\/ConiugiMartinFedeltaAssolutaAiComandamenti.jpg","contentUrl":"https:\/\/www.veritatemincaritate.com\/wp\/wp-content\/uploads\/2017\/07\/ConiugiMartinFedeltaAssolutaAiComandamenti.jpg","width":600,"height":400},{"@type":"BreadcrumbList","@id":"https:\/\/www.veritatemincaritate.com\/wp\/2017\/07\/coniugi-martin-fedelta-assoluta-ai-comandamenti\/#breadcrumb","itemListElement":[{"@type":"ListItem","position":1,"name":"Home","item":"https:\/\/www.veritatemincaritate.com\/wp\/"},{"@type":"ListItem","position":2,"name":"Coniugi Martin: fedelt\u00e0 assoluta ai comandamenti"}]},{"@type":"WebSite","@id":"https:\/\/www.veritatemincaritate.com\/wp\/#website","url":"https:\/\/www.veritatemincaritate.com\/wp\/","name":"Veritatemincaritate","description":"Agendo secondo verit\u00e0 nella carit\u00e0, cerchiamo di crescere in ogni cosa tendendo a lui, che \u00e8 il capo, Cristo","publisher":{"@id":"https:\/\/www.veritatemincaritate.com\/wp\/#organization"},"potentialAction":[{"@type":"SearchAction","target":{"@type":"EntryPoint","urlTemplate":"https:\/\/www.veritatemincaritate.com\/wp\/?s={search_term_string}"},"query-input":{"@type":"PropertyValueSpecification","valueRequired":true,"valueName":"search_term_string"}}],"inLanguage":"it-IT"},{"@type":"Organization","@id":"https:\/\/www.veritatemincaritate.com\/wp\/#organization","name":"Veritatem facientes in Caritate","url":"https:\/\/www.veritatemincaritate.com\/wp\/","logo":{"@type":"ImageObject","inLanguage":"it-IT","@id":"https:\/\/www.veritatemincaritate.com\/wp\/#\/schema\/logo\/image\/","url":"https:\/\/www.veritatemincaritate.com\/wp\/wp-content\/uploads\/2020\/07\/Logo-VIC-per-canale-Youtube.jpg","contentUrl":"https:\/\/www.veritatemincaritate.com\/wp\/wp-content\/uploads\/2020\/07\/Logo-VIC-per-canale-Youtube.jpg","width":720,"height":720,"caption":"Veritatem facientes in Caritate"},"image":{"@id":"https:\/\/www.veritatemincaritate.com\/wp\/#\/schema\/logo\/image\/"},"sameAs":["https:\/\/www.facebook.com\/pgiorgiomariafare","https:\/\/instagram.com\/padre_giorgio_maria_fare?igshid=1p8wsw6b3edkc","https:\/\/www.youtube.com\/channel\/UCFqjpT1nX60rx3m_SELg3lA"]},{"@type":"Person","@id":"https:\/\/www.veritatemincaritate.com\/wp\/#\/schema\/person\/ae324896700d097ddc6db39f45894b80","name":"Is551011","image":{"@type":"ImageObject","inLanguage":"it-IT","@id":"https:\/\/secure.gravatar.com\/avatar\/c031fff76d6f121d3530ae43ac8407bd6ac4d5c3c8a89c237d6990047f9a6307?s=96&d=mm&r=g","url":"https:\/\/secure.gravatar.com\/avatar\/c031fff76d6f121d3530ae43ac8407bd6ac4d5c3c8a89c237d6990047f9a6307?s=96&d=mm&r=g","contentUrl":"https:\/\/secure.gravatar.com\/avatar\/c031fff76d6f121d3530ae43ac8407bd6ac4d5c3c8a89c237d6990047f9a6307?s=96&d=mm&r=g","caption":"Is551011"}}]}},"menu_order":0,"_links":{"self":[{"href":"https:\/\/www.veritatemincaritate.com\/wp\/wp-json\/wp\/v2\/posts\/6028","targetHints":{"allow":["GET"]}}],"collection":[{"href":"https:\/\/www.veritatemincaritate.com\/wp\/wp-json\/wp\/v2\/posts"}],"about":[{"href":"https:\/\/www.veritatemincaritate.com\/wp\/wp-json\/wp\/v2\/types\/post"}],"author":[{"embeddable":true,"href":"https:\/\/www.veritatemincaritate.com\/wp\/wp-json\/wp\/v2\/users\/4"}],"replies":[{"embeddable":true,"href":"https:\/\/www.veritatemincaritate.com\/wp\/wp-json\/wp\/v2\/comments?post=6028"}],"version-history":[{"count":0,"href":"https:\/\/www.veritatemincaritate.com\/wp\/wp-json\/wp\/v2\/posts\/6028\/revisions"}],"wp:featuredmedia":[{"embeddable":true,"href":"https:\/\/www.veritatemincaritate.com\/wp\/wp-json\/wp\/v2\/media\/6030"}],"wp:attachment":[{"href":"https:\/\/www.veritatemincaritate.com\/wp\/wp-json\/wp\/v2\/media?parent=6028"}],"wp:term":[{"taxonomy":"category","embeddable":true,"href":"https:\/\/www.veritatemincaritate.com\/wp\/wp-json\/wp\/v2\/categories?post=6028"},{"taxonomy":"post_tag","embeddable":true,"href":"https:\/\/www.veritatemincaritate.com\/wp\/wp-json\/wp\/v2\/tags?post=6028"}],"curies":[{"name":"wp","href":"https:\/\/api.w.org\/{rel}","templated":true}]}}