{"id":680,"date":"2015-10-26T09:00:40","date_gmt":"2015-10-26T08:00:40","guid":{"rendered":"http:\/\/www.veritatemincaritate.com\/?p=680"},"modified":"2025-07-25T11:33:35","modified_gmt":"2025-07-25T09:33:35","slug":"la-confessione-generale-2","status":"publish","type":"post","link":"https:\/\/www.veritatemincaritate.com\/wp\/2015\/10\/la-confessione-generale-2\/","title":{"rendered":"La Confessione generale"},"content":{"rendered":"<div class=\"wpb-content-wrapper\"><p>[vc_row][vc_column][vc_column_text]Pubblichiamo l&#8217;audio di un&#8217;omelia sulle letture di luned\u00ec\u00a026 ottobre 2015<\/p>\n<p>Predicatore:\u00a0p. Giorgio Maria Far\u00e9, OCD[\/vc_column_text][vc_column_text]<\/p>\n<h4>Ascolta la registrazione:<\/h4>\n<p>Per motivi di intenso traffico non ci \u00e8 possibile rendere disponibile l&#8217;ascolto dei file audio direttamente dal nostro sito. Se hai dubbi su come fare, vai alle <a href=\"http:\/\/www.veritatemincaritate.com\/chi-siamo\/istruzioni-per-lascolto-delle-registrazioni\/\" target=\"_blank\" rel=\"noopener\">istruzioni per l&#8217;ascolto delle registrazioni<\/a>.[\/vc_column_text][\/vc_column][\/vc_row][vc_row][vc_column][vc_row_inner][vc_column_inner width=&#8221;1\/2&#8243;][vc_column_text]<style type=\"text\/css\">.thegem-button-69f3cc0770c1b9685 .gem-button {font-size: 14px;}.thegem-button-69f3cc0770c1b9685 .gem-button-text {font-size: 14px;}.thegem-button-69f3cc0770c1b9685 .gem-button svg {fill: #FFFFFF;}<\/style><div class=\"gem-button-container gem-button-position-inline thegem-button-69f3cc0770c1b9685    \"  ><a class=\"gem-button gem-button-size-small gem-button-style-flat gem-button-text-weight-normal\" data-ll-effect=\"drop-right-without-wrap\" style=\"border-radius: 3px;background-color: #FF5C00;color: #FFFFFF;\" onmouseleave=\"this.style.backgroundColor='#FF5C00';this.style.color='#FFFFFF';\" onmouseenter=\"\" href=\"https:\/\/www.dropbox.com\/s\/i9bc0oujrcwan8b\/151026-Omelia-ConfessioneGenerale.m4a?dl=1\" target=\"_self\">Scarica la registrazione<\/a><\/div> [\/vc_column_text][\/vc_column_inner][vc_column_inner width=&#8221;1\/2&#8243;][vc_column_text]<style type=\"text\/css\">.thegem-button-69f3cc0770dd79999 .gem-button {font-size: 14px;}.thegem-button-69f3cc0770dd79999 .gem-button-text {font-size: 14px;}.thegem-button-69f3cc0770dd79999 .gem-button svg {fill: #FFFFFF;}<\/style><div class=\"gem-button-container gem-button-position-inline thegem-button-69f3cc0770dd79999    \"  ><a class=\"gem-button gem-button-size-small gem-button-style-flat gem-button-text-weight-normal\" data-ll-effect=\"drop-right-without-wrap\" style=\"border-radius: 3px;background-color: #FF5C00;color: #FFFFFF;\" onmouseleave=\"this.style.backgroundColor='#FF5C00';this.style.color='#FFFFFF';\" onmouseenter=\"\" href=\"https:\/\/www.dropbox.com\/s\/i9bc0oujrcwan8b\/151026-Omelia-ConfessioneGenerale.m4a?dl=0\" target=\"_self\">Ascolta la registrazione<\/a><\/div> [\/vc_column_text][\/vc_column_inner][\/vc_row_inner][\/vc_column][\/vc_row][vc_row][vc_column][vc_separator color=&#8221;orange&#8221; border_width=&#8221;4&#8243;][\/vc_column][\/vc_row][vc_row][vc_column][vc_column_text]<\/p>\n<h5>Approfondimenti<\/h5>\n<p>[\/vc_column_text][\/vc_column][\/vc_row][vc_row][vc_column][vc_column_text]<\/p>\n<h6>Traccia per preparare la confessione generale seguendo le indicazioni di S. Francesco di Sales in Filotea.<\/h6>\n<p>[\/vc_column_text][vc_btn title=&#8221;Scarica il pdf&#8221; color=&#8221;orange&#8221; link=&#8221;url:https%3A%2F%2Fwww.veritatemincaritate.com%2Fwp%2Fwp-content%2Fuploads%2F2015%2F10%2FConfessione-generale.pdf|target:_blank&#8221;][vc_separator color=&#8221;orange&#8221;][\/vc_column][\/vc_row][vc_row][vc_column][vc_column_text]<\/p>\n<h6>Pagellina della promessa al termine della confessione generale<\/h6>\n<p>[\/vc_column_text][vc_column_text]<a href=\"https:\/\/www.veritatemincaritate.com\/wp\/wp-content\/uploads\/2015\/10\/Promessa_Filotea.pdf\" target=\"_blank\" rel=\"noopener\"><img class=\"alignnone wp-image-661 size-medium\" src=\"https:\/\/www.veritatemincaritate.com\/wp\/wp-content\/uploads\/2015\/10\/Promessa_Filotea_icona-300x210.png\" alt=\"Promessa_Filotea_icona\" width=\"300\" height=\"210\" srcset=\"https:\/\/www.veritatemincaritate.com\/wp\/wp-content\/uploads\/2015\/10\/Promessa_Filotea_icona-300x210.png 300w, https:\/\/www.veritatemincaritate.com\/wp\/wp-content\/uploads\/2015\/10\/Promessa_Filotea_icona-1024x718.png 1024w, https:\/\/www.veritatemincaritate.com\/wp\/wp-content\/uploads\/2015\/10\/Promessa_Filotea_icona.png 1514w\" sizes=\"(max-width: 300px) 100vw, 300px\" \/><\/a><\/p>\n<p>Pagellina contenente la promessa da recitare al termine della Confessione generale.[\/vc_column_text][vc_btn title=&#8221;Scarica il pdf&#8221; color=&#8221;orange&#8221; link=&#8221;url:https%3A%2F%2Fwww.veritatemincaritate.com%2Fwp%2Fwp-content%2Fuploads%2F2015%2F10%2FPromessa_Filotea.pdf|target:_blank&#8221;][vc_separator color=&#8221;orange&#8221;][\/vc_column][\/vc_row][vc_row][vc_column][vc_column_text]<\/p>\n<h6>Testo integrale del libro &#8220;Filotea&#8221; scritto da S. Francesco di Sales<\/h6>\n<p>[\/vc_column_text][vc_btn title=&#8221;Scarica il pdf&#8221; color=&#8221;orange&#8221; link=&#8221;url:https%3A%2F%2Fwww.dropbox.com%2Fs%2Fceoexj779elr0gk%2FS%2520Francesco%2520di%2520Sales%2520-%2520Filotea.pdf%3Fdl%3D1|target:_blank&#8221;][vc_separator color=&#8221;orange&#8221; border_width=&#8221;4&#8243;][\/vc_column][\/vc_row][vc_row][vc_column][vc_column_text]<\/p>\n<h5>Testo della meditazione<\/h5>\n<p>[\/vc_column_text][vc_column_text]<\/p>\n<h5><a href=\"https:\/\/www.veritatemincaritate.com\/wp\/wp-content\/uploads\/2021\/07\/151026-Omelia-del-26-ottobre-2015.pdf\" target=\"_blank\" rel=\"noopener\">Scarica il testo della meditazione<\/a><\/h5>\n<h6>La Confessione generale<\/h6>\n<p>Sia lodato Ges\u00f9 Cristo! Sempre sia lodato!<\/p>\n<p>Per ben diciotto anni, dice il Vangelo che abbiamo ascoltato, questa donna \u00e8 stata curva su s\u00e9 stessa, ripiegata e legata al demonio, allora dobbiamo concludere che il legame pi\u00f9 terribile, pi\u00f9 tremendo, la curvatura della persona, della coscienza, dell\u2019anima su s\u00e9 stessa, la schiavit\u00f9 peggiore che possa capitare, \u00e8 quella che viene dal peccato.<\/p>\n<p>Per questo ho pensato quest\u2019oggi di dire due parole sull\u2019importanza della confessione generale, trattata da San Francesco di Sales, Dottore della Chiesa, nel libro <em>\u201cFilotea\u201d<\/em>, un classico della spiritualit\u00e0 cristiana, un\u2019opera molto famosa, molto bella e di grande autorevolezza, dato l\u2019autore.<\/p>\n<p>Lui scrive tutto nella prima parte di questo libro, siamo qui al capitolo VI, e spiega l\u2019importanza della confessione generale.<\/p>\n<p>San Francesco di Sales dice che la confessione generale non sempre \u00e8 necessaria, per\u00f2 dice che la ritiene opportuna quando una persona inizia un cammino vero di conversione, perch\u00e9 coloro che conducono una vita ordinaria, come Cristiani comuni, fanno spesso confessioni abituali piene di difetti.<\/p>\n<p>Per esempio, ci si prepara poco o per niente alla confessione, non si ha la contrizione richiesta, si ha il segreto proposito di tornare a peccare, visto che non si ha alcuna intenzione di evitarne l\u2019occasione futura, n\u00e9 di prendere gli opportuni accorgimenti per correggersi; tutti esempi che dicono che le nostre confessioni non sono fatte bene.<\/p>\n<p>Gli effetti di questa confessione generale, scrive San Francesco di Sales, sono: \u201c<em>Ci porta a conoscere noi stessi, ci provoca una salutare vergogna del nostro passato, ci fa ammirare la Misericordia di Dio\u2026, porta la pace nel cuore, la serenit\u00e0 nello spirito, suscita buoni propositi, offre l\u2019occasione al nostro padre spirituale di darci consigli pi\u00f9 adatti\u2026, apre il cuore alla semplicit\u00e0 fiduciosa e ci far\u00e0 essere molto sinceri nelle confessioni che seguiranno\u201d.<\/em><\/p>\n<p>Vedete quanti effetti bellissimi ha la confessione generale!<\/p>\n<p>Perch\u00e9 si dice generale?<\/p>\n<p>Si dice generale perch\u00e9 prende dentro tutta la vita, si fa come un pit-stop della nostra vita, ci si ferma e si rivede tutto.<\/p>\n<p>Qui apro e chiudo una parentesi velocissima, dicendo che oggigiorno ci si pu\u00f2 sentir rispondere che non \u00e8 necessario fare la confessione generale, perch\u00e9 Ges\u00f9 Cristo ha perdonato tutti i nostri peccati gi\u00e0 duemila anni fa sulla croce, che non dobbiamo farci troppi problemi e che fare la confessione generale vuol dire non affidarsi alla Misericordia di Dio, vuol dire dubitare della Misericordia di Dio.<\/p>\n<p>Niente di pi\u00f9 falso!<\/p>\n<p>Noi queste cose non le dobbiamo neanche ascoltare, non serve commentarle, dico solo che, stando ai Santi, sono frasi false e sbagliate.<\/p>\n<p>Al capitolo XIX, sempre della prima parte, San Francesco di Sales dice che devi cercarti il miglior confessore possibile.<\/p>\n<p>Certo, se devo fare una operazione di cardiochirurgia o neurochirurgia non vado dal macellaio del paese, devo cercare il migliore, perch\u00e9 \u00e8 una cosa molto delicata.<\/p>\n<p>Lui dice che non bisogna lasciarsi angosciare per nessuna ragione, perch\u00e9 la confessione generale \u00e8 una cosa bellissima.<\/p>\n<p>Infatti lui dice che \u201c<em>il peccato \u00e8 riprovevole quando lo commettiamo ma, una volta trasformato in confessione e penitenza, \u00e8 pegno di onore e di salvezza\u201d.<\/em><\/p>\n<p>Scrive: \u201c<em>La contrizione e la confessione sono cos\u00ec belle e cos\u00ec profumate che cancellano la bruttezza e distruggono il lezzo del peccato\u201d.<\/em><\/p>\n<p>Sentite che espressioni celesti: \u201c<em>Quando sarai davanti al confessore immagina di essere sul Calvario, ai piedi di Ges\u00f9 Cristo crocefisso, il cui Sangue, grondando da tutte le parti, ti lava dalle tue iniquit\u00e0. Apri bene il cuore per fare uscire i peccati destinati alla confessione, a misura che usciranno, entrer\u00e0 il merito prezioso della passione di Cristo per riempirlo di benedizioni. Esponi tutto bene, con semplicit\u00e0 e naturalezza; almeno per questa volta fa contenta la tua coscienza\u201d.<\/em><\/p>\n<p>Pi\u00f9 tu sarai semplice, pi\u00f9 tu aprirai il tuo cuore e pi\u00f9 il Sangue di Cristo entrer\u00e0 e ti liberer\u00e0, come questa donna, che rimette dritta in piedi.<\/p>\n<p>\u201c<em>Dopo ascolta la correzione e i consigli del servitore di Dio<\/em>\u2026 \u201d<\/p>\n<p>Questo \u00e8 il cuore di questa lezione di San Francesco: \u201c<em>Dopo<\/em>, <em>prendi in mano la promessa che ho scritto per te e che trovi nel capitolo seguente; serve di conclusione al tuo atto di contrizione. Prima devi meditarla. Leggila con attenzione e con tutta la partecipazione che ti sar\u00e0 possibile davanti al sacerdote\u201d.<\/em><\/p>\n<p>Nel capitolo XX scrive questa promessa bellissima (che non posso leggervi perch\u00e9 \u00e8 molto lunga e che vi invito ad andare a vedere), da recitare davanti al sacerdote.<\/p>\n<p>La promessa consiste in una prima parte dove si dice che io voglio convertirmi a Dio, propongo, decido scelgo in modo irrevocabile di amarlo da adesso e per l\u2019eternit\u00e0, mi consacro interamente, mi sacrifico, mi immolo in tutto col mio spirito a Dio\u2026 poi dice che, se per caso dovesse succedere per suggestione del demonio, o per debolezza, di cadere o di trasgredire questa promessa, c\u2019\u00e8 una seconda promessa inscritta nella stessa promessa: \u00e8 quella \u201c<em>di rialzarmi immediatamente<\/em> (ecco perch\u00e9 ho pensato a questa promessa quando ho letto il Vangelo di oggi), <em>appena ne avr\u00f2 coscienza, e di rivolgermi di nuovo alla Misericordia divina, senza attendere un solo istante\u201d.<\/em><\/p>\n<p>Questa bellissima promessa di San Francesco di Sales dice s\u00ec che mi consacro a Dio (va bene, lo siamo gi\u00e0 col battesimo, ma qui lo ridiciamo un\u2019altra volta), ma la promessa consiste in questo: \u00abSe pecco, se cado, io ti prometto Ges\u00f9 che non tramonter\u00e0 il sole, senza che io sia venuto a chiederti perdono\u00bb, una promessa bellissima.<\/p>\n<p>A un certo punto poi dice: <em>\u201cFatta la promessa, rimani molto attenta e apri bene il cuore per ascoltare con tutta l\u2019anima le parole di assoluzione che il Salvatore della tua anima, assiso sul trono della misericordia, pronuncer\u00e0 lass\u00f9 in Cielo, davanti agli Angeli e ai Santi, nello stesso istante in cui, in suo nome, il sacerdote ti assolver\u00e0 quaggi\u00f9 in terra\u201d.<\/em><\/p>\n<p>Che sacralit\u00e0 bellissima!<\/p>\n<p>\u201c<em>La schiera dei Beati gioisce per la tua felicit\u00e0 e canta il cantico spirituale di una gioia che non ha confronti; tutti ti accolgono e abbracciano il tuo cuore che ha ritrovato la grazia e la santit\u00e0.<\/em><\/p>\n<p><em>\u00c8 un ottimo contratto, Filotea: tu doni ora te stessa alla Maest\u00e0 di Dio e ottieni in cambio che Egli si doni a te per l\u2019eternit\u00e0\u201d.<\/em><\/p>\n<p>Ma a chi di noi, ascoltando queste parole, non viene subito la voglia di andare a fare una confessione generale? Chi di noi, sano di mente, non dice: \u00abAdesso io la vado a fare subito\u00bb?<\/p>\n<p>Perch\u00e9 sentendo le parole dei Santi capisci, dentro di te senti la verit\u00e0 di queste parole e dici: \u00abS\u00ec, \u00e8 una cosa bellissima!\u00bb<\/p>\n<p>Allora lui conclude cos\u00ec: \u201c<em>Non ti resta pi\u00f9 che prendere la penna e apporre la firma all\u2019atto della tua promessa\u201d.<\/em><\/p>\n<p>\u00c8 come una pagellina, tu la devi firmare; la firmi l\u00ec in confessionale, dopo averla letta davanti al sacerdote, bellissimo!<\/p>\n<p>\u201c<em>Dopo di che, ti recherai all\u2019altare; cos\u00ec anche Dio firmer\u00e0 e apporr\u00e0 il suo sigillo a conferma dell\u2019assoluzione e ti prometter\u00e0 il paradiso; per mezzo del sacramento anzi, sar\u00e0 Lui stesso il sigillo di garanzia sul tuo cuore nuovo. Cos\u00ec la tua anima sar\u00e0 libera dal peccato e da tutti gli affetti al peccato\u201d.<\/em><\/p>\n<p>Ma avete sentito che cosa bella?<\/p>\n<p>Sarebbe bello che lo Spirito Santo, in questa Messa che stiamo facendo stamattina in onore dello Spirito Santo, ci educasse, ci facesse venire voglia e ci desse la grazia di trovare un sacerdote con il quale poter fare questa confessione generale, fatta bene, con calma, leggere la promessa, mettere la firma, andare davanti all\u2019altare gi\u00f9 in chiesa, in silenzio, chiedere a Dio il sigillo di questa cosa e conservarla sempre con noi.<\/p>\n<p>Concludo con una frase, un motto bellissimo, scritto da Sallustio, che \u00e8 stato citato da Papa Benedetto XVI nella Messa <em>Pro eligendo Romano Pontifice<\/em>, la Messa che poi ha aperto il Conclave e ha portato alla sua elezione.<\/p>\n<p>Il Santo Padre in quella omelia cit\u00f2 questo motto bellissimo: \u201c<em>Idem velle, idem nolle<\/em>\u201d.<\/p>\n<p>Lui commentava l\u2019amicizia con Ges\u00f9 e diceva che la fede adulta \u00e8 la fede di colui che vive in amicizia con Cristo.<\/p>\n<p>\u201c<em>Idem velle, idem nolle<\/em>\u201d, stesse cose volere, stesse cose non volere.<\/p>\n<p>Dobbiamo volere e non volere le stesse cose di Cristo!<\/p>\n<p>Sicuramente Ges\u00f9 vuole questo!<\/p>\n<p>Se San Francesco di Sales, Dottore della Chiesa, le ha scritte, \u00e8 perch\u00e9 \u00e8 stato illuminato dal Signore, il quale ci attende ogni giorno con la Sua Misericordia a dirci: \u00abVieni da me! Torna a me, perch\u00e9 io posso veramente liberarti da ogni peccato!\u00bb<\/p>\n<p>Non dobbiamo avere paura, non dobbiamo avere vergogna, non dobbiamo avere angoscia, come dice San Francesco di Sales, dobbiamo solamente avere una grande confidenza in Dio.<\/p>\n<p>Sia lodato Ges\u00f9 Cristo! Sempre sia Lodato![\/vc_column_text][vc_separator color=&#8221;orange&#8221; border_width=&#8221;4&#8243;][\/vc_column][\/vc_row][vc_row][vc_column][vc_column_text]<\/p>\n<h5>Letture del giorno<\/h5>\n<p>[\/vc_column_text][vc_column_text]<strong>Prima lettura<\/strong><\/p>\n<p><em>Rm 8,12-17 &#8211; Avete ricevuto lo Spirito che rende figli adottivi, per mezzo del quale gridiamo: \u00abAbb\u00e0! Padre!\u00bb<\/em>.<\/p>\n<p>Fratelli, noi siamo debitori non verso la carne, per vivere secondo i desideri carnali, perch\u00e9, se vivete secondo la carne, morirete. Se, invece, mediante lo Spirito fate morire le opere del corpo, vivrete.<br \/>\nInfatti tutti quelli che sono guidati dallo Spirito di Dio, questi sono figli di Dio. E voi non avete ricevuto uno spirito da schiavi per ricadere nella paura, ma avete ricevuto lo Spirito che rende figli adottivi, per mezzo del quale gridiamo: \u00abAbb\u00e0! Padre!\u00bb.<br \/>\nLo Spirito stesso, insieme al nostro spirito, attesta che siamo figli di Dio. E se siamo figli, siamo anche eredi: eredi di Dio, coeredi di Cristo, se davvero prendiamo parte alle sue sofferenze per partecipare anche alla sua gloria.<\/p>\n<p><strong>Salmo responsoriale<\/strong><\/p>\n<p><em>Sal 67<\/em><\/p>\n<p><em>Il nostro Dio \u00e8 un Dio che salva.<\/em><\/p>\n<p>Sorga Dio e siano dispersi i suoi nemici<br \/>\ne fuggano davanti a lui quelli che lo odiano.<br \/>\nI giusti invece si rallegrano,<br \/>\nesultano davanti a Dio<br \/>\ne cantano di gioia.<\/p>\n<p>Padre degli orfani e difensore delle vedove<br \/>\n\u00e8 Dio nella sua santa dimora.<br \/>\nA chi \u00e8 solo, Dio fa abitare una casa,<br \/>\nfa uscire con gioia i prigionieri.<\/p>\n<p>Di giorno in giorno benedetto il Signore:<br \/>\na noi Dio porta la salvezza.<br \/>\nIl nostro Dio \u00e8 un Dio che salva;<br \/>\nal Signore Dio appartengono le porte della morte.<\/p>\n<p><strong>Canto al Vangelo<\/strong><\/p>\n<p><em>Gv 17,17<\/em><br \/>\nAlleluia, alleluia.<br \/>\nLa tua parola, Signore, \u00e8 verit\u00e0;<br \/>\nconsacraci nella verit\u00e0.<br \/>\nAlleluia.<\/p>\n<p><strong>Vangelo<\/strong><\/p>\n<p><em>Lc 13,10-17 &#8211; Questa figlia di Abramo non doveva essere liberata da questo legame nel giorno di sabato?<\/em><\/p>\n<p>In quel tempo, Ges\u00f9 stava insegnando in una sinagoga in giorno di sabato. C\u2019era l\u00e0 una donna che uno spirito teneva inferma da diciotto anni; era curva e non riusciva in alcun modo a stare diritta.<br \/>\nGes\u00f9 la vide, la chiam\u00f2 a s\u00e9 e le disse: \u00abDonna, sei liberata dalla tua malattia\u00bb. Impose le mani su di lei e subito quella si raddrizz\u00f2 e glorificava Dio.<br \/>\nMa il capo della sinagoga, sdegnato perch\u00e9 Ges\u00f9 aveva operato quella guarigione di sabato, prese la parola e disse alla folla: \u00abCi sono sei giorni in cui si deve lavorare; in quelli dunque venite a farvi guarire e non in giorno di sabato\u00bb.<br \/>\nIl Signore gli replic\u00f2: \u00abIpocriti, non \u00e8 forse vero che, di sabato, ciascuno di voi slega il suo bue o l\u2019asino dalla mangiatoia, per condurlo ad abbeverarsi? E questa figlia di Abramo, che Satana ha tenuto prigioniera per ben diciotto anni, non doveva essere liberata da questo legame nel giorno di sabato?\u00bb.<br \/>\nQuando egli diceva queste cose, tutti i suoi avversari si vergognavano, mentre la folla intera esultava per tutte le meraviglie da lui compiute.[\/vc_column_text][\/vc_column][\/vc_row]<\/p>\n<\/div>","protected":false},"excerpt":{"rendered":"<p>[vc_row][vc_column][vc_column_text]Pubblichiamo l&#8217;audio di un&#8217;omelia sulle letture di luned\u00ec\u00a026 ottobre 2015 Predicatore:\u00a0p. Giorgio Maria Far\u00e9, OCD[\/vc_column_text][vc_column_text] Ascolta la registrazione: Per motivi&#8230;<\/p>\n","protected":false},"author":3,"featured_media":685,"comment_status":"closed","ping_status":"closed","sticky":false,"template":"","format":"standard","meta":{"footnotes":""},"categories":[21,15,49],"tags":[14,146,152,16,17,31,147],"class_list":{"0":"post-680","1":"post","2":"type-post","3":"status-publish","4":"format-standard","5":"has-post-thumbnail","7":"category-devozione","8":"category-omelie","9":"category-sacramenti","10":"tag-confessione","11":"tag-confessione-generale","12":"tag-filotea","13":"tag-omelie","14":"tag-p-giorgio-maria-fare","15":"tag-peccato","16":"tag-s-francesco-di-sales"},"yoast_head":"<!-- This site is optimized with the Yoast SEO plugin v27.5 - https:\/\/yoast.com\/product\/yoast-seo-wordpress\/ -->\n<title>La Confessione generale - Veritatemincaritate<\/title>\n<meta name=\"robots\" content=\"index, follow, max-snippet:-1, max-image-preview:large, max-video-preview:-1\" \/>\n<link rel=\"canonical\" href=\"https:\/\/www.veritatemincaritate.com\/wp\/2015\/10\/la-confessione-generale-2\/\" \/>\n<meta property=\"og:locale\" content=\"it_IT\" \/>\n<meta property=\"og:type\" content=\"article\" \/>\n<meta property=\"og:title\" content=\"La Confessione generale - Veritatemincaritate\" \/>\n<meta property=\"og:description\" content=\"[vc_row][vc_column][vc_column_text]Pubblichiamo l&#8217;audio di un&#8217;omelia sulle letture di luned\u00ec\u00a026 ottobre 2015 Predicatore:\u00a0p. Giorgio Maria Far\u00e9, OCD[\/vc_column_text][vc_column_text] Ascolta la registrazione: Per motivi...\" \/>\n<meta property=\"og:url\" content=\"https:\/\/www.veritatemincaritate.com\/wp\/2015\/10\/la-confessione-generale-2\/\" \/>\n<meta property=\"og:site_name\" content=\"Veritatemincaritate\" \/>\n<meta property=\"article:publisher\" content=\"https:\/\/www.facebook.com\/pgiorgiomariafare\" \/>\n<meta property=\"article:published_time\" content=\"2015-10-26T08:00:40+00:00\" \/>\n<meta property=\"article:modified_time\" content=\"2025-07-25T09:33:35+00:00\" \/>\n<meta property=\"og:image\" content=\"https:\/\/www.veritatemincaritate.com\/wp\/wp-content\/uploads\/2015\/10\/Figliol-prodigo.jpg\" \/>\n\t<meta property=\"og:image:width\" content=\"600\" \/>\n\t<meta property=\"og:image:height\" content=\"400\" \/>\n\t<meta property=\"og:image:type\" content=\"image\/jpeg\" \/>\n<meta name=\"author\" content=\"Gv1114\" \/>\n<meta name=\"twitter:card\" content=\"summary_large_image\" \/>\n<meta name=\"twitter:label1\" content=\"Scritto da\" \/>\n\t<meta name=\"twitter:data1\" content=\"Gv1114\" \/>\n\t<meta name=\"twitter:label2\" content=\"Tempo di lettura stimato\" \/>\n\t<meta name=\"twitter:data2\" content=\"12 minuti\" \/>\n<script type=\"application\/ld+json\" class=\"yoast-schema-graph\">{\"@context\":\"https:\\\/\\\/schema.org\",\"@graph\":[{\"@type\":\"Article\",\"@id\":\"https:\\\/\\\/www.veritatemincaritate.com\\\/wp\\\/2015\\\/10\\\/la-confessione-generale-2\\\/#article\",\"isPartOf\":{\"@id\":\"https:\\\/\\\/www.veritatemincaritate.com\\\/wp\\\/2015\\\/10\\\/la-confessione-generale-2\\\/\"},\"author\":{\"name\":\"Gv1114\",\"@id\":\"https:\\\/\\\/www.veritatemincaritate.com\\\/wp\\\/#\\\/schema\\\/person\\\/17ae821a27aada104588a1d94f526471\"},\"headline\":\"La Confessione generale\",\"datePublished\":\"2015-10-26T08:00:40+00:00\",\"dateModified\":\"2025-07-25T09:33:35+00:00\",\"mainEntityOfPage\":{\"@id\":\"https:\\\/\\\/www.veritatemincaritate.com\\\/wp\\\/2015\\\/10\\\/la-confessione-generale-2\\\/\"},\"wordCount\":2374,\"publisher\":{\"@id\":\"https:\\\/\\\/www.veritatemincaritate.com\\\/wp\\\/#organization\"},\"image\":{\"@id\":\"https:\\\/\\\/www.veritatemincaritate.com\\\/wp\\\/2015\\\/10\\\/la-confessione-generale-2\\\/#primaryimage\"},\"thumbnailUrl\":\"https:\\\/\\\/www.veritatemincaritate.com\\\/wp\\\/wp-content\\\/uploads\\\/2015\\\/10\\\/Figliol-prodigo.jpg\",\"keywords\":[\"Confessione\",\"confessione generale\",\"Filotea\",\"omelie\",\"p. Giorgio Maria Far\u00e9\",\"peccato\",\"S. Francesco di Sales\"],\"articleSection\":[\"Devozione\",\"Omelie\",\"Sacramenti\"],\"inLanguage\":\"it-IT\"},{\"@type\":\"WebPage\",\"@id\":\"https:\\\/\\\/www.veritatemincaritate.com\\\/wp\\\/2015\\\/10\\\/la-confessione-generale-2\\\/\",\"url\":\"https:\\\/\\\/www.veritatemincaritate.com\\\/wp\\\/2015\\\/10\\\/la-confessione-generale-2\\\/\",\"name\":\"La Confessione generale - Veritatemincaritate\",\"isPartOf\":{\"@id\":\"https:\\\/\\\/www.veritatemincaritate.com\\\/wp\\\/#website\"},\"primaryImageOfPage\":{\"@id\":\"https:\\\/\\\/www.veritatemincaritate.com\\\/wp\\\/2015\\\/10\\\/la-confessione-generale-2\\\/#primaryimage\"},\"image\":{\"@id\":\"https:\\\/\\\/www.veritatemincaritate.com\\\/wp\\\/2015\\\/10\\\/la-confessione-generale-2\\\/#primaryimage\"},\"thumbnailUrl\":\"https:\\\/\\\/www.veritatemincaritate.com\\\/wp\\\/wp-content\\\/uploads\\\/2015\\\/10\\\/Figliol-prodigo.jpg\",\"datePublished\":\"2015-10-26T08:00:40+00:00\",\"dateModified\":\"2025-07-25T09:33:35+00:00\",\"breadcrumb\":{\"@id\":\"https:\\\/\\\/www.veritatemincaritate.com\\\/wp\\\/2015\\\/10\\\/la-confessione-generale-2\\\/#breadcrumb\"},\"inLanguage\":\"it-IT\",\"potentialAction\":[{\"@type\":\"ReadAction\",\"target\":[\"https:\\\/\\\/www.veritatemincaritate.com\\\/wp\\\/2015\\\/10\\\/la-confessione-generale-2\\\/\"]}]},{\"@type\":\"ImageObject\",\"inLanguage\":\"it-IT\",\"@id\":\"https:\\\/\\\/www.veritatemincaritate.com\\\/wp\\\/2015\\\/10\\\/la-confessione-generale-2\\\/#primaryimage\",\"url\":\"https:\\\/\\\/www.veritatemincaritate.com\\\/wp\\\/wp-content\\\/uploads\\\/2015\\\/10\\\/Figliol-prodigo.jpg\",\"contentUrl\":\"https:\\\/\\\/www.veritatemincaritate.com\\\/wp\\\/wp-content\\\/uploads\\\/2015\\\/10\\\/Figliol-prodigo.jpg\",\"width\":600,\"height\":400},{\"@type\":\"BreadcrumbList\",\"@id\":\"https:\\\/\\\/www.veritatemincaritate.com\\\/wp\\\/2015\\\/10\\\/la-confessione-generale-2\\\/#breadcrumb\",\"itemListElement\":[{\"@type\":\"ListItem\",\"position\":1,\"name\":\"Home\",\"item\":\"https:\\\/\\\/www.veritatemincaritate.com\\\/wp\\\/\"},{\"@type\":\"ListItem\",\"position\":2,\"name\":\"La Confessione generale\"}]},{\"@type\":\"WebSite\",\"@id\":\"https:\\\/\\\/www.veritatemincaritate.com\\\/wp\\\/#website\",\"url\":\"https:\\\/\\\/www.veritatemincaritate.com\\\/wp\\\/\",\"name\":\"Veritatemincaritate\",\"description\":\"Agendo secondo verit\u00e0 nella carit\u00e0, cerchiamo di crescere in ogni cosa tendendo a lui, che \u00e8 il capo, Cristo\",\"publisher\":{\"@id\":\"https:\\\/\\\/www.veritatemincaritate.com\\\/wp\\\/#organization\"},\"potentialAction\":[{\"@type\":\"SearchAction\",\"target\":{\"@type\":\"EntryPoint\",\"urlTemplate\":\"https:\\\/\\\/www.veritatemincaritate.com\\\/wp\\\/?s={search_term_string}\"},\"query-input\":{\"@type\":\"PropertyValueSpecification\",\"valueRequired\":true,\"valueName\":\"search_term_string\"}}],\"inLanguage\":\"it-IT\"},{\"@type\":\"Organization\",\"@id\":\"https:\\\/\\\/www.veritatemincaritate.com\\\/wp\\\/#organization\",\"name\":\"Veritatem facientes in Caritate\",\"url\":\"https:\\\/\\\/www.veritatemincaritate.com\\\/wp\\\/\",\"logo\":{\"@type\":\"ImageObject\",\"inLanguage\":\"it-IT\",\"@id\":\"https:\\\/\\\/www.veritatemincaritate.com\\\/wp\\\/#\\\/schema\\\/logo\\\/image\\\/\",\"url\":\"https:\\\/\\\/www.veritatemincaritate.com\\\/wp\\\/wp-content\\\/uploads\\\/2020\\\/07\\\/Logo-VIC-per-canale-Youtube.jpg\",\"contentUrl\":\"https:\\\/\\\/www.veritatemincaritate.com\\\/wp\\\/wp-content\\\/uploads\\\/2020\\\/07\\\/Logo-VIC-per-canale-Youtube.jpg\",\"width\":720,\"height\":720,\"caption\":\"Veritatem facientes in Caritate\"},\"image\":{\"@id\":\"https:\\\/\\\/www.veritatemincaritate.com\\\/wp\\\/#\\\/schema\\\/logo\\\/image\\\/\"},\"sameAs\":[\"https:\\\/\\\/www.facebook.com\\\/pgiorgiomariafare\",\"https:\\\/\\\/instagram.com\\\/padre_giorgio_maria_fare?igshid=1p8wsw6b3edkc\",\"https:\\\/\\\/www.youtube.com\\\/channel\\\/UCFqjpT1nX60rx3m_SELg3lA\"]},{\"@type\":\"Person\",\"@id\":\"https:\\\/\\\/www.veritatemincaritate.com\\\/wp\\\/#\\\/schema\\\/person\\\/17ae821a27aada104588a1d94f526471\",\"name\":\"Gv1114\",\"image\":{\"@type\":\"ImageObject\",\"inLanguage\":\"it-IT\",\"@id\":\"https:\\\/\\\/secure.gravatar.com\\\/avatar\\\/5d29baa7fbb92e99034e1d9f7a4f83926de7a8a8f450bf35d58714f1ec0a3c39?s=96&d=mm&r=g\",\"url\":\"https:\\\/\\\/secure.gravatar.com\\\/avatar\\\/5d29baa7fbb92e99034e1d9f7a4f83926de7a8a8f450bf35d58714f1ec0a3c39?s=96&d=mm&r=g\",\"contentUrl\":\"https:\\\/\\\/secure.gravatar.com\\\/avatar\\\/5d29baa7fbb92e99034e1d9f7a4f83926de7a8a8f450bf35d58714f1ec0a3c39?s=96&d=mm&r=g\",\"caption\":\"Gv1114\"}}]}<\/script>\n<!-- \/ Yoast SEO plugin. -->","yoast_head_json":{"title":"La Confessione generale - Veritatemincaritate","robots":{"index":"index","follow":"follow","max-snippet":"max-snippet:-1","max-image-preview":"max-image-preview:large","max-video-preview":"max-video-preview:-1"},"canonical":"https:\/\/www.veritatemincaritate.com\/wp\/2015\/10\/la-confessione-generale-2\/","og_locale":"it_IT","og_type":"article","og_title":"La Confessione generale - Veritatemincaritate","og_description":"[vc_row][vc_column][vc_column_text]Pubblichiamo l&#8217;audio di un&#8217;omelia sulle letture di luned\u00ec\u00a026 ottobre 2015 Predicatore:\u00a0p. Giorgio Maria Far\u00e9, OCD[\/vc_column_text][vc_column_text] Ascolta la registrazione: Per motivi...","og_url":"https:\/\/www.veritatemincaritate.com\/wp\/2015\/10\/la-confessione-generale-2\/","og_site_name":"Veritatemincaritate","article_publisher":"https:\/\/www.facebook.com\/pgiorgiomariafare","article_published_time":"2015-10-26T08:00:40+00:00","article_modified_time":"2025-07-25T09:33:35+00:00","og_image":[{"width":600,"height":400,"url":"https:\/\/www.veritatemincaritate.com\/wp\/wp-content\/uploads\/2015\/10\/Figliol-prodigo.jpg","type":"image\/jpeg"}],"author":"Gv1114","twitter_card":"summary_large_image","twitter_misc":{"Scritto da":"Gv1114","Tempo di lettura stimato":"12 minuti"},"schema":{"@context":"https:\/\/schema.org","@graph":[{"@type":"Article","@id":"https:\/\/www.veritatemincaritate.com\/wp\/2015\/10\/la-confessione-generale-2\/#article","isPartOf":{"@id":"https:\/\/www.veritatemincaritate.com\/wp\/2015\/10\/la-confessione-generale-2\/"},"author":{"name":"Gv1114","@id":"https:\/\/www.veritatemincaritate.com\/wp\/#\/schema\/person\/17ae821a27aada104588a1d94f526471"},"headline":"La Confessione generale","datePublished":"2015-10-26T08:00:40+00:00","dateModified":"2025-07-25T09:33:35+00:00","mainEntityOfPage":{"@id":"https:\/\/www.veritatemincaritate.com\/wp\/2015\/10\/la-confessione-generale-2\/"},"wordCount":2374,"publisher":{"@id":"https:\/\/www.veritatemincaritate.com\/wp\/#organization"},"image":{"@id":"https:\/\/www.veritatemincaritate.com\/wp\/2015\/10\/la-confessione-generale-2\/#primaryimage"},"thumbnailUrl":"https:\/\/www.veritatemincaritate.com\/wp\/wp-content\/uploads\/2015\/10\/Figliol-prodigo.jpg","keywords":["Confessione","confessione generale","Filotea","omelie","p. Giorgio Maria Far\u00e9","peccato","S. Francesco di Sales"],"articleSection":["Devozione","Omelie","Sacramenti"],"inLanguage":"it-IT"},{"@type":"WebPage","@id":"https:\/\/www.veritatemincaritate.com\/wp\/2015\/10\/la-confessione-generale-2\/","url":"https:\/\/www.veritatemincaritate.com\/wp\/2015\/10\/la-confessione-generale-2\/","name":"La Confessione generale - Veritatemincaritate","isPartOf":{"@id":"https:\/\/www.veritatemincaritate.com\/wp\/#website"},"primaryImageOfPage":{"@id":"https:\/\/www.veritatemincaritate.com\/wp\/2015\/10\/la-confessione-generale-2\/#primaryimage"},"image":{"@id":"https:\/\/www.veritatemincaritate.com\/wp\/2015\/10\/la-confessione-generale-2\/#primaryimage"},"thumbnailUrl":"https:\/\/www.veritatemincaritate.com\/wp\/wp-content\/uploads\/2015\/10\/Figliol-prodigo.jpg","datePublished":"2015-10-26T08:00:40+00:00","dateModified":"2025-07-25T09:33:35+00:00","breadcrumb":{"@id":"https:\/\/www.veritatemincaritate.com\/wp\/2015\/10\/la-confessione-generale-2\/#breadcrumb"},"inLanguage":"it-IT","potentialAction":[{"@type":"ReadAction","target":["https:\/\/www.veritatemincaritate.com\/wp\/2015\/10\/la-confessione-generale-2\/"]}]},{"@type":"ImageObject","inLanguage":"it-IT","@id":"https:\/\/www.veritatemincaritate.com\/wp\/2015\/10\/la-confessione-generale-2\/#primaryimage","url":"https:\/\/www.veritatemincaritate.com\/wp\/wp-content\/uploads\/2015\/10\/Figliol-prodigo.jpg","contentUrl":"https:\/\/www.veritatemincaritate.com\/wp\/wp-content\/uploads\/2015\/10\/Figliol-prodigo.jpg","width":600,"height":400},{"@type":"BreadcrumbList","@id":"https:\/\/www.veritatemincaritate.com\/wp\/2015\/10\/la-confessione-generale-2\/#breadcrumb","itemListElement":[{"@type":"ListItem","position":1,"name":"Home","item":"https:\/\/www.veritatemincaritate.com\/wp\/"},{"@type":"ListItem","position":2,"name":"La Confessione generale"}]},{"@type":"WebSite","@id":"https:\/\/www.veritatemincaritate.com\/wp\/#website","url":"https:\/\/www.veritatemincaritate.com\/wp\/","name":"Veritatemincaritate","description":"Agendo secondo verit\u00e0 nella carit\u00e0, cerchiamo di crescere in ogni cosa tendendo a lui, che \u00e8 il capo, Cristo","publisher":{"@id":"https:\/\/www.veritatemincaritate.com\/wp\/#organization"},"potentialAction":[{"@type":"SearchAction","target":{"@type":"EntryPoint","urlTemplate":"https:\/\/www.veritatemincaritate.com\/wp\/?s={search_term_string}"},"query-input":{"@type":"PropertyValueSpecification","valueRequired":true,"valueName":"search_term_string"}}],"inLanguage":"it-IT"},{"@type":"Organization","@id":"https:\/\/www.veritatemincaritate.com\/wp\/#organization","name":"Veritatem facientes in Caritate","url":"https:\/\/www.veritatemincaritate.com\/wp\/","logo":{"@type":"ImageObject","inLanguage":"it-IT","@id":"https:\/\/www.veritatemincaritate.com\/wp\/#\/schema\/logo\/image\/","url":"https:\/\/www.veritatemincaritate.com\/wp\/wp-content\/uploads\/2020\/07\/Logo-VIC-per-canale-Youtube.jpg","contentUrl":"https:\/\/www.veritatemincaritate.com\/wp\/wp-content\/uploads\/2020\/07\/Logo-VIC-per-canale-Youtube.jpg","width":720,"height":720,"caption":"Veritatem facientes in Caritate"},"image":{"@id":"https:\/\/www.veritatemincaritate.com\/wp\/#\/schema\/logo\/image\/"},"sameAs":["https:\/\/www.facebook.com\/pgiorgiomariafare","https:\/\/instagram.com\/padre_giorgio_maria_fare?igshid=1p8wsw6b3edkc","https:\/\/www.youtube.com\/channel\/UCFqjpT1nX60rx3m_SELg3lA"]},{"@type":"Person","@id":"https:\/\/www.veritatemincaritate.com\/wp\/#\/schema\/person\/17ae821a27aada104588a1d94f526471","name":"Gv1114","image":{"@type":"ImageObject","inLanguage":"it-IT","@id":"https:\/\/secure.gravatar.com\/avatar\/5d29baa7fbb92e99034e1d9f7a4f83926de7a8a8f450bf35d58714f1ec0a3c39?s=96&d=mm&r=g","url":"https:\/\/secure.gravatar.com\/avatar\/5d29baa7fbb92e99034e1d9f7a4f83926de7a8a8f450bf35d58714f1ec0a3c39?s=96&d=mm&r=g","contentUrl":"https:\/\/secure.gravatar.com\/avatar\/5d29baa7fbb92e99034e1d9f7a4f83926de7a8a8f450bf35d58714f1ec0a3c39?s=96&d=mm&r=g","caption":"Gv1114"}}]}},"menu_order":0,"_links":{"self":[{"href":"https:\/\/www.veritatemincaritate.com\/wp\/wp-json\/wp\/v2\/posts\/680","targetHints":{"allow":["GET"]}}],"collection":[{"href":"https:\/\/www.veritatemincaritate.com\/wp\/wp-json\/wp\/v2\/posts"}],"about":[{"href":"https:\/\/www.veritatemincaritate.com\/wp\/wp-json\/wp\/v2\/types\/post"}],"author":[{"embeddable":true,"href":"https:\/\/www.veritatemincaritate.com\/wp\/wp-json\/wp\/v2\/users\/3"}],"replies":[{"embeddable":true,"href":"https:\/\/www.veritatemincaritate.com\/wp\/wp-json\/wp\/v2\/comments?post=680"}],"version-history":[{"count":0,"href":"https:\/\/www.veritatemincaritate.com\/wp\/wp-json\/wp\/v2\/posts\/680\/revisions"}],"wp:featuredmedia":[{"embeddable":true,"href":"https:\/\/www.veritatemincaritate.com\/wp\/wp-json\/wp\/v2\/media\/685"}],"wp:attachment":[{"href":"https:\/\/www.veritatemincaritate.com\/wp\/wp-json\/wp\/v2\/media?parent=680"}],"wp:term":[{"taxonomy":"category","embeddable":true,"href":"https:\/\/www.veritatemincaritate.com\/wp\/wp-json\/wp\/v2\/categories?post=680"},{"taxonomy":"post_tag","embeddable":true,"href":"https:\/\/www.veritatemincaritate.com\/wp\/wp-json\/wp\/v2\/tags?post=680"}],"curies":[{"name":"wp","href":"https:\/\/api.w.org\/{rel}","templated":true}]}}