{"id":7912,"date":"2018-04-20T08:36:39","date_gmt":"2018-04-20T06:36:39","guid":{"rendered":"http:\/\/www.veritatemincaritate.com\/?p=7912"},"modified":"2023-05-03T14:59:37","modified_gmt":"2023-05-03T12:59:37","slug":"gli-effetti-della-comunione-spirituale-se-non-sono-ad-un-livello-alto-cosa-raccontero-un-giorno-ai-santi","status":"publish","type":"post","link":"https:\/\/www.veritatemincaritate.com\/wp\/2018\/04\/gli-effetti-della-comunione-spirituale-se-non-sono-ad-un-livello-alto-cosa-raccontero-un-giorno-ai-santi\/","title":{"rendered":"Gli effetti della Comunione spirituale &#8211; Se non sono ad un livello alto, cosa dir\u00f2 ai santi quando li incontrer\u00f2?"},"content":{"rendered":"<div class=\"wpb-content-wrapper\" id=\"wpb-content-root\"><p>[vc_row][vc_column][vc_column_text]<\/p>\n<h3>Omelia<\/h3>\n<div class=\"vc_row wpb_row vc_row-fluid\">\n<div class=\"wpb_column vc_column_container vc_col-sm-12\">\n<div class=\"vc_column-inner \">\n<div class=\"wpb_wrapper\">\n<div class=\"wpb_text_column wpb_content_element \">\n<div class=\"wpb_wrapper\">\n<p>Pubblichiamo l\u2019audio di\u00a0un\u2019omelia di venerd\u00ec 20 aprile 2018.<\/p>\n<p>Predicatore:\u00a0p. Giorgio Maria Far\u00e9, OCD<\/p>\n<\/div>\n<\/div>\n<\/div>\n<\/div>\n<\/div>\n<\/div>\n<p>[\/vc_column_text][vc_column_text]<\/p>\n<h4>Ascolta la registrazione:<\/h4>\n<p>Per motivi di intenso traffico non ci \u00e8 possibile rendere disponibile l&#8217;ascolto dei file audio direttamente dal nostro sito. Se hai dubbi su come fare, vai alle <a href=\"http:\/\/www.veritatemincaritate.com\/chi-siamo\/istruzioni-per-lascolto-delle-registrazioni\/\" target=\"_blank\" rel=\"noopener noreferrer\">istruzioni per l&#8217;ascolto delle registrazioni<\/a>.[\/vc_column_text][\/vc_column][\/vc_row][vc_row][vc_column][vc_row_inner][vc_column_inner width=&#8221;1\/2&#8243;][vc_column_text]<style type=\"text\/css\">.thegem-button-6a9df008915ef6046 .gem-button {font-size: 14px;}.thegem-button-6a9df008915ef6046 .gem-button-text {font-size: 14px;}.thegem-button-6a9df008915ef6046 .gem-button svg {fill: #FFFFFF;}<\/style><div class=\"gem-button-container gem-button-position-inline thegem-button-6a9df008915ef6046    \"  ><a class=\"gem-button gem-button-size-small gem-button-style-flat gem-button-text-weight-normal\" data-ll-effect=\"drop-right-without-wrap\" style=\"border-radius: 3px;background-color: #FF5C00;color: #FFFFFF;\" onmouseleave=\"this.style.backgroundColor='#FF5C00';this.style.color='#FFFFFF';\" onmouseenter=\"\" href=\"https:\/\/www.dropbox.com\/s\/tgloq5a4axikwq4\/180420-Omelie-ComunioneSpirituale2.m4a?dl=1\" target=\"_self\">Scarica la registrazione<\/a><\/div> [\/vc_column_text][\/vc_column_inner][vc_column_inner width=&#8221;1\/2&#8243;][vc_column_text]<style type=\"text\/css\">.thegem-button-6a9df008917ad6079 .gem-button {font-size: 14px;}.thegem-button-6a9df008917ad6079 .gem-button-text {font-size: 14px;}.thegem-button-6a9df008917ad6079 .gem-button svg {fill: #FFFFFF;}<\/style><div class=\"gem-button-container gem-button-position-inline thegem-button-6a9df008917ad6079    \"  ><a class=\"gem-button gem-button-size-small gem-button-style-flat gem-button-text-weight-normal\" data-ll-effect=\"drop-right-without-wrap\" style=\"border-radius: 3px;background-color: #FF5C00;color: #FFFFFF;\" onmouseleave=\"this.style.backgroundColor='#FF5C00';this.style.color='#FFFFFF';\" onmouseenter=\"\" href=\"https:\/\/www.dropbox.com\/s\/tgloq5a4axikwq4\/180420-Omelie-ComunioneSpirituale2.m4a?dl=0\" target=\"_self\">Ascolta la registrazione<\/a><\/div> [\/vc_column_text][\/vc_column_inner][\/vc_row_inner][\/vc_column][\/vc_row][vc_row][vc_column][vc_empty_space][vc_separator color=&#8221;orange&#8221;][vc_column_text]<\/p>\n<h2>Letture del giorno<\/h2>\n<p>[\/vc_column_text][vc_column_text]<strong>Venerd\u00ec della III settimana di Pasqua<\/strong><\/p>\n<p><strong>PRIMA LETTURA<\/strong><em> (At 9,1-20)<\/em><br \/>\n<em>Egli \u00e8 lo strumento che ho scelto per me, affinch\u00e9 porti il mio nome dinanzi alle nazioni.<\/em><\/p>\n<p>In quei giorni, S\u00e0ulo, spirando ancora minacce e stragi contro i discepoli del Signore, si present\u00f2 al sommo sacerdote e gli chiese lettere per le sinagoghe di Dam\u00e0sco, al fine di essere autorizzato a condurre in catene a Gerusalemme tutti quelli che avesse trovato, uomini e donne, appartenenti a questa Via.<br \/>\nE avvenne che, mentre era in viaggio e stava per avvicinarsi a Dam\u00e0sco, all\u2019improvviso lo avvolse una luce dal cielo e, cadendo a terra, ud\u00ec una voce che gli diceva: \u00abS\u00e0ulo, S\u00e0ulo, perch\u00e9 mi pers\u00e9guiti?\u00bb. Rispose: \u00abChi sei, o Signore?\u00bb. Ed egli: \u00abIo sono Ges\u00f9, che tu pers\u00e9guiti! Ma tu \u00e0lzati ed entra nella citt\u00e0 e ti sar\u00e0 detto ci\u00f2 che devi fare\u00bb.<br \/>\nGli uomini che facevano il cammino con lui si erano fermati ammutoliti, sentendo la voce, ma non vedendo nessuno. S\u00e0ulo allora si alz\u00f2 da terra, ma, aperti gli occhi, non vedeva nulla. Cos\u00ec, guidandolo per mano, lo condussero a Dam\u00e0sco. Per tre giorni rimase cieco e non prese n\u00e9 cibo n\u00e9 bevanda.<br \/>\nC\u2019era a Dam\u00e0sco un discepolo di nome Anan\u00eca. Il Signore in una visione gli disse: \u00abAnan\u00eca!\u00bb. Rispose: \u00abEccomi, Signore!\u00bb. E il Signore a lui: \u00abSu, va\u2019 nella strada chiamata Diritta e cerca nella casa di Giuda un tale che ha nome S\u00e0ulo, di Tarso; ecco, sta pregando, e ha visto in visione un uomo, di nome Anan\u00eca, venire a imporgli le mani perch\u00e9 recuperasse la vista\u00bb. Rispose Anan\u00eca: \u00abSignore, riguardo a quest\u2019uomo ho udito da molti quanto male ha fatto ai tuoi fedeli a Gerusalemme. Inoltre, qui egli ha l\u2019autorizzazione dei capi dei sacerdoti di arrestare tutti quelli che invocano il tuo nome\u00bb. Ma il Signore gli disse: \u00abVa\u2019, perch\u00e9 egli \u00e8 lo strumento che ho scelto per me, affinch\u00e9 porti il mio nome dinanzi alle nazioni, ai re e ai figli d\u2019Israele; e io gli mostrer\u00f2 quanto dovr\u00e0 soffrire per il mio nome\u00bb.<br \/>\nAllora Anan\u00eca and\u00f2, entr\u00f2 nella casa, gli impose le mani e disse: \u00abS\u00e0ulo, fratello, mi ha mandato a te il Signore, quel Ges\u00f9 che ti \u00e8 apparso sulla strada che percorrevi, perch\u00e9 tu riacquisti la vista e sia colmato di Spirito Santo\u00bb. E subito gli caddero dagli occhi come delle squame e recuper\u00f2 la vista. Si alz\u00f2 e venne battezzato, poi prese cibo e le forze gli ritornarono.<br \/>\nRimase alcuni giorni insieme ai discepoli che erano a Dam\u00e0sco, e subito nelle sinagoghe annunciava che Ges\u00f9 \u00e8 il Figlio di Dio.<\/p>\n<p><strong>SALMO RESPONSORIALE<\/strong> <em>(Sal 116)<\/em><br \/>\n<strong>Rit. Andate in tutto il mondo e proclamate il Vangelo.<\/strong><\/p>\n<p>Genti tutte, lodate il Signore,<br \/>\npopoli tutti, cantate la sua lode.<\/p>\n<p>Perch\u00e9 forte \u00e8 il suo amore per noi<br \/>\ne la fedelt\u00e0 del Signore dura per sempre.<\/p>\n<p><strong>Canto al Vangelo<\/strong><em> (Gv 6,56)<\/em><br \/>\nAlleluia, alleluia.<br \/>\nChi mangia la mia carne e beve il mio sangue<br \/>\nrimane in me e io in lui, dice il Signore.<br \/>\nAlleluia.<\/p>\n<p><strong>VANGELO<\/strong><em> (Gv 6,52-59)<\/em><br \/>\n<em>La mia carne \u00e8 vero cibo e il mio sangue vera bevanda.<\/em><\/p>\n<p>In quel tempo, i Giudei si misero a discutere aspramente fra loro: \u00abCome pu\u00f2 costui darci la sua carne da mangiare?\u00bb.<br \/>\nGes\u00f9 disse loro: \u00abIn verit\u00e0, in verit\u00e0 io vi dico: se non mangiate la carne del Figlio dell\u2019uomo e non bevete il suo sangue, non avete in voi la vita. Chi mangia la mia carne e beve il mio sangue ha la vita eterna e io lo risusciter\u00f2 nell\u2019ultimo giorno. Perch\u00e9 la mia carne \u00e8 vero cibo e il mio sangue vera bevanda.<br \/>\nChi mangia la mia carne e beve il mio sangue rimane in me e io in lui. Come il Padre, che ha la vita, ha mandato me e io vivo per il Padre, cos\u00ec anche colui che mangia me vivr\u00e0 per me.<br \/>\nQuesto \u00e8 il pane disceso dal cielo; non \u00e8 come quello che mangiarono i padri e morirono. Chi mangia questo pane vivr\u00e0 in eterno\u00bb.<br \/>\nGes\u00f9 disse queste cose, insegnando nella sinagoga a Caf\u00e0rnao.[\/vc_column_text][\/vc_column][\/vc_row]<\/p>\n<\/div>","protected":false},"excerpt":{"rendered":"<p>[vc_row][vc_column][vc_column_text] Omelia Pubblichiamo l\u2019audio di\u00a0un\u2019omelia di venerd\u00ec 20 aprile 2018. Predicatore:\u00a0p. Giorgio Maria Far\u00e9, OCD [\/vc_column_text][vc_column_text] Ascolta la registrazione: Per&#8230;<\/p>\n","protected":false},"author":4,"featured_media":7923,"comment_status":"closed","ping_status":"closed","sticky":false,"template":"","format":"standard","meta":{"footnotes":""},"categories":[15],"tags":[1362,1166,4074,139,1050,1047,6003,6010,103,1384,6009,859,3468,6004,16,17,662,2202,1596,2236,914,6006,5119,6002,155,6007,154,2157,28,7875,5993,6005,1280,6008],"class_list":{"0":"post-7912","1":"post","2":"type-post","3":"status-publish","4":"format-standard","5":"has-post-thumbnail","7":"category-omelie","8":"tag-comunione-spirituale","9":"tag-concilio-di-trento","10":"tag-desiderio","11":"tag-devozione","12":"tag-dissipazione","13":"tag-distacco","14":"tag-divagazioni","15":"tag-fame-e-sete-dellanima","16":"tag-fede","17":"tag-fervore","18":"tag-fervore-del-desiderio","19":"tag-frutti","20":"tag-intimita","21":"tag-leggerezze","22":"tag-omelie","23":"tag-p-giorgio-maria-fare","24":"tag-peccati-veniali","25":"tag-piaceri-del-mondo","26":"tag-raccoglimento","27":"tag-s-agostino","28":"tag-s-alfonso-maria-de-liguori","29":"tag-s-angela-da-foligno","30":"tag-s-carlo-borromeo","31":"tag-s-caterina-da-siena","32":"tag-s-curato-dars","33":"tag-s-gertrude","34":"tag-s-giovanni-maria-vianney","35":"tag-s-leonardo-da-porto-maurizio","36":"tag-s-margherita-maria-alacoque","37":"tag-s-metilde-di-hackeborn","38":"tag-slancio-del-cuore","39":"tag-unione-di-cuore","40":"tag-vanita","41":"tag-venerabile-giovanna-maria-della-croce"},"yoast_head":"<!-- This site is optimized with the Yoast SEO plugin v28.2 - https:\/\/yoast.com\/product\/yoast-seo-wordpress\/ -->\n<title>Gli effetti della Comunione spirituale - Se non sono ad un livello alto, cosa dir\u00f2 ai santi quando li incontrer\u00f2? - Veritatemincaritate<\/title>\n<meta name=\"robots\" content=\"index, follow, max-snippet:-1, max-image-preview:large, max-video-preview:-1\" \/>\n<link rel=\"canonical\" href=\"https:\/\/www.veritatemincaritate.com\/wp\/2018\/04\/gli-effetti-della-comunione-spirituale-se-non-sono-ad-un-livello-alto-cosa-raccontero-un-giorno-ai-santi\/\" \/>\n<meta property=\"og:locale\" content=\"it_IT\" \/>\n<meta property=\"og:type\" content=\"article\" \/>\n<meta property=\"og:title\" content=\"Gli effetti della Comunione spirituale - Se non sono ad un livello alto, cosa dir\u00f2 ai santi quando li incontrer\u00f2? - Veritatemincaritate\" \/>\n<meta property=\"og:description\" content=\"[vc_row][vc_column][vc_column_text] Omelia Pubblichiamo l\u2019audio di\u00a0un\u2019omelia di venerd\u00ec 20 aprile 2018. Predicatore:\u00a0p. Giorgio Maria Far\u00e9, OCD [\/vc_column_text][vc_column_text] Ascolta la registrazione: Per...\" \/>\n<meta property=\"og:url\" content=\"https:\/\/www.veritatemincaritate.com\/wp\/2018\/04\/gli-effetti-della-comunione-spirituale-se-non-sono-ad-un-livello-alto-cosa-raccontero-un-giorno-ai-santi\/\" \/>\n<meta property=\"og:site_name\" content=\"Veritatemincaritate\" \/>\n<meta property=\"article:publisher\" content=\"https:\/\/www.facebook.com\/pgiorgiomariafare\" \/>\n<meta property=\"article:published_time\" content=\"2018-04-20T06:36:39+00:00\" \/>\n<meta property=\"article:modified_time\" content=\"2023-05-03T12:59:37+00:00\" \/>\n<meta property=\"og:image\" content=\"https:\/\/www.veritatemincaritate.com\/wp\/wp-content\/uploads\/2018\/04\/Geu-distribuisce-Comunione.jpg\" \/>\n\t<meta property=\"og:image:width\" content=\"600\" \/>\n\t<meta property=\"og:image:height\" content=\"400\" \/>\n\t<meta property=\"og:image:type\" content=\"image\/jpeg\" \/>\n<meta name=\"author\" content=\"Is551011\" \/>\n<meta name=\"twitter:card\" content=\"summary_large_image\" \/>\n<meta name=\"twitter:label1\" content=\"Scritto da\" \/>\n\t<meta name=\"twitter:data1\" content=\"Is551011\" \/>\n\t<meta name=\"twitter:label2\" content=\"Tempo di lettura stimato\" \/>\n\t<meta name=\"twitter:data2\" content=\"5 minuti\" \/>\n<script type=\"application\/ld+json\" class=\"yoast-schema-graph\">{\"@context\":\"https:\\\/\\\/schema.org\",\"@graph\":[{\"@type\":\"Article\",\"@id\":\"https:\\\/\\\/www.veritatemincaritate.com\\\/wp\\\/2018\\\/04\\\/gli-effetti-della-comunione-spirituale-se-non-sono-ad-un-livello-alto-cosa-raccontero-un-giorno-ai-santi\\\/#article\",\"isPartOf\":{\"@id\":\"https:\\\/\\\/www.veritatemincaritate.com\\\/wp\\\/2018\\\/04\\\/gli-effetti-della-comunione-spirituale-se-non-sono-ad-un-livello-alto-cosa-raccontero-un-giorno-ai-santi\\\/\"},\"author\":{\"name\":\"Is551011\",\"@id\":\"https:\\\/\\\/www.veritatemincaritate.com\\\/wp\\\/#\\\/schema\\\/person\\\/ae324896700d097ddc6db39f45894b80\"},\"headline\":\"Gli effetti della Comunione spirituale &#8211; Se non sono ad un livello alto, cosa dir\u00f2 ai santi quando li incontrer\u00f2?\",\"datePublished\":\"2018-04-20T06:36:39+00:00\",\"dateModified\":\"2023-05-03T12:59:37+00:00\",\"mainEntityOfPage\":{\"@id\":\"https:\\\/\\\/www.veritatemincaritate.com\\\/wp\\\/2018\\\/04\\\/gli-effetti-della-comunione-spirituale-se-non-sono-ad-un-livello-alto-cosa-raccontero-un-giorno-ai-santi\\\/\"},\"wordCount\":943,\"publisher\":{\"@id\":\"https:\\\/\\\/www.veritatemincaritate.com\\\/wp\\\/#organization\"},\"image\":{\"@id\":\"https:\\\/\\\/www.veritatemincaritate.com\\\/wp\\\/2018\\\/04\\\/gli-effetti-della-comunione-spirituale-se-non-sono-ad-un-livello-alto-cosa-raccontero-un-giorno-ai-santi\\\/#primaryimage\"},\"thumbnailUrl\":\"https:\\\/\\\/www.veritatemincaritate.com\\\/wp\\\/wp-content\\\/uploads\\\/2018\\\/04\\\/Geu-distribuisce-Comunione.jpg\",\"keywords\":[\"comunione spirituale\",\"Concilio di Trento\",\"desiderio\",\"Devozione\",\"dissipazione\",\"distacco\",\"divagazioni\",\"fame e sete dell\u2019anima\",\"fede\",\"fervore\",\"fervore del desiderio\",\"frutti\",\"intimit\u00e0\",\"leggerezze\",\"omelie\",\"p. Giorgio Maria Far\u00e9\",\"peccati veniali\",\"piaceri del mondo\",\"raccoglimento\",\"S. Agostino\",\"S. Alfonso Maria De' Liguori\",\"S. Angela da Foligno\",\"S. Carlo Borromeo\",\"S. Caterina da Siena\",\"S. Curato d'Ars\",\"S. Gertrude\",\"S. Giovanni Maria Vianney\",\"S. Leonardo da Porto Maurizio\",\"S. Margherita Maria Alacoque\",\"S. Metilde di Hackeborn\",\"slancio del cuore\",\"unione di cuore\",\"vanit\u00e0\",\"Venerabile Giovanna Maria della Croce\"],\"articleSection\":[\"Omelie\"],\"inLanguage\":\"it-IT\"},{\"@type\":\"WebPage\",\"@id\":\"https:\\\/\\\/www.veritatemincaritate.com\\\/wp\\\/2018\\\/04\\\/gli-effetti-della-comunione-spirituale-se-non-sono-ad-un-livello-alto-cosa-raccontero-un-giorno-ai-santi\\\/\",\"url\":\"https:\\\/\\\/www.veritatemincaritate.com\\\/wp\\\/2018\\\/04\\\/gli-effetti-della-comunione-spirituale-se-non-sono-ad-un-livello-alto-cosa-raccontero-un-giorno-ai-santi\\\/\",\"name\":\"Gli effetti della Comunione spirituale - Se non sono ad un livello alto, cosa dir\u00f2 ai santi quando li incontrer\u00f2? - Veritatemincaritate\",\"isPartOf\":{\"@id\":\"https:\\\/\\\/www.veritatemincaritate.com\\\/wp\\\/#website\"},\"primaryImageOfPage\":{\"@id\":\"https:\\\/\\\/www.veritatemincaritate.com\\\/wp\\\/2018\\\/04\\\/gli-effetti-della-comunione-spirituale-se-non-sono-ad-un-livello-alto-cosa-raccontero-un-giorno-ai-santi\\\/#primaryimage\"},\"image\":{\"@id\":\"https:\\\/\\\/www.veritatemincaritate.com\\\/wp\\\/2018\\\/04\\\/gli-effetti-della-comunione-spirituale-se-non-sono-ad-un-livello-alto-cosa-raccontero-un-giorno-ai-santi\\\/#primaryimage\"},\"thumbnailUrl\":\"https:\\\/\\\/www.veritatemincaritate.com\\\/wp\\\/wp-content\\\/uploads\\\/2018\\\/04\\\/Geu-distribuisce-Comunione.jpg\",\"datePublished\":\"2018-04-20T06:36:39+00:00\",\"dateModified\":\"2023-05-03T12:59:37+00:00\",\"breadcrumb\":{\"@id\":\"https:\\\/\\\/www.veritatemincaritate.com\\\/wp\\\/2018\\\/04\\\/gli-effetti-della-comunione-spirituale-se-non-sono-ad-un-livello-alto-cosa-raccontero-un-giorno-ai-santi\\\/#breadcrumb\"},\"inLanguage\":\"it-IT\",\"potentialAction\":[{\"@type\":\"ReadAction\",\"target\":[\"https:\\\/\\\/www.veritatemincaritate.com\\\/wp\\\/2018\\\/04\\\/gli-effetti-della-comunione-spirituale-se-non-sono-ad-un-livello-alto-cosa-raccontero-un-giorno-ai-santi\\\/\"]}]},{\"@type\":\"ImageObject\",\"inLanguage\":\"it-IT\",\"@id\":\"https:\\\/\\\/www.veritatemincaritate.com\\\/wp\\\/2018\\\/04\\\/gli-effetti-della-comunione-spirituale-se-non-sono-ad-un-livello-alto-cosa-raccontero-un-giorno-ai-santi\\\/#primaryimage\",\"url\":\"https:\\\/\\\/www.veritatemincaritate.com\\\/wp\\\/wp-content\\\/uploads\\\/2018\\\/04\\\/Geu-distribuisce-Comunione.jpg\",\"contentUrl\":\"https:\\\/\\\/www.veritatemincaritate.com\\\/wp\\\/wp-content\\\/uploads\\\/2018\\\/04\\\/Geu-distribuisce-Comunione.jpg\",\"width\":600,\"height\":400},{\"@type\":\"BreadcrumbList\",\"@id\":\"https:\\\/\\\/www.veritatemincaritate.com\\\/wp\\\/2018\\\/04\\\/gli-effetti-della-comunione-spirituale-se-non-sono-ad-un-livello-alto-cosa-raccontero-un-giorno-ai-santi\\\/#breadcrumb\",\"itemListElement\":[{\"@type\":\"ListItem\",\"position\":1,\"name\":\"Home\",\"item\":\"https:\\\/\\\/www.veritatemincaritate.com\\\/wp\\\/\"},{\"@type\":\"ListItem\",\"position\":2,\"name\":\"Gli effetti della Comunione spirituale &#8211; Se non sono ad un livello alto, cosa dir\u00f2 ai santi quando li incontrer\u00f2?\"}]},{\"@type\":\"WebSite\",\"@id\":\"https:\\\/\\\/www.veritatemincaritate.com\\\/wp\\\/#website\",\"url\":\"https:\\\/\\\/www.veritatemincaritate.com\\\/wp\\\/\",\"name\":\"Veritatemincaritate\",\"description\":\"Agendo secondo verit\u00e0 nella carit\u00e0, cerchiamo di crescere in ogni cosa tendendo a lui, che \u00e8 il capo, Cristo\",\"publisher\":{\"@id\":\"https:\\\/\\\/www.veritatemincaritate.com\\\/wp\\\/#organization\"},\"potentialAction\":[{\"@type\":\"SearchAction\",\"target\":{\"@type\":\"EntryPoint\",\"urlTemplate\":\"https:\\\/\\\/www.veritatemincaritate.com\\\/wp\\\/?s={search_term_string}\"},\"query-input\":{\"@type\":\"PropertyValueSpecification\",\"valueRequired\":true,\"valueName\":\"search_term_string\"}}],\"inLanguage\":\"it-IT\"},{\"@type\":\"Organization\",\"@id\":\"https:\\\/\\\/www.veritatemincaritate.com\\\/wp\\\/#organization\",\"name\":\"Veritatem facientes in Caritate\",\"url\":\"https:\\\/\\\/www.veritatemincaritate.com\\\/wp\\\/\",\"logo\":{\"@type\":\"ImageObject\",\"inLanguage\":\"it-IT\",\"@id\":\"https:\\\/\\\/www.veritatemincaritate.com\\\/wp\\\/#\\\/schema\\\/logo\\\/image\\\/\",\"url\":\"https:\\\/\\\/www.veritatemincaritate.com\\\/wp\\\/wp-content\\\/uploads\\\/2020\\\/07\\\/Logo-VIC-per-canale-Youtube.jpg\",\"contentUrl\":\"https:\\\/\\\/www.veritatemincaritate.com\\\/wp\\\/wp-content\\\/uploads\\\/2020\\\/07\\\/Logo-VIC-per-canale-Youtube.jpg\",\"width\":720,\"height\":720,\"caption\":\"Veritatem facientes in Caritate\"},\"image\":{\"@id\":\"https:\\\/\\\/www.veritatemincaritate.com\\\/wp\\\/#\\\/schema\\\/logo\\\/image\\\/\"},\"sameAs\":[\"https:\\\/\\\/www.facebook.com\\\/pgiorgiomariafare\",\"https:\\\/\\\/instagram.com\\\/padre_giorgio_maria_fare?igshid=1p8wsw6b3edkc\",\"https:\\\/\\\/www.youtube.com\\\/channel\\\/UCFqjpT1nX60rx3m_SELg3lA\"]},{\"@type\":\"Person\",\"@id\":\"https:\\\/\\\/www.veritatemincaritate.com\\\/wp\\\/#\\\/schema\\\/person\\\/ae324896700d097ddc6db39f45894b80\",\"name\":\"Is551011\",\"image\":{\"@type\":\"ImageObject\",\"inLanguage\":\"it-IT\",\"@id\":\"https:\\\/\\\/secure.gravatar.com\\\/avatar\\\/c031fff76d6f121d3530ae43ac8407bd6ac4d5c3c8a89c237d6990047f9a6307?s=96&d=mm&r=g\",\"url\":\"https:\\\/\\\/secure.gravatar.com\\\/avatar\\\/c031fff76d6f121d3530ae43ac8407bd6ac4d5c3c8a89c237d6990047f9a6307?s=96&d=mm&r=g\",\"contentUrl\":\"https:\\\/\\\/secure.gravatar.com\\\/avatar\\\/c031fff76d6f121d3530ae43ac8407bd6ac4d5c3c8a89c237d6990047f9a6307?s=96&d=mm&r=g\",\"caption\":\"Is551011\"}}]}<\/script>\n<!-- \/ Yoast SEO plugin. -->","yoast_head_json":{"title":"Gli effetti della Comunione spirituale - Se non sono ad un livello alto, cosa dir\u00f2 ai santi quando li incontrer\u00f2? - Veritatemincaritate","robots":{"index":"index","follow":"follow","max-snippet":"max-snippet:-1","max-image-preview":"max-image-preview:large","max-video-preview":"max-video-preview:-1"},"canonical":"https:\/\/www.veritatemincaritate.com\/wp\/2018\/04\/gli-effetti-della-comunione-spirituale-se-non-sono-ad-un-livello-alto-cosa-raccontero-un-giorno-ai-santi\/","og_locale":"it_IT","og_type":"article","og_title":"Gli effetti della Comunione spirituale - Se non sono ad un livello alto, cosa dir\u00f2 ai santi quando li incontrer\u00f2? - Veritatemincaritate","og_description":"[vc_row][vc_column][vc_column_text] Omelia Pubblichiamo l\u2019audio di\u00a0un\u2019omelia di venerd\u00ec 20 aprile 2018. Predicatore:\u00a0p. Giorgio Maria Far\u00e9, OCD [\/vc_column_text][vc_column_text] Ascolta la registrazione: Per...","og_url":"https:\/\/www.veritatemincaritate.com\/wp\/2018\/04\/gli-effetti-della-comunione-spirituale-se-non-sono-ad-un-livello-alto-cosa-raccontero-un-giorno-ai-santi\/","og_site_name":"Veritatemincaritate","article_publisher":"https:\/\/www.facebook.com\/pgiorgiomariafare","article_published_time":"2018-04-20T06:36:39+00:00","article_modified_time":"2023-05-03T12:59:37+00:00","og_image":[{"width":600,"height":400,"url":"https:\/\/www.veritatemincaritate.com\/wp\/wp-content\/uploads\/2018\/04\/Geu-distribuisce-Comunione.jpg","type":"image\/jpeg"}],"author":"Is551011","twitter_card":"summary_large_image","twitter_misc":{"Scritto da":"Is551011","Tempo di lettura stimato":"5 minuti"},"schema":{"@context":"https:\/\/schema.org","@graph":[{"@type":"Article","@id":"https:\/\/www.veritatemincaritate.com\/wp\/2018\/04\/gli-effetti-della-comunione-spirituale-se-non-sono-ad-un-livello-alto-cosa-raccontero-un-giorno-ai-santi\/#article","isPartOf":{"@id":"https:\/\/www.veritatemincaritate.com\/wp\/2018\/04\/gli-effetti-della-comunione-spirituale-se-non-sono-ad-un-livello-alto-cosa-raccontero-un-giorno-ai-santi\/"},"author":{"name":"Is551011","@id":"https:\/\/www.veritatemincaritate.com\/wp\/#\/schema\/person\/ae324896700d097ddc6db39f45894b80"},"headline":"Gli effetti della Comunione spirituale &#8211; Se non sono ad un livello alto, cosa dir\u00f2 ai santi quando li incontrer\u00f2?","datePublished":"2018-04-20T06:36:39+00:00","dateModified":"2023-05-03T12:59:37+00:00","mainEntityOfPage":{"@id":"https:\/\/www.veritatemincaritate.com\/wp\/2018\/04\/gli-effetti-della-comunione-spirituale-se-non-sono-ad-un-livello-alto-cosa-raccontero-un-giorno-ai-santi\/"},"wordCount":943,"publisher":{"@id":"https:\/\/www.veritatemincaritate.com\/wp\/#organization"},"image":{"@id":"https:\/\/www.veritatemincaritate.com\/wp\/2018\/04\/gli-effetti-della-comunione-spirituale-se-non-sono-ad-un-livello-alto-cosa-raccontero-un-giorno-ai-santi\/#primaryimage"},"thumbnailUrl":"https:\/\/www.veritatemincaritate.com\/wp\/wp-content\/uploads\/2018\/04\/Geu-distribuisce-Comunione.jpg","keywords":["comunione spirituale","Concilio di Trento","desiderio","Devozione","dissipazione","distacco","divagazioni","fame e sete dell\u2019anima","fede","fervore","fervore del desiderio","frutti","intimit\u00e0","leggerezze","omelie","p. Giorgio Maria Far\u00e9","peccati veniali","piaceri del mondo","raccoglimento","S. Agostino","S. Alfonso Maria De' Liguori","S. Angela da Foligno","S. Carlo Borromeo","S. Caterina da Siena","S. Curato d'Ars","S. Gertrude","S. Giovanni Maria Vianney","S. Leonardo da Porto Maurizio","S. Margherita Maria Alacoque","S. Metilde di Hackeborn","slancio del cuore","unione di cuore","vanit\u00e0","Venerabile Giovanna Maria della Croce"],"articleSection":["Omelie"],"inLanguage":"it-IT"},{"@type":"WebPage","@id":"https:\/\/www.veritatemincaritate.com\/wp\/2018\/04\/gli-effetti-della-comunione-spirituale-se-non-sono-ad-un-livello-alto-cosa-raccontero-un-giorno-ai-santi\/","url":"https:\/\/www.veritatemincaritate.com\/wp\/2018\/04\/gli-effetti-della-comunione-spirituale-se-non-sono-ad-un-livello-alto-cosa-raccontero-un-giorno-ai-santi\/","name":"Gli effetti della Comunione spirituale - Se non sono ad un livello alto, cosa dir\u00f2 ai santi quando li incontrer\u00f2? - Veritatemincaritate","isPartOf":{"@id":"https:\/\/www.veritatemincaritate.com\/wp\/#website"},"primaryImageOfPage":{"@id":"https:\/\/www.veritatemincaritate.com\/wp\/2018\/04\/gli-effetti-della-comunione-spirituale-se-non-sono-ad-un-livello-alto-cosa-raccontero-un-giorno-ai-santi\/#primaryimage"},"image":{"@id":"https:\/\/www.veritatemincaritate.com\/wp\/2018\/04\/gli-effetti-della-comunione-spirituale-se-non-sono-ad-un-livello-alto-cosa-raccontero-un-giorno-ai-santi\/#primaryimage"},"thumbnailUrl":"https:\/\/www.veritatemincaritate.com\/wp\/wp-content\/uploads\/2018\/04\/Geu-distribuisce-Comunione.jpg","datePublished":"2018-04-20T06:36:39+00:00","dateModified":"2023-05-03T12:59:37+00:00","breadcrumb":{"@id":"https:\/\/www.veritatemincaritate.com\/wp\/2018\/04\/gli-effetti-della-comunione-spirituale-se-non-sono-ad-un-livello-alto-cosa-raccontero-un-giorno-ai-santi\/#breadcrumb"},"inLanguage":"it-IT","potentialAction":[{"@type":"ReadAction","target":["https:\/\/www.veritatemincaritate.com\/wp\/2018\/04\/gli-effetti-della-comunione-spirituale-se-non-sono-ad-un-livello-alto-cosa-raccontero-un-giorno-ai-santi\/"]}]},{"@type":"ImageObject","inLanguage":"it-IT","@id":"https:\/\/www.veritatemincaritate.com\/wp\/2018\/04\/gli-effetti-della-comunione-spirituale-se-non-sono-ad-un-livello-alto-cosa-raccontero-un-giorno-ai-santi\/#primaryimage","url":"https:\/\/www.veritatemincaritate.com\/wp\/wp-content\/uploads\/2018\/04\/Geu-distribuisce-Comunione.jpg","contentUrl":"https:\/\/www.veritatemincaritate.com\/wp\/wp-content\/uploads\/2018\/04\/Geu-distribuisce-Comunione.jpg","width":600,"height":400},{"@type":"BreadcrumbList","@id":"https:\/\/www.veritatemincaritate.com\/wp\/2018\/04\/gli-effetti-della-comunione-spirituale-se-non-sono-ad-un-livello-alto-cosa-raccontero-un-giorno-ai-santi\/#breadcrumb","itemListElement":[{"@type":"ListItem","position":1,"name":"Home","item":"https:\/\/www.veritatemincaritate.com\/wp\/"},{"@type":"ListItem","position":2,"name":"Gli effetti della Comunione spirituale &#8211; Se non sono ad un livello alto, cosa dir\u00f2 ai santi quando li incontrer\u00f2?"}]},{"@type":"WebSite","@id":"https:\/\/www.veritatemincaritate.com\/wp\/#website","url":"https:\/\/www.veritatemincaritate.com\/wp\/","name":"Veritatemincaritate","description":"Agendo secondo verit\u00e0 nella carit\u00e0, cerchiamo di crescere in ogni cosa tendendo a lui, che \u00e8 il capo, Cristo","publisher":{"@id":"https:\/\/www.veritatemincaritate.com\/wp\/#organization"},"potentialAction":[{"@type":"SearchAction","target":{"@type":"EntryPoint","urlTemplate":"https:\/\/www.veritatemincaritate.com\/wp\/?s={search_term_string}"},"query-input":{"@type":"PropertyValueSpecification","valueRequired":true,"valueName":"search_term_string"}}],"inLanguage":"it-IT"},{"@type":"Organization","@id":"https:\/\/www.veritatemincaritate.com\/wp\/#organization","name":"Veritatem facientes in Caritate","url":"https:\/\/www.veritatemincaritate.com\/wp\/","logo":{"@type":"ImageObject","inLanguage":"it-IT","@id":"https:\/\/www.veritatemincaritate.com\/wp\/#\/schema\/logo\/image\/","url":"https:\/\/www.veritatemincaritate.com\/wp\/wp-content\/uploads\/2020\/07\/Logo-VIC-per-canale-Youtube.jpg","contentUrl":"https:\/\/www.veritatemincaritate.com\/wp\/wp-content\/uploads\/2020\/07\/Logo-VIC-per-canale-Youtube.jpg","width":720,"height":720,"caption":"Veritatem facientes in Caritate"},"image":{"@id":"https:\/\/www.veritatemincaritate.com\/wp\/#\/schema\/logo\/image\/"},"sameAs":["https:\/\/www.facebook.com\/pgiorgiomariafare","https:\/\/instagram.com\/padre_giorgio_maria_fare?igshid=1p8wsw6b3edkc","https:\/\/www.youtube.com\/channel\/UCFqjpT1nX60rx3m_SELg3lA"]},{"@type":"Person","@id":"https:\/\/www.veritatemincaritate.com\/wp\/#\/schema\/person\/ae324896700d097ddc6db39f45894b80","name":"Is551011","image":{"@type":"ImageObject","inLanguage":"it-IT","@id":"https:\/\/secure.gravatar.com\/avatar\/c031fff76d6f121d3530ae43ac8407bd6ac4d5c3c8a89c237d6990047f9a6307?s=96&d=mm&r=g","url":"https:\/\/secure.gravatar.com\/avatar\/c031fff76d6f121d3530ae43ac8407bd6ac4d5c3c8a89c237d6990047f9a6307?s=96&d=mm&r=g","contentUrl":"https:\/\/secure.gravatar.com\/avatar\/c031fff76d6f121d3530ae43ac8407bd6ac4d5c3c8a89c237d6990047f9a6307?s=96&d=mm&r=g","caption":"Is551011"}}]}},"menu_order":0,"_links":{"self":[{"href":"https:\/\/www.veritatemincaritate.com\/wp\/wp-json\/wp\/v2\/posts\/7912","targetHints":{"allow":["GET"]}}],"collection":[{"href":"https:\/\/www.veritatemincaritate.com\/wp\/wp-json\/wp\/v2\/posts"}],"about":[{"href":"https:\/\/www.veritatemincaritate.com\/wp\/wp-json\/wp\/v2\/types\/post"}],"author":[{"embeddable":true,"href":"https:\/\/www.veritatemincaritate.com\/wp\/wp-json\/wp\/v2\/users\/4"}],"replies":[{"embeddable":true,"href":"https:\/\/www.veritatemincaritate.com\/wp\/wp-json\/wp\/v2\/comments?post=7912"}],"version-history":[{"count":0,"href":"https:\/\/www.veritatemincaritate.com\/wp\/wp-json\/wp\/v2\/posts\/7912\/revisions"}],"wp:featuredmedia":[{"embeddable":true,"href":"https:\/\/www.veritatemincaritate.com\/wp\/wp-json\/wp\/v2\/media\/7923"}],"wp:attachment":[{"href":"https:\/\/www.veritatemincaritate.com\/wp\/wp-json\/wp\/v2\/media?parent=7912"}],"wp:term":[{"taxonomy":"category","embeddable":true,"href":"https:\/\/www.veritatemincaritate.com\/wp\/wp-json\/wp\/v2\/categories?post=7912"},{"taxonomy":"post_tag","embeddable":true,"href":"https:\/\/www.veritatemincaritate.com\/wp\/wp-json\/wp\/v2\/tags?post=7912"}],"curies":[{"name":"wp","href":"https:\/\/api.w.org\/{rel}","templated":true}]}}