{"id":7967,"date":"2018-04-28T08:20:42","date_gmt":"2018-04-28T06:20:42","guid":{"rendered":"http:\/\/www.veritatemincaritate.com\/?p=7967"},"modified":"2018-04-28T08:20:42","modified_gmt":"2018-04-28T06:20:42","slug":"linvidioso-e-il-geloso-sono-tali-perche-dentro-sono-vuoti","status":"publish","type":"post","link":"https:\/\/www.veritatemincaritate.com\/wp\/2018\/04\/linvidioso-e-il-geloso-sono-tali-perche-dentro-sono-vuoti\/","title":{"rendered":"L\u2019invidioso e il geloso sono tali perch\u00e8 dentro sono vuoti"},"content":{"rendered":"<div class=\"wpb-content-wrapper\" id=\"wpb-content-root\"><p>[vc_row][vc_column][vc_column_text]<\/p>\n<h3>Omelia<\/h3>\n<div class=\"vc_row wpb_row vc_row-fluid\">\n<div class=\"wpb_column vc_column_container vc_col-sm-12\">\n<div class=\"vc_column-inner \">\n<div class=\"wpb_wrapper\">\n<div class=\"wpb_text_column wpb_content_element \">\n<div class=\"wpb_wrapper\">\n<p>Pubblichiamo l\u2019audio di\u00a0un\u2019omelia sulle letture di sabato 28 aprile 2018.<\/p>\n<p>Predicatore:\u00a0p. Giorgio Maria Far\u00e9, OCD<\/p>\n<\/div>\n<\/div>\n<\/div>\n<\/div>\n<\/div>\n<\/div>\n<p>[\/vc_column_text][vc_column_text]<\/p>\n<h4>Ascolta la registrazione:<\/h4>\n<p>Per motivi di intenso traffico non ci \u00e8 possibile rendere disponibile l&#8217;ascolto dei file audio direttamente dal nostro sito. Se hai dubbi su come fare, vai alle <a href=\"http:\/\/www.veritatemincaritate.com\/chi-siamo\/istruzioni-per-lascolto-delle-registrazioni\/\" target=\"_blank\" rel=\"noopener\">istruzioni per l&#8217;ascolto delle registrazioni<\/a>.[\/vc_column_text][\/vc_column][\/vc_row][vc_row][vc_column][vc_row_inner][vc_column_inner width=&#8221;1\/2&#8243;][vc_column_text]<style type=\"text\/css\">.thegem-button-6a9dd370a87072662 .gem-button {font-size: 14px;}.thegem-button-6a9dd370a87072662 .gem-button-text {font-size: 14px;}.thegem-button-6a9dd370a87072662 .gem-button svg {fill: #FFFFFF;}<\/style><div class=\"gem-button-container gem-button-position-inline thegem-button-6a9dd370a87072662    \"  ><a class=\"gem-button gem-button-size-small gem-button-style-flat gem-button-text-weight-normal\" data-ll-effect=\"drop-right-without-wrap\" style=\"border-radius: 3px;background-color: #FF5C00;color: #FFFFFF;\" onmouseleave=\"this.style.backgroundColor='#FF5C00';this.style.color='#FFFFFF';\" onmouseenter=\"\" href=\"https:\/\/www.dropbox.com\/s\/w5nvv1naizn8hak\/180428-Omelie-Ipolverizzati.m4a?dl=1\" target=\"_self\">Scarica la registrazione<\/a><\/div> [\/vc_column_text][\/vc_column_inner][vc_column_inner width=&#8221;1\/2&#8243;][vc_column_text]<style type=\"text\/css\">.thegem-button-6a9dd370a889d8396 .gem-button {font-size: 14px;}.thegem-button-6a9dd370a889d8396 .gem-button-text {font-size: 14px;}.thegem-button-6a9dd370a889d8396 .gem-button svg {fill: #FFFFFF;}<\/style><div class=\"gem-button-container gem-button-position-inline thegem-button-6a9dd370a889d8396    \"  ><a class=\"gem-button gem-button-size-small gem-button-style-flat gem-button-text-weight-normal\" data-ll-effect=\"drop-right-without-wrap\" style=\"border-radius: 3px;background-color: #FF5C00;color: #FFFFFF;\" onmouseleave=\"this.style.backgroundColor='#FF5C00';this.style.color='#FFFFFF';\" onmouseenter=\"\" href=\"https:\/\/www.dropbox.com\/s\/w5nvv1naizn8hak\/180428-Omelie-Ipolverizzati.m4a?dl=0\" target=\"_self\">Ascolta la registrazione<\/a><\/div> [\/vc_column_text][\/vc_column_inner][\/vc_row_inner][\/vc_column][\/vc_row][vc_row][vc_column][vc_empty_space][vc_separator color=&#8221;orange&#8221;][vc_column_text]<\/p>\n<h2>Letture del giorno<\/h2>\n<p>[\/vc_column_text][vc_column_text]<strong>Sabato della IV settimana di Pasqua<\/strong><\/p>\n<p><strong>PRIMA LETTURA<\/strong><em> (At 13,44-52)<\/em><br \/>\n<em>Noi ci rivolgiamo ai pagani.<\/em><\/p>\n<p>Il sabato seguente quasi tutta la citt\u00e0 [di Anti\u00f2chia] si radun\u00f2 per ascoltare la parola del Signore. Quando videro quella moltitudine, i Giudei furono ricolmi di gelosia e con parole ingiuriose contrastavano le affermazioni di Paolo.<br \/>\nAllora Paolo e B\u00e0rnaba con franchezza dichiararono: \u00abEra necessario che fosse proclamata prima di tutto a voi la parola di Dio, ma poich\u00e9 la respingete e non vi giudicate degni della vita eterna, ecco: noi ci rivolgiamo ai pagani. Cos\u00ec infatti ci ha ordinato il Signore: \u201cIo ti ho posto per essere luce delle genti, perch\u00e9 tu porti la salvezza sino all\u2019estremit\u00e0 della terra\u201d\u00bb.<br \/>\nNell\u2019udire ci\u00f2, i pagani si rallegravano e glorificavano la parola del Signore, e tutti quelli che erano destinati alla vita eterna credettero.<br \/>\nLa parola del Signore si diffondeva per tutta la regione. Ma i Giudei sobillarono le pie donne della nobilt\u00e0 e i notabili della citt\u00e0 e suscitarono una persecuzione contro Paolo e B\u00e0rnaba e li cacciarono dal loro territorio. Allora essi, scossa contro di loro la polvere dei piedi, andarono a Ic\u00f2nio.<br \/>\nI discepoli erano pieni di gioia e di Spirito Santo.<\/p>\n<p><strong>SALMO RESPONSORIALE<\/strong><em> (Sal 97)<\/em><br \/>\n<strong>Rit. Tutti i confini della terra hanno veduto la vittoria del nostro Dio.<\/strong><\/p>\n<p>Cantate al Signore un canto nuovo,<br \/>\nperch\u00e9 ha compiuto meraviglie.<br \/>\nGli ha dato vittoria la sua destra<br \/>\ne il suo braccio santo.<\/p>\n<p>Il Signore ha fatto conoscere la sua salvezza,<br \/>\nagli occhi delle genti ha rivelato la sua giustizia.<br \/>\nEgli si \u00e8 ricordato del suo amore,<br \/>\ndella sua fedelt\u00e0 alla casa d\u2019Israele.<\/p>\n<p>Tutti i confini della terra hanno veduto<br \/>\nla vittoria del nostro Dio.<br \/>\nAcclami il Signore tutta la terra,<br \/>\ngridate, esultate, cantate inni!<\/p>\n<p><strong>Canto al Vangelo<\/strong><em> (Gv 8,31-32)<\/em><br \/>\nAlleluia, alleluia.<br \/>\nSe rimanete nella mia parola,<br \/>\nsiete davvero miei discepoli, dice il Signore,<br \/>\ne conoscerete la verit\u00e0.<br \/>\nAlleluia.<\/p>\n<p><strong>VANGELO<\/strong><em> (Gv 14,7-14)<\/em><br \/>\n<em>Chi ha visto me, ha visto il Padre.<\/em><\/p>\n<p>In quel tempo, disse Ges\u00f9 ai suoi discepoli: \u00abSe avete conosciuto me, conoscerete anche il Padre mio: fin da ora lo conoscete e lo avete veduto\u00bb.<br \/>\nGli disse Filippo: \u00abSignore, mostraci il Padre e ci basta\u00bb.<br \/>\nGli rispose Ges\u00f9: \u00abDa tanto tempo sono con voi e tu non mi hai conosciuto, Filippo? Chi ha visto me, ha visto il Padre. Come puoi tu dire: \u201cMostraci il Padre\u201d? Non credi che io sono nel Padre e il Padre \u00e8 in me? Le parole che io vi dico, non le dico da me stesso; ma il Padre, che rimane in me, compie le sue opere. Credete a me: io sono nel Padre e il Padre \u00e8 in me. Se non altro, credetelo per le opere stesse.<br \/>\nIn verit\u00e0, in verit\u00e0 io vi dico: chi crede in me, anch\u2019egli compir\u00e0 le opere che io compio e ne compir\u00e0 di pi\u00f9 grandi di queste, perch\u00e9 io vado al Padre. E qualunque cosa chiederete nel mio nome, la far\u00f2, perch\u00e9 il Padre sia glorificato nel Figlio. Se mi chiederete qualche cosa nel mio nome, io la far\u00f2.[\/vc_column_text][\/vc_column][\/vc_row]<\/p>\n<\/div>","protected":false},"excerpt":{"rendered":"<p>[vc_row][vc_column][vc_column_text] Omelia Pubblichiamo l\u2019audio di\u00a0un\u2019omelia sulle letture di sabato 28 aprile 2018. Predicatore:\u00a0p. Giorgio Maria Far\u00e9, OCD [\/vc_column_text][vc_column_text] Ascolta la&#8230;<\/p>\n","protected":false},"author":4,"featured_media":7965,"comment_status":"closed","ping_status":"closed","sticky":false,"template":"","format":"standard","meta":{"footnotes":""},"categories":[15],"tags":[6035,1054,3693,6037,1019,367,6038,221,16,658,17,6034,6036,4336],"class_list":{"0":"post-7967","1":"post","2":"type-post","3":"status-publish","4":"format-standard","5":"has-post-thumbnail","7":"category-omelie","8":"tag-barnaba","9":"tag-cattiveria","10":"tag-cuore-malvagio","11":"tag-disputa-ingiuriosa","12":"tag-falsita","13":"tag-gelosia","14":"tag-ingiuria","15":"tag-invidia","16":"tag-omelie","17":"tag-onesta-intellettuale","18":"tag-p-giorgio-maria-fare","19":"tag-paolo","20":"tag-parole-ingiuriose","21":"tag-pienezza"},"yoast_head":"<!-- This site is optimized with the Yoast SEO plugin v28.2 - https:\/\/yoast.com\/product\/yoast-seo-wordpress\/ -->\n<title>L\u2019invidioso e il geloso sono tali perch\u00e8 dentro sono vuoti - Veritatemincaritate<\/title>\n<meta name=\"robots\" content=\"index, follow, max-snippet:-1, max-image-preview:large, max-video-preview:-1\" \/>\n<link rel=\"canonical\" href=\"https:\/\/www.veritatemincaritate.com\/wp\/2018\/04\/linvidioso-e-il-geloso-sono-tali-perche-dentro-sono-vuoti\/\" \/>\n<meta property=\"og:locale\" content=\"it_IT\" \/>\n<meta property=\"og:type\" content=\"article\" \/>\n<meta property=\"og:title\" content=\"L\u2019invidioso e il geloso sono tali perch\u00e8 dentro sono vuoti - Veritatemincaritate\" \/>\n<meta property=\"og:description\" content=\"[vc_row][vc_column][vc_column_text] Omelia Pubblichiamo l\u2019audio di\u00a0un\u2019omelia sulle letture di sabato 28 aprile 2018. Predicatore:\u00a0p. Giorgio Maria Far\u00e9, OCD [\/vc_column_text][vc_column_text] Ascolta la...\" \/>\n<meta property=\"og:url\" content=\"https:\/\/www.veritatemincaritate.com\/wp\/2018\/04\/linvidioso-e-il-geloso-sono-tali-perche-dentro-sono-vuoti\/\" \/>\n<meta property=\"og:site_name\" content=\"Veritatemincaritate\" \/>\n<meta property=\"article:publisher\" content=\"https:\/\/www.facebook.com\/pgiorgiomariafare\" \/>\n<meta property=\"article:published_time\" content=\"2018-04-28T06:20:42+00:00\" \/>\n<meta property=\"og:image\" content=\"https:\/\/www.veritatemincaritate.com\/wp\/wp-content\/uploads\/2018\/04\/Gesu-insegna-ai-suoi-discepoli.jpg\" \/>\n\t<meta property=\"og:image:width\" content=\"600\" \/>\n\t<meta property=\"og:image:height\" content=\"400\" \/>\n\t<meta property=\"og:image:type\" content=\"image\/jpeg\" \/>\n<meta name=\"author\" content=\"Is551011\" \/>\n<meta name=\"twitter:card\" content=\"summary_large_image\" \/>\n<meta name=\"twitter:label1\" content=\"Scritto da\" \/>\n\t<meta name=\"twitter:data1\" content=\"Is551011\" \/>\n\t<meta name=\"twitter:label2\" content=\"Tempo di lettura stimato\" \/>\n\t<meta name=\"twitter:data2\" content=\"4 minuti\" \/>\n<script type=\"application\/ld+json\" class=\"yoast-schema-graph\">{\"@context\":\"https:\\\/\\\/schema.org\",\"@graph\":[{\"@type\":\"Article\",\"@id\":\"https:\\\/\\\/www.veritatemincaritate.com\\\/wp\\\/2018\\\/04\\\/linvidioso-e-il-geloso-sono-tali-perche-dentro-sono-vuoti\\\/#article\",\"isPartOf\":{\"@id\":\"https:\\\/\\\/www.veritatemincaritate.com\\\/wp\\\/2018\\\/04\\\/linvidioso-e-il-geloso-sono-tali-perche-dentro-sono-vuoti\\\/\"},\"author\":{\"name\":\"Is551011\",\"@id\":\"https:\\\/\\\/www.veritatemincaritate.com\\\/wp\\\/#\\\/schema\\\/person\\\/ae324896700d097ddc6db39f45894b80\"},\"headline\":\"L\u2019invidioso e il geloso sono tali perch\u00e8 dentro sono vuoti\",\"datePublished\":\"2018-04-28T06:20:42+00:00\",\"mainEntityOfPage\":{\"@id\":\"https:\\\/\\\/www.veritatemincaritate.com\\\/wp\\\/2018\\\/04\\\/linvidioso-e-il-geloso-sono-tali-perche-dentro-sono-vuoti\\\/\"},\"wordCount\":763,\"publisher\":{\"@id\":\"https:\\\/\\\/www.veritatemincaritate.com\\\/wp\\\/#organization\"},\"image\":{\"@id\":\"https:\\\/\\\/www.veritatemincaritate.com\\\/wp\\\/2018\\\/04\\\/linvidioso-e-il-geloso-sono-tali-perche-dentro-sono-vuoti\\\/#primaryimage\"},\"thumbnailUrl\":\"https:\\\/\\\/www.veritatemincaritate.com\\\/wp\\\/wp-content\\\/uploads\\\/2018\\\/04\\\/Gesu-insegna-ai-suoi-discepoli.jpg\",\"keywords\":[\"Barnaba\",\"cattiveria\",\"cuore malvagio\",\"disputa ingiuriosa\",\"falsit\u00e0\",\"gelosia\",\"ingiuria\",\"invidia\",\"omelie\",\"onest\u00e0 intellettuale\",\"p. Giorgio Maria Far\u00e9\",\"Paolo\",\"parole ingiuriose\",\"pienezza\"],\"articleSection\":[\"Omelie\"],\"inLanguage\":\"it-IT\"},{\"@type\":\"WebPage\",\"@id\":\"https:\\\/\\\/www.veritatemincaritate.com\\\/wp\\\/2018\\\/04\\\/linvidioso-e-il-geloso-sono-tali-perche-dentro-sono-vuoti\\\/\",\"url\":\"https:\\\/\\\/www.veritatemincaritate.com\\\/wp\\\/2018\\\/04\\\/linvidioso-e-il-geloso-sono-tali-perche-dentro-sono-vuoti\\\/\",\"name\":\"L\u2019invidioso e il geloso sono tali perch\u00e8 dentro sono vuoti - Veritatemincaritate\",\"isPartOf\":{\"@id\":\"https:\\\/\\\/www.veritatemincaritate.com\\\/wp\\\/#website\"},\"primaryImageOfPage\":{\"@id\":\"https:\\\/\\\/www.veritatemincaritate.com\\\/wp\\\/2018\\\/04\\\/linvidioso-e-il-geloso-sono-tali-perche-dentro-sono-vuoti\\\/#primaryimage\"},\"image\":{\"@id\":\"https:\\\/\\\/www.veritatemincaritate.com\\\/wp\\\/2018\\\/04\\\/linvidioso-e-il-geloso-sono-tali-perche-dentro-sono-vuoti\\\/#primaryimage\"},\"thumbnailUrl\":\"https:\\\/\\\/www.veritatemincaritate.com\\\/wp\\\/wp-content\\\/uploads\\\/2018\\\/04\\\/Gesu-insegna-ai-suoi-discepoli.jpg\",\"datePublished\":\"2018-04-28T06:20:42+00:00\",\"breadcrumb\":{\"@id\":\"https:\\\/\\\/www.veritatemincaritate.com\\\/wp\\\/2018\\\/04\\\/linvidioso-e-il-geloso-sono-tali-perche-dentro-sono-vuoti\\\/#breadcrumb\"},\"inLanguage\":\"it-IT\",\"potentialAction\":[{\"@type\":\"ReadAction\",\"target\":[\"https:\\\/\\\/www.veritatemincaritate.com\\\/wp\\\/2018\\\/04\\\/linvidioso-e-il-geloso-sono-tali-perche-dentro-sono-vuoti\\\/\"]}]},{\"@type\":\"ImageObject\",\"inLanguage\":\"it-IT\",\"@id\":\"https:\\\/\\\/www.veritatemincaritate.com\\\/wp\\\/2018\\\/04\\\/linvidioso-e-il-geloso-sono-tali-perche-dentro-sono-vuoti\\\/#primaryimage\",\"url\":\"https:\\\/\\\/www.veritatemincaritate.com\\\/wp\\\/wp-content\\\/uploads\\\/2018\\\/04\\\/Gesu-insegna-ai-suoi-discepoli.jpg\",\"contentUrl\":\"https:\\\/\\\/www.veritatemincaritate.com\\\/wp\\\/wp-content\\\/uploads\\\/2018\\\/04\\\/Gesu-insegna-ai-suoi-discepoli.jpg\",\"width\":600,\"height\":400},{\"@type\":\"BreadcrumbList\",\"@id\":\"https:\\\/\\\/www.veritatemincaritate.com\\\/wp\\\/2018\\\/04\\\/linvidioso-e-il-geloso-sono-tali-perche-dentro-sono-vuoti\\\/#breadcrumb\",\"itemListElement\":[{\"@type\":\"ListItem\",\"position\":1,\"name\":\"Home\",\"item\":\"https:\\\/\\\/www.veritatemincaritate.com\\\/wp\\\/\"},{\"@type\":\"ListItem\",\"position\":2,\"name\":\"L\u2019invidioso e il geloso sono tali perch\u00e8 dentro sono vuoti\"}]},{\"@type\":\"WebSite\",\"@id\":\"https:\\\/\\\/www.veritatemincaritate.com\\\/wp\\\/#website\",\"url\":\"https:\\\/\\\/www.veritatemincaritate.com\\\/wp\\\/\",\"name\":\"Veritatemincaritate\",\"description\":\"Agendo secondo verit\u00e0 nella carit\u00e0, cerchiamo di crescere in ogni cosa tendendo a lui, che \u00e8 il capo, Cristo\",\"publisher\":{\"@id\":\"https:\\\/\\\/www.veritatemincaritate.com\\\/wp\\\/#organization\"},\"potentialAction\":[{\"@type\":\"SearchAction\",\"target\":{\"@type\":\"EntryPoint\",\"urlTemplate\":\"https:\\\/\\\/www.veritatemincaritate.com\\\/wp\\\/?s={search_term_string}\"},\"query-input\":{\"@type\":\"PropertyValueSpecification\",\"valueRequired\":true,\"valueName\":\"search_term_string\"}}],\"inLanguage\":\"it-IT\"},{\"@type\":\"Organization\",\"@id\":\"https:\\\/\\\/www.veritatemincaritate.com\\\/wp\\\/#organization\",\"name\":\"Veritatem facientes in Caritate\",\"url\":\"https:\\\/\\\/www.veritatemincaritate.com\\\/wp\\\/\",\"logo\":{\"@type\":\"ImageObject\",\"inLanguage\":\"it-IT\",\"@id\":\"https:\\\/\\\/www.veritatemincaritate.com\\\/wp\\\/#\\\/schema\\\/logo\\\/image\\\/\",\"url\":\"https:\\\/\\\/www.veritatemincaritate.com\\\/wp\\\/wp-content\\\/uploads\\\/2020\\\/07\\\/Logo-VIC-per-canale-Youtube.jpg\",\"contentUrl\":\"https:\\\/\\\/www.veritatemincaritate.com\\\/wp\\\/wp-content\\\/uploads\\\/2020\\\/07\\\/Logo-VIC-per-canale-Youtube.jpg\",\"width\":720,\"height\":720,\"caption\":\"Veritatem facientes in Caritate\"},\"image\":{\"@id\":\"https:\\\/\\\/www.veritatemincaritate.com\\\/wp\\\/#\\\/schema\\\/logo\\\/image\\\/\"},\"sameAs\":[\"https:\\\/\\\/www.facebook.com\\\/pgiorgiomariafare\",\"https:\\\/\\\/instagram.com\\\/padre_giorgio_maria_fare?igshid=1p8wsw6b3edkc\",\"https:\\\/\\\/www.youtube.com\\\/channel\\\/UCFqjpT1nX60rx3m_SELg3lA\"]},{\"@type\":\"Person\",\"@id\":\"https:\\\/\\\/www.veritatemincaritate.com\\\/wp\\\/#\\\/schema\\\/person\\\/ae324896700d097ddc6db39f45894b80\",\"name\":\"Is551011\",\"image\":{\"@type\":\"ImageObject\",\"inLanguage\":\"it-IT\",\"@id\":\"https:\\\/\\\/secure.gravatar.com\\\/avatar\\\/c031fff76d6f121d3530ae43ac8407bd6ac4d5c3c8a89c237d6990047f9a6307?s=96&d=mm&r=g\",\"url\":\"https:\\\/\\\/secure.gravatar.com\\\/avatar\\\/c031fff76d6f121d3530ae43ac8407bd6ac4d5c3c8a89c237d6990047f9a6307?s=96&d=mm&r=g\",\"contentUrl\":\"https:\\\/\\\/secure.gravatar.com\\\/avatar\\\/c031fff76d6f121d3530ae43ac8407bd6ac4d5c3c8a89c237d6990047f9a6307?s=96&d=mm&r=g\",\"caption\":\"Is551011\"}}]}<\/script>\n<!-- \/ Yoast SEO plugin. -->","yoast_head_json":{"title":"L\u2019invidioso e il geloso sono tali perch\u00e8 dentro sono vuoti - Veritatemincaritate","robots":{"index":"index","follow":"follow","max-snippet":"max-snippet:-1","max-image-preview":"max-image-preview:large","max-video-preview":"max-video-preview:-1"},"canonical":"https:\/\/www.veritatemincaritate.com\/wp\/2018\/04\/linvidioso-e-il-geloso-sono-tali-perche-dentro-sono-vuoti\/","og_locale":"it_IT","og_type":"article","og_title":"L\u2019invidioso e il geloso sono tali perch\u00e8 dentro sono vuoti - Veritatemincaritate","og_description":"[vc_row][vc_column][vc_column_text] Omelia Pubblichiamo l\u2019audio di\u00a0un\u2019omelia sulle letture di sabato 28 aprile 2018. Predicatore:\u00a0p. Giorgio Maria Far\u00e9, OCD [\/vc_column_text][vc_column_text] Ascolta la...","og_url":"https:\/\/www.veritatemincaritate.com\/wp\/2018\/04\/linvidioso-e-il-geloso-sono-tali-perche-dentro-sono-vuoti\/","og_site_name":"Veritatemincaritate","article_publisher":"https:\/\/www.facebook.com\/pgiorgiomariafare","article_published_time":"2018-04-28T06:20:42+00:00","og_image":[{"width":600,"height":400,"url":"https:\/\/www.veritatemincaritate.com\/wp\/wp-content\/uploads\/2018\/04\/Gesu-insegna-ai-suoi-discepoli.jpg","type":"image\/jpeg"}],"author":"Is551011","twitter_card":"summary_large_image","twitter_misc":{"Scritto da":"Is551011","Tempo di lettura stimato":"4 minuti"},"schema":{"@context":"https:\/\/schema.org","@graph":[{"@type":"Article","@id":"https:\/\/www.veritatemincaritate.com\/wp\/2018\/04\/linvidioso-e-il-geloso-sono-tali-perche-dentro-sono-vuoti\/#article","isPartOf":{"@id":"https:\/\/www.veritatemincaritate.com\/wp\/2018\/04\/linvidioso-e-il-geloso-sono-tali-perche-dentro-sono-vuoti\/"},"author":{"name":"Is551011","@id":"https:\/\/www.veritatemincaritate.com\/wp\/#\/schema\/person\/ae324896700d097ddc6db39f45894b80"},"headline":"L\u2019invidioso e il geloso sono tali perch\u00e8 dentro sono vuoti","datePublished":"2018-04-28T06:20:42+00:00","mainEntityOfPage":{"@id":"https:\/\/www.veritatemincaritate.com\/wp\/2018\/04\/linvidioso-e-il-geloso-sono-tali-perche-dentro-sono-vuoti\/"},"wordCount":763,"publisher":{"@id":"https:\/\/www.veritatemincaritate.com\/wp\/#organization"},"image":{"@id":"https:\/\/www.veritatemincaritate.com\/wp\/2018\/04\/linvidioso-e-il-geloso-sono-tali-perche-dentro-sono-vuoti\/#primaryimage"},"thumbnailUrl":"https:\/\/www.veritatemincaritate.com\/wp\/wp-content\/uploads\/2018\/04\/Gesu-insegna-ai-suoi-discepoli.jpg","keywords":["Barnaba","cattiveria","cuore malvagio","disputa ingiuriosa","falsit\u00e0","gelosia","ingiuria","invidia","omelie","onest\u00e0 intellettuale","p. Giorgio Maria Far\u00e9","Paolo","parole ingiuriose","pienezza"],"articleSection":["Omelie"],"inLanguage":"it-IT"},{"@type":"WebPage","@id":"https:\/\/www.veritatemincaritate.com\/wp\/2018\/04\/linvidioso-e-il-geloso-sono-tali-perche-dentro-sono-vuoti\/","url":"https:\/\/www.veritatemincaritate.com\/wp\/2018\/04\/linvidioso-e-il-geloso-sono-tali-perche-dentro-sono-vuoti\/","name":"L\u2019invidioso e il geloso sono tali perch\u00e8 dentro sono vuoti - Veritatemincaritate","isPartOf":{"@id":"https:\/\/www.veritatemincaritate.com\/wp\/#website"},"primaryImageOfPage":{"@id":"https:\/\/www.veritatemincaritate.com\/wp\/2018\/04\/linvidioso-e-il-geloso-sono-tali-perche-dentro-sono-vuoti\/#primaryimage"},"image":{"@id":"https:\/\/www.veritatemincaritate.com\/wp\/2018\/04\/linvidioso-e-il-geloso-sono-tali-perche-dentro-sono-vuoti\/#primaryimage"},"thumbnailUrl":"https:\/\/www.veritatemincaritate.com\/wp\/wp-content\/uploads\/2018\/04\/Gesu-insegna-ai-suoi-discepoli.jpg","datePublished":"2018-04-28T06:20:42+00:00","breadcrumb":{"@id":"https:\/\/www.veritatemincaritate.com\/wp\/2018\/04\/linvidioso-e-il-geloso-sono-tali-perche-dentro-sono-vuoti\/#breadcrumb"},"inLanguage":"it-IT","potentialAction":[{"@type":"ReadAction","target":["https:\/\/www.veritatemincaritate.com\/wp\/2018\/04\/linvidioso-e-il-geloso-sono-tali-perche-dentro-sono-vuoti\/"]}]},{"@type":"ImageObject","inLanguage":"it-IT","@id":"https:\/\/www.veritatemincaritate.com\/wp\/2018\/04\/linvidioso-e-il-geloso-sono-tali-perche-dentro-sono-vuoti\/#primaryimage","url":"https:\/\/www.veritatemincaritate.com\/wp\/wp-content\/uploads\/2018\/04\/Gesu-insegna-ai-suoi-discepoli.jpg","contentUrl":"https:\/\/www.veritatemincaritate.com\/wp\/wp-content\/uploads\/2018\/04\/Gesu-insegna-ai-suoi-discepoli.jpg","width":600,"height":400},{"@type":"BreadcrumbList","@id":"https:\/\/www.veritatemincaritate.com\/wp\/2018\/04\/linvidioso-e-il-geloso-sono-tali-perche-dentro-sono-vuoti\/#breadcrumb","itemListElement":[{"@type":"ListItem","position":1,"name":"Home","item":"https:\/\/www.veritatemincaritate.com\/wp\/"},{"@type":"ListItem","position":2,"name":"L\u2019invidioso e il geloso sono tali perch\u00e8 dentro sono vuoti"}]},{"@type":"WebSite","@id":"https:\/\/www.veritatemincaritate.com\/wp\/#website","url":"https:\/\/www.veritatemincaritate.com\/wp\/","name":"Veritatemincaritate","description":"Agendo secondo verit\u00e0 nella carit\u00e0, cerchiamo di crescere in ogni cosa tendendo a lui, che \u00e8 il capo, Cristo","publisher":{"@id":"https:\/\/www.veritatemincaritate.com\/wp\/#organization"},"potentialAction":[{"@type":"SearchAction","target":{"@type":"EntryPoint","urlTemplate":"https:\/\/www.veritatemincaritate.com\/wp\/?s={search_term_string}"},"query-input":{"@type":"PropertyValueSpecification","valueRequired":true,"valueName":"search_term_string"}}],"inLanguage":"it-IT"},{"@type":"Organization","@id":"https:\/\/www.veritatemincaritate.com\/wp\/#organization","name":"Veritatem facientes in Caritate","url":"https:\/\/www.veritatemincaritate.com\/wp\/","logo":{"@type":"ImageObject","inLanguage":"it-IT","@id":"https:\/\/www.veritatemincaritate.com\/wp\/#\/schema\/logo\/image\/","url":"https:\/\/www.veritatemincaritate.com\/wp\/wp-content\/uploads\/2020\/07\/Logo-VIC-per-canale-Youtube.jpg","contentUrl":"https:\/\/www.veritatemincaritate.com\/wp\/wp-content\/uploads\/2020\/07\/Logo-VIC-per-canale-Youtube.jpg","width":720,"height":720,"caption":"Veritatem facientes in Caritate"},"image":{"@id":"https:\/\/www.veritatemincaritate.com\/wp\/#\/schema\/logo\/image\/"},"sameAs":["https:\/\/www.facebook.com\/pgiorgiomariafare","https:\/\/instagram.com\/padre_giorgio_maria_fare?igshid=1p8wsw6b3edkc","https:\/\/www.youtube.com\/channel\/UCFqjpT1nX60rx3m_SELg3lA"]},{"@type":"Person","@id":"https:\/\/www.veritatemincaritate.com\/wp\/#\/schema\/person\/ae324896700d097ddc6db39f45894b80","name":"Is551011","image":{"@type":"ImageObject","inLanguage":"it-IT","@id":"https:\/\/secure.gravatar.com\/avatar\/c031fff76d6f121d3530ae43ac8407bd6ac4d5c3c8a89c237d6990047f9a6307?s=96&d=mm&r=g","url":"https:\/\/secure.gravatar.com\/avatar\/c031fff76d6f121d3530ae43ac8407bd6ac4d5c3c8a89c237d6990047f9a6307?s=96&d=mm&r=g","contentUrl":"https:\/\/secure.gravatar.com\/avatar\/c031fff76d6f121d3530ae43ac8407bd6ac4d5c3c8a89c237d6990047f9a6307?s=96&d=mm&r=g","caption":"Is551011"}}]}},"menu_order":0,"_links":{"self":[{"href":"https:\/\/www.veritatemincaritate.com\/wp\/wp-json\/wp\/v2\/posts\/7967","targetHints":{"allow":["GET"]}}],"collection":[{"href":"https:\/\/www.veritatemincaritate.com\/wp\/wp-json\/wp\/v2\/posts"}],"about":[{"href":"https:\/\/www.veritatemincaritate.com\/wp\/wp-json\/wp\/v2\/types\/post"}],"author":[{"embeddable":true,"href":"https:\/\/www.veritatemincaritate.com\/wp\/wp-json\/wp\/v2\/users\/4"}],"replies":[{"embeddable":true,"href":"https:\/\/www.veritatemincaritate.com\/wp\/wp-json\/wp\/v2\/comments?post=7967"}],"version-history":[{"count":0,"href":"https:\/\/www.veritatemincaritate.com\/wp\/wp-json\/wp\/v2\/posts\/7967\/revisions"}],"wp:featuredmedia":[{"embeddable":true,"href":"https:\/\/www.veritatemincaritate.com\/wp\/wp-json\/wp\/v2\/media\/7965"}],"wp:attachment":[{"href":"https:\/\/www.veritatemincaritate.com\/wp\/wp-json\/wp\/v2\/media?parent=7967"}],"wp:term":[{"taxonomy":"category","embeddable":true,"href":"https:\/\/www.veritatemincaritate.com\/wp\/wp-json\/wp\/v2\/categories?post=7967"},{"taxonomy":"post_tag","embeddable":true,"href":"https:\/\/www.veritatemincaritate.com\/wp\/wp-json\/wp\/v2\/tags?post=7967"}],"curies":[{"name":"wp","href":"https:\/\/api.w.org\/{rel}","templated":true}]}}