{"id":8079,"date":"2018-05-15T08:36:25","date_gmt":"2018-05-15T06:36:25","guid":{"rendered":"http:\/\/www.veritatemincaritate.com\/?p=8079"},"modified":"2018-05-15T08:36:25","modified_gmt":"2018-05-15T06:36:25","slug":"questa-e-la-vita-eterna-che-conoscano-te-lunico-vero-dio-e-colui-che-hai-mandato-gesu-cristo","status":"publish","type":"post","link":"https:\/\/www.veritatemincaritate.com\/wp\/2018\/05\/questa-e-la-vita-eterna-che-conoscano-te-lunico-vero-dio-e-colui-che-hai-mandato-gesu-cristo\/","title":{"rendered":"&#8220;Questa \u00e8 la vita eterna: che conoscano te, l\u2019unico vero Dio, e colui che hai mandato, Ges\u00f9 Cristo&#8221;"},"content":{"rendered":"<div class=\"wpb-content-wrapper\"><p>[vc_row][vc_column][vc_column_text]<\/p>\n<h3>Omelia<\/h3>\n<div class=\"vc_row wpb_row vc_row-fluid\">\n<div class=\"wpb_column vc_column_container vc_col-sm-12\">\n<div class=\"vc_column-inner \">\n<div class=\"wpb_wrapper\">\n<div class=\"wpb_text_column wpb_content_element \">\n<div class=\"wpb_wrapper\">\n<p>Pubblichiamo l\u2019audio di\u00a0un\u2019omelia sulle letture di marted\u00ec 15 maggio 2018.<\/p>\n<p>Predicatore:\u00a0p. Giorgio Maria Far\u00e9, OCD<\/p>\n<\/div>\n<\/div>\n<\/div>\n<\/div>\n<\/div>\n<\/div>\n<p>[\/vc_column_text][vc_column_text]<\/p>\n<h4>Ascolta la registrazione:<\/h4>\n<p>Per motivi di intenso traffico non ci \u00e8 possibile rendere disponibile l&#8217;ascolto dei file audio direttamente dal nostro sito. Se hai dubbi su come fare, vai alle <a href=\"http:\/\/www.veritatemincaritate.com\/chi-siamo\/istruzioni-per-lascolto-delle-registrazioni\/\" target=\"_blank\" rel=\"noopener\">istruzioni per l&#8217;ascolto delle registrazioni<\/a>.[\/vc_column_text][\/vc_column][\/vc_row][vc_row][vc_column][vc_row_inner][vc_column_inner width=&#8221;1\/2&#8243;][vc_column_text]<style type=\"text\/css\">.thegem-button-69f597c64f7d94440 .gem-button {font-size: 14px;}.thegem-button-69f597c64f7d94440 .gem-button-text {font-size: 14px;}.thegem-button-69f597c64f7d94440 .gem-button svg {fill: #FFFFFF;}<\/style><div class=\"gem-button-container gem-button-position-inline thegem-button-69f597c64f7d94440    \"  ><a class=\"gem-button gem-button-size-small gem-button-style-flat gem-button-text-weight-normal\" data-ll-effect=\"drop-right-without-wrap\" style=\"border-radius: 3px;background-color: #FF5C00;color: #FFFFFF;\" onmouseleave=\"this.style.backgroundColor='#FF5C00';this.style.color='#FFFFFF';\" onmouseenter=\"\" href=\"https:\/\/www.dropbox.com\/s\/0dgiiz8naku1r4j\/180515-Omelie-VitaEternaEConoscereDio.m4a?dl=1\" target=\"_self\">Scarica la registrazione<\/a><\/div> [\/vc_column_text][\/vc_column_inner][vc_column_inner width=&#8221;1\/2&#8243;][vc_column_text]<style type=\"text\/css\">.thegem-button-69f597c64f96e9366 .gem-button {font-size: 14px;}.thegem-button-69f597c64f96e9366 .gem-button-text {font-size: 14px;}.thegem-button-69f597c64f96e9366 .gem-button svg {fill: #FFFFFF;}<\/style><div class=\"gem-button-container gem-button-position-inline thegem-button-69f597c64f96e9366    \"  ><a class=\"gem-button gem-button-size-small gem-button-style-flat gem-button-text-weight-normal\" data-ll-effect=\"drop-right-without-wrap\" style=\"border-radius: 3px;background-color: #FF5C00;color: #FFFFFF;\" onmouseleave=\"this.style.backgroundColor='#FF5C00';this.style.color='#FFFFFF';\" onmouseenter=\"\" href=\"https:\/\/www.dropbox.com\/s\/0dgiiz8naku1r4j\/180515-Omelie-VitaEternaEConoscereDio.m4a?dl=0\" target=\"_self\">Ascolta la registrazione<\/a><\/div> [\/vc_column_text][\/vc_column_inner][\/vc_row_inner][\/vc_column][\/vc_row][vc_row][vc_column][vc_empty_space][vc_separator color=&#8221;orange&#8221;][vc_column_text]<\/p>\n<h2>Letture del giorno<\/h2>\n<p>[\/vc_column_text][vc_column_text]<strong>Marted\u00ec della VII settimana di Pasqua<\/strong><\/p>\n<p><strong>PRIMA LETTURA<\/strong> <em>(At 20,17-27)<\/em><br \/>\n<em>Conduco a termine la mia corsa e il servizio che mi fu affidato dal Signore Ges\u00f9.<\/em><\/p>\n<p>In quei giorni, da Mil\u00e8to Paolo mand\u00f2 a chiamare a \u00c8feso gli anziani della Chiesa.<br \/>\nQuando essi giunsero presso di lui, disse loro: \u00abVoi sapete come mi sono comportato con voi per tutto questo tempo, fin dal primo giorno in cui arrivai in Asia: ho servito il Signore con tutta umilt\u00e0, tra le lacrime e le prove che mi hanno procurato le insidie dei Giudei; non mi sono mai tirato indietro da ci\u00f2 che poteva essere utile, al fine di predicare a voi e di istruirvi, in pubblico e nelle case, testimoniando a Giudei e Greci la conversione a Dio e la fede nel Signore nostro Ges\u00f9.<br \/>\nEd ecco, dunque, costretto dallo Spirito, io vado a Gerusalemme, senza sapere ci\u00f2 che l\u00e0 mi accadr\u00e0. So soltanto che lo Spirito Santo, di citt\u00e0 in citt\u00e0, mi attesta che mi attendono catene e tribolazioni. Non ritengo in nessun modo preziosa la mia vita, purch\u00e9 conduca a termine la mia corsa e il servizio che mi fu affidato dal Signore Ges\u00f9, di dare testimonianza al vangelo della grazia di Dio.<br \/>\nE ora, ecco, io so che non vedrete pi\u00f9 il mio volto, voi tutti tra i quali sono passato annunciando il Regno. Per questo attesto solennemente oggi, davanti a voi, che io sono innocente del sangue di tutti, perch\u00e9 non mi sono sottratto al dovere di annunciarvi tutta la volont\u00e0 di Dio\u00bb.<\/p>\n<p><strong>SALMO RESPONSABILE<\/strong><em> (Sal 67)<\/em><br \/>\n<strong>Rit. Regni della terra, cantate a Dio.<\/strong><\/p>\n<p>Pioggia abbondante hai riversato, o Dio,<br \/>\nla tua esausta eredit\u00e0 tu hai consolidato<br \/>\ne in essa ha abitato il tuo popolo,<br \/>\nin quella che, nella tua bont\u00e0,<br \/>\nhai reso sicura per il povero, o Dio.<\/p>\n<p>Di giorno in giorno benedetto il Signore:<br \/>\na noi Dio porta la salvezza.<br \/>\nIl nostro Dio \u00e8 un Dio che salva;<br \/>\nal Signore Dio appartengono le porte della morte.<\/p>\n<p><strong>Canto al Vangelo<\/strong><em> (Gv 14,16)<\/em><br \/>\nAlleluia, alleluia.<br \/>\nIo pregher\u00f2 il Padre ed egli vi dar\u00e0 un altro Par\u00e0clito<br \/>\nperch\u00e9 rimanga con voi per sempre.<br \/>\nAlleluia.<\/p>\n<p><strong>VANGELO<\/strong><em> (Gv 17,1-11)<\/em><br \/>\n<em>Padre, glorifica il Figlio tuo.<\/em><\/p>\n<p>In quel tempo, Ges\u00f9, alz\u00e0ti gli occhi al cielo, disse:<br \/>\n\u00abPadre, \u00e8 venuta l\u2019ora: glorifica il Figlio tuo perch\u00e9 il Figlio glorifichi te. Tu gli hai dato potere su ogni essere umano, perch\u00e9 egli dia la vita eterna a tutti coloro che gli hai dato.<br \/>\nQuesta \u00e8 la vita eterna: che conoscano te, l\u2019unico vero Dio, e colui che hai mandato, Ges\u00f9 Cristo. Io ti ho glorificato sulla terra, compiendo l\u2019opera che mi hai dato da fare. E ora, Padre, glorificami davanti a te con quella gloria che io avevo presso di te prima che il mondo fosse.<br \/>\nHo manifestato il tuo nome agli uomini che mi hai dato dal mondo. Erano tuoi e li hai dati a me, ed essi hanno osservato la tua parola. Ora essi sanno che tutte le cose che mi hai dato vengono da te, perch\u00e9 le parole che hai dato a me io le ho date a loro. Essi le hanno accolte e sanno veramente che sono uscito da te e hanno creduto che tu mi hai mandato.<br \/>\nIo prego per loro; non prego per il mondo, ma per coloro che tu mi hai dato, perch\u00e9 sono tuoi. Tutte le cose mie sono tue, e le tue sono mie, e io sono glorificato in loro. Io non sono pi\u00f9 nel mondo; essi invece sono nel mondo, e io vengo a te\u00bb.[\/vc_column_text][\/vc_column][\/vc_row]<\/p>\n<\/div>","protected":false},"excerpt":{"rendered":"<p>[vc_row][vc_column][vc_column_text] Omelia Pubblichiamo l\u2019audio di\u00a0un\u2019omelia sulle letture di marted\u00ec 15 maggio 2018. Predicatore:\u00a0p. Giorgio Maria Far\u00e9, OCD [\/vc_column_text][vc_column_text] Ascolta la&#8230;<\/p>\n","protected":false},"author":4,"featured_media":8090,"comment_status":"closed","ping_status":"closed","sticky":false,"template":"","format":"standard","meta":{"footnotes":""},"categories":[15],"tags":[513,634,1147,5049,6132,1039,6135,6131,4590,4451,16,17,6133,79,6134,1353,2072,2269,487,236],"class_list":{"0":"post-8079","1":"post","2":"type-post","3":"status-publish","4":"format-standard","5":"has-post-thumbnail","7":"category-omelie","8":"tag-anima","9":"tag-catechismo","10":"tag-conoscenza-di-dio","11":"tag-conoscere-dio","12":"tag-effervescenza-spirituale","13":"tag-gusto-spirituale","14":"tag-insegnamento-dei-padri","15":"tag-interessi-mondani","16":"tag-magistero","17":"tag-magistero-della-chiesa","18":"tag-omelie","19":"tag-p-giorgio-maria-fare","20":"tag-pietas","21":"tag-preghiera","22":"tag-riti","23":"tag-salvezza-dellanima","24":"tag-scrittura","25":"tag-sentimentalismo","26":"tag-tradizione","27":"tag-vita-eterna"},"yoast_head":"<!-- This site is optimized with the Yoast SEO plugin v27.5 - https:\/\/yoast.com\/product\/yoast-seo-wordpress\/ -->\n<title>&quot;Questa \u00e8 la vita eterna: che conoscano te, l\u2019unico vero Dio, e colui che hai mandato, Ges\u00f9 Cristo&quot; - Veritatemincaritate<\/title>\n<meta name=\"robots\" content=\"index, follow, max-snippet:-1, max-image-preview:large, max-video-preview:-1\" \/>\n<link rel=\"canonical\" href=\"https:\/\/www.veritatemincaritate.com\/wp\/2018\/05\/questa-e-la-vita-eterna-che-conoscano-te-lunico-vero-dio-e-colui-che-hai-mandato-gesu-cristo\/\" \/>\n<meta property=\"og:locale\" content=\"it_IT\" \/>\n<meta property=\"og:type\" content=\"article\" \/>\n<meta property=\"og:title\" content=\"&quot;Questa \u00e8 la vita eterna: che conoscano te, l\u2019unico vero Dio, e colui che hai mandato, Ges\u00f9 Cristo&quot; - Veritatemincaritate\" \/>\n<meta property=\"og:description\" content=\"[vc_row][vc_column][vc_column_text] Omelia Pubblichiamo l\u2019audio di\u00a0un\u2019omelia sulle letture di marted\u00ec 15 maggio 2018. Predicatore:\u00a0p. Giorgio Maria Far\u00e9, OCD [\/vc_column_text][vc_column_text] Ascolta la...\" \/>\n<meta property=\"og:url\" content=\"https:\/\/www.veritatemincaritate.com\/wp\/2018\/05\/questa-e-la-vita-eterna-che-conoscano-te-lunico-vero-dio-e-colui-che-hai-mandato-gesu-cristo\/\" \/>\n<meta property=\"og:site_name\" content=\"Veritatemincaritate\" \/>\n<meta property=\"article:publisher\" content=\"https:\/\/www.facebook.com\/pgiorgiomariafare\" \/>\n<meta property=\"article:published_time\" content=\"2018-05-15T06:36:25+00:00\" \/>\n<meta property=\"og:image\" content=\"https:\/\/www.veritatemincaritate.com\/wp\/wp-content\/uploads\/2018\/05\/Gesu3.jpg\" \/>\n\t<meta property=\"og:image:width\" content=\"600\" \/>\n\t<meta property=\"og:image:height\" content=\"400\" \/>\n\t<meta property=\"og:image:type\" content=\"image\/jpeg\" \/>\n<meta name=\"author\" content=\"Is551011\" \/>\n<meta name=\"twitter:card\" content=\"summary_large_image\" \/>\n<meta name=\"twitter:label1\" content=\"Scritto da\" \/>\n\t<meta name=\"twitter:data1\" content=\"Is551011\" \/>\n\t<meta name=\"twitter:label2\" content=\"Tempo di lettura stimato\" \/>\n\t<meta name=\"twitter:data2\" content=\"4 minuti\" \/>\n<script type=\"application\/ld+json\" class=\"yoast-schema-graph\">{\"@context\":\"https:\\\/\\\/schema.org\",\"@graph\":[{\"@type\":\"Article\",\"@id\":\"https:\\\/\\\/www.veritatemincaritate.com\\\/wp\\\/2018\\\/05\\\/questa-e-la-vita-eterna-che-conoscano-te-lunico-vero-dio-e-colui-che-hai-mandato-gesu-cristo\\\/#article\",\"isPartOf\":{\"@id\":\"https:\\\/\\\/www.veritatemincaritate.com\\\/wp\\\/2018\\\/05\\\/questa-e-la-vita-eterna-che-conoscano-te-lunico-vero-dio-e-colui-che-hai-mandato-gesu-cristo\\\/\"},\"author\":{\"name\":\"Is551011\",\"@id\":\"https:\\\/\\\/www.veritatemincaritate.com\\\/wp\\\/#\\\/schema\\\/person\\\/ae324896700d097ddc6db39f45894b80\"},\"headline\":\"&#8220;Questa \u00e8 la vita eterna: che conoscano te, l\u2019unico vero Dio, e colui che hai mandato, Ges\u00f9 Cristo&#8221;\",\"datePublished\":\"2018-05-15T06:36:25+00:00\",\"mainEntityOfPage\":{\"@id\":\"https:\\\/\\\/www.veritatemincaritate.com\\\/wp\\\/2018\\\/05\\\/questa-e-la-vita-eterna-che-conoscano-te-lunico-vero-dio-e-colui-che-hai-mandato-gesu-cristo\\\/\"},\"wordCount\":851,\"publisher\":{\"@id\":\"https:\\\/\\\/www.veritatemincaritate.com\\\/wp\\\/#organization\"},\"image\":{\"@id\":\"https:\\\/\\\/www.veritatemincaritate.com\\\/wp\\\/2018\\\/05\\\/questa-e-la-vita-eterna-che-conoscano-te-lunico-vero-dio-e-colui-che-hai-mandato-gesu-cristo\\\/#primaryimage\"},\"thumbnailUrl\":\"https:\\\/\\\/www.veritatemincaritate.com\\\/wp\\\/wp-content\\\/uploads\\\/2018\\\/05\\\/Gesu3.jpg\",\"keywords\":[\"Anima\",\"Catechismo\",\"conoscenza di Dio\",\"conoscere Dio\",\"effervescenza spirituale\",\"Gusto spirituale\",\"insegnamento dei padri\",\"interessi mondani\",\"magistero\",\"magistero della Chiesa\",\"omelie\",\"p. Giorgio Maria Far\u00e9\",\"pietas\",\"preghiera\",\"riti\",\"salvezza dell\u2019anima\",\"Scrittura\",\"sentimentalismo\",\"tradizione\",\"vita eterna\"],\"articleSection\":[\"Omelie\"],\"inLanguage\":\"it-IT\"},{\"@type\":\"WebPage\",\"@id\":\"https:\\\/\\\/www.veritatemincaritate.com\\\/wp\\\/2018\\\/05\\\/questa-e-la-vita-eterna-che-conoscano-te-lunico-vero-dio-e-colui-che-hai-mandato-gesu-cristo\\\/\",\"url\":\"https:\\\/\\\/www.veritatemincaritate.com\\\/wp\\\/2018\\\/05\\\/questa-e-la-vita-eterna-che-conoscano-te-lunico-vero-dio-e-colui-che-hai-mandato-gesu-cristo\\\/\",\"name\":\"\\\"Questa \u00e8 la vita eterna: che conoscano te, l\u2019unico vero Dio, e colui che hai mandato, Ges\u00f9 Cristo\\\" - Veritatemincaritate\",\"isPartOf\":{\"@id\":\"https:\\\/\\\/www.veritatemincaritate.com\\\/wp\\\/#website\"},\"primaryImageOfPage\":{\"@id\":\"https:\\\/\\\/www.veritatemincaritate.com\\\/wp\\\/2018\\\/05\\\/questa-e-la-vita-eterna-che-conoscano-te-lunico-vero-dio-e-colui-che-hai-mandato-gesu-cristo\\\/#primaryimage\"},\"image\":{\"@id\":\"https:\\\/\\\/www.veritatemincaritate.com\\\/wp\\\/2018\\\/05\\\/questa-e-la-vita-eterna-che-conoscano-te-lunico-vero-dio-e-colui-che-hai-mandato-gesu-cristo\\\/#primaryimage\"},\"thumbnailUrl\":\"https:\\\/\\\/www.veritatemincaritate.com\\\/wp\\\/wp-content\\\/uploads\\\/2018\\\/05\\\/Gesu3.jpg\",\"datePublished\":\"2018-05-15T06:36:25+00:00\",\"breadcrumb\":{\"@id\":\"https:\\\/\\\/www.veritatemincaritate.com\\\/wp\\\/2018\\\/05\\\/questa-e-la-vita-eterna-che-conoscano-te-lunico-vero-dio-e-colui-che-hai-mandato-gesu-cristo\\\/#breadcrumb\"},\"inLanguage\":\"it-IT\",\"potentialAction\":[{\"@type\":\"ReadAction\",\"target\":[\"https:\\\/\\\/www.veritatemincaritate.com\\\/wp\\\/2018\\\/05\\\/questa-e-la-vita-eterna-che-conoscano-te-lunico-vero-dio-e-colui-che-hai-mandato-gesu-cristo\\\/\"]}]},{\"@type\":\"ImageObject\",\"inLanguage\":\"it-IT\",\"@id\":\"https:\\\/\\\/www.veritatemincaritate.com\\\/wp\\\/2018\\\/05\\\/questa-e-la-vita-eterna-che-conoscano-te-lunico-vero-dio-e-colui-che-hai-mandato-gesu-cristo\\\/#primaryimage\",\"url\":\"https:\\\/\\\/www.veritatemincaritate.com\\\/wp\\\/wp-content\\\/uploads\\\/2018\\\/05\\\/Gesu3.jpg\",\"contentUrl\":\"https:\\\/\\\/www.veritatemincaritate.com\\\/wp\\\/wp-content\\\/uploads\\\/2018\\\/05\\\/Gesu3.jpg\",\"width\":600,\"height\":400},{\"@type\":\"BreadcrumbList\",\"@id\":\"https:\\\/\\\/www.veritatemincaritate.com\\\/wp\\\/2018\\\/05\\\/questa-e-la-vita-eterna-che-conoscano-te-lunico-vero-dio-e-colui-che-hai-mandato-gesu-cristo\\\/#breadcrumb\",\"itemListElement\":[{\"@type\":\"ListItem\",\"position\":1,\"name\":\"Home\",\"item\":\"https:\\\/\\\/www.veritatemincaritate.com\\\/wp\\\/\"},{\"@type\":\"ListItem\",\"position\":2,\"name\":\"&#8220;Questa \u00e8 la vita eterna: che conoscano te, l\u2019unico vero Dio, e colui che hai mandato, Ges\u00f9 Cristo&#8221;\"}]},{\"@type\":\"WebSite\",\"@id\":\"https:\\\/\\\/www.veritatemincaritate.com\\\/wp\\\/#website\",\"url\":\"https:\\\/\\\/www.veritatemincaritate.com\\\/wp\\\/\",\"name\":\"Veritatemincaritate\",\"description\":\"Agendo secondo verit\u00e0 nella carit\u00e0, cerchiamo di crescere in ogni cosa tendendo a lui, che \u00e8 il capo, Cristo\",\"publisher\":{\"@id\":\"https:\\\/\\\/www.veritatemincaritate.com\\\/wp\\\/#organization\"},\"potentialAction\":[{\"@type\":\"SearchAction\",\"target\":{\"@type\":\"EntryPoint\",\"urlTemplate\":\"https:\\\/\\\/www.veritatemincaritate.com\\\/wp\\\/?s={search_term_string}\"},\"query-input\":{\"@type\":\"PropertyValueSpecification\",\"valueRequired\":true,\"valueName\":\"search_term_string\"}}],\"inLanguage\":\"it-IT\"},{\"@type\":\"Organization\",\"@id\":\"https:\\\/\\\/www.veritatemincaritate.com\\\/wp\\\/#organization\",\"name\":\"Veritatem facientes in Caritate\",\"url\":\"https:\\\/\\\/www.veritatemincaritate.com\\\/wp\\\/\",\"logo\":{\"@type\":\"ImageObject\",\"inLanguage\":\"it-IT\",\"@id\":\"https:\\\/\\\/www.veritatemincaritate.com\\\/wp\\\/#\\\/schema\\\/logo\\\/image\\\/\",\"url\":\"https:\\\/\\\/www.veritatemincaritate.com\\\/wp\\\/wp-content\\\/uploads\\\/2020\\\/07\\\/Logo-VIC-per-canale-Youtube.jpg\",\"contentUrl\":\"https:\\\/\\\/www.veritatemincaritate.com\\\/wp\\\/wp-content\\\/uploads\\\/2020\\\/07\\\/Logo-VIC-per-canale-Youtube.jpg\",\"width\":720,\"height\":720,\"caption\":\"Veritatem facientes in Caritate\"},\"image\":{\"@id\":\"https:\\\/\\\/www.veritatemincaritate.com\\\/wp\\\/#\\\/schema\\\/logo\\\/image\\\/\"},\"sameAs\":[\"https:\\\/\\\/www.facebook.com\\\/pgiorgiomariafare\",\"https:\\\/\\\/instagram.com\\\/padre_giorgio_maria_fare?igshid=1p8wsw6b3edkc\",\"https:\\\/\\\/www.youtube.com\\\/channel\\\/UCFqjpT1nX60rx3m_SELg3lA\"]},{\"@type\":\"Person\",\"@id\":\"https:\\\/\\\/www.veritatemincaritate.com\\\/wp\\\/#\\\/schema\\\/person\\\/ae324896700d097ddc6db39f45894b80\",\"name\":\"Is551011\",\"image\":{\"@type\":\"ImageObject\",\"inLanguage\":\"it-IT\",\"@id\":\"https:\\\/\\\/secure.gravatar.com\\\/avatar\\\/c031fff76d6f121d3530ae43ac8407bd6ac4d5c3c8a89c237d6990047f9a6307?s=96&d=mm&r=g\",\"url\":\"https:\\\/\\\/secure.gravatar.com\\\/avatar\\\/c031fff76d6f121d3530ae43ac8407bd6ac4d5c3c8a89c237d6990047f9a6307?s=96&d=mm&r=g\",\"contentUrl\":\"https:\\\/\\\/secure.gravatar.com\\\/avatar\\\/c031fff76d6f121d3530ae43ac8407bd6ac4d5c3c8a89c237d6990047f9a6307?s=96&d=mm&r=g\",\"caption\":\"Is551011\"}}]}<\/script>\n<!-- \/ Yoast SEO plugin. -->","yoast_head_json":{"title":"\"Questa \u00e8 la vita eterna: che conoscano te, l\u2019unico vero Dio, e colui che hai mandato, Ges\u00f9 Cristo\" - Veritatemincaritate","robots":{"index":"index","follow":"follow","max-snippet":"max-snippet:-1","max-image-preview":"max-image-preview:large","max-video-preview":"max-video-preview:-1"},"canonical":"https:\/\/www.veritatemincaritate.com\/wp\/2018\/05\/questa-e-la-vita-eterna-che-conoscano-te-lunico-vero-dio-e-colui-che-hai-mandato-gesu-cristo\/","og_locale":"it_IT","og_type":"article","og_title":"\"Questa \u00e8 la vita eterna: che conoscano te, l\u2019unico vero Dio, e colui che hai mandato, Ges\u00f9 Cristo\" - Veritatemincaritate","og_description":"[vc_row][vc_column][vc_column_text] Omelia Pubblichiamo l\u2019audio di\u00a0un\u2019omelia sulle letture di marted\u00ec 15 maggio 2018. Predicatore:\u00a0p. Giorgio Maria Far\u00e9, OCD [\/vc_column_text][vc_column_text] Ascolta la...","og_url":"https:\/\/www.veritatemincaritate.com\/wp\/2018\/05\/questa-e-la-vita-eterna-che-conoscano-te-lunico-vero-dio-e-colui-che-hai-mandato-gesu-cristo\/","og_site_name":"Veritatemincaritate","article_publisher":"https:\/\/www.facebook.com\/pgiorgiomariafare","article_published_time":"2018-05-15T06:36:25+00:00","og_image":[{"width":600,"height":400,"url":"https:\/\/www.veritatemincaritate.com\/wp\/wp-content\/uploads\/2018\/05\/Gesu3.jpg","type":"image\/jpeg"}],"author":"Is551011","twitter_card":"summary_large_image","twitter_misc":{"Scritto da":"Is551011","Tempo di lettura stimato":"4 minuti"},"schema":{"@context":"https:\/\/schema.org","@graph":[{"@type":"Article","@id":"https:\/\/www.veritatemincaritate.com\/wp\/2018\/05\/questa-e-la-vita-eterna-che-conoscano-te-lunico-vero-dio-e-colui-che-hai-mandato-gesu-cristo\/#article","isPartOf":{"@id":"https:\/\/www.veritatemincaritate.com\/wp\/2018\/05\/questa-e-la-vita-eterna-che-conoscano-te-lunico-vero-dio-e-colui-che-hai-mandato-gesu-cristo\/"},"author":{"name":"Is551011","@id":"https:\/\/www.veritatemincaritate.com\/wp\/#\/schema\/person\/ae324896700d097ddc6db39f45894b80"},"headline":"&#8220;Questa \u00e8 la vita eterna: che conoscano te, l\u2019unico vero Dio, e colui che hai mandato, Ges\u00f9 Cristo&#8221;","datePublished":"2018-05-15T06:36:25+00:00","mainEntityOfPage":{"@id":"https:\/\/www.veritatemincaritate.com\/wp\/2018\/05\/questa-e-la-vita-eterna-che-conoscano-te-lunico-vero-dio-e-colui-che-hai-mandato-gesu-cristo\/"},"wordCount":851,"publisher":{"@id":"https:\/\/www.veritatemincaritate.com\/wp\/#organization"},"image":{"@id":"https:\/\/www.veritatemincaritate.com\/wp\/2018\/05\/questa-e-la-vita-eterna-che-conoscano-te-lunico-vero-dio-e-colui-che-hai-mandato-gesu-cristo\/#primaryimage"},"thumbnailUrl":"https:\/\/www.veritatemincaritate.com\/wp\/wp-content\/uploads\/2018\/05\/Gesu3.jpg","keywords":["Anima","Catechismo","conoscenza di Dio","conoscere Dio","effervescenza spirituale","Gusto spirituale","insegnamento dei padri","interessi mondani","magistero","magistero della Chiesa","omelie","p. Giorgio Maria Far\u00e9","pietas","preghiera","riti","salvezza dell\u2019anima","Scrittura","sentimentalismo","tradizione","vita eterna"],"articleSection":["Omelie"],"inLanguage":"it-IT"},{"@type":"WebPage","@id":"https:\/\/www.veritatemincaritate.com\/wp\/2018\/05\/questa-e-la-vita-eterna-che-conoscano-te-lunico-vero-dio-e-colui-che-hai-mandato-gesu-cristo\/","url":"https:\/\/www.veritatemincaritate.com\/wp\/2018\/05\/questa-e-la-vita-eterna-che-conoscano-te-lunico-vero-dio-e-colui-che-hai-mandato-gesu-cristo\/","name":"\"Questa \u00e8 la vita eterna: che conoscano te, l\u2019unico vero Dio, e colui che hai mandato, Ges\u00f9 Cristo\" - Veritatemincaritate","isPartOf":{"@id":"https:\/\/www.veritatemincaritate.com\/wp\/#website"},"primaryImageOfPage":{"@id":"https:\/\/www.veritatemincaritate.com\/wp\/2018\/05\/questa-e-la-vita-eterna-che-conoscano-te-lunico-vero-dio-e-colui-che-hai-mandato-gesu-cristo\/#primaryimage"},"image":{"@id":"https:\/\/www.veritatemincaritate.com\/wp\/2018\/05\/questa-e-la-vita-eterna-che-conoscano-te-lunico-vero-dio-e-colui-che-hai-mandato-gesu-cristo\/#primaryimage"},"thumbnailUrl":"https:\/\/www.veritatemincaritate.com\/wp\/wp-content\/uploads\/2018\/05\/Gesu3.jpg","datePublished":"2018-05-15T06:36:25+00:00","breadcrumb":{"@id":"https:\/\/www.veritatemincaritate.com\/wp\/2018\/05\/questa-e-la-vita-eterna-che-conoscano-te-lunico-vero-dio-e-colui-che-hai-mandato-gesu-cristo\/#breadcrumb"},"inLanguage":"it-IT","potentialAction":[{"@type":"ReadAction","target":["https:\/\/www.veritatemincaritate.com\/wp\/2018\/05\/questa-e-la-vita-eterna-che-conoscano-te-lunico-vero-dio-e-colui-che-hai-mandato-gesu-cristo\/"]}]},{"@type":"ImageObject","inLanguage":"it-IT","@id":"https:\/\/www.veritatemincaritate.com\/wp\/2018\/05\/questa-e-la-vita-eterna-che-conoscano-te-lunico-vero-dio-e-colui-che-hai-mandato-gesu-cristo\/#primaryimage","url":"https:\/\/www.veritatemincaritate.com\/wp\/wp-content\/uploads\/2018\/05\/Gesu3.jpg","contentUrl":"https:\/\/www.veritatemincaritate.com\/wp\/wp-content\/uploads\/2018\/05\/Gesu3.jpg","width":600,"height":400},{"@type":"BreadcrumbList","@id":"https:\/\/www.veritatemincaritate.com\/wp\/2018\/05\/questa-e-la-vita-eterna-che-conoscano-te-lunico-vero-dio-e-colui-che-hai-mandato-gesu-cristo\/#breadcrumb","itemListElement":[{"@type":"ListItem","position":1,"name":"Home","item":"https:\/\/www.veritatemincaritate.com\/wp\/"},{"@type":"ListItem","position":2,"name":"&#8220;Questa \u00e8 la vita eterna: che conoscano te, l\u2019unico vero Dio, e colui che hai mandato, Ges\u00f9 Cristo&#8221;"}]},{"@type":"WebSite","@id":"https:\/\/www.veritatemincaritate.com\/wp\/#website","url":"https:\/\/www.veritatemincaritate.com\/wp\/","name":"Veritatemincaritate","description":"Agendo secondo verit\u00e0 nella carit\u00e0, cerchiamo di crescere in ogni cosa tendendo a lui, che \u00e8 il capo, Cristo","publisher":{"@id":"https:\/\/www.veritatemincaritate.com\/wp\/#organization"},"potentialAction":[{"@type":"SearchAction","target":{"@type":"EntryPoint","urlTemplate":"https:\/\/www.veritatemincaritate.com\/wp\/?s={search_term_string}"},"query-input":{"@type":"PropertyValueSpecification","valueRequired":true,"valueName":"search_term_string"}}],"inLanguage":"it-IT"},{"@type":"Organization","@id":"https:\/\/www.veritatemincaritate.com\/wp\/#organization","name":"Veritatem facientes in Caritate","url":"https:\/\/www.veritatemincaritate.com\/wp\/","logo":{"@type":"ImageObject","inLanguage":"it-IT","@id":"https:\/\/www.veritatemincaritate.com\/wp\/#\/schema\/logo\/image\/","url":"https:\/\/www.veritatemincaritate.com\/wp\/wp-content\/uploads\/2020\/07\/Logo-VIC-per-canale-Youtube.jpg","contentUrl":"https:\/\/www.veritatemincaritate.com\/wp\/wp-content\/uploads\/2020\/07\/Logo-VIC-per-canale-Youtube.jpg","width":720,"height":720,"caption":"Veritatem facientes in Caritate"},"image":{"@id":"https:\/\/www.veritatemincaritate.com\/wp\/#\/schema\/logo\/image\/"},"sameAs":["https:\/\/www.facebook.com\/pgiorgiomariafare","https:\/\/instagram.com\/padre_giorgio_maria_fare?igshid=1p8wsw6b3edkc","https:\/\/www.youtube.com\/channel\/UCFqjpT1nX60rx3m_SELg3lA"]},{"@type":"Person","@id":"https:\/\/www.veritatemincaritate.com\/wp\/#\/schema\/person\/ae324896700d097ddc6db39f45894b80","name":"Is551011","image":{"@type":"ImageObject","inLanguage":"it-IT","@id":"https:\/\/secure.gravatar.com\/avatar\/c031fff76d6f121d3530ae43ac8407bd6ac4d5c3c8a89c237d6990047f9a6307?s=96&d=mm&r=g","url":"https:\/\/secure.gravatar.com\/avatar\/c031fff76d6f121d3530ae43ac8407bd6ac4d5c3c8a89c237d6990047f9a6307?s=96&d=mm&r=g","contentUrl":"https:\/\/secure.gravatar.com\/avatar\/c031fff76d6f121d3530ae43ac8407bd6ac4d5c3c8a89c237d6990047f9a6307?s=96&d=mm&r=g","caption":"Is551011"}}]}},"menu_order":0,"_links":{"self":[{"href":"https:\/\/www.veritatemincaritate.com\/wp\/wp-json\/wp\/v2\/posts\/8079","targetHints":{"allow":["GET"]}}],"collection":[{"href":"https:\/\/www.veritatemincaritate.com\/wp\/wp-json\/wp\/v2\/posts"}],"about":[{"href":"https:\/\/www.veritatemincaritate.com\/wp\/wp-json\/wp\/v2\/types\/post"}],"author":[{"embeddable":true,"href":"https:\/\/www.veritatemincaritate.com\/wp\/wp-json\/wp\/v2\/users\/4"}],"replies":[{"embeddable":true,"href":"https:\/\/www.veritatemincaritate.com\/wp\/wp-json\/wp\/v2\/comments?post=8079"}],"version-history":[{"count":0,"href":"https:\/\/www.veritatemincaritate.com\/wp\/wp-json\/wp\/v2\/posts\/8079\/revisions"}],"wp:featuredmedia":[{"embeddable":true,"href":"https:\/\/www.veritatemincaritate.com\/wp\/wp-json\/wp\/v2\/media\/8090"}],"wp:attachment":[{"href":"https:\/\/www.veritatemincaritate.com\/wp\/wp-json\/wp\/v2\/media?parent=8079"}],"wp:term":[{"taxonomy":"category","embeddable":true,"href":"https:\/\/www.veritatemincaritate.com\/wp\/wp-json\/wp\/v2\/categories?post=8079"},{"taxonomy":"post_tag","embeddable":true,"href":"https:\/\/www.veritatemincaritate.com\/wp\/wp-json\/wp\/v2\/tags?post=8079"}],"curies":[{"name":"wp","href":"https:\/\/api.w.org\/{rel}","templated":true}]}}