{"id":821,"date":"2015-11-03T08:58:34","date_gmt":"2015-11-03T07:58:34","guid":{"rendered":"http:\/\/www.veritatemincaritate.com\/?p=821"},"modified":"2021-07-27T16:33:55","modified_gmt":"2021-07-27T14:33:55","slug":"ascoltare-gli-inviti-del-signore","status":"publish","type":"post","link":"https:\/\/www.veritatemincaritate.com\/wp\/2015\/11\/ascoltare-gli-inviti-del-signore\/","title":{"rendered":"Ascoltare gli inviti del Signore"},"content":{"rendered":"<div class=\"wpb-content-wrapper\"><p>[vc_row][vc_column][vc_column_text]<\/p>\n<h3>Omelia\u00a0sulle letture del giorno<\/h3>\n<p>Pubblichiamo l&#8217;audio di un&#8217;omelia sulle letture di marted\u00ec 3 novembre 2015.<\/p>\n<p>Predicatore:\u00a0p. Giorgio Maria Far\u00e9, OCD[\/vc_column_text][vc_column_text]<\/p>\n<h4>Ascolta la registrazione:<\/h4>\n<p>Per motivi di intenso traffico non ci \u00e8 possibile rendere disponibile l&#8217;ascolto dei file audio direttamente dal nostro sito. Se hai dubbi su come fare, vai alle <a href=\"http:\/\/www.veritatemincaritate.com\/chi-siamo\/istruzioni-per-lascolto-delle-registrazioni\/\" target=\"_blank\" rel=\"noopener noreferrer\">istruzioni per l&#8217;ascolto delle registrazioni<\/a>.[\/vc_column_text][\/vc_column][\/vc_row][vc_row][vc_column][vc_row_inner][vc_column_inner width=&#8221;1\/2&#8243;][vc_column_text]<style type=\"text\/css\">.thegem-button-69f58ad27378a5588 .gem-button {font-size: 14px;}.thegem-button-69f58ad27378a5588 .gem-button-text {font-size: 14px;}.thegem-button-69f58ad27378a5588 .gem-button svg {fill: #FFFFFF;}<\/style><div class=\"gem-button-container gem-button-position-inline thegem-button-69f58ad27378a5588    \"  ><a class=\"gem-button gem-button-size-small gem-button-style-flat gem-button-text-weight-normal\" data-ll-effect=\"drop-right-without-wrap\" style=\"border-radius: 3px;background-color: #FF5C00;color: #FFFFFF;\" onmouseleave=\"this.style.backgroundColor='#FF5C00';this.style.color='#FFFFFF';\" onmouseenter=\"\" href=\"https:\/\/www.dropbox.com\/s\/7n0nbu92rc3pft7\/151103-Omelia-Inviti_del_Signore.m4a?dl=1\" target=\"_self\">Scarica la registrazione<\/a><\/div> [\/vc_column_text][\/vc_column_inner][vc_column_inner width=&#8221;1\/2&#8243;][vc_column_text]<style type=\"text\/css\">.thegem-button-69f58ad27392d4652 .gem-button {font-size: 14px;}.thegem-button-69f58ad27392d4652 .gem-button-text {font-size: 14px;}.thegem-button-69f58ad27392d4652 .gem-button svg {fill: #FFFFFF;}<\/style><div class=\"gem-button-container gem-button-position-inline thegem-button-69f58ad27392d4652    \"  ><a class=\"gem-button gem-button-size-small gem-button-style-flat gem-button-text-weight-normal\" data-ll-effect=\"drop-right-without-wrap\" style=\"border-radius: 3px;background-color: #FF5C00;color: #FFFFFF;\" onmouseleave=\"this.style.backgroundColor='#FF5C00';this.style.color='#FFFFFF';\" onmouseenter=\"\" href=\"https:\/\/www.dropbox.com\/s\/7n0nbu92rc3pft7\/151103-Omelia-Inviti_del_Signore.m4a?dl=0\" target=\"_self\">Ascolta la registrazione<\/a><\/div> [\/vc_column_text][\/vc_column_inner][\/vc_row_inner][\/vc_column][\/vc_row][vc_row][vc_column][vc_separator color=&#8221;orange&#8221;][\/vc_column][\/vc_row][vc_row][vc_column][vc_column_text]<\/p>\n<h2>Approfondimenti<\/h2>\n<p>[\/vc_column_text][vc_cta h2=&#8221;Il Castello interiore&#8221; h4=&#8221;di S. Teresa di Ges\u00f9, Dottore della Chiesa&#8221; shape=&#8221;square&#8221; add_button=&#8221;bottom&#8221; btn_title=&#8221;Leggi online&#8221; btn_style=&#8221;flat&#8221; btn_color=&#8221;orange&#8221; btn_link=&#8221;url:http%3A%2F%2Fwww.monasterovirtuale.it%2Fi-dottori-della-chiesa%2Fs.-teresa-d-avila-il-castello-interiore.html|title:Leggi%20online|target:%20_blank&#8221;][\/vc_cta][vc_separator color=&#8221;orange&#8221;][vc_column_text]<\/p>\n<h2>Testo della meditazione<\/h2>\n<p>[\/vc_column_text][vc_column_text]<\/p>\n<h2><a href=\"https:\/\/www.veritatemincaritate.com\/wp\/wp-content\/uploads\/2021\/07\/151103-Omelia-del-3-novembre-2015.pdf\" target=\"_blank\" rel=\"noopener\">Scarica il testo della meditazione<\/a><\/h2>\n<h1>Ascoltare gli inviti del Signore<\/h1>\n<p>Sia lodato Ges\u00f9 Cristo!<\/p>\n<p>Sempre sia lodato!<\/p>\n<p>Ascoltando e meditando questo bellissimo testo del Vangelo di San Luca, che abbiamo adesso ascoltato, tratto dal capitolo XIV, mi \u00e8 riecheggiato nella mente, e mi riecheggia tuttora, uno scritto di Santa Teresa di Ges\u00f9: il <em>Castello interiore<\/em>. In questo scritto molto importante e molto famoso di Santa Teresa di Ges\u00f9, nelle Seconde Mansioni (ci sono varie Mansioni nel Castello, se non l\u2019avete mai letto, leggetelo perch\u00e9 \u00e8 un bel libro, un bel testo di meditazione e di approfondimento su s\u00e9 stessi e su Dio), lei fa proprio un\u2019analisi di questi inviti da parte del Signore, perch\u00e9 \u00e8 un po\u2019 difficile per noi capire.<\/p>\n<p>Non credo che noi abbiamo cinque paia di buoi, oppure che dobbiamo andare a vedere il campo che abbiamo appena comprato, perch\u00e9 non credo che ci capiti questa mattina di avere comprato un campo o di avere i buoi a casa da provare, magari abbiamo la moglie, per\u00f2 forse non ci siamo sposati oggi o ieri.<\/p>\n<p>Quindi ad ascoltare questo Vangelo uno dice: \u00abVabb\u00e8, ma io qui dentro non ci sono, allora non \u00e8 per me\u00bb, invece s\u00ec, \u00e8 per te, \u00e8 per tutti noi.<\/p>\n<ol>\n<li>Teresa dice che, coloro che hanno incominciato a fare orazione, quindi coloro che hanno incominciato a fare una vera meditazione, una vera preghiera, a stare alla presenza di Dio, \u00e8 importante che non rimangano nelle Prime Mansioni, quelle che Lei tratta prima, dove ci sono tutti gli animaletti, i serpenti e quelle bestie che distraggono, che trattengono dall\u2019entrata nel castello.<\/li>\n<\/ol>\n<p>Dice che \u00e8 importante non rimanere fuori ma, allo stesso tempo, queste persone non sanno come uscire da quelle difficolt\u00e0, come liberarsi da quegli animali che ci sono l\u00ec. Non vogliono rimanere fuori dal castello, vogliono entrare, ma non sanno come si fa.<\/p>\n<ol>\n<li>Teresa dice che la prima cosa importante da fare \u00e8 fuggire le occasioni del peccato.<\/li>\n<\/ol>\n<p>Vedete che nei Santi torna sempre questo tema: le occasioni del peccato.<\/p>\n<p>\u00ab<em>Le occasioni del peccato<\/em>\u00bb, lei dice, \u00ab<em>sono assai pericolose e, per la Misericordia di Dio, a queste persone riesce di sottrarsi a queste bestie velenose e di incominciare ad entrare nel castello<\/em>\u00bb, vuol dire che cominciano a sottrarsi alle occasioni di male, non al male stesso, ma alla possibilit\u00e0 di fare il male, cio\u00e8 sanno che, facendo quella cosa, non fanno direttamente il male, ma si mettono nell\u2019occasione di farlo.<\/p>\n<p>Lei dice: \u00ab<em>Queste persone, essendosi avvicinate all\u2019appartamento di Sua Maest\u00e0<\/em> (che \u00e8 il centro del castello), <em>sentono<\/em> (ecco il Vangelo di oggi) <em>gli inviti di Dio e capiscono di avere, nel centro del castello, cio\u00e8 nella loro anima, un buon amico, una buona compagnia, un buon vicinante<\/em>\u00bb. Di fatto, sentono gli inviti, ma rimangono ancora ingolfate. In che cosa? (Ecco il Vangelo di oggi\u2026) \u00ab<em>Negli affari, nei passatempi, nei piaceri, nelle distrazioni mondane<\/em>\u00bb, dice Santa Teresa, \u00ab<em>tutte cose, che sono bestie tanto velenose, pericolose e insidiose, in mezzo alla quali \u00e8 molto difficile non inciampare e non cadere<\/em>\u00bb, cio\u00e8 cadiamo e ricadiamo nei soliti nostri peccati.<\/p>\n<p>\u00ab<em>Eppure<\/em> (sentite che speranza che ci d\u00e0\u2026), <em>questo nostro Signore vede tanto volentieri<\/em>\u00bb, lei scrive, \u00ab<em>che noi Lo amiamo<\/em>\u00bb, cio\u00e8 Ges\u00f9 \u00e8 contento di vedere che noi Gli vogliamo bene, anche se ancora siamo ingolfati; Lui vede la nostra intenzione di amarLo e che noi cerchiamo la Sua compagnia, perch\u00e9, nonostante le catene, i peccati, le cadute, le ricadute, Lui vede che noi vogliamo stare con Lui e apprezza tantissimo questa cosa.<\/p>\n<p>Infatti, Lei dice: \u00ab<em>Il Signore non lascia di quando in quando di chiamarci perch\u00e9 andiamo da Lui. \u00c8 cos\u00ec dolce la Sua voce che la povera anima, vedendo di non sapere fare subito quello che Lui le chiede, si sente tutta distruggere dentro<\/em>\u00bb.<\/p>\n<p>\u00c8 un tormento per l\u2019anima, perch\u00e9 lei vorrebbe, ma non riesce, e sente la voce di Dio che la chiama, una voce dolcissima, che la chiama a stare con Lui, che la chiama a vivere per Lui, che la chiama a godere di Lui, che la chiama a darsi totalmente a Lui, ma Lei fa una fatica terribile e non ce la fa.<\/p>\n<p>Ma queste voci di inviti, che fa Dio, dove sono?<\/p>\n<p>In che modo Dio ci chiama e ci invita?<\/p>\n<p>Questo credo che sia una cosa importantissima\u2026<\/p>\n<p>\u00ab<em>Queste voci, questi inviti, non si odono come quelli di cui scriver\u00f2 pi\u00f9 avanti<\/em> (che sono le visioni, le locuzioni interiori e tutte queste cose), <em>ma si odono nelle parole di certe buone persone<\/em>\u00bb.<\/p>\n<p>\u00c8 per questo che \u00e8 importante avere accanto persone buone, persone che amano Dio, persone che seguono la Legge di Dio, perch\u00e9 attraverso loro il Signore ci parla.<\/p>\n<p>Anche nelle prediche: pensate a Sant\u2019Agostino con Sant\u2019Ambrogio\u2026 solo le prediche di Ambrogio riuscirono a convertire Agostino.<\/p>\n<p>Santa Teresa lo dir\u00e0 in altri punti: \u00ab<em>Quanto sono importanti le omelie! Un\u2019omelia detta da un sacerdote pieno di zelo per il Signore pu\u00f2 convertire le anime, perch\u00e9 il Signore usa quelle parole per toccare il cuore delle persone<\/em>\u00bb, e noi dovremmo scalare i monti e fare migliaia di chilometri pur di avere accanto un sacerdote, che nelle omelie ci parla bene di Dio, perch\u00e9 nelle prediche, se fatte bene, il Signore raggiunge le anime.<\/p>\n<p>\u00ab<em>Anche nelle buone letture, quindi nei libri di meditazione<\/em>\u00bb, dice lei, \u00ab<em>nelle prove, nelle malattie e in certe verit\u00e0 che Egli fa conoscere nei momenti che si consacrano all\u2019adorazione e sia pure svogliatamente<\/em>\u00bb.<\/p>\n<p>Quando noi preghiamo il Signore ci d\u00e0 delle luci incredibili, ci fa capire cose che non abbiamo mai capito prima, ci fa intuire cose che in vent\u2019anni non abbiamo mai intuito; quelle sono delle verit\u00e0 che non si dimenticano pi\u00f9 e sono verit\u00e0 che nascono dalla consacrazione di quel tempo all\u2019orazione.<\/p>\n<p>Anche se tu preghi svogliatamente\u2026 Tante volte si dice: \u00abNo, non ho voglia di pregare e non prego, perch\u00e9 a cosa serve pregare se non ho voglia?\u00bb<\/p>\n<p>Serve, eccome se serve, lo dice Santa Teresa. Anche se tu lo hai fatto svogliatamente, da Lui sono molto stimati questi momenti. Non conta quello che pensi tu, ma conta quello che pensa Dio; Dio lo stima moltissimo, questo tempo dato a Lui, e pu\u00f2 farti delle grazie incredibili.<\/p>\n<p>Lei dice: \u00ab<em>Guardatevi bene dal non fare il conto che ne merita questa grazia, n\u00e9 desolatevi per non sapergli subito rispondere<\/em>\u00bb, tenetela in importanza, ma non disperatevi se subito non riuscite ad essere quello che dovreste essere, \u00ab<em>perch\u00e9 Sua Maest\u00e0 sa aspettare anche per molti giorni e molti anni, quando vede perseveranza e buoni desideri, ma state attenti, perch\u00e9 la lotta dei demoni \u00e8 molto varia e terribile e l\u2019anima ne ha una pena assai pi\u00f9 grande che nelle Mansioni precedenti<\/em>\u00bb.<\/p>\n<p>In che cosa consiste questa lotta?<\/p>\n<p>Consiste in questo\u2026 \u00ab<em>I demoni mettono innanzi a noi tutti i beni e i piaceri del mondo, che sono le serpi di cui parlo, li fanno apparire quasi eterni, mostrano la stima in cui sono tenuti, suggeriscono il ricordo dei parenti e degli amici e, siccome in questa mansione si desidera fare un po\u2019 di penitenza, la mostrano come contraria alla salute e mille altre difficolt\u00e0<\/em>\u00bb.<\/p>\n<p>Ecco il campo, ecco i buoi, ecco questo e quello\u2026 per cui diciamo: \u00abScusami non posso\u2026 Scusami non vengo\u2026 Scusami non ce la faccio\u2026\u00bb<\/p>\n<p>I demoni ci mettono davanti tutte queste cose, soprattutto, a me verrebbe da dire, il ricordo dei parenti e degli amici, questo languore interiore, questa tenerezza interiore, questo dispiacere interiore, questa nostalgia interiore terribile e poi ci fanno apparire questi beni del mondo come qualcosa di eterno, come se tu fossi l\u00ec dentro per sempre.<\/p>\n<p>Il Signore ad un\u2019altra Mistica disse: \u00ab<em>Ricordati i trenta denari di Giuda sono i piaceri del mondo con i quali tu, quando li scegli, mi vendi ai miei nemici<\/em>\u00bb.<\/p>\n<p>Quindi dobbiamo domandare al Signore la grazia di saper godere di questa dolcezza della Sua voce, di sapere avere tanta fiducia in Lui e tanta speranza, di sapere che il Signore ci attende, ci accompagna, di sapere che il Signore ci spinge a seguirlo con verit\u00e0.<\/p>\n<p>Non lasciamoci prendere da inutili nostalgie, da questi languori interiori, da queste false tenerezze, da questa pseudo dolcezza, da questo: \u00abOh soffro\u2026 Oh mi dispiace\u2026\u00bb<\/p>\n<p>Tutto ci\u00f2 che ci separa da Dio, tutto ci\u00f2 che ci impedisce di stare con Dio, non viene da Dio ma dal diavolo, sono le serpi, anche se sono tramutate, vestite da angeli di luce. Noi dobbiamo rinnegarle!<\/p>\n<p>Prima c\u2019\u00e8 Dio e lo stare con Dio, poi c\u2019\u00e8 tutto il resto, cos\u00ec anche noi un giorno, anzi mi verrebbe da dire ogni giorno, possiamo entrare nel Suo Regno, e avere nell\u2019anima quella pace interiore che ti fa dire: \u00abS\u00ec, io oggi ho scelto di dire \u201cS\u00ec\u201d agli inviti del Signore\u00bb.<\/p>\n<p>Sia lodato Ges\u00f9 Cristo!<\/p>\n<p>Sempre sia Lodato!<\/p>\n<p>[\/vc_column_text][vc_column_text]<\/p>\n<h2>Letture del giorno<\/h2>\n<p>[\/vc_column_text][vc_column_text]<\/p>\n<h3>Prima lettura<\/h3>\n<p><em>Rm 12,5-16 &#8211; Siamo membra gli uni degli altri.<\/em><\/p>\n<p>Fratelli, noi, pur essendo molti, siamo un solo corpo in Cristo e, ciascuno per la sua parte, siamo membra gli uni degli altri.<br \/>\nAbbiamo doni diversi secondo la grazia data a ciascuno di noi: chi ha il dono della profezia la eserciti secondo ci\u00f2 che detta la fede; chi ha un ministero attenda al ministero; chi insegna si dedichi all\u2019insegnamento; chi esorta si dedichi all\u2019esortazione. Chi dona, lo faccia con semplicit\u00e0; chi presiede, presieda con diligenza; chi fa opere di misericordia, le compia con gioia.<br \/>\nLa carit\u00e0 non sia ipocrita: detestate il male, attaccatevi al bene; amatevi gli uni gli altri con affetto fraterno, gareggiate nello stimarvi a vicenda. Non siate pigri nel fare il bene, siate invece ferventi nello spirito; servite il Signore. Siate lieti nella speranza, costanti nella tribolazione, perseveranti nella preghiera. Condividete le necessit\u00e0 dei santi; siate premurosi nell\u2019ospitalit\u00e0.<br \/>\nBenedite coloro che vi perseguitano, benedite e non maledite. Rallegratevi con quelli che sono nella gioia; piangete con quelli che sono nel pianto. Abbiate i medesimi sentimenti gli uni verso gli altri; non nutrite desideri di grandezza; volgetevi piuttosto a ci\u00f2 che \u00e8 umile.<\/p>\n<h3>Salmo responsoriale<\/h3>\n<p><em>Sal 130<\/em><\/p>\n<p><strong>Custodiscimi, Signore, nella pace<\/strong>.<\/p>\n<p>Signore, non si esalta il mio cuore<br \/>\nn\u00e9 i miei occhi guardano in alto;<br \/>\nnon vado cercando cose grandi<br \/>\nn\u00e9 meraviglie pi\u00f9 alte di me.<\/p>\n<p>Io invece resto quieto e sereno:<br \/>\ncome un bimbo svezzato in braccio a sua madre,<br \/>\ncome un bimbo svezzato \u00e8 in me l\u2019anima mia.<\/p>\n<p>Israele attenda il Signore,<br \/>\nda ora e per sempre.<\/p>\n<h3>Canto al Vangelo<\/h3>\n<p><em>Mt 11,28<\/em><\/p>\n<p>Alleluia, alleluia.<br \/>\nVenite a me, voi tutti che siete stanchi e oppressi,<br \/>\ne io vi dar\u00f2 ristoro, dice il Signore.<br \/>\nAlleluia.<\/p>\n<h3>Vangelo<\/h3>\n<p><em>Lc 14,15-24 &#8211; Esci per le strade e lungo le siepi e costringili ad entrare, perch\u00e9 la mia casa si riempia<\/em>.<\/p>\n<p>In quel tempo, uno dei commensali, avendo udito questo, disse a Ges\u00f9: \u00abBeato chi prender\u00e0 cibo nel regno di Dio!\u00bb.<br \/>\nGli rispose: \u00abUn uomo diede una grande cena e fece molti inviti. All\u2019ora della cena, mand\u00f2 il suo servo a dire agli invitati: \u201cVenite, \u00e8 pronto\u201d. Ma tutti, uno dopo l\u2019altro, cominciarono a scusarsi. Il primo gli disse: \u201cHo comprato un campo e devo andare a vederlo; ti prego di scusarmi\u201d. Un altro disse: \u201cHo comprato cinque paia di buoi e vado a provarli; ti prego di scusarmi\u201d. Un altro disse: \u201cMi sono appena sposato e perci\u00f2 non posso venire\u201d.<br \/>\nAl suo ritorno il servo rifer\u00ec tutto questo al suo padrone. Allora il padrone di casa, adirato, disse al servo: \u201cEsci subito per le piazze e per le vie della citt\u00e0 e conduci qui i poveri, gli storpi, i ciechi e gli zoppi\u201d.<br \/>\nIl servo disse: \u201cSignore, \u00e8 stato fatto come hai ordinato, ma c\u2019\u00e8 ancora posto\u201d. Il padrone allora disse al servo: \u201cEsci per le strade e lungo le siepi e costringili ad entrare, perch\u00e9 la mia casa si riempia. Perch\u00e9 io vi dico: nessuno di quelli che erano stati invitati guster\u00e0 la mia cena\u201d\u00bb.[\/vc_column_text][\/vc_column][\/vc_row]<\/p>\n<\/div>","protected":false},"excerpt":{"rendered":"<p>[vc_row][vc_column][vc_column_text] Omelia\u00a0sulle letture del giorno Pubblichiamo l&#8217;audio di un&#8217;omelia sulle letture di marted\u00ec 3 novembre 2015. Predicatore:\u00a0p. Giorgio Maria Far\u00e9,&#8230;<\/p>\n","protected":false},"author":3,"featured_media":824,"comment_status":"closed","ping_status":"closed","sticky":false,"template":"","format":"standard","meta":{"footnotes":""},"categories":[15],"tags":[92,16,189,17,1123,91,190],"class_list":{"0":"post-821","1":"post","2":"type-post","3":"status-publish","4":"format-standard","5":"has-post-thumbnail","7":"category-omelie","8":"tag-castello-interiore","9":"tag-omelie","10":"tag-orazione","11":"tag-p-giorgio-maria-fare","12":"tag-s-teresa-davila","13":"tag-s-teresa-di-gesu","14":"tag-tentazioni-contro-la-preghiera"},"yoast_head":"<!-- This site is optimized with the Yoast SEO plugin v27.5 - https:\/\/yoast.com\/product\/yoast-seo-wordpress\/ -->\n<title>Ascoltare gli inviti del Signore - Veritatemincaritate<\/title>\n<meta name=\"robots\" content=\"index, follow, max-snippet:-1, max-image-preview:large, max-video-preview:-1\" \/>\n<link rel=\"canonical\" href=\"https:\/\/www.veritatemincaritate.com\/wp\/2015\/11\/ascoltare-gli-inviti-del-signore\/\" \/>\n<meta property=\"og:locale\" content=\"it_IT\" \/>\n<meta property=\"og:type\" content=\"article\" \/>\n<meta property=\"og:title\" content=\"Ascoltare gli inviti del Signore - Veritatemincaritate\" \/>\n<meta property=\"og:description\" content=\"[vc_row][vc_column][vc_column_text] Omelia\u00a0sulle letture del giorno Pubblichiamo l&#8217;audio di un&#8217;omelia sulle letture di marted\u00ec 3 novembre 2015. Predicatore:\u00a0p. Giorgio Maria Far\u00e9,...\" \/>\n<meta property=\"og:url\" content=\"https:\/\/www.veritatemincaritate.com\/wp\/2015\/11\/ascoltare-gli-inviti-del-signore\/\" \/>\n<meta property=\"og:site_name\" content=\"Veritatemincaritate\" \/>\n<meta property=\"article:publisher\" content=\"https:\/\/www.facebook.com\/pgiorgiomariafare\" \/>\n<meta property=\"article:published_time\" content=\"2015-11-03T07:58:34+00:00\" \/>\n<meta property=\"article:modified_time\" content=\"2021-07-27T14:33:55+00:00\" \/>\n<meta property=\"og:image\" content=\"https:\/\/www.veritatemincaritate.com\/wp\/wp-content\/uploads\/2015\/11\/banchetto_.jpg\" \/>\n\t<meta property=\"og:image:width\" content=\"600\" \/>\n\t<meta property=\"og:image:height\" content=\"400\" \/>\n\t<meta property=\"og:image:type\" content=\"image\/jpeg\" \/>\n<meta name=\"author\" content=\"Gv1114\" \/>\n<meta name=\"twitter:card\" content=\"summary_large_image\" \/>\n<meta name=\"twitter:label1\" content=\"Scritto da\" \/>\n\t<meta name=\"twitter:data1\" content=\"Gv1114\" \/>\n\t<meta name=\"twitter:label2\" content=\"Tempo di lettura stimato\" \/>\n\t<meta name=\"twitter:data2\" content=\"10 minuti\" \/>\n<script type=\"application\/ld+json\" class=\"yoast-schema-graph\">{\"@context\":\"https:\\\/\\\/schema.org\",\"@graph\":[{\"@type\":\"Article\",\"@id\":\"https:\\\/\\\/www.veritatemincaritate.com\\\/wp\\\/2015\\\/11\\\/ascoltare-gli-inviti-del-signore\\\/#article\",\"isPartOf\":{\"@id\":\"https:\\\/\\\/www.veritatemincaritate.com\\\/wp\\\/2015\\\/11\\\/ascoltare-gli-inviti-del-signore\\\/\"},\"author\":{\"name\":\"Gv1114\",\"@id\":\"https:\\\/\\\/www.veritatemincaritate.com\\\/wp\\\/#\\\/schema\\\/person\\\/17ae821a27aada104588a1d94f526471\"},\"headline\":\"Ascoltare gli inviti del Signore\",\"datePublished\":\"2015-11-03T07:58:34+00:00\",\"dateModified\":\"2021-07-27T14:33:55+00:00\",\"mainEntityOfPage\":{\"@id\":\"https:\\\/\\\/www.veritatemincaritate.com\\\/wp\\\/2015\\\/11\\\/ascoltare-gli-inviti-del-signore\\\/\"},\"wordCount\":2300,\"publisher\":{\"@id\":\"https:\\\/\\\/www.veritatemincaritate.com\\\/wp\\\/#organization\"},\"image\":{\"@id\":\"https:\\\/\\\/www.veritatemincaritate.com\\\/wp\\\/2015\\\/11\\\/ascoltare-gli-inviti-del-signore\\\/#primaryimage\"},\"thumbnailUrl\":\"https:\\\/\\\/www.veritatemincaritate.com\\\/wp\\\/wp-content\\\/uploads\\\/2015\\\/11\\\/banchetto_.jpg\",\"keywords\":[\"Castello interiore\",\"omelie\",\"orazione\",\"p. Giorgio Maria Far\u00e9\",\"S. Teresa d'Avila\",\"S. Teresa di Ges\u00f9\",\"tentazioni contro la preghiera\"],\"articleSection\":[\"Omelie\"],\"inLanguage\":\"it-IT\"},{\"@type\":\"WebPage\",\"@id\":\"https:\\\/\\\/www.veritatemincaritate.com\\\/wp\\\/2015\\\/11\\\/ascoltare-gli-inviti-del-signore\\\/\",\"url\":\"https:\\\/\\\/www.veritatemincaritate.com\\\/wp\\\/2015\\\/11\\\/ascoltare-gli-inviti-del-signore\\\/\",\"name\":\"Ascoltare gli inviti del Signore - Veritatemincaritate\",\"isPartOf\":{\"@id\":\"https:\\\/\\\/www.veritatemincaritate.com\\\/wp\\\/#website\"},\"primaryImageOfPage\":{\"@id\":\"https:\\\/\\\/www.veritatemincaritate.com\\\/wp\\\/2015\\\/11\\\/ascoltare-gli-inviti-del-signore\\\/#primaryimage\"},\"image\":{\"@id\":\"https:\\\/\\\/www.veritatemincaritate.com\\\/wp\\\/2015\\\/11\\\/ascoltare-gli-inviti-del-signore\\\/#primaryimage\"},\"thumbnailUrl\":\"https:\\\/\\\/www.veritatemincaritate.com\\\/wp\\\/wp-content\\\/uploads\\\/2015\\\/11\\\/banchetto_.jpg\",\"datePublished\":\"2015-11-03T07:58:34+00:00\",\"dateModified\":\"2021-07-27T14:33:55+00:00\",\"breadcrumb\":{\"@id\":\"https:\\\/\\\/www.veritatemincaritate.com\\\/wp\\\/2015\\\/11\\\/ascoltare-gli-inviti-del-signore\\\/#breadcrumb\"},\"inLanguage\":\"it-IT\",\"potentialAction\":[{\"@type\":\"ReadAction\",\"target\":[\"https:\\\/\\\/www.veritatemincaritate.com\\\/wp\\\/2015\\\/11\\\/ascoltare-gli-inviti-del-signore\\\/\"]}]},{\"@type\":\"ImageObject\",\"inLanguage\":\"it-IT\",\"@id\":\"https:\\\/\\\/www.veritatemincaritate.com\\\/wp\\\/2015\\\/11\\\/ascoltare-gli-inviti-del-signore\\\/#primaryimage\",\"url\":\"https:\\\/\\\/www.veritatemincaritate.com\\\/wp\\\/wp-content\\\/uploads\\\/2015\\\/11\\\/banchetto_.jpg\",\"contentUrl\":\"https:\\\/\\\/www.veritatemincaritate.com\\\/wp\\\/wp-content\\\/uploads\\\/2015\\\/11\\\/banchetto_.jpg\",\"width\":600,\"height\":400},{\"@type\":\"BreadcrumbList\",\"@id\":\"https:\\\/\\\/www.veritatemincaritate.com\\\/wp\\\/2015\\\/11\\\/ascoltare-gli-inviti-del-signore\\\/#breadcrumb\",\"itemListElement\":[{\"@type\":\"ListItem\",\"position\":1,\"name\":\"Home\",\"item\":\"https:\\\/\\\/www.veritatemincaritate.com\\\/wp\\\/\"},{\"@type\":\"ListItem\",\"position\":2,\"name\":\"Ascoltare gli inviti del Signore\"}]},{\"@type\":\"WebSite\",\"@id\":\"https:\\\/\\\/www.veritatemincaritate.com\\\/wp\\\/#website\",\"url\":\"https:\\\/\\\/www.veritatemincaritate.com\\\/wp\\\/\",\"name\":\"Veritatemincaritate\",\"description\":\"Agendo secondo verit\u00e0 nella carit\u00e0, cerchiamo di crescere in ogni cosa tendendo a lui, che \u00e8 il capo, Cristo\",\"publisher\":{\"@id\":\"https:\\\/\\\/www.veritatemincaritate.com\\\/wp\\\/#organization\"},\"potentialAction\":[{\"@type\":\"SearchAction\",\"target\":{\"@type\":\"EntryPoint\",\"urlTemplate\":\"https:\\\/\\\/www.veritatemincaritate.com\\\/wp\\\/?s={search_term_string}\"},\"query-input\":{\"@type\":\"PropertyValueSpecification\",\"valueRequired\":true,\"valueName\":\"search_term_string\"}}],\"inLanguage\":\"it-IT\"},{\"@type\":\"Organization\",\"@id\":\"https:\\\/\\\/www.veritatemincaritate.com\\\/wp\\\/#organization\",\"name\":\"Veritatem facientes in Caritate\",\"url\":\"https:\\\/\\\/www.veritatemincaritate.com\\\/wp\\\/\",\"logo\":{\"@type\":\"ImageObject\",\"inLanguage\":\"it-IT\",\"@id\":\"https:\\\/\\\/www.veritatemincaritate.com\\\/wp\\\/#\\\/schema\\\/logo\\\/image\\\/\",\"url\":\"https:\\\/\\\/www.veritatemincaritate.com\\\/wp\\\/wp-content\\\/uploads\\\/2020\\\/07\\\/Logo-VIC-per-canale-Youtube.jpg\",\"contentUrl\":\"https:\\\/\\\/www.veritatemincaritate.com\\\/wp\\\/wp-content\\\/uploads\\\/2020\\\/07\\\/Logo-VIC-per-canale-Youtube.jpg\",\"width\":720,\"height\":720,\"caption\":\"Veritatem facientes in Caritate\"},\"image\":{\"@id\":\"https:\\\/\\\/www.veritatemincaritate.com\\\/wp\\\/#\\\/schema\\\/logo\\\/image\\\/\"},\"sameAs\":[\"https:\\\/\\\/www.facebook.com\\\/pgiorgiomariafare\",\"https:\\\/\\\/instagram.com\\\/padre_giorgio_maria_fare?igshid=1p8wsw6b3edkc\",\"https:\\\/\\\/www.youtube.com\\\/channel\\\/UCFqjpT1nX60rx3m_SELg3lA\"]},{\"@type\":\"Person\",\"@id\":\"https:\\\/\\\/www.veritatemincaritate.com\\\/wp\\\/#\\\/schema\\\/person\\\/17ae821a27aada104588a1d94f526471\",\"name\":\"Gv1114\",\"image\":{\"@type\":\"ImageObject\",\"inLanguage\":\"it-IT\",\"@id\":\"https:\\\/\\\/secure.gravatar.com\\\/avatar\\\/5d29baa7fbb92e99034e1d9f7a4f83926de7a8a8f450bf35d58714f1ec0a3c39?s=96&d=mm&r=g\",\"url\":\"https:\\\/\\\/secure.gravatar.com\\\/avatar\\\/5d29baa7fbb92e99034e1d9f7a4f83926de7a8a8f450bf35d58714f1ec0a3c39?s=96&d=mm&r=g\",\"contentUrl\":\"https:\\\/\\\/secure.gravatar.com\\\/avatar\\\/5d29baa7fbb92e99034e1d9f7a4f83926de7a8a8f450bf35d58714f1ec0a3c39?s=96&d=mm&r=g\",\"caption\":\"Gv1114\"}}]}<\/script>\n<!-- \/ Yoast SEO plugin. -->","yoast_head_json":{"title":"Ascoltare gli inviti del Signore - Veritatemincaritate","robots":{"index":"index","follow":"follow","max-snippet":"max-snippet:-1","max-image-preview":"max-image-preview:large","max-video-preview":"max-video-preview:-1"},"canonical":"https:\/\/www.veritatemincaritate.com\/wp\/2015\/11\/ascoltare-gli-inviti-del-signore\/","og_locale":"it_IT","og_type":"article","og_title":"Ascoltare gli inviti del Signore - Veritatemincaritate","og_description":"[vc_row][vc_column][vc_column_text] Omelia\u00a0sulle letture del giorno Pubblichiamo l&#8217;audio di un&#8217;omelia sulle letture di marted\u00ec 3 novembre 2015. Predicatore:\u00a0p. Giorgio Maria Far\u00e9,...","og_url":"https:\/\/www.veritatemincaritate.com\/wp\/2015\/11\/ascoltare-gli-inviti-del-signore\/","og_site_name":"Veritatemincaritate","article_publisher":"https:\/\/www.facebook.com\/pgiorgiomariafare","article_published_time":"2015-11-03T07:58:34+00:00","article_modified_time":"2021-07-27T14:33:55+00:00","og_image":[{"width":600,"height":400,"url":"https:\/\/www.veritatemincaritate.com\/wp\/wp-content\/uploads\/2015\/11\/banchetto_.jpg","type":"image\/jpeg"}],"author":"Gv1114","twitter_card":"summary_large_image","twitter_misc":{"Scritto da":"Gv1114","Tempo di lettura stimato":"10 minuti"},"schema":{"@context":"https:\/\/schema.org","@graph":[{"@type":"Article","@id":"https:\/\/www.veritatemincaritate.com\/wp\/2015\/11\/ascoltare-gli-inviti-del-signore\/#article","isPartOf":{"@id":"https:\/\/www.veritatemincaritate.com\/wp\/2015\/11\/ascoltare-gli-inviti-del-signore\/"},"author":{"name":"Gv1114","@id":"https:\/\/www.veritatemincaritate.com\/wp\/#\/schema\/person\/17ae821a27aada104588a1d94f526471"},"headline":"Ascoltare gli inviti del Signore","datePublished":"2015-11-03T07:58:34+00:00","dateModified":"2021-07-27T14:33:55+00:00","mainEntityOfPage":{"@id":"https:\/\/www.veritatemincaritate.com\/wp\/2015\/11\/ascoltare-gli-inviti-del-signore\/"},"wordCount":2300,"publisher":{"@id":"https:\/\/www.veritatemincaritate.com\/wp\/#organization"},"image":{"@id":"https:\/\/www.veritatemincaritate.com\/wp\/2015\/11\/ascoltare-gli-inviti-del-signore\/#primaryimage"},"thumbnailUrl":"https:\/\/www.veritatemincaritate.com\/wp\/wp-content\/uploads\/2015\/11\/banchetto_.jpg","keywords":["Castello interiore","omelie","orazione","p. Giorgio Maria Far\u00e9","S. Teresa d'Avila","S. Teresa di Ges\u00f9","tentazioni contro la preghiera"],"articleSection":["Omelie"],"inLanguage":"it-IT"},{"@type":"WebPage","@id":"https:\/\/www.veritatemincaritate.com\/wp\/2015\/11\/ascoltare-gli-inviti-del-signore\/","url":"https:\/\/www.veritatemincaritate.com\/wp\/2015\/11\/ascoltare-gli-inviti-del-signore\/","name":"Ascoltare gli inviti del Signore - Veritatemincaritate","isPartOf":{"@id":"https:\/\/www.veritatemincaritate.com\/wp\/#website"},"primaryImageOfPage":{"@id":"https:\/\/www.veritatemincaritate.com\/wp\/2015\/11\/ascoltare-gli-inviti-del-signore\/#primaryimage"},"image":{"@id":"https:\/\/www.veritatemincaritate.com\/wp\/2015\/11\/ascoltare-gli-inviti-del-signore\/#primaryimage"},"thumbnailUrl":"https:\/\/www.veritatemincaritate.com\/wp\/wp-content\/uploads\/2015\/11\/banchetto_.jpg","datePublished":"2015-11-03T07:58:34+00:00","dateModified":"2021-07-27T14:33:55+00:00","breadcrumb":{"@id":"https:\/\/www.veritatemincaritate.com\/wp\/2015\/11\/ascoltare-gli-inviti-del-signore\/#breadcrumb"},"inLanguage":"it-IT","potentialAction":[{"@type":"ReadAction","target":["https:\/\/www.veritatemincaritate.com\/wp\/2015\/11\/ascoltare-gli-inviti-del-signore\/"]}]},{"@type":"ImageObject","inLanguage":"it-IT","@id":"https:\/\/www.veritatemincaritate.com\/wp\/2015\/11\/ascoltare-gli-inviti-del-signore\/#primaryimage","url":"https:\/\/www.veritatemincaritate.com\/wp\/wp-content\/uploads\/2015\/11\/banchetto_.jpg","contentUrl":"https:\/\/www.veritatemincaritate.com\/wp\/wp-content\/uploads\/2015\/11\/banchetto_.jpg","width":600,"height":400},{"@type":"BreadcrumbList","@id":"https:\/\/www.veritatemincaritate.com\/wp\/2015\/11\/ascoltare-gli-inviti-del-signore\/#breadcrumb","itemListElement":[{"@type":"ListItem","position":1,"name":"Home","item":"https:\/\/www.veritatemincaritate.com\/wp\/"},{"@type":"ListItem","position":2,"name":"Ascoltare gli inviti del Signore"}]},{"@type":"WebSite","@id":"https:\/\/www.veritatemincaritate.com\/wp\/#website","url":"https:\/\/www.veritatemincaritate.com\/wp\/","name":"Veritatemincaritate","description":"Agendo secondo verit\u00e0 nella carit\u00e0, cerchiamo di crescere in ogni cosa tendendo a lui, che \u00e8 il capo, Cristo","publisher":{"@id":"https:\/\/www.veritatemincaritate.com\/wp\/#organization"},"potentialAction":[{"@type":"SearchAction","target":{"@type":"EntryPoint","urlTemplate":"https:\/\/www.veritatemincaritate.com\/wp\/?s={search_term_string}"},"query-input":{"@type":"PropertyValueSpecification","valueRequired":true,"valueName":"search_term_string"}}],"inLanguage":"it-IT"},{"@type":"Organization","@id":"https:\/\/www.veritatemincaritate.com\/wp\/#organization","name":"Veritatem facientes in Caritate","url":"https:\/\/www.veritatemincaritate.com\/wp\/","logo":{"@type":"ImageObject","inLanguage":"it-IT","@id":"https:\/\/www.veritatemincaritate.com\/wp\/#\/schema\/logo\/image\/","url":"https:\/\/www.veritatemincaritate.com\/wp\/wp-content\/uploads\/2020\/07\/Logo-VIC-per-canale-Youtube.jpg","contentUrl":"https:\/\/www.veritatemincaritate.com\/wp\/wp-content\/uploads\/2020\/07\/Logo-VIC-per-canale-Youtube.jpg","width":720,"height":720,"caption":"Veritatem facientes in Caritate"},"image":{"@id":"https:\/\/www.veritatemincaritate.com\/wp\/#\/schema\/logo\/image\/"},"sameAs":["https:\/\/www.facebook.com\/pgiorgiomariafare","https:\/\/instagram.com\/padre_giorgio_maria_fare?igshid=1p8wsw6b3edkc","https:\/\/www.youtube.com\/channel\/UCFqjpT1nX60rx3m_SELg3lA"]},{"@type":"Person","@id":"https:\/\/www.veritatemincaritate.com\/wp\/#\/schema\/person\/17ae821a27aada104588a1d94f526471","name":"Gv1114","image":{"@type":"ImageObject","inLanguage":"it-IT","@id":"https:\/\/secure.gravatar.com\/avatar\/5d29baa7fbb92e99034e1d9f7a4f83926de7a8a8f450bf35d58714f1ec0a3c39?s=96&d=mm&r=g","url":"https:\/\/secure.gravatar.com\/avatar\/5d29baa7fbb92e99034e1d9f7a4f83926de7a8a8f450bf35d58714f1ec0a3c39?s=96&d=mm&r=g","contentUrl":"https:\/\/secure.gravatar.com\/avatar\/5d29baa7fbb92e99034e1d9f7a4f83926de7a8a8f450bf35d58714f1ec0a3c39?s=96&d=mm&r=g","caption":"Gv1114"}}]}},"menu_order":0,"_links":{"self":[{"href":"https:\/\/www.veritatemincaritate.com\/wp\/wp-json\/wp\/v2\/posts\/821","targetHints":{"allow":["GET"]}}],"collection":[{"href":"https:\/\/www.veritatemincaritate.com\/wp\/wp-json\/wp\/v2\/posts"}],"about":[{"href":"https:\/\/www.veritatemincaritate.com\/wp\/wp-json\/wp\/v2\/types\/post"}],"author":[{"embeddable":true,"href":"https:\/\/www.veritatemincaritate.com\/wp\/wp-json\/wp\/v2\/users\/3"}],"replies":[{"embeddable":true,"href":"https:\/\/www.veritatemincaritate.com\/wp\/wp-json\/wp\/v2\/comments?post=821"}],"version-history":[{"count":0,"href":"https:\/\/www.veritatemincaritate.com\/wp\/wp-json\/wp\/v2\/posts\/821\/revisions"}],"wp:featuredmedia":[{"embeddable":true,"href":"https:\/\/www.veritatemincaritate.com\/wp\/wp-json\/wp\/v2\/media\/824"}],"wp:attachment":[{"href":"https:\/\/www.veritatemincaritate.com\/wp\/wp-json\/wp\/v2\/media?parent=821"}],"wp:term":[{"taxonomy":"category","embeddable":true,"href":"https:\/\/www.veritatemincaritate.com\/wp\/wp-json\/wp\/v2\/categories?post=821"},{"taxonomy":"post_tag","embeddable":true,"href":"https:\/\/www.veritatemincaritate.com\/wp\/wp-json\/wp\/v2\/tags?post=821"}],"curies":[{"name":"wp","href":"https:\/\/api.w.org\/{rel}","templated":true}]}}