{"id":8843,"date":"2018-09-18T08:34:33","date_gmt":"2018-09-18T06:34:33","guid":{"rendered":"https:\/\/www.veritatemincaritate.com\/?p=8843"},"modified":"2018-09-18T08:46:41","modified_gmt":"2018-09-18T06:46:41","slug":"siate-perfetti-come-e-perfetto-il-padre-vostro-celeste","status":"publish","type":"post","link":"https:\/\/www.veritatemincaritate.com\/wp\/2018\/09\/siate-perfetti-come-e-perfetto-il-padre-vostro-celeste\/","title":{"rendered":"Siate perfetti come \u00e8 perfetto il Padre vostro celeste &#8211; Pavel Florenskij"},"content":{"rendered":"<div class=\"wpb-content-wrapper\" id=\"wpb-content-root\"><p>[vc_row][vc_column][vc_column_text]<\/p>\n<h3>Omelia<\/h3>\n<div class=\"vc_row wpb_row vc_row-fluid\">\n<div class=\"wpb_column vc_column_container vc_col-sm-12\">\n<div class=\"vc_column-inner \">\n<div class=\"wpb_wrapper\">\n<div class=\"wpb_text_column wpb_content_element \">\n<div class=\"wpb_wrapper\">\n<p>Pubblichiamo l\u2019audio di\u00a0un\u2019omelia di marted\u00ec 18 settembre 2018.<\/p>\n<p>Predicatore:\u00a0p. Giorgio Maria Far\u00e9, OCD<\/p>\n<\/div>\n<\/div>\n<\/div>\n<\/div>\n<\/div>\n<\/div>\n<p>[\/vc_column_text][vc_column_text]<\/p>\n<h4>Ascolta la registrazione:<\/h4>\n<p>Per motivi di intenso traffico non ci \u00e8 possibile rendere disponibile l&#8217;ascolto dei file audio direttamente dal nostro sito. Se hai dubbi su come fare, vai alle <a href=\"http:\/\/www.veritatemincaritate.com\/chi-siamo\/istruzioni-per-lascolto-delle-registrazioni\/\" target=\"_blank\" rel=\"noopener\">istruzioni per l&#8217;ascolto delle registrazioni<\/a>.[\/vc_column_text][\/vc_column][\/vc_row][vc_row][vc_column][vc_row_inner][vc_column_inner width=&#8221;1\/2&#8243;][vc_column_text]<style type=\"text\/css\">.thegem-button-6a9d7a2e83a6e1537 .gem-button {font-size: 14px;}.thegem-button-6a9d7a2e83a6e1537 .gem-button-text {font-size: 14px;}.thegem-button-6a9d7a2e83a6e1537 .gem-button svg {fill: #FFFFFF;}<\/style><div class=\"gem-button-container gem-button-position-inline thegem-button-6a9d7a2e83a6e1537    \"  ><a class=\"gem-button gem-button-size-small gem-button-style-flat gem-button-text-weight-normal\" data-ll-effect=\"drop-right-without-wrap\" style=\"border-radius: 3px;background-color: #FF5C00;color: #FFFFFF;\" onmouseleave=\"this.style.backgroundColor='#FF5C00';this.style.color='#FFFFFF';\" onmouseenter=\"\" href=\"https:\/\/www.dropbox.com\/s\/qxk9mqsuz4nc498\/180918-Omelie-SiatePerfetti.m4a?dl=1\" target=\"_self\">Scarica la registrazione<\/a><\/div> [\/vc_column_text][\/vc_column_inner][vc_column_inner width=&#8221;1\/2&#8243;][vc_column_text]<style type=\"text\/css\">.thegem-button-6a9d7a2e83c0f2057 .gem-button {font-size: 14px;}.thegem-button-6a9d7a2e83c0f2057 .gem-button-text {font-size: 14px;}.thegem-button-6a9d7a2e83c0f2057 .gem-button svg {fill: #FFFFFF;}<\/style><div class=\"gem-button-container gem-button-position-inline thegem-button-6a9d7a2e83c0f2057    \"  ><a class=\"gem-button gem-button-size-small gem-button-style-flat gem-button-text-weight-normal\" data-ll-effect=\"drop-right-without-wrap\" style=\"border-radius: 3px;background-color: #FF5C00;color: #FFFFFF;\" onmouseleave=\"this.style.backgroundColor='#FF5C00';this.style.color='#FFFFFF';\" onmouseenter=\"\" href=\"https:\/\/www.dropbox.com\/s\/qxk9mqsuz4nc498\/180918-Omelie-SiatePerfetti.m4a?dl=0\" target=\"_self\">Ascolta la registrazione<\/a><\/div> [\/vc_column_text][\/vc_column_inner][\/vc_row_inner][\/vc_column][\/vc_row][vc_row][vc_column][vc_empty_space][vc_separator color=&#8221;orange&#8221;][vc_column_text]<\/p>\n<h2>Approfondimenti<\/h2>\n<p>[\/vc_column_text][vc_column_text]\u201cAmati figlioletti miei, il mio cuore si strugge per voi. Quando crescerete, capirete quanto si strugga il cuore di un padre o di una madre per i figli. Il mio cuore si strugge anche per la mia povera mamma, che \u00e8 tutta sola e alla quale non ho la forza interiore di avvicinarmi. Avrei tante cose da scrivervi. Mi vengono tanti pensieri e sentimenti, ma non ho n\u00e9 il tempo, n\u00e9 le forze di scriverli. Eccovi una cosa che non posso non scrivere: Abituatevi, educate voi stessi a fare tutto ci\u00f2 che fate perfettamente, con cura e precisione; che il vostro agire non abbia niente di impreciso, non fate niente senza provarvi gusto, in modo grossolano. Ricordatevi che nell\u2019approssimazione si pu\u00f2 perdere tutta la vita, mentre al contrario, nel compiere con precisione e al ritmo giusto anche le cose e le questioni di secondaria importanza, si possono scoprire molti aspetti che in seguito potranno essere per voi fonte profondissima di un nuovo atto creativo.\u201d<\/p>\n<p><em>Testo tratto dal libro \u201cNon dimenticatemi\u201d di Pavel Florenskij<\/em>[\/vc_column_text][vc_empty_space][vc_separator color=&#8221;orange&#8221;][vc_column_text]<\/p>\n<h2>Letture del giorno<\/h2>\n<p>[\/vc_column_text][vc_column_text]<b>Marted\u00ec della XXIV settimana del Tempo Ordinario (Anno pari)<\/b><\/p>\n<p><b>PRIMA LETTURA <\/b><i>(1Cor 12,12-14.27-31)<\/i><br \/>\n<i>Voi siete corpo di Cristo e, ognuno secondo la propria parte, sue membra.<\/i><\/p>\n<p>Fratelli, come il corpo \u00e8 uno solo e ha molte membra, e tutte le membra del corpo, pur essendo molte, sono un corpo solo, cos\u00ec anche il Cristo. Infatti noi tutti siamo stati battezzati mediante un solo Spirito in un solo corpo, Giudei o Greci, schiavi o liberi; e tutti siamo stati dissetati da un solo Spirito. E infatti il corpo non \u00e8 formato da un membro solo, ma da molte membra.<br \/>\nOra voi siete corpo di Cristo e, ognuno secondo la propria parte, sue membra. Alcuni perci\u00f2 Dio li ha posti nella Chiesa in primo luogo come apostoli, in secondo luogo come profeti, in terzo luogo come maestri; poi ci sono i miracoli, quindi il dono delle guarigioni, di assistere, di governare, di parlare varie lingue.<br \/>\nSono forse tutti apostoli? Tutti profeti? Tutti maestri? Tutti fanno miracoli? Tutti possiedono il dono delle guarigioni? Tutti parlano lingue? Tutti le interpretano? Desiderate invece intensamente i carismi pi\u00f9 grandi.<\/p>\n<p><b>SALMO RESPONSORIALE <\/b><i>(Sal 99)<\/i><br \/>\n<b>Rit: Noi siamo suo popolo, gregge che egli guida.<\/b><\/p>\n<p>Acclamate il Signore, voi tutti della terra,<br \/>\nservite il Signore nella gioia,<br \/>\npresentatevi a lui con esultanza.<\/p>\n<p>Riconoscete che solo il Signore \u00e8 Dio:<br \/>\negli ci ha fatti e noi siamo suoi,<br \/>\nsuo popolo e gregge del suo pascolo.<\/p>\n<p>Varcate le sue porte con inni di grazie,<br \/>\ni suoi atri con canti di lode,<br \/>\nlodatelo, benedite il suo nome.<\/p>\n<p>Perch\u00e9 buono \u00e8 il Signore,<br \/>\nil suo amore \u00e8 per sempre,<br \/>\nla sua fedelt\u00e0 di generazione in generazione.<\/p>\n<p><b>Canto al Vangelo <\/b><i>(Lc 7,16)<\/i><br \/>\nAlleluia, alleluia.<br \/>\nUn grande profeta \u00e8 sorto tra noi,<br \/>\nDio ha visitato il suo popolo.<br \/>\nAlleluia.<\/p>\n<p><b>VANGELO <\/b><i>(Lc 7,11-17)<\/i><br \/>\n<i>Ragazzo, dico a te, \u00e0lzati!<\/i><\/p>\n<p>In quel tempo, Ges\u00f9 si rec\u00f2 in una citt\u00e0 chiamata Nain, e con lui camminavano i suoi discepoli e una grande folla.<br \/>\nQuando fu vicino alla porta della citt\u00e0, ecco, veniva portato alla tomba un morto, unico figlio di una madre rimasta vedova; e molta gente della citt\u00e0 era con lei.<br \/>\nVedendola, il Signore fu preso da grande compassione per lei e le disse: \u00abNon piangere!\u00bb. Si avvicin\u00f2 e tocc\u00f2 la bara, mentre i portatori si fermarono. Poi disse: \u00abRagazzo, dico a te, \u00e0lzati!\u00bb. Il morto si mise seduto e cominci\u00f2 a parlare. Ed egli lo restitu\u00ec a sua madre.<br \/>\nTutti furono presi da timore e glorificavano Dio, dicendo: \u00abUn grande profeta \u00e8 sorto tra noi\u00bb, e: \u00abDio ha visitato il suo popolo\u00bb. Questa fama di lui si diffuse per tutta quanta la Giudea e in tutta la regione circostante.[\/vc_column_text][\/vc_column][\/vc_row]<\/p>\n<\/div>","protected":false},"excerpt":{"rendered":"<p>[vc_row][vc_column][vc_column_text] Omelia Pubblichiamo l\u2019audio di\u00a0un\u2019omelia di marted\u00ec 18 settembre 2018. Predicatore:\u00a0p. Giorgio Maria Far\u00e9, OCD [\/vc_column_text][vc_column_text] Ascolta la registrazione: Per&#8230;<\/p>\n","protected":false},"author":4,"featured_media":8844,"comment_status":"closed","ping_status":"closed","sticky":false,"template":"","format":"standard","meta":{"footnotes":""},"categories":[15],"tags":[5645,6468,1356,3244,6237,6470,6466,6467,876,6465,16,17,6471,6469,3724,1601,2948],"class_list":{"0":"post-8843","1":"post","2":"type-post","3":"status-publish","4":"format-standard","5":"has-post-thumbnail","7":"category-omelie","8":"tag-approssimazione","9":"tag-atti-creativi","10":"tag-confusione","11":"tag-cura","12":"tag-essere-perfetti","13":"tag-gioia-di-vivere","14":"tag-gioia-interiore","15":"tag-indeterminatezza","16":"tag-individualismo","17":"tag-liberta-spirituale","18":"tag-omelie","19":"tag-p-giorgio-maria-fare","20":"tag-pavel-florenskij","21":"tag-pensiero-rigoroso","22":"tag-precisione","23":"tag-unicita","24":"tag-unita"},"yoast_head":"<!-- This site is optimized with the Yoast SEO plugin v28.2 - https:\/\/yoast.com\/product\/yoast-seo-wordpress\/ -->\n<title>Siate perfetti come \u00e8 perfetto il Padre vostro celeste - Pavel Florenskij - Veritatemincaritate<\/title>\n<meta name=\"robots\" content=\"index, follow, max-snippet:-1, max-image-preview:large, max-video-preview:-1\" \/>\n<link rel=\"canonical\" href=\"https:\/\/www.veritatemincaritate.com\/wp\/2018\/09\/siate-perfetti-come-e-perfetto-il-padre-vostro-celeste\/\" \/>\n<meta property=\"og:locale\" content=\"it_IT\" \/>\n<meta property=\"og:type\" content=\"article\" \/>\n<meta property=\"og:title\" content=\"Siate perfetti come \u00e8 perfetto il Padre vostro celeste - Pavel Florenskij - Veritatemincaritate\" \/>\n<meta property=\"og:description\" content=\"[vc_row][vc_column][vc_column_text] Omelia Pubblichiamo l\u2019audio di\u00a0un\u2019omelia di marted\u00ec 18 settembre 2018. Predicatore:\u00a0p. Giorgio Maria Far\u00e9, OCD [\/vc_column_text][vc_column_text] Ascolta la registrazione: Per...\" \/>\n<meta property=\"og:url\" content=\"https:\/\/www.veritatemincaritate.com\/wp\/2018\/09\/siate-perfetti-come-e-perfetto-il-padre-vostro-celeste\/\" \/>\n<meta property=\"og:site_name\" content=\"Veritatemincaritate\" \/>\n<meta property=\"article:publisher\" content=\"https:\/\/www.facebook.com\/pgiorgiomariafare\" \/>\n<meta property=\"article:published_time\" content=\"2018-09-18T06:34:33+00:00\" \/>\n<meta property=\"article:modified_time\" content=\"2018-09-18T06:46:41+00:00\" \/>\n<meta property=\"og:image\" content=\"https:\/\/www.veritatemincaritate.com\/wp\/wp-content\/uploads\/2018\/09\/PavelFlorenskij.jpg\" \/>\n\t<meta property=\"og:image:width\" content=\"600\" \/>\n\t<meta property=\"og:image:height\" content=\"400\" \/>\n\t<meta property=\"og:image:type\" content=\"image\/jpeg\" \/>\n<meta name=\"author\" content=\"Is551011\" \/>\n<meta name=\"twitter:card\" content=\"summary_large_image\" \/>\n<meta name=\"twitter:label1\" content=\"Scritto da\" \/>\n\t<meta name=\"twitter:data1\" content=\"Is551011\" \/>\n\t<meta name=\"twitter:label2\" content=\"Tempo di lettura stimato\" \/>\n\t<meta name=\"twitter:data2\" content=\"4 minuti\" \/>\n<script type=\"application\/ld+json\" class=\"yoast-schema-graph\">{\"@context\":\"https:\\\/\\\/schema.org\",\"@graph\":[{\"@type\":\"Article\",\"@id\":\"https:\\\/\\\/www.veritatemincaritate.com\\\/wp\\\/2018\\\/09\\\/siate-perfetti-come-e-perfetto-il-padre-vostro-celeste\\\/#article\",\"isPartOf\":{\"@id\":\"https:\\\/\\\/www.veritatemincaritate.com\\\/wp\\\/2018\\\/09\\\/siate-perfetti-come-e-perfetto-il-padre-vostro-celeste\\\/\"},\"author\":{\"name\":\"Is551011\",\"@id\":\"https:\\\/\\\/www.veritatemincaritate.com\\\/wp\\\/#\\\/schema\\\/person\\\/ae324896700d097ddc6db39f45894b80\"},\"headline\":\"Siate perfetti come \u00e8 perfetto il Padre vostro celeste &#8211; Pavel Florenskij\",\"datePublished\":\"2018-09-18T06:34:33+00:00\",\"dateModified\":\"2018-09-18T06:46:41+00:00\",\"mainEntityOfPage\":{\"@id\":\"https:\\\/\\\/www.veritatemincaritate.com\\\/wp\\\/2018\\\/09\\\/siate-perfetti-come-e-perfetto-il-padre-vostro-celeste\\\/\"},\"wordCount\":876,\"publisher\":{\"@id\":\"https:\\\/\\\/www.veritatemincaritate.com\\\/wp\\\/#organization\"},\"image\":{\"@id\":\"https:\\\/\\\/www.veritatemincaritate.com\\\/wp\\\/2018\\\/09\\\/siate-perfetti-come-e-perfetto-il-padre-vostro-celeste\\\/#primaryimage\"},\"thumbnailUrl\":\"https:\\\/\\\/www.veritatemincaritate.com\\\/wp\\\/wp-content\\\/uploads\\\/2018\\\/09\\\/PavelFlorenskij.jpg\",\"keywords\":[\"approssimazione\",\"atti creativi\",\"confusione\",\"cura\",\"Essere perfetti\",\"gioia di vivere\",\"gioia interiore\",\"indeterminatezza\",\"individualismo\",\"libert\u00e0 spirituale\",\"omelie\",\"p. Giorgio Maria Far\u00e9\",\"Pavel Florenskij\",\"pensiero rigoroso\",\"precisione\",\"unicit\u00e0\",\"unit\u00e0\"],\"articleSection\":[\"Omelie\"],\"inLanguage\":\"it-IT\"},{\"@type\":\"WebPage\",\"@id\":\"https:\\\/\\\/www.veritatemincaritate.com\\\/wp\\\/2018\\\/09\\\/siate-perfetti-come-e-perfetto-il-padre-vostro-celeste\\\/\",\"url\":\"https:\\\/\\\/www.veritatemincaritate.com\\\/wp\\\/2018\\\/09\\\/siate-perfetti-come-e-perfetto-il-padre-vostro-celeste\\\/\",\"name\":\"Siate perfetti come \u00e8 perfetto il Padre vostro celeste - Pavel Florenskij - Veritatemincaritate\",\"isPartOf\":{\"@id\":\"https:\\\/\\\/www.veritatemincaritate.com\\\/wp\\\/#website\"},\"primaryImageOfPage\":{\"@id\":\"https:\\\/\\\/www.veritatemincaritate.com\\\/wp\\\/2018\\\/09\\\/siate-perfetti-come-e-perfetto-il-padre-vostro-celeste\\\/#primaryimage\"},\"image\":{\"@id\":\"https:\\\/\\\/www.veritatemincaritate.com\\\/wp\\\/2018\\\/09\\\/siate-perfetti-come-e-perfetto-il-padre-vostro-celeste\\\/#primaryimage\"},\"thumbnailUrl\":\"https:\\\/\\\/www.veritatemincaritate.com\\\/wp\\\/wp-content\\\/uploads\\\/2018\\\/09\\\/PavelFlorenskij.jpg\",\"datePublished\":\"2018-09-18T06:34:33+00:00\",\"dateModified\":\"2018-09-18T06:46:41+00:00\",\"breadcrumb\":{\"@id\":\"https:\\\/\\\/www.veritatemincaritate.com\\\/wp\\\/2018\\\/09\\\/siate-perfetti-come-e-perfetto-il-padre-vostro-celeste\\\/#breadcrumb\"},\"inLanguage\":\"it-IT\",\"potentialAction\":[{\"@type\":\"ReadAction\",\"target\":[\"https:\\\/\\\/www.veritatemincaritate.com\\\/wp\\\/2018\\\/09\\\/siate-perfetti-come-e-perfetto-il-padre-vostro-celeste\\\/\"]}]},{\"@type\":\"ImageObject\",\"inLanguage\":\"it-IT\",\"@id\":\"https:\\\/\\\/www.veritatemincaritate.com\\\/wp\\\/2018\\\/09\\\/siate-perfetti-come-e-perfetto-il-padre-vostro-celeste\\\/#primaryimage\",\"url\":\"https:\\\/\\\/www.veritatemincaritate.com\\\/wp\\\/wp-content\\\/uploads\\\/2018\\\/09\\\/PavelFlorenskij.jpg\",\"contentUrl\":\"https:\\\/\\\/www.veritatemincaritate.com\\\/wp\\\/wp-content\\\/uploads\\\/2018\\\/09\\\/PavelFlorenskij.jpg\",\"width\":600,\"height\":400},{\"@type\":\"BreadcrumbList\",\"@id\":\"https:\\\/\\\/www.veritatemincaritate.com\\\/wp\\\/2018\\\/09\\\/siate-perfetti-come-e-perfetto-il-padre-vostro-celeste\\\/#breadcrumb\",\"itemListElement\":[{\"@type\":\"ListItem\",\"position\":1,\"name\":\"Home\",\"item\":\"https:\\\/\\\/www.veritatemincaritate.com\\\/wp\\\/\"},{\"@type\":\"ListItem\",\"position\":2,\"name\":\"Siate perfetti come \u00e8 perfetto il Padre vostro celeste &#8211; Pavel Florenskij\"}]},{\"@type\":\"WebSite\",\"@id\":\"https:\\\/\\\/www.veritatemincaritate.com\\\/wp\\\/#website\",\"url\":\"https:\\\/\\\/www.veritatemincaritate.com\\\/wp\\\/\",\"name\":\"Veritatemincaritate\",\"description\":\"Agendo secondo verit\u00e0 nella carit\u00e0, cerchiamo di crescere in ogni cosa tendendo a lui, che \u00e8 il capo, Cristo\",\"publisher\":{\"@id\":\"https:\\\/\\\/www.veritatemincaritate.com\\\/wp\\\/#organization\"},\"potentialAction\":[{\"@type\":\"SearchAction\",\"target\":{\"@type\":\"EntryPoint\",\"urlTemplate\":\"https:\\\/\\\/www.veritatemincaritate.com\\\/wp\\\/?s={search_term_string}\"},\"query-input\":{\"@type\":\"PropertyValueSpecification\",\"valueRequired\":true,\"valueName\":\"search_term_string\"}}],\"inLanguage\":\"it-IT\"},{\"@type\":\"Organization\",\"@id\":\"https:\\\/\\\/www.veritatemincaritate.com\\\/wp\\\/#organization\",\"name\":\"Veritatem facientes in Caritate\",\"url\":\"https:\\\/\\\/www.veritatemincaritate.com\\\/wp\\\/\",\"logo\":{\"@type\":\"ImageObject\",\"inLanguage\":\"it-IT\",\"@id\":\"https:\\\/\\\/www.veritatemincaritate.com\\\/wp\\\/#\\\/schema\\\/logo\\\/image\\\/\",\"url\":\"https:\\\/\\\/www.veritatemincaritate.com\\\/wp\\\/wp-content\\\/uploads\\\/2020\\\/07\\\/Logo-VIC-per-canale-Youtube.jpg\",\"contentUrl\":\"https:\\\/\\\/www.veritatemincaritate.com\\\/wp\\\/wp-content\\\/uploads\\\/2020\\\/07\\\/Logo-VIC-per-canale-Youtube.jpg\",\"width\":720,\"height\":720,\"caption\":\"Veritatem facientes in Caritate\"},\"image\":{\"@id\":\"https:\\\/\\\/www.veritatemincaritate.com\\\/wp\\\/#\\\/schema\\\/logo\\\/image\\\/\"},\"sameAs\":[\"https:\\\/\\\/www.facebook.com\\\/pgiorgiomariafare\",\"https:\\\/\\\/instagram.com\\\/padre_giorgio_maria_fare?igshid=1p8wsw6b3edkc\",\"https:\\\/\\\/www.youtube.com\\\/channel\\\/UCFqjpT1nX60rx3m_SELg3lA\"]},{\"@type\":\"Person\",\"@id\":\"https:\\\/\\\/www.veritatemincaritate.com\\\/wp\\\/#\\\/schema\\\/person\\\/ae324896700d097ddc6db39f45894b80\",\"name\":\"Is551011\",\"image\":{\"@type\":\"ImageObject\",\"inLanguage\":\"it-IT\",\"@id\":\"https:\\\/\\\/secure.gravatar.com\\\/avatar\\\/c031fff76d6f121d3530ae43ac8407bd6ac4d5c3c8a89c237d6990047f9a6307?s=96&d=mm&r=g\",\"url\":\"https:\\\/\\\/secure.gravatar.com\\\/avatar\\\/c031fff76d6f121d3530ae43ac8407bd6ac4d5c3c8a89c237d6990047f9a6307?s=96&d=mm&r=g\",\"contentUrl\":\"https:\\\/\\\/secure.gravatar.com\\\/avatar\\\/c031fff76d6f121d3530ae43ac8407bd6ac4d5c3c8a89c237d6990047f9a6307?s=96&d=mm&r=g\",\"caption\":\"Is551011\"}}]}<\/script>\n<!-- \/ Yoast SEO plugin. -->","yoast_head_json":{"title":"Siate perfetti come \u00e8 perfetto il Padre vostro celeste - Pavel Florenskij - Veritatemincaritate","robots":{"index":"index","follow":"follow","max-snippet":"max-snippet:-1","max-image-preview":"max-image-preview:large","max-video-preview":"max-video-preview:-1"},"canonical":"https:\/\/www.veritatemincaritate.com\/wp\/2018\/09\/siate-perfetti-come-e-perfetto-il-padre-vostro-celeste\/","og_locale":"it_IT","og_type":"article","og_title":"Siate perfetti come \u00e8 perfetto il Padre vostro celeste - Pavel Florenskij - Veritatemincaritate","og_description":"[vc_row][vc_column][vc_column_text] Omelia Pubblichiamo l\u2019audio di\u00a0un\u2019omelia di marted\u00ec 18 settembre 2018. Predicatore:\u00a0p. Giorgio Maria Far\u00e9, OCD [\/vc_column_text][vc_column_text] Ascolta la registrazione: Per...","og_url":"https:\/\/www.veritatemincaritate.com\/wp\/2018\/09\/siate-perfetti-come-e-perfetto-il-padre-vostro-celeste\/","og_site_name":"Veritatemincaritate","article_publisher":"https:\/\/www.facebook.com\/pgiorgiomariafare","article_published_time":"2018-09-18T06:34:33+00:00","article_modified_time":"2018-09-18T06:46:41+00:00","og_image":[{"width":600,"height":400,"url":"https:\/\/www.veritatemincaritate.com\/wp\/wp-content\/uploads\/2018\/09\/PavelFlorenskij.jpg","type":"image\/jpeg"}],"author":"Is551011","twitter_card":"summary_large_image","twitter_misc":{"Scritto da":"Is551011","Tempo di lettura stimato":"4 minuti"},"schema":{"@context":"https:\/\/schema.org","@graph":[{"@type":"Article","@id":"https:\/\/www.veritatemincaritate.com\/wp\/2018\/09\/siate-perfetti-come-e-perfetto-il-padre-vostro-celeste\/#article","isPartOf":{"@id":"https:\/\/www.veritatemincaritate.com\/wp\/2018\/09\/siate-perfetti-come-e-perfetto-il-padre-vostro-celeste\/"},"author":{"name":"Is551011","@id":"https:\/\/www.veritatemincaritate.com\/wp\/#\/schema\/person\/ae324896700d097ddc6db39f45894b80"},"headline":"Siate perfetti come \u00e8 perfetto il Padre vostro celeste &#8211; Pavel Florenskij","datePublished":"2018-09-18T06:34:33+00:00","dateModified":"2018-09-18T06:46:41+00:00","mainEntityOfPage":{"@id":"https:\/\/www.veritatemincaritate.com\/wp\/2018\/09\/siate-perfetti-come-e-perfetto-il-padre-vostro-celeste\/"},"wordCount":876,"publisher":{"@id":"https:\/\/www.veritatemincaritate.com\/wp\/#organization"},"image":{"@id":"https:\/\/www.veritatemincaritate.com\/wp\/2018\/09\/siate-perfetti-come-e-perfetto-il-padre-vostro-celeste\/#primaryimage"},"thumbnailUrl":"https:\/\/www.veritatemincaritate.com\/wp\/wp-content\/uploads\/2018\/09\/PavelFlorenskij.jpg","keywords":["approssimazione","atti creativi","confusione","cura","Essere perfetti","gioia di vivere","gioia interiore","indeterminatezza","individualismo","libert\u00e0 spirituale","omelie","p. Giorgio Maria Far\u00e9","Pavel Florenskij","pensiero rigoroso","precisione","unicit\u00e0","unit\u00e0"],"articleSection":["Omelie"],"inLanguage":"it-IT"},{"@type":"WebPage","@id":"https:\/\/www.veritatemincaritate.com\/wp\/2018\/09\/siate-perfetti-come-e-perfetto-il-padre-vostro-celeste\/","url":"https:\/\/www.veritatemincaritate.com\/wp\/2018\/09\/siate-perfetti-come-e-perfetto-il-padre-vostro-celeste\/","name":"Siate perfetti come \u00e8 perfetto il Padre vostro celeste - Pavel Florenskij - Veritatemincaritate","isPartOf":{"@id":"https:\/\/www.veritatemincaritate.com\/wp\/#website"},"primaryImageOfPage":{"@id":"https:\/\/www.veritatemincaritate.com\/wp\/2018\/09\/siate-perfetti-come-e-perfetto-il-padre-vostro-celeste\/#primaryimage"},"image":{"@id":"https:\/\/www.veritatemincaritate.com\/wp\/2018\/09\/siate-perfetti-come-e-perfetto-il-padre-vostro-celeste\/#primaryimage"},"thumbnailUrl":"https:\/\/www.veritatemincaritate.com\/wp\/wp-content\/uploads\/2018\/09\/PavelFlorenskij.jpg","datePublished":"2018-09-18T06:34:33+00:00","dateModified":"2018-09-18T06:46:41+00:00","breadcrumb":{"@id":"https:\/\/www.veritatemincaritate.com\/wp\/2018\/09\/siate-perfetti-come-e-perfetto-il-padre-vostro-celeste\/#breadcrumb"},"inLanguage":"it-IT","potentialAction":[{"@type":"ReadAction","target":["https:\/\/www.veritatemincaritate.com\/wp\/2018\/09\/siate-perfetti-come-e-perfetto-il-padre-vostro-celeste\/"]}]},{"@type":"ImageObject","inLanguage":"it-IT","@id":"https:\/\/www.veritatemincaritate.com\/wp\/2018\/09\/siate-perfetti-come-e-perfetto-il-padre-vostro-celeste\/#primaryimage","url":"https:\/\/www.veritatemincaritate.com\/wp\/wp-content\/uploads\/2018\/09\/PavelFlorenskij.jpg","contentUrl":"https:\/\/www.veritatemincaritate.com\/wp\/wp-content\/uploads\/2018\/09\/PavelFlorenskij.jpg","width":600,"height":400},{"@type":"BreadcrumbList","@id":"https:\/\/www.veritatemincaritate.com\/wp\/2018\/09\/siate-perfetti-come-e-perfetto-il-padre-vostro-celeste\/#breadcrumb","itemListElement":[{"@type":"ListItem","position":1,"name":"Home","item":"https:\/\/www.veritatemincaritate.com\/wp\/"},{"@type":"ListItem","position":2,"name":"Siate perfetti come \u00e8 perfetto il Padre vostro celeste &#8211; Pavel Florenskij"}]},{"@type":"WebSite","@id":"https:\/\/www.veritatemincaritate.com\/wp\/#website","url":"https:\/\/www.veritatemincaritate.com\/wp\/","name":"Veritatemincaritate","description":"Agendo secondo verit\u00e0 nella carit\u00e0, cerchiamo di crescere in ogni cosa tendendo a lui, che \u00e8 il capo, Cristo","publisher":{"@id":"https:\/\/www.veritatemincaritate.com\/wp\/#organization"},"potentialAction":[{"@type":"SearchAction","target":{"@type":"EntryPoint","urlTemplate":"https:\/\/www.veritatemincaritate.com\/wp\/?s={search_term_string}"},"query-input":{"@type":"PropertyValueSpecification","valueRequired":true,"valueName":"search_term_string"}}],"inLanguage":"it-IT"},{"@type":"Organization","@id":"https:\/\/www.veritatemincaritate.com\/wp\/#organization","name":"Veritatem facientes in Caritate","url":"https:\/\/www.veritatemincaritate.com\/wp\/","logo":{"@type":"ImageObject","inLanguage":"it-IT","@id":"https:\/\/www.veritatemincaritate.com\/wp\/#\/schema\/logo\/image\/","url":"https:\/\/www.veritatemincaritate.com\/wp\/wp-content\/uploads\/2020\/07\/Logo-VIC-per-canale-Youtube.jpg","contentUrl":"https:\/\/www.veritatemincaritate.com\/wp\/wp-content\/uploads\/2020\/07\/Logo-VIC-per-canale-Youtube.jpg","width":720,"height":720,"caption":"Veritatem facientes in Caritate"},"image":{"@id":"https:\/\/www.veritatemincaritate.com\/wp\/#\/schema\/logo\/image\/"},"sameAs":["https:\/\/www.facebook.com\/pgiorgiomariafare","https:\/\/instagram.com\/padre_giorgio_maria_fare?igshid=1p8wsw6b3edkc","https:\/\/www.youtube.com\/channel\/UCFqjpT1nX60rx3m_SELg3lA"]},{"@type":"Person","@id":"https:\/\/www.veritatemincaritate.com\/wp\/#\/schema\/person\/ae324896700d097ddc6db39f45894b80","name":"Is551011","image":{"@type":"ImageObject","inLanguage":"it-IT","@id":"https:\/\/secure.gravatar.com\/avatar\/c031fff76d6f121d3530ae43ac8407bd6ac4d5c3c8a89c237d6990047f9a6307?s=96&d=mm&r=g","url":"https:\/\/secure.gravatar.com\/avatar\/c031fff76d6f121d3530ae43ac8407bd6ac4d5c3c8a89c237d6990047f9a6307?s=96&d=mm&r=g","contentUrl":"https:\/\/secure.gravatar.com\/avatar\/c031fff76d6f121d3530ae43ac8407bd6ac4d5c3c8a89c237d6990047f9a6307?s=96&d=mm&r=g","caption":"Is551011"}}]}},"menu_order":0,"_links":{"self":[{"href":"https:\/\/www.veritatemincaritate.com\/wp\/wp-json\/wp\/v2\/posts\/8843","targetHints":{"allow":["GET"]}}],"collection":[{"href":"https:\/\/www.veritatemincaritate.com\/wp\/wp-json\/wp\/v2\/posts"}],"about":[{"href":"https:\/\/www.veritatemincaritate.com\/wp\/wp-json\/wp\/v2\/types\/post"}],"author":[{"embeddable":true,"href":"https:\/\/www.veritatemincaritate.com\/wp\/wp-json\/wp\/v2\/users\/4"}],"replies":[{"embeddable":true,"href":"https:\/\/www.veritatemincaritate.com\/wp\/wp-json\/wp\/v2\/comments?post=8843"}],"version-history":[{"count":0,"href":"https:\/\/www.veritatemincaritate.com\/wp\/wp-json\/wp\/v2\/posts\/8843\/revisions"}],"wp:featuredmedia":[{"embeddable":true,"href":"https:\/\/www.veritatemincaritate.com\/wp\/wp-json\/wp\/v2\/media\/8844"}],"wp:attachment":[{"href":"https:\/\/www.veritatemincaritate.com\/wp\/wp-json\/wp\/v2\/media?parent=8843"}],"wp:term":[{"taxonomy":"category","embeddable":true,"href":"https:\/\/www.veritatemincaritate.com\/wp\/wp-json\/wp\/v2\/categories?post=8843"},{"taxonomy":"post_tag","embeddable":true,"href":"https:\/\/www.veritatemincaritate.com\/wp\/wp-json\/wp\/v2\/tags?post=8843"}],"curies":[{"name":"wp","href":"https:\/\/api.w.org\/{rel}","templated":true}]}}