{"id":9168,"date":"2018-10-30T08:29:08","date_gmt":"2018-10-30T07:29:08","guid":{"rendered":"https:\/\/www.veritatemincaritate.com\/?p=9168"},"modified":"2018-10-30T08:36:51","modified_gmt":"2018-10-30T07:36:51","slug":"e-il-silenzio-che-matura-il-regno-di-dio-in-noi","status":"publish","type":"post","link":"https:\/\/www.veritatemincaritate.com\/wp\/2018\/10\/e-il-silenzio-che-matura-il-regno-di-dio-in-noi\/","title":{"rendered":"E&#8217; il silenzio che matura il Regno di Dio in noi"},"content":{"rendered":"<div class=\"wpb-content-wrapper\"><p>[vc_row][vc_column][vc_column_text]<\/p>\n<h3>Omelia<\/h3>\n<div class=\"vc_row wpb_row vc_row-fluid\">\n<div class=\"wpb_column vc_column_container vc_col-sm-12\">\n<div class=\"vc_column-inner \">\n<div class=\"wpb_wrapper\">\n<div class=\"wpb_text_column wpb_content_element \">\n<div class=\"wpb_wrapper\">\n<p>Pubblichiamo l\u2019audio di\u00a0un\u2019omelia di marted\u00ec 30 ottobre 2018.<\/p>\n<p>Predicatore:\u00a0p. Giorgio Maria Far\u00e9, OCD<\/p>\n<\/div>\n<\/div>\n<\/div>\n<\/div>\n<\/div>\n<\/div>\n<p>[\/vc_column_text][vc_column_text]<\/p>\n<h4>Ascolta la registrazione:<\/h4>\n<p>Per motivi di intenso traffico non ci \u00e8 possibile rendere disponibile l&#8217;ascolto dei file audio direttamente dal nostro sito. Se hai dubbi su come fare, vai alle <a href=\"http:\/\/www.veritatemincaritate.com\/chi-siamo\/istruzioni-per-lascolto-delle-registrazioni\/\" target=\"_blank\" rel=\"noopener\">istruzioni per l&#8217;ascolto delle registrazioni<\/a>.[\/vc_column_text][\/vc_column][\/vc_row][vc_row][vc_column][vc_row_inner][vc_column_inner width=&#8221;1\/2&#8243;][vc_column_text]<style type=\"text\/css\">.thegem-button-69f39832341797181 .gem-button {font-size: 14px;}.thegem-button-69f39832341797181 .gem-button-text {font-size: 14px;}.thegem-button-69f39832341797181 .gem-button svg {fill: #FFFFFF;}<\/style><div class=\"gem-button-container gem-button-position-inline thegem-button-69f39832341797181    \"  ><a class=\"gem-button gem-button-size-small gem-button-style-flat gem-button-text-weight-normal\" data-ll-effect=\"drop-right-without-wrap\" style=\"border-radius: 3px;background-color: #FF5C00;color: #FFFFFF;\" onmouseleave=\"this.style.backgroundColor='#FF5C00';this.style.color='#FFFFFF';\" onmouseenter=\"\" href=\"https:\/\/www.dropbox.com\/s\/k5gteagfi5wb1nf\/181030-Omelie-SilenzioeRegnoDiDio.m4a?dl=1\" target=\"_self\">Scarica la registrazione<\/a><\/div> [\/vc_column_text][\/vc_column_inner][vc_column_inner width=&#8221;1\/2&#8243;][vc_column_text]<style type=\"text\/css\">.thegem-button-69f39832343319102 .gem-button {font-size: 14px;}.thegem-button-69f39832343319102 .gem-button-text {font-size: 14px;}.thegem-button-69f39832343319102 .gem-button svg {fill: #FFFFFF;}<\/style><div class=\"gem-button-container gem-button-position-inline thegem-button-69f39832343319102    \"  ><a class=\"gem-button gem-button-size-small gem-button-style-flat gem-button-text-weight-normal\" data-ll-effect=\"drop-right-without-wrap\" style=\"border-radius: 3px;background-color: #FF5C00;color: #FFFFFF;\" onmouseleave=\"this.style.backgroundColor='#FF5C00';this.style.color='#FFFFFF';\" onmouseenter=\"\" href=\"https:\/\/www.dropbox.com\/s\/k5gteagfi5wb1nf\/181030-Omelie-SilenzioeRegnoDiDio.m4a?dl=0\" target=\"_self\">Ascolta la registrazione<\/a><\/div> [\/vc_column_text][\/vc_column_inner][\/vc_row_inner][\/vc_column][\/vc_row][vc_row][vc_column][vc_empty_space][vc_separator color=&#8221;orange&#8221;][vc_column_text]<\/p>\n<h2>Approfondimento<\/h2>\n<p>[\/vc_column_text][vc_column_text]<\/p>\n<h3>Testo letto durante l&#8217;omelia<\/h3>\n<p>Il P. Giovan Taulero (appresso il P. Sangiur\u00e8 Erar. to 3, e\u2019 l P. Nieremb. Vita Div.) narra di se stesso, che avendo egli pregato per molti anni il Signore a mandargli chi gli insegnasse la vera vita spirituale, un giorno ud\u00ec una voce, che gli disse: Va alla tal Chiesa, ed alla porta trova un misero mendico, scalzo, e tutto lacero; lo saluta: Buon giorno, amico. Il povero risponde: Signor maestro, io non mi ricordo giammai d\u2019aver avuto un giorno cattivo. Il Padre replic\u00f2: Iddio vi dia una felice vita. Ripigli\u00f2 quegli; Ma io non sono stato mai infelice. E poi soggiunse: Udite, Padre mio, non a caso io ho detto non aver avuto alcun giorno cattivo, perch\u00e9 quando ho fame, io lodo Dio; quando fa neve, o pioggia io lo benedico: se alcuno mi disprezza, mi scaccia, se provo altra miseria, io sempre ne do gloria al mio Dio. Ho detto poi, che non sono stato mai infelice, e ci\u00f2 anch\u2019 \u00e8 vero, poich\u2019 io sono avvezzo a volere tutto ci\u00f2, che vuole Dio senza reserba; perci\u00f2 tutto quel, che m\u2019 avviene o di dolce, o di amaro, io lo ricevo dalla sua mano con allegrezza, come il meglio per me, e questa \u00e8 la mia felicit\u00e0.E se mai, ripigli\u00f2 il Taulero, Dio vi volesse dannato, voi che direste? Se Dio ci\u00f2 volesse (rispose il mendico), io coll\u2019umilt\u00e0, e coll\u2019amore mi abbraccierei col mio Signore, e lo terrei s\u00ec forte, che se egli volesse precipitarmi all\u2019Inferno, sarebbe necessitato a venir meco, e cos\u00ec poi mi sarebbe pi\u00f9 dolce essere con lui nell\u2019inferno, che posseder senza lui tutte le delizie del cielo. Dove avete trovato voi Dio, disse il Padre? E quegli: Io l\u2019ho trovato, dove ho lasciate le creature. Voi chi siete? E\u2019 l povero: Io sono Re. E dove sta il vostro Regno? Sta nell\u2019anima mia, dove io tengo tutto ordinato, le passioni ubbidiscono alla ragione, e la ragione a Dio. Finalmente il Taulero gli domand\u00f2, che cosa l\u2019avea condotto a tanta perfezione? E\u2019 stato (rispose) il silenzio, tacendo cogli uomini per parlare con Dio; e l\u2019unione, che ho tenuta col mio Signore, in cui ho trovata, e trovo tutta la mia pace. Tale in somma fu questo povero per l\u2019unione, ch\u2019 ebbe colla divina volont\u00e0; egli fu certamente nella sua povert\u00e0 pi\u00f9 ricco, che tutti i Monarchi della terra, e ne\u2019 suoi patimenti pi\u00f9 felice che tutti i mondani colle loro delizie terrene.<\/p>\n<p><em>Testo tratto dall'&#8221;Uniformit\u00e0 alla volont\u00e0 di Dio&#8221; di\u00a0S. Alfonso Maria &#8216;de Liguori<\/em>[\/vc_column_text][vc_column_text]<\/p>\n<h2>Letture del giorno<\/h2>\n<p>[\/vc_column_text][vc_column_text]<strong>Marted\u00ec della XXX settimana del Tempo Ordinario (Anno pari)<\/strong><\/p>\n<p><strong>PRIMA LETTURA<\/strong> <em>(Ef 5,21-33)<\/em><br \/>\n<em>Questo mistero \u00e8 grande: io lo dico in riferimento a Cristo e alla Chiesa!<\/em><\/p>\n<p>Fratelli, nel timore di Cristo, siate sottomessi gli uni agli altri: le mogli lo siano ai loro mariti, come al Signore; il marito infatti \u00e8 capo della moglie, cos\u00ec come Cristo \u00e8 capo della Chiesa, lui che \u00e8 salvatore del corpo. E come la Chiesa \u00e8 sottomessa a Cristo, cos\u00ec anche le mogli lo siano ai loro mariti in tutto.<br \/>\nE voi, mariti, amate le vostre mogli, come anche Cristo ha amato la Chiesa e ha dato se stesso per lei, per renderla santa, purificandola con il lavacro dell\u2019acqua mediante la parola, e per presentare a se stesso la Chiesa tutta gloriosa, senza macchia n\u00e9 ruga o alcunch\u00e9 di simile, ma santa e immacolata. Cos\u00ec anche i mariti hanno il dovere di amare le mogli come il proprio corpo: chi ama la propria moglie, ama se stesso. Nessuno infatti ha mai odiato la propria carne, anzi la nutre e la cura, come anche Cristo fa con la Chiesa, poich\u00e9 siamo membra del suo corpo.<br \/>\nPer questo l\u2019uomo lascer\u00e0 il padre e la madre e si unir\u00e0 a sua moglie e i due diventeranno una sola carne. Questo mistero \u00e8 grande: io lo dico in riferimento a Cristo e alla Chiesa! Cos\u00ec anche voi: ciascuno da parte sua ami la propria moglie come se stesso, e la moglie sia rispettosa verso il marito.<\/p>\n<p><strong>SALMO RESPONSORIALE<\/strong><em> (Sal 127)<\/em><br \/>\n<strong>Rit. Beato chi teme il Signore.<\/strong><\/p>\n<p>Beato chi teme il Signore<br \/>\ne cammina nelle sue vie.<br \/>\nDella fatica delle tue mani ti nutrirai,<br \/>\nsarai felice e avrai ogni bene.<\/p>\n<p>La tua sposa come vite feconda<br \/>\nnell\u2019intimit\u00e0 della tua casa;<br \/>\ni tuoi figli come virgulti d\u2019ulivo<br \/>\nintorno alla tua mensa.<\/p>\n<p>Ecco com\u2019\u00e8 benedetto<br \/>\nl\u2019uomo che teme il Signore.<br \/>\nTi benedica il Signore da Sion.<br \/>\nPossa tu vedere il bene di Gerusalemme<br \/>\ntutti i giorni della tua vita!<\/p>\n<p><strong>Canto al Vangelo<\/strong> <em>(Mt 11,25)<\/em><br \/>\nAlleluia, alleluia.<br \/>\nTi rendo lode, Padre,<br \/>\nSignore del cielo e della terra,<br \/>\nperch\u00e9 ai piccoli hai rivelato i misteri del Regno.<br \/>\nAlleluia.<\/p>\n<p><strong>VANGELO<\/strong><em> (Lc 13,18-21)<\/em><br \/>\n<em>Il granello crebbe e divenne un albero.<\/em><\/p>\n<p>In quel tempo, diceva Ges\u00f9: \u00abA che cosa \u00e8 simile il regno di Dio, e a che cosa lo posso paragonare? \u00c8 simile a un granello di senape, che un uomo prese e gett\u00f2 nel suo giardino; crebbe, divenne un albero e gli uccelli del cielo vennero a fare il nido fra i suoi rami\u00bb.<br \/>\nE disse ancora: \u00abA che cosa posso paragonare il regno di Dio? \u00c8 simile al lievito, che una donna prese e mescol\u00f2 in tre misure di farina, finch\u00e9 non fu tutta lievitata\u00bb.[\/vc_column_text][\/vc_column][\/vc_row]<\/p>\n<\/div>","protected":false},"excerpt":{"rendered":"<p>[vc_row][vc_column][vc_column_text] Omelia Pubblichiamo l\u2019audio di\u00a0un\u2019omelia di marted\u00ec 30 ottobre 2018. Predicatore:\u00a0p. Giorgio Maria Far\u00e9, OCD [\/vc_column_text][vc_column_text] Ascolta la registrazione: Per&#8230;<\/p>\n","protected":false},"author":4,"featured_media":9215,"comment_status":"closed","ping_status":"closed","sticky":false,"template":"","format":"standard","meta":{"footnotes":""},"categories":[15],"tags":[16,17,1588,817],"class_list":{"0":"post-9168","1":"post","2":"type-post","3":"status-publish","4":"format-standard","5":"has-post-thumbnail","7":"category-omelie","8":"tag-omelie","9":"tag-p-giorgio-maria-fare","10":"tag-regno-di-dio","11":"tag-silenzio"},"yoast_head":"<!-- This site is optimized with the Yoast SEO plugin v27.5 - https:\/\/yoast.com\/product\/yoast-seo-wordpress\/ -->\n<title>E&#039; il silenzio che matura il Regno di Dio in noi - Veritatemincaritate<\/title>\n<meta name=\"robots\" content=\"index, follow, max-snippet:-1, max-image-preview:large, max-video-preview:-1\" \/>\n<link rel=\"canonical\" href=\"https:\/\/www.veritatemincaritate.com\/wp\/2018\/10\/e-il-silenzio-che-matura-il-regno-di-dio-in-noi\/\" \/>\n<meta property=\"og:locale\" content=\"it_IT\" \/>\n<meta property=\"og:type\" content=\"article\" \/>\n<meta property=\"og:title\" content=\"E&#039; il silenzio che matura il Regno di Dio in noi - Veritatemincaritate\" \/>\n<meta property=\"og:description\" content=\"[vc_row][vc_column][vc_column_text] Omelia Pubblichiamo l\u2019audio di\u00a0un\u2019omelia di marted\u00ec 30 ottobre 2018. Predicatore:\u00a0p. Giorgio Maria Far\u00e9, OCD [\/vc_column_text][vc_column_text] Ascolta la registrazione: Per...\" \/>\n<meta property=\"og:url\" content=\"https:\/\/www.veritatemincaritate.com\/wp\/2018\/10\/e-il-silenzio-che-matura-il-regno-di-dio-in-noi\/\" \/>\n<meta property=\"og:site_name\" content=\"Veritatemincaritate\" \/>\n<meta property=\"article:publisher\" content=\"https:\/\/www.facebook.com\/pgiorgiomariafare\" \/>\n<meta property=\"article:published_time\" content=\"2018-10-30T07:29:08+00:00\" \/>\n<meta property=\"article:modified_time\" content=\"2018-10-30T07:36:51+00:00\" \/>\n<meta property=\"og:image\" content=\"https:\/\/www.veritatemincaritate.com\/wp\/wp-content\/uploads\/2018\/10\/Mani-che-impastano.jpg\" \/>\n\t<meta property=\"og:image:width\" content=\"600\" \/>\n\t<meta property=\"og:image:height\" content=\"400\" \/>\n\t<meta property=\"og:image:type\" content=\"image\/jpeg\" \/>\n<meta name=\"author\" content=\"Is551011\" \/>\n<meta name=\"twitter:card\" content=\"summary_large_image\" \/>\n<meta name=\"twitter:label1\" content=\"Scritto da\" \/>\n\t<meta name=\"twitter:data1\" content=\"Is551011\" \/>\n\t<meta name=\"twitter:label2\" content=\"Tempo di lettura stimato\" \/>\n\t<meta name=\"twitter:data2\" content=\"6 minuti\" \/>\n<script type=\"application\/ld+json\" class=\"yoast-schema-graph\">{\"@context\":\"https:\\\/\\\/schema.org\",\"@graph\":[{\"@type\":\"Article\",\"@id\":\"https:\\\/\\\/www.veritatemincaritate.com\\\/wp\\\/2018\\\/10\\\/e-il-silenzio-che-matura-il-regno-di-dio-in-noi\\\/#article\",\"isPartOf\":{\"@id\":\"https:\\\/\\\/www.veritatemincaritate.com\\\/wp\\\/2018\\\/10\\\/e-il-silenzio-che-matura-il-regno-di-dio-in-noi\\\/\"},\"author\":{\"name\":\"Is551011\",\"@id\":\"https:\\\/\\\/www.veritatemincaritate.com\\\/wp\\\/#\\\/schema\\\/person\\\/ae324896700d097ddc6db39f45894b80\"},\"headline\":\"E&#8217; il silenzio che matura il Regno di Dio in noi\",\"datePublished\":\"2018-10-30T07:29:08+00:00\",\"dateModified\":\"2018-10-30T07:36:51+00:00\",\"mainEntityOfPage\":{\"@id\":\"https:\\\/\\\/www.veritatemincaritate.com\\\/wp\\\/2018\\\/10\\\/e-il-silenzio-che-matura-il-regno-di-dio-in-noi\\\/\"},\"wordCount\":1145,\"publisher\":{\"@id\":\"https:\\\/\\\/www.veritatemincaritate.com\\\/wp\\\/#organization\"},\"image\":{\"@id\":\"https:\\\/\\\/www.veritatemincaritate.com\\\/wp\\\/2018\\\/10\\\/e-il-silenzio-che-matura-il-regno-di-dio-in-noi\\\/#primaryimage\"},\"thumbnailUrl\":\"https:\\\/\\\/www.veritatemincaritate.com\\\/wp\\\/wp-content\\\/uploads\\\/2018\\\/10\\\/Mani-che-impastano.jpg\",\"keywords\":[\"omelie\",\"p. Giorgio Maria Far\u00e9\",\"Regno di Dio\",\"silenzio\"],\"articleSection\":[\"Omelie\"],\"inLanguage\":\"it-IT\"},{\"@type\":\"WebPage\",\"@id\":\"https:\\\/\\\/www.veritatemincaritate.com\\\/wp\\\/2018\\\/10\\\/e-il-silenzio-che-matura-il-regno-di-dio-in-noi\\\/\",\"url\":\"https:\\\/\\\/www.veritatemincaritate.com\\\/wp\\\/2018\\\/10\\\/e-il-silenzio-che-matura-il-regno-di-dio-in-noi\\\/\",\"name\":\"E' il silenzio che matura il Regno di Dio in noi - Veritatemincaritate\",\"isPartOf\":{\"@id\":\"https:\\\/\\\/www.veritatemincaritate.com\\\/wp\\\/#website\"},\"primaryImageOfPage\":{\"@id\":\"https:\\\/\\\/www.veritatemincaritate.com\\\/wp\\\/2018\\\/10\\\/e-il-silenzio-che-matura-il-regno-di-dio-in-noi\\\/#primaryimage\"},\"image\":{\"@id\":\"https:\\\/\\\/www.veritatemincaritate.com\\\/wp\\\/2018\\\/10\\\/e-il-silenzio-che-matura-il-regno-di-dio-in-noi\\\/#primaryimage\"},\"thumbnailUrl\":\"https:\\\/\\\/www.veritatemincaritate.com\\\/wp\\\/wp-content\\\/uploads\\\/2018\\\/10\\\/Mani-che-impastano.jpg\",\"datePublished\":\"2018-10-30T07:29:08+00:00\",\"dateModified\":\"2018-10-30T07:36:51+00:00\",\"breadcrumb\":{\"@id\":\"https:\\\/\\\/www.veritatemincaritate.com\\\/wp\\\/2018\\\/10\\\/e-il-silenzio-che-matura-il-regno-di-dio-in-noi\\\/#breadcrumb\"},\"inLanguage\":\"it-IT\",\"potentialAction\":[{\"@type\":\"ReadAction\",\"target\":[\"https:\\\/\\\/www.veritatemincaritate.com\\\/wp\\\/2018\\\/10\\\/e-il-silenzio-che-matura-il-regno-di-dio-in-noi\\\/\"]}]},{\"@type\":\"ImageObject\",\"inLanguage\":\"it-IT\",\"@id\":\"https:\\\/\\\/www.veritatemincaritate.com\\\/wp\\\/2018\\\/10\\\/e-il-silenzio-che-matura-il-regno-di-dio-in-noi\\\/#primaryimage\",\"url\":\"https:\\\/\\\/www.veritatemincaritate.com\\\/wp\\\/wp-content\\\/uploads\\\/2018\\\/10\\\/Mani-che-impastano.jpg\",\"contentUrl\":\"https:\\\/\\\/www.veritatemincaritate.com\\\/wp\\\/wp-content\\\/uploads\\\/2018\\\/10\\\/Mani-che-impastano.jpg\",\"width\":600,\"height\":400},{\"@type\":\"BreadcrumbList\",\"@id\":\"https:\\\/\\\/www.veritatemincaritate.com\\\/wp\\\/2018\\\/10\\\/e-il-silenzio-che-matura-il-regno-di-dio-in-noi\\\/#breadcrumb\",\"itemListElement\":[{\"@type\":\"ListItem\",\"position\":1,\"name\":\"Home\",\"item\":\"https:\\\/\\\/www.veritatemincaritate.com\\\/wp\\\/\"},{\"@type\":\"ListItem\",\"position\":2,\"name\":\"E&#8217; il silenzio che matura il Regno di Dio in noi\"}]},{\"@type\":\"WebSite\",\"@id\":\"https:\\\/\\\/www.veritatemincaritate.com\\\/wp\\\/#website\",\"url\":\"https:\\\/\\\/www.veritatemincaritate.com\\\/wp\\\/\",\"name\":\"Veritatemincaritate\",\"description\":\"Agendo secondo verit\u00e0 nella carit\u00e0, cerchiamo di crescere in ogni cosa tendendo a lui, che \u00e8 il capo, Cristo\",\"publisher\":{\"@id\":\"https:\\\/\\\/www.veritatemincaritate.com\\\/wp\\\/#organization\"},\"potentialAction\":[{\"@type\":\"SearchAction\",\"target\":{\"@type\":\"EntryPoint\",\"urlTemplate\":\"https:\\\/\\\/www.veritatemincaritate.com\\\/wp\\\/?s={search_term_string}\"},\"query-input\":{\"@type\":\"PropertyValueSpecification\",\"valueRequired\":true,\"valueName\":\"search_term_string\"}}],\"inLanguage\":\"it-IT\"},{\"@type\":\"Organization\",\"@id\":\"https:\\\/\\\/www.veritatemincaritate.com\\\/wp\\\/#organization\",\"name\":\"Veritatem facientes in Caritate\",\"url\":\"https:\\\/\\\/www.veritatemincaritate.com\\\/wp\\\/\",\"logo\":{\"@type\":\"ImageObject\",\"inLanguage\":\"it-IT\",\"@id\":\"https:\\\/\\\/www.veritatemincaritate.com\\\/wp\\\/#\\\/schema\\\/logo\\\/image\\\/\",\"url\":\"https:\\\/\\\/www.veritatemincaritate.com\\\/wp\\\/wp-content\\\/uploads\\\/2020\\\/07\\\/Logo-VIC-per-canale-Youtube.jpg\",\"contentUrl\":\"https:\\\/\\\/www.veritatemincaritate.com\\\/wp\\\/wp-content\\\/uploads\\\/2020\\\/07\\\/Logo-VIC-per-canale-Youtube.jpg\",\"width\":720,\"height\":720,\"caption\":\"Veritatem facientes in Caritate\"},\"image\":{\"@id\":\"https:\\\/\\\/www.veritatemincaritate.com\\\/wp\\\/#\\\/schema\\\/logo\\\/image\\\/\"},\"sameAs\":[\"https:\\\/\\\/www.facebook.com\\\/pgiorgiomariafare\",\"https:\\\/\\\/instagram.com\\\/padre_giorgio_maria_fare?igshid=1p8wsw6b3edkc\",\"https:\\\/\\\/www.youtube.com\\\/channel\\\/UCFqjpT1nX60rx3m_SELg3lA\"]},{\"@type\":\"Person\",\"@id\":\"https:\\\/\\\/www.veritatemincaritate.com\\\/wp\\\/#\\\/schema\\\/person\\\/ae324896700d097ddc6db39f45894b80\",\"name\":\"Is551011\",\"image\":{\"@type\":\"ImageObject\",\"inLanguage\":\"it-IT\",\"@id\":\"https:\\\/\\\/secure.gravatar.com\\\/avatar\\\/c031fff76d6f121d3530ae43ac8407bd6ac4d5c3c8a89c237d6990047f9a6307?s=96&d=mm&r=g\",\"url\":\"https:\\\/\\\/secure.gravatar.com\\\/avatar\\\/c031fff76d6f121d3530ae43ac8407bd6ac4d5c3c8a89c237d6990047f9a6307?s=96&d=mm&r=g\",\"contentUrl\":\"https:\\\/\\\/secure.gravatar.com\\\/avatar\\\/c031fff76d6f121d3530ae43ac8407bd6ac4d5c3c8a89c237d6990047f9a6307?s=96&d=mm&r=g\",\"caption\":\"Is551011\"}}]}<\/script>\n<!-- \/ Yoast SEO plugin. -->","yoast_head_json":{"title":"E' il silenzio che matura il Regno di Dio in noi - Veritatemincaritate","robots":{"index":"index","follow":"follow","max-snippet":"max-snippet:-1","max-image-preview":"max-image-preview:large","max-video-preview":"max-video-preview:-1"},"canonical":"https:\/\/www.veritatemincaritate.com\/wp\/2018\/10\/e-il-silenzio-che-matura-il-regno-di-dio-in-noi\/","og_locale":"it_IT","og_type":"article","og_title":"E' il silenzio che matura il Regno di Dio in noi - Veritatemincaritate","og_description":"[vc_row][vc_column][vc_column_text] Omelia Pubblichiamo l\u2019audio di\u00a0un\u2019omelia di marted\u00ec 30 ottobre 2018. Predicatore:\u00a0p. Giorgio Maria Far\u00e9, OCD [\/vc_column_text][vc_column_text] Ascolta la registrazione: Per...","og_url":"https:\/\/www.veritatemincaritate.com\/wp\/2018\/10\/e-il-silenzio-che-matura-il-regno-di-dio-in-noi\/","og_site_name":"Veritatemincaritate","article_publisher":"https:\/\/www.facebook.com\/pgiorgiomariafare","article_published_time":"2018-10-30T07:29:08+00:00","article_modified_time":"2018-10-30T07:36:51+00:00","og_image":[{"width":600,"height":400,"url":"https:\/\/www.veritatemincaritate.com\/wp\/wp-content\/uploads\/2018\/10\/Mani-che-impastano.jpg","type":"image\/jpeg"}],"author":"Is551011","twitter_card":"summary_large_image","twitter_misc":{"Scritto da":"Is551011","Tempo di lettura stimato":"6 minuti"},"schema":{"@context":"https:\/\/schema.org","@graph":[{"@type":"Article","@id":"https:\/\/www.veritatemincaritate.com\/wp\/2018\/10\/e-il-silenzio-che-matura-il-regno-di-dio-in-noi\/#article","isPartOf":{"@id":"https:\/\/www.veritatemincaritate.com\/wp\/2018\/10\/e-il-silenzio-che-matura-il-regno-di-dio-in-noi\/"},"author":{"name":"Is551011","@id":"https:\/\/www.veritatemincaritate.com\/wp\/#\/schema\/person\/ae324896700d097ddc6db39f45894b80"},"headline":"E&#8217; il silenzio che matura il Regno di Dio in noi","datePublished":"2018-10-30T07:29:08+00:00","dateModified":"2018-10-30T07:36:51+00:00","mainEntityOfPage":{"@id":"https:\/\/www.veritatemincaritate.com\/wp\/2018\/10\/e-il-silenzio-che-matura-il-regno-di-dio-in-noi\/"},"wordCount":1145,"publisher":{"@id":"https:\/\/www.veritatemincaritate.com\/wp\/#organization"},"image":{"@id":"https:\/\/www.veritatemincaritate.com\/wp\/2018\/10\/e-il-silenzio-che-matura-il-regno-di-dio-in-noi\/#primaryimage"},"thumbnailUrl":"https:\/\/www.veritatemincaritate.com\/wp\/wp-content\/uploads\/2018\/10\/Mani-che-impastano.jpg","keywords":["omelie","p. Giorgio Maria Far\u00e9","Regno di Dio","silenzio"],"articleSection":["Omelie"],"inLanguage":"it-IT"},{"@type":"WebPage","@id":"https:\/\/www.veritatemincaritate.com\/wp\/2018\/10\/e-il-silenzio-che-matura-il-regno-di-dio-in-noi\/","url":"https:\/\/www.veritatemincaritate.com\/wp\/2018\/10\/e-il-silenzio-che-matura-il-regno-di-dio-in-noi\/","name":"E' il silenzio che matura il Regno di Dio in noi - Veritatemincaritate","isPartOf":{"@id":"https:\/\/www.veritatemincaritate.com\/wp\/#website"},"primaryImageOfPage":{"@id":"https:\/\/www.veritatemincaritate.com\/wp\/2018\/10\/e-il-silenzio-che-matura-il-regno-di-dio-in-noi\/#primaryimage"},"image":{"@id":"https:\/\/www.veritatemincaritate.com\/wp\/2018\/10\/e-il-silenzio-che-matura-il-regno-di-dio-in-noi\/#primaryimage"},"thumbnailUrl":"https:\/\/www.veritatemincaritate.com\/wp\/wp-content\/uploads\/2018\/10\/Mani-che-impastano.jpg","datePublished":"2018-10-30T07:29:08+00:00","dateModified":"2018-10-30T07:36:51+00:00","breadcrumb":{"@id":"https:\/\/www.veritatemincaritate.com\/wp\/2018\/10\/e-il-silenzio-che-matura-il-regno-di-dio-in-noi\/#breadcrumb"},"inLanguage":"it-IT","potentialAction":[{"@type":"ReadAction","target":["https:\/\/www.veritatemincaritate.com\/wp\/2018\/10\/e-il-silenzio-che-matura-il-regno-di-dio-in-noi\/"]}]},{"@type":"ImageObject","inLanguage":"it-IT","@id":"https:\/\/www.veritatemincaritate.com\/wp\/2018\/10\/e-il-silenzio-che-matura-il-regno-di-dio-in-noi\/#primaryimage","url":"https:\/\/www.veritatemincaritate.com\/wp\/wp-content\/uploads\/2018\/10\/Mani-che-impastano.jpg","contentUrl":"https:\/\/www.veritatemincaritate.com\/wp\/wp-content\/uploads\/2018\/10\/Mani-che-impastano.jpg","width":600,"height":400},{"@type":"BreadcrumbList","@id":"https:\/\/www.veritatemincaritate.com\/wp\/2018\/10\/e-il-silenzio-che-matura-il-regno-di-dio-in-noi\/#breadcrumb","itemListElement":[{"@type":"ListItem","position":1,"name":"Home","item":"https:\/\/www.veritatemincaritate.com\/wp\/"},{"@type":"ListItem","position":2,"name":"E&#8217; il silenzio che matura il Regno di Dio in noi"}]},{"@type":"WebSite","@id":"https:\/\/www.veritatemincaritate.com\/wp\/#website","url":"https:\/\/www.veritatemincaritate.com\/wp\/","name":"Veritatemincaritate","description":"Agendo secondo verit\u00e0 nella carit\u00e0, cerchiamo di crescere in ogni cosa tendendo a lui, che \u00e8 il capo, Cristo","publisher":{"@id":"https:\/\/www.veritatemincaritate.com\/wp\/#organization"},"potentialAction":[{"@type":"SearchAction","target":{"@type":"EntryPoint","urlTemplate":"https:\/\/www.veritatemincaritate.com\/wp\/?s={search_term_string}"},"query-input":{"@type":"PropertyValueSpecification","valueRequired":true,"valueName":"search_term_string"}}],"inLanguage":"it-IT"},{"@type":"Organization","@id":"https:\/\/www.veritatemincaritate.com\/wp\/#organization","name":"Veritatem facientes in Caritate","url":"https:\/\/www.veritatemincaritate.com\/wp\/","logo":{"@type":"ImageObject","inLanguage":"it-IT","@id":"https:\/\/www.veritatemincaritate.com\/wp\/#\/schema\/logo\/image\/","url":"https:\/\/www.veritatemincaritate.com\/wp\/wp-content\/uploads\/2020\/07\/Logo-VIC-per-canale-Youtube.jpg","contentUrl":"https:\/\/www.veritatemincaritate.com\/wp\/wp-content\/uploads\/2020\/07\/Logo-VIC-per-canale-Youtube.jpg","width":720,"height":720,"caption":"Veritatem facientes in Caritate"},"image":{"@id":"https:\/\/www.veritatemincaritate.com\/wp\/#\/schema\/logo\/image\/"},"sameAs":["https:\/\/www.facebook.com\/pgiorgiomariafare","https:\/\/instagram.com\/padre_giorgio_maria_fare?igshid=1p8wsw6b3edkc","https:\/\/www.youtube.com\/channel\/UCFqjpT1nX60rx3m_SELg3lA"]},{"@type":"Person","@id":"https:\/\/www.veritatemincaritate.com\/wp\/#\/schema\/person\/ae324896700d097ddc6db39f45894b80","name":"Is551011","image":{"@type":"ImageObject","inLanguage":"it-IT","@id":"https:\/\/secure.gravatar.com\/avatar\/c031fff76d6f121d3530ae43ac8407bd6ac4d5c3c8a89c237d6990047f9a6307?s=96&d=mm&r=g","url":"https:\/\/secure.gravatar.com\/avatar\/c031fff76d6f121d3530ae43ac8407bd6ac4d5c3c8a89c237d6990047f9a6307?s=96&d=mm&r=g","contentUrl":"https:\/\/secure.gravatar.com\/avatar\/c031fff76d6f121d3530ae43ac8407bd6ac4d5c3c8a89c237d6990047f9a6307?s=96&d=mm&r=g","caption":"Is551011"}}]}},"menu_order":0,"_links":{"self":[{"href":"https:\/\/www.veritatemincaritate.com\/wp\/wp-json\/wp\/v2\/posts\/9168","targetHints":{"allow":["GET"]}}],"collection":[{"href":"https:\/\/www.veritatemincaritate.com\/wp\/wp-json\/wp\/v2\/posts"}],"about":[{"href":"https:\/\/www.veritatemincaritate.com\/wp\/wp-json\/wp\/v2\/types\/post"}],"author":[{"embeddable":true,"href":"https:\/\/www.veritatemincaritate.com\/wp\/wp-json\/wp\/v2\/users\/4"}],"replies":[{"embeddable":true,"href":"https:\/\/www.veritatemincaritate.com\/wp\/wp-json\/wp\/v2\/comments?post=9168"}],"version-history":[{"count":0,"href":"https:\/\/www.veritatemincaritate.com\/wp\/wp-json\/wp\/v2\/posts\/9168\/revisions"}],"wp:featuredmedia":[{"embeddable":true,"href":"https:\/\/www.veritatemincaritate.com\/wp\/wp-json\/wp\/v2\/media\/9215"}],"wp:attachment":[{"href":"https:\/\/www.veritatemincaritate.com\/wp\/wp-json\/wp\/v2\/media?parent=9168"}],"wp:term":[{"taxonomy":"category","embeddable":true,"href":"https:\/\/www.veritatemincaritate.com\/wp\/wp-json\/wp\/v2\/categories?post=9168"},{"taxonomy":"post_tag","embeddable":true,"href":"https:\/\/www.veritatemincaritate.com\/wp\/wp-json\/wp\/v2\/tags?post=9168"}],"curies":[{"name":"wp","href":"https:\/\/api.w.org\/{rel}","templated":true}]}}